{"id":6227,"count":4,"description":"<h2>CARTE GRISE<\/h2>\r\nAujourd'hui pour immatriculer un v\u00e9hicule en France, le Minist\u00e8re de l'Int\u00e9rieur demande \u00e0 un usager les documents suivants en respectant certaines r\u00e8gles : La carte grise (original) La Demande de certificat d'immatriculation (original) La D\u00e9claration de cession (original) Un justificatif de domicile, et un justificatif d'identit\u00e9. La carte grise arrive ensuite directement au domicile en LR avec AR. Il ne restera plus que les plaques d'immatriculations \u00e0 poser.","link":"https:\/\/www.carideal.com\/blog\/tag\/carte-grise\/","name":"Carte Grise","slug":"carte-grise","taxonomy":"post_tag","meta":[],"yoast_head":"<!-- This site is optimized with the Yoast SEO plugin v24.8.1 - https:\/\/yoast.com\/wordpress\/plugins\/seo\/ -->\n<title>Carte Grise Archives - Blog auto Carid\u00e9al<\/title>\n<meta name=\"description\" content=\"Pour immatriculer un v\u00e9hicule en France, le Minist\u00e8re de l&#039;Int\u00e9rieur demande \u00e0 un usager les documents suivant La carte grise et des justificatifs\" \/>\n<meta name=\"robots\" content=\"index, follow, max-snippet:-1, max-image-preview:large, max-video-preview:-1\" \/>\n<link rel=\"canonical\" href=\"https:\/\/www.carideal.com\/blog\/tag\/carte-grise\/\" \/>\n<meta property=\"og:locale\" content=\"fr_FR\" \/>\n<meta property=\"og:type\" content=\"article\" \/>\n<meta property=\"og:title\" content=\"Carte Grise Archives - Blog auto Carid\u00e9al\" \/>\n<meta property=\"og:description\" content=\"Pour immatriculer un v\u00e9hicule en France, le Minist\u00e8re de l&#039;Int\u00e9rieur demande \u00e0 un usager les documents suivant La carte grise et des justificatifs\" \/>\n<meta property=\"og:url\" content=\"https:\/\/www.carideal.com\/blog\/tag\/carte-grise\/\" \/>\n<meta property=\"og:site_name\" content=\"Blog auto Carid\u00e9al\" \/>\n<meta property=\"og:image\" content=\"https:\/\/www.carideal.com\/blog\/wp-content\/uploads\/2016\/03\/logo-carideal-mandataire-automobile.png\" \/>\n\t<meta property=\"og:image:width\" content=\"300\" \/>\n\t<meta property=\"og:image:height\" content=\"300\" \/>\n\t<meta property=\"og:image:type\" content=\"image\/png\" \/>\n<meta name=\"twitter:card\" content=\"summary_large_image\" \/>\n<meta name=\"twitter:site\" content=\"@caridealauto\" \/>\n<script type=\"application\/ld+json\" class=\"yoast-schema-graph\">{\"@context\":\"https:\/\/schema.org\",\"@graph\":[{\"@type\":\"CollectionPage\",\"@id\":\"https:\/\/www.carideal.com\/blog\/tag\/carte-grise\/\",\"url\":\"https:\/\/www.carideal.com\/blog\/tag\/carte-grise\/\",\"name\":\"Carte Grise Archives - Blog auto Carid\u00e9al\",\"isPartOf\":{\"@id\":\"https:\/\/www.carideal.com\/blog\/#website\"},\"description\":\"Pour immatriculer un v\u00e9hicule en France, le Minist\u00e8re de l'Int\u00e9rieur demande \u00e0 un usager les documents suivant La carte grise et des justificatifs\",\"breadcrumb\":{\"@id\":\"https:\/\/www.carideal.com\/blog\/tag\/carte-grise\/#breadcrumb\"},\"inLanguage\":\"fr-FR\"},{\"@type\":\"BreadcrumbList\",\"@id\":\"https:\/\/www.carideal.com\/blog\/tag\/carte-grise\/#breadcrumb\",\"itemListElement\":[{\"@type\":\"ListItem\",\"position\":1,\"name\":\"Blog Carid\u00e9al\",\"item\":\"https:\/\/www.carideal.com\/blog\/\"},{\"@type\":\"ListItem\",\"position\":2,\"name\":\"Carte Grise\"}]},{\"@type\":\"WebSite\",\"@id\":\"https:\/\/www.carideal.com\/blog\/#website\",\"url\":\"https:\/\/www.carideal.com\/blog\/\",\"name\":\"Blog auto Carid\u00e9al\",\"description\":\"Actualit\u00e9 auto par des passionn\u00e9s\",\"publisher\":{\"@id\":\"https:\/\/www.carideal.com\/blog\/#organization\"},\"potentialAction\":[{\"@type\":\"SearchAction\",\"target\":{\"@type\":\"EntryPoint\",\"urlTemplate\":\"https:\/\/www.carideal.com\/blog\/?s={search_term_string}\"},\"query-input\":{\"@type\":\"PropertyValueSpecification\",\"valueRequired\":true,\"valueName\":\"search_term_string\"}}],\"inLanguage\":\"fr-FR\"},{\"@type\":\"Organization\",\"@id\":\"https:\/\/www.carideal.com\/blog\/#organization\",\"name\":\"Carideal\",\"url\":\"https:\/\/www.carideal.com\/blog\/\",\"logo\":{\"@type\":\"ImageObject\",\"inLanguage\":\"fr-FR\",\"@id\":\"https:\/\/www.carideal.com\/blog\/#\/schema\/logo\/image\/\",\"url\":\"http:\/\/www.carideal.com\/blog\/wp-content\/uploads\/2016\/03\/logo-carideal-mandataire-automobile.png\",\"contentUrl\":\"http:\/\/www.carideal.com\/blog\/wp-content\/uploads\/2016\/03\/logo-carideal-mandataire-automobile.png\",\"width\":300,\"height\":300,\"caption\":\"Carideal\"},\"image\":{\"@id\":\"https:\/\/www.carideal.com\/blog\/#\/schema\/logo\/image\/\"},\"sameAs\":[\"https:\/\/www.facebook.com\/Carideal.mandataire.automobile\",\"https:\/\/x.com\/caridealauto\",\"https:\/\/www.instagram.com\/carideal1\/\",\"https:\/\/www.linkedin.com\/company\/carideal.com\",\"https:\/\/fr.pinterest.com\/schiavonsas\/\",\"https:\/\/www.youtube.com\/user\/caridealsas\"]}]}<\/script>\n<!-- \/ Yoast SEO plugin. -->","yoast_head_json":{"title":"Carte Grise Archives - Blog auto Carid\u00e9al","description":"Pour immatriculer un v\u00e9hicule en France, le Minist\u00e8re de l'Int\u00e9rieur demande \u00e0 un usager les documents suivant La carte grise et des justificatifs","robots":{"index":"index","follow":"follow","max-snippet":"max-snippet:-1","max-image-preview":"max-image-preview:large","max-video-preview":"max-video-preview:-1"},"canonical":"https:\/\/www.carideal.com\/blog\/tag\/carte-grise\/","og_locale":"fr_FR","og_type":"article","og_title":"Carte Grise Archives - Blog auto Carid\u00e9al","og_description":"Pour immatriculer un v\u00e9hicule en France, le Minist\u00e8re de l'Int\u00e9rieur demande \u00e0 un usager les documents suivant La carte grise et des justificatifs","og_url":"https:\/\/www.carideal.com\/blog\/tag\/carte-grise\/","og_site_name":"Blog auto Carid\u00e9al","og_image":[{"width":300,"height":300,"url":"https:\/\/www.carideal.com\/blog\/wp-content\/uploads\/2016\/03\/logo-carideal-mandataire-automobile.png","type":"image\/png"}],"twitter_card":"summary_large_image","twitter_site":"@caridealauto","schema":{"@context":"https:\/\/schema.org","@graph":[{"@type":"CollectionPage","@id":"https:\/\/www.carideal.com\/blog\/tag\/carte-grise\/","url":"https:\/\/www.carideal.com\/blog\/tag\/carte-grise\/","name":"Carte Grise Archives - Blog auto Carid\u00e9al","isPartOf":{"@id":"https:\/\/www.carideal.com\/blog\/#website"},"description":"Pour immatriculer un v\u00e9hicule en France, le Minist\u00e8re de l'Int\u00e9rieur demande \u00e0 un usager les documents suivant La carte grise et des justificatifs","breadcrumb":{"@id":"https:\/\/www.carideal.com\/blog\/tag\/carte-grise\/#breadcrumb"},"inLanguage":"fr-FR"},{"@type":"BreadcrumbList","@id":"https:\/\/www.carideal.com\/blog\/tag\/carte-grise\/#breadcrumb","itemListElement":[{"@type":"ListItem","position":1,"name":"Blog Carid\u00e9al","item":"https:\/\/www.carideal.com\/blog\/"},{"@type":"ListItem","position":2,"name":"Carte Grise"}]},{"@type":"WebSite","@id":"https:\/\/www.carideal.com\/blog\/#website","url":"https:\/\/www.carideal.com\/blog\/","name":"Blog auto Carid\u00e9al","description":"Actualit\u00e9 auto par des passionn\u00e9s","publisher":{"@id":"https:\/\/www.carideal.com\/blog\/#organization"},"potentialAction":[{"@type":"SearchAction","target":{"@type":"EntryPoint","urlTemplate":"https:\/\/www.carideal.com\/blog\/?s={search_term_string}"},"query-input":{"@type":"PropertyValueSpecification","valueRequired":true,"valueName":"search_term_string"}}],"inLanguage":"fr-FR"},{"@type":"Organization","@id":"https:\/\/www.carideal.com\/blog\/#organization","name":"Carideal","url":"https:\/\/www.carideal.com\/blog\/","logo":{"@type":"ImageObject","inLanguage":"fr-FR","@id":"https:\/\/www.carideal.com\/blog\/#\/schema\/logo\/image\/","url":"http:\/\/www.carideal.com\/blog\/wp-content\/uploads\/2016\/03\/logo-carideal-mandataire-automobile.png","contentUrl":"http:\/\/www.carideal.com\/blog\/wp-content\/uploads\/2016\/03\/logo-carideal-mandataire-automobile.png","width":300,"height":300,"caption":"Carideal"},"image":{"@id":"https:\/\/www.carideal.com\/blog\/#\/schema\/logo\/image\/"},"sameAs":["https:\/\/www.facebook.com\/Carideal.mandataire.automobile","https:\/\/x.com\/caridealauto","https:\/\/www.instagram.com\/carideal1\/","https:\/\/www.linkedin.com\/company\/carideal.com","https:\/\/fr.pinterest.com\/schiavonsas\/","https:\/\/www.youtube.com\/user\/caridealsas"]}]}},"_links":{"self":[{"href":"https:\/\/www.carideal.com\/blog\/wp-json\/wp\/v2\/tags\/6227"}],"collection":[{"href":"https:\/\/www.carideal.com\/blog\/wp-json\/wp\/v2\/tags"}],"about":[{"href":"https:\/\/www.carideal.com\/blog\/wp-json\/wp\/v2\/taxonomies\/post_tag"}],"wp:post_type":[{"href":"https:\/\/www.carideal.com\/blog\/wp-json\/wp\/v2\/posts?tags=6227"}],"curies":[{"name":"wp","href":"https:\/\/api.w.org\/{rel}","templated":true}]}}