{"id":6199,"count":18,"description":"<h2><strong>Dakar 2017<\/strong><\/h2>\r\nLe test ultime de l'homme et de sa machine revient en Am\u00e9rique du Sud en janvier avec le <a href=\"http:\/\/www.carideal.com\/blog\/sport-auto\/dakar\/\">rallye Dakar<\/a> 2017\u00a0au centre de l'action une fois de plus. Le Rallye Dakar 2017 ouvrira une nouvelle \u00e9tape, le Paraguay devenant le 29 \u00e8me pays \u00e0 accueillir une \u00e9tape de l'\u00e9v\u00e9nement embl\u00e9matique. Outre les nouveaux d\u00e9fis auxquels il faudra faire face pour ce Dakar 2017, il y a beaucoup de pi\u00e8ges potentiels en Bolivie et en Argentine qui sont devenus une partie l\u00e9gendaire de l'exp\u00e9rience du Dakar.\r\n\r\nLe parcours du Dakar 2017, longue\u00a0de 10 000 kilom\u00e8tres d'Asunci\u00f3n \u00e0 Buenos Aires, via La Paz, couvre certains des terrains les plus inhospitaliers de la plan\u00e8te. Ce Dakar 2017 va rendre la vie encore plus dure\u00a0pour les concurrents et leurs v\u00e9hicules avec\u00a0les temp\u00e9ratures br\u00fblantes de l'\u00e9t\u00e9 sud-am\u00e9ricain et le saignement de nez d\u00fb aux hautes\u00a0altitudes.","link":"https:\/\/www.carideal.com\/blog\/tag\/dakar-2017\/","name":"Dakar 2017","slug":"dakar-2017","taxonomy":"post_tag","meta":[],"yoast_head":"<!-- This site is optimized with the Yoast SEO plugin v24.8.1 - https:\/\/yoast.com\/wordpress\/plugins\/seo\/ -->\n<title>Dakar 2017 Archives - Blog auto Carid\u00e9al<\/title>\n<meta name=\"description\" content=\"Le test ultime de l&#039;homme et de sa machine revient en Am\u00e9rique du Sud en janvier avec le rallye Dakar 2017 au centre de l&#039;action une fois de plus\" \/>\n<meta name=\"robots\" content=\"index, follow, max-snippet:-1, max-image-preview:large, max-video-preview:-1\" \/>\n<link rel=\"canonical\" href=\"https:\/\/www.carideal.com\/blog\/tag\/dakar-2017\/\" \/>\n<meta property=\"og:locale\" content=\"fr_FR\" \/>\n<meta property=\"og:type\" content=\"article\" \/>\n<meta property=\"og:title\" content=\"Dakar 2017 Archives - Blog auto Carid\u00e9al\" \/>\n<meta property=\"og:description\" content=\"Le test ultime de l&#039;homme et de sa machine revient en Am\u00e9rique du Sud en janvier avec le rallye Dakar 2017 au centre de l&#039;action une fois de plus\" \/>\n<meta property=\"og:url\" content=\"https:\/\/www.carideal.com\/blog\/tag\/dakar-2017\/\" \/>\n<meta property=\"og:site_name\" content=\"Blog auto Carid\u00e9al\" \/>\n<meta property=\"og:image\" content=\"https:\/\/www.carideal.com\/blog\/wp-content\/uploads\/2016\/03\/logo-carideal-mandataire-automobile.png\" \/>\n\t<meta property=\"og:image:width\" content=\"300\" \/>\n\t<meta property=\"og:image:height\" content=\"300\" \/>\n\t<meta property=\"og:image:type\" content=\"image\/png\" \/>\n<meta name=\"twitter:card\" content=\"summary_large_image\" \/>\n<meta name=\"twitter:site\" content=\"@caridealauto\" \/>\n<script type=\"application\/ld+json\" class=\"yoast-schema-graph\">{\"@context\":\"https:\/\/schema.org\",\"@graph\":[{\"@type\":\"CollectionPage\",\"@id\":\"https:\/\/www.carideal.com\/blog\/tag\/dakar-2017\/\",\"url\":\"https:\/\/www.carideal.com\/blog\/tag\/dakar-2017\/\",\"name\":\"Dakar 2017 Archives - Blog auto Carid\u00e9al\",\"isPartOf\":{\"@id\":\"https:\/\/www.carideal.com\/blog\/#website\"},\"description\":\"Le test ultime de l'homme et de sa machine revient en Am\u00e9rique du Sud en janvier avec le rallye Dakar 2017 au centre de l'action une fois de plus\",\"breadcrumb\":{\"@id\":\"https:\/\/www.carideal.com\/blog\/tag\/dakar-2017\/#breadcrumb\"},\"inLanguage\":\"fr-FR\"},{\"@type\":\"BreadcrumbList\",\"@id\":\"https:\/\/www.carideal.com\/blog\/tag\/dakar-2017\/#breadcrumb\",\"itemListElement\":[{\"@type\":\"ListItem\",\"position\":1,\"name\":\"Blog Carid\u00e9al\",\"item\":\"https:\/\/www.carideal.com\/blog\/\"},{\"@type\":\"ListItem\",\"position\":2,\"name\":\"Dakar 2017\"}]},{\"@type\":\"WebSite\",\"@id\":\"https:\/\/www.carideal.com\/blog\/#website\",\"url\":\"https:\/\/www.carideal.com\/blog\/\",\"name\":\"Blog auto Carid\u00e9al\",\"description\":\"Actualit\u00e9 auto par des passionn\u00e9s\",\"publisher\":{\"@id\":\"https:\/\/www.carideal.com\/blog\/#organization\"},\"potentialAction\":[{\"@type\":\"SearchAction\",\"target\":{\"@type\":\"EntryPoint\",\"urlTemplate\":\"https:\/\/www.carideal.com\/blog\/?s={search_term_string}\"},\"query-input\":{\"@type\":\"PropertyValueSpecification\",\"valueRequired\":true,\"valueName\":\"search_term_string\"}}],\"inLanguage\":\"fr-FR\"},{\"@type\":\"Organization\",\"@id\":\"https:\/\/www.carideal.com\/blog\/#organization\",\"name\":\"Carideal\",\"url\":\"https:\/\/www.carideal.com\/blog\/\",\"logo\":{\"@type\":\"ImageObject\",\"inLanguage\":\"fr-FR\",\"@id\":\"https:\/\/www.carideal.com\/blog\/#\/schema\/logo\/image\/\",\"url\":\"http:\/\/www.carideal.com\/blog\/wp-content\/uploads\/2016\/03\/logo-carideal-mandataire-automobile.png\",\"contentUrl\":\"http:\/\/www.carideal.com\/blog\/wp-content\/uploads\/2016\/03\/logo-carideal-mandataire-automobile.png\",\"width\":300,\"height\":300,\"caption\":\"Carideal\"},\"image\":{\"@id\":\"https:\/\/www.carideal.com\/blog\/#\/schema\/logo\/image\/\"},\"sameAs\":[\"https:\/\/www.facebook.com\/Carideal.mandataire.automobile\",\"https:\/\/x.com\/caridealauto\",\"https:\/\/www.instagram.com\/carideal1\/\",\"https:\/\/www.linkedin.com\/company\/carideal.com\",\"https:\/\/fr.pinterest.com\/schiavonsas\/\",\"https:\/\/www.youtube.com\/user\/caridealsas\"]}]}<\/script>\n<!-- \/ Yoast SEO plugin. -->","yoast_head_json":{"title":"Dakar 2017 Archives - Blog auto Carid\u00e9al","description":"Le test ultime de l'homme et de sa machine revient en Am\u00e9rique du Sud en janvier avec le rallye Dakar 2017 au centre de l'action une fois de plus","robots":{"index":"index","follow":"follow","max-snippet":"max-snippet:-1","max-image-preview":"max-image-preview:large","max-video-preview":"max-video-preview:-1"},"canonical":"https:\/\/www.carideal.com\/blog\/tag\/dakar-2017\/","og_locale":"fr_FR","og_type":"article","og_title":"Dakar 2017 Archives - Blog auto Carid\u00e9al","og_description":"Le test ultime de l'homme et de sa machine revient en Am\u00e9rique du Sud en janvier avec le rallye Dakar 2017 au centre de l'action une fois de plus","og_url":"https:\/\/www.carideal.com\/blog\/tag\/dakar-2017\/","og_site_name":"Blog auto Carid\u00e9al","og_image":[{"width":300,"height":300,"url":"https:\/\/www.carideal.com\/blog\/wp-content\/uploads\/2016\/03\/logo-carideal-mandataire-automobile.png","type":"image\/png"}],"twitter_card":"summary_large_image","twitter_site":"@caridealauto","schema":{"@context":"https:\/\/schema.org","@graph":[{"@type":"CollectionPage","@id":"https:\/\/www.carideal.com\/blog\/tag\/dakar-2017\/","url":"https:\/\/www.carideal.com\/blog\/tag\/dakar-2017\/","name":"Dakar 2017 Archives - Blog auto Carid\u00e9al","isPartOf":{"@id":"https:\/\/www.carideal.com\/blog\/#website"},"description":"Le test ultime de l'homme et de sa machine revient en Am\u00e9rique du Sud en janvier avec le rallye Dakar 2017 au centre de l'action une fois de plus","breadcrumb":{"@id":"https:\/\/www.carideal.com\/blog\/tag\/dakar-2017\/#breadcrumb"},"inLanguage":"fr-FR"},{"@type":"BreadcrumbList","@id":"https:\/\/www.carideal.com\/blog\/tag\/dakar-2017\/#breadcrumb","itemListElement":[{"@type":"ListItem","position":1,"name":"Blog Carid\u00e9al","item":"https:\/\/www.carideal.com\/blog\/"},{"@type":"ListItem","position":2,"name":"Dakar 2017"}]},{"@type":"WebSite","@id":"https:\/\/www.carideal.com\/blog\/#website","url":"https:\/\/www.carideal.com\/blog\/","name":"Blog auto Carid\u00e9al","description":"Actualit\u00e9 auto par des passionn\u00e9s","publisher":{"@id":"https:\/\/www.carideal.com\/blog\/#organization"},"potentialAction":[{"@type":"SearchAction","target":{"@type":"EntryPoint","urlTemplate":"https:\/\/www.carideal.com\/blog\/?s={search_term_string}"},"query-input":{"@type":"PropertyValueSpecification","valueRequired":true,"valueName":"search_term_string"}}],"inLanguage":"fr-FR"},{"@type":"Organization","@id":"https:\/\/www.carideal.com\/blog\/#organization","name":"Carideal","url":"https:\/\/www.carideal.com\/blog\/","logo":{"@type":"ImageObject","inLanguage":"fr-FR","@id":"https:\/\/www.carideal.com\/blog\/#\/schema\/logo\/image\/","url":"http:\/\/www.carideal.com\/blog\/wp-content\/uploads\/2016\/03\/logo-carideal-mandataire-automobile.png","contentUrl":"http:\/\/www.carideal.com\/blog\/wp-content\/uploads\/2016\/03\/logo-carideal-mandataire-automobile.png","width":300,"height":300,"caption":"Carideal"},"image":{"@id":"https:\/\/www.carideal.com\/blog\/#\/schema\/logo\/image\/"},"sameAs":["https:\/\/www.facebook.com\/Carideal.mandataire.automobile","https:\/\/x.com\/caridealauto","https:\/\/www.instagram.com\/carideal1\/","https:\/\/www.linkedin.com\/company\/carideal.com","https:\/\/fr.pinterest.com\/schiavonsas\/","https:\/\/www.youtube.com\/user\/caridealsas"]}]}},"_links":{"self":[{"href":"https:\/\/www.carideal.com\/blog\/wp-json\/wp\/v2\/tags\/6199"}],"collection":[{"href":"https:\/\/www.carideal.com\/blog\/wp-json\/wp\/v2\/tags"}],"about":[{"href":"https:\/\/www.carideal.com\/blog\/wp-json\/wp\/v2\/taxonomies\/post_tag"}],"wp:post_type":[{"href":"https:\/\/www.carideal.com\/blog\/wp-json\/wp\/v2\/posts?tags=6199"}],"curies":[{"name":"wp","href":"https:\/\/api.w.org\/{rel}","templated":true}]}}