{"id":590,"count":13,"description":"<h1><strong>Hybrid4<\/strong><\/h1>\r\nLe Syst\u00e8me de transmission hybride de PSA <a href=\"http:\/\/www.carideal.com\/30-peugeot\" target=\"_blank\">Peugeot<\/a> <a href=\"http:\/\/www.carideal.com\/14-citroen\" target=\"_blank\">Citroen<\/a> Hybrid4 \u00e9tait une r\u00e9elle nouveaut\u00e9 \u00e0 son lancement. Il m\u00e9langeait une motorisation diesel en position avant pour la traction des v\u00e9hicules \u00e0 une propulsion \u00e0 moteur \u00e9lectrique mont\u00e9 sur la traverse arri\u00e8re. Les 163 ch combin\u00e9 aux 37 ch du moteur \u00e9lectrique pouvait fournir 200 ch. Le syst\u00e8me g\u00e9r\u00e9 \u00e9lectroniquement pouvait associer les quatre roues motrices dans certains cas. D\u00e9cri\u00e9e au d\u00e9but par les journalistes et les autres constructeurs automobiles, cette solution a \u00e9t\u00e9 t\u00e9pris par <a href=\"http:\/\/www.carideal.com\/11-audi\" target=\"_blank\">Audi<\/a> pour son Q7 e-tron et <a href=\"http:\/\/www.carideal.com\/25-mercedes\" target=\"_blank\">Mercedes<\/a> pour sa classe E 300 Bluetech Hybrid.","link":"https:\/\/www.carideal.com\/blog\/tag\/hybrid4\/","name":"Hybrid4","slug":"hybrid4","taxonomy":"post_tag","meta":[],"yoast_head":"<!-- This site is optimized with the Yoast SEO plugin v24.8.1 - https:\/\/yoast.com\/wordpress\/plugins\/seo\/ -->\n<title>Hybrid4 Archives - Blog auto Carid\u00e9al<\/title>\n<meta name=\"description\" content=\"Le Syst\u00e8me de transmission hybride de PSA Peugeot Citroen Hybrid4 \u00e9tait une r\u00e9elle nouveaut\u00e9 \u00e0 son lancement avec son moteur diesel\" \/>\n<meta name=\"robots\" content=\"index, follow, max-snippet:-1, max-image-preview:large, max-video-preview:-1\" \/>\n<link rel=\"canonical\" href=\"https:\/\/www.carideal.com\/blog\/tag\/hybrid4\/\" \/>\n<meta property=\"og:locale\" content=\"fr_FR\" \/>\n<meta property=\"og:type\" content=\"article\" \/>\n<meta property=\"og:title\" content=\"Hybrid4 Archives - Blog auto Carid\u00e9al\" \/>\n<meta property=\"og:description\" content=\"Le Syst\u00e8me de transmission hybride de PSA Peugeot Citroen Hybrid4 \u00e9tait une r\u00e9elle nouveaut\u00e9 \u00e0 son lancement avec son moteur diesel\" \/>\n<meta property=\"og:url\" content=\"https:\/\/www.carideal.com\/blog\/tag\/hybrid4\/\" \/>\n<meta property=\"og:site_name\" content=\"Blog auto Carid\u00e9al\" \/>\n<meta property=\"og:image\" content=\"https:\/\/www.carideal.com\/blog\/wp-content\/uploads\/2016\/03\/logo-carideal-mandataire-automobile.png\" \/>\n\t<meta property=\"og:image:width\" content=\"300\" \/>\n\t<meta property=\"og:image:height\" content=\"300\" \/>\n\t<meta property=\"og:image:type\" content=\"image\/png\" \/>\n<meta name=\"twitter:card\" content=\"summary_large_image\" \/>\n<meta name=\"twitter:site\" content=\"@caridealauto\" \/>\n<script type=\"application\/ld+json\" class=\"yoast-schema-graph\">{\"@context\":\"https:\/\/schema.org\",\"@graph\":[{\"@type\":\"CollectionPage\",\"@id\":\"https:\/\/www.carideal.com\/blog\/tag\/hybrid4\/\",\"url\":\"https:\/\/www.carideal.com\/blog\/tag\/hybrid4\/\",\"name\":\"Hybrid4 Archives - Blog auto Carid\u00e9al\",\"isPartOf\":{\"@id\":\"https:\/\/www.carideal.com\/blog\/#website\"},\"description\":\"Le Syst\u00e8me de transmission hybride de PSA Peugeot Citroen Hybrid4 \u00e9tait une r\u00e9elle nouveaut\u00e9 \u00e0 son lancement avec son moteur diesel\",\"breadcrumb\":{\"@id\":\"https:\/\/www.carideal.com\/blog\/tag\/hybrid4\/#breadcrumb\"},\"inLanguage\":\"fr-FR\"},{\"@type\":\"BreadcrumbList\",\"@id\":\"https:\/\/www.carideal.com\/blog\/tag\/hybrid4\/#breadcrumb\",\"itemListElement\":[{\"@type\":\"ListItem\",\"position\":1,\"name\":\"Blog Carid\u00e9al\",\"item\":\"https:\/\/www.carideal.com\/blog\/\"},{\"@type\":\"ListItem\",\"position\":2,\"name\":\"Hybrid4\"}]},{\"@type\":\"WebSite\",\"@id\":\"https:\/\/www.carideal.com\/blog\/#website\",\"url\":\"https:\/\/www.carideal.com\/blog\/\",\"name\":\"Blog auto Carid\u00e9al\",\"description\":\"Actualit\u00e9 auto par des passionn\u00e9s\",\"publisher\":{\"@id\":\"https:\/\/www.carideal.com\/blog\/#organization\"},\"potentialAction\":[{\"@type\":\"SearchAction\",\"target\":{\"@type\":\"EntryPoint\",\"urlTemplate\":\"https:\/\/www.carideal.com\/blog\/?s={search_term_string}\"},\"query-input\":{\"@type\":\"PropertyValueSpecification\",\"valueRequired\":true,\"valueName\":\"search_term_string\"}}],\"inLanguage\":\"fr-FR\"},{\"@type\":\"Organization\",\"@id\":\"https:\/\/www.carideal.com\/blog\/#organization\",\"name\":\"Carideal\",\"url\":\"https:\/\/www.carideal.com\/blog\/\",\"logo\":{\"@type\":\"ImageObject\",\"inLanguage\":\"fr-FR\",\"@id\":\"https:\/\/www.carideal.com\/blog\/#\/schema\/logo\/image\/\",\"url\":\"http:\/\/www.carideal.com\/blog\/wp-content\/uploads\/2016\/03\/logo-carideal-mandataire-automobile.png\",\"contentUrl\":\"http:\/\/www.carideal.com\/blog\/wp-content\/uploads\/2016\/03\/logo-carideal-mandataire-automobile.png\",\"width\":300,\"height\":300,\"caption\":\"Carideal\"},\"image\":{\"@id\":\"https:\/\/www.carideal.com\/blog\/#\/schema\/logo\/image\/\"},\"sameAs\":[\"https:\/\/www.facebook.com\/Carideal.mandataire.automobile\",\"https:\/\/x.com\/caridealauto\",\"https:\/\/www.instagram.com\/carideal1\/\",\"https:\/\/www.linkedin.com\/company\/carideal.com\",\"https:\/\/fr.pinterest.com\/schiavonsas\/\",\"https:\/\/www.youtube.com\/user\/caridealsas\"]}]}<\/script>\n<!-- \/ Yoast SEO plugin. -->","yoast_head_json":{"title":"Hybrid4 Archives - Blog auto Carid\u00e9al","description":"Le Syst\u00e8me de transmission hybride de PSA Peugeot Citroen Hybrid4 \u00e9tait une r\u00e9elle nouveaut\u00e9 \u00e0 son lancement avec son moteur diesel","robots":{"index":"index","follow":"follow","max-snippet":"max-snippet:-1","max-image-preview":"max-image-preview:large","max-video-preview":"max-video-preview:-1"},"canonical":"https:\/\/www.carideal.com\/blog\/tag\/hybrid4\/","og_locale":"fr_FR","og_type":"article","og_title":"Hybrid4 Archives - Blog auto Carid\u00e9al","og_description":"Le Syst\u00e8me de transmission hybride de PSA Peugeot Citroen Hybrid4 \u00e9tait une r\u00e9elle nouveaut\u00e9 \u00e0 son lancement avec son moteur diesel","og_url":"https:\/\/www.carideal.com\/blog\/tag\/hybrid4\/","og_site_name":"Blog auto Carid\u00e9al","og_image":[{"width":300,"height":300,"url":"https:\/\/www.carideal.com\/blog\/wp-content\/uploads\/2016\/03\/logo-carideal-mandataire-automobile.png","type":"image\/png"}],"twitter_card":"summary_large_image","twitter_site":"@caridealauto","schema":{"@context":"https:\/\/schema.org","@graph":[{"@type":"CollectionPage","@id":"https:\/\/www.carideal.com\/blog\/tag\/hybrid4\/","url":"https:\/\/www.carideal.com\/blog\/tag\/hybrid4\/","name":"Hybrid4 Archives - Blog auto Carid\u00e9al","isPartOf":{"@id":"https:\/\/www.carideal.com\/blog\/#website"},"description":"Le Syst\u00e8me de transmission hybride de PSA Peugeot Citroen Hybrid4 \u00e9tait une r\u00e9elle nouveaut\u00e9 \u00e0 son lancement avec son moteur diesel","breadcrumb":{"@id":"https:\/\/www.carideal.com\/blog\/tag\/hybrid4\/#breadcrumb"},"inLanguage":"fr-FR"},{"@type":"BreadcrumbList","@id":"https:\/\/www.carideal.com\/blog\/tag\/hybrid4\/#breadcrumb","itemListElement":[{"@type":"ListItem","position":1,"name":"Blog Carid\u00e9al","item":"https:\/\/www.carideal.com\/blog\/"},{"@type":"ListItem","position":2,"name":"Hybrid4"}]},{"@type":"WebSite","@id":"https:\/\/www.carideal.com\/blog\/#website","url":"https:\/\/www.carideal.com\/blog\/","name":"Blog auto Carid\u00e9al","description":"Actualit\u00e9 auto par des passionn\u00e9s","publisher":{"@id":"https:\/\/www.carideal.com\/blog\/#organization"},"potentialAction":[{"@type":"SearchAction","target":{"@type":"EntryPoint","urlTemplate":"https:\/\/www.carideal.com\/blog\/?s={search_term_string}"},"query-input":{"@type":"PropertyValueSpecification","valueRequired":true,"valueName":"search_term_string"}}],"inLanguage":"fr-FR"},{"@type":"Organization","@id":"https:\/\/www.carideal.com\/blog\/#organization","name":"Carideal","url":"https:\/\/www.carideal.com\/blog\/","logo":{"@type":"ImageObject","inLanguage":"fr-FR","@id":"https:\/\/www.carideal.com\/blog\/#\/schema\/logo\/image\/","url":"http:\/\/www.carideal.com\/blog\/wp-content\/uploads\/2016\/03\/logo-carideal-mandataire-automobile.png","contentUrl":"http:\/\/www.carideal.com\/blog\/wp-content\/uploads\/2016\/03\/logo-carideal-mandataire-automobile.png","width":300,"height":300,"caption":"Carideal"},"image":{"@id":"https:\/\/www.carideal.com\/blog\/#\/schema\/logo\/image\/"},"sameAs":["https:\/\/www.facebook.com\/Carideal.mandataire.automobile","https:\/\/x.com\/caridealauto","https:\/\/www.instagram.com\/carideal1\/","https:\/\/www.linkedin.com\/company\/carideal.com","https:\/\/fr.pinterest.com\/schiavonsas\/","https:\/\/www.youtube.com\/user\/caridealsas"]}]}},"_links":{"self":[{"href":"https:\/\/www.carideal.com\/blog\/wp-json\/wp\/v2\/tags\/590"}],"collection":[{"href":"https:\/\/www.carideal.com\/blog\/wp-json\/wp\/v2\/tags"}],"about":[{"href":"https:\/\/www.carideal.com\/blog\/wp-json\/wp\/v2\/taxonomies\/post_tag"}],"wp:post_type":[{"href":"https:\/\/www.carideal.com\/blog\/wp-json\/wp\/v2\/posts?tags=590"}],"curies":[{"name":"wp","href":"https:\/\/api.w.org\/{rel}","templated":true}]}}