{"id":4300,"count":2,"description":"<h2>PERMIS A POINTS<\/h2>\r\nVous trouverez dans nos articles toutes les infos sur le fonctionnement du permis \u00e0 points, le permis \u00e0 points et le permis probatoire, comment conna\u00eetre son solde de points, le permis \u00e0 points en chiffres.","link":"https:\/\/www.carideal.com\/blog\/tag\/permis-a-point\/","name":"Permis \u00e0 points","slug":"permis-a-point","taxonomy":"post_tag","meta":[],"yoast_head":"<!-- This site is optimized with the Yoast SEO plugin v24.8.1 - https:\/\/yoast.com\/wordpress\/plugins\/seo\/ -->\n<title>Permis \u00e0 points Archives - Blog auto Carid\u00e9al<\/title>\n<meta name=\"description\" content=\"Le 1er juillet 1992 la Fran\u00e7e a instaur\u00e9 le syst\u00e8me du permis \u00e0 points. Il concerne tous les permis de conduire m\u00eame ceux obtenus avant le 1 er juillet 1992\" \/>\n<meta name=\"robots\" content=\"noindex, follow\" \/>\n<meta property=\"og:locale\" content=\"fr_FR\" \/>\n<meta property=\"og:type\" content=\"article\" \/>\n<meta property=\"og:title\" content=\"Permis \u00e0 points Archives - Blog auto Carid\u00e9al\" \/>\n<meta property=\"og:description\" content=\"Le 1er juillet 1992 la Fran\u00e7e a instaur\u00e9 le syst\u00e8me du permis \u00e0 points. Il concerne tous les permis de conduire m\u00eame ceux obtenus avant le 1 er juillet 1992\" \/>\n<meta property=\"og:url\" content=\"https:\/\/www.carideal.com\/blog\/tag\/permis-a-point\/\" \/>\n<meta property=\"og:site_name\" content=\"Blog auto Carid\u00e9al\" \/>\n<meta property=\"og:image\" content=\"https:\/\/www.carideal.com\/blog\/wp-content\/uploads\/2016\/03\/logo-carideal-mandataire-automobile.png\" \/>\n\t<meta property=\"og:image:width\" content=\"300\" \/>\n\t<meta property=\"og:image:height\" content=\"300\" \/>\n\t<meta property=\"og:image:type\" content=\"image\/png\" \/>\n<meta name=\"twitter:card\" content=\"summary_large_image\" \/>\n<meta name=\"twitter:site\" content=\"@caridealauto\" \/>\n<script type=\"application\/ld+json\" class=\"yoast-schema-graph\">{\"@context\":\"https:\/\/schema.org\",\"@graph\":[{\"@type\":\"CollectionPage\",\"@id\":\"https:\/\/www.carideal.com\/blog\/tag\/permis-a-point\/\",\"url\":\"https:\/\/www.carideal.com\/blog\/tag\/permis-a-point\/\",\"name\":\"Permis \u00e0 points Archives - Blog auto Carid\u00e9al\",\"isPartOf\":{\"@id\":\"https:\/\/www.carideal.com\/blog\/#website\"},\"description\":\"Le 1er juillet 1992 la Fran\u00e7e a instaur\u00e9 le syst\u00e8me du permis \u00e0 points. Il concerne tous les permis de conduire m\u00eame ceux obtenus avant le 1 er juillet 1992\",\"breadcrumb\":{\"@id\":\"https:\/\/www.carideal.com\/blog\/tag\/permis-a-point\/#breadcrumb\"},\"inLanguage\":\"fr-FR\"},{\"@type\":\"BreadcrumbList\",\"@id\":\"https:\/\/www.carideal.com\/blog\/tag\/permis-a-point\/#breadcrumb\",\"itemListElement\":[{\"@type\":\"ListItem\",\"position\":1,\"name\":\"Blog Carid\u00e9al\",\"item\":\"https:\/\/www.carideal.com\/blog\/\"},{\"@type\":\"ListItem\",\"position\":2,\"name\":\"Permis \u00e0 points\"}]},{\"@type\":\"WebSite\",\"@id\":\"https:\/\/www.carideal.com\/blog\/#website\",\"url\":\"https:\/\/www.carideal.com\/blog\/\",\"name\":\"Blog auto Carid\u00e9al\",\"description\":\"Actualit\u00e9 auto par des passionn\u00e9s\",\"publisher\":{\"@id\":\"https:\/\/www.carideal.com\/blog\/#organization\"},\"potentialAction\":[{\"@type\":\"SearchAction\",\"target\":{\"@type\":\"EntryPoint\",\"urlTemplate\":\"https:\/\/www.carideal.com\/blog\/?s={search_term_string}\"},\"query-input\":{\"@type\":\"PropertyValueSpecification\",\"valueRequired\":true,\"valueName\":\"search_term_string\"}}],\"inLanguage\":\"fr-FR\"},{\"@type\":\"Organization\",\"@id\":\"https:\/\/www.carideal.com\/blog\/#organization\",\"name\":\"Carideal\",\"url\":\"https:\/\/www.carideal.com\/blog\/\",\"logo\":{\"@type\":\"ImageObject\",\"inLanguage\":\"fr-FR\",\"@id\":\"https:\/\/www.carideal.com\/blog\/#\/schema\/logo\/image\/\",\"url\":\"http:\/\/www.carideal.com\/blog\/wp-content\/uploads\/2016\/03\/logo-carideal-mandataire-automobile.png\",\"contentUrl\":\"http:\/\/www.carideal.com\/blog\/wp-content\/uploads\/2016\/03\/logo-carideal-mandataire-automobile.png\",\"width\":300,\"height\":300,\"caption\":\"Carideal\"},\"image\":{\"@id\":\"https:\/\/www.carideal.com\/blog\/#\/schema\/logo\/image\/\"},\"sameAs\":[\"https:\/\/www.facebook.com\/Carideal.mandataire.automobile\",\"https:\/\/x.com\/caridealauto\",\"https:\/\/www.instagram.com\/carideal1\/\",\"https:\/\/www.linkedin.com\/company\/carideal.com\",\"https:\/\/fr.pinterest.com\/schiavonsas\/\",\"https:\/\/www.youtube.com\/user\/caridealsas\"]}]}<\/script>\n<!-- \/ Yoast SEO plugin. -->","yoast_head_json":{"title":"Permis \u00e0 points Archives - Blog auto Carid\u00e9al","description":"Le 1er juillet 1992 la Fran\u00e7e a instaur\u00e9 le syst\u00e8me du permis \u00e0 points. Il concerne tous les permis de conduire m\u00eame ceux obtenus avant le 1 er juillet 1992","robots":{"index":"noindex","follow":"follow"},"og_locale":"fr_FR","og_type":"article","og_title":"Permis \u00e0 points Archives - Blog auto Carid\u00e9al","og_description":"Le 1er juillet 1992 la Fran\u00e7e a instaur\u00e9 le syst\u00e8me du permis \u00e0 points. Il concerne tous les permis de conduire m\u00eame ceux obtenus avant le 1 er juillet 1992","og_url":"https:\/\/www.carideal.com\/blog\/tag\/permis-a-point\/","og_site_name":"Blog auto Carid\u00e9al","og_image":[{"width":300,"height":300,"url":"https:\/\/www.carideal.com\/blog\/wp-content\/uploads\/2016\/03\/logo-carideal-mandataire-automobile.png","type":"image\/png"}],"twitter_card":"summary_large_image","twitter_site":"@caridealauto","schema":{"@context":"https:\/\/schema.org","@graph":[{"@type":"CollectionPage","@id":"https:\/\/www.carideal.com\/blog\/tag\/permis-a-point\/","url":"https:\/\/www.carideal.com\/blog\/tag\/permis-a-point\/","name":"Permis \u00e0 points Archives - Blog auto Carid\u00e9al","isPartOf":{"@id":"https:\/\/www.carideal.com\/blog\/#website"},"description":"Le 1er juillet 1992 la Fran\u00e7e a instaur\u00e9 le syst\u00e8me du permis \u00e0 points. Il concerne tous les permis de conduire m\u00eame ceux obtenus avant le 1 er juillet 1992","breadcrumb":{"@id":"https:\/\/www.carideal.com\/blog\/tag\/permis-a-point\/#breadcrumb"},"inLanguage":"fr-FR"},{"@type":"BreadcrumbList","@id":"https:\/\/www.carideal.com\/blog\/tag\/permis-a-point\/#breadcrumb","itemListElement":[{"@type":"ListItem","position":1,"name":"Blog Carid\u00e9al","item":"https:\/\/www.carideal.com\/blog\/"},{"@type":"ListItem","position":2,"name":"Permis \u00e0 points"}]},{"@type":"WebSite","@id":"https:\/\/www.carideal.com\/blog\/#website","url":"https:\/\/www.carideal.com\/blog\/","name":"Blog auto Carid\u00e9al","description":"Actualit\u00e9 auto par des passionn\u00e9s","publisher":{"@id":"https:\/\/www.carideal.com\/blog\/#organization"},"potentialAction":[{"@type":"SearchAction","target":{"@type":"EntryPoint","urlTemplate":"https:\/\/www.carideal.com\/blog\/?s={search_term_string}"},"query-input":{"@type":"PropertyValueSpecification","valueRequired":true,"valueName":"search_term_string"}}],"inLanguage":"fr-FR"},{"@type":"Organization","@id":"https:\/\/www.carideal.com\/blog\/#organization","name":"Carideal","url":"https:\/\/www.carideal.com\/blog\/","logo":{"@type":"ImageObject","inLanguage":"fr-FR","@id":"https:\/\/www.carideal.com\/blog\/#\/schema\/logo\/image\/","url":"http:\/\/www.carideal.com\/blog\/wp-content\/uploads\/2016\/03\/logo-carideal-mandataire-automobile.png","contentUrl":"http:\/\/www.carideal.com\/blog\/wp-content\/uploads\/2016\/03\/logo-carideal-mandataire-automobile.png","width":300,"height":300,"caption":"Carideal"},"image":{"@id":"https:\/\/www.carideal.com\/blog\/#\/schema\/logo\/image\/"},"sameAs":["https:\/\/www.facebook.com\/Carideal.mandataire.automobile","https:\/\/x.com\/caridealauto","https:\/\/www.instagram.com\/carideal1\/","https:\/\/www.linkedin.com\/company\/carideal.com","https:\/\/fr.pinterest.com\/schiavonsas\/","https:\/\/www.youtube.com\/user\/caridealsas"]}]}},"_links":{"self":[{"href":"https:\/\/www.carideal.com\/blog\/wp-json\/wp\/v2\/tags\/4300"}],"collection":[{"href":"https:\/\/www.carideal.com\/blog\/wp-json\/wp\/v2\/tags"}],"about":[{"href":"https:\/\/www.carideal.com\/blog\/wp-json\/wp\/v2\/taxonomies\/post_tag"}],"wp:post_type":[{"href":"https:\/\/www.carideal.com\/blog\/wp-json\/wp\/v2\/posts?tags=4300"}],"curies":[{"name":"wp","href":"https:\/\/api.w.org\/{rel}","templated":true}]}}