{"id":3868,"count":5,"description":"<h2>Voiture Connect\u00e9e<\/h2>\r\nUne <strong>voiture connect\u00e9e<\/strong> est une voiture \u00e9quip\u00e9e d'un acc\u00e8s \u00e0 Internet et g\u00e9n\u00e9ralement d'un r\u00e9seau local sans fil. Cela permet \u00e0 la voiture de partager l'acc\u00e8s Internet avec d'autres appareils, aussi bien \u00e0 l'int\u00e9rieur qu'\u00e0 l'ext\u00e9rieur du v\u00e9hicule.","link":"https:\/\/www.carideal.com\/blog\/tag\/voiture-connectee\/","name":"Voiture connect\u00e9e","slug":"voiture-connectee","taxonomy":"post_tag","meta":[],"yoast_head":"<!-- This site is optimized with the Yoast SEO plugin v24.8.1 - https:\/\/yoast.com\/wordpress\/plugins\/seo\/ -->\n<title>Voiture connect\u00e9e Archives - Blog auto Carid\u00e9al<\/title>\n<meta name=\"description\" content=\"Une voiture connect\u00e9e est une voiture \u00e9quip\u00e9e d&#039;un acc\u00e8s \u00e0 Internet et g\u00e9n\u00e9ralement d&#039;un r\u00e9seau local sans fil. Cela permet \u00e0 la voiture de partager l&#039;acc\u00e8s Internet avec d&#039;autres appareils, aussi bien \u00e0 l&#039;int\u00e9rieur qu&#039;\u00e0 l&#039;ext\u00e9rieur du v\u00e9hicule.\" \/>\n<meta name=\"robots\" content=\"index, follow, max-snippet:-1, max-image-preview:large, max-video-preview:-1\" \/>\n<link rel=\"canonical\" href=\"https:\/\/www.carideal.com\/blog\/tag\/voiture-connectee\/\" \/>\n<meta property=\"og:locale\" content=\"fr_FR\" \/>\n<meta property=\"og:type\" content=\"article\" \/>\n<meta property=\"og:title\" content=\"Voiture connect\u00e9e Archives - Blog auto Carid\u00e9al\" \/>\n<meta property=\"og:description\" content=\"Une voiture connect\u00e9e est une voiture \u00e9quip\u00e9e d&#039;un acc\u00e8s \u00e0 Internet et g\u00e9n\u00e9ralement d&#039;un r\u00e9seau local sans fil. Cela permet \u00e0 la voiture de partager l&#039;acc\u00e8s Internet avec d&#039;autres appareils, aussi bien \u00e0 l&#039;int\u00e9rieur qu&#039;\u00e0 l&#039;ext\u00e9rieur du v\u00e9hicule.\" \/>\n<meta property=\"og:url\" content=\"https:\/\/www.carideal.com\/blog\/tag\/voiture-connectee\/\" \/>\n<meta property=\"og:site_name\" content=\"Blog auto Carid\u00e9al\" \/>\n<meta property=\"og:image\" content=\"https:\/\/www.carideal.com\/blog\/wp-content\/uploads\/2016\/03\/logo-carideal-mandataire-automobile.png\" \/>\n\t<meta property=\"og:image:width\" content=\"300\" \/>\n\t<meta property=\"og:image:height\" content=\"300\" \/>\n\t<meta property=\"og:image:type\" content=\"image\/png\" \/>\n<meta name=\"twitter:card\" content=\"summary_large_image\" \/>\n<meta name=\"twitter:site\" content=\"@caridealauto\" \/>\n<script type=\"application\/ld+json\" class=\"yoast-schema-graph\">{\"@context\":\"https:\/\/schema.org\",\"@graph\":[{\"@type\":\"CollectionPage\",\"@id\":\"https:\/\/www.carideal.com\/blog\/tag\/voiture-connectee\/\",\"url\":\"https:\/\/www.carideal.com\/blog\/tag\/voiture-connectee\/\",\"name\":\"Voiture connect\u00e9e Archives - Blog auto Carid\u00e9al\",\"isPartOf\":{\"@id\":\"https:\/\/www.carideal.com\/blog\/#website\"},\"description\":\"Une voiture connect\u00e9e est une voiture \u00e9quip\u00e9e d'un acc\u00e8s \u00e0 Internet et g\u00e9n\u00e9ralement d'un r\u00e9seau local sans fil. Cela permet \u00e0 la voiture de partager l'acc\u00e8s Internet avec d'autres appareils, aussi bien \u00e0 l'int\u00e9rieur qu'\u00e0 l'ext\u00e9rieur du v\u00e9hicule.\",\"breadcrumb\":{\"@id\":\"https:\/\/www.carideal.com\/blog\/tag\/voiture-connectee\/#breadcrumb\"},\"inLanguage\":\"fr-FR\"},{\"@type\":\"BreadcrumbList\",\"@id\":\"https:\/\/www.carideal.com\/blog\/tag\/voiture-connectee\/#breadcrumb\",\"itemListElement\":[{\"@type\":\"ListItem\",\"position\":1,\"name\":\"Blog Carid\u00e9al\",\"item\":\"https:\/\/www.carideal.com\/blog\/\"},{\"@type\":\"ListItem\",\"position\":2,\"name\":\"Voiture connect\u00e9e\"}]},{\"@type\":\"WebSite\",\"@id\":\"https:\/\/www.carideal.com\/blog\/#website\",\"url\":\"https:\/\/www.carideal.com\/blog\/\",\"name\":\"Blog auto Carid\u00e9al\",\"description\":\"Actualit\u00e9 auto par des passionn\u00e9s\",\"publisher\":{\"@id\":\"https:\/\/www.carideal.com\/blog\/#organization\"},\"potentialAction\":[{\"@type\":\"SearchAction\",\"target\":{\"@type\":\"EntryPoint\",\"urlTemplate\":\"https:\/\/www.carideal.com\/blog\/?s={search_term_string}\"},\"query-input\":{\"@type\":\"PropertyValueSpecification\",\"valueRequired\":true,\"valueName\":\"search_term_string\"}}],\"inLanguage\":\"fr-FR\"},{\"@type\":\"Organization\",\"@id\":\"https:\/\/www.carideal.com\/blog\/#organization\",\"name\":\"Carideal\",\"url\":\"https:\/\/www.carideal.com\/blog\/\",\"logo\":{\"@type\":\"ImageObject\",\"inLanguage\":\"fr-FR\",\"@id\":\"https:\/\/www.carideal.com\/blog\/#\/schema\/logo\/image\/\",\"url\":\"http:\/\/www.carideal.com\/blog\/wp-content\/uploads\/2016\/03\/logo-carideal-mandataire-automobile.png\",\"contentUrl\":\"http:\/\/www.carideal.com\/blog\/wp-content\/uploads\/2016\/03\/logo-carideal-mandataire-automobile.png\",\"width\":300,\"height\":300,\"caption\":\"Carideal\"},\"image\":{\"@id\":\"https:\/\/www.carideal.com\/blog\/#\/schema\/logo\/image\/\"},\"sameAs\":[\"https:\/\/www.facebook.com\/Carideal.mandataire.automobile\",\"https:\/\/x.com\/caridealauto\",\"https:\/\/www.instagram.com\/carideal1\/\",\"https:\/\/www.linkedin.com\/company\/carideal.com\",\"https:\/\/fr.pinterest.com\/schiavonsas\/\",\"https:\/\/www.youtube.com\/user\/caridealsas\"]}]}<\/script>\n<!-- \/ Yoast SEO plugin. -->","yoast_head_json":{"title":"Voiture connect\u00e9e Archives - Blog auto Carid\u00e9al","description":"Une voiture connect\u00e9e est une voiture \u00e9quip\u00e9e d'un acc\u00e8s \u00e0 Internet et g\u00e9n\u00e9ralement d'un r\u00e9seau local sans fil. Cela permet \u00e0 la voiture de partager l'acc\u00e8s Internet avec d'autres appareils, aussi bien \u00e0 l'int\u00e9rieur qu'\u00e0 l'ext\u00e9rieur du v\u00e9hicule.","robots":{"index":"index","follow":"follow","max-snippet":"max-snippet:-1","max-image-preview":"max-image-preview:large","max-video-preview":"max-video-preview:-1"},"canonical":"https:\/\/www.carideal.com\/blog\/tag\/voiture-connectee\/","og_locale":"fr_FR","og_type":"article","og_title":"Voiture connect\u00e9e Archives - Blog auto Carid\u00e9al","og_description":"Une voiture connect\u00e9e est une voiture \u00e9quip\u00e9e d'un acc\u00e8s \u00e0 Internet et g\u00e9n\u00e9ralement d'un r\u00e9seau local sans fil. Cela permet \u00e0 la voiture de partager l'acc\u00e8s Internet avec d'autres appareils, aussi bien \u00e0 l'int\u00e9rieur qu'\u00e0 l'ext\u00e9rieur du v\u00e9hicule.","og_url":"https:\/\/www.carideal.com\/blog\/tag\/voiture-connectee\/","og_site_name":"Blog auto Carid\u00e9al","og_image":[{"width":300,"height":300,"url":"https:\/\/www.carideal.com\/blog\/wp-content\/uploads\/2016\/03\/logo-carideal-mandataire-automobile.png","type":"image\/png"}],"twitter_card":"summary_large_image","twitter_site":"@caridealauto","schema":{"@context":"https:\/\/schema.org","@graph":[{"@type":"CollectionPage","@id":"https:\/\/www.carideal.com\/blog\/tag\/voiture-connectee\/","url":"https:\/\/www.carideal.com\/blog\/tag\/voiture-connectee\/","name":"Voiture connect\u00e9e Archives - Blog auto Carid\u00e9al","isPartOf":{"@id":"https:\/\/www.carideal.com\/blog\/#website"},"description":"Une voiture connect\u00e9e est une voiture \u00e9quip\u00e9e d'un acc\u00e8s \u00e0 Internet et g\u00e9n\u00e9ralement d'un r\u00e9seau local sans fil. Cela permet \u00e0 la voiture de partager l'acc\u00e8s Internet avec d'autres appareils, aussi bien \u00e0 l'int\u00e9rieur qu'\u00e0 l'ext\u00e9rieur du v\u00e9hicule.","breadcrumb":{"@id":"https:\/\/www.carideal.com\/blog\/tag\/voiture-connectee\/#breadcrumb"},"inLanguage":"fr-FR"},{"@type":"BreadcrumbList","@id":"https:\/\/www.carideal.com\/blog\/tag\/voiture-connectee\/#breadcrumb","itemListElement":[{"@type":"ListItem","position":1,"name":"Blog Carid\u00e9al","item":"https:\/\/www.carideal.com\/blog\/"},{"@type":"ListItem","position":2,"name":"Voiture connect\u00e9e"}]},{"@type":"WebSite","@id":"https:\/\/www.carideal.com\/blog\/#website","url":"https:\/\/www.carideal.com\/blog\/","name":"Blog auto Carid\u00e9al","description":"Actualit\u00e9 auto par des passionn\u00e9s","publisher":{"@id":"https:\/\/www.carideal.com\/blog\/#organization"},"potentialAction":[{"@type":"SearchAction","target":{"@type":"EntryPoint","urlTemplate":"https:\/\/www.carideal.com\/blog\/?s={search_term_string}"},"query-input":{"@type":"PropertyValueSpecification","valueRequired":true,"valueName":"search_term_string"}}],"inLanguage":"fr-FR"},{"@type":"Organization","@id":"https:\/\/www.carideal.com\/blog\/#organization","name":"Carideal","url":"https:\/\/www.carideal.com\/blog\/","logo":{"@type":"ImageObject","inLanguage":"fr-FR","@id":"https:\/\/www.carideal.com\/blog\/#\/schema\/logo\/image\/","url":"http:\/\/www.carideal.com\/blog\/wp-content\/uploads\/2016\/03\/logo-carideal-mandataire-automobile.png","contentUrl":"http:\/\/www.carideal.com\/blog\/wp-content\/uploads\/2016\/03\/logo-carideal-mandataire-automobile.png","width":300,"height":300,"caption":"Carideal"},"image":{"@id":"https:\/\/www.carideal.com\/blog\/#\/schema\/logo\/image\/"},"sameAs":["https:\/\/www.facebook.com\/Carideal.mandataire.automobile","https:\/\/x.com\/caridealauto","https:\/\/www.instagram.com\/carideal1\/","https:\/\/www.linkedin.com\/company\/carideal.com","https:\/\/fr.pinterest.com\/schiavonsas\/","https:\/\/www.youtube.com\/user\/caridealsas"]}]}},"_links":{"self":[{"href":"https:\/\/www.carideal.com\/blog\/wp-json\/wp\/v2\/tags\/3868"}],"collection":[{"href":"https:\/\/www.carideal.com\/blog\/wp-json\/wp\/v2\/tags"}],"about":[{"href":"https:\/\/www.carideal.com\/blog\/wp-json\/wp\/v2\/taxonomies\/post_tag"}],"wp:post_type":[{"href":"https:\/\/www.carideal.com\/blog\/wp-json\/wp\/v2\/posts?tags=3868"}],"curies":[{"name":"wp","href":"https:\/\/api.w.org\/{rel}","templated":true}]}}