{"id":2500,"count":11,"description":"<h2><strong>PERMIS DE CONDUIRE<\/strong><\/h2>\r\nPoss\u00e9dez-vous un permis de conduire d\u00e9livr\u00e9 hors de France ? \u00cates-vous autoris\u00e9 \u00e0 conduire sur les routes fran\u00e7aises avec votre permis ? D\u00e9couvrez ici toutes les infos sur le permis de conduire.\r\n\r\nToute personne conduisant un v\u00e9hicule automobile sur les routes en France doit avoir 18 ans ou plus et avoir un permis de conduire valide. Vous devez avoir votre permis de conduire sur vous \u00e0 chaque fois que vous prenez votre voiture et doit \u00eatre pr\u00e9sent\u00e9e \u00e0 un fonctionnaire sur demande.\r\n\r\nCertains permis de conduire d\u00e9livr\u00e9s \u00e0 l'\u00e9tranger sont valables en France pour une dur\u00e9e ind\u00e9termin\u00e9e (sous r\u00e9serve de certaines conditions) et certains sont valables pour une p\u00e9riode limit\u00e9e. Certains peuvent \u00eatre \u00e9chang\u00e9s contre des permis\u00a0fran\u00e7ais \u00e0 condition qu'un accord d'\u00e9change r\u00e9ciproque existe.\r\n\r\nLe permis de conduire fran\u00e7ais est un permis \u00e0 point.\r\n<h3><\/h3>","link":"https:\/\/www.carideal.com\/blog\/tag\/permis-de-conduire\/","name":"Permis de conduire","slug":"permis-de-conduire","taxonomy":"post_tag","meta":[],"yoast_head":"<!-- This site is optimized with the Yoast SEO plugin v24.8.1 - https:\/\/yoast.com\/wordpress\/plugins\/seo\/ -->\n<title>Permis de conduire Archives - Blog auto Carid\u00e9al<\/title>\n<meta name=\"description\" content=\"Poss\u00e9dez-vous un permis de conduire d\u00e9livr\u00e9 hors de France ? \u00cates-vous autoris\u00e9 \u00e0 conduire sur les routes fran\u00e7aises avec votre permis ?\" \/>\n<meta name=\"robots\" content=\"index, follow, max-snippet:-1, max-image-preview:large, max-video-preview:-1\" \/>\n<link rel=\"canonical\" href=\"https:\/\/www.carideal.com\/blog\/tag\/permis-de-conduire\/\" \/>\n<meta property=\"og:locale\" content=\"fr_FR\" \/>\n<meta property=\"og:type\" content=\"article\" \/>\n<meta property=\"og:title\" content=\"Permis de conduire Archives - Blog auto Carid\u00e9al\" \/>\n<meta property=\"og:description\" content=\"Poss\u00e9dez-vous un permis de conduire d\u00e9livr\u00e9 hors de France ? \u00cates-vous autoris\u00e9 \u00e0 conduire sur les routes fran\u00e7aises avec votre permis ?\" \/>\n<meta property=\"og:url\" content=\"https:\/\/www.carideal.com\/blog\/tag\/permis-de-conduire\/\" \/>\n<meta property=\"og:site_name\" content=\"Blog auto Carid\u00e9al\" \/>\n<meta property=\"og:image\" content=\"https:\/\/www.carideal.com\/blog\/wp-content\/uploads\/2016\/03\/logo-carideal-mandataire-automobile.png\" \/>\n\t<meta property=\"og:image:width\" content=\"300\" \/>\n\t<meta property=\"og:image:height\" content=\"300\" \/>\n\t<meta property=\"og:image:type\" content=\"image\/png\" \/>\n<meta name=\"twitter:card\" content=\"summary_large_image\" \/>\n<meta name=\"twitter:site\" content=\"@caridealauto\" \/>\n<script type=\"application\/ld+json\" class=\"yoast-schema-graph\">{\"@context\":\"https:\/\/schema.org\",\"@graph\":[{\"@type\":\"CollectionPage\",\"@id\":\"https:\/\/www.carideal.com\/blog\/tag\/permis-de-conduire\/\",\"url\":\"https:\/\/www.carideal.com\/blog\/tag\/permis-de-conduire\/\",\"name\":\"Permis de conduire Archives - Blog auto Carid\u00e9al\",\"isPartOf\":{\"@id\":\"https:\/\/www.carideal.com\/blog\/#website\"},\"description\":\"Poss\u00e9dez-vous un permis de conduire d\u00e9livr\u00e9 hors de France ? \u00cates-vous autoris\u00e9 \u00e0 conduire sur les routes fran\u00e7aises avec votre permis ?\",\"breadcrumb\":{\"@id\":\"https:\/\/www.carideal.com\/blog\/tag\/permis-de-conduire\/#breadcrumb\"},\"inLanguage\":\"fr-FR\"},{\"@type\":\"BreadcrumbList\",\"@id\":\"https:\/\/www.carideal.com\/blog\/tag\/permis-de-conduire\/#breadcrumb\",\"itemListElement\":[{\"@type\":\"ListItem\",\"position\":1,\"name\":\"Blog Carid\u00e9al\",\"item\":\"https:\/\/www.carideal.com\/blog\/\"},{\"@type\":\"ListItem\",\"position\":2,\"name\":\"Permis de conduire\"}]},{\"@type\":\"WebSite\",\"@id\":\"https:\/\/www.carideal.com\/blog\/#website\",\"url\":\"https:\/\/www.carideal.com\/blog\/\",\"name\":\"Blog auto Carid\u00e9al\",\"description\":\"Actualit\u00e9 auto par des passionn\u00e9s\",\"publisher\":{\"@id\":\"https:\/\/www.carideal.com\/blog\/#organization\"},\"potentialAction\":[{\"@type\":\"SearchAction\",\"target\":{\"@type\":\"EntryPoint\",\"urlTemplate\":\"https:\/\/www.carideal.com\/blog\/?s={search_term_string}\"},\"query-input\":{\"@type\":\"PropertyValueSpecification\",\"valueRequired\":true,\"valueName\":\"search_term_string\"}}],\"inLanguage\":\"fr-FR\"},{\"@type\":\"Organization\",\"@id\":\"https:\/\/www.carideal.com\/blog\/#organization\",\"name\":\"Carideal\",\"url\":\"https:\/\/www.carideal.com\/blog\/\",\"logo\":{\"@type\":\"ImageObject\",\"inLanguage\":\"fr-FR\",\"@id\":\"https:\/\/www.carideal.com\/blog\/#\/schema\/logo\/image\/\",\"url\":\"http:\/\/www.carideal.com\/blog\/wp-content\/uploads\/2016\/03\/logo-carideal-mandataire-automobile.png\",\"contentUrl\":\"http:\/\/www.carideal.com\/blog\/wp-content\/uploads\/2016\/03\/logo-carideal-mandataire-automobile.png\",\"width\":300,\"height\":300,\"caption\":\"Carideal\"},\"image\":{\"@id\":\"https:\/\/www.carideal.com\/blog\/#\/schema\/logo\/image\/\"},\"sameAs\":[\"https:\/\/www.facebook.com\/Carideal.mandataire.automobile\",\"https:\/\/x.com\/caridealauto\",\"https:\/\/www.instagram.com\/carideal1\/\",\"https:\/\/www.linkedin.com\/company\/carideal.com\",\"https:\/\/fr.pinterest.com\/schiavonsas\/\",\"https:\/\/www.youtube.com\/user\/caridealsas\"]}]}<\/script>\n<!-- \/ Yoast SEO plugin. -->","yoast_head_json":{"title":"Permis de conduire Archives - Blog auto Carid\u00e9al","description":"Poss\u00e9dez-vous un permis de conduire d\u00e9livr\u00e9 hors de France ? \u00cates-vous autoris\u00e9 \u00e0 conduire sur les routes fran\u00e7aises avec votre permis ?","robots":{"index":"index","follow":"follow","max-snippet":"max-snippet:-1","max-image-preview":"max-image-preview:large","max-video-preview":"max-video-preview:-1"},"canonical":"https:\/\/www.carideal.com\/blog\/tag\/permis-de-conduire\/","og_locale":"fr_FR","og_type":"article","og_title":"Permis de conduire Archives - Blog auto Carid\u00e9al","og_description":"Poss\u00e9dez-vous un permis de conduire d\u00e9livr\u00e9 hors de France ? \u00cates-vous autoris\u00e9 \u00e0 conduire sur les routes fran\u00e7aises avec votre permis ?","og_url":"https:\/\/www.carideal.com\/blog\/tag\/permis-de-conduire\/","og_site_name":"Blog auto Carid\u00e9al","og_image":[{"width":300,"height":300,"url":"https:\/\/www.carideal.com\/blog\/wp-content\/uploads\/2016\/03\/logo-carideal-mandataire-automobile.png","type":"image\/png"}],"twitter_card":"summary_large_image","twitter_site":"@caridealauto","schema":{"@context":"https:\/\/schema.org","@graph":[{"@type":"CollectionPage","@id":"https:\/\/www.carideal.com\/blog\/tag\/permis-de-conduire\/","url":"https:\/\/www.carideal.com\/blog\/tag\/permis-de-conduire\/","name":"Permis de conduire Archives - Blog auto Carid\u00e9al","isPartOf":{"@id":"https:\/\/www.carideal.com\/blog\/#website"},"description":"Poss\u00e9dez-vous un permis de conduire d\u00e9livr\u00e9 hors de France ? \u00cates-vous autoris\u00e9 \u00e0 conduire sur les routes fran\u00e7aises avec votre permis ?","breadcrumb":{"@id":"https:\/\/www.carideal.com\/blog\/tag\/permis-de-conduire\/#breadcrumb"},"inLanguage":"fr-FR"},{"@type":"BreadcrumbList","@id":"https:\/\/www.carideal.com\/blog\/tag\/permis-de-conduire\/#breadcrumb","itemListElement":[{"@type":"ListItem","position":1,"name":"Blog Carid\u00e9al","item":"https:\/\/www.carideal.com\/blog\/"},{"@type":"ListItem","position":2,"name":"Permis de conduire"}]},{"@type":"WebSite","@id":"https:\/\/www.carideal.com\/blog\/#website","url":"https:\/\/www.carideal.com\/blog\/","name":"Blog auto Carid\u00e9al","description":"Actualit\u00e9 auto par des passionn\u00e9s","publisher":{"@id":"https:\/\/www.carideal.com\/blog\/#organization"},"potentialAction":[{"@type":"SearchAction","target":{"@type":"EntryPoint","urlTemplate":"https:\/\/www.carideal.com\/blog\/?s={search_term_string}"},"query-input":{"@type":"PropertyValueSpecification","valueRequired":true,"valueName":"search_term_string"}}],"inLanguage":"fr-FR"},{"@type":"Organization","@id":"https:\/\/www.carideal.com\/blog\/#organization","name":"Carideal","url":"https:\/\/www.carideal.com\/blog\/","logo":{"@type":"ImageObject","inLanguage":"fr-FR","@id":"https:\/\/www.carideal.com\/blog\/#\/schema\/logo\/image\/","url":"http:\/\/www.carideal.com\/blog\/wp-content\/uploads\/2016\/03\/logo-carideal-mandataire-automobile.png","contentUrl":"http:\/\/www.carideal.com\/blog\/wp-content\/uploads\/2016\/03\/logo-carideal-mandataire-automobile.png","width":300,"height":300,"caption":"Carideal"},"image":{"@id":"https:\/\/www.carideal.com\/blog\/#\/schema\/logo\/image\/"},"sameAs":["https:\/\/www.facebook.com\/Carideal.mandataire.automobile","https:\/\/x.com\/caridealauto","https:\/\/www.instagram.com\/carideal1\/","https:\/\/www.linkedin.com\/company\/carideal.com","https:\/\/fr.pinterest.com\/schiavonsas\/","https:\/\/www.youtube.com\/user\/caridealsas"]}]}},"_links":{"self":[{"href":"https:\/\/www.carideal.com\/blog\/wp-json\/wp\/v2\/tags\/2500"}],"collection":[{"href":"https:\/\/www.carideal.com\/blog\/wp-json\/wp\/v2\/tags"}],"about":[{"href":"https:\/\/www.carideal.com\/blog\/wp-json\/wp\/v2\/taxonomies\/post_tag"}],"wp:post_type":[{"href":"https:\/\/www.carideal.com\/blog\/wp-json\/wp\/v2\/posts?tags=2500"}],"curies":[{"name":"wp","href":"https:\/\/api.w.org\/{rel}","templated":true}]}}