{"id":1050,"count":8,"description":"<h2>Plug IN Hybrid<\/h2>\r\nUn <strong>v\u00e9hicule \u00e9lectrique hybride rechargeable<\/strong> est un v\u00e9hicule \u00e9lectrique hybride dont la batterie peut \u00eatre recharg\u00e9e en le branchant sur une source d'\u00e9nergie \u00e9lectrique externe, ainsi que par son moteur et son g\u00e9n\u00e9rateur embarqu\u00e9s.","link":"https:\/\/www.carideal.com\/blog\/tag\/plug-in-hybrid\/","name":"Plug IN Hybrid","slug":"plug-in-hybrid","taxonomy":"post_tag","meta":[],"yoast_head":"<!-- This site is optimized with the Yoast SEO plugin v24.8.1 - https:\/\/yoast.com\/wordpress\/plugins\/seo\/ -->\n<title>Plug IN Hybrid Archives - Blog auto Carid\u00e9al<\/title>\n<meta name=\"description\" content=\"Un v\u00e9hicule \u00e9lectrique hybride rechargeable est un v\u00e9hicule \u00e9lectrique hybride dont la batterie peut \u00eatre recharg\u00e9e en le branchant sur une source d&#039;\u00e9nergie \u00e9lectrique externe, ainsi que par son moteur et son g\u00e9n\u00e9rateur embarqu\u00e9s.\" \/>\n<meta name=\"robots\" content=\"index, follow, max-snippet:-1, max-image-preview:large, max-video-preview:-1\" \/>\n<link rel=\"canonical\" href=\"https:\/\/www.carideal.com\/blog\/tag\/plug-in-hybrid\/\" \/>\n<meta property=\"og:locale\" content=\"fr_FR\" \/>\n<meta property=\"og:type\" content=\"article\" \/>\n<meta property=\"og:title\" content=\"Plug IN Hybrid Archives - Blog auto Carid\u00e9al\" \/>\n<meta property=\"og:description\" content=\"Un v\u00e9hicule \u00e9lectrique hybride rechargeable est un v\u00e9hicule \u00e9lectrique hybride dont la batterie peut \u00eatre recharg\u00e9e en le branchant sur une source d&#039;\u00e9nergie \u00e9lectrique externe, ainsi que par son moteur et son g\u00e9n\u00e9rateur embarqu\u00e9s.\" \/>\n<meta property=\"og:url\" content=\"https:\/\/www.carideal.com\/blog\/tag\/plug-in-hybrid\/\" \/>\n<meta property=\"og:site_name\" content=\"Blog auto Carid\u00e9al\" \/>\n<meta property=\"og:image\" content=\"https:\/\/www.carideal.com\/blog\/wp-content\/uploads\/2016\/03\/logo-carideal-mandataire-automobile.png\" \/>\n\t<meta property=\"og:image:width\" content=\"300\" \/>\n\t<meta property=\"og:image:height\" content=\"300\" \/>\n\t<meta property=\"og:image:type\" content=\"image\/png\" \/>\n<meta name=\"twitter:card\" content=\"summary_large_image\" \/>\n<meta name=\"twitter:site\" content=\"@caridealauto\" \/>\n<script type=\"application\/ld+json\" class=\"yoast-schema-graph\">{\"@context\":\"https:\/\/schema.org\",\"@graph\":[{\"@type\":\"CollectionPage\",\"@id\":\"https:\/\/www.carideal.com\/blog\/tag\/plug-in-hybrid\/\",\"url\":\"https:\/\/www.carideal.com\/blog\/tag\/plug-in-hybrid\/\",\"name\":\"Plug IN Hybrid Archives - Blog auto Carid\u00e9al\",\"isPartOf\":{\"@id\":\"https:\/\/www.carideal.com\/blog\/#website\"},\"description\":\"Un v\u00e9hicule \u00e9lectrique hybride rechargeable est un v\u00e9hicule \u00e9lectrique hybride dont la batterie peut \u00eatre recharg\u00e9e en le branchant sur une source d'\u00e9nergie \u00e9lectrique externe, ainsi que par son moteur et son g\u00e9n\u00e9rateur embarqu\u00e9s.\",\"breadcrumb\":{\"@id\":\"https:\/\/www.carideal.com\/blog\/tag\/plug-in-hybrid\/#breadcrumb\"},\"inLanguage\":\"fr-FR\"},{\"@type\":\"BreadcrumbList\",\"@id\":\"https:\/\/www.carideal.com\/blog\/tag\/plug-in-hybrid\/#breadcrumb\",\"itemListElement\":[{\"@type\":\"ListItem\",\"position\":1,\"name\":\"Blog Carid\u00e9al\",\"item\":\"https:\/\/www.carideal.com\/blog\/\"},{\"@type\":\"ListItem\",\"position\":2,\"name\":\"Plug IN Hybrid\"}]},{\"@type\":\"WebSite\",\"@id\":\"https:\/\/www.carideal.com\/blog\/#website\",\"url\":\"https:\/\/www.carideal.com\/blog\/\",\"name\":\"Blog auto Carid\u00e9al\",\"description\":\"Actualit\u00e9 auto par des passionn\u00e9s\",\"publisher\":{\"@id\":\"https:\/\/www.carideal.com\/blog\/#organization\"},\"potentialAction\":[{\"@type\":\"SearchAction\",\"target\":{\"@type\":\"EntryPoint\",\"urlTemplate\":\"https:\/\/www.carideal.com\/blog\/?s={search_term_string}\"},\"query-input\":{\"@type\":\"PropertyValueSpecification\",\"valueRequired\":true,\"valueName\":\"search_term_string\"}}],\"inLanguage\":\"fr-FR\"},{\"@type\":\"Organization\",\"@id\":\"https:\/\/www.carideal.com\/blog\/#organization\",\"name\":\"Carideal\",\"url\":\"https:\/\/www.carideal.com\/blog\/\",\"logo\":{\"@type\":\"ImageObject\",\"inLanguage\":\"fr-FR\",\"@id\":\"https:\/\/www.carideal.com\/blog\/#\/schema\/logo\/image\/\",\"url\":\"http:\/\/www.carideal.com\/blog\/wp-content\/uploads\/2016\/03\/logo-carideal-mandataire-automobile.png\",\"contentUrl\":\"http:\/\/www.carideal.com\/blog\/wp-content\/uploads\/2016\/03\/logo-carideal-mandataire-automobile.png\",\"width\":300,\"height\":300,\"caption\":\"Carideal\"},\"image\":{\"@id\":\"https:\/\/www.carideal.com\/blog\/#\/schema\/logo\/image\/\"},\"sameAs\":[\"https:\/\/www.facebook.com\/Carideal.mandataire.automobile\",\"https:\/\/x.com\/caridealauto\",\"https:\/\/www.instagram.com\/carideal1\/\",\"https:\/\/www.linkedin.com\/company\/carideal.com\",\"https:\/\/fr.pinterest.com\/schiavonsas\/\",\"https:\/\/www.youtube.com\/user\/caridealsas\"]}]}<\/script>\n<!-- \/ Yoast SEO plugin. -->","yoast_head_json":{"title":"Plug IN Hybrid Archives - Blog auto Carid\u00e9al","description":"Un v\u00e9hicule \u00e9lectrique hybride rechargeable est un v\u00e9hicule \u00e9lectrique hybride dont la batterie peut \u00eatre recharg\u00e9e en le branchant sur une source d'\u00e9nergie \u00e9lectrique externe, ainsi que par son moteur et son g\u00e9n\u00e9rateur embarqu\u00e9s.","robots":{"index":"index","follow":"follow","max-snippet":"max-snippet:-1","max-image-preview":"max-image-preview:large","max-video-preview":"max-video-preview:-1"},"canonical":"https:\/\/www.carideal.com\/blog\/tag\/plug-in-hybrid\/","og_locale":"fr_FR","og_type":"article","og_title":"Plug IN Hybrid Archives - Blog auto Carid\u00e9al","og_description":"Un v\u00e9hicule \u00e9lectrique hybride rechargeable est un v\u00e9hicule \u00e9lectrique hybride dont la batterie peut \u00eatre recharg\u00e9e en le branchant sur une source d'\u00e9nergie \u00e9lectrique externe, ainsi que par son moteur et son g\u00e9n\u00e9rateur embarqu\u00e9s.","og_url":"https:\/\/www.carideal.com\/blog\/tag\/plug-in-hybrid\/","og_site_name":"Blog auto Carid\u00e9al","og_image":[{"width":300,"height":300,"url":"https:\/\/www.carideal.com\/blog\/wp-content\/uploads\/2016\/03\/logo-carideal-mandataire-automobile.png","type":"image\/png"}],"twitter_card":"summary_large_image","twitter_site":"@caridealauto","schema":{"@context":"https:\/\/schema.org","@graph":[{"@type":"CollectionPage","@id":"https:\/\/www.carideal.com\/blog\/tag\/plug-in-hybrid\/","url":"https:\/\/www.carideal.com\/blog\/tag\/plug-in-hybrid\/","name":"Plug IN Hybrid Archives - Blog auto Carid\u00e9al","isPartOf":{"@id":"https:\/\/www.carideal.com\/blog\/#website"},"description":"Un v\u00e9hicule \u00e9lectrique hybride rechargeable est un v\u00e9hicule \u00e9lectrique hybride dont la batterie peut \u00eatre recharg\u00e9e en le branchant sur une source d'\u00e9nergie \u00e9lectrique externe, ainsi que par son moteur et son g\u00e9n\u00e9rateur embarqu\u00e9s.","breadcrumb":{"@id":"https:\/\/www.carideal.com\/blog\/tag\/plug-in-hybrid\/#breadcrumb"},"inLanguage":"fr-FR"},{"@type":"BreadcrumbList","@id":"https:\/\/www.carideal.com\/blog\/tag\/plug-in-hybrid\/#breadcrumb","itemListElement":[{"@type":"ListItem","position":1,"name":"Blog Carid\u00e9al","item":"https:\/\/www.carideal.com\/blog\/"},{"@type":"ListItem","position":2,"name":"Plug IN Hybrid"}]},{"@type":"WebSite","@id":"https:\/\/www.carideal.com\/blog\/#website","url":"https:\/\/www.carideal.com\/blog\/","name":"Blog auto Carid\u00e9al","description":"Actualit\u00e9 auto par des passionn\u00e9s","publisher":{"@id":"https:\/\/www.carideal.com\/blog\/#organization"},"potentialAction":[{"@type":"SearchAction","target":{"@type":"EntryPoint","urlTemplate":"https:\/\/www.carideal.com\/blog\/?s={search_term_string}"},"query-input":{"@type":"PropertyValueSpecification","valueRequired":true,"valueName":"search_term_string"}}],"inLanguage":"fr-FR"},{"@type":"Organization","@id":"https:\/\/www.carideal.com\/blog\/#organization","name":"Carideal","url":"https:\/\/www.carideal.com\/blog\/","logo":{"@type":"ImageObject","inLanguage":"fr-FR","@id":"https:\/\/www.carideal.com\/blog\/#\/schema\/logo\/image\/","url":"http:\/\/www.carideal.com\/blog\/wp-content\/uploads\/2016\/03\/logo-carideal-mandataire-automobile.png","contentUrl":"http:\/\/www.carideal.com\/blog\/wp-content\/uploads\/2016\/03\/logo-carideal-mandataire-automobile.png","width":300,"height":300,"caption":"Carideal"},"image":{"@id":"https:\/\/www.carideal.com\/blog\/#\/schema\/logo\/image\/"},"sameAs":["https:\/\/www.facebook.com\/Carideal.mandataire.automobile","https:\/\/x.com\/caridealauto","https:\/\/www.instagram.com\/carideal1\/","https:\/\/www.linkedin.com\/company\/carideal.com","https:\/\/fr.pinterest.com\/schiavonsas\/","https:\/\/www.youtube.com\/user\/caridealsas"]}]}},"_links":{"self":[{"href":"https:\/\/www.carideal.com\/blog\/wp-json\/wp\/v2\/tags\/1050"}],"collection":[{"href":"https:\/\/www.carideal.com\/blog\/wp-json\/wp\/v2\/tags"}],"about":[{"href":"https:\/\/www.carideal.com\/blog\/wp-json\/wp\/v2\/taxonomies\/post_tag"}],"wp:post_type":[{"href":"https:\/\/www.carideal.com\/blog\/wp-json\/wp\/v2\/posts?tags=1050"}],"curies":[{"name":"wp","href":"https:\/\/api.w.org\/{rel}","templated":true}]}}