{"id":992,"date":"2011-07-25T13:51:00","date_gmt":"2011-07-25T13:51:00","guid":{"rendered":"http:\/\/carideal.com\/blog\/?p=992"},"modified":"2024-01-20T20:27:54","modified_gmt":"2024-01-20T19:27:54","slug":"peugeot-508-sw-hdi-140","status":"publish","type":"post","link":"https:\/\/www.carideal.com\/blog\/2011\/07\/25\/peugeot-508-sw-hdi-140\/","title":{"rendered":"Peugeot 508 SW HDI 140 essai pr\u00e9sentation 2011"},"content":{"rendered":"\n<h2 class=\"wp-block-heading\">La Peugeot 508 SW est un break plus qu'int\u00e9ressant \u00e0 consid\u00e9rer avant de songer \u00e0 l'achat d'une voiture sur ce segment<\/h2>\n\n\n\n<p>La ligne est magnifique et sa capacit\u00e9 de chargement de 560 litres fait d'elle la mieux plac\u00e9e de son cr\u00e9neau. Le HDi 112 est un peu poussif et il faudrait lui privil\u00e9gier le HDI 140. La <a href=\"http:\/\/www.carideal.com\/blog\/marque-de-voiture-actualites-essais\/peugeot\/\">Peugeot<\/a> \u00e0 contrario de la <a href=\"http:\/\/www.carideal.com\/blog\/marque-de-voiture-actualites-essais\/bmw\/\"><span style=\"text-decoration: underline;\">BMW<\/span><\/a> n'est pas \u00e9quip\u00e9e de stop &amp; start, ni de volets de calandre pouvant modifier sa p\u00e9n\u00e9tration dans l'air, ni de syst\u00e8me de r\u00e9cup\u00e9ration d'\u00e9nergie au freinage, mais voil\u00e0, elle coute 4000 \u20ac de moins&nbsp;!<\/p>\n\n\n<div class=\"wp-block-image wp-image-21032 size-full\">\n<figure class=\"aligncenter\"><img loading=\"lazy\" decoding=\"async\" width=\"600\" height=\"313\" src=\"http:\/\/www.carideal.com\/blog\/wp-content\/uploads\/2011\/07\/peugeot_508sw_carideal-mandataire-automobile-e1579885236476.jpg\" alt=\"Peugeot 508 SW HDI 140 essai pr\u00e9sentation 2011\" class=\"wp-image-21032\"\/><figcaption class=\"wp-element-caption\">Peugeot 508 SW HDI 140 essai pr\u00e9sentation 2011<\/figcaption><\/figure><\/div>\n\n\n<ul class=\"wp-block-list\">\n<li><a href=\"http:\/\/www.carideal.com\/blog\/2018\/01\/28\/meilleures-voitures-familiales-2018\/\">Meilleures voitures familiales \u00e0 acheter<\/a><\/li>\n<\/ul>\n\n\n\n<p>Pourtant avec ses 140 ch et son couple de 320 Nm \u00e0 2000 tr\/min elle ne se contentera que de 5 litres en mixte pour une \u00e9mission de CO2 de 130 g\/km, ce qui est d\u00e9j\u00e0 tr\u00e8s bien.<\/p>\n\n\n\n<p>Pour les rouleurs professionnels \u00e0 la recherche d'une voiture plus pratique que la berline, la Peugeot 508 SW pourrait \u00eatre la voiture qu'il faut choisir. Pour beaucoup, la SW est plus beau que la berline : elle a plus de courbes et une ligne arri\u00e8re \u00e9l\u00e9gante. Toutefois, ne laissez pas la forme de la voiture vous tromper.<\/p>\n\n\n\n<p>La Peugeot 508 SW peut sembler tr\u00e8s longue \u00e0 l'oeil nu en comparaison avec la berline, mais elle mesure seulement 2 cm de plus, donnant \u00e0 la voiture une bonne maniabilit\u00e9 en ville, ainsi qu'une bonne tenue de route sur les nationales.<\/p>\n\n\n\n<p>La forme svelte de la SW peut attirer les entreprises ou les salari\u00e9s des flottes d'entreprises dans ses rangs mais peut-elle aussi \u00eatre int\u00e9ressante \u00e0 l'usage des familles le week-end ? La Peugeot 508 SW a du pain sur la planche, car il y a beaucoup de concurrents avec de s\u00e9rieux arguments.<\/p>\n\n\n\n<ul class=\"wp-block-list\">\n<li>Trouvez votre <span style=\"text-decoration: underline;\">Peugeot 508 SW<\/span>&nbsp;sur Carideal <span style=\"text-decoration: underline;\"><a href=\"http:\/\/www.carideal.com\/\" target=\"_blank\" rel=\"noopener noreferrer\">mandataire auto<\/a><\/span><\/li>\n<\/ul>\n\n\n\n<h2 class=\"wp-block-heading\">La Peugeot 508 SW a subi un l\u00e9ger&nbsp;lifting en 2013<\/h2>\n\n\n\n<p>Une mise \u00e0 jour a \u00e9t\u00e9 annonc\u00e9 pour la 508 SW en 2013. Plusieurs des niveaux de finition ont \u00e9t\u00e9 renforc\u00e9s avec plus d'\u00e9quipement pour rendre la voiture plus attrayante pour les acheteurs particuliers&nbsp;et les&nbsp;flottes d'entreprise. Il y a eu une hausse des prix en m\u00eame temps, mais les \u00e9quipements suppl\u00e9mentaires en faisait une bonne affaire.<\/p>\n\n\n\n<p>Pour en savoir plus sur cette Peugeot 508 SW, lisez la suite sur l'essai de&nbsp;notre Peugeot 508 SW examen,&nbsp;<span style=\"text-decoration: underline;\"><a href=\"http:\/\/www.carideal.com\/blog\/2011\/04\/13\/faut-il-acheter-une-peugeot-508-essence\/\" target=\"_blank\" rel=\"noopener noreferrer\">faut il acheter une Peugeot 508 essence<\/a><\/span> ?<\/p>\n\n\n\n<p>Peugeot nous a concoct\u00e9 une break&nbsp;d\u00e9cente, qui va pouvoir contester les pr\u00e9tentions europ\u00e9ennes des <a href=\"http:\/\/www.carideal.com\/blog\/2015\/03\/11\/ford-mondeo-le-beau-retour\/\"><span style=\"text-decoration: underline;\">Ford Mondeo<\/span><\/a>, <a href=\"http:\/\/www.carideal.com\/blog\/2015\/02\/11\/essai-nouvelle-volkswagen-passat-tdi-240-ch-biturbo-vs-mercedes-c250-bluetec-204-ch\/\"><span style=\"text-decoration: underline;\">Passat SW<\/span><\/a>, <a href=\"http:\/\/www.carideal.com\/blog\/2011\/04\/08\/peugeot-508-sw-vs-laguna-estate\/\"><span style=\"text-decoration: underline;\">Laguna Estate<\/span><\/a> et autres.<\/p>\n\n\n\n<p>Trouvez votre <span style=\"text-decoration: underline;\">Peugeot d'occasion<\/span> sur Carideal mandataire <a href=\"http:\/\/www.carideal.com\/blog\/voiture-neuve-region\/\"><span style=\"text-decoration: underline;\">voiture neuve pas cher<\/span><\/a>.<\/p>\n\n\n\n<h2 class=\"wp-block-heading\">La Peugeot 508 SW face \u00e0 son march\u00e9<\/h2>\n\n\n\n<p>La Peugeot 508 SW est un pas important vers l'avant sur la&nbsp;route de Peugeot pour&nbsp;ne plus&nbsp;\u00eatre le bouc \u00e9missaire en Europe. La Peugeot 508 SW est un Break&nbsp;beaucoup plus solide et \u00e9l\u00e9gant que nous aurions pu le&nbsp;croire possible il n'y a pas si longtemps.<\/p>\n\n\n\n<p>Elle devient&nbsp;une v\u00e9ritable rival pour ses concurrentes&nbsp;en termes de qualit\u00e9, de&nbsp;conduite et d'\u00e9quipement. Le style de la Peugeot 508 SW est subtil mais ind\u00e9niablement attrayant, et juste \u00e0 regarder, elle donne d\u00e9j\u00e0 envie de monter \u00e0 bord. Relisez notre article&nbsp;<span style=\"text-decoration: underline;\"><a href=\"http:\/\/www.carideal.com\/blog\/2011\/04\/08\/peugeot-508-sw-vs-laguna-estate\/\">Peugeot 508 SW VS Renault Laguna Estate<\/a><\/span>.<\/p>\n\n\n\n<h2 class=\"wp-block-heading\">Au Volant de la Peugeot 508 SW<\/h2>\n\n\n\n<p>La Peugeot 508 SW partage son ch\u00e2ssis avec la confortable <a href=\"http:\/\/www.carideal.com\/blog\/2015\/10\/19\/citroen-c5-tourer-xtr-remplace-le-crosstourer\/\"><span style=\"text-decoration: underline;\">Citroen C5 Tourer<\/span><\/a>. La suspension est diff\u00e9rente, avec jambes de force MacPherson \u00e0 l'avant et une arri\u00e8re multibras ind\u00e9pendante.<\/p>\n\n\n\n<p>De toute fa\u00e7on, la 508 SW est ferme sans \u00eatre inconfortable et se sent raisonnablement \u00e0 l'aise&nbsp;et stable lorsqu'elle s'est inscrite dans un virage rapide et&nbsp;serr\u00e9. Sur des routes vallonn\u00e9es et plus rapides, la Peugeot 508 SW maintient une s\u00e9r\u00e9nit\u00e9 constante qui rappelle des voitures&nbsp;beaucoup plus co\u00fbteuses.<\/p>\n\n\n\n<p>Sa direction est bien calibr\u00e9e, et elle&nbsp;est assez pr\u00e9cise pour positionner la 508 SW adroitement autour du virage et d'encourager son conducteur d'enrouler les kilom\u00e8tres en toute&nbsp;confiance.<\/p>\n\n\n\n<h2 class=\"wp-block-heading\">\u00c0&nbsp;l'int\u00e9rieur de la Peugeot 508 SW<\/h2>\n\n\n\n<p>Carton plein pour Peugeot pour se remettre dans la course&nbsp;avec cet int\u00e9rieur, qui est un m\u00e9lange bien rang\u00e9 de ses propres \u00e9l\u00e9ments de design, en y m\u00e9langeant la qualit\u00e9 germanique. L'interface du conducteur&nbsp;est intuitive et il y a une absence rafra\u00eechissante de boutons difficile d'acc\u00e8s autour de la console centrale.<\/p>\n\n\n\n<ul class=\"wp-block-list\">\n<li><a href=\"http:\/\/www.carideal.com\/blog\/2019\/12\/12\/quelle-voiture-familiale-acheter-quand-la-famille-sagrandit\/\">Quelle voiture familiale acheter quand la famille s'agrandit ?<\/a><\/li>\n<\/ul>\n\n\n\n<p>Il est ind\u00e9niable que Peugeot a travaill\u00e9 tr\u00e8s dur pour conformer cet habitacle aux normes actuelles et le r\u00e9sultat en vaut la chandelle. Il y a bien quelques morceaux de plastiques fragiles de l'ancienne Peugeot, mais on ne les voit presque pas. L'impression g\u00e9n\u00e9rale est que Peugeot est \u00e0 l'aube d'une \u00e8re nouvelle.<\/p>\n\n\n\n<h2 class=\"wp-block-heading\">Etre propri\u00e9taire d'une Peugeot 508 SW<\/h2>\n\n\n\n<p>Le 508 SW est certainement positionn\u00e9 sur le c\u00f4t\u00e9 plus abordable en comparaison avec des offres plus d\u00e9sirables comme la Passat et autre <span style=\"text-decoration: underline;\"><a href=\"http:\/\/www.carideal.com\/blog\/2011\/12\/31\/un-diesel-qui-a-du-souffle-opel-insignia-2-0-cdti-biturbo\/\">Insigna<\/a>.<\/span> La Ford Mond\u00e9o reste plus spacieuse et une meilleur affaire. Le plus pour\u00a0la Peugeot 508 SW est son excellente gamme de moteurs diesel, HDI, qui sont \u00e9conomiques et efficaces, ce qui rend cette voiture tr\u00e8s int\u00e9ressante\u00a0pour la location en <span style=\"text-decoration: underline;\">location longue dur\u00e9e<\/span> ou <a href=\"https:\/\/www.carideal.com\/blog\/credit-auto\/leasing\/\">leasing<\/a>.<\/p>\n\n\n\n<h2 class=\"wp-block-heading\">Vid\u00e9o Peugeot 508 SW HDI d'occasion de 2011<\/h2>\n\n\n\n<p><iframe loading=\"lazy\" src=\"https:\/\/www.youtube.com\/embed\/sBeZLY45ghA\" width=\"560\" height=\"315\" frameborder=\"0\" allowfullscreen=\"allowfullscreen\"><\/iframe><\/p>\n","protected":false},"excerpt":{"rendered":"<p>La Peugeot 508 SW est un break plus qu&rsquo;int\u00e9ressant \u00e0 consid\u00e9rer avant de songer \u00e0 l&rsquo;achat d&rsquo;une voiture sur ce segment La ligne est magnifique et sa capacit\u00e9 de chargement de 560 litres fait d&rsquo;elle la mieux plac\u00e9e de son cr\u00e9neau. Le HDi 112 est un peu poussif et il faudrait lui privil\u00e9gier le HDI &#8230; <a title=\"Peugeot 508 SW HDI 140 essai pr\u00e9sentation 2011\" class=\"read-more\" href=\"https:\/\/www.carideal.com\/blog\/2011\/07\/25\/peugeot-508-sw-hdi-140\/\" aria-label=\"En savoir plus sur Peugeot 508 SW HDI 140 essai pr\u00e9sentation 2011\">Lire plus<\/a><\/p>\n","protected":false},"author":1,"featured_media":21032,"comment_status":"open","ping_status":"open","sticky":false,"template":"","format":"standard","meta":{"_uag_custom_page_level_css":"","_themeisle_gutenberg_block_has_review":false,"footnotes":""},"categories":[5946,6013,5947,5948],"tags":[5873],"class_list":["post-992","post","type-post","status-publish","format-standard","has-post-thumbnail","hentry","category-peugeot","category-break","category-essai","category-peugeot-essai","tag-voiture-familiale"],"wppr_data":{"cwp_meta_box_check":"No"},"yoast_head":"<!-- This site is optimized with the Yoast SEO plugin v24.8.1 - https:\/\/yoast.com\/wordpress\/plugins\/seo\/ -->\n<title>Peugeot 508 SW HDI 140 essai pr\u00e9sentation 2011 - Blog auto Carid\u00e9al<\/title>\n<meta name=\"description\" content=\"La Peugeot 508 SW est un break plus qu&#039;int\u00e9ressant \u00e0 consid\u00e9rer avant de songer \u00e0 l&#039;achat d&#039;une voiture sur ce segment. Un bon compromis\" \/>\n<meta name=\"robots\" content=\"index, follow, max-snippet:-1, max-image-preview:large, max-video-preview:-1\" \/>\n<link rel=\"canonical\" href=\"https:\/\/www.carideal.com\/blog\/2011\/07\/25\/peugeot-508-sw-hdi-140\/\" \/>\n<meta property=\"og:locale\" content=\"fr_FR\" \/>\n<meta property=\"og:type\" content=\"article\" \/>\n<meta property=\"og:title\" content=\"Peugeot 508 SW HDI 140 essai pr\u00e9sentation 2011 - Blog auto Carid\u00e9al\" \/>\n<meta property=\"og:description\" content=\"La Peugeot 508 SW est un break plus qu&#039;int\u00e9ressant \u00e0 consid\u00e9rer avant de songer \u00e0 l&#039;achat d&#039;une voiture sur ce segment. Un bon compromis\" \/>\n<meta property=\"og:url\" content=\"https:\/\/www.carideal.com\/blog\/2011\/07\/25\/peugeot-508-sw-hdi-140\/\" \/>\n<meta property=\"og:site_name\" content=\"Blog auto Carid\u00e9al\" \/>\n<meta property=\"article:publisher\" content=\"https:\/\/www.facebook.com\/Carideal.mandataire.automobile\" \/>\n<meta property=\"article:author\" content=\"https:\/\/www.facebook.com\/Carideal.mandataire.automobile\/\" \/>\n<meta property=\"article:published_time\" content=\"2011-07-25T13:51:00+00:00\" \/>\n<meta property=\"article:modified_time\" content=\"2024-01-20T19:27:54+00:00\" \/>\n<meta property=\"og:image\" content=\"https:\/\/www.carideal.com\/blog\/wp-content\/uploads\/2011\/07\/peugeot_508sw_carideal-mandataire-automobile-e1579885236476.jpg\" \/>\n\t<meta property=\"og:image:width\" content=\"600\" \/>\n\t<meta property=\"og:image:height\" content=\"313\" \/>\n\t<meta property=\"og:image:type\" content=\"image\/jpeg\" \/>\n<meta name=\"author\" content=\"N.S Carideal\" \/>\n<meta name=\"twitter:card\" content=\"summary_large_image\" \/>\n<meta name=\"twitter:creator\" content=\"@caridealauto\" \/>\n<meta name=\"twitter:site\" content=\"@caridealauto\" \/>\n<meta name=\"twitter:label1\" content=\"\u00c9crit par\" \/>\n\t<meta name=\"twitter:data1\" content=\"N.S Carideal\" \/>\n\t<meta name=\"twitter:label2\" content=\"Dur\u00e9e de lecture estim\u00e9e\" \/>\n\t<meta name=\"twitter:data2\" content=\"5 minutes\" \/>\n<script type=\"application\/ld+json\" class=\"yoast-schema-graph\">{\"@context\":\"https:\/\/schema.org\",\"@graph\":[{\"@type\":\"Article\",\"@id\":\"https:\/\/www.carideal.com\/blog\/2011\/07\/25\/peugeot-508-sw-hdi-140\/#article\",\"isPartOf\":{\"@id\":\"https:\/\/www.carideal.com\/blog\/2011\/07\/25\/peugeot-508-sw-hdi-140\/\"},\"author\":{\"name\":\"N.S Carideal\",\"@id\":\"https:\/\/www.carideal.com\/blog\/#\/schema\/person\/985c7e757d1042d647f21bfaf8d41ebc\"},\"headline\":\"Peugeot 508 SW HDI 140 essai pr\u00e9sentation 2011\",\"datePublished\":\"2011-07-25T13:51:00+00:00\",\"dateModified\":\"2024-01-20T19:27:54+00:00\",\"mainEntityOfPage\":{\"@id\":\"https:\/\/www.carideal.com\/blog\/2011\/07\/25\/peugeot-508-sw-hdi-140\/\"},\"wordCount\":902,\"commentCount\":0,\"publisher\":{\"@id\":\"https:\/\/www.carideal.com\/blog\/#organization\"},\"image\":{\"@id\":\"https:\/\/www.carideal.com\/blog\/2011\/07\/25\/peugeot-508-sw-hdi-140\/#primaryimage\"},\"thumbnailUrl\":\"https:\/\/www.carideal.com\/blog\/wp-content\/uploads\/2011\/07\/peugeot_508sw_carideal-mandataire-automobile-e1579885236476.jpg\",\"keywords\":[\"voiture familiale\"],\"articleSection\":[\"Actualit\u00e9 Peugeot\",\"Break\",\"Essais automobile\",\"Essais Peugeot\"],\"inLanguage\":\"fr-FR\",\"potentialAction\":[{\"@type\":\"CommentAction\",\"name\":\"Comment\",\"target\":[\"https:\/\/www.carideal.com\/blog\/2011\/07\/25\/peugeot-508-sw-hdi-140\/#respond\"]}]},{\"@type\":\"WebPage\",\"@id\":\"https:\/\/www.carideal.com\/blog\/2011\/07\/25\/peugeot-508-sw-hdi-140\/\",\"url\":\"https:\/\/www.carideal.com\/blog\/2011\/07\/25\/peugeot-508-sw-hdi-140\/\",\"name\":\"Peugeot 508 SW HDI 140 essai pr\u00e9sentation 2011 - Blog auto Carid\u00e9al\",\"isPartOf\":{\"@id\":\"https:\/\/www.carideal.com\/blog\/#website\"},\"primaryImageOfPage\":{\"@id\":\"https:\/\/www.carideal.com\/blog\/2011\/07\/25\/peugeot-508-sw-hdi-140\/#primaryimage\"},\"image\":{\"@id\":\"https:\/\/www.carideal.com\/blog\/2011\/07\/25\/peugeot-508-sw-hdi-140\/#primaryimage\"},\"thumbnailUrl\":\"https:\/\/www.carideal.com\/blog\/wp-content\/uploads\/2011\/07\/peugeot_508sw_carideal-mandataire-automobile-e1579885236476.jpg\",\"datePublished\":\"2011-07-25T13:51:00+00:00\",\"dateModified\":\"2024-01-20T19:27:54+00:00\",\"description\":\"La Peugeot 508 SW est un break plus qu'int\u00e9ressant \u00e0 consid\u00e9rer avant de songer \u00e0 l'achat d'une voiture sur ce segment. Un bon compromis\",\"breadcrumb\":{\"@id\":\"https:\/\/www.carideal.com\/blog\/2011\/07\/25\/peugeot-508-sw-hdi-140\/#breadcrumb\"},\"inLanguage\":\"fr-FR\",\"potentialAction\":[{\"@type\":\"ReadAction\",\"target\":[\"https:\/\/www.carideal.com\/blog\/2011\/07\/25\/peugeot-508-sw-hdi-140\/\"]}]},{\"@type\":\"ImageObject\",\"inLanguage\":\"fr-FR\",\"@id\":\"https:\/\/www.carideal.com\/blog\/2011\/07\/25\/peugeot-508-sw-hdi-140\/#primaryimage\",\"url\":\"https:\/\/www.carideal.com\/blog\/wp-content\/uploads\/2011\/07\/peugeot_508sw_carideal-mandataire-automobile-e1579885236476.jpg\",\"contentUrl\":\"https:\/\/www.carideal.com\/blog\/wp-content\/uploads\/2011\/07\/peugeot_508sw_carideal-mandataire-automobile-e1579885236476.jpg\",\"width\":600,\"height\":313,\"caption\":\"Peugeot 508 SW HDI 140 essai pr\u00e9sentation 2011\"},{\"@type\":\"BreadcrumbList\",\"@id\":\"https:\/\/www.carideal.com\/blog\/2011\/07\/25\/peugeot-508-sw-hdi-140\/#breadcrumb\",\"itemListElement\":[{\"@type\":\"ListItem\",\"position\":1,\"name\":\"Blog Carid\u00e9al\",\"item\":\"https:\/\/www.carideal.com\/blog\/\"},{\"@type\":\"ListItem\",\"position\":2,\"name\":\"Actualit\u00e9 constructeur automobile\",\"item\":\"https:\/\/www.carideal.com\/blog\/constructeur\/\"},{\"@type\":\"ListItem\",\"position\":3,\"name\":\"Actualit\u00e9 Peugeot\",\"item\":\"https:\/\/www.carideal.com\/blog\/constructeur\/peugeot\/\"},{\"@type\":\"ListItem\",\"position\":4,\"name\":\"Peugeot 508 SW HDI 140 essai pr\u00e9sentation 2011\"}]},{\"@type\":\"WebSite\",\"@id\":\"https:\/\/www.carideal.com\/blog\/#website\",\"url\":\"https:\/\/www.carideal.com\/blog\/\",\"name\":\"Blog auto Carid\u00e9al\",\"description\":\"Actualit\u00e9 auto par des passionn\u00e9s\",\"publisher\":{\"@id\":\"https:\/\/www.carideal.com\/blog\/#organization\"},\"potentialAction\":[{\"@type\":\"SearchAction\",\"target\":{\"@type\":\"EntryPoint\",\"urlTemplate\":\"https:\/\/www.carideal.com\/blog\/?s={search_term_string}\"},\"query-input\":{\"@type\":\"PropertyValueSpecification\",\"valueRequired\":true,\"valueName\":\"search_term_string\"}}],\"inLanguage\":\"fr-FR\"},{\"@type\":\"Organization\",\"@id\":\"https:\/\/www.carideal.com\/blog\/#organization\",\"name\":\"Carideal\",\"url\":\"https:\/\/www.carideal.com\/blog\/\",\"logo\":{\"@type\":\"ImageObject\",\"inLanguage\":\"fr-FR\",\"@id\":\"https:\/\/www.carideal.com\/blog\/#\/schema\/logo\/image\/\",\"url\":\"http:\/\/www.carideal.com\/blog\/wp-content\/uploads\/2016\/03\/logo-carideal-mandataire-automobile.png\",\"contentUrl\":\"http:\/\/www.carideal.com\/blog\/wp-content\/uploads\/2016\/03\/logo-carideal-mandataire-automobile.png\",\"width\":300,\"height\":300,\"caption\":\"Carideal\"},\"image\":{\"@id\":\"https:\/\/www.carideal.com\/blog\/#\/schema\/logo\/image\/\"},\"sameAs\":[\"https:\/\/www.facebook.com\/Carideal.mandataire.automobile\",\"https:\/\/x.com\/caridealauto\",\"https:\/\/www.instagram.com\/carideal1\/\",\"https:\/\/www.linkedin.com\/company\/carideal.com\",\"https:\/\/fr.pinterest.com\/schiavonsas\/\",\"https:\/\/www.youtube.com\/user\/caridealsas\"]},{\"@type\":\"Person\",\"@id\":\"https:\/\/www.carideal.com\/blog\/#\/schema\/person\/985c7e757d1042d647f21bfaf8d41ebc\",\"name\":\"N.S Carideal\",\"image\":{\"@type\":\"ImageObject\",\"inLanguage\":\"fr-FR\",\"@id\":\"https:\/\/www.carideal.com\/blog\/#\/schema\/person\/image\/\",\"url\":\"https:\/\/secure.gravatar.com\/avatar\/edb7ccdf1a4e3d14aef967760d354d0e?s=96&r=g\",\"contentUrl\":\"https:\/\/secure.gravatar.com\/avatar\/edb7ccdf1a4e3d14aef967760d354d0e?s=96&r=g\",\"caption\":\"N.S Carideal\"},\"description\":\"Depuis tout petit fan d'automobile. Il est question d'essayer et de comparer toutes ces voitures qui nous ont fait r\u00e9ver, avant que celles-ci ne devient uniquement des voitures de collection.\",\"sameAs\":[\"http:\/\/www.carideal.com\/blog\",\"https:\/\/www.facebook.com\/Carideal.mandataire.automobile\/\",\"https:\/\/www.linkedin.com\/in\/nschiavon\/\",\"https:\/\/www.youtube.com\/user\/caridealsas\/\"],\"url\":\"https:\/\/www.carideal.com\/blog\/author\/admin_carideal\/\"}]}<\/script>\n<!-- \/ Yoast SEO plugin. -->","yoast_head_json":{"title":"Peugeot 508 SW HDI 140 essai pr\u00e9sentation 2011 - Blog auto Carid\u00e9al","description":"La Peugeot 508 SW est un break plus qu'int\u00e9ressant \u00e0 consid\u00e9rer avant de songer \u00e0 l'achat d'une voiture sur ce segment. Un bon compromis","robots":{"index":"index","follow":"follow","max-snippet":"max-snippet:-1","max-image-preview":"max-image-preview:large","max-video-preview":"max-video-preview:-1"},"canonical":"https:\/\/www.carideal.com\/blog\/2011\/07\/25\/peugeot-508-sw-hdi-140\/","og_locale":"fr_FR","og_type":"article","og_title":"Peugeot 508 SW HDI 140 essai pr\u00e9sentation 2011 - Blog auto Carid\u00e9al","og_description":"La Peugeot 508 SW est un break plus qu'int\u00e9ressant \u00e0 consid\u00e9rer avant de songer \u00e0 l'achat d'une voiture sur ce segment. Un bon compromis","og_url":"https:\/\/www.carideal.com\/blog\/2011\/07\/25\/peugeot-508-sw-hdi-140\/","og_site_name":"Blog auto Carid\u00e9al","article_publisher":"https:\/\/www.facebook.com\/Carideal.mandataire.automobile","article_author":"https:\/\/www.facebook.com\/Carideal.mandataire.automobile\/","article_published_time":"2011-07-25T13:51:00+00:00","article_modified_time":"2024-01-20T19:27:54+00:00","og_image":[{"width":600,"height":313,"url":"https:\/\/www.carideal.com\/blog\/wp-content\/uploads\/2011\/07\/peugeot_508sw_carideal-mandataire-automobile-e1579885236476.jpg","type":"image\/jpeg"}],"author":"N.S Carideal","twitter_card":"summary_large_image","twitter_creator":"@caridealauto","twitter_site":"@caridealauto","twitter_misc":{"\u00c9crit par":"N.S Carideal","Dur\u00e9e de lecture estim\u00e9e":"5 minutes"},"schema":{"@context":"https:\/\/schema.org","@graph":[{"@type":"Article","@id":"https:\/\/www.carideal.com\/blog\/2011\/07\/25\/peugeot-508-sw-hdi-140\/#article","isPartOf":{"@id":"https:\/\/www.carideal.com\/blog\/2011\/07\/25\/peugeot-508-sw-hdi-140\/"},"author":{"name":"N.S Carideal","@id":"https:\/\/www.carideal.com\/blog\/#\/schema\/person\/985c7e757d1042d647f21bfaf8d41ebc"},"headline":"Peugeot 508 SW HDI 140 essai pr\u00e9sentation 2011","datePublished":"2011-07-25T13:51:00+00:00","dateModified":"2024-01-20T19:27:54+00:00","mainEntityOfPage":{"@id":"https:\/\/www.carideal.com\/blog\/2011\/07\/25\/peugeot-508-sw-hdi-140\/"},"wordCount":902,"commentCount":0,"publisher":{"@id":"https:\/\/www.carideal.com\/blog\/#organization"},"image":{"@id":"https:\/\/www.carideal.com\/blog\/2011\/07\/25\/peugeot-508-sw-hdi-140\/#primaryimage"},"thumbnailUrl":"https:\/\/www.carideal.com\/blog\/wp-content\/uploads\/2011\/07\/peugeot_508sw_carideal-mandataire-automobile-e1579885236476.jpg","keywords":["voiture familiale"],"articleSection":["Actualit\u00e9 Peugeot","Break","Essais automobile","Essais Peugeot"],"inLanguage":"fr-FR","potentialAction":[{"@type":"CommentAction","name":"Comment","target":["https:\/\/www.carideal.com\/blog\/2011\/07\/25\/peugeot-508-sw-hdi-140\/#respond"]}]},{"@type":"WebPage","@id":"https:\/\/www.carideal.com\/blog\/2011\/07\/25\/peugeot-508-sw-hdi-140\/","url":"https:\/\/www.carideal.com\/blog\/2011\/07\/25\/peugeot-508-sw-hdi-140\/","name":"Peugeot 508 SW HDI 140 essai pr\u00e9sentation 2011 - Blog auto Carid\u00e9al","isPartOf":{"@id":"https:\/\/www.carideal.com\/blog\/#website"},"primaryImageOfPage":{"@id":"https:\/\/www.carideal.com\/blog\/2011\/07\/25\/peugeot-508-sw-hdi-140\/#primaryimage"},"image":{"@id":"https:\/\/www.carideal.com\/blog\/2011\/07\/25\/peugeot-508-sw-hdi-140\/#primaryimage"},"thumbnailUrl":"https:\/\/www.carideal.com\/blog\/wp-content\/uploads\/2011\/07\/peugeot_508sw_carideal-mandataire-automobile-e1579885236476.jpg","datePublished":"2011-07-25T13:51:00+00:00","dateModified":"2024-01-20T19:27:54+00:00","description":"La Peugeot 508 SW est un break plus qu'int\u00e9ressant \u00e0 consid\u00e9rer avant de songer \u00e0 l'achat d'une voiture sur ce segment. Un bon compromis","breadcrumb":{"@id":"https:\/\/www.carideal.com\/blog\/2011\/07\/25\/peugeot-508-sw-hdi-140\/#breadcrumb"},"inLanguage":"fr-FR","potentialAction":[{"@type":"ReadAction","target":["https:\/\/www.carideal.com\/blog\/2011\/07\/25\/peugeot-508-sw-hdi-140\/"]}]},{"@type":"ImageObject","inLanguage":"fr-FR","@id":"https:\/\/www.carideal.com\/blog\/2011\/07\/25\/peugeot-508-sw-hdi-140\/#primaryimage","url":"https:\/\/www.carideal.com\/blog\/wp-content\/uploads\/2011\/07\/peugeot_508sw_carideal-mandataire-automobile-e1579885236476.jpg","contentUrl":"https:\/\/www.carideal.com\/blog\/wp-content\/uploads\/2011\/07\/peugeot_508sw_carideal-mandataire-automobile-e1579885236476.jpg","width":600,"height":313,"caption":"Peugeot 508 SW HDI 140 essai pr\u00e9sentation 2011"},{"@type":"BreadcrumbList","@id":"https:\/\/www.carideal.com\/blog\/2011\/07\/25\/peugeot-508-sw-hdi-140\/#breadcrumb","itemListElement":[{"@type":"ListItem","position":1,"name":"Blog Carid\u00e9al","item":"https:\/\/www.carideal.com\/blog\/"},{"@type":"ListItem","position":2,"name":"Actualit\u00e9 constructeur automobile","item":"https:\/\/www.carideal.com\/blog\/constructeur\/"},{"@type":"ListItem","position":3,"name":"Actualit\u00e9 Peugeot","item":"https:\/\/www.carideal.com\/blog\/constructeur\/peugeot\/"},{"@type":"ListItem","position":4,"name":"Peugeot 508 SW HDI 140 essai pr\u00e9sentation 2011"}]},{"@type":"WebSite","@id":"https:\/\/www.carideal.com\/blog\/#website","url":"https:\/\/www.carideal.com\/blog\/","name":"Blog auto Carid\u00e9al","description":"Actualit\u00e9 auto par des passionn\u00e9s","publisher":{"@id":"https:\/\/www.carideal.com\/blog\/#organization"},"potentialAction":[{"@type":"SearchAction","target":{"@type":"EntryPoint","urlTemplate":"https:\/\/www.carideal.com\/blog\/?s={search_term_string}"},"query-input":{"@type":"PropertyValueSpecification","valueRequired":true,"valueName":"search_term_string"}}],"inLanguage":"fr-FR"},{"@type":"Organization","@id":"https:\/\/www.carideal.com\/blog\/#organization","name":"Carideal","url":"https:\/\/www.carideal.com\/blog\/","logo":{"@type":"ImageObject","inLanguage":"fr-FR","@id":"https:\/\/www.carideal.com\/blog\/#\/schema\/logo\/image\/","url":"http:\/\/www.carideal.com\/blog\/wp-content\/uploads\/2016\/03\/logo-carideal-mandataire-automobile.png","contentUrl":"http:\/\/www.carideal.com\/blog\/wp-content\/uploads\/2016\/03\/logo-carideal-mandataire-automobile.png","width":300,"height":300,"caption":"Carideal"},"image":{"@id":"https:\/\/www.carideal.com\/blog\/#\/schema\/logo\/image\/"},"sameAs":["https:\/\/www.facebook.com\/Carideal.mandataire.automobile","https:\/\/x.com\/caridealauto","https:\/\/www.instagram.com\/carideal1\/","https:\/\/www.linkedin.com\/company\/carideal.com","https:\/\/fr.pinterest.com\/schiavonsas\/","https:\/\/www.youtube.com\/user\/caridealsas"]},{"@type":"Person","@id":"https:\/\/www.carideal.com\/blog\/#\/schema\/person\/985c7e757d1042d647f21bfaf8d41ebc","name":"N.S Carideal","image":{"@type":"ImageObject","inLanguage":"fr-FR","@id":"https:\/\/www.carideal.com\/blog\/#\/schema\/person\/image\/","url":"https:\/\/secure.gravatar.com\/avatar\/edb7ccdf1a4e3d14aef967760d354d0e?s=96&r=g","contentUrl":"https:\/\/secure.gravatar.com\/avatar\/edb7ccdf1a4e3d14aef967760d354d0e?s=96&r=g","caption":"N.S Carideal"},"description":"Depuis tout petit fan d'automobile. Il est question d'essayer et de comparer toutes ces voitures qui nous ont fait r\u00e9ver, avant que celles-ci ne devient uniquement des voitures de collection.","sameAs":["http:\/\/www.carideal.com\/blog","https:\/\/www.facebook.com\/Carideal.mandataire.automobile\/","https:\/\/www.linkedin.com\/in\/nschiavon\/","https:\/\/www.youtube.com\/user\/caridealsas\/"],"url":"https:\/\/www.carideal.com\/blog\/author\/admin_carideal\/"}]}},"uagb_featured_image_src":{"full":["https:\/\/www.carideal.com\/blog\/wp-content\/uploads\/2011\/07\/peugeot_508sw_carideal-mandataire-automobile-e1579885236476.jpg",600,313,false],"thumbnail":["https:\/\/www.carideal.com\/blog\/wp-content\/uploads\/2011\/07\/peugeot_508sw_carideal-mandataire-automobile-150x150.jpg",150,150,true],"medium":["https:\/\/www.carideal.com\/blog\/wp-content\/uploads\/2011\/07\/peugeot_508sw_carideal-mandataire-automobile-300x157.jpg",300,157,true],"medium_large":["https:\/\/www.carideal.com\/blog\/wp-content\/uploads\/2011\/07\/peugeot_508sw_carideal-mandataire-automobile-e1579885236476.jpg",600,313,false],"large":["https:\/\/www.carideal.com\/blog\/wp-content\/uploads\/2011\/07\/peugeot_508sw_carideal-mandataire-automobile-e1579885236476.jpg",600,313,false],"1536x1536":["https:\/\/www.carideal.com\/blog\/wp-content\/uploads\/2011\/07\/peugeot_508sw_carideal-mandataire-automobile-e1579885236476.jpg",600,313,false],"2048x2048":["https:\/\/www.carideal.com\/blog\/wp-content\/uploads\/2011\/07\/peugeot_508sw_carideal-mandataire-automobile-e1579885236476.jpg",600,313,false],"wppr-widget":["https:\/\/www.carideal.com\/blog\/wp-content\/uploads\/2011\/07\/peugeot_508sw_carideal-mandataire-automobile-50x26.jpg",50,26,true]},"uagb_author_info":{"display_name":"N.S Carideal","author_link":"https:\/\/www.carideal.com\/blog\/author\/admin_carideal\/"},"uagb_comment_info":0,"uagb_excerpt":"La Peugeot 508 SW est un break plus qu'int\u00e9ressant \u00e0 consid\u00e9rer avant de songer \u00e0 l'achat d'une voiture sur ce segment La ligne est magnifique et sa capacit\u00e9 de chargement de 560 litres fait d'elle la mieux plac\u00e9e de son cr\u00e9neau. Le HDi 112 est un peu poussif et il faudrait lui privil\u00e9gier le HDI\u2026","_links":{"self":[{"href":"https:\/\/www.carideal.com\/blog\/wp-json\/wp\/v2\/posts\/992"}],"collection":[{"href":"https:\/\/www.carideal.com\/blog\/wp-json\/wp\/v2\/posts"}],"about":[{"href":"https:\/\/www.carideal.com\/blog\/wp-json\/wp\/v2\/types\/post"}],"author":[{"embeddable":true,"href":"https:\/\/www.carideal.com\/blog\/wp-json\/wp\/v2\/users\/1"}],"replies":[{"embeddable":true,"href":"https:\/\/www.carideal.com\/blog\/wp-json\/wp\/v2\/comments?post=992"}],"version-history":[{"count":0,"href":"https:\/\/www.carideal.com\/blog\/wp-json\/wp\/v2\/posts\/992\/revisions"}],"wp:featuredmedia":[{"embeddable":true,"href":"https:\/\/www.carideal.com\/blog\/wp-json\/wp\/v2\/media\/21032"}],"wp:attachment":[{"href":"https:\/\/www.carideal.com\/blog\/wp-json\/wp\/v2\/media?parent=992"}],"wp:term":[{"taxonomy":"category","embeddable":true,"href":"https:\/\/www.carideal.com\/blog\/wp-json\/wp\/v2\/categories?post=992"},{"taxonomy":"post_tag","embeddable":true,"href":"https:\/\/www.carideal.com\/blog\/wp-json\/wp\/v2\/tags?post=992"}],"curies":[{"name":"wp","href":"https:\/\/api.w.org\/{rel}","templated":true}]}}