{"id":9916,"date":"2016-03-31T15:10:35","date_gmt":"2016-03-31T13:10:35","guid":{"rendered":"http:\/\/www.carideal.com\/blog\/?p=9916"},"modified":"2020-03-07T16:55:29","modified_gmt":"2020-03-07T15:55:29","slug":"commercialisation-du-nouveau-citroen-jumpy","status":"publish","type":"post","link":"https:\/\/www.carideal.com\/blog\/2016\/03\/31\/commercialisation-du-nouveau-citroen-jumpy\/","title":{"rendered":"Nouveau Citroen Jumpy commercialisation 2016"},"content":{"rendered":"<h1>Nous avons le plaisir de vous annoncer la commercialisation du NOUVEAU CITROEN JUMPY.<\/h1>\n<figure id=\"attachment_9921\" aria-describedby=\"caption-attachment-9921\" style=\"width: 290px\" class=\"wp-caption alignleft\"><a href=\"http:\/\/www.carideal.com\/blog\/wp-content\/uploads\/2016\/03\/nouveau-citroen-jumpy-2016.jpg\"><img loading=\"lazy\" decoding=\"async\" class=\"wp-image-9921 size-medium\" title=\"nouveau citroen jumpy 2016\" src=\"http:\/\/www.carideal.com\/blog\/wp-content\/uploads\/2016\/03\/nouveau-citroen-jumpy-2016-300x168.jpg\" alt=\"Nouveau citroen jumpy 2016\" width=\"300\" height=\"168\" srcset=\"https:\/\/www.carideal.com\/blog\/wp-content\/uploads\/2016\/03\/nouveau-citroen-jumpy-2016-300x168.jpg 300w, https:\/\/www.carideal.com\/blog\/wp-content\/uploads\/2016\/03\/nouveau-citroen-jumpy-2016-624x349.jpg 624w, https:\/\/www.carideal.com\/blog\/wp-content\/uploads\/2016\/03\/nouveau-citroen-jumpy-2016.jpg 800w\" sizes=\"(max-width: 300px) 100vw, 300px\" \/><\/a><figcaption id=\"caption-attachment-9921\" class=\"wp-caption-text\">Nouveau citroen jumpy 2016<\/figcaption><\/figure>\n<p>Les tarifs CITROEN VP et VU du 1er Avril 2016 prennent en compte le <strong>nouveau Citroen Jumpy<\/strong>. Le nouvel utilitaire Citroen arrive juste apr\u00e8s le <span style=\"text-decoration: underline;\"><a href=\"http:\/\/www.carideal.com\/blog\/2016\/03\/17\/commercialisation-de-citroen-spacetourer\/\">nouveau Citroen SpaceTourer<\/a><\/span>, v\u00e9hicule haut de gamme de transport de personne et apr\u00e8s le <span style=\"text-decoration: underline;\">Nouveau Citroen Berlingo<\/span>.<\/p>\n<h2>Nouveau Citroen Jumpy<\/h2>\n<figure id=\"attachment_9924\" aria-describedby=\"caption-attachment-9924\" style=\"width: 290px\" class=\"wp-caption alignleft\"><a href=\"http:\/\/www.carideal.com\/blog\/wp-content\/uploads\/2016\/03\/nouveau-citroen-jumpy-2016-2.jpg\"><img loading=\"lazy\" decoding=\"async\" class=\"wp-image-9924 size-medium\" title=\"Nouveau Citroen Jumpy 2016 trois longueurs\" src=\"http:\/\/www.carideal.com\/blog\/wp-content\/uploads\/2016\/03\/nouveau-citroen-jumpy-2016-2-300x175.jpg\" alt=\"Nouveau Citroen Jumpy 2016 trois longueurs\" width=\"300\" height=\"175\" srcset=\"https:\/\/www.carideal.com\/blog\/wp-content\/uploads\/2016\/03\/nouveau-citroen-jumpy-2016-2-300x175.jpg 300w, https:\/\/www.carideal.com\/blog\/wp-content\/uploads\/2016\/03\/nouveau-citroen-jumpy-2016-2-624x364.jpg 624w, https:\/\/www.carideal.com\/blog\/wp-content\/uploads\/2016\/03\/nouveau-citroen-jumpy-2016-2.jpg 800w\" sizes=\"(max-width: 300px) 100vw, 300px\" \/><\/a><figcaption id=\"caption-attachment-9924\" class=\"wp-caption-text\">Nouveau Citroen Jumpy 2016 trois longueurs<\/figcaption><\/figure>\n<p>Comme annonc\u00e9 dans la note Dossier de Presse 16.195 du 30 mars 2016, Citroen ouvre \u00e0 la commande le NOUVEAU CITROEN JUMPY, qui fait preuve d\u2019efficience et d\u2019ergonomie au service de la facilit\u00e9 d\u2019usage et de la s\u00e9curit\u00e9. Il vient compl\u00e9ter la modernisation de la gamme V\u00e9hicule utilitaire de CITROEN et doit permettre d\u2019apporter \u00e0 chaque professionnel la solution adapt\u00e9e aux exigences de son activit\u00e9.<\/p>\n<p>&nbsp;<\/p>\n<p>&nbsp;<\/p>\n<pre>Retrouvez toutes nos offres de <span style=\"text-decoration: underline;\">Citroen neuve pas chere<\/span> avec Carideal<\/pre>\n<h3>Gamme et tarifs nouveau Citroen Jumpy<\/h3>\n<h4><strong>Nouveau Citroen Jumpy Fourgon utilitaire<\/strong><\/h4>\n<figure id=\"attachment_9926\" aria-describedby=\"caption-attachment-9926\" style=\"width: 290px\" class=\"wp-caption alignleft\"><a href=\"http:\/\/www.carideal.com\/blog\/wp-content\/uploads\/2016\/03\/nouveau-citroen-jumpy-2016-3.jpg\"><img loading=\"lazy\" decoding=\"async\" class=\"wp-image-9926 size-medium\" title=\"Nouveau Citroen Jumpy 2016 ouverture keyless des portes lat\u00e9rales\" src=\"http:\/\/www.carideal.com\/blog\/wp-content\/uploads\/2016\/03\/nouveau-citroen-jumpy-2016-3-300x218.jpg\" alt=\"Nouveau Citroen Jumpy 2016 ouverture keyless des portes lat\u00e9rales\" width=\"300\" height=\"218\" srcset=\"https:\/\/www.carideal.com\/blog\/wp-content\/uploads\/2016\/03\/nouveau-citroen-jumpy-2016-3-300x218.jpg 300w, https:\/\/www.carideal.com\/blog\/wp-content\/uploads\/2016\/03\/nouveau-citroen-jumpy-2016-3-624x453.jpg 624w, https:\/\/www.carideal.com\/blog\/wp-content\/uploads\/2016\/03\/nouveau-citroen-jumpy-2016-3.jpg 800w\" sizes=\"(max-width: 300px) 100vw, 300px\" \/><\/a><figcaption id=\"caption-attachment-9926\" class=\"wp-caption-text\">Nouveau Citroen Jumpy 2016 ouverture keyless des portes lat\u00e9rales<\/figcaption><\/figure>\n<p>Nouveau Citroen Jumpy Fourgon est d\u00e9clin\u00e9 en 3 finitions, toutes disponibles dans les Tailles XS, M et XL on vous d\u00e9crit les d\u00e9tails de la gamme dans ce qui suit :<\/p>\n<ul>\n<li>la finition CONFORT, propos\u00e9e \u00e0 partir de 22 650 \u20ac HT et disponible avec les <span style=\"text-decoration: underline;\"><a href=\"http:\/\/www.carideal.com\/blog\/2013\/09\/16\/psa-blue-hdi-diesel-euro-6\/\" target=\"_blank\" rel=\"noopener noreferrer\">motorisations BlueHDi<\/a><\/span> 95 BVM, BlueHDi 115 S&amp;S BVM6 et BlueHDi 120 S&amp;S BVM6. Ce premier niveau de finition propose les principaux \u00e9quipements suivants : banquette passager avant 2 places, aide au d\u00e9marrage en pente, airbags frontaux (conducteur et passager), cloison t\u00f4l\u00e9e, l\u00e8ve-vitres avant \u00e9lectriques s\u00e9quentiels, r\u00e9troviseurs ext\u00e9rieurs \u00e9lectriques et chauffants, porte lat\u00e9rale coulissante droite, r\u00e9gulateur-limiteur de vitesse, roue de secours homog\u00e8ne et si\u00e8ge conducteur avec accoudoir, rehausse et r\u00e9glage lombaire.<\/li>\n<\/ul>\n<ul>\n<li>la finition CLUB, propos\u00e9e \u00e0 partir de 23 900 \u20ac HT et disponible avec les motorisations BlueHDi 95 BVM, BlueHDi 95 S&amp;S ETG6, BlueHDi 115 S&amp;S BVM6 et BlueHDi 120 S&amp;S BVM6. Ce niveau CLUB enrichit la finition CONFORT avec notamment la climatisation, le syst\u00e8me audio RDS MP3 et le kit mains libres Bluetooth avec prise USB.<\/li>\n<\/ul>\n<ul>\n<li>la finition BUSINESS, propos\u00e9e \u00e0 partir de 25 000 \u20ac HT et disponible avec les motorisations BlueHDi 95 BVM, BlueHDi 95 S&amp;S ETG6, BlueHDi 115 S&amp;S BVM6, BlueHDi 120 S&amp;S BVM6, BlueHDi 150 S&amp;S BVM6 et BlueHDi 180 S&amp;S EAT6. Ce niveau BUSINESS enrichit la finition CLUB avec l\u2019aide au stationnement arri\u00e8re, le CITROEN Connect Nav sur tablette tactile 7'', le Pack Visibilit\u00e9, les projecteurs antibrouillard et les r\u00e9troviseurs ext\u00e9rieurs rabattables \u00e9lectriquement.<\/li>\n<\/ul>\n<figure id=\"attachment_9925\" aria-describedby=\"caption-attachment-9925\" style=\"width: 290px\" class=\"wp-caption alignleft\"><a href=\"http:\/\/www.carideal.com\/blog\/wp-content\/uploads\/2016\/03\/nouveau-citroen-jumpy-2016-4.jpg\"><img loading=\"lazy\" decoding=\"async\" class=\"wp-image-9925 size-medium\" title=\"Nouveau Citroen Jumpy 2016\" src=\"http:\/\/www.carideal.com\/blog\/wp-content\/uploads\/2016\/03\/nouveau-citroen-jumpy-2016-4-300x174.jpg\" alt=\"Nouveau Citroen Jumpy 2016\" width=\"300\" height=\"174\" srcset=\"https:\/\/www.carideal.com\/blog\/wp-content\/uploads\/2016\/03\/nouveau-citroen-jumpy-2016-4-300x174.jpg 300w, https:\/\/www.carideal.com\/blog\/wp-content\/uploads\/2016\/03\/nouveau-citroen-jumpy-2016-4-624x363.jpg 624w, https:\/\/www.carideal.com\/blog\/wp-content\/uploads\/2016\/03\/nouveau-citroen-jumpy-2016-4.jpg 800w\" sizes=\"(max-width: 300px) 100vw, 300px\" \/><\/a><figcaption id=\"caption-attachment-9925\" class=\"wp-caption-text\">Nouveau Citroen Jumpy 2016<\/figcaption><\/figure>\n<p>Nouveau Citroen Jumpy sera propos\u00e9 ult\u00e9rieurement en versions Plancher Cabine et Cabine Approfondie 6 places (banquette arri\u00e8re fixe ou rabattable).<\/p>\n<h4>Nouveau Citroen Jumpy Combi<\/h4>\n<figure id=\"attachment_9927\" aria-describedby=\"caption-attachment-9927\" style=\"width: 290px\" class=\"wp-caption alignleft\"><a href=\"http:\/\/www.carideal.com\/blog\/wp-content\/uploads\/2016\/03\/nouveau-citroen-jumpy-2016-5.jpg\"><img loading=\"lazy\" decoding=\"async\" class=\"wp-image-9927 size-medium\" title=\"Nouveau Citroen Jumpy 2016 ModuWork\" src=\"http:\/\/www.carideal.com\/blog\/wp-content\/uploads\/2016\/03\/nouveau-citroen-jumpy-2016-5-300x178.jpg\" alt=\"Nouveau Citroen Jumpy 2016 ModuWork\" width=\"300\" height=\"178\" srcset=\"https:\/\/www.carideal.com\/blog\/wp-content\/uploads\/2016\/03\/nouveau-citroen-jumpy-2016-5-300x178.jpg 300w, https:\/\/www.carideal.com\/blog\/wp-content\/uploads\/2016\/03\/nouveau-citroen-jumpy-2016-5-624x370.jpg 624w, https:\/\/www.carideal.com\/blog\/wp-content\/uploads\/2016\/03\/nouveau-citroen-jumpy-2016-5.jpg 800w\" sizes=\"(max-width: 300px) 100vw, 300px\" \/><\/a><figcaption id=\"caption-attachment-9927\" class=\"wp-caption-text\">Nouveau Citroen Jumpy 2016 ModuWork<\/figcaption><\/figure>\n<p>D\u00e9di\u00e9 au transport de personnes, aux centres de loisirs et collectivit\u00e9s territoriales qui recherchent le maximum de places assises et de volume, le Nouveau Citroen Jumpy Combi est propos\u00e9 en finition Confort \u00e0 partir de 26 600 \u20ac TTC.<\/p>\n<p>Le Nouveau Citroen Jumpy 2016 sera \u00e9quip\u00e9 du Citroen Connect.<br \/>\nDisponible en Tailles XS, M et XL et avec les motorisations BlueHDi 95 BVM, et BlueHDi 115<\/p>\n<figure id=\"attachment_9928\" aria-describedby=\"caption-attachment-9928\" style=\"width: 290px\" class=\"wp-caption alignleft\"><a href=\"http:\/\/www.carideal.com\/blog\/wp-content\/uploads\/2016\/03\/nouveau-citroen-jumpy-2016-6.jpg\"><img loading=\"lazy\" decoding=\"async\" class=\"wp-image-9928 size-medium\" title=\"Nouveau Citroen Jumpy 2016 \u00e9quip\u00e9 du Citroen Connect\" src=\"http:\/\/www.carideal.com\/blog\/wp-content\/uploads\/2016\/03\/nouveau-citroen-jumpy-2016-6-300x177.jpg\" alt=\"Nouveau Citroen Jumpy 2016 \u00e9quip\u00e9 du Citroen Connect\" width=\"300\" height=\"177\" srcset=\"https:\/\/www.carideal.com\/blog\/wp-content\/uploads\/2016\/03\/nouveau-citroen-jumpy-2016-6-300x177.jpg 300w, https:\/\/www.carideal.com\/blog\/wp-content\/uploads\/2016\/03\/nouveau-citroen-jumpy-2016-6-624x368.jpg 624w, https:\/\/www.carideal.com\/blog\/wp-content\/uploads\/2016\/03\/nouveau-citroen-jumpy-2016-6.jpg 800w\" sizes=\"(max-width: 300px) 100vw, 300px\" \/><\/a><figcaption id=\"caption-attachment-9928\" class=\"wp-caption-text\">Nouveau Citroen Jumpy 2016 \u00e9quip\u00e9 du Citroen Connect<\/figcaption><\/figure>\n<p>S&amp;S BVM6, il propose jusqu\u2019\u00e0 9 places (y compris sur la Taille XS). Cette finition CONFORT est notamment \u00e9quip\u00e9e de 2 places \u00e0 l\u2019avant, de l\u2019aide au d\u00e9marrage en pente, des airbags frontaux et lat\u00e9raux avant t\u00eate-thorax, des l\u00e8ve-vitres avant \u00e9lectriques, de la porte lat\u00e9rale coulissante droite, du r\u00e9gulateur-limiteur de vitesse et du si\u00e8ge conducteur avec rehausse.<\/p>\n<p>ATTENTION : le Nouveau Citroen Jumpy Combi est \u00e9quip\u00e9 de s\u00e9rie de 2 si\u00e8ges avant uniquement. Les assises arri\u00e8re (en rang 2 et en rang 3) doivent \u00eatre command\u00e9es en option (de 550 \u20ac TTC \u00e0 1 200 \u20ac TTC selon le nombre de places arri\u00e8re).<\/p>\n<p>Les productions du Nouveau Citroen Jumpy d\u00e9marreront entre avril et octobre 2016 selon les versions.<\/p>\n<pre><span style=\"text-decoration: underline;\">Voiture d'occasion pas ch\u00e8re<\/span> avec Carideal mandataire auto occasion<\/pre>\n<h2>Galerie photo du Citroen Jumpy 2016<\/h2>\n<div id='gallery-1' class='gallery galleryid-9916 gallery-columns-3 gallery-size-medium'><figure class='gallery-item'>\n\t\t\t<div class='gallery-icon landscape'>\n\t\t\t\t<a href='https:\/\/www.carideal.com\/blog\/2016\/03\/31\/commercialisation-du-nouveau-citroen-jumpy\/nouveau-citroen-jumpy-2016-6\/#main'><img loading=\"lazy\" decoding=\"async\" width=\"300\" height=\"177\" src=\"https:\/\/www.carideal.com\/blog\/wp-content\/uploads\/2016\/03\/nouveau-citroen-jumpy-2016-6-300x177.jpg\" class=\"attachment-medium size-medium\" alt=\"Nouveau Citroen Jumpy 2016 \u00e9quip\u00e9 du Citroen Connect\" aria-describedby=\"gallery-1-9928\" srcset=\"https:\/\/www.carideal.com\/blog\/wp-content\/uploads\/2016\/03\/nouveau-citroen-jumpy-2016-6-300x177.jpg 300w, https:\/\/www.carideal.com\/blog\/wp-content\/uploads\/2016\/03\/nouveau-citroen-jumpy-2016-6-624x368.jpg 624w, https:\/\/www.carideal.com\/blog\/wp-content\/uploads\/2016\/03\/nouveau-citroen-jumpy-2016-6.jpg 800w\" sizes=\"(max-width: 300px) 100vw, 300px\" \/><\/a>\n\t\t\t<\/div>\n\t\t\t\t<figcaption class='wp-caption-text gallery-caption' id='gallery-1-9928'>\n\t\t\t\tNouveau Citroen Jumpy 2016 \u00e9quip\u00e9 du Citroen Connect\n\t\t\t\t<\/figcaption><\/figure><figure class='gallery-item'>\n\t\t\t<div class='gallery-icon landscape'>\n\t\t\t\t<a href='https:\/\/www.carideal.com\/blog\/2016\/03\/31\/commercialisation-du-nouveau-citroen-jumpy\/nouveau-citroen-jumpy-2016-5\/#main'><img loading=\"lazy\" decoding=\"async\" width=\"300\" height=\"178\" src=\"https:\/\/www.carideal.com\/blog\/wp-content\/uploads\/2016\/03\/nouveau-citroen-jumpy-2016-5-300x178.jpg\" class=\"attachment-medium size-medium\" alt=\"Nouveau Citroen Jumpy 2016 ModuWork\" aria-describedby=\"gallery-1-9927\" srcset=\"https:\/\/www.carideal.com\/blog\/wp-content\/uploads\/2016\/03\/nouveau-citroen-jumpy-2016-5-300x178.jpg 300w, https:\/\/www.carideal.com\/blog\/wp-content\/uploads\/2016\/03\/nouveau-citroen-jumpy-2016-5-624x370.jpg 624w, https:\/\/www.carideal.com\/blog\/wp-content\/uploads\/2016\/03\/nouveau-citroen-jumpy-2016-5.jpg 800w\" sizes=\"(max-width: 300px) 100vw, 300px\" \/><\/a>\n\t\t\t<\/div>\n\t\t\t\t<figcaption class='wp-caption-text gallery-caption' id='gallery-1-9927'>\n\t\t\t\tNouveau Citroen Jumpy 2016 ModuWork\n\t\t\t\t<\/figcaption><\/figure><figure class='gallery-item'>\n\t\t\t<div class='gallery-icon landscape'>\n\t\t\t\t<a href='https:\/\/www.carideal.com\/blog\/2016\/03\/31\/commercialisation-du-nouveau-citroen-jumpy\/nouveau-citroen-jumpy-2016-3\/#main'><img loading=\"lazy\" decoding=\"async\" width=\"300\" height=\"218\" src=\"https:\/\/www.carideal.com\/blog\/wp-content\/uploads\/2016\/03\/nouveau-citroen-jumpy-2016-3-300x218.jpg\" class=\"attachment-medium size-medium\" alt=\"Nouveau Citroen Jumpy 2016 ouverture keyless des portes lat\u00e9rales\" aria-describedby=\"gallery-1-9926\" srcset=\"https:\/\/www.carideal.com\/blog\/wp-content\/uploads\/2016\/03\/nouveau-citroen-jumpy-2016-3-300x218.jpg 300w, https:\/\/www.carideal.com\/blog\/wp-content\/uploads\/2016\/03\/nouveau-citroen-jumpy-2016-3-624x453.jpg 624w, https:\/\/www.carideal.com\/blog\/wp-content\/uploads\/2016\/03\/nouveau-citroen-jumpy-2016-3.jpg 800w\" sizes=\"(max-width: 300px) 100vw, 300px\" \/><\/a>\n\t\t\t<\/div>\n\t\t\t\t<figcaption class='wp-caption-text gallery-caption' id='gallery-1-9926'>\n\t\t\t\tNouveau Citroen Jumpy 2016 ouverture keyless des portes lat\u00e9rales\n\t\t\t\t<\/figcaption><\/figure><figure class='gallery-item'>\n\t\t\t<div class='gallery-icon landscape'>\n\t\t\t\t<a href='https:\/\/www.carideal.com\/blog\/2016\/03\/31\/commercialisation-du-nouveau-citroen-jumpy\/nouveau-citroen-jumpy-2016-4\/#main'><img loading=\"lazy\" decoding=\"async\" width=\"300\" height=\"174\" src=\"https:\/\/www.carideal.com\/blog\/wp-content\/uploads\/2016\/03\/nouveau-citroen-jumpy-2016-4-300x174.jpg\" class=\"attachment-medium size-medium\" alt=\"Nouveau Citroen Jumpy 2016\" aria-describedby=\"gallery-1-9925\" srcset=\"https:\/\/www.carideal.com\/blog\/wp-content\/uploads\/2016\/03\/nouveau-citroen-jumpy-2016-4-300x174.jpg 300w, https:\/\/www.carideal.com\/blog\/wp-content\/uploads\/2016\/03\/nouveau-citroen-jumpy-2016-4-624x363.jpg 624w, https:\/\/www.carideal.com\/blog\/wp-content\/uploads\/2016\/03\/nouveau-citroen-jumpy-2016-4.jpg 800w\" sizes=\"(max-width: 300px) 100vw, 300px\" \/><\/a>\n\t\t\t<\/div>\n\t\t\t\t<figcaption class='wp-caption-text gallery-caption' id='gallery-1-9925'>\n\t\t\t\tNouveau Citroen Jumpy 2016\n\t\t\t\t<\/figcaption><\/figure><figure class='gallery-item'>\n\t\t\t<div class='gallery-icon landscape'>\n\t\t\t\t<a href='https:\/\/www.carideal.com\/blog\/2016\/03\/31\/commercialisation-du-nouveau-citroen-jumpy\/nouveau-citroen-jumpy-2016-2\/#main'><img loading=\"lazy\" decoding=\"async\" width=\"300\" height=\"175\" src=\"https:\/\/www.carideal.com\/blog\/wp-content\/uploads\/2016\/03\/nouveau-citroen-jumpy-2016-2-300x175.jpg\" class=\"attachment-medium size-medium\" alt=\"Nouveau Citroen Jumpy 2016 trois longueurs\" aria-describedby=\"gallery-1-9924\" srcset=\"https:\/\/www.carideal.com\/blog\/wp-content\/uploads\/2016\/03\/nouveau-citroen-jumpy-2016-2-300x175.jpg 300w, https:\/\/www.carideal.com\/blog\/wp-content\/uploads\/2016\/03\/nouveau-citroen-jumpy-2016-2-624x364.jpg 624w, https:\/\/www.carideal.com\/blog\/wp-content\/uploads\/2016\/03\/nouveau-citroen-jumpy-2016-2.jpg 800w\" sizes=\"(max-width: 300px) 100vw, 300px\" \/><\/a>\n\t\t\t<\/div>\n\t\t\t\t<figcaption class='wp-caption-text gallery-caption' id='gallery-1-9924'>\n\t\t\t\tNouveau Citroen Jumpy 2016 trois longueurs\n\t\t\t\t<\/figcaption><\/figure><figure class='gallery-item'>\n\t\t\t<div class='gallery-icon landscape'>\n\t\t\t\t<a href='https:\/\/www.carideal.com\/blog\/2016\/03\/31\/commercialisation-du-nouveau-citroen-jumpy\/nouveau-citroen-jumpy-2016\/#main'><img loading=\"lazy\" decoding=\"async\" width=\"300\" height=\"168\" src=\"https:\/\/www.carideal.com\/blog\/wp-content\/uploads\/2016\/03\/nouveau-citroen-jumpy-2016-300x168.jpg\" class=\"attachment-medium size-medium\" alt=\"nouveau citroen jumpy 2016\" aria-describedby=\"gallery-1-9921\" srcset=\"https:\/\/www.carideal.com\/blog\/wp-content\/uploads\/2016\/03\/nouveau-citroen-jumpy-2016-300x168.jpg 300w, https:\/\/www.carideal.com\/blog\/wp-content\/uploads\/2016\/03\/nouveau-citroen-jumpy-2016-624x349.jpg 624w, https:\/\/www.carideal.com\/blog\/wp-content\/uploads\/2016\/03\/nouveau-citroen-jumpy-2016.jpg 800w\" sizes=\"(max-width: 300px) 100vw, 300px\" \/><\/a>\n\t\t\t<\/div>\n\t\t\t\t<figcaption class='wp-caption-text gallery-caption' id='gallery-1-9921'>\n\t\t\t\tnouveau citroen jumpy 2016\n\t\t\t\t<\/figcaption><\/figure>\n\t\t<\/div>\n\n<h2>La vid\u00e9o du Nouveau Citroen Jumpy 2016<\/h2>\n<p>Retrouvez en image le Citroen Jumpy dans sa vid\u00e9o officielle.<\/p>\n<p><iframe loading=\"lazy\" src=\"https:\/\/www.youtube.com\/embed\/4k1cY8fgdXY\" width=\"560\" height=\"315\" frameborder=\"0\"><\/iframe><\/p>\n","protected":false},"excerpt":{"rendered":"<p>Nous avons le plaisir de vous annoncer la commercialisation du NOUVEAU CITROEN JUMPY. Les tarifs CITROEN VP et VU du 1er Avril 2016 prennent en compte le nouveau Citroen Jumpy. Le nouvel utilitaire Citroen arrive juste apr\u00e8s le nouveau Citroen SpaceTourer, v\u00e9hicule haut de gamme de transport de personne et apr\u00e8s le Nouveau Citroen Berlingo. &#8230; <a title=\"Nouveau Citroen Jumpy commercialisation 2016\" class=\"read-more\" href=\"https:\/\/www.carideal.com\/blog\/2016\/03\/31\/commercialisation-du-nouveau-citroen-jumpy\/\" aria-label=\"En savoir plus sur Nouveau Citroen Jumpy commercialisation 2016\">Lire plus<\/a><\/p>\n","protected":false},"author":3,"featured_media":0,"comment_status":"open","ping_status":"open","sticky":false,"template":"","format":"standard","meta":{"_uag_custom_page_level_css":"","_themeisle_gutenberg_block_has_review":false,"footnotes":""},"categories":[5,5944,6028,9,5974],"tags":[],"class_list":["post-9916","post","type-post","status-publish","format-standard","hentry","category-citroen","category-constructeur","category-utilitaire","category-divers","category-type-de-vehicule"],"wppr_data":[],"yoast_head":"<!-- This site is optimized with the Yoast SEO plugin v24.8.1 - https:\/\/yoast.com\/wordpress\/plugins\/seo\/ -->\n<title>Nouveau Citroen Jumpy commercialisation 2016 - Blog auto Carid\u00e9al<\/title>\n<meta name=\"description\" content=\"lancement de la commercialisation du nouveau Citroen Jumpy. Trois longueurs diff\u00e9rentes, des versions combi et m\u00eame 4x4 avec Dangel.\" \/>\n<meta name=\"robots\" content=\"index, follow, max-snippet:-1, max-image-preview:large, max-video-preview:-1\" \/>\n<link rel=\"canonical\" href=\"https:\/\/www.carideal.com\/blog\/2016\/03\/31\/commercialisation-du-nouveau-citroen-jumpy\/\" \/>\n<meta property=\"og:locale\" content=\"fr_FR\" \/>\n<meta property=\"og:type\" content=\"article\" \/>\n<meta property=\"og:title\" content=\"Nouveau Citroen Jumpy commercialisation 2016 - Blog auto Carid\u00e9al\" \/>\n<meta property=\"og:description\" content=\"lancement de la commercialisation du nouveau Citroen Jumpy. Trois longueurs diff\u00e9rentes, des versions combi et m\u00eame 4x4 avec Dangel.\" \/>\n<meta property=\"og:url\" content=\"https:\/\/www.carideal.com\/blog\/2016\/03\/31\/commercialisation-du-nouveau-citroen-jumpy\/\" \/>\n<meta property=\"og:site_name\" content=\"Blog auto Carid\u00e9al\" \/>\n<meta property=\"article:publisher\" content=\"https:\/\/www.facebook.com\/Carideal.mandataire.automobile\" \/>\n<meta property=\"article:author\" content=\"https:\/\/www.facebook.com\/nicolas.schiavon.39\" \/>\n<meta property=\"article:published_time\" content=\"2016-03-31T13:10:35+00:00\" \/>\n<meta property=\"article:modified_time\" content=\"2020-03-07T15:55:29+00:00\" \/>\n<meta property=\"og:image\" content=\"https:\/\/www.carideal.com\/blog\/wp-content\/uploads\/2016\/03\/nouveau-citroen-jumpy-2016-6-300x177.jpg\" \/>\n<meta name=\"author\" content=\"Nicolas SCHIAVON\" \/>\n<meta name=\"twitter:card\" content=\"summary_large_image\" \/>\n<meta name=\"twitter:creator\" content=\"@caridealauto\" \/>\n<meta name=\"twitter:site\" content=\"@caridealauto\" \/>\n<meta name=\"twitter:label1\" content=\"\u00c9crit par\" \/>\n\t<meta name=\"twitter:data1\" content=\"Nicolas SCHIAVON\" \/>\n\t<meta name=\"twitter:label2\" content=\"Dur\u00e9e de lecture estim\u00e9e\" \/>\n\t<meta name=\"twitter:data2\" content=\"4 minutes\" \/>\n<script type=\"application\/ld+json\" class=\"yoast-schema-graph\">{\"@context\":\"https:\/\/schema.org\",\"@graph\":[{\"@type\":\"Article\",\"@id\":\"https:\/\/www.carideal.com\/blog\/2016\/03\/31\/commercialisation-du-nouveau-citroen-jumpy\/#article\",\"isPartOf\":{\"@id\":\"https:\/\/www.carideal.com\/blog\/2016\/03\/31\/commercialisation-du-nouveau-citroen-jumpy\/\"},\"author\":{\"name\":\"Nicolas SCHIAVON\",\"@id\":\"https:\/\/www.carideal.com\/blog\/#\/schema\/person\/cd95dc7919660de90d31b366f85be1ec\"},\"headline\":\"Nouveau Citroen Jumpy commercialisation 2016\",\"datePublished\":\"2016-03-31T13:10:35+00:00\",\"dateModified\":\"2020-03-07T15:55:29+00:00\",\"mainEntityOfPage\":{\"@id\":\"https:\/\/www.carideal.com\/blog\/2016\/03\/31\/commercialisation-du-nouveau-citroen-jumpy\/\"},\"wordCount\":712,\"commentCount\":0,\"publisher\":{\"@id\":\"https:\/\/www.carideal.com\/blog\/#organization\"},\"image\":{\"@id\":\"https:\/\/www.carideal.com\/blog\/2016\/03\/31\/commercialisation-du-nouveau-citroen-jumpy\/#primaryimage\"},\"thumbnailUrl\":\"http:\/\/www.carideal.com\/blog\/wp-content\/uploads\/2016\/03\/nouveau-citroen-jumpy-2016-300x168.jpg\",\"articleSection\":[\"Actualit\u00e9 Citroen\",\"Actualit\u00e9 Constructeur automobile\",\"Actualit\u00e9 des Utilitaires\",\"Divers\",\"Type de v\u00e9hicule\"],\"inLanguage\":\"fr-FR\",\"potentialAction\":[{\"@type\":\"CommentAction\",\"name\":\"Comment\",\"target\":[\"https:\/\/www.carideal.com\/blog\/2016\/03\/31\/commercialisation-du-nouveau-citroen-jumpy\/#respond\"]}]},{\"@type\":\"WebPage\",\"@id\":\"https:\/\/www.carideal.com\/blog\/2016\/03\/31\/commercialisation-du-nouveau-citroen-jumpy\/\",\"url\":\"https:\/\/www.carideal.com\/blog\/2016\/03\/31\/commercialisation-du-nouveau-citroen-jumpy\/\",\"name\":\"Nouveau Citroen Jumpy commercialisation 2016 - Blog auto Carid\u00e9al\",\"isPartOf\":{\"@id\":\"https:\/\/www.carideal.com\/blog\/#website\"},\"primaryImageOfPage\":{\"@id\":\"https:\/\/www.carideal.com\/blog\/2016\/03\/31\/commercialisation-du-nouveau-citroen-jumpy\/#primaryimage\"},\"image\":{\"@id\":\"https:\/\/www.carideal.com\/blog\/2016\/03\/31\/commercialisation-du-nouveau-citroen-jumpy\/#primaryimage\"},\"thumbnailUrl\":\"http:\/\/www.carideal.com\/blog\/wp-content\/uploads\/2016\/03\/nouveau-citroen-jumpy-2016-300x168.jpg\",\"datePublished\":\"2016-03-31T13:10:35+00:00\",\"dateModified\":\"2020-03-07T15:55:29+00:00\",\"description\":\"lancement de la commercialisation du nouveau Citroen Jumpy. Trois longueurs diff\u00e9rentes, des versions combi et m\u00eame 4x4 avec Dangel.\",\"breadcrumb\":{\"@id\":\"https:\/\/www.carideal.com\/blog\/2016\/03\/31\/commercialisation-du-nouveau-citroen-jumpy\/#breadcrumb\"},\"inLanguage\":\"fr-FR\",\"potentialAction\":[{\"@type\":\"ReadAction\",\"target\":[\"https:\/\/www.carideal.com\/blog\/2016\/03\/31\/commercialisation-du-nouveau-citroen-jumpy\/\"]}]},{\"@type\":\"ImageObject\",\"inLanguage\":\"fr-FR\",\"@id\":\"https:\/\/www.carideal.com\/blog\/2016\/03\/31\/commercialisation-du-nouveau-citroen-jumpy\/#primaryimage\",\"url\":\"http:\/\/www.carideal.com\/blog\/wp-content\/uploads\/2016\/03\/nouveau-citroen-jumpy-2016-300x168.jpg\",\"contentUrl\":\"http:\/\/www.carideal.com\/blog\/wp-content\/uploads\/2016\/03\/nouveau-citroen-jumpy-2016-300x168.jpg\"},{\"@type\":\"BreadcrumbList\",\"@id\":\"https:\/\/www.carideal.com\/blog\/2016\/03\/31\/commercialisation-du-nouveau-citroen-jumpy\/#breadcrumb\",\"itemListElement\":[{\"@type\":\"ListItem\",\"position\":1,\"name\":\"Blog Carid\u00e9al\",\"item\":\"https:\/\/www.carideal.com\/blog\/\"},{\"@type\":\"ListItem\",\"position\":2,\"name\":\"Actualit\u00e9 constructeur automobile\",\"item\":\"https:\/\/www.carideal.com\/blog\/constructeur\/\"},{\"@type\":\"ListItem\",\"position\":3,\"name\":\"Actualit\u00e9 Citroen\",\"item\":\"https:\/\/www.carideal.com\/blog\/constructeur\/citroen\/\"},{\"@type\":\"ListItem\",\"position\":4,\"name\":\"Nouveau Citroen Jumpy commercialisation 2016\"}]},{\"@type\":\"WebSite\",\"@id\":\"https:\/\/www.carideal.com\/blog\/#website\",\"url\":\"https:\/\/www.carideal.com\/blog\/\",\"name\":\"Blog auto Carid\u00e9al\",\"description\":\"Actualit\u00e9 auto par des passionn\u00e9s\",\"publisher\":{\"@id\":\"https:\/\/www.carideal.com\/blog\/#organization\"},\"potentialAction\":[{\"@type\":\"SearchAction\",\"target\":{\"@type\":\"EntryPoint\",\"urlTemplate\":\"https:\/\/www.carideal.com\/blog\/?s={search_term_string}\"},\"query-input\":{\"@type\":\"PropertyValueSpecification\",\"valueRequired\":true,\"valueName\":\"search_term_string\"}}],\"inLanguage\":\"fr-FR\"},{\"@type\":\"Organization\",\"@id\":\"https:\/\/www.carideal.com\/blog\/#organization\",\"name\":\"Carideal\",\"url\":\"https:\/\/www.carideal.com\/blog\/\",\"logo\":{\"@type\":\"ImageObject\",\"inLanguage\":\"fr-FR\",\"@id\":\"https:\/\/www.carideal.com\/blog\/#\/schema\/logo\/image\/\",\"url\":\"http:\/\/www.carideal.com\/blog\/wp-content\/uploads\/2016\/03\/logo-carideal-mandataire-automobile.png\",\"contentUrl\":\"http:\/\/www.carideal.com\/blog\/wp-content\/uploads\/2016\/03\/logo-carideal-mandataire-automobile.png\",\"width\":300,\"height\":300,\"caption\":\"Carideal\"},\"image\":{\"@id\":\"https:\/\/www.carideal.com\/blog\/#\/schema\/logo\/image\/\"},\"sameAs\":[\"https:\/\/www.facebook.com\/Carideal.mandataire.automobile\",\"https:\/\/x.com\/caridealauto\",\"https:\/\/www.instagram.com\/carideal1\/\",\"https:\/\/www.linkedin.com\/company\/carideal.com\",\"https:\/\/fr.pinterest.com\/schiavonsas\/\",\"https:\/\/www.youtube.com\/user\/caridealsas\"]},{\"@type\":\"Person\",\"@id\":\"https:\/\/www.carideal.com\/blog\/#\/schema\/person\/cd95dc7919660de90d31b366f85be1ec\",\"name\":\"Nicolas SCHIAVON\",\"image\":{\"@type\":\"ImageObject\",\"inLanguage\":\"fr-FR\",\"@id\":\"https:\/\/www.carideal.com\/blog\/#\/schema\/person\/image\/\",\"url\":\"https:\/\/secure.gravatar.com\/avatar\/c17e55009e671d92cc7f5dc837dc418a?s=96&r=g\",\"contentUrl\":\"https:\/\/secure.gravatar.com\/avatar\/c17e55009e671d92cc7f5dc837dc418a?s=96&r=g\",\"caption\":\"Nicolas SCHIAVON\"},\"description\":\"Nicolas Schiavon est tomb\u00e9 tout petit dans la marmite automobile. Ayant eu un garage de marque automobile, mandataire automobile de la premi\u00e8re heure d\u00e8s 1999. Nicolas a cr\u00e9\u00e9 ces premiers sites de vente de voiture et blog automobile d\u00e8s 1994. Carideal est n\u00e9 le 15 d\u00e9cembre 2000 de la volont\u00e9 de vendre des voitures d'occasions en ligne puis des voitures neuves. Il a pu essayer beaucoup de voitures tr\u00e8s diff\u00e9rentes et ayant eu personnellement quelques belles autos, Subaru Impreza, Mitsubishi Lancer Evo 7, Porsche 911, Ferrari Testarrossa, Audi RS3, RS4 et j'en passe...\",\"sameAs\":[\"http:\/\/www.carideal.com\",\"https:\/\/www.facebook.com\/nicolas.schiavon.39\",\"https:\/\/www.instagram.com\/carideal1\/\",\"https:\/\/www.linkedin.com\/in\/nschiavon\/\",\"https:\/\/x.com\/caridealauto\",\"https:\/\/www.youtube.com\/user\/caridealsas\/\"],\"url\":\"https:\/\/www.carideal.com\/blog\/author\/nschiavon\/\"}]}<\/script>\n<!-- \/ Yoast SEO plugin. -->","yoast_head_json":{"title":"Nouveau Citroen Jumpy commercialisation 2016 - Blog auto Carid\u00e9al","description":"lancement de la commercialisation du nouveau Citroen Jumpy. Trois longueurs diff\u00e9rentes, des versions combi et m\u00eame 4x4 avec Dangel.","robots":{"index":"index","follow":"follow","max-snippet":"max-snippet:-1","max-image-preview":"max-image-preview:large","max-video-preview":"max-video-preview:-1"},"canonical":"https:\/\/www.carideal.com\/blog\/2016\/03\/31\/commercialisation-du-nouveau-citroen-jumpy\/","og_locale":"fr_FR","og_type":"article","og_title":"Nouveau Citroen Jumpy commercialisation 2016 - Blog auto Carid\u00e9al","og_description":"lancement de la commercialisation du nouveau Citroen Jumpy. Trois longueurs diff\u00e9rentes, des versions combi et m\u00eame 4x4 avec Dangel.","og_url":"https:\/\/www.carideal.com\/blog\/2016\/03\/31\/commercialisation-du-nouveau-citroen-jumpy\/","og_site_name":"Blog auto Carid\u00e9al","article_publisher":"https:\/\/www.facebook.com\/Carideal.mandataire.automobile","article_author":"https:\/\/www.facebook.com\/nicolas.schiavon.39","article_published_time":"2016-03-31T13:10:35+00:00","article_modified_time":"2020-03-07T15:55:29+00:00","og_image":[{"url":"https:\/\/www.carideal.com\/blog\/wp-content\/uploads\/2016\/03\/nouveau-citroen-jumpy-2016-6-300x177.jpg","type":"","width":"","height":""}],"author":"Nicolas SCHIAVON","twitter_card":"summary_large_image","twitter_creator":"@caridealauto","twitter_site":"@caridealauto","twitter_misc":{"\u00c9crit par":"Nicolas SCHIAVON","Dur\u00e9e de lecture estim\u00e9e":"4 minutes"},"schema":{"@context":"https:\/\/schema.org","@graph":[{"@type":"Article","@id":"https:\/\/www.carideal.com\/blog\/2016\/03\/31\/commercialisation-du-nouveau-citroen-jumpy\/#article","isPartOf":{"@id":"https:\/\/www.carideal.com\/blog\/2016\/03\/31\/commercialisation-du-nouveau-citroen-jumpy\/"},"author":{"name":"Nicolas SCHIAVON","@id":"https:\/\/www.carideal.com\/blog\/#\/schema\/person\/cd95dc7919660de90d31b366f85be1ec"},"headline":"Nouveau Citroen Jumpy commercialisation 2016","datePublished":"2016-03-31T13:10:35+00:00","dateModified":"2020-03-07T15:55:29+00:00","mainEntityOfPage":{"@id":"https:\/\/www.carideal.com\/blog\/2016\/03\/31\/commercialisation-du-nouveau-citroen-jumpy\/"},"wordCount":712,"commentCount":0,"publisher":{"@id":"https:\/\/www.carideal.com\/blog\/#organization"},"image":{"@id":"https:\/\/www.carideal.com\/blog\/2016\/03\/31\/commercialisation-du-nouveau-citroen-jumpy\/#primaryimage"},"thumbnailUrl":"http:\/\/www.carideal.com\/blog\/wp-content\/uploads\/2016\/03\/nouveau-citroen-jumpy-2016-300x168.jpg","articleSection":["Actualit\u00e9 Citroen","Actualit\u00e9 Constructeur automobile","Actualit\u00e9 des Utilitaires","Divers","Type de v\u00e9hicule"],"inLanguage":"fr-FR","potentialAction":[{"@type":"CommentAction","name":"Comment","target":["https:\/\/www.carideal.com\/blog\/2016\/03\/31\/commercialisation-du-nouveau-citroen-jumpy\/#respond"]}]},{"@type":"WebPage","@id":"https:\/\/www.carideal.com\/blog\/2016\/03\/31\/commercialisation-du-nouveau-citroen-jumpy\/","url":"https:\/\/www.carideal.com\/blog\/2016\/03\/31\/commercialisation-du-nouveau-citroen-jumpy\/","name":"Nouveau Citroen Jumpy commercialisation 2016 - Blog auto Carid\u00e9al","isPartOf":{"@id":"https:\/\/www.carideal.com\/blog\/#website"},"primaryImageOfPage":{"@id":"https:\/\/www.carideal.com\/blog\/2016\/03\/31\/commercialisation-du-nouveau-citroen-jumpy\/#primaryimage"},"image":{"@id":"https:\/\/www.carideal.com\/blog\/2016\/03\/31\/commercialisation-du-nouveau-citroen-jumpy\/#primaryimage"},"thumbnailUrl":"http:\/\/www.carideal.com\/blog\/wp-content\/uploads\/2016\/03\/nouveau-citroen-jumpy-2016-300x168.jpg","datePublished":"2016-03-31T13:10:35+00:00","dateModified":"2020-03-07T15:55:29+00:00","description":"lancement de la commercialisation du nouveau Citroen Jumpy. Trois longueurs diff\u00e9rentes, des versions combi et m\u00eame 4x4 avec Dangel.","breadcrumb":{"@id":"https:\/\/www.carideal.com\/blog\/2016\/03\/31\/commercialisation-du-nouveau-citroen-jumpy\/#breadcrumb"},"inLanguage":"fr-FR","potentialAction":[{"@type":"ReadAction","target":["https:\/\/www.carideal.com\/blog\/2016\/03\/31\/commercialisation-du-nouveau-citroen-jumpy\/"]}]},{"@type":"ImageObject","inLanguage":"fr-FR","@id":"https:\/\/www.carideal.com\/blog\/2016\/03\/31\/commercialisation-du-nouveau-citroen-jumpy\/#primaryimage","url":"http:\/\/www.carideal.com\/blog\/wp-content\/uploads\/2016\/03\/nouveau-citroen-jumpy-2016-300x168.jpg","contentUrl":"http:\/\/www.carideal.com\/blog\/wp-content\/uploads\/2016\/03\/nouveau-citroen-jumpy-2016-300x168.jpg"},{"@type":"BreadcrumbList","@id":"https:\/\/www.carideal.com\/blog\/2016\/03\/31\/commercialisation-du-nouveau-citroen-jumpy\/#breadcrumb","itemListElement":[{"@type":"ListItem","position":1,"name":"Blog Carid\u00e9al","item":"https:\/\/www.carideal.com\/blog\/"},{"@type":"ListItem","position":2,"name":"Actualit\u00e9 constructeur automobile","item":"https:\/\/www.carideal.com\/blog\/constructeur\/"},{"@type":"ListItem","position":3,"name":"Actualit\u00e9 Citroen","item":"https:\/\/www.carideal.com\/blog\/constructeur\/citroen\/"},{"@type":"ListItem","position":4,"name":"Nouveau Citroen Jumpy commercialisation 2016"}]},{"@type":"WebSite","@id":"https:\/\/www.carideal.com\/blog\/#website","url":"https:\/\/www.carideal.com\/blog\/","name":"Blog auto Carid\u00e9al","description":"Actualit\u00e9 auto par des passionn\u00e9s","publisher":{"@id":"https:\/\/www.carideal.com\/blog\/#organization"},"potentialAction":[{"@type":"SearchAction","target":{"@type":"EntryPoint","urlTemplate":"https:\/\/www.carideal.com\/blog\/?s={search_term_string}"},"query-input":{"@type":"PropertyValueSpecification","valueRequired":true,"valueName":"search_term_string"}}],"inLanguage":"fr-FR"},{"@type":"Organization","@id":"https:\/\/www.carideal.com\/blog\/#organization","name":"Carideal","url":"https:\/\/www.carideal.com\/blog\/","logo":{"@type":"ImageObject","inLanguage":"fr-FR","@id":"https:\/\/www.carideal.com\/blog\/#\/schema\/logo\/image\/","url":"http:\/\/www.carideal.com\/blog\/wp-content\/uploads\/2016\/03\/logo-carideal-mandataire-automobile.png","contentUrl":"http:\/\/www.carideal.com\/blog\/wp-content\/uploads\/2016\/03\/logo-carideal-mandataire-automobile.png","width":300,"height":300,"caption":"Carideal"},"image":{"@id":"https:\/\/www.carideal.com\/blog\/#\/schema\/logo\/image\/"},"sameAs":["https:\/\/www.facebook.com\/Carideal.mandataire.automobile","https:\/\/x.com\/caridealauto","https:\/\/www.instagram.com\/carideal1\/","https:\/\/www.linkedin.com\/company\/carideal.com","https:\/\/fr.pinterest.com\/schiavonsas\/","https:\/\/www.youtube.com\/user\/caridealsas"]},{"@type":"Person","@id":"https:\/\/www.carideal.com\/blog\/#\/schema\/person\/cd95dc7919660de90d31b366f85be1ec","name":"Nicolas SCHIAVON","image":{"@type":"ImageObject","inLanguage":"fr-FR","@id":"https:\/\/www.carideal.com\/blog\/#\/schema\/person\/image\/","url":"https:\/\/secure.gravatar.com\/avatar\/c17e55009e671d92cc7f5dc837dc418a?s=96&r=g","contentUrl":"https:\/\/secure.gravatar.com\/avatar\/c17e55009e671d92cc7f5dc837dc418a?s=96&r=g","caption":"Nicolas SCHIAVON"},"description":"Nicolas Schiavon est tomb\u00e9 tout petit dans la marmite automobile. Ayant eu un garage de marque automobile, mandataire automobile de la premi\u00e8re heure d\u00e8s 1999. Nicolas a cr\u00e9\u00e9 ces premiers sites de vente de voiture et blog automobile d\u00e8s 1994. Carideal est n\u00e9 le 15 d\u00e9cembre 2000 de la volont\u00e9 de vendre des voitures d'occasions en ligne puis des voitures neuves. Il a pu essayer beaucoup de voitures tr\u00e8s diff\u00e9rentes et ayant eu personnellement quelques belles autos, Subaru Impreza, Mitsubishi Lancer Evo 7, Porsche 911, Ferrari Testarrossa, Audi RS3, RS4 et j'en passe...","sameAs":["http:\/\/www.carideal.com","https:\/\/www.facebook.com\/nicolas.schiavon.39","https:\/\/www.instagram.com\/carideal1\/","https:\/\/www.linkedin.com\/in\/nschiavon\/","https:\/\/x.com\/caridealauto","https:\/\/www.youtube.com\/user\/caridealsas\/"],"url":"https:\/\/www.carideal.com\/blog\/author\/nschiavon\/"}]}},"uagb_featured_image_src":{"full":false,"thumbnail":false,"medium":false,"medium_large":false,"large":false,"1536x1536":false,"2048x2048":false,"wppr-widget":false},"uagb_author_info":{"display_name":"Nicolas SCHIAVON","author_link":"https:\/\/www.carideal.com\/blog\/author\/nschiavon\/"},"uagb_comment_info":0,"uagb_excerpt":"Nous avons le plaisir de vous annoncer la commercialisation du NOUVEAU CITROEN JUMPY. Les tarifs CITROEN VP et VU du 1er Avril 2016 prennent en compte le nouveau Citroen Jumpy. Le nouvel utilitaire Citroen arrive juste apr\u00e8s le nouveau Citroen SpaceTourer, v\u00e9hicule haut de gamme de transport de personne et apr\u00e8s le Nouveau Citroen Berlingo.\u2026","_links":{"self":[{"href":"https:\/\/www.carideal.com\/blog\/wp-json\/wp\/v2\/posts\/9916"}],"collection":[{"href":"https:\/\/www.carideal.com\/blog\/wp-json\/wp\/v2\/posts"}],"about":[{"href":"https:\/\/www.carideal.com\/blog\/wp-json\/wp\/v2\/types\/post"}],"author":[{"embeddable":true,"href":"https:\/\/www.carideal.com\/blog\/wp-json\/wp\/v2\/users\/3"}],"replies":[{"embeddable":true,"href":"https:\/\/www.carideal.com\/blog\/wp-json\/wp\/v2\/comments?post=9916"}],"version-history":[{"count":0,"href":"https:\/\/www.carideal.com\/blog\/wp-json\/wp\/v2\/posts\/9916\/revisions"}],"wp:attachment":[{"href":"https:\/\/www.carideal.com\/blog\/wp-json\/wp\/v2\/media?parent=9916"}],"wp:term":[{"taxonomy":"category","embeddable":true,"href":"https:\/\/www.carideal.com\/blog\/wp-json\/wp\/v2\/categories?post=9916"},{"taxonomy":"post_tag","embeddable":true,"href":"https:\/\/www.carideal.com\/blog\/wp-json\/wp\/v2\/tags?post=9916"}],"curies":[{"name":"wp","href":"https:\/\/api.w.org\/{rel}","templated":true}]}}