{"id":991,"date":"2011-07-25T11:01:00","date_gmt":"2011-07-25T11:01:00","guid":{"rendered":"http:\/\/carideal.com\/blog\/?p=991"},"modified":"2020-01-23T16:51:32","modified_gmt":"2020-01-23T15:51:32","slug":"bmw-320ed-163ch-109g-de-co2","status":"publish","type":"post","link":"https:\/\/www.carideal.com\/blog\/2011\/07\/25\/bmw-320ed-163ch-109g-de-co2\/","title":{"rendered":"BMW 320ED 163ch 109g de CO2"},"content":{"rendered":"<h2>BMW 320ED 163 ch et seulement 109g de CO2 par km<\/h2>\n<p><strong>BMW 320ED Efficient Dynamics<\/strong> : Comment concilier, une belle voiture, puissante et qui ne consomme que tr\u00e8s peu\u00a0? <a href=\"http:\/\/www.carideal.com\/blog\/marque-de-voiture-actualites-essais\/bmw\/\"><span style=\"text-decoration: underline;\">BMW<\/span><\/a> l'a fait avec sa version d\u00e9gonfl\u00e9e de la 320D de 184 ch \u00e0 163 ch.<\/p>\n<figure id=\"attachment_20959\" aria-describedby=\"caption-attachment-20959\" style=\"width: 438px\" class=\"wp-caption aligncenter\"><img loading=\"lazy\" decoding=\"async\" class=\"size-full wp-image-20959\" src=\"http:\/\/www.carideal.com\/blog\/wp-content\/uploads\/2011\/07\/bmw-320-ed-achat-carideal-mandataire-automobile_m.jpg\" alt=\"BMW 320ED 163ch 109g de CO2\" width=\"448\" height=\"252\" srcset=\"https:\/\/www.carideal.com\/blog\/wp-content\/uploads\/2011\/07\/bmw-320-ed-achat-carideal-mandataire-automobile_m.jpg 448w, https:\/\/www.carideal.com\/blog\/wp-content\/uploads\/2011\/07\/bmw-320-ed-achat-carideal-mandataire-automobile_m-300x169.jpg 300w, https:\/\/www.carideal.com\/blog\/wp-content\/uploads\/2011\/07\/bmw-320-ed-achat-carideal-mandataire-automobile_m-50x28.jpg 50w, https:\/\/www.carideal.com\/blog\/wp-content\/uploads\/2011\/07\/bmw-320-ed-achat-carideal-mandataire-automobile_m-110x62.jpg 110w, https:\/\/www.carideal.com\/blog\/wp-content\/uploads\/2011\/07\/bmw-320-ed-achat-carideal-mandataire-automobile_m-420x236.jpg 420w\" sizes=\"(max-width: 448px) 100vw, 448px\" \/><figcaption id=\"caption-attachment-20959\" class=\"wp-caption-text\">BMW 320ED 163ch 109g de CO2<\/figcaption><\/figure>\n<p>Bien entendu, il s'agit toujours du quatre cylindres mais avec de nouveaux r\u00e9glages, 163 ch et 380 Nm de couple pour 109 g de CO2\/km. Il ne s'agit point l\u00e0 d'une version \"d\u00e9gonfl\u00e9e\", le moteur est souple et puissant et ...ne se contente que de 5L \/100km sur route et 6.2 litres en Mixte.<\/p>\n<p>BMW a utilis\u00e9 sa panoplie d'accessoire habituelle tel que le Stop &amp; Start, des pneus basse consommation et le syst\u00e8me de r\u00e9cup\u00e9ration d'\u00e9nergie au freinage.<br \/>\nLa voiture est pr\u00e9cise sur la route, son train arri\u00e8re colle, sa direction est l\u00e9g\u00e8re, mais en ville le syst\u00e8me stop &amp; start engendre des accoups, et la commande de boite de vitesse est dure.<br \/>\nMais pour le m\u00eame prix on a la version 184 ch qui ne consomme que 0.6 L de plus aux 100 km.<\/p>\n<p>Nous avons pu tester rapidement cette s\u00e9rie 3 avant de la livrer. Cette BMW 320ED \u00e9cologico sp\u00e9ciale propose-t-elle r\u00e9ellement des gains de consommations qui valent le coup pour justifier les compromis sur les options et le puissance ?<\/p>\n<p>Trouvez votre <span style=\"text-decoration: underline;\">voiture neuve pas cher<\/span> avec Carideal <span style=\"text-decoration: underline;\"><a href=\"http:\/\/www.carideal.com\/\" target=\"_blank\" rel=\"noopener noreferrer\">mandataire auto<\/a><\/span><\/p>\n<h2>Pourquoi une BMW 320ED ?<\/h2>\n<p>\u00c0 prix identique \u00e0 la 320d, la BMW 320ED saura s\u00e9duire ceux qui font beaucoup de kilom\u00e9tr\u00e9s. Si vous voulez de belles jantes en alliages sportives, vous vous vous orienterez pour la 320d normale, tandis que les gains d'efficacit\u00e9 par rapport au mod\u00e8le standard sont marginales. Mais d'un autre c\u00f4t\u00e9, ils ajoutent \u00e0 la baisse de consommation de carburant, la baisse de fiscalit\u00e9 pour les entreprises, la TVS, et elle se trouve favoris\u00e9e face au syst\u00e8me de <span style=\"text-decoration: underline;\"><a href=\"http:\/\/www.carideal.com\/blog\/2013\/10\/25\/bonus-malus-tvs-2014\/\" target=\"_blank\" rel=\"noopener noreferrer\">Bonus Malus<\/a><\/span> et elle roule aussi bien que n'importe quelle <span style=\"text-decoration: underline;\">BMW s\u00e9rie 3<\/span>.<\/p>\n<p>Cette BMW 320ED est la plus efficace des BMW S\u00e9rie 3. Le nouveau mod\u00e8le Efficient Dynamics est bas\u00e9 sur le succ\u00e8s de son pr\u00e9d\u00e9cesseur, qui a \u00e9t\u00e9 la plus vendue des BMW s\u00e9rie 3. Comme cette voiture, elle est bas\u00e9e sur la 320d, mais se vante m\u00eame de proposer de meilleures \u00e9conomie de carburant et \u00e9missions de CO2. Elle est propos\u00e9e au m\u00eame prix que la BMW 320 d, alors o\u00f9 est le pi\u00e8ge ?<\/p>\n<p>Trouvez votre <a href=\"http:\/\/www.carideal.com\/blog\/voitures-occasions\/\"><span style=\"text-decoration: underline;\">voiture d'occasion<\/span><\/a> par <a href=\"http:\/\/www.carideal.com\/blog\/marque-de-voiture-actualites-essais\/\"><span style=\"text-decoration: underline;\">marque de voiture<\/span><\/a><\/p>\n<h2>La BMW 320ED vu de l'ext\u00e9rieur<\/h2>\n<p>A l'ext\u00e9rieur, il y a tr\u00e8s peu choses visibles\u00a0qui changent sur cette BMW 320Ed Efficient Dynamics par rapport aux autres BMW s\u00e9rie 3. Elle est livr\u00e9e\u00a0avec des jantes alliages uniques de 16 pouces, des pneus \u00e0 faible r\u00e9sistance au roulement, alors qu'une 320d de m\u00eame niveau sera livr\u00e9e avec des roues plus sportive de 17 pouces.<br \/>\nPourtant, contrairement \u00e0 d'autres mod\u00e8les de la gamme, il n'y a aucune possibilit\u00e9 de passer \u00e0 de plus grandes roues. En outre, les mod\u00e8les Efficient Dynamics ne peuvent pas \u00eatre \u00e9quip\u00e9s du pack sport M<\/p>\n<h2>La BMW 320ED \u00e0 l'int\u00e9rieur<\/h2>\n<p>A l'int\u00e9rieur, La BMW 320ED est identique \u00e0 la S\u00e9rie 3, ce qui signifie pas de garniture en cuir livr\u00e9e de s\u00e9rie.<\/p>\n<p>Sinon, il y a assez de pack en options, y compris les capteurs de stationnement, r\u00e9gulateur de vitesse et de climatisation, Bluetooth, ainsi que le pack visibilit\u00e9 feux et essuie-glaces\u00a0automatiques.\u00a0Il y a un volant garni de cuir. Dans l'ensemble, l'habitacle est tr\u00e8s attrayant, avec des reflets m\u00e9talliques, et comme dans les\u00a0autres nouvelle S\u00e9rie 3, il est plus spacieux qu'auparavant.<\/p>\n<p>La BMW 320ED Efficient Dynamics se conduit\u00a0mieux que la 320D de base, gr\u00e2ce aux flancs plus haut\u00a0de ses pneus de 16 pouces. Ils vont vraiment mieux sur la plupart des surfaces. Seules les routes d\u00e9form\u00e9e parviennent \u00e0 le mettre \u00e0 mal.<\/p>\n<p>Le bruit de roulement est faible, mais le moteur diesel est toujours vocale, ce qui nuit \u00e0 la sensation des voitures premium. Comme toujours, la s\u00e9rie 3 aime les\u00a0routes sinueuses, et cela ne change pas dans cette BMW 320ED \"\u00e9cologicosp\u00e9ciale\". Cette BMW 320ED\u00a0a une grande ma\u00eetrise des mouvements de caisse\u00a0et une superbe agilit\u00e9.<\/p>\n<p>La boite manuelle \u00e0 six vitesses habituelle de BMW est en standart, mais les rapports de boite ont\u00a0\u00e9t\u00e9 modifi\u00e9s pour am\u00e9liorer l'\u00e9conomie de carburant. Le mode de conduite ECO PRO augmente l'efficacit\u00e9 du syst\u00e8me d'air conditionn\u00e9 et \u00e9mousse un peu la r\u00e9ponse \u00e0 l'acc\u00e9l\u00e9rateur.<\/p>\n<p>Ce\u00a0mode\u00a0fonctionne bien - si bien que vous vous\u00a0surprenez\u00a0souvent en train de changer plus t\u00f4t de rapport que ce que vous n'auriez l'habitude de faire. Vous pouvez \u00e9galement s\u00e9lectionner le mode Sport, qui baisse le temps de r\u00e9ponse de\u00a0l'acc\u00e9l\u00e9rateur et rend la direction plus directe quand l'envie vous en prend.<\/p>\n<p>Contrairement \u00e0 la g\u00e9n\u00e9ration pr\u00e9c\u00e9dente de S\u00e9rie 3 Efficient Dynamics, la nouvelle voiture peut \u00eatre \u00e9quip\u00e9e\u00a0d'une transmission automatique \u00e0 huit rapports, qui fonctionne en douceur.<\/p>\n<p>BMW affirme que la boite manuel fera revenir les consommations moyennes de carburant \u00e0 3.4 litres aux 100 km en \u00e9mettant seulement 109g \/ km de CO2. Cependant, il faut se souvenir qu'une 320d standard revendique 3.8 L\/100 km et 120g \/ km, en \u00e9tant 20 ch plus puissante !!<\/p>\n<p>En conduite de tout les jours, vous ne vous appercevrez pas de la puissance r\u00e9duite de la BMW 320ED, car elle a le m\u00eame couple que la 320DE de base. C'est vrai que sur le papier, la voiture\u00a0est plus lente, mais la diff\u00e9rence est marginale dans le monde r\u00e9el. Par contre en montagne pour partir en Week-end skier, c'est une autre histoire.<\/p>\n<p>Pour les conducteurs qui parcourent un kilom\u00e9trage \u00e9lev\u00e9 annuel, les entreprises, les flottes, et m\u00eame certains acheteurs priv\u00e9s qui privil\u00e9gient l'efficacit\u00e9, La BMW 320ED sera une \u00e9vidence. Pour d'autres, la 320d standard est juste parfaitement \u00e9conomique et une berline capable et polyvalente qui peut \u00eatre command\u00e9 en sus avec le pack M.<\/p>\n<h2>Vid\u00e9o Essai BMW 320ED Efficient Dynamics 2011<\/h2>\n<p><iframe loading=\"lazy\" src=\"https:\/\/www.youtube.com\/embed\/E7jSzSx2bAs\" width=\"560\" height=\"315\" frameborder=\"0\" allowfullscreen=\"allowfullscreen\"><\/iframe><\/p>\n","protected":false},"excerpt":{"rendered":"<p>BMW 320ED 163 ch et seulement 109g de CO2 par km BMW 320ED Efficient Dynamics : Comment concilier, une belle voiture, puissante et qui ne consomme que tr\u00e8s peu\u00a0? BMW l&rsquo;a fait avec sa version d\u00e9gonfl\u00e9e de la 320D de 184 ch \u00e0 163 ch. Bien entendu, il s&rsquo;agit toujours du quatre cylindres mais avec &#8230; <a title=\"BMW 320ED 163ch 109g de CO2\" class=\"read-more\" href=\"https:\/\/www.carideal.com\/blog\/2011\/07\/25\/bmw-320ed-163ch-109g-de-co2\/\" aria-label=\"En savoir plus sur BMW 320ED 163ch 109g de CO2\">Lire plus<\/a><\/p>\n","protected":false},"author":1,"featured_media":20959,"comment_status":"open","ping_status":"open","sticky":false,"template":"","format":"standard","meta":{"_uag_custom_page_level_css":"","_themeisle_gutenberg_block_has_review":false,"footnotes":""},"categories":[21,5945,5944,6012,10,5974],"tags":[41],"class_list":["post-991","post","type-post","status-publish","format-standard","has-post-thumbnail","hentry","category-actualites-auto","category-bmw","category-constructeur","category-berlines","category-marche-automobile-voiture-neuve-occasion-4x4-suv","category-type-de-vehicule","tag-stop-start"],"wppr_data":{"cwp_meta_box_check":"No"},"yoast_head":"<!-- This site is optimized with the Yoast SEO plugin v24.8.1 - https:\/\/yoast.com\/wordpress\/plugins\/seo\/ -->\n<title>BMW 320ED 163ch 109g de CO2 - Blog auto Carid\u00e9al<\/title>\n<meta name=\"description\" content=\"BMW 320ED Efficient Dynamics : Comment concilier, une belle voiture, puissante et qui ne consomme que tr\u00e8s peu ? BMW l&#039;a fait avec sa version d\u00e9gonfl\u00e9e 320d\" \/>\n<meta name=\"robots\" content=\"index, follow, max-snippet:-1, max-image-preview:large, max-video-preview:-1\" \/>\n<link rel=\"canonical\" href=\"https:\/\/www.carideal.com\/blog\/2011\/07\/25\/bmw-320ed-163ch-109g-de-co2\/\" \/>\n<meta property=\"og:locale\" content=\"fr_FR\" \/>\n<meta property=\"og:type\" content=\"article\" \/>\n<meta property=\"og:title\" content=\"BMW 320ED 163ch 109g de CO2 - Blog auto Carid\u00e9al\" \/>\n<meta property=\"og:description\" content=\"BMW 320ED Efficient Dynamics : Comment concilier, une belle voiture, puissante et qui ne consomme que tr\u00e8s peu ? BMW l&#039;a fait avec sa version d\u00e9gonfl\u00e9e 320d\" \/>\n<meta property=\"og:url\" content=\"https:\/\/www.carideal.com\/blog\/2011\/07\/25\/bmw-320ed-163ch-109g-de-co2\/\" \/>\n<meta property=\"og:site_name\" content=\"Blog auto Carid\u00e9al\" \/>\n<meta property=\"article:publisher\" content=\"https:\/\/www.facebook.com\/Carideal.mandataire.automobile\" \/>\n<meta property=\"article:author\" content=\"https:\/\/www.facebook.com\/Carideal.mandataire.automobile\/\" \/>\n<meta property=\"article:published_time\" content=\"2011-07-25T11:01:00+00:00\" \/>\n<meta property=\"article:modified_time\" content=\"2020-01-23T15:51:32+00:00\" \/>\n<meta property=\"og:image\" content=\"https:\/\/www.carideal.com\/blog\/wp-content\/uploads\/2011\/07\/bmw-320-ed-achat-carideal-mandataire-automobile_m.jpg\" \/>\n\t<meta property=\"og:image:width\" content=\"448\" \/>\n\t<meta property=\"og:image:height\" content=\"252\" \/>\n\t<meta property=\"og:image:type\" content=\"image\/jpeg\" \/>\n<meta name=\"author\" content=\"N.S Carideal\" \/>\n<meta name=\"twitter:card\" content=\"summary_large_image\" \/>\n<meta name=\"twitter:creator\" content=\"@caridealauto\" \/>\n<meta name=\"twitter:site\" content=\"@caridealauto\" \/>\n<meta name=\"twitter:label1\" content=\"\u00c9crit par\" \/>\n\t<meta name=\"twitter:data1\" content=\"N.S Carideal\" \/>\n\t<meta name=\"twitter:label2\" content=\"Dur\u00e9e de lecture estim\u00e9e\" \/>\n\t<meta name=\"twitter:data2\" content=\"5 minutes\" \/>\n<script type=\"application\/ld+json\" class=\"yoast-schema-graph\">{\"@context\":\"https:\/\/schema.org\",\"@graph\":[{\"@type\":\"Article\",\"@id\":\"https:\/\/www.carideal.com\/blog\/2011\/07\/25\/bmw-320ed-163ch-109g-de-co2\/#article\",\"isPartOf\":{\"@id\":\"https:\/\/www.carideal.com\/blog\/2011\/07\/25\/bmw-320ed-163ch-109g-de-co2\/\"},\"author\":{\"name\":\"N.S Carideal\",\"@id\":\"https:\/\/www.carideal.com\/blog\/#\/schema\/person\/985c7e757d1042d647f21bfaf8d41ebc\"},\"headline\":\"BMW 320ED 163ch 109g de CO2\",\"datePublished\":\"2011-07-25T11:01:00+00:00\",\"dateModified\":\"2020-01-23T15:51:32+00:00\",\"mainEntityOfPage\":{\"@id\":\"https:\/\/www.carideal.com\/blog\/2011\/07\/25\/bmw-320ed-163ch-109g-de-co2\/\"},\"wordCount\":1050,\"commentCount\":0,\"publisher\":{\"@id\":\"https:\/\/www.carideal.com\/blog\/#organization\"},\"image\":{\"@id\":\"https:\/\/www.carideal.com\/blog\/2011\/07\/25\/bmw-320ed-163ch-109g-de-co2\/#primaryimage\"},\"thumbnailUrl\":\"https:\/\/www.carideal.com\/blog\/wp-content\/uploads\/2011\/07\/bmw-320-ed-achat-carideal-mandataire-automobile_m.jpg\",\"keywords\":[\"Stop &amp; Start\"],\"articleSection\":[\"Actualit\u00e9 automobile\",\"Actualit\u00e9 BMW\",\"Actualit\u00e9 Constructeur automobile\",\"Berlines\",\"March\u00e9 automobile\",\"Type de v\u00e9hicule\"],\"inLanguage\":\"fr-FR\",\"potentialAction\":[{\"@type\":\"CommentAction\",\"name\":\"Comment\",\"target\":[\"https:\/\/www.carideal.com\/blog\/2011\/07\/25\/bmw-320ed-163ch-109g-de-co2\/#respond\"]}]},{\"@type\":\"WebPage\",\"@id\":\"https:\/\/www.carideal.com\/blog\/2011\/07\/25\/bmw-320ed-163ch-109g-de-co2\/\",\"url\":\"https:\/\/www.carideal.com\/blog\/2011\/07\/25\/bmw-320ed-163ch-109g-de-co2\/\",\"name\":\"BMW 320ED 163ch 109g de CO2 - Blog auto Carid\u00e9al\",\"isPartOf\":{\"@id\":\"https:\/\/www.carideal.com\/blog\/#website\"},\"primaryImageOfPage\":{\"@id\":\"https:\/\/www.carideal.com\/blog\/2011\/07\/25\/bmw-320ed-163ch-109g-de-co2\/#primaryimage\"},\"image\":{\"@id\":\"https:\/\/www.carideal.com\/blog\/2011\/07\/25\/bmw-320ed-163ch-109g-de-co2\/#primaryimage\"},\"thumbnailUrl\":\"https:\/\/www.carideal.com\/blog\/wp-content\/uploads\/2011\/07\/bmw-320-ed-achat-carideal-mandataire-automobile_m.jpg\",\"datePublished\":\"2011-07-25T11:01:00+00:00\",\"dateModified\":\"2020-01-23T15:51:32+00:00\",\"description\":\"BMW 320ED Efficient Dynamics : Comment concilier, une belle voiture, puissante et qui ne consomme que tr\u00e8s peu ? BMW l'a fait avec sa version d\u00e9gonfl\u00e9e 320d\",\"breadcrumb\":{\"@id\":\"https:\/\/www.carideal.com\/blog\/2011\/07\/25\/bmw-320ed-163ch-109g-de-co2\/#breadcrumb\"},\"inLanguage\":\"fr-FR\",\"potentialAction\":[{\"@type\":\"ReadAction\",\"target\":[\"https:\/\/www.carideal.com\/blog\/2011\/07\/25\/bmw-320ed-163ch-109g-de-co2\/\"]}]},{\"@type\":\"ImageObject\",\"inLanguage\":\"fr-FR\",\"@id\":\"https:\/\/www.carideal.com\/blog\/2011\/07\/25\/bmw-320ed-163ch-109g-de-co2\/#primaryimage\",\"url\":\"https:\/\/www.carideal.com\/blog\/wp-content\/uploads\/2011\/07\/bmw-320-ed-achat-carideal-mandataire-automobile_m.jpg\",\"contentUrl\":\"https:\/\/www.carideal.com\/blog\/wp-content\/uploads\/2011\/07\/bmw-320-ed-achat-carideal-mandataire-automobile_m.jpg\",\"width\":448,\"height\":252,\"caption\":\"BMW 320ED 163ch 109g de CO2\"},{\"@type\":\"BreadcrumbList\",\"@id\":\"https:\/\/www.carideal.com\/blog\/2011\/07\/25\/bmw-320ed-163ch-109g-de-co2\/#breadcrumb\",\"itemListElement\":[{\"@type\":\"ListItem\",\"position\":1,\"name\":\"Blog Carid\u00e9al\",\"item\":\"https:\/\/www.carideal.com\/blog\/\"},{\"@type\":\"ListItem\",\"position\":2,\"name\":\"March\u00e9 automobile\",\"item\":\"https:\/\/www.carideal.com\/blog\/marche-automobile-voiture-neuve-occasion-4x4-suv\/\"},{\"@type\":\"ListItem\",\"position\":3,\"name\":\"BMW 320ED 163ch 109g de CO2\"}]},{\"@type\":\"WebSite\",\"@id\":\"https:\/\/www.carideal.com\/blog\/#website\",\"url\":\"https:\/\/www.carideal.com\/blog\/\",\"name\":\"Blog auto Carid\u00e9al\",\"description\":\"Actualit\u00e9 auto par des passionn\u00e9s\",\"publisher\":{\"@id\":\"https:\/\/www.carideal.com\/blog\/#organization\"},\"potentialAction\":[{\"@type\":\"SearchAction\",\"target\":{\"@type\":\"EntryPoint\",\"urlTemplate\":\"https:\/\/www.carideal.com\/blog\/?s={search_term_string}\"},\"query-input\":{\"@type\":\"PropertyValueSpecification\",\"valueRequired\":true,\"valueName\":\"search_term_string\"}}],\"inLanguage\":\"fr-FR\"},{\"@type\":\"Organization\",\"@id\":\"https:\/\/www.carideal.com\/blog\/#organization\",\"name\":\"Carideal\",\"url\":\"https:\/\/www.carideal.com\/blog\/\",\"logo\":{\"@type\":\"ImageObject\",\"inLanguage\":\"fr-FR\",\"@id\":\"https:\/\/www.carideal.com\/blog\/#\/schema\/logo\/image\/\",\"url\":\"http:\/\/www.carideal.com\/blog\/wp-content\/uploads\/2016\/03\/logo-carideal-mandataire-automobile.png\",\"contentUrl\":\"http:\/\/www.carideal.com\/blog\/wp-content\/uploads\/2016\/03\/logo-carideal-mandataire-automobile.png\",\"width\":300,\"height\":300,\"caption\":\"Carideal\"},\"image\":{\"@id\":\"https:\/\/www.carideal.com\/blog\/#\/schema\/logo\/image\/\"},\"sameAs\":[\"https:\/\/www.facebook.com\/Carideal.mandataire.automobile\",\"https:\/\/x.com\/caridealauto\",\"https:\/\/www.instagram.com\/carideal1\/\",\"https:\/\/www.linkedin.com\/company\/carideal.com\",\"https:\/\/fr.pinterest.com\/schiavonsas\/\",\"https:\/\/www.youtube.com\/user\/caridealsas\"]},{\"@type\":\"Person\",\"@id\":\"https:\/\/www.carideal.com\/blog\/#\/schema\/person\/985c7e757d1042d647f21bfaf8d41ebc\",\"name\":\"N.S Carideal\",\"image\":{\"@type\":\"ImageObject\",\"inLanguage\":\"fr-FR\",\"@id\":\"https:\/\/www.carideal.com\/blog\/#\/schema\/person\/image\/\",\"url\":\"https:\/\/secure.gravatar.com\/avatar\/edb7ccdf1a4e3d14aef967760d354d0e?s=96&r=g\",\"contentUrl\":\"https:\/\/secure.gravatar.com\/avatar\/edb7ccdf1a4e3d14aef967760d354d0e?s=96&r=g\",\"caption\":\"N.S Carideal\"},\"description\":\"Depuis tout petit fan d'automobile. Il est question d'essayer et de comparer toutes ces voitures qui nous ont fait r\u00e9ver, avant que celles-ci ne devient uniquement des voitures de collection.\",\"sameAs\":[\"http:\/\/www.carideal.com\/blog\",\"https:\/\/www.facebook.com\/Carideal.mandataire.automobile\/\",\"https:\/\/www.linkedin.com\/in\/nschiavon\/\",\"https:\/\/www.youtube.com\/user\/caridealsas\/\"],\"url\":\"https:\/\/www.carideal.com\/blog\/author\/admin_carideal\/\"}]}<\/script>\n<!-- \/ Yoast SEO plugin. -->","yoast_head_json":{"title":"BMW 320ED 163ch 109g de CO2 - Blog auto Carid\u00e9al","description":"BMW 320ED Efficient Dynamics : Comment concilier, une belle voiture, puissante et qui ne consomme que tr\u00e8s peu ? BMW l'a fait avec sa version d\u00e9gonfl\u00e9e 320d","robots":{"index":"index","follow":"follow","max-snippet":"max-snippet:-1","max-image-preview":"max-image-preview:large","max-video-preview":"max-video-preview:-1"},"canonical":"https:\/\/www.carideal.com\/blog\/2011\/07\/25\/bmw-320ed-163ch-109g-de-co2\/","og_locale":"fr_FR","og_type":"article","og_title":"BMW 320ED 163ch 109g de CO2 - Blog auto Carid\u00e9al","og_description":"BMW 320ED Efficient Dynamics : Comment concilier, une belle voiture, puissante et qui ne consomme que tr\u00e8s peu ? BMW l'a fait avec sa version d\u00e9gonfl\u00e9e 320d","og_url":"https:\/\/www.carideal.com\/blog\/2011\/07\/25\/bmw-320ed-163ch-109g-de-co2\/","og_site_name":"Blog auto Carid\u00e9al","article_publisher":"https:\/\/www.facebook.com\/Carideal.mandataire.automobile","article_author":"https:\/\/www.facebook.com\/Carideal.mandataire.automobile\/","article_published_time":"2011-07-25T11:01:00+00:00","article_modified_time":"2020-01-23T15:51:32+00:00","og_image":[{"width":448,"height":252,"url":"https:\/\/www.carideal.com\/blog\/wp-content\/uploads\/2011\/07\/bmw-320-ed-achat-carideal-mandataire-automobile_m.jpg","type":"image\/jpeg"}],"author":"N.S Carideal","twitter_card":"summary_large_image","twitter_creator":"@caridealauto","twitter_site":"@caridealauto","twitter_misc":{"\u00c9crit par":"N.S Carideal","Dur\u00e9e de lecture estim\u00e9e":"5 minutes"},"schema":{"@context":"https:\/\/schema.org","@graph":[{"@type":"Article","@id":"https:\/\/www.carideal.com\/blog\/2011\/07\/25\/bmw-320ed-163ch-109g-de-co2\/#article","isPartOf":{"@id":"https:\/\/www.carideal.com\/blog\/2011\/07\/25\/bmw-320ed-163ch-109g-de-co2\/"},"author":{"name":"N.S Carideal","@id":"https:\/\/www.carideal.com\/blog\/#\/schema\/person\/985c7e757d1042d647f21bfaf8d41ebc"},"headline":"BMW 320ED 163ch 109g de CO2","datePublished":"2011-07-25T11:01:00+00:00","dateModified":"2020-01-23T15:51:32+00:00","mainEntityOfPage":{"@id":"https:\/\/www.carideal.com\/blog\/2011\/07\/25\/bmw-320ed-163ch-109g-de-co2\/"},"wordCount":1050,"commentCount":0,"publisher":{"@id":"https:\/\/www.carideal.com\/blog\/#organization"},"image":{"@id":"https:\/\/www.carideal.com\/blog\/2011\/07\/25\/bmw-320ed-163ch-109g-de-co2\/#primaryimage"},"thumbnailUrl":"https:\/\/www.carideal.com\/blog\/wp-content\/uploads\/2011\/07\/bmw-320-ed-achat-carideal-mandataire-automobile_m.jpg","keywords":["Stop &amp; Start"],"articleSection":["Actualit\u00e9 automobile","Actualit\u00e9 BMW","Actualit\u00e9 Constructeur automobile","Berlines","March\u00e9 automobile","Type de v\u00e9hicule"],"inLanguage":"fr-FR","potentialAction":[{"@type":"CommentAction","name":"Comment","target":["https:\/\/www.carideal.com\/blog\/2011\/07\/25\/bmw-320ed-163ch-109g-de-co2\/#respond"]}]},{"@type":"WebPage","@id":"https:\/\/www.carideal.com\/blog\/2011\/07\/25\/bmw-320ed-163ch-109g-de-co2\/","url":"https:\/\/www.carideal.com\/blog\/2011\/07\/25\/bmw-320ed-163ch-109g-de-co2\/","name":"BMW 320ED 163ch 109g de CO2 - Blog auto Carid\u00e9al","isPartOf":{"@id":"https:\/\/www.carideal.com\/blog\/#website"},"primaryImageOfPage":{"@id":"https:\/\/www.carideal.com\/blog\/2011\/07\/25\/bmw-320ed-163ch-109g-de-co2\/#primaryimage"},"image":{"@id":"https:\/\/www.carideal.com\/blog\/2011\/07\/25\/bmw-320ed-163ch-109g-de-co2\/#primaryimage"},"thumbnailUrl":"https:\/\/www.carideal.com\/blog\/wp-content\/uploads\/2011\/07\/bmw-320-ed-achat-carideal-mandataire-automobile_m.jpg","datePublished":"2011-07-25T11:01:00+00:00","dateModified":"2020-01-23T15:51:32+00:00","description":"BMW 320ED Efficient Dynamics : Comment concilier, une belle voiture, puissante et qui ne consomme que tr\u00e8s peu ? BMW l'a fait avec sa version d\u00e9gonfl\u00e9e 320d","breadcrumb":{"@id":"https:\/\/www.carideal.com\/blog\/2011\/07\/25\/bmw-320ed-163ch-109g-de-co2\/#breadcrumb"},"inLanguage":"fr-FR","potentialAction":[{"@type":"ReadAction","target":["https:\/\/www.carideal.com\/blog\/2011\/07\/25\/bmw-320ed-163ch-109g-de-co2\/"]}]},{"@type":"ImageObject","inLanguage":"fr-FR","@id":"https:\/\/www.carideal.com\/blog\/2011\/07\/25\/bmw-320ed-163ch-109g-de-co2\/#primaryimage","url":"https:\/\/www.carideal.com\/blog\/wp-content\/uploads\/2011\/07\/bmw-320-ed-achat-carideal-mandataire-automobile_m.jpg","contentUrl":"https:\/\/www.carideal.com\/blog\/wp-content\/uploads\/2011\/07\/bmw-320-ed-achat-carideal-mandataire-automobile_m.jpg","width":448,"height":252,"caption":"BMW 320ED 163ch 109g de CO2"},{"@type":"BreadcrumbList","@id":"https:\/\/www.carideal.com\/blog\/2011\/07\/25\/bmw-320ed-163ch-109g-de-co2\/#breadcrumb","itemListElement":[{"@type":"ListItem","position":1,"name":"Blog Carid\u00e9al","item":"https:\/\/www.carideal.com\/blog\/"},{"@type":"ListItem","position":2,"name":"March\u00e9 automobile","item":"https:\/\/www.carideal.com\/blog\/marche-automobile-voiture-neuve-occasion-4x4-suv\/"},{"@type":"ListItem","position":3,"name":"BMW 320ED 163ch 109g de CO2"}]},{"@type":"WebSite","@id":"https:\/\/www.carideal.com\/blog\/#website","url":"https:\/\/www.carideal.com\/blog\/","name":"Blog auto Carid\u00e9al","description":"Actualit\u00e9 auto par des passionn\u00e9s","publisher":{"@id":"https:\/\/www.carideal.com\/blog\/#organization"},"potentialAction":[{"@type":"SearchAction","target":{"@type":"EntryPoint","urlTemplate":"https:\/\/www.carideal.com\/blog\/?s={search_term_string}"},"query-input":{"@type":"PropertyValueSpecification","valueRequired":true,"valueName":"search_term_string"}}],"inLanguage":"fr-FR"},{"@type":"Organization","@id":"https:\/\/www.carideal.com\/blog\/#organization","name":"Carideal","url":"https:\/\/www.carideal.com\/blog\/","logo":{"@type":"ImageObject","inLanguage":"fr-FR","@id":"https:\/\/www.carideal.com\/blog\/#\/schema\/logo\/image\/","url":"http:\/\/www.carideal.com\/blog\/wp-content\/uploads\/2016\/03\/logo-carideal-mandataire-automobile.png","contentUrl":"http:\/\/www.carideal.com\/blog\/wp-content\/uploads\/2016\/03\/logo-carideal-mandataire-automobile.png","width":300,"height":300,"caption":"Carideal"},"image":{"@id":"https:\/\/www.carideal.com\/blog\/#\/schema\/logo\/image\/"},"sameAs":["https:\/\/www.facebook.com\/Carideal.mandataire.automobile","https:\/\/x.com\/caridealauto","https:\/\/www.instagram.com\/carideal1\/","https:\/\/www.linkedin.com\/company\/carideal.com","https:\/\/fr.pinterest.com\/schiavonsas\/","https:\/\/www.youtube.com\/user\/caridealsas"]},{"@type":"Person","@id":"https:\/\/www.carideal.com\/blog\/#\/schema\/person\/985c7e757d1042d647f21bfaf8d41ebc","name":"N.S Carideal","image":{"@type":"ImageObject","inLanguage":"fr-FR","@id":"https:\/\/www.carideal.com\/blog\/#\/schema\/person\/image\/","url":"https:\/\/secure.gravatar.com\/avatar\/edb7ccdf1a4e3d14aef967760d354d0e?s=96&r=g","contentUrl":"https:\/\/secure.gravatar.com\/avatar\/edb7ccdf1a4e3d14aef967760d354d0e?s=96&r=g","caption":"N.S Carideal"},"description":"Depuis tout petit fan d'automobile. Il est question d'essayer et de comparer toutes ces voitures qui nous ont fait r\u00e9ver, avant que celles-ci ne devient uniquement des voitures de collection.","sameAs":["http:\/\/www.carideal.com\/blog","https:\/\/www.facebook.com\/Carideal.mandataire.automobile\/","https:\/\/www.linkedin.com\/in\/nschiavon\/","https:\/\/www.youtube.com\/user\/caridealsas\/"],"url":"https:\/\/www.carideal.com\/blog\/author\/admin_carideal\/"}]}},"uagb_featured_image_src":{"full":["https:\/\/www.carideal.com\/blog\/wp-content\/uploads\/2011\/07\/bmw-320-ed-achat-carideal-mandataire-automobile_m.jpg",448,252,false],"thumbnail":["https:\/\/www.carideal.com\/blog\/wp-content\/uploads\/2011\/07\/bmw-320-ed-achat-carideal-mandataire-automobile_m-150x150.jpg",150,150,true],"medium":["https:\/\/www.carideal.com\/blog\/wp-content\/uploads\/2011\/07\/bmw-320-ed-achat-carideal-mandataire-automobile_m-300x169.jpg",300,169,true],"medium_large":["https:\/\/www.carideal.com\/blog\/wp-content\/uploads\/2011\/07\/bmw-320-ed-achat-carideal-mandataire-automobile_m.jpg",448,252,false],"large":["https:\/\/www.carideal.com\/blog\/wp-content\/uploads\/2011\/07\/bmw-320-ed-achat-carideal-mandataire-automobile_m.jpg",448,252,false],"1536x1536":["https:\/\/www.carideal.com\/blog\/wp-content\/uploads\/2011\/07\/bmw-320-ed-achat-carideal-mandataire-automobile_m.jpg",448,252,false],"2048x2048":["https:\/\/www.carideal.com\/blog\/wp-content\/uploads\/2011\/07\/bmw-320-ed-achat-carideal-mandataire-automobile_m.jpg",448,252,false],"wppr-widget":["https:\/\/www.carideal.com\/blog\/wp-content\/uploads\/2011\/07\/bmw-320-ed-achat-carideal-mandataire-automobile_m-50x28.jpg",50,28,true]},"uagb_author_info":{"display_name":"N.S Carideal","author_link":"https:\/\/www.carideal.com\/blog\/author\/admin_carideal\/"},"uagb_comment_info":0,"uagb_excerpt":"BMW 320ED 163 ch et seulement 109g de CO2 par km BMW 320ED Efficient Dynamics : Comment concilier, une belle voiture, puissante et qui ne consomme que tr\u00e8s peu\u00a0? BMW l'a fait avec sa version d\u00e9gonfl\u00e9e de la 320D de 184 ch \u00e0 163 ch. Bien entendu, il s'agit toujours du quatre cylindres mais avec\u2026","_links":{"self":[{"href":"https:\/\/www.carideal.com\/blog\/wp-json\/wp\/v2\/posts\/991"}],"collection":[{"href":"https:\/\/www.carideal.com\/blog\/wp-json\/wp\/v2\/posts"}],"about":[{"href":"https:\/\/www.carideal.com\/blog\/wp-json\/wp\/v2\/types\/post"}],"author":[{"embeddable":true,"href":"https:\/\/www.carideal.com\/blog\/wp-json\/wp\/v2\/users\/1"}],"replies":[{"embeddable":true,"href":"https:\/\/www.carideal.com\/blog\/wp-json\/wp\/v2\/comments?post=991"}],"version-history":[{"count":0,"href":"https:\/\/www.carideal.com\/blog\/wp-json\/wp\/v2\/posts\/991\/revisions"}],"wp:featuredmedia":[{"embeddable":true,"href":"https:\/\/www.carideal.com\/blog\/wp-json\/wp\/v2\/media\/20959"}],"wp:attachment":[{"href":"https:\/\/www.carideal.com\/blog\/wp-json\/wp\/v2\/media?parent=991"}],"wp:term":[{"taxonomy":"category","embeddable":true,"href":"https:\/\/www.carideal.com\/blog\/wp-json\/wp\/v2\/categories?post=991"},{"taxonomy":"post_tag","embeddable":true,"href":"https:\/\/www.carideal.com\/blog\/wp-json\/wp\/v2\/tags?post=991"}],"curies":[{"name":"wp","href":"https:\/\/api.w.org\/{rel}","templated":true}]}}