{"id":982,"date":"2011-07-21T09:00:00","date_gmt":"2011-07-21T09:00:00","guid":{"rendered":"http:\/\/carideal.com\/blog\/?p=982"},"modified":"2020-03-07T20:24:04","modified_gmt":"2020-03-07T19:24:04","slug":"mercedes-classe-c-coupe-amg-c63","status":"publish","type":"post","link":"https:\/\/www.carideal.com\/blog\/2011\/07\/21\/mercedes-classe-c-coupe-amg-c63\/","title":{"rendered":"Mercedes classe C coupe AMG C63"},"content":{"rendered":"<p>&nbsp;<\/p>\n<h1>Un design ultra agressif que celui du nouveau coup\u00e9 Mercedes classe C AMG C63<\/h1>\n On aimerait que tout les int\u00e9rieurs lui ressemble Mercedes classe C AMG C63\n<p>On va le voir il n'y pa pas que le plumage mais aussi le ramage....cette C63 AMG est carr\u00e9ment explosive.<br \/>\nAMG profite de la nouvelle classe C coup\u00e9 pour y implanter son V8 de 6.3 L de 457 ch\u00a0! Il sera \u00e0 vous pour un petit ch\u00e8que de ...89100 \u20ac, mais on va le voir qu'\u00e0 ce prix l\u00e0 on peut encore se faire plaisir avec deux ou trois options.<\/p>\n Les beaux bacquets de la Mercedes AMG C63\n<p>Il ne faut que 4.5 sec pour passer de 0 \u00e0 100 km\/h avec une boite de vitesse automatique qui propose 4 modes de gestion \u00e9lectronique du passage des rapports. on ne parlera pas de consommation sur ce type de voiture ...c'est d\u00e9plac\u00e9...sur route tranquille on arrive quand m\u00eame \u00e0 obtenir un 9L.<br \/>\nCette <a href=\"http:\/\/www.carideal.com\/blog\/marque-de-voiture-actualites-essais\/mercedes\/\">Mercedes<\/a> est taill\u00e9e pour manger de la piste, m\u00eame si son moteur est lourd. On rajoutera pour 7200 \u20ac l'option Pack performance qui monte la puissance \u00e0 487 ch avec des freins en mat\u00e9riaux composites, ben oui ..quoi ...faut bien freiner....<br \/>\nDeuxi\u00e8me option pour 2700 \u20ac, le d\u00e9bridage de la vitesse limit\u00e9e \u00e0 250 km\/h qui monte \u00e0 280 km\/h....c'est m\u00eame pas le montant de l'acompte.... LOL<\/p>\n<p>Voil\u00e0 nous on a choisis notre version....<\/p>\n<p>&nbsp;<\/p>\n","protected":false},"excerpt":{"rendered":"<p>&nbsp; Un design ultra agressif que celui du nouveau coup\u00e9 Mercedes classe C AMG C63 On va le voir il n&rsquo;y pa pas que le plumage mais aussi le ramage&#8230;.cette C63 AMG est carr\u00e9ment explosive. AMG profite de la nouvelle classe C coup\u00e9 pour y implanter son V8 de 6.3 L de 457 ch\u00a0! Il &#8230; <a title=\"Mercedes classe C coupe AMG C63\" class=\"read-more\" href=\"https:\/\/www.carideal.com\/blog\/2011\/07\/21\/mercedes-classe-c-coupe-amg-c63\/\" aria-label=\"En savoir plus sur Mercedes classe C coupe AMG C63\">Lire plus<\/a><\/p>\n","protected":false},"author":1,"featured_media":17642,"comment_status":"open","ping_status":"open","sticky":false,"template":"","format":"standard","meta":{"_uag_custom_page_level_css":"","_themeisle_gutenberg_block_has_review":false,"footnotes":""},"categories":[10],"tags":[622,6679,570],"class_list":["post-982","post","type-post","status-publish","format-standard","has-post-thumbnail","hentry","category-marche-automobile-voiture-neuve-occasion-4x4-suv","tag-amg","tag-berline-sportive","tag-v8"],"wppr_data":{"cwp_meta_box_check":"No"},"yoast_head":"<!-- This site is optimized with the Yoast SEO plugin v24.8.1 - https:\/\/yoast.com\/wordpress\/plugins\/seo\/ -->\n<title>Mercedes classe C coupe AMG C63 - Blog auto Carid\u00e9al<\/title>\n<meta name=\"robots\" content=\"index, follow, max-snippet:-1, max-image-preview:large, max-video-preview:-1\" \/>\n<link rel=\"canonical\" href=\"https:\/\/www.carideal.com\/blog\/2011\/07\/21\/mercedes-classe-c-coupe-amg-c63\/\" \/>\n<meta property=\"og:locale\" content=\"fr_FR\" \/>\n<meta property=\"og:type\" content=\"article\" \/>\n<meta property=\"og:title\" content=\"Mercedes classe C coupe AMG C63 - Blog auto Carid\u00e9al\" \/>\n<meta property=\"og:description\" content=\"&nbsp; Un design ultra agressif que celui du nouveau coup\u00e9 Mercedes classe C AMG C63 On va le voir il n&#039;y pa pas que le plumage mais aussi le ramage....cette C63 AMG est carr\u00e9ment explosive. AMG profite de la nouvelle classe C coup\u00e9 pour y implanter son V8 de 6.3 L de 457 ch\u00a0! Il ... Lire plus\" \/>\n<meta property=\"og:url\" content=\"https:\/\/www.carideal.com\/blog\/2011\/07\/21\/mercedes-classe-c-coupe-amg-c63\/\" \/>\n<meta property=\"og:site_name\" content=\"Blog auto Carid\u00e9al\" \/>\n<meta property=\"article:publisher\" content=\"https:\/\/www.facebook.com\/Carideal.mandataire.automobile\" \/>\n<meta property=\"article:author\" content=\"https:\/\/www.facebook.com\/Carideal.mandataire.automobile\/\" \/>\n<meta property=\"article:published_time\" content=\"2011-07-21T09:00:00+00:00\" \/>\n<meta property=\"article:modified_time\" content=\"2020-03-07T19:24:04+00:00\" \/>\n<meta property=\"og:image\" content=\"https:\/\/www.carideal.com\/blog\/wp-content\/uploads\/2011\/07\/mercedes-C63-AMG-achat-carideal-mandataire-automobile_m.jpg\" \/>\n\t<meta property=\"og:image:width\" content=\"448\" \/>\n\t<meta property=\"og:image:height\" content=\"261\" \/>\n\t<meta property=\"og:image:type\" content=\"image\/jpeg\" \/>\n<meta name=\"author\" content=\"N.S Carideal\" \/>\n<meta name=\"twitter:card\" content=\"summary_large_image\" \/>\n<meta name=\"twitter:creator\" content=\"@caridealauto\" \/>\n<meta name=\"twitter:site\" content=\"@caridealauto\" \/>\n<meta name=\"twitter:label1\" content=\"\u00c9crit par\" \/>\n\t<meta name=\"twitter:data1\" content=\"N.S Carideal\" \/>\n\t<meta name=\"twitter:label2\" content=\"Dur\u00e9e de lecture estim\u00e9e\" \/>\n\t<meta name=\"twitter:data2\" content=\"1 minute\" \/>\n<script type=\"application\/ld+json\" class=\"yoast-schema-graph\">{\"@context\":\"https:\/\/schema.org\",\"@graph\":[{\"@type\":\"Article\",\"@id\":\"https:\/\/www.carideal.com\/blog\/2011\/07\/21\/mercedes-classe-c-coupe-amg-c63\/#article\",\"isPartOf\":{\"@id\":\"https:\/\/www.carideal.com\/blog\/2011\/07\/21\/mercedes-classe-c-coupe-amg-c63\/\"},\"author\":{\"name\":\"N.S Carideal\",\"@id\":\"https:\/\/www.carideal.com\/blog\/#\/schema\/person\/985c7e757d1042d647f21bfaf8d41ebc\"},\"headline\":\"Mercedes classe C coupe AMG C63\",\"datePublished\":\"2011-07-21T09:00:00+00:00\",\"dateModified\":\"2020-03-07T19:24:04+00:00\",\"mainEntityOfPage\":{\"@id\":\"https:\/\/www.carideal.com\/blog\/2011\/07\/21\/mercedes-classe-c-coupe-amg-c63\/\"},\"wordCount\":250,\"commentCount\":0,\"publisher\":{\"@id\":\"https:\/\/www.carideal.com\/blog\/#organization\"},\"image\":{\"@id\":\"https:\/\/www.carideal.com\/blog\/2011\/07\/21\/mercedes-classe-c-coupe-amg-c63\/#primaryimage\"},\"thumbnailUrl\":\"https:\/\/www.carideal.com\/blog\/wp-content\/uploads\/2011\/07\/mercedes-C63-AMG-achat-carideal-mandataire-automobile_m.jpg\",\"keywords\":[\"AMG\",\"Berline sportive\",\"Moteur V8\"],\"articleSection\":[\"March\u00e9 automobile\"],\"inLanguage\":\"fr-FR\",\"potentialAction\":[{\"@type\":\"CommentAction\",\"name\":\"Comment\",\"target\":[\"https:\/\/www.carideal.com\/blog\/2011\/07\/21\/mercedes-classe-c-coupe-amg-c63\/#respond\"]}]},{\"@type\":\"WebPage\",\"@id\":\"https:\/\/www.carideal.com\/blog\/2011\/07\/21\/mercedes-classe-c-coupe-amg-c63\/\",\"url\":\"https:\/\/www.carideal.com\/blog\/2011\/07\/21\/mercedes-classe-c-coupe-amg-c63\/\",\"name\":\"Mercedes classe C coupe AMG C63 - Blog auto Carid\u00e9al\",\"isPartOf\":{\"@id\":\"https:\/\/www.carideal.com\/blog\/#website\"},\"primaryImageOfPage\":{\"@id\":\"https:\/\/www.carideal.com\/blog\/2011\/07\/21\/mercedes-classe-c-coupe-amg-c63\/#primaryimage\"},\"image\":{\"@id\":\"https:\/\/www.carideal.com\/blog\/2011\/07\/21\/mercedes-classe-c-coupe-amg-c63\/#primaryimage\"},\"thumbnailUrl\":\"https:\/\/www.carideal.com\/blog\/wp-content\/uploads\/2011\/07\/mercedes-C63-AMG-achat-carideal-mandataire-automobile_m.jpg\",\"datePublished\":\"2011-07-21T09:00:00+00:00\",\"dateModified\":\"2020-03-07T19:24:04+00:00\",\"breadcrumb\":{\"@id\":\"https:\/\/www.carideal.com\/blog\/2011\/07\/21\/mercedes-classe-c-coupe-amg-c63\/#breadcrumb\"},\"inLanguage\":\"fr-FR\",\"potentialAction\":[{\"@type\":\"ReadAction\",\"target\":[\"https:\/\/www.carideal.com\/blog\/2011\/07\/21\/mercedes-classe-c-coupe-amg-c63\/\"]}]},{\"@type\":\"ImageObject\",\"inLanguage\":\"fr-FR\",\"@id\":\"https:\/\/www.carideal.com\/blog\/2011\/07\/21\/mercedes-classe-c-coupe-amg-c63\/#primaryimage\",\"url\":\"https:\/\/www.carideal.com\/blog\/wp-content\/uploads\/2011\/07\/mercedes-C63-AMG-achat-carideal-mandataire-automobile_m.jpg\",\"contentUrl\":\"https:\/\/www.carideal.com\/blog\/wp-content\/uploads\/2011\/07\/mercedes-C63-AMG-achat-carideal-mandataire-automobile_m.jpg\",\"width\":448,\"height\":261,\"caption\":\"Mercedes classe C coupe AMG C63\"},{\"@type\":\"BreadcrumbList\",\"@id\":\"https:\/\/www.carideal.com\/blog\/2011\/07\/21\/mercedes-classe-c-coupe-amg-c63\/#breadcrumb\",\"itemListElement\":[{\"@type\":\"ListItem\",\"position\":1,\"name\":\"Blog Carid\u00e9al\",\"item\":\"https:\/\/www.carideal.com\/blog\/\"},{\"@type\":\"ListItem\",\"position\":2,\"name\":\"March\u00e9 automobile\",\"item\":\"https:\/\/www.carideal.com\/blog\/marche-automobile-voiture-neuve-occasion-4x4-suv\/\"},{\"@type\":\"ListItem\",\"position\":3,\"name\":\"Mercedes classe C coupe AMG C63\"}]},{\"@type\":\"WebSite\",\"@id\":\"https:\/\/www.carideal.com\/blog\/#website\",\"url\":\"https:\/\/www.carideal.com\/blog\/\",\"name\":\"Blog auto Carid\u00e9al\",\"description\":\"Actualit\u00e9 auto par des passionn\u00e9s\",\"publisher\":{\"@id\":\"https:\/\/www.carideal.com\/blog\/#organization\"},\"potentialAction\":[{\"@type\":\"SearchAction\",\"target\":{\"@type\":\"EntryPoint\",\"urlTemplate\":\"https:\/\/www.carideal.com\/blog\/?s={search_term_string}\"},\"query-input\":{\"@type\":\"PropertyValueSpecification\",\"valueRequired\":true,\"valueName\":\"search_term_string\"}}],\"inLanguage\":\"fr-FR\"},{\"@type\":\"Organization\",\"@id\":\"https:\/\/www.carideal.com\/blog\/#organization\",\"name\":\"Carideal\",\"url\":\"https:\/\/www.carideal.com\/blog\/\",\"logo\":{\"@type\":\"ImageObject\",\"inLanguage\":\"fr-FR\",\"@id\":\"https:\/\/www.carideal.com\/blog\/#\/schema\/logo\/image\/\",\"url\":\"http:\/\/www.carideal.com\/blog\/wp-content\/uploads\/2016\/03\/logo-carideal-mandataire-automobile.png\",\"contentUrl\":\"http:\/\/www.carideal.com\/blog\/wp-content\/uploads\/2016\/03\/logo-carideal-mandataire-automobile.png\",\"width\":300,\"height\":300,\"caption\":\"Carideal\"},\"image\":{\"@id\":\"https:\/\/www.carideal.com\/blog\/#\/schema\/logo\/image\/\"},\"sameAs\":[\"https:\/\/www.facebook.com\/Carideal.mandataire.automobile\",\"https:\/\/x.com\/caridealauto\",\"https:\/\/www.instagram.com\/carideal1\/\",\"https:\/\/www.linkedin.com\/company\/carideal.com\",\"https:\/\/fr.pinterest.com\/schiavonsas\/\",\"https:\/\/www.youtube.com\/user\/caridealsas\"]},{\"@type\":\"Person\",\"@id\":\"https:\/\/www.carideal.com\/blog\/#\/schema\/person\/985c7e757d1042d647f21bfaf8d41ebc\",\"name\":\"N.S Carideal\",\"image\":{\"@type\":\"ImageObject\",\"inLanguage\":\"fr-FR\",\"@id\":\"https:\/\/www.carideal.com\/blog\/#\/schema\/person\/image\/\",\"url\":\"https:\/\/secure.gravatar.com\/avatar\/edb7ccdf1a4e3d14aef967760d354d0e?s=96&r=g\",\"contentUrl\":\"https:\/\/secure.gravatar.com\/avatar\/edb7ccdf1a4e3d14aef967760d354d0e?s=96&r=g\",\"caption\":\"N.S Carideal\"},\"description\":\"Depuis tout petit fan d'automobile. Il est question d'essayer et de comparer toutes ces voitures qui nous ont fait r\u00e9ver, avant que celles-ci ne devient uniquement des voitures de collection.\",\"sameAs\":[\"http:\/\/www.carideal.com\/blog\",\"https:\/\/www.facebook.com\/Carideal.mandataire.automobile\/\",\"https:\/\/www.linkedin.com\/in\/nschiavon\/\",\"https:\/\/www.youtube.com\/user\/caridealsas\/\"],\"url\":\"https:\/\/www.carideal.com\/blog\/author\/admin_carideal\/\"}]}<\/script>\n<!-- \/ Yoast SEO plugin. -->","yoast_head_json":{"title":"Mercedes classe C coupe AMG C63 - Blog auto Carid\u00e9al","robots":{"index":"index","follow":"follow","max-snippet":"max-snippet:-1","max-image-preview":"max-image-preview:large","max-video-preview":"max-video-preview:-1"},"canonical":"https:\/\/www.carideal.com\/blog\/2011\/07\/21\/mercedes-classe-c-coupe-amg-c63\/","og_locale":"fr_FR","og_type":"article","og_title":"Mercedes classe C coupe AMG C63 - Blog auto Carid\u00e9al","og_description":"&nbsp; Un design ultra agressif que celui du nouveau coup\u00e9 Mercedes classe C AMG C63 On va le voir il n'y pa pas que le plumage mais aussi le ramage....cette C63 AMG est carr\u00e9ment explosive. AMG profite de la nouvelle classe C coup\u00e9 pour y implanter son V8 de 6.3 L de 457 ch\u00a0! Il ... Lire plus","og_url":"https:\/\/www.carideal.com\/blog\/2011\/07\/21\/mercedes-classe-c-coupe-amg-c63\/","og_site_name":"Blog auto Carid\u00e9al","article_publisher":"https:\/\/www.facebook.com\/Carideal.mandataire.automobile","article_author":"https:\/\/www.facebook.com\/Carideal.mandataire.automobile\/","article_published_time":"2011-07-21T09:00:00+00:00","article_modified_time":"2020-03-07T19:24:04+00:00","og_image":[{"width":448,"height":261,"url":"https:\/\/www.carideal.com\/blog\/wp-content\/uploads\/2011\/07\/mercedes-C63-AMG-achat-carideal-mandataire-automobile_m.jpg","type":"image\/jpeg"}],"author":"N.S Carideal","twitter_card":"summary_large_image","twitter_creator":"@caridealauto","twitter_site":"@caridealauto","twitter_misc":{"\u00c9crit par":"N.S Carideal","Dur\u00e9e de lecture estim\u00e9e":"1 minute"},"schema":{"@context":"https:\/\/schema.org","@graph":[{"@type":"Article","@id":"https:\/\/www.carideal.com\/blog\/2011\/07\/21\/mercedes-classe-c-coupe-amg-c63\/#article","isPartOf":{"@id":"https:\/\/www.carideal.com\/blog\/2011\/07\/21\/mercedes-classe-c-coupe-amg-c63\/"},"author":{"name":"N.S Carideal","@id":"https:\/\/www.carideal.com\/blog\/#\/schema\/person\/985c7e757d1042d647f21bfaf8d41ebc"},"headline":"Mercedes classe C coupe AMG C63","datePublished":"2011-07-21T09:00:00+00:00","dateModified":"2020-03-07T19:24:04+00:00","mainEntityOfPage":{"@id":"https:\/\/www.carideal.com\/blog\/2011\/07\/21\/mercedes-classe-c-coupe-amg-c63\/"},"wordCount":250,"commentCount":0,"publisher":{"@id":"https:\/\/www.carideal.com\/blog\/#organization"},"image":{"@id":"https:\/\/www.carideal.com\/blog\/2011\/07\/21\/mercedes-classe-c-coupe-amg-c63\/#primaryimage"},"thumbnailUrl":"https:\/\/www.carideal.com\/blog\/wp-content\/uploads\/2011\/07\/mercedes-C63-AMG-achat-carideal-mandataire-automobile_m.jpg","keywords":["AMG","Berline sportive","Moteur V8"],"articleSection":["March\u00e9 automobile"],"inLanguage":"fr-FR","potentialAction":[{"@type":"CommentAction","name":"Comment","target":["https:\/\/www.carideal.com\/blog\/2011\/07\/21\/mercedes-classe-c-coupe-amg-c63\/#respond"]}]},{"@type":"WebPage","@id":"https:\/\/www.carideal.com\/blog\/2011\/07\/21\/mercedes-classe-c-coupe-amg-c63\/","url":"https:\/\/www.carideal.com\/blog\/2011\/07\/21\/mercedes-classe-c-coupe-amg-c63\/","name":"Mercedes classe C coupe AMG C63 - Blog auto Carid\u00e9al","isPartOf":{"@id":"https:\/\/www.carideal.com\/blog\/#website"},"primaryImageOfPage":{"@id":"https:\/\/www.carideal.com\/blog\/2011\/07\/21\/mercedes-classe-c-coupe-amg-c63\/#primaryimage"},"image":{"@id":"https:\/\/www.carideal.com\/blog\/2011\/07\/21\/mercedes-classe-c-coupe-amg-c63\/#primaryimage"},"thumbnailUrl":"https:\/\/www.carideal.com\/blog\/wp-content\/uploads\/2011\/07\/mercedes-C63-AMG-achat-carideal-mandataire-automobile_m.jpg","datePublished":"2011-07-21T09:00:00+00:00","dateModified":"2020-03-07T19:24:04+00:00","breadcrumb":{"@id":"https:\/\/www.carideal.com\/blog\/2011\/07\/21\/mercedes-classe-c-coupe-amg-c63\/#breadcrumb"},"inLanguage":"fr-FR","potentialAction":[{"@type":"ReadAction","target":["https:\/\/www.carideal.com\/blog\/2011\/07\/21\/mercedes-classe-c-coupe-amg-c63\/"]}]},{"@type":"ImageObject","inLanguage":"fr-FR","@id":"https:\/\/www.carideal.com\/blog\/2011\/07\/21\/mercedes-classe-c-coupe-amg-c63\/#primaryimage","url":"https:\/\/www.carideal.com\/blog\/wp-content\/uploads\/2011\/07\/mercedes-C63-AMG-achat-carideal-mandataire-automobile_m.jpg","contentUrl":"https:\/\/www.carideal.com\/blog\/wp-content\/uploads\/2011\/07\/mercedes-C63-AMG-achat-carideal-mandataire-automobile_m.jpg","width":448,"height":261,"caption":"Mercedes classe C coupe AMG C63"},{"@type":"BreadcrumbList","@id":"https:\/\/www.carideal.com\/blog\/2011\/07\/21\/mercedes-classe-c-coupe-amg-c63\/#breadcrumb","itemListElement":[{"@type":"ListItem","position":1,"name":"Blog Carid\u00e9al","item":"https:\/\/www.carideal.com\/blog\/"},{"@type":"ListItem","position":2,"name":"March\u00e9 automobile","item":"https:\/\/www.carideal.com\/blog\/marche-automobile-voiture-neuve-occasion-4x4-suv\/"},{"@type":"ListItem","position":3,"name":"Mercedes classe C coupe AMG C63"}]},{"@type":"WebSite","@id":"https:\/\/www.carideal.com\/blog\/#website","url":"https:\/\/www.carideal.com\/blog\/","name":"Blog auto Carid\u00e9al","description":"Actualit\u00e9 auto par des passionn\u00e9s","publisher":{"@id":"https:\/\/www.carideal.com\/blog\/#organization"},"potentialAction":[{"@type":"SearchAction","target":{"@type":"EntryPoint","urlTemplate":"https:\/\/www.carideal.com\/blog\/?s={search_term_string}"},"query-input":{"@type":"PropertyValueSpecification","valueRequired":true,"valueName":"search_term_string"}}],"inLanguage":"fr-FR"},{"@type":"Organization","@id":"https:\/\/www.carideal.com\/blog\/#organization","name":"Carideal","url":"https:\/\/www.carideal.com\/blog\/","logo":{"@type":"ImageObject","inLanguage":"fr-FR","@id":"https:\/\/www.carideal.com\/blog\/#\/schema\/logo\/image\/","url":"http:\/\/www.carideal.com\/blog\/wp-content\/uploads\/2016\/03\/logo-carideal-mandataire-automobile.png","contentUrl":"http:\/\/www.carideal.com\/blog\/wp-content\/uploads\/2016\/03\/logo-carideal-mandataire-automobile.png","width":300,"height":300,"caption":"Carideal"},"image":{"@id":"https:\/\/www.carideal.com\/blog\/#\/schema\/logo\/image\/"},"sameAs":["https:\/\/www.facebook.com\/Carideal.mandataire.automobile","https:\/\/x.com\/caridealauto","https:\/\/www.instagram.com\/carideal1\/","https:\/\/www.linkedin.com\/company\/carideal.com","https:\/\/fr.pinterest.com\/schiavonsas\/","https:\/\/www.youtube.com\/user\/caridealsas"]},{"@type":"Person","@id":"https:\/\/www.carideal.com\/blog\/#\/schema\/person\/985c7e757d1042d647f21bfaf8d41ebc","name":"N.S Carideal","image":{"@type":"ImageObject","inLanguage":"fr-FR","@id":"https:\/\/www.carideal.com\/blog\/#\/schema\/person\/image\/","url":"https:\/\/secure.gravatar.com\/avatar\/edb7ccdf1a4e3d14aef967760d354d0e?s=96&r=g","contentUrl":"https:\/\/secure.gravatar.com\/avatar\/edb7ccdf1a4e3d14aef967760d354d0e?s=96&r=g","caption":"N.S Carideal"},"description":"Depuis tout petit fan d'automobile. Il est question d'essayer et de comparer toutes ces voitures qui nous ont fait r\u00e9ver, avant que celles-ci ne devient uniquement des voitures de collection.","sameAs":["http:\/\/www.carideal.com\/blog","https:\/\/www.facebook.com\/Carideal.mandataire.automobile\/","https:\/\/www.linkedin.com\/in\/nschiavon\/","https:\/\/www.youtube.com\/user\/caridealsas\/"],"url":"https:\/\/www.carideal.com\/blog\/author\/admin_carideal\/"}]}},"uagb_featured_image_src":{"full":["https:\/\/www.carideal.com\/blog\/wp-content\/uploads\/2011\/07\/mercedes-C63-AMG-achat-carideal-mandataire-automobile_m.jpg",448,261,false],"thumbnail":["https:\/\/www.carideal.com\/blog\/wp-content\/uploads\/2011\/07\/mercedes-C63-AMG-achat-carideal-mandataire-automobile_m-150x150.jpg",150,150,true],"medium":["https:\/\/www.carideal.com\/blog\/wp-content\/uploads\/2011\/07\/mercedes-C63-AMG-achat-carideal-mandataire-automobile_m-300x175.jpg",300,175,true],"medium_large":["https:\/\/www.carideal.com\/blog\/wp-content\/uploads\/2011\/07\/mercedes-C63-AMG-achat-carideal-mandataire-automobile_m.jpg",448,261,false],"large":["https:\/\/www.carideal.com\/blog\/wp-content\/uploads\/2011\/07\/mercedes-C63-AMG-achat-carideal-mandataire-automobile_m.jpg",448,261,false],"1536x1536":["https:\/\/www.carideal.com\/blog\/wp-content\/uploads\/2011\/07\/mercedes-C63-AMG-achat-carideal-mandataire-automobile_m.jpg",448,261,false],"2048x2048":["https:\/\/www.carideal.com\/blog\/wp-content\/uploads\/2011\/07\/mercedes-C63-AMG-achat-carideal-mandataire-automobile_m.jpg",448,261,false],"wppr-widget":["https:\/\/www.carideal.com\/blog\/wp-content\/uploads\/2011\/07\/mercedes-C63-AMG-achat-carideal-mandataire-automobile_m-50x29.jpg",50,29,true]},"uagb_author_info":{"display_name":"N.S Carideal","author_link":"https:\/\/www.carideal.com\/blog\/author\/admin_carideal\/"},"uagb_comment_info":0,"uagb_excerpt":"&nbsp; Un design ultra agressif que celui du nouveau coup\u00e9 Mercedes classe C AMG C63 On va le voir il n'y pa pas que le plumage mais aussi le ramage....cette C63 AMG est carr\u00e9ment explosive. AMG profite de la nouvelle classe C coup\u00e9 pour y implanter son V8 de 6.3 L de 457 ch\u00a0! Il\u2026","_links":{"self":[{"href":"https:\/\/www.carideal.com\/blog\/wp-json\/wp\/v2\/posts\/982"}],"collection":[{"href":"https:\/\/www.carideal.com\/blog\/wp-json\/wp\/v2\/posts"}],"about":[{"href":"https:\/\/www.carideal.com\/blog\/wp-json\/wp\/v2\/types\/post"}],"author":[{"embeddable":true,"href":"https:\/\/www.carideal.com\/blog\/wp-json\/wp\/v2\/users\/1"}],"replies":[{"embeddable":true,"href":"https:\/\/www.carideal.com\/blog\/wp-json\/wp\/v2\/comments?post=982"}],"version-history":[{"count":0,"href":"https:\/\/www.carideal.com\/blog\/wp-json\/wp\/v2\/posts\/982\/revisions"}],"wp:featuredmedia":[{"embeddable":true,"href":"https:\/\/www.carideal.com\/blog\/wp-json\/wp\/v2\/media\/17642"}],"wp:attachment":[{"href":"https:\/\/www.carideal.com\/blog\/wp-json\/wp\/v2\/media?parent=982"}],"wp:term":[{"taxonomy":"category","embeddable":true,"href":"https:\/\/www.carideal.com\/blog\/wp-json\/wp\/v2\/categories?post=982"},{"taxonomy":"post_tag","embeddable":true,"href":"https:\/\/www.carideal.com\/blog\/wp-json\/wp\/v2\/tags?post=982"}],"curies":[{"name":"wp","href":"https:\/\/api.w.org\/{rel}","templated":true}]}}