{"id":972,"date":"2011-05-31T11:23:00","date_gmt":"2011-05-31T11:23:00","guid":{"rendered":"http:\/\/carideal.com\/blog\/?p=972"},"modified":"2020-03-07T20:21:33","modified_gmt":"2020-03-07T19:21:33","slug":"opel-zafira-tourer-concept","status":"publish","type":"post","link":"https:\/\/www.carideal.com\/blog\/2011\/05\/31\/opel-zafira-tourer-concept\/","title":{"rendered":"Opel Zafira Tourer Concept"},"content":{"rendered":"<h1><strong>L'Opel Zafira Tourer Concept sortira en septembre<\/strong><\/h1>\n<figure style=\"width: 438px\" class=\"wp-caption alignnone\"><img loading=\"lazy\" decoding=\"async\" title=\"En tous cas tr\u00e8s bel int\u00e9rieur pour l'Opel Zafira Tourer concept\" src=\"\/blog\/public\/.opel-zafira-tourer-concept-achat-carideal_mandataire_auto-3_m.jpg\" alt=\"En tous cas tr\u00e8s bel int\u00e9rieur pour l'Opel Zafira Tourer concept\" width=\"448\" height=\"298\" \/><figcaption class=\"wp-caption-text\">En tous cas tr\u00e8s bel int\u00e9rieur pour l'Opel Zafira Tourer concept<\/figcaption><\/figure>\n<p>La bataille est rude dans le segment des monospaces compactes directement en concurrence avec les break, suv et autres berlines...Il faut donc que le genre se renouvelle et c'est justement ce qu'a d\u00e9cid\u00e9 de faire <strong>Opel avec son future Tourer Concept qui sortira en septembre apr\u00e8s le salon de Francfort<\/strong>.<\/p>\n<p>En tous cas tr\u00e8s bel int\u00e9rieur<\/p>\n<figure style=\"width: 438px\" class=\"wp-caption alignnone\"><img loading=\"lazy\" decoding=\"async\" title=\"Arri\u00e8re qui ressemble au Ford pour l'Opel Zafira Tourer concept\" src=\"\/blog\/public\/.opel-zafira-tourer-concept-achat-carideal_mandataire_auto_m.jpg\" alt=\"Arri\u00e8re qui ressemble au Ford pour l'Opel Zafira Tourer concept\" width=\"448\" height=\"299\" \/><figcaption class=\"wp-caption-text\">Arri\u00e8re qui ressemble au Ford pour l'Opel Zafira Tourer concept<\/figcaption><\/figure>\n<p>Il aura fort \u00e0 faire avec l'inventeur du concept leader du march\u00e9 le <a href=\"http:\/\/www.carideal.com\/blog\/2015\/06\/05\/renault-scenic-2016\/\">Renault Scenic<\/a>. Son gabarit 4.62m rejoint celui du Scenic 4.56m et du <a href=\"http:\/\/www.carideal.com\/blog\/2013\/11\/27\/citroen-grand-c4-picasso\/\">Citroen grand C4 Picasso<\/a> 4.59m. La face avant est originale avec ses feux en boomerang qui parte du haut de l'aile pour descendre en bas du bouclier et englober sous la m\u00eame glace les feux et les antibrouillards.<\/p>\n<p>La face arri\u00e8re ressemble plus au Ford<\/p>\n<figure style=\"width: 438px\" class=\"wp-caption alignnone\"><img loading=\"lazy\" decoding=\"async\" title=\"la banquette arri\u00e8re peu pratique de l'opel Zafira Tourer Concept\" src=\"\/blog\/public\/.opel-zafira-tourer-concept-achat-carideal_mandataire_auto-4_m.jpg\" alt=\"la banquette arri\u00e8re peu pratique de l'opel Zafira Tourer Concept\" width=\"448\" height=\"298\" \/><figcaption class=\"wp-caption-text\">la banquette arri\u00e8re peu pratique de l'opel Zafira Tourer Concept<\/figcaption><\/figure>\n<p>Il y a donc un certain m\u00e9lange des genres dans ce Nouveau Zafira que l'on peut voire ici dans sa finition hyper luxueuse, avec des \u00e9crans tactiles videos. La banquette arri\u00e8re ne semble dans ce tte version pas tr\u00e8s pratique avec une fonction 40\/20\/40 qui ne permettra pas de loger trois si\u00e8ges auto.<\/p>\n<p>Une autre marque qui envisage de se lancer dans un nouveau langage de design pour ses futurs mod\u00e8les, Opel pr\u00e9sentera le deuxi\u00e8me mod\u00e8le qui portera les nouveaux indices de style de la soci\u00e9t\u00e9 au Salon de l\u2019automobile de Gen\u00e8ve. Apr\u00e8s l'Opel Ampera, pr\u00e9parez-vous \u00e0 \u00eatre pr\u00e9sent\u00e9 au Concept Zafira Tourer.<\/p>\n<p>Comme pour la plupart des concepts en cours de pr\u00e9paration, le Opel Zafira Tourer concept offre de nombreuses nouvelles fonctionnalit\u00e9s qui peuvent ou non \u00eatre int\u00e9gr\u00e9es \u00e0 la version de production. Comme il s\u2019agit avant tout de faire des d\u00e9monstrations avec des voitures de ce type, Opel a fait en sorte de donner au\u00a0Zafira Tourer concept de nombreuses ato\u00fbts accrocheurs. \u00c0 l\u2019ext\u00e9rieur, le langage de conception du tourer est similaire \u00e0 celui de l\u2019Opel Ampera, y compris un car\u00e9nage avant avec une ligne de caract\u00e8re de style boomerang avec des feux de jour \u00e0 LED, des phares bi-x\u00e9non, un toit en verre avec ambiance int\u00e9gr\u00e9. \u00e9clairage et un pare-brise panoramique.<\/p>\n<p>Pendant ce temps, l\u2019int\u00e9rieur de la Zafira est livr\u00e9 avec ce que Opel d\u00e9crit comme un \u00absalon sur roues\u00bb, mis en \u00e9vidence par des appuie-t\u00eate \u00e9lectriques qui pivotent \u00e0 90 degr\u00e9s horizontalement, assurant aux passagers une exp\u00e9rience de \u00abbien-\u00eatre pur\u00bb. Outre l'atmosph\u00e8re de type spa, le Zafira Concept dispose \u00e9galement de trois rang\u00e9es de si\u00e8ges avec le si\u00e8ge central de la deuxi\u00e8me rang\u00e9e pouvant \u00eatre rabattu pour laisser place \u00e0 un accoudoir. Pendant ce temps, les si\u00e8ges de troisi\u00e8me rang\u00e9e peuvent \u00e9galement \u00eatre manipul\u00e9s d'une simple pression sur un bouton, o\u00f9 ils sont automatiquement repli\u00e9s sur le sol.<\/p>\n<p>Il n\u2019y a toujours pas de mot officiel sur le type de groupe motopropulseur qui \u00e9quipera l'Opel Zafira Tourer concept, mais le plus probable est un moteur turbocompress\u00e9 de 1,4 litre avec une puissance probable de 138 chevaux.<\/p>\n<p>&nbsp;<\/p>\n","protected":false},"excerpt":{"rendered":"<p>L&rsquo;Opel Zafira Tourer Concept sortira en septembre La bataille est rude dans le segment des monospaces compactes directement en concurrence avec les break, suv et autres berlines&#8230;Il faut donc que le genre se renouvelle et c&rsquo;est justement ce qu&rsquo;a d\u00e9cid\u00e9 de faire Opel avec son future Tourer Concept qui sortira en septembre apr\u00e8s le salon &#8230; <a title=\"Opel Zafira Tourer Concept\" class=\"read-more\" href=\"https:\/\/www.carideal.com\/blog\/2011\/05\/31\/opel-zafira-tourer-concept\/\" aria-label=\"En savoir plus sur Opel Zafira Tourer Concept\">Lire plus<\/a><\/p>\n","protected":false},"author":1,"featured_media":17553,"comment_status":"open","ping_status":"open","sticky":false,"template":"","format":"standard","meta":{"_uag_custom_page_level_css":"","_themeisle_gutenberg_block_has_review":false,"footnotes":""},"categories":[21,5944,6017,6023,5972,6054,5974],"tags":[],"class_list":["post-972","post","type-post","status-publish","format-standard","has-post-thumbnail","hentry","category-actualites-auto","category-constructeur","category-opel","category-monospace","category-salons","category-salon-de-francfort","category-type-de-vehicule"],"wppr_data":{"cwp_meta_box_check":"No"},"yoast_head":"<!-- This site is optimized with the Yoast SEO plugin v24.8.1 - https:\/\/yoast.com\/wordpress\/plugins\/seo\/ -->\n<title>Opel Zafira Tourer Concept - Blog auto Carid\u00e9al<\/title>\n<meta name=\"description\" content=\"Il n\u2019y a toujours pas de mot officiel sur le type de groupe motopropulseur qui \u00e9quipera l&#039;Opel Zafira Tourer concept, mais le plus probable est un moteur turbocompress\u00e9 de 1,4 litre avec une puissance probable de 138 chevaux.\" \/>\n<meta name=\"robots\" content=\"index, follow, max-snippet:-1, max-image-preview:large, max-video-preview:-1\" \/>\n<link rel=\"canonical\" href=\"https:\/\/www.carideal.com\/blog\/2011\/05\/31\/opel-zafira-tourer-concept\/\" \/>\n<meta property=\"og:locale\" content=\"fr_FR\" \/>\n<meta property=\"og:type\" content=\"article\" \/>\n<meta property=\"og:title\" content=\"Opel Zafira Tourer Concept - Blog auto Carid\u00e9al\" \/>\n<meta property=\"og:description\" content=\"Il n\u2019y a toujours pas de mot officiel sur le type de groupe motopropulseur qui \u00e9quipera l&#039;Opel Zafira Tourer concept, mais le plus probable est un moteur turbocompress\u00e9 de 1,4 litre avec une puissance probable de 138 chevaux.\" \/>\n<meta property=\"og:url\" content=\"https:\/\/www.carideal.com\/blog\/2011\/05\/31\/opel-zafira-tourer-concept\/\" \/>\n<meta property=\"og:site_name\" content=\"Blog auto Carid\u00e9al\" \/>\n<meta property=\"article:publisher\" content=\"https:\/\/www.facebook.com\/Carideal.mandataire.automobile\" \/>\n<meta property=\"article:author\" content=\"https:\/\/www.facebook.com\/Carideal.mandataire.automobile\/\" \/>\n<meta property=\"article:published_time\" content=\"2011-05-31T11:23:00+00:00\" \/>\n<meta property=\"article:modified_time\" content=\"2020-03-07T19:21:33+00:00\" \/>\n<meta property=\"og:image\" content=\"https:\/\/www.carideal.com\/blog\/wp-content\/uploads\/2011\/05\/Opel-Zafira-Tourer-Concept-e1538403483206.jpg\" \/>\n\t<meta property=\"og:image:width\" content=\"800\" \/>\n\t<meta property=\"og:image:height\" content=\"534\" \/>\n\t<meta property=\"og:image:type\" content=\"image\/jpeg\" \/>\n<meta name=\"author\" content=\"N.S Carideal\" \/>\n<meta name=\"twitter:card\" content=\"summary_large_image\" \/>\n<meta name=\"twitter:creator\" content=\"@caridealauto\" \/>\n<meta name=\"twitter:site\" content=\"@caridealauto\" \/>\n<meta name=\"twitter:label1\" content=\"\u00c9crit par\" \/>\n\t<meta name=\"twitter:data1\" content=\"N.S Carideal\" \/>\n\t<meta name=\"twitter:label2\" content=\"Dur\u00e9e de lecture estim\u00e9e\" \/>\n\t<meta name=\"twitter:data2\" content=\"3 minutes\" \/>\n<script type=\"application\/ld+json\" class=\"yoast-schema-graph\">{\"@context\":\"https:\/\/schema.org\",\"@graph\":[{\"@type\":\"Article\",\"@id\":\"https:\/\/www.carideal.com\/blog\/2011\/05\/31\/opel-zafira-tourer-concept\/#article\",\"isPartOf\":{\"@id\":\"https:\/\/www.carideal.com\/blog\/2011\/05\/31\/opel-zafira-tourer-concept\/\"},\"author\":{\"name\":\"N.S Carideal\",\"@id\":\"https:\/\/www.carideal.com\/blog\/#\/schema\/person\/985c7e757d1042d647f21bfaf8d41ebc\"},\"headline\":\"Opel Zafira Tourer Concept\",\"datePublished\":\"2011-05-31T11:23:00+00:00\",\"dateModified\":\"2020-03-07T19:21:33+00:00\",\"mainEntityOfPage\":{\"@id\":\"https:\/\/www.carideal.com\/blog\/2011\/05\/31\/opel-zafira-tourer-concept\/\"},\"wordCount\":583,\"commentCount\":0,\"publisher\":{\"@id\":\"https:\/\/www.carideal.com\/blog\/#organization\"},\"image\":{\"@id\":\"https:\/\/www.carideal.com\/blog\/2011\/05\/31\/opel-zafira-tourer-concept\/#primaryimage\"},\"thumbnailUrl\":\"https:\/\/www.carideal.com\/blog\/wp-content\/uploads\/2011\/05\/Opel-Zafira-Tourer-Concept-e1538403483206.jpg\",\"articleSection\":[\"Actualit\u00e9 automobile\",\"Actualit\u00e9 Constructeur automobile\",\"Actualit\u00e9 Opel\",\"Monospace\",\"Salon automobile\",\"Salon de Francfort\",\"Type de v\u00e9hicule\"],\"inLanguage\":\"fr-FR\",\"potentialAction\":[{\"@type\":\"CommentAction\",\"name\":\"Comment\",\"target\":[\"https:\/\/www.carideal.com\/blog\/2011\/05\/31\/opel-zafira-tourer-concept\/#respond\"]}]},{\"@type\":\"WebPage\",\"@id\":\"https:\/\/www.carideal.com\/blog\/2011\/05\/31\/opel-zafira-tourer-concept\/\",\"url\":\"https:\/\/www.carideal.com\/blog\/2011\/05\/31\/opel-zafira-tourer-concept\/\",\"name\":\"Opel Zafira Tourer Concept - Blog auto Carid\u00e9al\",\"isPartOf\":{\"@id\":\"https:\/\/www.carideal.com\/blog\/#website\"},\"primaryImageOfPage\":{\"@id\":\"https:\/\/www.carideal.com\/blog\/2011\/05\/31\/opel-zafira-tourer-concept\/#primaryimage\"},\"image\":{\"@id\":\"https:\/\/www.carideal.com\/blog\/2011\/05\/31\/opel-zafira-tourer-concept\/#primaryimage\"},\"thumbnailUrl\":\"https:\/\/www.carideal.com\/blog\/wp-content\/uploads\/2011\/05\/Opel-Zafira-Tourer-Concept-e1538403483206.jpg\",\"datePublished\":\"2011-05-31T11:23:00+00:00\",\"dateModified\":\"2020-03-07T19:21:33+00:00\",\"description\":\"Il n\u2019y a toujours pas de mot officiel sur le type de groupe motopropulseur qui \u00e9quipera l'Opel Zafira Tourer concept, mais le plus probable est un moteur turbocompress\u00e9 de 1,4 litre avec une puissance probable de 138 chevaux.\",\"breadcrumb\":{\"@id\":\"https:\/\/www.carideal.com\/blog\/2011\/05\/31\/opel-zafira-tourer-concept\/#breadcrumb\"},\"inLanguage\":\"fr-FR\",\"potentialAction\":[{\"@type\":\"ReadAction\",\"target\":[\"https:\/\/www.carideal.com\/blog\/2011\/05\/31\/opel-zafira-tourer-concept\/\"]}]},{\"@type\":\"ImageObject\",\"inLanguage\":\"fr-FR\",\"@id\":\"https:\/\/www.carideal.com\/blog\/2011\/05\/31\/opel-zafira-tourer-concept\/#primaryimage\",\"url\":\"https:\/\/www.carideal.com\/blog\/wp-content\/uploads\/2011\/05\/Opel-Zafira-Tourer-Concept-e1538403483206.jpg\",\"contentUrl\":\"https:\/\/www.carideal.com\/blog\/wp-content\/uploads\/2011\/05\/Opel-Zafira-Tourer-Concept-e1538403483206.jpg\",\"width\":800,\"height\":534,\"caption\":\"Opel Zafira Tourer Concept\"},{\"@type\":\"BreadcrumbList\",\"@id\":\"https:\/\/www.carideal.com\/blog\/2011\/05\/31\/opel-zafira-tourer-concept\/#breadcrumb\",\"itemListElement\":[{\"@type\":\"ListItem\",\"position\":1,\"name\":\"Blog Carid\u00e9al\",\"item\":\"https:\/\/www.carideal.com\/blog\/\"},{\"@type\":\"ListItem\",\"position\":2,\"name\":\"Actualit\u00e9 constructeur automobile\",\"item\":\"https:\/\/www.carideal.com\/blog\/constructeur\/\"},{\"@type\":\"ListItem\",\"position\":3,\"name\":\"Actualit\u00e9 Opel\",\"item\":\"https:\/\/www.carideal.com\/blog\/constructeur\/opel\/\"},{\"@type\":\"ListItem\",\"position\":4,\"name\":\"Opel Zafira Tourer Concept\"}]},{\"@type\":\"WebSite\",\"@id\":\"https:\/\/www.carideal.com\/blog\/#website\",\"url\":\"https:\/\/www.carideal.com\/blog\/\",\"name\":\"Blog auto Carid\u00e9al\",\"description\":\"Actualit\u00e9 auto par des passionn\u00e9s\",\"publisher\":{\"@id\":\"https:\/\/www.carideal.com\/blog\/#organization\"},\"potentialAction\":[{\"@type\":\"SearchAction\",\"target\":{\"@type\":\"EntryPoint\",\"urlTemplate\":\"https:\/\/www.carideal.com\/blog\/?s={search_term_string}\"},\"query-input\":{\"@type\":\"PropertyValueSpecification\",\"valueRequired\":true,\"valueName\":\"search_term_string\"}}],\"inLanguage\":\"fr-FR\"},{\"@type\":\"Organization\",\"@id\":\"https:\/\/www.carideal.com\/blog\/#organization\",\"name\":\"Carideal\",\"url\":\"https:\/\/www.carideal.com\/blog\/\",\"logo\":{\"@type\":\"ImageObject\",\"inLanguage\":\"fr-FR\",\"@id\":\"https:\/\/www.carideal.com\/blog\/#\/schema\/logo\/image\/\",\"url\":\"http:\/\/www.carideal.com\/blog\/wp-content\/uploads\/2016\/03\/logo-carideal-mandataire-automobile.png\",\"contentUrl\":\"http:\/\/www.carideal.com\/blog\/wp-content\/uploads\/2016\/03\/logo-carideal-mandataire-automobile.png\",\"width\":300,\"height\":300,\"caption\":\"Carideal\"},\"image\":{\"@id\":\"https:\/\/www.carideal.com\/blog\/#\/schema\/logo\/image\/\"},\"sameAs\":[\"https:\/\/www.facebook.com\/Carideal.mandataire.automobile\",\"https:\/\/x.com\/caridealauto\",\"https:\/\/www.instagram.com\/carideal1\/\",\"https:\/\/www.linkedin.com\/company\/carideal.com\",\"https:\/\/fr.pinterest.com\/schiavonsas\/\",\"https:\/\/www.youtube.com\/user\/caridealsas\"]},{\"@type\":\"Person\",\"@id\":\"https:\/\/www.carideal.com\/blog\/#\/schema\/person\/985c7e757d1042d647f21bfaf8d41ebc\",\"name\":\"N.S Carideal\",\"image\":{\"@type\":\"ImageObject\",\"inLanguage\":\"fr-FR\",\"@id\":\"https:\/\/www.carideal.com\/blog\/#\/schema\/person\/image\/\",\"url\":\"https:\/\/secure.gravatar.com\/avatar\/edb7ccdf1a4e3d14aef967760d354d0e?s=96&r=g\",\"contentUrl\":\"https:\/\/secure.gravatar.com\/avatar\/edb7ccdf1a4e3d14aef967760d354d0e?s=96&r=g\",\"caption\":\"N.S Carideal\"},\"description\":\"Depuis tout petit fan d'automobile. Il est question d'essayer et de comparer toutes ces voitures qui nous ont fait r\u00e9ver, avant que celles-ci ne devient uniquement des voitures de collection.\",\"sameAs\":[\"http:\/\/www.carideal.com\/blog\",\"https:\/\/www.facebook.com\/Carideal.mandataire.automobile\/\",\"https:\/\/www.linkedin.com\/in\/nschiavon\/\",\"https:\/\/www.youtube.com\/user\/caridealsas\/\"],\"url\":\"https:\/\/www.carideal.com\/blog\/author\/admin_carideal\/\"}]}<\/script>\n<!-- \/ Yoast SEO plugin. -->","yoast_head_json":{"title":"Opel Zafira Tourer Concept - Blog auto Carid\u00e9al","description":"Il n\u2019y a toujours pas de mot officiel sur le type de groupe motopropulseur qui \u00e9quipera l'Opel Zafira Tourer concept, mais le plus probable est un moteur turbocompress\u00e9 de 1,4 litre avec une puissance probable de 138 chevaux.","robots":{"index":"index","follow":"follow","max-snippet":"max-snippet:-1","max-image-preview":"max-image-preview:large","max-video-preview":"max-video-preview:-1"},"canonical":"https:\/\/www.carideal.com\/blog\/2011\/05\/31\/opel-zafira-tourer-concept\/","og_locale":"fr_FR","og_type":"article","og_title":"Opel Zafira Tourer Concept - Blog auto Carid\u00e9al","og_description":"Il n\u2019y a toujours pas de mot officiel sur le type de groupe motopropulseur qui \u00e9quipera l'Opel Zafira Tourer concept, mais le plus probable est un moteur turbocompress\u00e9 de 1,4 litre avec une puissance probable de 138 chevaux.","og_url":"https:\/\/www.carideal.com\/blog\/2011\/05\/31\/opel-zafira-tourer-concept\/","og_site_name":"Blog auto Carid\u00e9al","article_publisher":"https:\/\/www.facebook.com\/Carideal.mandataire.automobile","article_author":"https:\/\/www.facebook.com\/Carideal.mandataire.automobile\/","article_published_time":"2011-05-31T11:23:00+00:00","article_modified_time":"2020-03-07T19:21:33+00:00","og_image":[{"width":800,"height":534,"url":"https:\/\/www.carideal.com\/blog\/wp-content\/uploads\/2011\/05\/Opel-Zafira-Tourer-Concept-e1538403483206.jpg","type":"image\/jpeg"}],"author":"N.S Carideal","twitter_card":"summary_large_image","twitter_creator":"@caridealauto","twitter_site":"@caridealauto","twitter_misc":{"\u00c9crit par":"N.S Carideal","Dur\u00e9e de lecture estim\u00e9e":"3 minutes"},"schema":{"@context":"https:\/\/schema.org","@graph":[{"@type":"Article","@id":"https:\/\/www.carideal.com\/blog\/2011\/05\/31\/opel-zafira-tourer-concept\/#article","isPartOf":{"@id":"https:\/\/www.carideal.com\/blog\/2011\/05\/31\/opel-zafira-tourer-concept\/"},"author":{"name":"N.S Carideal","@id":"https:\/\/www.carideal.com\/blog\/#\/schema\/person\/985c7e757d1042d647f21bfaf8d41ebc"},"headline":"Opel Zafira Tourer Concept","datePublished":"2011-05-31T11:23:00+00:00","dateModified":"2020-03-07T19:21:33+00:00","mainEntityOfPage":{"@id":"https:\/\/www.carideal.com\/blog\/2011\/05\/31\/opel-zafira-tourer-concept\/"},"wordCount":583,"commentCount":0,"publisher":{"@id":"https:\/\/www.carideal.com\/blog\/#organization"},"image":{"@id":"https:\/\/www.carideal.com\/blog\/2011\/05\/31\/opel-zafira-tourer-concept\/#primaryimage"},"thumbnailUrl":"https:\/\/www.carideal.com\/blog\/wp-content\/uploads\/2011\/05\/Opel-Zafira-Tourer-Concept-e1538403483206.jpg","articleSection":["Actualit\u00e9 automobile","Actualit\u00e9 Constructeur automobile","Actualit\u00e9 Opel","Monospace","Salon automobile","Salon de Francfort","Type de v\u00e9hicule"],"inLanguage":"fr-FR","potentialAction":[{"@type":"CommentAction","name":"Comment","target":["https:\/\/www.carideal.com\/blog\/2011\/05\/31\/opel-zafira-tourer-concept\/#respond"]}]},{"@type":"WebPage","@id":"https:\/\/www.carideal.com\/blog\/2011\/05\/31\/opel-zafira-tourer-concept\/","url":"https:\/\/www.carideal.com\/blog\/2011\/05\/31\/opel-zafira-tourer-concept\/","name":"Opel Zafira Tourer Concept - Blog auto Carid\u00e9al","isPartOf":{"@id":"https:\/\/www.carideal.com\/blog\/#website"},"primaryImageOfPage":{"@id":"https:\/\/www.carideal.com\/blog\/2011\/05\/31\/opel-zafira-tourer-concept\/#primaryimage"},"image":{"@id":"https:\/\/www.carideal.com\/blog\/2011\/05\/31\/opel-zafira-tourer-concept\/#primaryimage"},"thumbnailUrl":"https:\/\/www.carideal.com\/blog\/wp-content\/uploads\/2011\/05\/Opel-Zafira-Tourer-Concept-e1538403483206.jpg","datePublished":"2011-05-31T11:23:00+00:00","dateModified":"2020-03-07T19:21:33+00:00","description":"Il n\u2019y a toujours pas de mot officiel sur le type de groupe motopropulseur qui \u00e9quipera l'Opel Zafira Tourer concept, mais le plus probable est un moteur turbocompress\u00e9 de 1,4 litre avec une puissance probable de 138 chevaux.","breadcrumb":{"@id":"https:\/\/www.carideal.com\/blog\/2011\/05\/31\/opel-zafira-tourer-concept\/#breadcrumb"},"inLanguage":"fr-FR","potentialAction":[{"@type":"ReadAction","target":["https:\/\/www.carideal.com\/blog\/2011\/05\/31\/opel-zafira-tourer-concept\/"]}]},{"@type":"ImageObject","inLanguage":"fr-FR","@id":"https:\/\/www.carideal.com\/blog\/2011\/05\/31\/opel-zafira-tourer-concept\/#primaryimage","url":"https:\/\/www.carideal.com\/blog\/wp-content\/uploads\/2011\/05\/Opel-Zafira-Tourer-Concept-e1538403483206.jpg","contentUrl":"https:\/\/www.carideal.com\/blog\/wp-content\/uploads\/2011\/05\/Opel-Zafira-Tourer-Concept-e1538403483206.jpg","width":800,"height":534,"caption":"Opel Zafira Tourer Concept"},{"@type":"BreadcrumbList","@id":"https:\/\/www.carideal.com\/blog\/2011\/05\/31\/opel-zafira-tourer-concept\/#breadcrumb","itemListElement":[{"@type":"ListItem","position":1,"name":"Blog Carid\u00e9al","item":"https:\/\/www.carideal.com\/blog\/"},{"@type":"ListItem","position":2,"name":"Actualit\u00e9 constructeur automobile","item":"https:\/\/www.carideal.com\/blog\/constructeur\/"},{"@type":"ListItem","position":3,"name":"Actualit\u00e9 Opel","item":"https:\/\/www.carideal.com\/blog\/constructeur\/opel\/"},{"@type":"ListItem","position":4,"name":"Opel Zafira Tourer Concept"}]},{"@type":"WebSite","@id":"https:\/\/www.carideal.com\/blog\/#website","url":"https:\/\/www.carideal.com\/blog\/","name":"Blog auto Carid\u00e9al","description":"Actualit\u00e9 auto par des passionn\u00e9s","publisher":{"@id":"https:\/\/www.carideal.com\/blog\/#organization"},"potentialAction":[{"@type":"SearchAction","target":{"@type":"EntryPoint","urlTemplate":"https:\/\/www.carideal.com\/blog\/?s={search_term_string}"},"query-input":{"@type":"PropertyValueSpecification","valueRequired":true,"valueName":"search_term_string"}}],"inLanguage":"fr-FR"},{"@type":"Organization","@id":"https:\/\/www.carideal.com\/blog\/#organization","name":"Carideal","url":"https:\/\/www.carideal.com\/blog\/","logo":{"@type":"ImageObject","inLanguage":"fr-FR","@id":"https:\/\/www.carideal.com\/blog\/#\/schema\/logo\/image\/","url":"http:\/\/www.carideal.com\/blog\/wp-content\/uploads\/2016\/03\/logo-carideal-mandataire-automobile.png","contentUrl":"http:\/\/www.carideal.com\/blog\/wp-content\/uploads\/2016\/03\/logo-carideal-mandataire-automobile.png","width":300,"height":300,"caption":"Carideal"},"image":{"@id":"https:\/\/www.carideal.com\/blog\/#\/schema\/logo\/image\/"},"sameAs":["https:\/\/www.facebook.com\/Carideal.mandataire.automobile","https:\/\/x.com\/caridealauto","https:\/\/www.instagram.com\/carideal1\/","https:\/\/www.linkedin.com\/company\/carideal.com","https:\/\/fr.pinterest.com\/schiavonsas\/","https:\/\/www.youtube.com\/user\/caridealsas"]},{"@type":"Person","@id":"https:\/\/www.carideal.com\/blog\/#\/schema\/person\/985c7e757d1042d647f21bfaf8d41ebc","name":"N.S Carideal","image":{"@type":"ImageObject","inLanguage":"fr-FR","@id":"https:\/\/www.carideal.com\/blog\/#\/schema\/person\/image\/","url":"https:\/\/secure.gravatar.com\/avatar\/edb7ccdf1a4e3d14aef967760d354d0e?s=96&r=g","contentUrl":"https:\/\/secure.gravatar.com\/avatar\/edb7ccdf1a4e3d14aef967760d354d0e?s=96&r=g","caption":"N.S Carideal"},"description":"Depuis tout petit fan d'automobile. Il est question d'essayer et de comparer toutes ces voitures qui nous ont fait r\u00e9ver, avant que celles-ci ne devient uniquement des voitures de collection.","sameAs":["http:\/\/www.carideal.com\/blog","https:\/\/www.facebook.com\/Carideal.mandataire.automobile\/","https:\/\/www.linkedin.com\/in\/nschiavon\/","https:\/\/www.youtube.com\/user\/caridealsas\/"],"url":"https:\/\/www.carideal.com\/blog\/author\/admin_carideal\/"}]}},"uagb_featured_image_src":{"full":["https:\/\/www.carideal.com\/blog\/wp-content\/uploads\/2011\/05\/Opel-Zafira-Tourer-Concept-e1538403483206.jpg",800,534,false],"thumbnail":["https:\/\/www.carideal.com\/blog\/wp-content\/uploads\/2011\/05\/Opel-Zafira-Tourer-Concept-150x150.jpg",150,150,true],"medium":["https:\/\/www.carideal.com\/blog\/wp-content\/uploads\/2011\/05\/Opel-Zafira-Tourer-Concept-300x200.jpg",300,200,true],"medium_large":["https:\/\/www.carideal.com\/blog\/wp-content\/uploads\/2011\/05\/Opel-Zafira-Tourer-Concept-768x512.jpg",768,512,true],"large":["https:\/\/www.carideal.com\/blog\/wp-content\/uploads\/2011\/05\/Opel-Zafira-Tourer-Concept-1024x683.jpg",1024,683,true],"1536x1536":["https:\/\/www.carideal.com\/blog\/wp-content\/uploads\/2011\/05\/Opel-Zafira-Tourer-Concept-e1538403483206.jpg",800,534,false],"2048x2048":["https:\/\/www.carideal.com\/blog\/wp-content\/uploads\/2011\/05\/Opel-Zafira-Tourer-Concept-e1538403483206.jpg",800,534,false],"wppr-widget":["https:\/\/www.carideal.com\/blog\/wp-content\/uploads\/2011\/05\/Opel-Zafira-Tourer-Concept-50x33.jpg",50,33,true]},"uagb_author_info":{"display_name":"N.S Carideal","author_link":"https:\/\/www.carideal.com\/blog\/author\/admin_carideal\/"},"uagb_comment_info":0,"uagb_excerpt":"L'Opel Zafira Tourer Concept sortira en septembre La bataille est rude dans le segment des monospaces compactes directement en concurrence avec les break, suv et autres berlines...Il faut donc que le genre se renouvelle et c'est justement ce qu'a d\u00e9cid\u00e9 de faire Opel avec son future Tourer Concept qui sortira en septembre apr\u00e8s le salon\u2026","_links":{"self":[{"href":"https:\/\/www.carideal.com\/blog\/wp-json\/wp\/v2\/posts\/972"}],"collection":[{"href":"https:\/\/www.carideal.com\/blog\/wp-json\/wp\/v2\/posts"}],"about":[{"href":"https:\/\/www.carideal.com\/blog\/wp-json\/wp\/v2\/types\/post"}],"author":[{"embeddable":true,"href":"https:\/\/www.carideal.com\/blog\/wp-json\/wp\/v2\/users\/1"}],"replies":[{"embeddable":true,"href":"https:\/\/www.carideal.com\/blog\/wp-json\/wp\/v2\/comments?post=972"}],"version-history":[{"count":0,"href":"https:\/\/www.carideal.com\/blog\/wp-json\/wp\/v2\/posts\/972\/revisions"}],"wp:featuredmedia":[{"embeddable":true,"href":"https:\/\/www.carideal.com\/blog\/wp-json\/wp\/v2\/media\/17553"}],"wp:attachment":[{"href":"https:\/\/www.carideal.com\/blog\/wp-json\/wp\/v2\/media?parent=972"}],"wp:term":[{"taxonomy":"category","embeddable":true,"href":"https:\/\/www.carideal.com\/blog\/wp-json\/wp\/v2\/categories?post=972"},{"taxonomy":"post_tag","embeddable":true,"href":"https:\/\/www.carideal.com\/blog\/wp-json\/wp\/v2\/tags?post=972"}],"curies":[{"name":"wp","href":"https:\/\/api.w.org\/{rel}","templated":true}]}}