{"id":971,"date":"2011-05-30T17:48:00","date_gmt":"2011-05-30T17:48:00","guid":{"rendered":"http:\/\/carideal.com\/blog\/?p=971"},"modified":"2020-01-13T22:27:27","modified_gmt":"2020-01-13T21:27:27","slug":"alfa-romeo-giulia","status":"publish","type":"post","link":"https:\/\/www.carideal.com\/blog\/2011\/05\/30\/alfa-romeo-giulia\/","title":{"rendered":"Alfa Giulia la rempla\u00e7ante de l&rsquo;actuelle 159"},"content":{"rendered":"<h2>L'Alfa Romeo Giulia va remplacer l'actuelle 159<\/h2>\n<p><strong>Dommage l'arri\u00e8re de l'Alfa Romeo Giulia avec son m\u00e9lange d'Audi et d'Alfa 33, n'est pas aussi bien r\u00e9ussi que l'avant.<\/strong><\/p>\n<figure id=\"attachment_16644\" aria-describedby=\"caption-attachment-16644\" style=\"width: 438px\" class=\"wp-caption alignnone\"><img loading=\"lazy\" decoding=\"async\" class=\"size-full wp-image-16644\" src=\"http:\/\/www.carideal.com\/blog\/wp-content\/uploads\/2011\/05\/Alfa_Romeo_Giulia-carideal-achat-mandataire_automobile_m.jpg\" alt=\"Alfa Giulia la rempla\u00e7ante de l'actuelle 159\" width=\"448\" height=\"298\" srcset=\"https:\/\/www.carideal.com\/blog\/wp-content\/uploads\/2011\/05\/Alfa_Romeo_Giulia-carideal-achat-mandataire_automobile_m.jpg 448w, https:\/\/www.carideal.com\/blog\/wp-content\/uploads\/2011\/05\/Alfa_Romeo_Giulia-carideal-achat-mandataire_automobile_m-300x200.jpg 300w, https:\/\/www.carideal.com\/blog\/wp-content\/uploads\/2011\/05\/Alfa_Romeo_Giulia-carideal-achat-mandataire_automobile_m-110x73.jpg 110w, https:\/\/www.carideal.com\/blog\/wp-content\/uploads\/2011\/05\/Alfa_Romeo_Giulia-carideal-achat-mandataire_automobile_m-420x279.jpg 420w, https:\/\/www.carideal.com\/blog\/wp-content\/uploads\/2011\/05\/Alfa_Romeo_Giulia-carideal-achat-mandataire_automobile_m-272x182.jpg 272w\" sizes=\"(max-width: 448px) 100vw, 448px\" \/><figcaption id=\"caption-attachment-16644\" class=\"wp-caption-text\">Alfa Giulia la rempla\u00e7ante de l'actuelle 159<\/figcaption><\/figure>\n<p><strong>La rempla\u00e7ante de la 159 s'appellera Giulia,<\/strong> doux patronyme d'une berline sportive de la gamme Alfa Romeo de 1962 \u00e0 1977. Alfa Romeo en profite pour faire passer son gabarit de 4.66 m \u00e0 4.80 et repose sur la plateforme C-D Evo, la m\u00eame qui \u00e9quipe la <a href=\"http:\/\/www.carideal.com\/blog\/2011\/03\/03\/alfa-giulietta-1750-tbi-quadrifoglio-verde\/\">Giulietta<\/a> et qui reprendra aussi les m\u00eames motorisations\u00a0: JTDM 105, 140 et 170 ch en diesel et en essence les 1.4 multiair de 140 et de 170 ch et le 1750TBi de 250 ch.<\/p>\n<p>La Giulia marquera le grand retour d'Alfa Romeo aux \u00c9tats-Unis gr\u00e2ce au groupe Chrysler et sera \u00e9quip\u00e9e pour cela du\u00a0V6 de 3.6L de 290 ch Pentastar de Chrysler. On ne peut qu'\u00eatre d\u00e9\u00e7u et regretter le d\u00e9funt et magnifique V6 italien.<br \/>\nLa belle devrait arriver milieu d'ann\u00e9e 2012 \u00e0 partir de 28000 \u20ac. <a href=\"http:\/\/www.carideal.com\/blog\/marque-de-voiture-actualites-essais\/alfa-romeo\/\">Alfa Romeo<\/a> parlerait de d\u00e9cliner aussi la voiture\u00a0en SW.(source Argus)<\/p>\n<p>Votre <a href=\"http:\/\/www.carideal.com\/blog\/marque-de-voiture-actualites-essais\/alfa-romeo\/alfa-romeo-giulia-actualite-essais\/\">Alfa Romeo Giulia<\/a> d'occasion avec Carideal <span style=\"text-decoration: underline;\">mandataire auto occasion<\/span><\/p>\n<p>La grande nouveaut\u00e9 pour\u00a0Alfa Romeo en\u00a02011 est bien s\u00fbr la nouvelle\u00a0Giulia, qui remplace l'Alfa\u00a0159. Contrairement \u00e0 la voiture actuelle, qui partage\u00a0l'architecture, ainsi nomm\u00e9e, haut de gamme, avec les jumelles Brera, le prochain\u00a0milieu\u00a0de gamme d'Arese adopte une variation l\u00e9g\u00e8rement plus large et plus longue.<\/p>\n<p>Cette nouvelle carrosserie\u00a0plus efficace en terme d'espace, combine un essieu avant McPherson avec une suspension arri\u00e8re \u00e0 double bras, et les ing\u00e9nieurs nous promettent de grandes am\u00e9liorations sur la conduite. Alors que les mod\u00e8les standards\u00a0seront propos\u00e9 en traction avant, la plate-forme est compatible avec les quatre roues motrices, ce qui devrait aider \u00e0 transmettre la puissance et le couple important fourni par les nouveaux moteurs V6 Multiair.<\/p>\n<h2>Y aura-t-il des berlines\u00a0et des break\u00a0Giulia ?<\/h2>\n<p>On\u00a0parie ? La Giulia, qui combine un nom traditionnel avec une forme r\u00e9solument moderne, sera comme sa pr\u00e9d\u00e9cesseure\u00a0propos\u00e9e en version Berline\u00a0\u00e0 quatre portes et cinq portes Sportwagon (break).<\/p>\n<p>L'objectif global de ventes de 100.000 Giulia\u00a0par an correspond pratiquement \u00e0 celle de la\u00a0Mito et de la rempla\u00e7ante de la 147, la Giulietta.<\/p>\n<h2>Nouvelle GTA et des\u00a0Giulia plus rapides ?<\/h2>\n<p>Alors que le g\u00e9nial Mito GTA (salon de Gen\u00e8ve 2009) a \u00e9t\u00e9 mis en attente en faveur de la Mito Quadrifoglio Verde MultiAir de 170 ch, la sportive Giulia GTA est toujours un projet qui pourrait proposer un moteur V6 de 3.0 litres et 300 ch\u00a0V6, une transmission quatre roues motrices Q4 am\u00e9lior\u00e9e et une transmission \u00e0 double embrayage \u00e0 sept vitesses. Alfa Romeo avait aussi d\u00e9clin\u00e9e sa belle <span style=\"text-decoration: underline;\"><a href=\"http:\/\/www.carideal.com\/blog\/2011\/03\/03\/alfa-giulietta-1750-tbi-quadrifoglio-verde\/\" target=\"_blank\" rel=\"noopener\">Alfa Romeo Giulietta 1750 TBI Quadrifoglio<\/a><\/span> pour tous ceux qui ne pouvaient pas s'offrir l'<a href=\"http:\/\/www.carideal.com\/blog\/2011\/05\/20\/alfa-romeo-4c-2\/\">Alfa 4C<\/a>.<\/p>\n<p>La rumeur veut que Alfa envisage \u00e9galement une version utra-l\u00e9g\u00e8re Q2\u00a0de 350 ch Autodelta \u00e9dition, ce qui serait la voiture parfaite pour participer \u00e0 de nouvelles\u00a0s\u00e9ries de course automobile.<\/p>\n<h2>Vid\u00e9o Alfa Giulia bruit voiture et son moteur<\/h2>\n<p>Cette vid\u00e9o pr\u00e9sente la nouvelle Alfa Romeo Giulia Quadrifoglio 2016, et plus important encore, le bruit de la voiture et le son du moteur et de ses \u00e9chappements. En regardant cette vid\u00e9o vous entendrez le son du moteur V6 bi-turbo de 2,9 litres en mode normal, et ensuite le son en mode Race. La vid\u00e9o comprend \u00e9galement un aper\u00e7u rapide de la Giulia. Enjoy !<br \/>\n<iframe loading=\"lazy\" src=\"https:\/\/www.youtube.com\/embed\/OStBe5ZvKEA\" width=\"560\" height=\"315\" frameborder=\"0\" allowfullscreen=\"allowfullscreen\"><\/iframe><\/p>\n<p>Cr\u00e9dit photo l'Argus<\/p>\n","protected":false},"excerpt":{"rendered":"<p>L&rsquo;Alfa Romeo Giulia va remplacer l&rsquo;actuelle 159 Dommage l&rsquo;arri\u00e8re de l&rsquo;Alfa Romeo Giulia avec son m\u00e9lange d&rsquo;Audi et d&rsquo;Alfa 33, n&rsquo;est pas aussi bien r\u00e9ussi que l&rsquo;avant. La rempla\u00e7ante de la 159 s&rsquo;appellera Giulia, doux patronyme d&rsquo;une berline sportive de la gamme Alfa Romeo de 1962 \u00e0 1977. Alfa Romeo en profite pour faire passer &#8230; <a title=\"Alfa Giulia la rempla\u00e7ante de l&rsquo;actuelle 159\" class=\"read-more\" href=\"https:\/\/www.carideal.com\/blog\/2011\/05\/30\/alfa-romeo-giulia\/\" aria-label=\"En savoir plus sur Alfa Giulia la rempla\u00e7ante de l&rsquo;actuelle 159\">Lire plus<\/a><\/p>\n","protected":false},"author":1,"featured_media":16644,"comment_status":"open","ping_status":"open","sticky":false,"template":"","format":"standard","meta":{"_uag_custom_page_level_css":"","_themeisle_gutenberg_block_has_review":false,"footnotes":""},"categories":[6058,6175,6012,6024],"tags":[6168],"class_list":["post-971","post","type-post","status-publish","format-standard","has-post-thumbnail","hentry","category-alfra-romeo","category-actualite-alfa-romeo-giulia","category-berlines","category-nouveaux-modeles","tag-bruit-de-voiture"],"wppr_data":{"cwp_meta_box_check":"No"},"yoast_head":"<!-- This site is optimized with the Yoast SEO plugin v24.8.1 - https:\/\/yoast.com\/wordpress\/plugins\/seo\/ -->\n<title>Alfa Giulia la rempla\u00e7ante de l&#039;actuelle 159 - Blog auto Carid\u00e9al<\/title>\n<meta name=\"description\" content=\"La rempla\u00e7ante de l&#039;Alfa 159 s&#039;appellera Giulia, doux patronyme d&#039;une berline sportive de la gamme Alfa Romeo de 1962 \u00e0 1977.\" \/>\n<meta name=\"robots\" content=\"index, follow, max-snippet:-1, max-image-preview:large, max-video-preview:-1\" \/>\n<link rel=\"canonical\" href=\"https:\/\/www.carideal.com\/blog\/2011\/05\/30\/alfa-romeo-giulia\/\" \/>\n<meta property=\"og:locale\" content=\"fr_FR\" \/>\n<meta property=\"og:type\" content=\"article\" \/>\n<meta property=\"og:title\" content=\"Alfa Giulia la rempla\u00e7ante de l&#039;actuelle 159 - Blog auto Carid\u00e9al\" \/>\n<meta property=\"og:description\" content=\"La rempla\u00e7ante de l&#039;Alfa 159 s&#039;appellera Giulia, doux patronyme d&#039;une berline sportive de la gamme Alfa Romeo de 1962 \u00e0 1977.\" \/>\n<meta property=\"og:url\" content=\"https:\/\/www.carideal.com\/blog\/2011\/05\/30\/alfa-romeo-giulia\/\" \/>\n<meta property=\"og:site_name\" content=\"Blog auto Carid\u00e9al\" \/>\n<meta property=\"article:publisher\" content=\"https:\/\/www.facebook.com\/Carideal.mandataire.automobile\" \/>\n<meta property=\"article:author\" content=\"https:\/\/www.facebook.com\/Carideal.mandataire.automobile\/\" \/>\n<meta property=\"article:published_time\" content=\"2011-05-30T17:48:00+00:00\" \/>\n<meta property=\"article:modified_time\" content=\"2020-01-13T21:27:27+00:00\" \/>\n<meta property=\"og:image\" content=\"https:\/\/www.carideal.com\/blog\/wp-content\/uploads\/2011\/05\/Alfa_Romeo_Giulia-carideal-achat-mandataire_automobile_m.jpg\" \/>\n\t<meta property=\"og:image:width\" content=\"448\" \/>\n\t<meta property=\"og:image:height\" content=\"298\" \/>\n\t<meta property=\"og:image:type\" content=\"image\/jpeg\" \/>\n<meta name=\"author\" content=\"N.S Carideal\" \/>\n<meta name=\"twitter:card\" content=\"summary_large_image\" \/>\n<meta name=\"twitter:creator\" content=\"@caridealauto\" \/>\n<meta name=\"twitter:site\" content=\"@caridealauto\" \/>\n<meta name=\"twitter:label1\" content=\"\u00c9crit par\" \/>\n\t<meta name=\"twitter:data1\" content=\"N.S Carideal\" \/>\n\t<meta name=\"twitter:label2\" content=\"Dur\u00e9e de lecture estim\u00e9e\" \/>\n\t<meta name=\"twitter:data2\" content=\"3 minutes\" \/>\n<script type=\"application\/ld+json\" class=\"yoast-schema-graph\">{\"@context\":\"https:\/\/schema.org\",\"@graph\":[{\"@type\":\"Article\",\"@id\":\"https:\/\/www.carideal.com\/blog\/2011\/05\/30\/alfa-romeo-giulia\/#article\",\"isPartOf\":{\"@id\":\"https:\/\/www.carideal.com\/blog\/2011\/05\/30\/alfa-romeo-giulia\/\"},\"author\":{\"name\":\"N.S Carideal\",\"@id\":\"https:\/\/www.carideal.com\/blog\/#\/schema\/person\/985c7e757d1042d647f21bfaf8d41ebc\"},\"headline\":\"Alfa Giulia la rempla\u00e7ante de l&rsquo;actuelle 159\",\"datePublished\":\"2011-05-30T17:48:00+00:00\",\"dateModified\":\"2020-01-13T21:27:27+00:00\",\"mainEntityOfPage\":{\"@id\":\"https:\/\/www.carideal.com\/blog\/2011\/05\/30\/alfa-romeo-giulia\/\"},\"wordCount\":587,\"commentCount\":0,\"publisher\":{\"@id\":\"https:\/\/www.carideal.com\/blog\/#organization\"},\"image\":{\"@id\":\"https:\/\/www.carideal.com\/blog\/2011\/05\/30\/alfa-romeo-giulia\/#primaryimage\"},\"thumbnailUrl\":\"https:\/\/www.carideal.com\/blog\/wp-content\/uploads\/2011\/05\/Alfa_Romeo_Giulia-carideal-achat-mandataire_automobile_m.jpg\",\"keywords\":[\"Bruit de voiture son de voiture\"],\"articleSection\":[\"Actualit\u00e9 Alfa Romeo\",\"Actualit\u00e9 Alfa Romeo Giulia\",\"Berlines\",\"Nouveaux mod\u00e8les\"],\"inLanguage\":\"fr-FR\",\"potentialAction\":[{\"@type\":\"CommentAction\",\"name\":\"Comment\",\"target\":[\"https:\/\/www.carideal.com\/blog\/2011\/05\/30\/alfa-romeo-giulia\/#respond\"]}]},{\"@type\":\"WebPage\",\"@id\":\"https:\/\/www.carideal.com\/blog\/2011\/05\/30\/alfa-romeo-giulia\/\",\"url\":\"https:\/\/www.carideal.com\/blog\/2011\/05\/30\/alfa-romeo-giulia\/\",\"name\":\"Alfa Giulia la rempla\u00e7ante de l'actuelle 159 - Blog auto Carid\u00e9al\",\"isPartOf\":{\"@id\":\"https:\/\/www.carideal.com\/blog\/#website\"},\"primaryImageOfPage\":{\"@id\":\"https:\/\/www.carideal.com\/blog\/2011\/05\/30\/alfa-romeo-giulia\/#primaryimage\"},\"image\":{\"@id\":\"https:\/\/www.carideal.com\/blog\/2011\/05\/30\/alfa-romeo-giulia\/#primaryimage\"},\"thumbnailUrl\":\"https:\/\/www.carideal.com\/blog\/wp-content\/uploads\/2011\/05\/Alfa_Romeo_Giulia-carideal-achat-mandataire_automobile_m.jpg\",\"datePublished\":\"2011-05-30T17:48:00+00:00\",\"dateModified\":\"2020-01-13T21:27:27+00:00\",\"description\":\"La rempla\u00e7ante de l'Alfa 159 s'appellera Giulia, doux patronyme d'une berline sportive de la gamme Alfa Romeo de 1962 \u00e0 1977.\",\"breadcrumb\":{\"@id\":\"https:\/\/www.carideal.com\/blog\/2011\/05\/30\/alfa-romeo-giulia\/#breadcrumb\"},\"inLanguage\":\"fr-FR\",\"potentialAction\":[{\"@type\":\"ReadAction\",\"target\":[\"https:\/\/www.carideal.com\/blog\/2011\/05\/30\/alfa-romeo-giulia\/\"]}]},{\"@type\":\"ImageObject\",\"inLanguage\":\"fr-FR\",\"@id\":\"https:\/\/www.carideal.com\/blog\/2011\/05\/30\/alfa-romeo-giulia\/#primaryimage\",\"url\":\"https:\/\/www.carideal.com\/blog\/wp-content\/uploads\/2011\/05\/Alfa_Romeo_Giulia-carideal-achat-mandataire_automobile_m.jpg\",\"contentUrl\":\"https:\/\/www.carideal.com\/blog\/wp-content\/uploads\/2011\/05\/Alfa_Romeo_Giulia-carideal-achat-mandataire_automobile_m.jpg\",\"width\":448,\"height\":298,\"caption\":\"Alfa Giulia la rempla\u00e7ante de l'actuelle 159\"},{\"@type\":\"BreadcrumbList\",\"@id\":\"https:\/\/www.carideal.com\/blog\/2011\/05\/30\/alfa-romeo-giulia\/#breadcrumb\",\"itemListElement\":[{\"@type\":\"ListItem\",\"position\":1,\"name\":\"Blog Carid\u00e9al\",\"item\":\"https:\/\/www.carideal.com\/blog\/\"},{\"@type\":\"ListItem\",\"position\":2,\"name\":\"Actualit\u00e9 constructeur automobile\",\"item\":\"https:\/\/www.carideal.com\/blog\/constructeur\/\"},{\"@type\":\"ListItem\",\"position\":3,\"name\":\"Actualit\u00e9 Alfa Romeo\",\"item\":\"https:\/\/www.carideal.com\/blog\/constructeur\/alfra-romeo\/\"},{\"@type\":\"ListItem\",\"position\":4,\"name\":\"Actualit\u00e9 Alfa Romeo Giulia\",\"item\":\"https:\/\/www.carideal.com\/blog\/constructeur\/alfra-romeo\/actualite-alfa-romeo-giulia\/\"},{\"@type\":\"ListItem\",\"position\":5,\"name\":\"Alfa Giulia la rempla\u00e7ante de l&rsquo;actuelle 159\"}]},{\"@type\":\"WebSite\",\"@id\":\"https:\/\/www.carideal.com\/blog\/#website\",\"url\":\"https:\/\/www.carideal.com\/blog\/\",\"name\":\"Blog auto Carid\u00e9al\",\"description\":\"Actualit\u00e9 auto par des passionn\u00e9s\",\"publisher\":{\"@id\":\"https:\/\/www.carideal.com\/blog\/#organization\"},\"potentialAction\":[{\"@type\":\"SearchAction\",\"target\":{\"@type\":\"EntryPoint\",\"urlTemplate\":\"https:\/\/www.carideal.com\/blog\/?s={search_term_string}\"},\"query-input\":{\"@type\":\"PropertyValueSpecification\",\"valueRequired\":true,\"valueName\":\"search_term_string\"}}],\"inLanguage\":\"fr-FR\"},{\"@type\":\"Organization\",\"@id\":\"https:\/\/www.carideal.com\/blog\/#organization\",\"name\":\"Carideal\",\"url\":\"https:\/\/www.carideal.com\/blog\/\",\"logo\":{\"@type\":\"ImageObject\",\"inLanguage\":\"fr-FR\",\"@id\":\"https:\/\/www.carideal.com\/blog\/#\/schema\/logo\/image\/\",\"url\":\"http:\/\/www.carideal.com\/blog\/wp-content\/uploads\/2016\/03\/logo-carideal-mandataire-automobile.png\",\"contentUrl\":\"http:\/\/www.carideal.com\/blog\/wp-content\/uploads\/2016\/03\/logo-carideal-mandataire-automobile.png\",\"width\":300,\"height\":300,\"caption\":\"Carideal\"},\"image\":{\"@id\":\"https:\/\/www.carideal.com\/blog\/#\/schema\/logo\/image\/\"},\"sameAs\":[\"https:\/\/www.facebook.com\/Carideal.mandataire.automobile\",\"https:\/\/x.com\/caridealauto\",\"https:\/\/www.instagram.com\/carideal1\/\",\"https:\/\/www.linkedin.com\/company\/carideal.com\",\"https:\/\/fr.pinterest.com\/schiavonsas\/\",\"https:\/\/www.youtube.com\/user\/caridealsas\"]},{\"@type\":\"Person\",\"@id\":\"https:\/\/www.carideal.com\/blog\/#\/schema\/person\/985c7e757d1042d647f21bfaf8d41ebc\",\"name\":\"N.S Carideal\",\"image\":{\"@type\":\"ImageObject\",\"inLanguage\":\"fr-FR\",\"@id\":\"https:\/\/www.carideal.com\/blog\/#\/schema\/person\/image\/\",\"url\":\"https:\/\/secure.gravatar.com\/avatar\/edb7ccdf1a4e3d14aef967760d354d0e?s=96&r=g\",\"contentUrl\":\"https:\/\/secure.gravatar.com\/avatar\/edb7ccdf1a4e3d14aef967760d354d0e?s=96&r=g\",\"caption\":\"N.S Carideal\"},\"description\":\"Depuis tout petit fan d'automobile. Il est question d'essayer et de comparer toutes ces voitures qui nous ont fait r\u00e9ver, avant que celles-ci ne devient uniquement des voitures de collection.\",\"sameAs\":[\"http:\/\/www.carideal.com\/blog\",\"https:\/\/www.facebook.com\/Carideal.mandataire.automobile\/\",\"https:\/\/www.linkedin.com\/in\/nschiavon\/\",\"https:\/\/www.youtube.com\/user\/caridealsas\/\"],\"url\":\"https:\/\/www.carideal.com\/blog\/author\/admin_carideal\/\"}]}<\/script>\n<!-- \/ Yoast SEO plugin. -->","yoast_head_json":{"title":"Alfa Giulia la rempla\u00e7ante de l'actuelle 159 - Blog auto Carid\u00e9al","description":"La rempla\u00e7ante de l'Alfa 159 s'appellera Giulia, doux patronyme d'une berline sportive de la gamme Alfa Romeo de 1962 \u00e0 1977.","robots":{"index":"index","follow":"follow","max-snippet":"max-snippet:-1","max-image-preview":"max-image-preview:large","max-video-preview":"max-video-preview:-1"},"canonical":"https:\/\/www.carideal.com\/blog\/2011\/05\/30\/alfa-romeo-giulia\/","og_locale":"fr_FR","og_type":"article","og_title":"Alfa Giulia la rempla\u00e7ante de l'actuelle 159 - Blog auto Carid\u00e9al","og_description":"La rempla\u00e7ante de l'Alfa 159 s'appellera Giulia, doux patronyme d'une berline sportive de la gamme Alfa Romeo de 1962 \u00e0 1977.","og_url":"https:\/\/www.carideal.com\/blog\/2011\/05\/30\/alfa-romeo-giulia\/","og_site_name":"Blog auto Carid\u00e9al","article_publisher":"https:\/\/www.facebook.com\/Carideal.mandataire.automobile","article_author":"https:\/\/www.facebook.com\/Carideal.mandataire.automobile\/","article_published_time":"2011-05-30T17:48:00+00:00","article_modified_time":"2020-01-13T21:27:27+00:00","og_image":[{"width":448,"height":298,"url":"https:\/\/www.carideal.com\/blog\/wp-content\/uploads\/2011\/05\/Alfa_Romeo_Giulia-carideal-achat-mandataire_automobile_m.jpg","type":"image\/jpeg"}],"author":"N.S Carideal","twitter_card":"summary_large_image","twitter_creator":"@caridealauto","twitter_site":"@caridealauto","twitter_misc":{"\u00c9crit par":"N.S Carideal","Dur\u00e9e de lecture estim\u00e9e":"3 minutes"},"schema":{"@context":"https:\/\/schema.org","@graph":[{"@type":"Article","@id":"https:\/\/www.carideal.com\/blog\/2011\/05\/30\/alfa-romeo-giulia\/#article","isPartOf":{"@id":"https:\/\/www.carideal.com\/blog\/2011\/05\/30\/alfa-romeo-giulia\/"},"author":{"name":"N.S Carideal","@id":"https:\/\/www.carideal.com\/blog\/#\/schema\/person\/985c7e757d1042d647f21bfaf8d41ebc"},"headline":"Alfa Giulia la rempla\u00e7ante de l&rsquo;actuelle 159","datePublished":"2011-05-30T17:48:00+00:00","dateModified":"2020-01-13T21:27:27+00:00","mainEntityOfPage":{"@id":"https:\/\/www.carideal.com\/blog\/2011\/05\/30\/alfa-romeo-giulia\/"},"wordCount":587,"commentCount":0,"publisher":{"@id":"https:\/\/www.carideal.com\/blog\/#organization"},"image":{"@id":"https:\/\/www.carideal.com\/blog\/2011\/05\/30\/alfa-romeo-giulia\/#primaryimage"},"thumbnailUrl":"https:\/\/www.carideal.com\/blog\/wp-content\/uploads\/2011\/05\/Alfa_Romeo_Giulia-carideal-achat-mandataire_automobile_m.jpg","keywords":["Bruit de voiture son de voiture"],"articleSection":["Actualit\u00e9 Alfa Romeo","Actualit\u00e9 Alfa Romeo Giulia","Berlines","Nouveaux mod\u00e8les"],"inLanguage":"fr-FR","potentialAction":[{"@type":"CommentAction","name":"Comment","target":["https:\/\/www.carideal.com\/blog\/2011\/05\/30\/alfa-romeo-giulia\/#respond"]}]},{"@type":"WebPage","@id":"https:\/\/www.carideal.com\/blog\/2011\/05\/30\/alfa-romeo-giulia\/","url":"https:\/\/www.carideal.com\/blog\/2011\/05\/30\/alfa-romeo-giulia\/","name":"Alfa Giulia la rempla\u00e7ante de l'actuelle 159 - Blog auto Carid\u00e9al","isPartOf":{"@id":"https:\/\/www.carideal.com\/blog\/#website"},"primaryImageOfPage":{"@id":"https:\/\/www.carideal.com\/blog\/2011\/05\/30\/alfa-romeo-giulia\/#primaryimage"},"image":{"@id":"https:\/\/www.carideal.com\/blog\/2011\/05\/30\/alfa-romeo-giulia\/#primaryimage"},"thumbnailUrl":"https:\/\/www.carideal.com\/blog\/wp-content\/uploads\/2011\/05\/Alfa_Romeo_Giulia-carideal-achat-mandataire_automobile_m.jpg","datePublished":"2011-05-30T17:48:00+00:00","dateModified":"2020-01-13T21:27:27+00:00","description":"La rempla\u00e7ante de l'Alfa 159 s'appellera Giulia, doux patronyme d'une berline sportive de la gamme Alfa Romeo de 1962 \u00e0 1977.","breadcrumb":{"@id":"https:\/\/www.carideal.com\/blog\/2011\/05\/30\/alfa-romeo-giulia\/#breadcrumb"},"inLanguage":"fr-FR","potentialAction":[{"@type":"ReadAction","target":["https:\/\/www.carideal.com\/blog\/2011\/05\/30\/alfa-romeo-giulia\/"]}]},{"@type":"ImageObject","inLanguage":"fr-FR","@id":"https:\/\/www.carideal.com\/blog\/2011\/05\/30\/alfa-romeo-giulia\/#primaryimage","url":"https:\/\/www.carideal.com\/blog\/wp-content\/uploads\/2011\/05\/Alfa_Romeo_Giulia-carideal-achat-mandataire_automobile_m.jpg","contentUrl":"https:\/\/www.carideal.com\/blog\/wp-content\/uploads\/2011\/05\/Alfa_Romeo_Giulia-carideal-achat-mandataire_automobile_m.jpg","width":448,"height":298,"caption":"Alfa Giulia la rempla\u00e7ante de l'actuelle 159"},{"@type":"BreadcrumbList","@id":"https:\/\/www.carideal.com\/blog\/2011\/05\/30\/alfa-romeo-giulia\/#breadcrumb","itemListElement":[{"@type":"ListItem","position":1,"name":"Blog Carid\u00e9al","item":"https:\/\/www.carideal.com\/blog\/"},{"@type":"ListItem","position":2,"name":"Actualit\u00e9 constructeur automobile","item":"https:\/\/www.carideal.com\/blog\/constructeur\/"},{"@type":"ListItem","position":3,"name":"Actualit\u00e9 Alfa Romeo","item":"https:\/\/www.carideal.com\/blog\/constructeur\/alfra-romeo\/"},{"@type":"ListItem","position":4,"name":"Actualit\u00e9 Alfa Romeo Giulia","item":"https:\/\/www.carideal.com\/blog\/constructeur\/alfra-romeo\/actualite-alfa-romeo-giulia\/"},{"@type":"ListItem","position":5,"name":"Alfa Giulia la rempla\u00e7ante de l&rsquo;actuelle 159"}]},{"@type":"WebSite","@id":"https:\/\/www.carideal.com\/blog\/#website","url":"https:\/\/www.carideal.com\/blog\/","name":"Blog auto Carid\u00e9al","description":"Actualit\u00e9 auto par des passionn\u00e9s","publisher":{"@id":"https:\/\/www.carideal.com\/blog\/#organization"},"potentialAction":[{"@type":"SearchAction","target":{"@type":"EntryPoint","urlTemplate":"https:\/\/www.carideal.com\/blog\/?s={search_term_string}"},"query-input":{"@type":"PropertyValueSpecification","valueRequired":true,"valueName":"search_term_string"}}],"inLanguage":"fr-FR"},{"@type":"Organization","@id":"https:\/\/www.carideal.com\/blog\/#organization","name":"Carideal","url":"https:\/\/www.carideal.com\/blog\/","logo":{"@type":"ImageObject","inLanguage":"fr-FR","@id":"https:\/\/www.carideal.com\/blog\/#\/schema\/logo\/image\/","url":"http:\/\/www.carideal.com\/blog\/wp-content\/uploads\/2016\/03\/logo-carideal-mandataire-automobile.png","contentUrl":"http:\/\/www.carideal.com\/blog\/wp-content\/uploads\/2016\/03\/logo-carideal-mandataire-automobile.png","width":300,"height":300,"caption":"Carideal"},"image":{"@id":"https:\/\/www.carideal.com\/blog\/#\/schema\/logo\/image\/"},"sameAs":["https:\/\/www.facebook.com\/Carideal.mandataire.automobile","https:\/\/x.com\/caridealauto","https:\/\/www.instagram.com\/carideal1\/","https:\/\/www.linkedin.com\/company\/carideal.com","https:\/\/fr.pinterest.com\/schiavonsas\/","https:\/\/www.youtube.com\/user\/caridealsas"]},{"@type":"Person","@id":"https:\/\/www.carideal.com\/blog\/#\/schema\/person\/985c7e757d1042d647f21bfaf8d41ebc","name":"N.S Carideal","image":{"@type":"ImageObject","inLanguage":"fr-FR","@id":"https:\/\/www.carideal.com\/blog\/#\/schema\/person\/image\/","url":"https:\/\/secure.gravatar.com\/avatar\/edb7ccdf1a4e3d14aef967760d354d0e?s=96&r=g","contentUrl":"https:\/\/secure.gravatar.com\/avatar\/edb7ccdf1a4e3d14aef967760d354d0e?s=96&r=g","caption":"N.S Carideal"},"description":"Depuis tout petit fan d'automobile. Il est question d'essayer et de comparer toutes ces voitures qui nous ont fait r\u00e9ver, avant que celles-ci ne devient uniquement des voitures de collection.","sameAs":["http:\/\/www.carideal.com\/blog","https:\/\/www.facebook.com\/Carideal.mandataire.automobile\/","https:\/\/www.linkedin.com\/in\/nschiavon\/","https:\/\/www.youtube.com\/user\/caridealsas\/"],"url":"https:\/\/www.carideal.com\/blog\/author\/admin_carideal\/"}]}},"uagb_featured_image_src":{"full":["https:\/\/www.carideal.com\/blog\/wp-content\/uploads\/2011\/05\/Alfa_Romeo_Giulia-carideal-achat-mandataire_automobile_m.jpg",448,298,false],"thumbnail":["https:\/\/www.carideal.com\/blog\/wp-content\/uploads\/2011\/05\/Alfa_Romeo_Giulia-carideal-achat-mandataire_automobile_m-150x150.jpg",150,150,true],"medium":["https:\/\/www.carideal.com\/blog\/wp-content\/uploads\/2011\/05\/Alfa_Romeo_Giulia-carideal-achat-mandataire_automobile_m-300x200.jpg",300,200,true],"medium_large":["https:\/\/www.carideal.com\/blog\/wp-content\/uploads\/2011\/05\/Alfa_Romeo_Giulia-carideal-achat-mandataire_automobile_m.jpg",448,298,false],"large":["https:\/\/www.carideal.com\/blog\/wp-content\/uploads\/2011\/05\/Alfa_Romeo_Giulia-carideal-achat-mandataire_automobile_m.jpg",448,298,false],"1536x1536":["https:\/\/www.carideal.com\/blog\/wp-content\/uploads\/2011\/05\/Alfa_Romeo_Giulia-carideal-achat-mandataire_automobile_m.jpg",448,298,false],"2048x2048":["https:\/\/www.carideal.com\/blog\/wp-content\/uploads\/2011\/05\/Alfa_Romeo_Giulia-carideal-achat-mandataire_automobile_m.jpg",448,298,false],"wppr-widget":["https:\/\/www.carideal.com\/blog\/wp-content\/uploads\/2011\/05\/Alfa_Romeo_Giulia-carideal-achat-mandataire_automobile_m.jpg",50,33,false]},"uagb_author_info":{"display_name":"N.S Carideal","author_link":"https:\/\/www.carideal.com\/blog\/author\/admin_carideal\/"},"uagb_comment_info":1,"uagb_excerpt":"L'Alfa Romeo Giulia va remplacer l'actuelle 159 Dommage l'arri\u00e8re de l'Alfa Romeo Giulia avec son m\u00e9lange d'Audi et d'Alfa 33, n'est pas aussi bien r\u00e9ussi que l'avant. La rempla\u00e7ante de la 159 s'appellera Giulia, doux patronyme d'une berline sportive de la gamme Alfa Romeo de 1962 \u00e0 1977. Alfa Romeo en profite pour faire passer\u2026","_links":{"self":[{"href":"https:\/\/www.carideal.com\/blog\/wp-json\/wp\/v2\/posts\/971"}],"collection":[{"href":"https:\/\/www.carideal.com\/blog\/wp-json\/wp\/v2\/posts"}],"about":[{"href":"https:\/\/www.carideal.com\/blog\/wp-json\/wp\/v2\/types\/post"}],"author":[{"embeddable":true,"href":"https:\/\/www.carideal.com\/blog\/wp-json\/wp\/v2\/users\/1"}],"replies":[{"embeddable":true,"href":"https:\/\/www.carideal.com\/blog\/wp-json\/wp\/v2\/comments?post=971"}],"version-history":[{"count":0,"href":"https:\/\/www.carideal.com\/blog\/wp-json\/wp\/v2\/posts\/971\/revisions"}],"wp:featuredmedia":[{"embeddable":true,"href":"https:\/\/www.carideal.com\/blog\/wp-json\/wp\/v2\/media\/16644"}],"wp:attachment":[{"href":"https:\/\/www.carideal.com\/blog\/wp-json\/wp\/v2\/media?parent=971"}],"wp:term":[{"taxonomy":"category","embeddable":true,"href":"https:\/\/www.carideal.com\/blog\/wp-json\/wp\/v2\/categories?post=971"},{"taxonomy":"post_tag","embeddable":true,"href":"https:\/\/www.carideal.com\/blog\/wp-json\/wp\/v2\/tags?post=971"}],"curies":[{"name":"wp","href":"https:\/\/api.w.org\/{rel}","templated":true}]}}