{"id":969,"date":"2011-05-20T15:32:00","date_gmt":"2011-05-20T15:32:00","guid":{"rendered":"http:\/\/carideal.com\/blog\/?p=969"},"modified":"2015-11-29T18:36:24","modified_gmt":"2015-11-29T17:36:24","slug":"alfa-romeo-4c-2","status":"publish","type":"post","link":"https:\/\/www.carideal.com\/blog\/2011\/05\/20\/alfa-romeo-4c-2\/","title":{"rendered":"Alfa Romeo 4C au salon de Geneve"},"content":{"rendered":"<p><img decoding=\"async\" title=\"Alfa_romeo_4c_achat_carideal_mandataire_auto__7_.JPG, mar. 2011\" src=\"\/blog\/public\/.Alfa_romeo_4c_achat_carideal_mandataire_auto__7__m.jpg\" alt=\"Alfa_romeo_4c_achat_carideal_mandataire_auto__7_.JPG\" \/><\/p>\n<blockquote><p>Orange is beautifull\u00a0! Alfa Romeo 4C en vente fin 2012<\/p><\/blockquote>\n<p><strong>Alfa Romeo 4C au salon de Geneve<\/strong><\/p>\n<p>Il fallait une r\u00e9ponse au coup de ma\u00eetre d'Alfa Romeo avec sa peu d\u00e9mocratique 8C. Alfa Romeo planche donc sur sa petite soeur la 4C \u00e0 45000 \u20ac soit 3 fois moins ch\u00e8re. Elle s'inspire fortement de la 8C, en proposant uniquement 2 places et pour une production de 3000 \u00e0 4000 exemplaires par an seulement et pour 45000 \u20ac.<br \/>\n<img decoding=\"async\" title=\"Alfa_romeo_4c_achat_carideal_mandataire_auto__4_.JPG, mar. 2011\" src=\"\/blog\/public\/.Alfa_romeo_4c_achat_carideal_mandataire_auto__4__m.jpg\" alt=\"Alfa_romeo_4c_achat_carideal_mandataire_auto__4_.JPG\" \/><\/p>\n<blockquote><p>les feux arri\u00e8res de l'Alfa Romeo ont un go\u00fbt de nostalgie.<\/p><\/blockquote>\n<p>Les photos ci jointes de L'alfa Romeo 4C proviennent du salon de Gen\u00e8ve ou la voiture a rencontr\u00e9 un franc succ\u00e8s. Les caract\u00e9ristiques de la voitures expos\u00e9e au salon, 4 m\u00e8tres de long avec un ch\u00e2ssis en carbone pour un point de 850 kg ne sera pas reprise sur la voiture de s\u00e9rie pour un \u00e9vident probl\u00e8me de co\u00fbt. Elle sera mue par un moteur essence 1750 TBi turbo de 200 ch qui lui permettra de r\u00e9aliser le 0 \u00e0 100 km\/h en moins de 5 sec pour une vitesse maxi de 250 km\/h.<\/p>\n<p>D\u00e9j\u00e0 nous avions pr\u00e9sent\u00e9 le concept car de l'<a href=\"http:\/\/www.carideal.com\/blog\/2011\/03\/14\/alfa-romeo-4c-concept-car\/\">Alfa romeo 4C<\/a>\u00a0et de l'<a href=\"http:\/\/www.carideal.com\/blog\/2012\/06\/28\/alfa-romeo-giuletta\/\">Alfa Romeo Giulietta<\/a><\/p>\n","protected":false},"excerpt":{"rendered":"<p>Orange is beautifull\u00a0! Alfa Romeo 4C en vente fin 2012 Alfa Romeo 4C au salon de Geneve Il fallait une r\u00e9ponse au coup de ma\u00eetre d&rsquo;Alfa Romeo avec sa peu d\u00e9mocratique 8C. Alfa Romeo planche donc sur sa petite soeur la 4C \u00e0 45000 \u20ac soit 3 fois moins ch\u00e8re. Elle s&rsquo;inspire fortement de la &#8230; <a title=\"Alfa Romeo 4C au salon de Geneve\" class=\"read-more\" href=\"https:\/\/www.carideal.com\/blog\/2011\/05\/20\/alfa-romeo-4c-2\/\" aria-label=\"En savoir plus sur Alfa Romeo 4C au salon de Geneve\">Lire plus<\/a><\/p>\n","protected":false},"author":1,"featured_media":0,"comment_status":"open","ping_status":"open","sticky":false,"template":"","format":"standard","meta":{"_uag_custom_page_level_css":"","_themeisle_gutenberg_block_has_review":false,"footnotes":""},"categories":[10],"tags":[],"class_list":["post-969","post","type-post","status-publish","format-standard","hentry","category-marche-automobile-voiture-neuve-occasion-4x4-suv"],"wppr_data":[],"yoast_head":"<!-- This site is optimized with the Yoast SEO plugin v24.8.1 - https:\/\/yoast.com\/wordpress\/plugins\/seo\/ -->\n<title>Alfa Romeo 4C au salon de Geneve - Blog auto Carid\u00e9al<\/title>\n<meta name=\"robots\" content=\"index, follow, max-snippet:-1, max-image-preview:large, max-video-preview:-1\" \/>\n<link rel=\"canonical\" href=\"https:\/\/www.carideal.com\/blog\/2011\/05\/20\/alfa-romeo-4c-2\/\" \/>\n<meta property=\"og:locale\" content=\"fr_FR\" \/>\n<meta property=\"og:type\" content=\"article\" \/>\n<meta property=\"og:title\" content=\"Alfa Romeo 4C au salon de Geneve - Blog auto Carid\u00e9al\" \/>\n<meta property=\"og:description\" content=\"Orange is beautifull\u00a0! Alfa Romeo 4C en vente fin 2012 Alfa Romeo 4C au salon de Geneve Il fallait une r\u00e9ponse au coup de ma\u00eetre d&#039;Alfa Romeo avec sa peu d\u00e9mocratique 8C. Alfa Romeo planche donc sur sa petite soeur la 4C \u00e0 45000 \u20ac soit 3 fois moins ch\u00e8re. Elle s&#039;inspire fortement de la ... Lire plus\" \/>\n<meta property=\"og:url\" content=\"https:\/\/www.carideal.com\/blog\/2011\/05\/20\/alfa-romeo-4c-2\/\" \/>\n<meta property=\"og:site_name\" content=\"Blog auto Carid\u00e9al\" \/>\n<meta property=\"article:publisher\" content=\"https:\/\/www.facebook.com\/Carideal.mandataire.automobile\" \/>\n<meta property=\"article:author\" content=\"https:\/\/www.facebook.com\/Carideal.mandataire.automobile\/\" \/>\n<meta property=\"article:published_time\" content=\"2011-05-20T15:32:00+00:00\" \/>\n<meta property=\"article:modified_time\" content=\"2015-11-29T17:36:24+00:00\" \/>\n<meta property=\"og:image\" content=\"https:\/\/www.carideal.com\/blog\/wp-content\/uploads\/2016\/03\/logo-carideal-mandataire-automobile.png\" \/>\n\t<meta property=\"og:image:width\" content=\"300\" \/>\n\t<meta property=\"og:image:height\" content=\"300\" \/>\n\t<meta property=\"og:image:type\" content=\"image\/png\" \/>\n<meta name=\"author\" content=\"N.S Carideal\" \/>\n<meta name=\"twitter:card\" content=\"summary_large_image\" \/>\n<meta name=\"twitter:creator\" content=\"@caridealauto\" \/>\n<meta name=\"twitter:site\" content=\"@caridealauto\" \/>\n<meta name=\"twitter:label1\" content=\"\u00c9crit par\" \/>\n\t<meta name=\"twitter:data1\" content=\"N.S Carideal\" \/>\n\t<meta name=\"twitter:label2\" content=\"Dur\u00e9e de lecture estim\u00e9e\" \/>\n\t<meta name=\"twitter:data2\" content=\"1 minute\" \/>\n<script type=\"application\/ld+json\" class=\"yoast-schema-graph\">{\"@context\":\"https:\/\/schema.org\",\"@graph\":[{\"@type\":\"Article\",\"@id\":\"https:\/\/www.carideal.com\/blog\/2011\/05\/20\/alfa-romeo-4c-2\/#article\",\"isPartOf\":{\"@id\":\"https:\/\/www.carideal.com\/blog\/2011\/05\/20\/alfa-romeo-4c-2\/\"},\"author\":{\"name\":\"N.S Carideal\",\"@id\":\"https:\/\/www.carideal.com\/blog\/#\/schema\/person\/985c7e757d1042d647f21bfaf8d41ebc\"},\"headline\":\"Alfa Romeo 4C au salon de Geneve\",\"datePublished\":\"2011-05-20T15:32:00+00:00\",\"dateModified\":\"2015-11-29T17:36:24+00:00\",\"mainEntityOfPage\":{\"@id\":\"https:\/\/www.carideal.com\/blog\/2011\/05\/20\/alfa-romeo-4c-2\/\"},\"wordCount\":205,\"commentCount\":0,\"publisher\":{\"@id\":\"https:\/\/www.carideal.com\/blog\/#organization\"},\"articleSection\":[\"March\u00e9 automobile\"],\"inLanguage\":\"fr-FR\",\"potentialAction\":[{\"@type\":\"CommentAction\",\"name\":\"Comment\",\"target\":[\"https:\/\/www.carideal.com\/blog\/2011\/05\/20\/alfa-romeo-4c-2\/#respond\"]}]},{\"@type\":\"WebPage\",\"@id\":\"https:\/\/www.carideal.com\/blog\/2011\/05\/20\/alfa-romeo-4c-2\/\",\"url\":\"https:\/\/www.carideal.com\/blog\/2011\/05\/20\/alfa-romeo-4c-2\/\",\"name\":\"Alfa Romeo 4C au salon de Geneve - Blog auto Carid\u00e9al\",\"isPartOf\":{\"@id\":\"https:\/\/www.carideal.com\/blog\/#website\"},\"datePublished\":\"2011-05-20T15:32:00+00:00\",\"dateModified\":\"2015-11-29T17:36:24+00:00\",\"breadcrumb\":{\"@id\":\"https:\/\/www.carideal.com\/blog\/2011\/05\/20\/alfa-romeo-4c-2\/#breadcrumb\"},\"inLanguage\":\"fr-FR\",\"potentialAction\":[{\"@type\":\"ReadAction\",\"target\":[\"https:\/\/www.carideal.com\/blog\/2011\/05\/20\/alfa-romeo-4c-2\/\"]}]},{\"@type\":\"BreadcrumbList\",\"@id\":\"https:\/\/www.carideal.com\/blog\/2011\/05\/20\/alfa-romeo-4c-2\/#breadcrumb\",\"itemListElement\":[{\"@type\":\"ListItem\",\"position\":1,\"name\":\"Blog Carid\u00e9al\",\"item\":\"https:\/\/www.carideal.com\/blog\/\"},{\"@type\":\"ListItem\",\"position\":2,\"name\":\"March\u00e9 automobile\",\"item\":\"https:\/\/www.carideal.com\/blog\/marche-automobile-voiture-neuve-occasion-4x4-suv\/\"},{\"@type\":\"ListItem\",\"position\":3,\"name\":\"Alfa Romeo 4C au salon de Geneve\"}]},{\"@type\":\"WebSite\",\"@id\":\"https:\/\/www.carideal.com\/blog\/#website\",\"url\":\"https:\/\/www.carideal.com\/blog\/\",\"name\":\"Blog auto Carid\u00e9al\",\"description\":\"Actualit\u00e9 auto par des passionn\u00e9s\",\"publisher\":{\"@id\":\"https:\/\/www.carideal.com\/blog\/#organization\"},\"potentialAction\":[{\"@type\":\"SearchAction\",\"target\":{\"@type\":\"EntryPoint\",\"urlTemplate\":\"https:\/\/www.carideal.com\/blog\/?s={search_term_string}\"},\"query-input\":{\"@type\":\"PropertyValueSpecification\",\"valueRequired\":true,\"valueName\":\"search_term_string\"}}],\"inLanguage\":\"fr-FR\"},{\"@type\":\"Organization\",\"@id\":\"https:\/\/www.carideal.com\/blog\/#organization\",\"name\":\"Carideal\",\"url\":\"https:\/\/www.carideal.com\/blog\/\",\"logo\":{\"@type\":\"ImageObject\",\"inLanguage\":\"fr-FR\",\"@id\":\"https:\/\/www.carideal.com\/blog\/#\/schema\/logo\/image\/\",\"url\":\"http:\/\/www.carideal.com\/blog\/wp-content\/uploads\/2016\/03\/logo-carideal-mandataire-automobile.png\",\"contentUrl\":\"http:\/\/www.carideal.com\/blog\/wp-content\/uploads\/2016\/03\/logo-carideal-mandataire-automobile.png\",\"width\":300,\"height\":300,\"caption\":\"Carideal\"},\"image\":{\"@id\":\"https:\/\/www.carideal.com\/blog\/#\/schema\/logo\/image\/\"},\"sameAs\":[\"https:\/\/www.facebook.com\/Carideal.mandataire.automobile\",\"https:\/\/x.com\/caridealauto\",\"https:\/\/www.instagram.com\/carideal1\/\",\"https:\/\/www.linkedin.com\/company\/carideal.com\",\"https:\/\/fr.pinterest.com\/schiavonsas\/\",\"https:\/\/www.youtube.com\/user\/caridealsas\"]},{\"@type\":\"Person\",\"@id\":\"https:\/\/www.carideal.com\/blog\/#\/schema\/person\/985c7e757d1042d647f21bfaf8d41ebc\",\"name\":\"N.S Carideal\",\"image\":{\"@type\":\"ImageObject\",\"inLanguage\":\"fr-FR\",\"@id\":\"https:\/\/www.carideal.com\/blog\/#\/schema\/person\/image\/\",\"url\":\"https:\/\/secure.gravatar.com\/avatar\/edb7ccdf1a4e3d14aef967760d354d0e?s=96&r=g\",\"contentUrl\":\"https:\/\/secure.gravatar.com\/avatar\/edb7ccdf1a4e3d14aef967760d354d0e?s=96&r=g\",\"caption\":\"N.S Carideal\"},\"description\":\"Depuis tout petit fan d'automobile. Il est question d'essayer et de comparer toutes ces voitures qui nous ont fait r\u00e9ver, avant que celles-ci ne devient uniquement des voitures de collection.\",\"sameAs\":[\"http:\/\/www.carideal.com\/blog\",\"https:\/\/www.facebook.com\/Carideal.mandataire.automobile\/\",\"https:\/\/www.linkedin.com\/in\/nschiavon\/\",\"https:\/\/www.youtube.com\/user\/caridealsas\/\"],\"url\":\"https:\/\/www.carideal.com\/blog\/author\/admin_carideal\/\"}]}<\/script>\n<!-- \/ Yoast SEO plugin. -->","yoast_head_json":{"title":"Alfa Romeo 4C au salon de Geneve - Blog auto Carid\u00e9al","robots":{"index":"index","follow":"follow","max-snippet":"max-snippet:-1","max-image-preview":"max-image-preview:large","max-video-preview":"max-video-preview:-1"},"canonical":"https:\/\/www.carideal.com\/blog\/2011\/05\/20\/alfa-romeo-4c-2\/","og_locale":"fr_FR","og_type":"article","og_title":"Alfa Romeo 4C au salon de Geneve - Blog auto Carid\u00e9al","og_description":"Orange is beautifull\u00a0! Alfa Romeo 4C en vente fin 2012 Alfa Romeo 4C au salon de Geneve Il fallait une r\u00e9ponse au coup de ma\u00eetre d'Alfa Romeo avec sa peu d\u00e9mocratique 8C. Alfa Romeo planche donc sur sa petite soeur la 4C \u00e0 45000 \u20ac soit 3 fois moins ch\u00e8re. Elle s'inspire fortement de la ... Lire plus","og_url":"https:\/\/www.carideal.com\/blog\/2011\/05\/20\/alfa-romeo-4c-2\/","og_site_name":"Blog auto Carid\u00e9al","article_publisher":"https:\/\/www.facebook.com\/Carideal.mandataire.automobile","article_author":"https:\/\/www.facebook.com\/Carideal.mandataire.automobile\/","article_published_time":"2011-05-20T15:32:00+00:00","article_modified_time":"2015-11-29T17:36:24+00:00","og_image":[{"width":300,"height":300,"url":"https:\/\/www.carideal.com\/blog\/wp-content\/uploads\/2016\/03\/logo-carideal-mandataire-automobile.png","type":"image\/png"}],"author":"N.S Carideal","twitter_card":"summary_large_image","twitter_creator":"@caridealauto","twitter_site":"@caridealauto","twitter_misc":{"\u00c9crit par":"N.S Carideal","Dur\u00e9e de lecture estim\u00e9e":"1 minute"},"schema":{"@context":"https:\/\/schema.org","@graph":[{"@type":"Article","@id":"https:\/\/www.carideal.com\/blog\/2011\/05\/20\/alfa-romeo-4c-2\/#article","isPartOf":{"@id":"https:\/\/www.carideal.com\/blog\/2011\/05\/20\/alfa-romeo-4c-2\/"},"author":{"name":"N.S Carideal","@id":"https:\/\/www.carideal.com\/blog\/#\/schema\/person\/985c7e757d1042d647f21bfaf8d41ebc"},"headline":"Alfa Romeo 4C au salon de Geneve","datePublished":"2011-05-20T15:32:00+00:00","dateModified":"2015-11-29T17:36:24+00:00","mainEntityOfPage":{"@id":"https:\/\/www.carideal.com\/blog\/2011\/05\/20\/alfa-romeo-4c-2\/"},"wordCount":205,"commentCount":0,"publisher":{"@id":"https:\/\/www.carideal.com\/blog\/#organization"},"articleSection":["March\u00e9 automobile"],"inLanguage":"fr-FR","potentialAction":[{"@type":"CommentAction","name":"Comment","target":["https:\/\/www.carideal.com\/blog\/2011\/05\/20\/alfa-romeo-4c-2\/#respond"]}]},{"@type":"WebPage","@id":"https:\/\/www.carideal.com\/blog\/2011\/05\/20\/alfa-romeo-4c-2\/","url":"https:\/\/www.carideal.com\/blog\/2011\/05\/20\/alfa-romeo-4c-2\/","name":"Alfa Romeo 4C au salon de Geneve - Blog auto Carid\u00e9al","isPartOf":{"@id":"https:\/\/www.carideal.com\/blog\/#website"},"datePublished":"2011-05-20T15:32:00+00:00","dateModified":"2015-11-29T17:36:24+00:00","breadcrumb":{"@id":"https:\/\/www.carideal.com\/blog\/2011\/05\/20\/alfa-romeo-4c-2\/#breadcrumb"},"inLanguage":"fr-FR","potentialAction":[{"@type":"ReadAction","target":["https:\/\/www.carideal.com\/blog\/2011\/05\/20\/alfa-romeo-4c-2\/"]}]},{"@type":"BreadcrumbList","@id":"https:\/\/www.carideal.com\/blog\/2011\/05\/20\/alfa-romeo-4c-2\/#breadcrumb","itemListElement":[{"@type":"ListItem","position":1,"name":"Blog Carid\u00e9al","item":"https:\/\/www.carideal.com\/blog\/"},{"@type":"ListItem","position":2,"name":"March\u00e9 automobile","item":"https:\/\/www.carideal.com\/blog\/marche-automobile-voiture-neuve-occasion-4x4-suv\/"},{"@type":"ListItem","position":3,"name":"Alfa Romeo 4C au salon de Geneve"}]},{"@type":"WebSite","@id":"https:\/\/www.carideal.com\/blog\/#website","url":"https:\/\/www.carideal.com\/blog\/","name":"Blog auto Carid\u00e9al","description":"Actualit\u00e9 auto par des passionn\u00e9s","publisher":{"@id":"https:\/\/www.carideal.com\/blog\/#organization"},"potentialAction":[{"@type":"SearchAction","target":{"@type":"EntryPoint","urlTemplate":"https:\/\/www.carideal.com\/blog\/?s={search_term_string}"},"query-input":{"@type":"PropertyValueSpecification","valueRequired":true,"valueName":"search_term_string"}}],"inLanguage":"fr-FR"},{"@type":"Organization","@id":"https:\/\/www.carideal.com\/blog\/#organization","name":"Carideal","url":"https:\/\/www.carideal.com\/blog\/","logo":{"@type":"ImageObject","inLanguage":"fr-FR","@id":"https:\/\/www.carideal.com\/blog\/#\/schema\/logo\/image\/","url":"http:\/\/www.carideal.com\/blog\/wp-content\/uploads\/2016\/03\/logo-carideal-mandataire-automobile.png","contentUrl":"http:\/\/www.carideal.com\/blog\/wp-content\/uploads\/2016\/03\/logo-carideal-mandataire-automobile.png","width":300,"height":300,"caption":"Carideal"},"image":{"@id":"https:\/\/www.carideal.com\/blog\/#\/schema\/logo\/image\/"},"sameAs":["https:\/\/www.facebook.com\/Carideal.mandataire.automobile","https:\/\/x.com\/caridealauto","https:\/\/www.instagram.com\/carideal1\/","https:\/\/www.linkedin.com\/company\/carideal.com","https:\/\/fr.pinterest.com\/schiavonsas\/","https:\/\/www.youtube.com\/user\/caridealsas"]},{"@type":"Person","@id":"https:\/\/www.carideal.com\/blog\/#\/schema\/person\/985c7e757d1042d647f21bfaf8d41ebc","name":"N.S Carideal","image":{"@type":"ImageObject","inLanguage":"fr-FR","@id":"https:\/\/www.carideal.com\/blog\/#\/schema\/person\/image\/","url":"https:\/\/secure.gravatar.com\/avatar\/edb7ccdf1a4e3d14aef967760d354d0e?s=96&r=g","contentUrl":"https:\/\/secure.gravatar.com\/avatar\/edb7ccdf1a4e3d14aef967760d354d0e?s=96&r=g","caption":"N.S Carideal"},"description":"Depuis tout petit fan d'automobile. Il est question d'essayer et de comparer toutes ces voitures qui nous ont fait r\u00e9ver, avant que celles-ci ne devient uniquement des voitures de collection.","sameAs":["http:\/\/www.carideal.com\/blog","https:\/\/www.facebook.com\/Carideal.mandataire.automobile\/","https:\/\/www.linkedin.com\/in\/nschiavon\/","https:\/\/www.youtube.com\/user\/caridealsas\/"],"url":"https:\/\/www.carideal.com\/blog\/author\/admin_carideal\/"}]}},"uagb_featured_image_src":{"full":false,"thumbnail":false,"medium":false,"medium_large":false,"large":false,"1536x1536":false,"2048x2048":false,"wppr-widget":false},"uagb_author_info":{"display_name":"N.S Carideal","author_link":"https:\/\/www.carideal.com\/blog\/author\/admin_carideal\/"},"uagb_comment_info":0,"uagb_excerpt":"Orange is beautifull\u00a0! Alfa Romeo 4C en vente fin 2012 Alfa Romeo 4C au salon de Geneve Il fallait une r\u00e9ponse au coup de ma\u00eetre d'Alfa Romeo avec sa peu d\u00e9mocratique 8C. Alfa Romeo planche donc sur sa petite soeur la 4C \u00e0 45000 \u20ac soit 3 fois moins ch\u00e8re. Elle s'inspire fortement de la\u2026","_links":{"self":[{"href":"https:\/\/www.carideal.com\/blog\/wp-json\/wp\/v2\/posts\/969"}],"collection":[{"href":"https:\/\/www.carideal.com\/blog\/wp-json\/wp\/v2\/posts"}],"about":[{"href":"https:\/\/www.carideal.com\/blog\/wp-json\/wp\/v2\/types\/post"}],"author":[{"embeddable":true,"href":"https:\/\/www.carideal.com\/blog\/wp-json\/wp\/v2\/users\/1"}],"replies":[{"embeddable":true,"href":"https:\/\/www.carideal.com\/blog\/wp-json\/wp\/v2\/comments?post=969"}],"version-history":[{"count":0,"href":"https:\/\/www.carideal.com\/blog\/wp-json\/wp\/v2\/posts\/969\/revisions"}],"wp:attachment":[{"href":"https:\/\/www.carideal.com\/blog\/wp-json\/wp\/v2\/media?parent=969"}],"wp:term":[{"taxonomy":"category","embeddable":true,"href":"https:\/\/www.carideal.com\/blog\/wp-json\/wp\/v2\/categories?post=969"},{"taxonomy":"post_tag","embeddable":true,"href":"https:\/\/www.carideal.com\/blog\/wp-json\/wp\/v2\/tags?post=969"}],"curies":[{"name":"wp","href":"https:\/\/api.w.org\/{rel}","templated":true}]}}