{"id":964,"date":"2011-05-13T09:54:00","date_gmt":"2011-05-13T09:54:00","guid":{"rendered":"http:\/\/carideal.com\/blog\/?p=964"},"modified":"2011-05-13T09:54:00","modified_gmt":"2011-05-13T09:54:00","slug":"refonte-de-la-gamme-chez-seat","status":"publish","type":"post","link":"https:\/\/www.carideal.com\/blog\/2011\/05\/13\/refonte-de-la-gamme-chez-seat\/","title":{"rendered":"Refonte de la gamme chez Seat"},"content":{"rendered":"<p><img decoding=\"async\" src=\"\/blog\/public\/.gamme_seat_carideal-mandataire_auto_m.jpg\" alt=\"gamme_seat_carideal-mandataire_auto.jpg\" title=\"gamme_seat_carideal-mandataire_auto.jpg, mai 2011\" \/><\/p>\n<blockquote>\n<p>Seat revoit son catalogue avant les beaux jours<\/p>\n<\/blockquote>\n<p>Seat vient de proc\u00e9der \u00e0 un petit nettoyage de printemps dans la gamme.<br \/>\nSur la petite <a href=\"\/blog\/index.php?tag\/Ibiza\">Ibiza<\/a> la finition haut de gamme <a href=\"\/blog\/index.php?tag\/Gran%20Via\">Gran Via<\/a> est g\u00e9n\u00e9ralis\u00e9 \u00e0 l'ensemble des moteurs diesels. La <a href=\"\/blog\/index.php?tag\/Leon\">Leon<\/a> en fin de carri\u00e8re voit le nombre des ses versions passer de sept \u00e0 quatre, <a href=\"\/blog\/index.php?tag\/R%C3%A9f%C3%A9rence\">R\u00e9f\u00e9rence<\/a>, <a href=\"\/blog\/index.php?tag\/Style\">Style<\/a>, <a href=\"\/blog\/index.php?tag\/FR\">FR<\/a> et <a href=\"\/blog\/index.php?tag\/Cupra-R\">Cupra-R<\/a>. La version FR peut \u00eatre livr\u00e9e avec les moteurs <a href=\"\/blog\/index.php?tag\/1.4%20TSI%20125\">1.4 TSI 125<\/a>, <a href=\"\/blog\/index.php?tag\/1.8%20TSI%20160\">1.8 TSI 160<\/a> et <a href=\"\/blog\/index.php?tag\/2.0%20TDI%20140\">2.0 TDI 140<\/a>.<br \/>\nL'<a href=\"\/blog\/index.php?tag\/Exeo\">Exeo<\/a> propose maintenant 5 niveaux de finitions&nbsp;: R\u00e9f\u00e9rence, Style, Sport, Techside et Gran Via. L'<a href=\"\/blog\/index.php?tag\/Alhambra\">Alhambra<\/a> revu en septembre 2010 propose maintenant le moteur 2.0 TDI 115 en finition R\u00e9f\u00e9rence et en version quatre roues motrices TD1 140.<\/p>\n","protected":false},"excerpt":{"rendered":"<p>Seat revoit son catalogue avant les beaux jours Seat vient de proc\u00e9der \u00e0 un petit nettoyage de printemps dans la gamme. Sur la petite Ibiza la finition haut de gamme Gran Via est g\u00e9n\u00e9ralis\u00e9 \u00e0 l&rsquo;ensemble des moteurs diesels. La Leon en fin de carri\u00e8re voit le nombre des ses versions passer de sept \u00e0 &#8230; <a title=\"Refonte de la gamme chez Seat\" class=\"read-more\" href=\"https:\/\/www.carideal.com\/blog\/2011\/05\/13\/refonte-de-la-gamme-chez-seat\/\" aria-label=\"En savoir plus sur Refonte de la gamme chez Seat\">Lire plus<\/a><\/p>\n","protected":false},"author":1,"featured_media":0,"comment_status":"open","ping_status":"open","sticky":false,"template":"","format":"standard","meta":{"_uag_custom_page_level_css":"","_themeisle_gutenberg_block_has_review":false,"footnotes":""},"categories":[10],"tags":[],"class_list":["post-964","post","type-post","status-publish","format-standard","hentry","category-marche-automobile-voiture-neuve-occasion-4x4-suv"],"wppr_data":[],"yoast_head":"<!-- This site is optimized with the Yoast SEO plugin v24.8.1 - https:\/\/yoast.com\/wordpress\/plugins\/seo\/ -->\n<title>Refonte de la gamme chez Seat - Blog auto Carid\u00e9al<\/title>\n<meta name=\"robots\" content=\"index, follow, max-snippet:-1, max-image-preview:large, max-video-preview:-1\" \/>\n<link rel=\"canonical\" href=\"https:\/\/www.carideal.com\/blog\/2011\/05\/13\/refonte-de-la-gamme-chez-seat\/\" \/>\n<meta property=\"og:locale\" content=\"fr_FR\" \/>\n<meta property=\"og:type\" content=\"article\" \/>\n<meta property=\"og:title\" content=\"Refonte de la gamme chez Seat - Blog auto Carid\u00e9al\" \/>\n<meta property=\"og:description\" content=\"Seat revoit son catalogue avant les beaux jours Seat vient de proc\u00e9der \u00e0 un petit nettoyage de printemps dans la gamme. Sur la petite Ibiza la finition haut de gamme Gran Via est g\u00e9n\u00e9ralis\u00e9 \u00e0 l&#039;ensemble des moteurs diesels. La Leon en fin de carri\u00e8re voit le nombre des ses versions passer de sept \u00e0 ... Lire plus\" \/>\n<meta property=\"og:url\" content=\"https:\/\/www.carideal.com\/blog\/2011\/05\/13\/refonte-de-la-gamme-chez-seat\/\" \/>\n<meta property=\"og:site_name\" content=\"Blog auto Carid\u00e9al\" \/>\n<meta property=\"article:publisher\" content=\"https:\/\/www.facebook.com\/Carideal.mandataire.automobile\" \/>\n<meta property=\"article:author\" content=\"https:\/\/www.facebook.com\/Carideal.mandataire.automobile\/\" \/>\n<meta property=\"article:published_time\" content=\"2011-05-13T09:54:00+00:00\" \/>\n<meta property=\"og:image\" content=\"https:\/\/www.carideal.com\/blog\/wp-content\/uploads\/2016\/03\/logo-carideal-mandataire-automobile.png\" \/>\n\t<meta property=\"og:image:width\" content=\"300\" \/>\n\t<meta property=\"og:image:height\" content=\"300\" \/>\n\t<meta property=\"og:image:type\" content=\"image\/png\" \/>\n<meta name=\"author\" content=\"N.S Carideal\" \/>\n<meta name=\"twitter:card\" content=\"summary_large_image\" \/>\n<meta name=\"twitter:creator\" content=\"@caridealauto\" \/>\n<meta name=\"twitter:site\" content=\"@caridealauto\" \/>\n<meta name=\"twitter:label1\" content=\"\u00c9crit par\" \/>\n\t<meta name=\"twitter:data1\" content=\"N.S Carideal\" \/>\n\t<meta name=\"twitter:label2\" content=\"Dur\u00e9e de lecture estim\u00e9e\" \/>\n\t<meta name=\"twitter:data2\" content=\"1 minute\" \/>\n<script type=\"application\/ld+json\" class=\"yoast-schema-graph\">{\"@context\":\"https:\/\/schema.org\",\"@graph\":[{\"@type\":\"Article\",\"@id\":\"https:\/\/www.carideal.com\/blog\/2011\/05\/13\/refonte-de-la-gamme-chez-seat\/#article\",\"isPartOf\":{\"@id\":\"https:\/\/www.carideal.com\/blog\/2011\/05\/13\/refonte-de-la-gamme-chez-seat\/\"},\"author\":{\"name\":\"N.S Carideal\",\"@id\":\"https:\/\/www.carideal.com\/blog\/#\/schema\/person\/985c7e757d1042d647f21bfaf8d41ebc\"},\"headline\":\"Refonte de la gamme chez Seat\",\"datePublished\":\"2011-05-13T09:54:00+00:00\",\"mainEntityOfPage\":{\"@id\":\"https:\/\/www.carideal.com\/blog\/2011\/05\/13\/refonte-de-la-gamme-chez-seat\/\"},\"wordCount\":121,\"commentCount\":0,\"publisher\":{\"@id\":\"https:\/\/www.carideal.com\/blog\/#organization\"},\"articleSection\":[\"March\u00e9 automobile\"],\"inLanguage\":\"fr-FR\",\"potentialAction\":[{\"@type\":\"CommentAction\",\"name\":\"Comment\",\"target\":[\"https:\/\/www.carideal.com\/blog\/2011\/05\/13\/refonte-de-la-gamme-chez-seat\/#respond\"]}]},{\"@type\":\"WebPage\",\"@id\":\"https:\/\/www.carideal.com\/blog\/2011\/05\/13\/refonte-de-la-gamme-chez-seat\/\",\"url\":\"https:\/\/www.carideal.com\/blog\/2011\/05\/13\/refonte-de-la-gamme-chez-seat\/\",\"name\":\"Refonte de la gamme chez Seat - Blog auto Carid\u00e9al\",\"isPartOf\":{\"@id\":\"https:\/\/www.carideal.com\/blog\/#website\"},\"datePublished\":\"2011-05-13T09:54:00+00:00\",\"breadcrumb\":{\"@id\":\"https:\/\/www.carideal.com\/blog\/2011\/05\/13\/refonte-de-la-gamme-chez-seat\/#breadcrumb\"},\"inLanguage\":\"fr-FR\",\"potentialAction\":[{\"@type\":\"ReadAction\",\"target\":[\"https:\/\/www.carideal.com\/blog\/2011\/05\/13\/refonte-de-la-gamme-chez-seat\/\"]}]},{\"@type\":\"BreadcrumbList\",\"@id\":\"https:\/\/www.carideal.com\/blog\/2011\/05\/13\/refonte-de-la-gamme-chez-seat\/#breadcrumb\",\"itemListElement\":[{\"@type\":\"ListItem\",\"position\":1,\"name\":\"Blog Carid\u00e9al\",\"item\":\"https:\/\/www.carideal.com\/blog\/\"},{\"@type\":\"ListItem\",\"position\":2,\"name\":\"March\u00e9 automobile\",\"item\":\"https:\/\/www.carideal.com\/blog\/marche-automobile-voiture-neuve-occasion-4x4-suv\/\"},{\"@type\":\"ListItem\",\"position\":3,\"name\":\"Refonte de la gamme chez Seat\"}]},{\"@type\":\"WebSite\",\"@id\":\"https:\/\/www.carideal.com\/blog\/#website\",\"url\":\"https:\/\/www.carideal.com\/blog\/\",\"name\":\"Blog auto Carid\u00e9al\",\"description\":\"Actualit\u00e9 auto par des passionn\u00e9s\",\"publisher\":{\"@id\":\"https:\/\/www.carideal.com\/blog\/#organization\"},\"potentialAction\":[{\"@type\":\"SearchAction\",\"target\":{\"@type\":\"EntryPoint\",\"urlTemplate\":\"https:\/\/www.carideal.com\/blog\/?s={search_term_string}\"},\"query-input\":{\"@type\":\"PropertyValueSpecification\",\"valueRequired\":true,\"valueName\":\"search_term_string\"}}],\"inLanguage\":\"fr-FR\"},{\"@type\":\"Organization\",\"@id\":\"https:\/\/www.carideal.com\/blog\/#organization\",\"name\":\"Carideal\",\"url\":\"https:\/\/www.carideal.com\/blog\/\",\"logo\":{\"@type\":\"ImageObject\",\"inLanguage\":\"fr-FR\",\"@id\":\"https:\/\/www.carideal.com\/blog\/#\/schema\/logo\/image\/\",\"url\":\"http:\/\/www.carideal.com\/blog\/wp-content\/uploads\/2016\/03\/logo-carideal-mandataire-automobile.png\",\"contentUrl\":\"http:\/\/www.carideal.com\/blog\/wp-content\/uploads\/2016\/03\/logo-carideal-mandataire-automobile.png\",\"width\":300,\"height\":300,\"caption\":\"Carideal\"},\"image\":{\"@id\":\"https:\/\/www.carideal.com\/blog\/#\/schema\/logo\/image\/\"},\"sameAs\":[\"https:\/\/www.facebook.com\/Carideal.mandataire.automobile\",\"https:\/\/x.com\/caridealauto\",\"https:\/\/www.instagram.com\/carideal1\/\",\"https:\/\/www.linkedin.com\/company\/carideal.com\",\"https:\/\/fr.pinterest.com\/schiavonsas\/\",\"https:\/\/www.youtube.com\/user\/caridealsas\"]},{\"@type\":\"Person\",\"@id\":\"https:\/\/www.carideal.com\/blog\/#\/schema\/person\/985c7e757d1042d647f21bfaf8d41ebc\",\"name\":\"N.S Carideal\",\"image\":{\"@type\":\"ImageObject\",\"inLanguage\":\"fr-FR\",\"@id\":\"https:\/\/www.carideal.com\/blog\/#\/schema\/person\/image\/\",\"url\":\"https:\/\/secure.gravatar.com\/avatar\/edb7ccdf1a4e3d14aef967760d354d0e?s=96&r=g\",\"contentUrl\":\"https:\/\/secure.gravatar.com\/avatar\/edb7ccdf1a4e3d14aef967760d354d0e?s=96&r=g\",\"caption\":\"N.S Carideal\"},\"description\":\"Depuis tout petit fan d'automobile. Il est question d'essayer et de comparer toutes ces voitures qui nous ont fait r\u00e9ver, avant que celles-ci ne devient uniquement des voitures de collection.\",\"sameAs\":[\"http:\/\/www.carideal.com\/blog\",\"https:\/\/www.facebook.com\/Carideal.mandataire.automobile\/\",\"https:\/\/www.linkedin.com\/in\/nschiavon\/\",\"https:\/\/www.youtube.com\/user\/caridealsas\/\"],\"url\":\"https:\/\/www.carideal.com\/blog\/author\/admin_carideal\/\"}]}<\/script>\n<!-- \/ Yoast SEO plugin. -->","yoast_head_json":{"title":"Refonte de la gamme chez Seat - Blog auto Carid\u00e9al","robots":{"index":"index","follow":"follow","max-snippet":"max-snippet:-1","max-image-preview":"max-image-preview:large","max-video-preview":"max-video-preview:-1"},"canonical":"https:\/\/www.carideal.com\/blog\/2011\/05\/13\/refonte-de-la-gamme-chez-seat\/","og_locale":"fr_FR","og_type":"article","og_title":"Refonte de la gamme chez Seat - Blog auto Carid\u00e9al","og_description":"Seat revoit son catalogue avant les beaux jours Seat vient de proc\u00e9der \u00e0 un petit nettoyage de printemps dans la gamme. Sur la petite Ibiza la finition haut de gamme Gran Via est g\u00e9n\u00e9ralis\u00e9 \u00e0 l'ensemble des moteurs diesels. La Leon en fin de carri\u00e8re voit le nombre des ses versions passer de sept \u00e0 ... Lire plus","og_url":"https:\/\/www.carideal.com\/blog\/2011\/05\/13\/refonte-de-la-gamme-chez-seat\/","og_site_name":"Blog auto Carid\u00e9al","article_publisher":"https:\/\/www.facebook.com\/Carideal.mandataire.automobile","article_author":"https:\/\/www.facebook.com\/Carideal.mandataire.automobile\/","article_published_time":"2011-05-13T09:54:00+00:00","og_image":[{"width":300,"height":300,"url":"https:\/\/www.carideal.com\/blog\/wp-content\/uploads\/2016\/03\/logo-carideal-mandataire-automobile.png","type":"image\/png"}],"author":"N.S Carideal","twitter_card":"summary_large_image","twitter_creator":"@caridealauto","twitter_site":"@caridealauto","twitter_misc":{"\u00c9crit par":"N.S Carideal","Dur\u00e9e de lecture estim\u00e9e":"1 minute"},"schema":{"@context":"https:\/\/schema.org","@graph":[{"@type":"Article","@id":"https:\/\/www.carideal.com\/blog\/2011\/05\/13\/refonte-de-la-gamme-chez-seat\/#article","isPartOf":{"@id":"https:\/\/www.carideal.com\/blog\/2011\/05\/13\/refonte-de-la-gamme-chez-seat\/"},"author":{"name":"N.S Carideal","@id":"https:\/\/www.carideal.com\/blog\/#\/schema\/person\/985c7e757d1042d647f21bfaf8d41ebc"},"headline":"Refonte de la gamme chez Seat","datePublished":"2011-05-13T09:54:00+00:00","mainEntityOfPage":{"@id":"https:\/\/www.carideal.com\/blog\/2011\/05\/13\/refonte-de-la-gamme-chez-seat\/"},"wordCount":121,"commentCount":0,"publisher":{"@id":"https:\/\/www.carideal.com\/blog\/#organization"},"articleSection":["March\u00e9 automobile"],"inLanguage":"fr-FR","potentialAction":[{"@type":"CommentAction","name":"Comment","target":["https:\/\/www.carideal.com\/blog\/2011\/05\/13\/refonte-de-la-gamme-chez-seat\/#respond"]}]},{"@type":"WebPage","@id":"https:\/\/www.carideal.com\/blog\/2011\/05\/13\/refonte-de-la-gamme-chez-seat\/","url":"https:\/\/www.carideal.com\/blog\/2011\/05\/13\/refonte-de-la-gamme-chez-seat\/","name":"Refonte de la gamme chez Seat - Blog auto Carid\u00e9al","isPartOf":{"@id":"https:\/\/www.carideal.com\/blog\/#website"},"datePublished":"2011-05-13T09:54:00+00:00","breadcrumb":{"@id":"https:\/\/www.carideal.com\/blog\/2011\/05\/13\/refonte-de-la-gamme-chez-seat\/#breadcrumb"},"inLanguage":"fr-FR","potentialAction":[{"@type":"ReadAction","target":["https:\/\/www.carideal.com\/blog\/2011\/05\/13\/refonte-de-la-gamme-chez-seat\/"]}]},{"@type":"BreadcrumbList","@id":"https:\/\/www.carideal.com\/blog\/2011\/05\/13\/refonte-de-la-gamme-chez-seat\/#breadcrumb","itemListElement":[{"@type":"ListItem","position":1,"name":"Blog Carid\u00e9al","item":"https:\/\/www.carideal.com\/blog\/"},{"@type":"ListItem","position":2,"name":"March\u00e9 automobile","item":"https:\/\/www.carideal.com\/blog\/marche-automobile-voiture-neuve-occasion-4x4-suv\/"},{"@type":"ListItem","position":3,"name":"Refonte de la gamme chez Seat"}]},{"@type":"WebSite","@id":"https:\/\/www.carideal.com\/blog\/#website","url":"https:\/\/www.carideal.com\/blog\/","name":"Blog auto Carid\u00e9al","description":"Actualit\u00e9 auto par des passionn\u00e9s","publisher":{"@id":"https:\/\/www.carideal.com\/blog\/#organization"},"potentialAction":[{"@type":"SearchAction","target":{"@type":"EntryPoint","urlTemplate":"https:\/\/www.carideal.com\/blog\/?s={search_term_string}"},"query-input":{"@type":"PropertyValueSpecification","valueRequired":true,"valueName":"search_term_string"}}],"inLanguage":"fr-FR"},{"@type":"Organization","@id":"https:\/\/www.carideal.com\/blog\/#organization","name":"Carideal","url":"https:\/\/www.carideal.com\/blog\/","logo":{"@type":"ImageObject","inLanguage":"fr-FR","@id":"https:\/\/www.carideal.com\/blog\/#\/schema\/logo\/image\/","url":"http:\/\/www.carideal.com\/blog\/wp-content\/uploads\/2016\/03\/logo-carideal-mandataire-automobile.png","contentUrl":"http:\/\/www.carideal.com\/blog\/wp-content\/uploads\/2016\/03\/logo-carideal-mandataire-automobile.png","width":300,"height":300,"caption":"Carideal"},"image":{"@id":"https:\/\/www.carideal.com\/blog\/#\/schema\/logo\/image\/"},"sameAs":["https:\/\/www.facebook.com\/Carideal.mandataire.automobile","https:\/\/x.com\/caridealauto","https:\/\/www.instagram.com\/carideal1\/","https:\/\/www.linkedin.com\/company\/carideal.com","https:\/\/fr.pinterest.com\/schiavonsas\/","https:\/\/www.youtube.com\/user\/caridealsas"]},{"@type":"Person","@id":"https:\/\/www.carideal.com\/blog\/#\/schema\/person\/985c7e757d1042d647f21bfaf8d41ebc","name":"N.S Carideal","image":{"@type":"ImageObject","inLanguage":"fr-FR","@id":"https:\/\/www.carideal.com\/blog\/#\/schema\/person\/image\/","url":"https:\/\/secure.gravatar.com\/avatar\/edb7ccdf1a4e3d14aef967760d354d0e?s=96&r=g","contentUrl":"https:\/\/secure.gravatar.com\/avatar\/edb7ccdf1a4e3d14aef967760d354d0e?s=96&r=g","caption":"N.S Carideal"},"description":"Depuis tout petit fan d'automobile. Il est question d'essayer et de comparer toutes ces voitures qui nous ont fait r\u00e9ver, avant que celles-ci ne devient uniquement des voitures de collection.","sameAs":["http:\/\/www.carideal.com\/blog","https:\/\/www.facebook.com\/Carideal.mandataire.automobile\/","https:\/\/www.linkedin.com\/in\/nschiavon\/","https:\/\/www.youtube.com\/user\/caridealsas\/"],"url":"https:\/\/www.carideal.com\/blog\/author\/admin_carideal\/"}]}},"uagb_featured_image_src":{"full":false,"thumbnail":false,"medium":false,"medium_large":false,"large":false,"1536x1536":false,"2048x2048":false,"wppr-widget":false},"uagb_author_info":{"display_name":"N.S Carideal","author_link":"https:\/\/www.carideal.com\/blog\/author\/admin_carideal\/"},"uagb_comment_info":0,"uagb_excerpt":"Seat revoit son catalogue avant les beaux jours Seat vient de proc\u00e9der \u00e0 un petit nettoyage de printemps dans la gamme. Sur la petite Ibiza la finition haut de gamme Gran Via est g\u00e9n\u00e9ralis\u00e9 \u00e0 l'ensemble des moteurs diesels. La Leon en fin de carri\u00e8re voit le nombre des ses versions passer de sept \u00e0\u2026","_links":{"self":[{"href":"https:\/\/www.carideal.com\/blog\/wp-json\/wp\/v2\/posts\/964"}],"collection":[{"href":"https:\/\/www.carideal.com\/blog\/wp-json\/wp\/v2\/posts"}],"about":[{"href":"https:\/\/www.carideal.com\/blog\/wp-json\/wp\/v2\/types\/post"}],"author":[{"embeddable":true,"href":"https:\/\/www.carideal.com\/blog\/wp-json\/wp\/v2\/users\/1"}],"replies":[{"embeddable":true,"href":"https:\/\/www.carideal.com\/blog\/wp-json\/wp\/v2\/comments?post=964"}],"version-history":[{"count":0,"href":"https:\/\/www.carideal.com\/blog\/wp-json\/wp\/v2\/posts\/964\/revisions"}],"wp:attachment":[{"href":"https:\/\/www.carideal.com\/blog\/wp-json\/wp\/v2\/media?parent=964"}],"wp:term":[{"taxonomy":"category","embeddable":true,"href":"https:\/\/www.carideal.com\/blog\/wp-json\/wp\/v2\/categories?post=964"},{"taxonomy":"post_tag","embeddable":true,"href":"https:\/\/www.carideal.com\/blog\/wp-json\/wp\/v2\/tags?post=964"}],"curies":[{"name":"wp","href":"https:\/\/api.w.org\/{rel}","templated":true}]}}