{"id":961,"date":"2011-05-10T12:22:00","date_gmt":"2011-05-10T12:22:00","guid":{"rendered":"http:\/\/carideal.com\/blog\/?p=961"},"modified":"2018-10-29T20:58:40","modified_gmt":"2018-10-29T19:58:40","slug":"saab-9-5-estate","status":"publish","type":"post","link":"https:\/\/www.carideal.com\/blog\/2011\/05\/10\/saab-9-5-estate\/","title":{"rendered":"Saab 9-5 Estate commercialis\u00e9 en septembre"},"content":{"rendered":"<h1>La future Saab 9-5 Estate devait \u00eatre commercialis\u00e9 en septembre pour 40 000 \u20ac environ<\/h1>\n<p>La ligne est plaisante avec des lignes fuyantes et une lunette arri\u00e8re fortement inclin\u00e9e qui lui donne un air sportif. Saab annonce un volume de coffre de 527 litres ce qui est moins bien que la concurrence, alors que c'est plus gros gabarit annonc\u00e9 de la cat\u00e9gorie. Elle joue pourtant la modularit\u00e9 avec un plancher repliable, un compartiment \u00e9tanche pour les objets humide (?) et un hayon de coffre \u00e0 ouverture \u00e0 distance. Innitiallement pr\u00e9vu pour septembre, qu'en serat il vraiment ?<br \/>\nLa SAAB Estate devrait recevoir les m\u00eame motorisations que la berlines\u00a0: 1.6 turbo essence de 180 ch et un 2.0 turbo diesel de 160 ou 190 ch, mais pas de V6 \u00e0 l'horizon.<\/p>\n","protected":false},"excerpt":{"rendered":"<p>La future Saab 9-5 Estate devait \u00eatre commercialis\u00e9 en septembre pour 40 000 \u20ac environ La ligne est plaisante avec des lignes fuyantes et une lunette arri\u00e8re fortement inclin\u00e9e qui lui donne un air sportif. Saab annonce un volume de coffre de 527 litres ce qui est moins bien que la concurrence, alors que c&rsquo;est &#8230; <a title=\"Saab 9-5 Estate commercialis\u00e9 en septembre\" class=\"read-more\" href=\"https:\/\/www.carideal.com\/blog\/2011\/05\/10\/saab-9-5-estate\/\" aria-label=\"En savoir plus sur Saab 9-5 Estate commercialis\u00e9 en septembre\">Lire plus<\/a><\/p>\n","protected":false},"author":1,"featured_media":17813,"comment_status":"open","ping_status":"open","sticky":false,"template":"","format":"standard","meta":{"_uag_custom_page_level_css":"","_themeisle_gutenberg_block_has_review":false,"footnotes":""},"categories":[6152,10],"tags":[],"class_list":["post-961","post","type-post","status-publish","format-standard","has-post-thumbnail","hentry","category-actualite-saab","category-marche-automobile-voiture-neuve-occasion-4x4-suv"],"wppr_data":{"cwp_meta_box_check":"No"},"yoast_head":"<!-- This site is optimized with the Yoast SEO plugin v24.8.1 - https:\/\/yoast.com\/wordpress\/plugins\/seo\/ -->\n<title>Saab 9-5 Estate commercialis\u00e9 en septembre - Blog auto Carid\u00e9al<\/title>\n<meta name=\"robots\" content=\"noindex, follow\" \/>\n<meta property=\"og:locale\" content=\"fr_FR\" \/>\n<meta property=\"og:type\" content=\"article\" \/>\n<meta property=\"og:title\" content=\"Saab 9-5 Estate commercialis\u00e9 en septembre - Blog auto Carid\u00e9al\" \/>\n<meta property=\"og:description\" content=\"La future Saab 9-5 Estate devait \u00eatre commercialis\u00e9 en septembre pour 40 000 \u20ac environ La ligne est plaisante avec des lignes fuyantes et une lunette arri\u00e8re fortement inclin\u00e9e qui lui donne un air sportif. Saab annonce un volume de coffre de 527 litres ce qui est moins bien que la concurrence, alors que c&#039;est ... Lire plus\" \/>\n<meta property=\"og:url\" content=\"https:\/\/www.carideal.com\/blog\/2011\/05\/10\/saab-9-5-estate\/\" \/>\n<meta property=\"og:site_name\" content=\"Blog auto Carid\u00e9al\" \/>\n<meta property=\"article:publisher\" content=\"https:\/\/www.facebook.com\/Carideal.mandataire.automobile\" \/>\n<meta property=\"article:author\" content=\"https:\/\/www.facebook.com\/Carideal.mandataire.automobile\/\" \/>\n<meta property=\"article:published_time\" content=\"2011-05-10T12:22:00+00:00\" \/>\n<meta property=\"article:modified_time\" content=\"2018-10-29T19:58:40+00:00\" \/>\n<meta property=\"og:image\" content=\"https:\/\/www.carideal.com\/blog\/wp-content\/uploads\/2011\/05\/saab_9-5_estate_1_achat_carideal_mandataire_auto_m.jpg\" \/>\n\t<meta property=\"og:image:width\" content=\"448\" \/>\n\t<meta property=\"og:image:height\" content=\"298\" \/>\n\t<meta property=\"og:image:type\" content=\"image\/jpeg\" \/>\n<meta name=\"author\" content=\"N.S Carideal\" \/>\n<meta name=\"twitter:card\" content=\"summary_large_image\" \/>\n<meta name=\"twitter:creator\" content=\"@caridealauto\" \/>\n<meta name=\"twitter:site\" content=\"@caridealauto\" \/>\n<meta name=\"twitter:label1\" content=\"\u00c9crit par\" \/>\n\t<meta name=\"twitter:data1\" content=\"N.S Carideal\" \/>\n\t<meta name=\"twitter:label2\" content=\"Dur\u00e9e de lecture estim\u00e9e\" \/>\n\t<meta name=\"twitter:data2\" content=\"1 minute\" \/>\n<script type=\"application\/ld+json\" class=\"yoast-schema-graph\">{\"@context\":\"https:\/\/schema.org\",\"@graph\":[{\"@type\":\"Article\",\"@id\":\"https:\/\/www.carideal.com\/blog\/2011\/05\/10\/saab-9-5-estate\/#article\",\"isPartOf\":{\"@id\":\"https:\/\/www.carideal.com\/blog\/2011\/05\/10\/saab-9-5-estate\/\"},\"author\":{\"name\":\"N.S Carideal\",\"@id\":\"https:\/\/www.carideal.com\/blog\/#\/schema\/person\/985c7e757d1042d647f21bfaf8d41ebc\"},\"headline\":\"Saab 9-5 Estate commercialis\u00e9 en septembre\",\"datePublished\":\"2011-05-10T12:22:00+00:00\",\"dateModified\":\"2018-10-29T19:58:40+00:00\",\"mainEntityOfPage\":{\"@id\":\"https:\/\/www.carideal.com\/blog\/2011\/05\/10\/saab-9-5-estate\/\"},\"wordCount\":127,\"commentCount\":0,\"publisher\":{\"@id\":\"https:\/\/www.carideal.com\/blog\/#organization\"},\"image\":{\"@id\":\"https:\/\/www.carideal.com\/blog\/2011\/05\/10\/saab-9-5-estate\/#primaryimage\"},\"thumbnailUrl\":\"https:\/\/www.carideal.com\/blog\/wp-content\/uploads\/2011\/05\/saab_9-5_estate_1_achat_carideal_mandataire_auto_m.jpg\",\"articleSection\":[\"Actualit\u00e9 SAAB\",\"March\u00e9 automobile\"],\"inLanguage\":\"fr-FR\",\"potentialAction\":[{\"@type\":\"CommentAction\",\"name\":\"Comment\",\"target\":[\"https:\/\/www.carideal.com\/blog\/2011\/05\/10\/saab-9-5-estate\/#respond\"]}]},{\"@type\":\"WebPage\",\"@id\":\"https:\/\/www.carideal.com\/blog\/2011\/05\/10\/saab-9-5-estate\/\",\"url\":\"https:\/\/www.carideal.com\/blog\/2011\/05\/10\/saab-9-5-estate\/\",\"name\":\"Saab 9-5 Estate commercialis\u00e9 en septembre - Blog auto Carid\u00e9al\",\"isPartOf\":{\"@id\":\"https:\/\/www.carideal.com\/blog\/#website\"},\"primaryImageOfPage\":{\"@id\":\"https:\/\/www.carideal.com\/blog\/2011\/05\/10\/saab-9-5-estate\/#primaryimage\"},\"image\":{\"@id\":\"https:\/\/www.carideal.com\/blog\/2011\/05\/10\/saab-9-5-estate\/#primaryimage\"},\"thumbnailUrl\":\"https:\/\/www.carideal.com\/blog\/wp-content\/uploads\/2011\/05\/saab_9-5_estate_1_achat_carideal_mandataire_auto_m.jpg\",\"datePublished\":\"2011-05-10T12:22:00+00:00\",\"dateModified\":\"2018-10-29T19:58:40+00:00\",\"breadcrumb\":{\"@id\":\"https:\/\/www.carideal.com\/blog\/2011\/05\/10\/saab-9-5-estate\/#breadcrumb\"},\"inLanguage\":\"fr-FR\",\"potentialAction\":[{\"@type\":\"ReadAction\",\"target\":[\"https:\/\/www.carideal.com\/blog\/2011\/05\/10\/saab-9-5-estate\/\"]}]},{\"@type\":\"ImageObject\",\"inLanguage\":\"fr-FR\",\"@id\":\"https:\/\/www.carideal.com\/blog\/2011\/05\/10\/saab-9-5-estate\/#primaryimage\",\"url\":\"https:\/\/www.carideal.com\/blog\/wp-content\/uploads\/2011\/05\/saab_9-5_estate_1_achat_carideal_mandataire_auto_m.jpg\",\"contentUrl\":\"https:\/\/www.carideal.com\/blog\/wp-content\/uploads\/2011\/05\/saab_9-5_estate_1_achat_carideal_mandataire_auto_m.jpg\",\"width\":448,\"height\":298,\"caption\":\"Saab 9-5 Estate commercialis\u00e9 en septembre\"},{\"@type\":\"BreadcrumbList\",\"@id\":\"https:\/\/www.carideal.com\/blog\/2011\/05\/10\/saab-9-5-estate\/#breadcrumb\",\"itemListElement\":[{\"@type\":\"ListItem\",\"position\":1,\"name\":\"Blog Carid\u00e9al\",\"item\":\"https:\/\/www.carideal.com\/blog\/\"},{\"@type\":\"ListItem\",\"position\":2,\"name\":\"Actualit\u00e9 constructeur automobile\",\"item\":\"https:\/\/www.carideal.com\/blog\/constructeur\/\"},{\"@type\":\"ListItem\",\"position\":3,\"name\":\"Actualit\u00e9 SAAB\",\"item\":\"https:\/\/www.carideal.com\/blog\/constructeur\/actualite-saab\/\"},{\"@type\":\"ListItem\",\"position\":4,\"name\":\"Saab 9-5 Estate commercialis\u00e9 en septembre\"}]},{\"@type\":\"WebSite\",\"@id\":\"https:\/\/www.carideal.com\/blog\/#website\",\"url\":\"https:\/\/www.carideal.com\/blog\/\",\"name\":\"Blog auto Carid\u00e9al\",\"description\":\"Actualit\u00e9 auto par des passionn\u00e9s\",\"publisher\":{\"@id\":\"https:\/\/www.carideal.com\/blog\/#organization\"},\"potentialAction\":[{\"@type\":\"SearchAction\",\"target\":{\"@type\":\"EntryPoint\",\"urlTemplate\":\"https:\/\/www.carideal.com\/blog\/?s={search_term_string}\"},\"query-input\":{\"@type\":\"PropertyValueSpecification\",\"valueRequired\":true,\"valueName\":\"search_term_string\"}}],\"inLanguage\":\"fr-FR\"},{\"@type\":\"Organization\",\"@id\":\"https:\/\/www.carideal.com\/blog\/#organization\",\"name\":\"Carideal\",\"url\":\"https:\/\/www.carideal.com\/blog\/\",\"logo\":{\"@type\":\"ImageObject\",\"inLanguage\":\"fr-FR\",\"@id\":\"https:\/\/www.carideal.com\/blog\/#\/schema\/logo\/image\/\",\"url\":\"http:\/\/www.carideal.com\/blog\/wp-content\/uploads\/2016\/03\/logo-carideal-mandataire-automobile.png\",\"contentUrl\":\"http:\/\/www.carideal.com\/blog\/wp-content\/uploads\/2016\/03\/logo-carideal-mandataire-automobile.png\",\"width\":300,\"height\":300,\"caption\":\"Carideal\"},\"image\":{\"@id\":\"https:\/\/www.carideal.com\/blog\/#\/schema\/logo\/image\/\"},\"sameAs\":[\"https:\/\/www.facebook.com\/Carideal.mandataire.automobile\",\"https:\/\/x.com\/caridealauto\",\"https:\/\/www.instagram.com\/carideal1\/\",\"https:\/\/www.linkedin.com\/company\/carideal.com\",\"https:\/\/fr.pinterest.com\/schiavonsas\/\",\"https:\/\/www.youtube.com\/user\/caridealsas\"]},{\"@type\":\"Person\",\"@id\":\"https:\/\/www.carideal.com\/blog\/#\/schema\/person\/985c7e757d1042d647f21bfaf8d41ebc\",\"name\":\"N.S Carideal\",\"image\":{\"@type\":\"ImageObject\",\"inLanguage\":\"fr-FR\",\"@id\":\"https:\/\/www.carideal.com\/blog\/#\/schema\/person\/image\/\",\"url\":\"https:\/\/secure.gravatar.com\/avatar\/edb7ccdf1a4e3d14aef967760d354d0e?s=96&r=g\",\"contentUrl\":\"https:\/\/secure.gravatar.com\/avatar\/edb7ccdf1a4e3d14aef967760d354d0e?s=96&r=g\",\"caption\":\"N.S Carideal\"},\"description\":\"Depuis tout petit fan d'automobile. Il est question d'essayer et de comparer toutes ces voitures qui nous ont fait r\u00e9ver, avant que celles-ci ne devient uniquement des voitures de collection.\",\"sameAs\":[\"http:\/\/www.carideal.com\/blog\",\"https:\/\/www.facebook.com\/Carideal.mandataire.automobile\/\",\"https:\/\/www.linkedin.com\/in\/nschiavon\/\",\"https:\/\/www.youtube.com\/user\/caridealsas\/\"],\"url\":\"https:\/\/www.carideal.com\/blog\/author\/admin_carideal\/\"}]}<\/script>\n<!-- \/ Yoast SEO plugin. -->","yoast_head_json":{"title":"Saab 9-5 Estate commercialis\u00e9 en septembre - Blog auto Carid\u00e9al","robots":{"index":"noindex","follow":"follow"},"og_locale":"fr_FR","og_type":"article","og_title":"Saab 9-5 Estate commercialis\u00e9 en septembre - Blog auto Carid\u00e9al","og_description":"La future Saab 9-5 Estate devait \u00eatre commercialis\u00e9 en septembre pour 40 000 \u20ac environ La ligne est plaisante avec des lignes fuyantes et une lunette arri\u00e8re fortement inclin\u00e9e qui lui donne un air sportif. Saab annonce un volume de coffre de 527 litres ce qui est moins bien que la concurrence, alors que c'est ... Lire plus","og_url":"https:\/\/www.carideal.com\/blog\/2011\/05\/10\/saab-9-5-estate\/","og_site_name":"Blog auto Carid\u00e9al","article_publisher":"https:\/\/www.facebook.com\/Carideal.mandataire.automobile","article_author":"https:\/\/www.facebook.com\/Carideal.mandataire.automobile\/","article_published_time":"2011-05-10T12:22:00+00:00","article_modified_time":"2018-10-29T19:58:40+00:00","og_image":[{"width":448,"height":298,"url":"https:\/\/www.carideal.com\/blog\/wp-content\/uploads\/2011\/05\/saab_9-5_estate_1_achat_carideal_mandataire_auto_m.jpg","type":"image\/jpeg"}],"author":"N.S Carideal","twitter_card":"summary_large_image","twitter_creator":"@caridealauto","twitter_site":"@caridealauto","twitter_misc":{"\u00c9crit par":"N.S Carideal","Dur\u00e9e de lecture estim\u00e9e":"1 minute"},"schema":{"@context":"https:\/\/schema.org","@graph":[{"@type":"Article","@id":"https:\/\/www.carideal.com\/blog\/2011\/05\/10\/saab-9-5-estate\/#article","isPartOf":{"@id":"https:\/\/www.carideal.com\/blog\/2011\/05\/10\/saab-9-5-estate\/"},"author":{"name":"N.S Carideal","@id":"https:\/\/www.carideal.com\/blog\/#\/schema\/person\/985c7e757d1042d647f21bfaf8d41ebc"},"headline":"Saab 9-5 Estate commercialis\u00e9 en septembre","datePublished":"2011-05-10T12:22:00+00:00","dateModified":"2018-10-29T19:58:40+00:00","mainEntityOfPage":{"@id":"https:\/\/www.carideal.com\/blog\/2011\/05\/10\/saab-9-5-estate\/"},"wordCount":127,"commentCount":0,"publisher":{"@id":"https:\/\/www.carideal.com\/blog\/#organization"},"image":{"@id":"https:\/\/www.carideal.com\/blog\/2011\/05\/10\/saab-9-5-estate\/#primaryimage"},"thumbnailUrl":"https:\/\/www.carideal.com\/blog\/wp-content\/uploads\/2011\/05\/saab_9-5_estate_1_achat_carideal_mandataire_auto_m.jpg","articleSection":["Actualit\u00e9 SAAB","March\u00e9 automobile"],"inLanguage":"fr-FR","potentialAction":[{"@type":"CommentAction","name":"Comment","target":["https:\/\/www.carideal.com\/blog\/2011\/05\/10\/saab-9-5-estate\/#respond"]}]},{"@type":"WebPage","@id":"https:\/\/www.carideal.com\/blog\/2011\/05\/10\/saab-9-5-estate\/","url":"https:\/\/www.carideal.com\/blog\/2011\/05\/10\/saab-9-5-estate\/","name":"Saab 9-5 Estate commercialis\u00e9 en septembre - Blog auto Carid\u00e9al","isPartOf":{"@id":"https:\/\/www.carideal.com\/blog\/#website"},"primaryImageOfPage":{"@id":"https:\/\/www.carideal.com\/blog\/2011\/05\/10\/saab-9-5-estate\/#primaryimage"},"image":{"@id":"https:\/\/www.carideal.com\/blog\/2011\/05\/10\/saab-9-5-estate\/#primaryimage"},"thumbnailUrl":"https:\/\/www.carideal.com\/blog\/wp-content\/uploads\/2011\/05\/saab_9-5_estate_1_achat_carideal_mandataire_auto_m.jpg","datePublished":"2011-05-10T12:22:00+00:00","dateModified":"2018-10-29T19:58:40+00:00","breadcrumb":{"@id":"https:\/\/www.carideal.com\/blog\/2011\/05\/10\/saab-9-5-estate\/#breadcrumb"},"inLanguage":"fr-FR","potentialAction":[{"@type":"ReadAction","target":["https:\/\/www.carideal.com\/blog\/2011\/05\/10\/saab-9-5-estate\/"]}]},{"@type":"ImageObject","inLanguage":"fr-FR","@id":"https:\/\/www.carideal.com\/blog\/2011\/05\/10\/saab-9-5-estate\/#primaryimage","url":"https:\/\/www.carideal.com\/blog\/wp-content\/uploads\/2011\/05\/saab_9-5_estate_1_achat_carideal_mandataire_auto_m.jpg","contentUrl":"https:\/\/www.carideal.com\/blog\/wp-content\/uploads\/2011\/05\/saab_9-5_estate_1_achat_carideal_mandataire_auto_m.jpg","width":448,"height":298,"caption":"Saab 9-5 Estate commercialis\u00e9 en septembre"},{"@type":"BreadcrumbList","@id":"https:\/\/www.carideal.com\/blog\/2011\/05\/10\/saab-9-5-estate\/#breadcrumb","itemListElement":[{"@type":"ListItem","position":1,"name":"Blog Carid\u00e9al","item":"https:\/\/www.carideal.com\/blog\/"},{"@type":"ListItem","position":2,"name":"Actualit\u00e9 constructeur automobile","item":"https:\/\/www.carideal.com\/blog\/constructeur\/"},{"@type":"ListItem","position":3,"name":"Actualit\u00e9 SAAB","item":"https:\/\/www.carideal.com\/blog\/constructeur\/actualite-saab\/"},{"@type":"ListItem","position":4,"name":"Saab 9-5 Estate commercialis\u00e9 en septembre"}]},{"@type":"WebSite","@id":"https:\/\/www.carideal.com\/blog\/#website","url":"https:\/\/www.carideal.com\/blog\/","name":"Blog auto Carid\u00e9al","description":"Actualit\u00e9 auto par des passionn\u00e9s","publisher":{"@id":"https:\/\/www.carideal.com\/blog\/#organization"},"potentialAction":[{"@type":"SearchAction","target":{"@type":"EntryPoint","urlTemplate":"https:\/\/www.carideal.com\/blog\/?s={search_term_string}"},"query-input":{"@type":"PropertyValueSpecification","valueRequired":true,"valueName":"search_term_string"}}],"inLanguage":"fr-FR"},{"@type":"Organization","@id":"https:\/\/www.carideal.com\/blog\/#organization","name":"Carideal","url":"https:\/\/www.carideal.com\/blog\/","logo":{"@type":"ImageObject","inLanguage":"fr-FR","@id":"https:\/\/www.carideal.com\/blog\/#\/schema\/logo\/image\/","url":"http:\/\/www.carideal.com\/blog\/wp-content\/uploads\/2016\/03\/logo-carideal-mandataire-automobile.png","contentUrl":"http:\/\/www.carideal.com\/blog\/wp-content\/uploads\/2016\/03\/logo-carideal-mandataire-automobile.png","width":300,"height":300,"caption":"Carideal"},"image":{"@id":"https:\/\/www.carideal.com\/blog\/#\/schema\/logo\/image\/"},"sameAs":["https:\/\/www.facebook.com\/Carideal.mandataire.automobile","https:\/\/x.com\/caridealauto","https:\/\/www.instagram.com\/carideal1\/","https:\/\/www.linkedin.com\/company\/carideal.com","https:\/\/fr.pinterest.com\/schiavonsas\/","https:\/\/www.youtube.com\/user\/caridealsas"]},{"@type":"Person","@id":"https:\/\/www.carideal.com\/blog\/#\/schema\/person\/985c7e757d1042d647f21bfaf8d41ebc","name":"N.S Carideal","image":{"@type":"ImageObject","inLanguage":"fr-FR","@id":"https:\/\/www.carideal.com\/blog\/#\/schema\/person\/image\/","url":"https:\/\/secure.gravatar.com\/avatar\/edb7ccdf1a4e3d14aef967760d354d0e?s=96&r=g","contentUrl":"https:\/\/secure.gravatar.com\/avatar\/edb7ccdf1a4e3d14aef967760d354d0e?s=96&r=g","caption":"N.S Carideal"},"description":"Depuis tout petit fan d'automobile. Il est question d'essayer et de comparer toutes ces voitures qui nous ont fait r\u00e9ver, avant que celles-ci ne devient uniquement des voitures de collection.","sameAs":["http:\/\/www.carideal.com\/blog","https:\/\/www.facebook.com\/Carideal.mandataire.automobile\/","https:\/\/www.linkedin.com\/in\/nschiavon\/","https:\/\/www.youtube.com\/user\/caridealsas\/"],"url":"https:\/\/www.carideal.com\/blog\/author\/admin_carideal\/"}]}},"uagb_featured_image_src":{"full":["https:\/\/www.carideal.com\/blog\/wp-content\/uploads\/2011\/05\/saab_9-5_estate_1_achat_carideal_mandataire_auto_m.jpg",448,298,false],"thumbnail":["https:\/\/www.carideal.com\/blog\/wp-content\/uploads\/2011\/05\/saab_9-5_estate_1_achat_carideal_mandataire_auto_m-150x150.jpg",150,150,true],"medium":["https:\/\/www.carideal.com\/blog\/wp-content\/uploads\/2011\/05\/saab_9-5_estate_1_achat_carideal_mandataire_auto_m-300x200.jpg",300,200,true],"medium_large":["https:\/\/www.carideal.com\/blog\/wp-content\/uploads\/2011\/05\/saab_9-5_estate_1_achat_carideal_mandataire_auto_m.jpg",448,298,false],"large":["https:\/\/www.carideal.com\/blog\/wp-content\/uploads\/2011\/05\/saab_9-5_estate_1_achat_carideal_mandataire_auto_m.jpg",448,298,false],"1536x1536":["https:\/\/www.carideal.com\/blog\/wp-content\/uploads\/2011\/05\/saab_9-5_estate_1_achat_carideal_mandataire_auto_m.jpg",448,298,false],"2048x2048":["https:\/\/www.carideal.com\/blog\/wp-content\/uploads\/2011\/05\/saab_9-5_estate_1_achat_carideal_mandataire_auto_m.jpg",448,298,false],"wppr-widget":["https:\/\/www.carideal.com\/blog\/wp-content\/uploads\/2011\/05\/saab_9-5_estate_1_achat_carideal_mandataire_auto_m-50x33.jpg",50,33,true]},"uagb_author_info":{"display_name":"N.S Carideal","author_link":"https:\/\/www.carideal.com\/blog\/author\/admin_carideal\/"},"uagb_comment_info":0,"uagb_excerpt":"La future Saab 9-5 Estate devait \u00eatre commercialis\u00e9 en septembre pour 40 000 \u20ac environ La ligne est plaisante avec des lignes fuyantes et une lunette arri\u00e8re fortement inclin\u00e9e qui lui donne un air sportif. Saab annonce un volume de coffre de 527 litres ce qui est moins bien que la concurrence, alors que c'est\u2026","_links":{"self":[{"href":"https:\/\/www.carideal.com\/blog\/wp-json\/wp\/v2\/posts\/961"}],"collection":[{"href":"https:\/\/www.carideal.com\/blog\/wp-json\/wp\/v2\/posts"}],"about":[{"href":"https:\/\/www.carideal.com\/blog\/wp-json\/wp\/v2\/types\/post"}],"author":[{"embeddable":true,"href":"https:\/\/www.carideal.com\/blog\/wp-json\/wp\/v2\/users\/1"}],"replies":[{"embeddable":true,"href":"https:\/\/www.carideal.com\/blog\/wp-json\/wp\/v2\/comments?post=961"}],"version-history":[{"count":0,"href":"https:\/\/www.carideal.com\/blog\/wp-json\/wp\/v2\/posts\/961\/revisions"}],"wp:featuredmedia":[{"embeddable":true,"href":"https:\/\/www.carideal.com\/blog\/wp-json\/wp\/v2\/media\/17813"}],"wp:attachment":[{"href":"https:\/\/www.carideal.com\/blog\/wp-json\/wp\/v2\/media?parent=961"}],"wp:term":[{"taxonomy":"category","embeddable":true,"href":"https:\/\/www.carideal.com\/blog\/wp-json\/wp\/v2\/categories?post=961"},{"taxonomy":"post_tag","embeddable":true,"href":"https:\/\/www.carideal.com\/blog\/wp-json\/wp\/v2\/tags?post=961"}],"curies":[{"name":"wp","href":"https:\/\/api.w.org\/{rel}","templated":true}]}}