{"id":9594,"date":"2016-02-26T13:34:54","date_gmt":"2016-02-26T12:34:54","guid":{"rendered":"http:\/\/www.carideal.com\/blog\/?p=9594"},"modified":"2020-12-10T16:27:20","modified_gmt":"2020-12-10T15:27:20","slug":"prix-citroen-e-mehari","status":"publish","type":"post","link":"https:\/\/www.carideal.com\/blog\/2016\/02\/26\/prix-citroen-e-mehari\/","title":{"rendered":"Les Prix Citroen e-Mehari"},"content":{"rendered":"\n<h2 class=\"wp-block-heading\">Le Tarif et prix Citroen e-Mehari<\/h2>\n\n\n\n<div class=\"wp-block-image\"><figure class=\"alignleft size-medium\"><a href=\"http:\/\/www.carideal.com\/blog\/wp-content\/uploads\/2016\/02\/citroen-e-mehari-voiture-\u00e9lectrique-2.jpg\"><img loading=\"lazy\" decoding=\"async\" width=\"300\" height=\"169\" src=\"http:\/\/www.carideal.com\/blog\/wp-content\/uploads\/2016\/02\/citroen-e-mehari-voiture-\u00e9lectrique-2-300x169.jpg\" alt=\"Citroen e-Mehari voiture \u00e9lectrique\" class=\"wp-image-9597\" srcset=\"https:\/\/www.carideal.com\/blog\/wp-content\/uploads\/2016\/02\/citroen-e-mehari-voiture-\u00e9lectrique-2-300x169.jpg 300w, https:\/\/www.carideal.com\/blog\/wp-content\/uploads\/2016\/02\/citroen-e-mehari-voiture-\u00e9lectrique-2.jpg 1024w, https:\/\/www.carideal.com\/blog\/wp-content\/uploads\/2016\/02\/citroen-e-mehari-voiture-\u00e9lectrique-2-624x351.jpg 624w\" sizes=\"(max-width: 300px) 100vw, 300px\" \/><\/a><figcaption>Citroen e-Mehari voiture \u00e9lectrique<\/figcaption><\/figure><\/div>\n\n\n\n<p>Apr\u00e8s avoir lanc\u00e9 le teasing sur sa s\u00e9rie sp\u00e9ciale <a href=\"http:\/\/www.carideal.com\/blog\/2016\/02\/25\/concept-citroen-e-mehari-courreges\/\">e-M\u00e9hari Courr\u00e8ges<\/a> en une courte vid\u00e9o hier et nous avoir promis les photos pour ajourd'hui, <a href=\"http:\/\/www.carideal.com\/blog\/marque-de-voiture-actualites-essais\/citroen\/\">Citro\u00ebn<\/a> a communiqu\u00e9 les prix Citro\u00ebn e-Mehari. La Citro\u00ebn e-M\u00e9hari est un un flashback en forme de clin d'oeil \u00e0\u00a0l'ic\u00f4ne <a href=\"http:\/\/www.carideal.com\/blog\/2020\/04\/06\/dyane-1967-et-mehari-1968\/\">Citro\u00ebn M\u00e9hari<\/a>, l'originale de 1968. Citro\u00ebn ne s'est pas content\u00e9 de copier le pass\u00e9, c'est bien plus que cela, c'est un cabriolet 4 places tourn\u00e9 vers l'avenir, 100% \u00e9lectrique, proposant\u00a0un style r\u00e9solument moderne et fun.<\/p>\n\n\n\n<h2 class=\"wp-block-heading\"><strong>Ci apr\u00e8s vous trouverez le tarif et les prix Citroen e-Mehari<\/strong>.<\/h2>\n\n\n\n<div class=\"wp-block-image\"><figure class=\"alignleft size-medium\"><a href=\"http:\/\/www.carideal.com\/blog\/wp-content\/uploads\/2016\/02\/citroen-e-mehari-voiture-\u00e9lectrique-7.jpg\"><img loading=\"lazy\" decoding=\"async\" width=\"300\" height=\"169\" src=\"http:\/\/www.carideal.com\/blog\/wp-content\/uploads\/2016\/02\/citroen-e-mehari-voiture-\u00e9lectrique-7-300x169.jpg\" alt=\"Citroen e-Mehari voiture \u00e9lectrique\" class=\"wp-image-9609\" srcset=\"https:\/\/www.carideal.com\/blog\/wp-content\/uploads\/2016\/02\/citroen-e-mehari-voiture-\u00e9lectrique-7-300x169.jpg 300w, https:\/\/www.carideal.com\/blog\/wp-content\/uploads\/2016\/02\/citroen-e-mehari-voiture-\u00e9lectrique-7.jpg 1024w, https:\/\/www.carideal.com\/blog\/wp-content\/uploads\/2016\/02\/citroen-e-mehari-voiture-\u00e9lectrique-7-624x351.jpg 624w\" sizes=\"(max-width: 300px) 100vw, 300px\" \/><\/a><figcaption>Prix Citroen e-Mehari<\/figcaption><\/figure><\/div>\n\n\n\n<p>La Citroen e-Mehari est un v\u00e9hicule 100% \u00e9lectrique, \u00e9quip\u00e9 de batterie issues de l'expertise du groupe Bollor\u00e9. Les Batteries LMP, Lithium M\u00e9tal Polym\u00e8re permettent de rouler jusqu'\u00e0 200 kilom\u00e8tres en cycle urbain.<\/p>\n\n\n\n<p>Prix Citroen e-Mehari : la e-Mehari est propos\u00e9e en une seule version au tarif de 18700 \u20ac avec&nbsp;le bonus \u00e9cologique de 6300 \u20ac d\u00e9duit. Le tarif ne comprend pas la batterie de traction qui l'objet d'un contrat de location \u00e0 79 \u20ac TTC \/ mois qui doit \u00eatre souscrit \u00e0 part par le client aupr\u00e8s de Bluecar, groupe Bollor\u00e9.<\/p>\n\n\n\n<div class=\"wp-block-image\"><figure class=\"alignleft size-medium\"><a href=\"http:\/\/www.carideal.com\/blog\/wp-content\/uploads\/2016\/02\/citroen-e-mehari-voiture-\u00e9lectrique-5.jpg\"><img loading=\"lazy\" decoding=\"async\" width=\"300\" height=\"169\" src=\"http:\/\/www.carideal.com\/blog\/wp-content\/uploads\/2016\/02\/citroen-e-mehari-voiture-\u00e9lectrique-5-300x169.jpg\" alt=\"Citroen e-Mehari voiture \u00e9lectrique\" class=\"wp-image-9610\" srcset=\"https:\/\/www.carideal.com\/blog\/wp-content\/uploads\/2016\/02\/citroen-e-mehari-voiture-\u00e9lectrique-5-300x169.jpg 300w, https:\/\/www.carideal.com\/blog\/wp-content\/uploads\/2016\/02\/citroen-e-mehari-voiture-\u00e9lectrique-5.jpg 1024w, https:\/\/www.carideal.com\/blog\/wp-content\/uploads\/2016\/02\/citroen-e-mehari-voiture-\u00e9lectrique-5-624x351.jpg 624w\" sizes=\"(max-width: 300px) 100vw, 300px\" \/><\/a><figcaption>Prix Citroen e-Mehari<\/figcaption><\/figure><\/div>\n\n\n\n<p>La Citroen e-Mehari propose, entre autres, les \u00e9quipements suivants : un syst\u00e8me audio Parrot 2HP avec un kit mains libres Bluetooth, des jantes alliages 15\" Give Me Five, un toit en toile et une banquette rabattable. Une climatisation est \u00e9galement propos\u00e9e en option au tarif de 1450 \u20ac.<\/p>\n\n\n\n<p>La Citroen e-Mehari est disponible avec les&nbsp;couleurs&nbsp;suivantes : Orange M\u00e9canique, Yellow Submarine, Grand Bleu, Beige de Jour, auquelles le client pourra choisir la couleur de son int\u00e9rieur, Beige ou orange et la toile noire ou orange suivant des combinaisons bien d\u00e9finies.<\/p>\n\n\n\n<div class=\"wp-block-image\"><figure class=\"alignleft size-medium\"><a href=\"http:\/\/www.carideal.com\/blog\/wp-content\/uploads\/2016\/02\/citroen-e-mehari-voiture-\u00e9lectrique-8.jpg\"><img loading=\"lazy\" decoding=\"async\" width=\"300\" height=\"169\" src=\"http:\/\/www.carideal.com\/blog\/wp-content\/uploads\/2016\/02\/citroen-e-mehari-voiture-\u00e9lectrique-8-300x169.jpg\" alt=\"Citroen e-Mehari voiture \u00e9lectrique\" class=\"wp-image-9611\" srcset=\"https:\/\/www.carideal.com\/blog\/wp-content\/uploads\/2016\/02\/citroen-e-mehari-voiture-\u00e9lectrique-8-300x169.jpg 300w, https:\/\/www.carideal.com\/blog\/wp-content\/uploads\/2016\/02\/citroen-e-mehari-voiture-\u00e9lectrique-8.jpg 1024w, https:\/\/www.carideal.com\/blog\/wp-content\/uploads\/2016\/02\/citroen-e-mehari-voiture-\u00e9lectrique-8-624x351.jpg 624w\" sizes=\"(max-width: 300px) 100vw, 300px\" \/><\/a><figcaption>Prix Citroen e-Mehari<\/figcaption><\/figure><\/div>\n\n\n\n<p><strong>Monitoring de la batterie :<\/strong> lorsque la batterie est trop d\u00e9charg\u00e9e, la soci\u00e9t\u00e9 Bluecar, groupe Bollor\u00e9 contacte l'utilisateur de Citroen e-M\u00e9hari.<\/p>\n\n\n\n<p>La proc\u00e9dure d'hivernage est d\u00e9crite dans la notice d'emploie Citroen e-Mehari.<\/p>\n\n\n\n<p>Le <a href=\"http:\/\/www.carideal.com\/blog\/2020\/12\/10\/meilleur-rapport-qualite-prix-des-voitures\/\">rapport qualit\u00e9 prix<\/a> Citroen e-Mehari sera un point fort face \u00e0 la concurrence des <a href=\"http:\/\/www.carideal.com\/blog\/2014\/08\/26\/la-renault-zoe-passe-au-220-v\/\">Renault Zo\u00e9<\/a>, BMW i3, NoSmoke, emK6 ou autres cabriolets Fiat 500C et Mini Cabrio.<\/p>\n\n\n\n<h4 class=\"wp-block-heading\">Articles similaires<\/h4>\n\n\n\n\n\n<figure class=\"wp-block-embed is-type-rich is-provider-prise-en-charge-des-contenus-embarques wp-block-embed-prise-en-charge-des-contenus-embarques wp-embed-aspect-16-9 wp-has-aspect-ratio\"><div class=\"wp-block-embed__wrapper\">\n<iframe loading=\"lazy\" title=\"E-MEHARI USP &quot;Verrouillage&quot;\" width=\"1200\" height=\"675\" src=\"https:\/\/www.youtube.com\/embed\/MEulATt1AzE?feature=oembed\" frameborder=\"0\" allow=\"accelerometer; autoplay; clipboard-write; encrypted-media; gyroscope; picture-in-picture; web-share\" allowfullscreen><\/iframe>\n<\/div><\/figure>\n\n\n\n<figure class=\"wp-block-embed is-type-rich is-provider-prise-en-charge-des-contenus-embarques wp-block-embed-prise-en-charge-des-contenus-embarques wp-embed-aspect-16-9 wp-has-aspect-ratio\"><div class=\"wp-block-embed__wrapper\">\n<iframe loading=\"lazy\" title=\"E-MEHARI USP &quot;Parrot&quot;\" width=\"1200\" height=\"675\" src=\"https:\/\/www.youtube.com\/embed\/7E4sGg9GtKU?feature=oembed\" frameborder=\"0\" allow=\"accelerometer; autoplay; clipboard-write; encrypted-media; gyroscope; picture-in-picture; web-share\" allowfullscreen><\/iframe>\n<\/div><\/figure>\n","protected":false},"excerpt":{"rendered":"<p>Le Tarif et prix Citroen e-Mehari Apr\u00e8s avoir lanc\u00e9 le teasing sur sa s\u00e9rie sp\u00e9ciale e-M\u00e9hari Courr\u00e8ges en une courte vid\u00e9o hier et nous avoir promis les photos pour ajourd&rsquo;hui, Citro\u00ebn a communiqu\u00e9 les prix Citro\u00ebn e-Mehari. La Citro\u00ebn e-M\u00e9hari est un un flashback en forme de clin d&rsquo;oeil \u00e0\u00a0l&rsquo;ic\u00f4ne Citro\u00ebn M\u00e9hari, l&rsquo;originale de 1968. &#8230; <a title=\"Les Prix Citroen e-Mehari\" class=\"read-more\" href=\"https:\/\/www.carideal.com\/blog\/2016\/02\/26\/prix-citroen-e-mehari\/\" aria-label=\"En savoir plus sur Les Prix Citroen e-Mehari\">Lire plus<\/a><\/p>\n","protected":false},"author":3,"featured_media":0,"comment_status":"open","ping_status":"open","sticky":false,"template":"","format":"standard","meta":{"_uag_custom_page_level_css":"","_themeisle_gutenberg_block_has_review":false,"footnotes":""},"categories":[21,5,5944,3,6019,6,5080,5974,5970],"tags":[],"class_list":["post-9594","post","type-post","status-publish","format-standard","hentry","category-actualites-auto","category-citroen","category-constructeur","category-actualites-financieres","category-cabriolet","category-ecologie","category-technologie-2","category-type-de-vehicule","category-electrique-technologie-2"],"wppr_data":{"cwp_meta_box_check":"No"},"yoast_head":"<!-- This site is optimized with the Yoast SEO plugin v24.8.1 - https:\/\/yoast.com\/wordpress\/plugins\/seo\/ -->\n<title>Les Prix Citroen e-Mehari - Blog auto Carid\u00e9al<\/title>\n<meta name=\"description\" content=\"Citroen a communiqu\u00e9 les prix Citroen e-Mehari apr\u00e8s avoir communiqu\u00e9 sur sa s\u00e9rie sp\u00e9ciale e-M\u00e9hari Courr\u00e8ges hier et pr\u00e9sent\u00e9 les photos\" \/>\n<meta name=\"robots\" content=\"index, follow, max-snippet:-1, max-image-preview:large, max-video-preview:-1\" \/>\n<link rel=\"canonical\" href=\"https:\/\/www.carideal.com\/blog\/2016\/02\/26\/prix-citroen-e-mehari\/\" \/>\n<meta property=\"og:locale\" content=\"fr_FR\" \/>\n<meta property=\"og:type\" content=\"article\" \/>\n<meta property=\"og:title\" content=\"Les Prix Citroen e-Mehari - Blog auto Carid\u00e9al\" \/>\n<meta property=\"og:description\" content=\"Citroen a communiqu\u00e9 les prix Citroen e-Mehari apr\u00e8s avoir communiqu\u00e9 sur sa s\u00e9rie sp\u00e9ciale e-M\u00e9hari Courr\u00e8ges hier et pr\u00e9sent\u00e9 les photos\" \/>\n<meta property=\"og:url\" content=\"https:\/\/www.carideal.com\/blog\/2016\/02\/26\/prix-citroen-e-mehari\/\" \/>\n<meta property=\"og:site_name\" content=\"Blog auto Carid\u00e9al\" \/>\n<meta property=\"article:publisher\" content=\"https:\/\/www.facebook.com\/Carideal.mandataire.automobile\" \/>\n<meta property=\"article:author\" content=\"https:\/\/www.facebook.com\/nicolas.schiavon.39\" \/>\n<meta property=\"article:published_time\" content=\"2016-02-26T12:34:54+00:00\" \/>\n<meta property=\"article:modified_time\" content=\"2020-12-10T15:27:20+00:00\" \/>\n<meta property=\"og:image\" content=\"https:\/\/www.carideal.com\/blog\/wp-content\/uploads\/2016\/03\/logo-carideal-mandataire-automobile.png\" \/>\n\t<meta property=\"og:image:width\" content=\"300\" \/>\n\t<meta property=\"og:image:height\" content=\"300\" \/>\n\t<meta property=\"og:image:type\" content=\"image\/png\" \/>\n<meta name=\"author\" content=\"Nicolas SCHIAVON\" \/>\n<meta name=\"twitter:card\" content=\"summary_large_image\" \/>\n<meta name=\"twitter:creator\" content=\"@caridealauto\" \/>\n<meta name=\"twitter:site\" content=\"@caridealauto\" \/>\n<meta name=\"twitter:label1\" content=\"\u00c9crit par\" \/>\n\t<meta name=\"twitter:data1\" content=\"Nicolas SCHIAVON\" \/>\n\t<meta name=\"twitter:label2\" content=\"Dur\u00e9e de lecture estim\u00e9e\" \/>\n\t<meta name=\"twitter:data2\" content=\"2 minutes\" \/>\n<script type=\"application\/ld+json\" class=\"yoast-schema-graph\">{\"@context\":\"https:\/\/schema.org\",\"@graph\":[{\"@type\":\"Article\",\"@id\":\"https:\/\/www.carideal.com\/blog\/2016\/02\/26\/prix-citroen-e-mehari\/#article\",\"isPartOf\":{\"@id\":\"https:\/\/www.carideal.com\/blog\/2016\/02\/26\/prix-citroen-e-mehari\/\"},\"author\":{\"name\":\"Nicolas SCHIAVON\",\"@id\":\"https:\/\/www.carideal.com\/blog\/#\/schema\/person\/cd95dc7919660de90d31b366f85be1ec\"},\"headline\":\"Les Prix Citroen e-Mehari\",\"datePublished\":\"2016-02-26T12:34:54+00:00\",\"dateModified\":\"2020-12-10T15:27:20+00:00\",\"mainEntityOfPage\":{\"@id\":\"https:\/\/www.carideal.com\/blog\/2016\/02\/26\/prix-citroen-e-mehari\/\"},\"wordCount\":390,\"commentCount\":0,\"publisher\":{\"@id\":\"https:\/\/www.carideal.com\/blog\/#organization\"},\"articleSection\":[\"Actualit\u00e9 automobile\",\"Actualit\u00e9 Citroen\",\"Actualit\u00e9 Constructeur automobile\",\"Actualit\u00e9 Financi\u00e8re\",\"Cabriolet\",\"Ecologie\",\"Technologie Automobile\",\"Type de v\u00e9hicule\",\"Voiture \u00e9lectrique\"],\"inLanguage\":\"fr-FR\",\"potentialAction\":[{\"@type\":\"CommentAction\",\"name\":\"Comment\",\"target\":[\"https:\/\/www.carideal.com\/blog\/2016\/02\/26\/prix-citroen-e-mehari\/#respond\"]}]},{\"@type\":\"WebPage\",\"@id\":\"https:\/\/www.carideal.com\/blog\/2016\/02\/26\/prix-citroen-e-mehari\/\",\"url\":\"https:\/\/www.carideal.com\/blog\/2016\/02\/26\/prix-citroen-e-mehari\/\",\"name\":\"Les Prix Citroen e-Mehari - Blog auto Carid\u00e9al\",\"isPartOf\":{\"@id\":\"https:\/\/www.carideal.com\/blog\/#website\"},\"datePublished\":\"2016-02-26T12:34:54+00:00\",\"dateModified\":\"2020-12-10T15:27:20+00:00\",\"description\":\"Citroen a communiqu\u00e9 les prix Citroen e-Mehari apr\u00e8s avoir communiqu\u00e9 sur sa s\u00e9rie sp\u00e9ciale e-M\u00e9hari Courr\u00e8ges hier et pr\u00e9sent\u00e9 les photos\",\"breadcrumb\":{\"@id\":\"https:\/\/www.carideal.com\/blog\/2016\/02\/26\/prix-citroen-e-mehari\/#breadcrumb\"},\"inLanguage\":\"fr-FR\",\"potentialAction\":[{\"@type\":\"ReadAction\",\"target\":[\"https:\/\/www.carideal.com\/blog\/2016\/02\/26\/prix-citroen-e-mehari\/\"]}]},{\"@type\":\"BreadcrumbList\",\"@id\":\"https:\/\/www.carideal.com\/blog\/2016\/02\/26\/prix-citroen-e-mehari\/#breadcrumb\",\"itemListElement\":[{\"@type\":\"ListItem\",\"position\":1,\"name\":\"Blog Carid\u00e9al\",\"item\":\"https:\/\/www.carideal.com\/blog\/\"},{\"@type\":\"ListItem\",\"position\":2,\"name\":\"Actualit\u00e9 Financi\u00e8re\",\"item\":\"https:\/\/www.carideal.com\/blog\/actualites-financieres\/\"},{\"@type\":\"ListItem\",\"position\":3,\"name\":\"Les Prix Citroen e-Mehari\"}]},{\"@type\":\"WebSite\",\"@id\":\"https:\/\/www.carideal.com\/blog\/#website\",\"url\":\"https:\/\/www.carideal.com\/blog\/\",\"name\":\"Blog auto Carid\u00e9al\",\"description\":\"Actualit\u00e9 auto par des passionn\u00e9s\",\"publisher\":{\"@id\":\"https:\/\/www.carideal.com\/blog\/#organization\"},\"potentialAction\":[{\"@type\":\"SearchAction\",\"target\":{\"@type\":\"EntryPoint\",\"urlTemplate\":\"https:\/\/www.carideal.com\/blog\/?s={search_term_string}\"},\"query-input\":{\"@type\":\"PropertyValueSpecification\",\"valueRequired\":true,\"valueName\":\"search_term_string\"}}],\"inLanguage\":\"fr-FR\"},{\"@type\":\"Organization\",\"@id\":\"https:\/\/www.carideal.com\/blog\/#organization\",\"name\":\"Carideal\",\"url\":\"https:\/\/www.carideal.com\/blog\/\",\"logo\":{\"@type\":\"ImageObject\",\"inLanguage\":\"fr-FR\",\"@id\":\"https:\/\/www.carideal.com\/blog\/#\/schema\/logo\/image\/\",\"url\":\"http:\/\/www.carideal.com\/blog\/wp-content\/uploads\/2016\/03\/logo-carideal-mandataire-automobile.png\",\"contentUrl\":\"http:\/\/www.carideal.com\/blog\/wp-content\/uploads\/2016\/03\/logo-carideal-mandataire-automobile.png\",\"width\":300,\"height\":300,\"caption\":\"Carideal\"},\"image\":{\"@id\":\"https:\/\/www.carideal.com\/blog\/#\/schema\/logo\/image\/\"},\"sameAs\":[\"https:\/\/www.facebook.com\/Carideal.mandataire.automobile\",\"https:\/\/x.com\/caridealauto\",\"https:\/\/www.instagram.com\/carideal1\/\",\"https:\/\/www.linkedin.com\/company\/carideal.com\",\"https:\/\/fr.pinterest.com\/schiavonsas\/\",\"https:\/\/www.youtube.com\/user\/caridealsas\"]},{\"@type\":\"Person\",\"@id\":\"https:\/\/www.carideal.com\/blog\/#\/schema\/person\/cd95dc7919660de90d31b366f85be1ec\",\"name\":\"Nicolas SCHIAVON\",\"image\":{\"@type\":\"ImageObject\",\"inLanguage\":\"fr-FR\",\"@id\":\"https:\/\/www.carideal.com\/blog\/#\/schema\/person\/image\/\",\"url\":\"https:\/\/secure.gravatar.com\/avatar\/c17e55009e671d92cc7f5dc837dc418a?s=96&r=g\",\"contentUrl\":\"https:\/\/secure.gravatar.com\/avatar\/c17e55009e671d92cc7f5dc837dc418a?s=96&r=g\",\"caption\":\"Nicolas SCHIAVON\"},\"description\":\"Nicolas Schiavon est tomb\u00e9 tout petit dans la marmite automobile. Ayant eu un garage de marque automobile, mandataire automobile de la premi\u00e8re heure d\u00e8s 1999. Nicolas a cr\u00e9\u00e9 ces premiers sites de vente de voiture et blog automobile d\u00e8s 1994. Carideal est n\u00e9 le 15 d\u00e9cembre 2000 de la volont\u00e9 de vendre des voitures d'occasions en ligne puis des voitures neuves. Il a pu essayer beaucoup de voitures tr\u00e8s diff\u00e9rentes et ayant eu personnellement quelques belles autos, Subaru Impreza, Mitsubishi Lancer Evo 7, Porsche 911, Ferrari Testarrossa, Audi RS3, RS4 et j'en passe...\",\"sameAs\":[\"http:\/\/www.carideal.com\",\"https:\/\/www.facebook.com\/nicolas.schiavon.39\",\"https:\/\/www.instagram.com\/carideal1\/\",\"https:\/\/www.linkedin.com\/in\/nschiavon\/\",\"https:\/\/x.com\/caridealauto\",\"https:\/\/www.youtube.com\/user\/caridealsas\/\"],\"url\":\"https:\/\/www.carideal.com\/blog\/author\/nschiavon\/\"}]}<\/script>\n<!-- \/ Yoast SEO plugin. -->","yoast_head_json":{"title":"Les Prix Citroen e-Mehari - Blog auto Carid\u00e9al","description":"Citroen a communiqu\u00e9 les prix Citroen e-Mehari apr\u00e8s avoir communiqu\u00e9 sur sa s\u00e9rie sp\u00e9ciale e-M\u00e9hari Courr\u00e8ges hier et pr\u00e9sent\u00e9 les photos","robots":{"index":"index","follow":"follow","max-snippet":"max-snippet:-1","max-image-preview":"max-image-preview:large","max-video-preview":"max-video-preview:-1"},"canonical":"https:\/\/www.carideal.com\/blog\/2016\/02\/26\/prix-citroen-e-mehari\/","og_locale":"fr_FR","og_type":"article","og_title":"Les Prix Citroen e-Mehari - Blog auto Carid\u00e9al","og_description":"Citroen a communiqu\u00e9 les prix Citroen e-Mehari apr\u00e8s avoir communiqu\u00e9 sur sa s\u00e9rie sp\u00e9ciale e-M\u00e9hari Courr\u00e8ges hier et pr\u00e9sent\u00e9 les photos","og_url":"https:\/\/www.carideal.com\/blog\/2016\/02\/26\/prix-citroen-e-mehari\/","og_site_name":"Blog auto Carid\u00e9al","article_publisher":"https:\/\/www.facebook.com\/Carideal.mandataire.automobile","article_author":"https:\/\/www.facebook.com\/nicolas.schiavon.39","article_published_time":"2016-02-26T12:34:54+00:00","article_modified_time":"2020-12-10T15:27:20+00:00","og_image":[{"width":300,"height":300,"url":"https:\/\/www.carideal.com\/blog\/wp-content\/uploads\/2016\/03\/logo-carideal-mandataire-automobile.png","type":"image\/png"}],"author":"Nicolas SCHIAVON","twitter_card":"summary_large_image","twitter_creator":"@caridealauto","twitter_site":"@caridealauto","twitter_misc":{"\u00c9crit par":"Nicolas SCHIAVON","Dur\u00e9e de lecture estim\u00e9e":"2 minutes"},"schema":{"@context":"https:\/\/schema.org","@graph":[{"@type":"Article","@id":"https:\/\/www.carideal.com\/blog\/2016\/02\/26\/prix-citroen-e-mehari\/#article","isPartOf":{"@id":"https:\/\/www.carideal.com\/blog\/2016\/02\/26\/prix-citroen-e-mehari\/"},"author":{"name":"Nicolas SCHIAVON","@id":"https:\/\/www.carideal.com\/blog\/#\/schema\/person\/cd95dc7919660de90d31b366f85be1ec"},"headline":"Les Prix Citroen e-Mehari","datePublished":"2016-02-26T12:34:54+00:00","dateModified":"2020-12-10T15:27:20+00:00","mainEntityOfPage":{"@id":"https:\/\/www.carideal.com\/blog\/2016\/02\/26\/prix-citroen-e-mehari\/"},"wordCount":390,"commentCount":0,"publisher":{"@id":"https:\/\/www.carideal.com\/blog\/#organization"},"articleSection":["Actualit\u00e9 automobile","Actualit\u00e9 Citroen","Actualit\u00e9 Constructeur automobile","Actualit\u00e9 Financi\u00e8re","Cabriolet","Ecologie","Technologie Automobile","Type de v\u00e9hicule","Voiture \u00e9lectrique"],"inLanguage":"fr-FR","potentialAction":[{"@type":"CommentAction","name":"Comment","target":["https:\/\/www.carideal.com\/blog\/2016\/02\/26\/prix-citroen-e-mehari\/#respond"]}]},{"@type":"WebPage","@id":"https:\/\/www.carideal.com\/blog\/2016\/02\/26\/prix-citroen-e-mehari\/","url":"https:\/\/www.carideal.com\/blog\/2016\/02\/26\/prix-citroen-e-mehari\/","name":"Les Prix Citroen e-Mehari - Blog auto Carid\u00e9al","isPartOf":{"@id":"https:\/\/www.carideal.com\/blog\/#website"},"datePublished":"2016-02-26T12:34:54+00:00","dateModified":"2020-12-10T15:27:20+00:00","description":"Citroen a communiqu\u00e9 les prix Citroen e-Mehari apr\u00e8s avoir communiqu\u00e9 sur sa s\u00e9rie sp\u00e9ciale e-M\u00e9hari Courr\u00e8ges hier et pr\u00e9sent\u00e9 les photos","breadcrumb":{"@id":"https:\/\/www.carideal.com\/blog\/2016\/02\/26\/prix-citroen-e-mehari\/#breadcrumb"},"inLanguage":"fr-FR","potentialAction":[{"@type":"ReadAction","target":["https:\/\/www.carideal.com\/blog\/2016\/02\/26\/prix-citroen-e-mehari\/"]}]},{"@type":"BreadcrumbList","@id":"https:\/\/www.carideal.com\/blog\/2016\/02\/26\/prix-citroen-e-mehari\/#breadcrumb","itemListElement":[{"@type":"ListItem","position":1,"name":"Blog Carid\u00e9al","item":"https:\/\/www.carideal.com\/blog\/"},{"@type":"ListItem","position":2,"name":"Actualit\u00e9 Financi\u00e8re","item":"https:\/\/www.carideal.com\/blog\/actualites-financieres\/"},{"@type":"ListItem","position":3,"name":"Les Prix Citroen e-Mehari"}]},{"@type":"WebSite","@id":"https:\/\/www.carideal.com\/blog\/#website","url":"https:\/\/www.carideal.com\/blog\/","name":"Blog auto Carid\u00e9al","description":"Actualit\u00e9 auto par des passionn\u00e9s","publisher":{"@id":"https:\/\/www.carideal.com\/blog\/#organization"},"potentialAction":[{"@type":"SearchAction","target":{"@type":"EntryPoint","urlTemplate":"https:\/\/www.carideal.com\/blog\/?s={search_term_string}"},"query-input":{"@type":"PropertyValueSpecification","valueRequired":true,"valueName":"search_term_string"}}],"inLanguage":"fr-FR"},{"@type":"Organization","@id":"https:\/\/www.carideal.com\/blog\/#organization","name":"Carideal","url":"https:\/\/www.carideal.com\/blog\/","logo":{"@type":"ImageObject","inLanguage":"fr-FR","@id":"https:\/\/www.carideal.com\/blog\/#\/schema\/logo\/image\/","url":"http:\/\/www.carideal.com\/blog\/wp-content\/uploads\/2016\/03\/logo-carideal-mandataire-automobile.png","contentUrl":"http:\/\/www.carideal.com\/blog\/wp-content\/uploads\/2016\/03\/logo-carideal-mandataire-automobile.png","width":300,"height":300,"caption":"Carideal"},"image":{"@id":"https:\/\/www.carideal.com\/blog\/#\/schema\/logo\/image\/"},"sameAs":["https:\/\/www.facebook.com\/Carideal.mandataire.automobile","https:\/\/x.com\/caridealauto","https:\/\/www.instagram.com\/carideal1\/","https:\/\/www.linkedin.com\/company\/carideal.com","https:\/\/fr.pinterest.com\/schiavonsas\/","https:\/\/www.youtube.com\/user\/caridealsas"]},{"@type":"Person","@id":"https:\/\/www.carideal.com\/blog\/#\/schema\/person\/cd95dc7919660de90d31b366f85be1ec","name":"Nicolas SCHIAVON","image":{"@type":"ImageObject","inLanguage":"fr-FR","@id":"https:\/\/www.carideal.com\/blog\/#\/schema\/person\/image\/","url":"https:\/\/secure.gravatar.com\/avatar\/c17e55009e671d92cc7f5dc837dc418a?s=96&r=g","contentUrl":"https:\/\/secure.gravatar.com\/avatar\/c17e55009e671d92cc7f5dc837dc418a?s=96&r=g","caption":"Nicolas SCHIAVON"},"description":"Nicolas Schiavon est tomb\u00e9 tout petit dans la marmite automobile. Ayant eu un garage de marque automobile, mandataire automobile de la premi\u00e8re heure d\u00e8s 1999. Nicolas a cr\u00e9\u00e9 ces premiers sites de vente de voiture et blog automobile d\u00e8s 1994. Carideal est n\u00e9 le 15 d\u00e9cembre 2000 de la volont\u00e9 de vendre des voitures d'occasions en ligne puis des voitures neuves. Il a pu essayer beaucoup de voitures tr\u00e8s diff\u00e9rentes et ayant eu personnellement quelques belles autos, Subaru Impreza, Mitsubishi Lancer Evo 7, Porsche 911, Ferrari Testarrossa, Audi RS3, RS4 et j'en passe...","sameAs":["http:\/\/www.carideal.com","https:\/\/www.facebook.com\/nicolas.schiavon.39","https:\/\/www.instagram.com\/carideal1\/","https:\/\/www.linkedin.com\/in\/nschiavon\/","https:\/\/x.com\/caridealauto","https:\/\/www.youtube.com\/user\/caridealsas\/"],"url":"https:\/\/www.carideal.com\/blog\/author\/nschiavon\/"}]}},"uagb_featured_image_src":{"full":false,"thumbnail":false,"medium":false,"medium_large":false,"large":false,"1536x1536":false,"2048x2048":false,"wppr-widget":false},"uagb_author_info":{"display_name":"Nicolas SCHIAVON","author_link":"https:\/\/www.carideal.com\/blog\/author\/nschiavon\/"},"uagb_comment_info":1,"uagb_excerpt":"Le Tarif et prix Citroen e-Mehari Apr\u00e8s avoir lanc\u00e9 le teasing sur sa s\u00e9rie sp\u00e9ciale e-M\u00e9hari Courr\u00e8ges en une courte vid\u00e9o hier et nous avoir promis les photos pour ajourd'hui, Citro\u00ebn a communiqu\u00e9 les prix Citro\u00ebn e-Mehari. La Citro\u00ebn e-M\u00e9hari est un un flashback en forme de clin d'oeil \u00e0\u00a0l'ic\u00f4ne Citro\u00ebn M\u00e9hari, l'originale de 1968.\u2026","_links":{"self":[{"href":"https:\/\/www.carideal.com\/blog\/wp-json\/wp\/v2\/posts\/9594"}],"collection":[{"href":"https:\/\/www.carideal.com\/blog\/wp-json\/wp\/v2\/posts"}],"about":[{"href":"https:\/\/www.carideal.com\/blog\/wp-json\/wp\/v2\/types\/post"}],"author":[{"embeddable":true,"href":"https:\/\/www.carideal.com\/blog\/wp-json\/wp\/v2\/users\/3"}],"replies":[{"embeddable":true,"href":"https:\/\/www.carideal.com\/blog\/wp-json\/wp\/v2\/comments?post=9594"}],"version-history":[{"count":0,"href":"https:\/\/www.carideal.com\/blog\/wp-json\/wp\/v2\/posts\/9594\/revisions"}],"wp:attachment":[{"href":"https:\/\/www.carideal.com\/blog\/wp-json\/wp\/v2\/media?parent=9594"}],"wp:term":[{"taxonomy":"category","embeddable":true,"href":"https:\/\/www.carideal.com\/blog\/wp-json\/wp\/v2\/categories?post=9594"},{"taxonomy":"post_tag","embeddable":true,"href":"https:\/\/www.carideal.com\/blog\/wp-json\/wp\/v2\/tags?post=9594"}],"curies":[{"name":"wp","href":"https:\/\/api.w.org\/{rel}","templated":true}]}}