{"id":9580,"date":"2016-02-25T18:00:49","date_gmt":"2016-02-25T17:00:49","guid":{"rendered":"http:\/\/www.carideal.com\/blog\/?p=9580"},"modified":"2016-03-19T20:42:39","modified_gmt":"2016-03-19T19:42:39","slug":"concept-citroen-e-mehari-courreges","status":"publish","type":"post","link":"https:\/\/www.carideal.com\/blog\/2016\/02\/25\/concept-citroen-e-mehari-courreges\/","title":{"rendered":"Concept Citroen e-Mehari Courr\u00e8ges"},"content":{"rendered":"<h1>Concept Citroen e-Mehari Courr\u00e8ges<\/h1>\n<figure id=\"attachment_9587\" aria-describedby=\"caption-attachment-9587\" style=\"width: 290px\" class=\"wp-caption alignleft\"><a href=\"http:\/\/www.carideal.com\/blog\/wp-content\/uploads\/2016\/02\/12321663_985974474810190_2139072622430432155_n.jpg\"><img loading=\"lazy\" decoding=\"async\" class=\"wp-image-9587 size-medium\" title=\"Citroen e-M\u00e9hari Courr\u00e8ges\" src=\"http:\/\/www.carideal.com\/blog\/wp-content\/uploads\/2016\/02\/12321663_985974474810190_2139072622430432155_n-300x225.jpg\" alt=\"Citroen e-M\u00e9hari Courr\u00e8ges\" width=\"300\" height=\"225\" srcset=\"https:\/\/www.carideal.com\/blog\/wp-content\/uploads\/2016\/02\/12321663_985974474810190_2139072622430432155_n-300x225.jpg 300w, https:\/\/www.carideal.com\/blog\/wp-content\/uploads\/2016\/02\/12321663_985974474810190_2139072622430432155_n-624x468.jpg 624w, https:\/\/www.carideal.com\/blog\/wp-content\/uploads\/2016\/02\/12321663_985974474810190_2139072622430432155_n.jpg 960w\" sizes=\"(max-width: 300px) 100vw, 300px\" \/><\/a><figcaption id=\"caption-attachment-9587\" class=\"wp-caption-text\">Citroen e-M\u00e9hari Courr\u00e8ges<\/figcaption><\/figure>\n<p>Citroen vient d'annoncer qu'il allait pr\u00e9senter le 26 f\u00e9vrier 2016 une s\u00e9rie sp\u00e9ciale de sa future e-Mehari Courr\u00e8ges, une voiture \u00e9lectrique revu\u00a0par le\u00a0c\u00e9l\u00e8bre cr\u00e9ateur de mode. Citroen\u00a0s'associe avec la c\u00e9l\u00e8bre maison de couture Courr\u00e8ges.<\/p>\n<figure id=\"attachment_9592\" aria-describedby=\"caption-attachment-9592\" style=\"width: 290px\" class=\"wp-caption alignleft\"><a href=\"http:\/\/www.carideal.com\/blog\/wp-content\/uploads\/2016\/02\/12794947_985974484810189_7955613915715233771_o.jpg\"><img loading=\"lazy\" decoding=\"async\" class=\"wp-image-9592 size-medium\" title=\"Citroen e-M\u00e9hari Courr\u00e8ges\" src=\"http:\/\/www.carideal.com\/blog\/wp-content\/uploads\/2016\/02\/12794947_985974484810189_7955613915715233771_o-300x181.jpg\" alt=\"Citroen e-M\u00e9hari Courr\u00e8ges\" width=\"300\" height=\"181\" srcset=\"https:\/\/www.carideal.com\/blog\/wp-content\/uploads\/2016\/02\/12794947_985974484810189_7955613915715233771_o-300x181.jpg 300w, https:\/\/www.carideal.com\/blog\/wp-content\/uploads\/2016\/02\/12794947_985974484810189_7955613915715233771_o.jpg 1024w, https:\/\/www.carideal.com\/blog\/wp-content\/uploads\/2016\/02\/12794947_985974484810189_7955613915715233771_o-624x378.jpg 624w\" sizes=\"(max-width: 300px) 100vw, 300px\" \/><\/a><figcaption id=\"caption-attachment-9592\" class=\"wp-caption-text\">Citroen e-M\u00e9hari Courr\u00e8ges<\/figcaption><\/figure>\n<figure id=\"attachment_9591\" aria-describedby=\"caption-attachment-9591\" style=\"width: 290px\" class=\"wp-caption alignleft\"><a href=\"http:\/\/www.carideal.com\/blog\/wp-content\/uploads\/2016\/02\/12778726_985974514810186_5192613360211129389_o.jpg\"><img loading=\"lazy\" decoding=\"async\" class=\"wp-image-9591 size-medium\" title=\"Citroen e-M\u00e9hari Courr\u00e8ges\" src=\"http:\/\/www.carideal.com\/blog\/wp-content\/uploads\/2016\/02\/12778726_985974514810186_5192613360211129389_o-300x182.jpg\" alt=\"Citroen e-M\u00e9hari Courr\u00e8ges\" width=\"300\" height=\"182\" srcset=\"https:\/\/www.carideal.com\/blog\/wp-content\/uploads\/2016\/02\/12778726_985974514810186_5192613360211129389_o-300x182.jpg 300w, https:\/\/www.carideal.com\/blog\/wp-content\/uploads\/2016\/02\/12778726_985974514810186_5192613360211129389_o.jpg 1024w, https:\/\/www.carideal.com\/blog\/wp-content\/uploads\/2016\/02\/12778726_985974514810186_5192613360211129389_o-624x378.jpg 624w\" sizes=\"(max-width: 300px) 100vw, 300px\" \/><\/a><figcaption id=\"caption-attachment-9591\" class=\"wp-caption-text\">Les Bagages Courr\u00e8ges<\/figcaption><\/figure>\n<figure id=\"attachment_9590\" aria-describedby=\"caption-attachment-9590\" style=\"width: 290px\" class=\"wp-caption alignleft\"><a href=\"http:\/\/www.carideal.com\/blog\/wp-content\/uploads\/2016\/02\/12771833_985974524810185_3825637608624483411_o.jpg\"><img loading=\"lazy\" decoding=\"async\" class=\"wp-image-9590 size-medium\" title=\"Citroen e-M\u00e9hari Courr\u00e8ges\" src=\"http:\/\/www.carideal.com\/blog\/wp-content\/uploads\/2016\/02\/12771833_985974524810185_3825637608624483411_o-300x182.jpg\" alt=\"Citroen e-M\u00e9hari Courr\u00e8ges\" width=\"300\" height=\"182\" srcset=\"https:\/\/www.carideal.com\/blog\/wp-content\/uploads\/2016\/02\/12771833_985974524810185_3825637608624483411_o-300x182.jpg 300w, https:\/\/www.carideal.com\/blog\/wp-content\/uploads\/2016\/02\/12771833_985974524810185_3825637608624483411_o.jpg 1024w, https:\/\/www.carideal.com\/blog\/wp-content\/uploads\/2016\/02\/12771833_985974524810185_3825637608624483411_o-624x378.jpg 624w\" sizes=\"(max-width: 300px) 100vw, 300px\" \/><\/a><figcaption id=\"caption-attachment-9590\" class=\"wp-caption-text\">Citroen e-M\u00e9hari Courr\u00e8ges<\/figcaption><\/figure>\n<figure id=\"attachment_9589\" aria-describedby=\"caption-attachment-9589\" style=\"width: 290px\" class=\"wp-caption alignleft\"><a href=\"http:\/\/www.carideal.com\/blog\/wp-content\/uploads\/2016\/02\/12764775_985974481476856_8117781504449159443_o.jpg\"><img loading=\"lazy\" decoding=\"async\" class=\"wp-image-9589 size-medium\" title=\"Citroen e-M\u00e9hari Courr\u00e8ges\" src=\"http:\/\/www.carideal.com\/blog\/wp-content\/uploads\/2016\/02\/12764775_985974481476856_8117781504449159443_o-300x209.jpg\" alt=\"Citroen e-M\u00e9hari Courr\u00e8ges\" width=\"300\" height=\"209\" srcset=\"https:\/\/www.carideal.com\/blog\/wp-content\/uploads\/2016\/02\/12764775_985974481476856_8117781504449159443_o-300x209.jpg 300w, https:\/\/www.carideal.com\/blog\/wp-content\/uploads\/2016\/02\/12764775_985974481476856_8117781504449159443_o.jpg 1024w, https:\/\/www.carideal.com\/blog\/wp-content\/uploads\/2016\/02\/12764775_985974481476856_8117781504449159443_o-624x434.jpg 624w\" sizes=\"(max-width: 300px) 100vw, 300px\" \/><\/a><figcaption id=\"caption-attachment-9589\" class=\"wp-caption-text\">Le Volant style \"DS\" remis aux codes de Courr\u00e8ges<\/figcaption><\/figure>\n<figure id=\"attachment_9586\" aria-describedby=\"caption-attachment-9586\" style=\"width: 290px\" class=\"wp-caption alignleft\"><a href=\"http:\/\/www.carideal.com\/blog\/wp-content\/uploads\/2016\/02\/10372578_985974531476851_3041393127784705241_n.jpg\"><img loading=\"lazy\" decoding=\"async\" class=\"wp-image-9586 size-medium\" title=\"Citroen e-M\u00e9hari Courr\u00e8ges\" src=\"http:\/\/www.carideal.com\/blog\/wp-content\/uploads\/2016\/02\/10372578_985974531476851_3041393127784705241_n-300x225.jpg\" alt=\"Citroen e-M\u00e9hari Courr\u00e8ges\" width=\"300\" height=\"225\" srcset=\"https:\/\/www.carideal.com\/blog\/wp-content\/uploads\/2016\/02\/10372578_985974531476851_3041393127784705241_n-300x225.jpg 300w, https:\/\/www.carideal.com\/blog\/wp-content\/uploads\/2016\/02\/10372578_985974531476851_3041393127784705241_n-624x469.jpg 624w, https:\/\/www.carideal.com\/blog\/wp-content\/uploads\/2016\/02\/10372578_985974531476851_3041393127784705241_n.jpg 960w\" sizes=\"(max-width: 300px) 100vw, 300px\" \/><\/a><figcaption id=\"caption-attachment-9586\" class=\"wp-caption-text\">Les pneus tout temps de la Citroen e-M\u00e9hari<\/figcaption><\/figure>\n<figure id=\"attachment_9588\" aria-describedby=\"caption-attachment-9588\" style=\"width: 290px\" class=\"wp-caption alignleft\"><a href=\"http:\/\/www.carideal.com\/blog\/wp-content\/uploads\/2016\/02\/12745635_985974574810180_2181912981218194801_n.jpg\"><img loading=\"lazy\" decoding=\"async\" class=\"wp-image-9588 size-medium\" title=\"Citroen e-M\u00e9hari Courr\u00e8ges\" src=\"http:\/\/www.carideal.com\/blog\/wp-content\/uploads\/2016\/02\/12745635_985974574810180_2181912981218194801_n-300x225.jpg\" alt=\"Citroen e-M\u00e9hari Courr\u00e8ges\" width=\"300\" height=\"225\" srcset=\"https:\/\/www.carideal.com\/blog\/wp-content\/uploads\/2016\/02\/12745635_985974574810180_2181912981218194801_n-300x225.jpg 300w, https:\/\/www.carideal.com\/blog\/wp-content\/uploads\/2016\/02\/12745635_985974574810180_2181912981218194801_n-624x469.jpg 624w, https:\/\/www.carideal.com\/blog\/wp-content\/uploads\/2016\/02\/12745635_985974574810180_2181912981218194801_n.jpg 960w\" sizes=\"(max-width: 300px) 100vw, 300px\" \/><\/a><figcaption id=\"caption-attachment-9588\" class=\"wp-caption-text\">L'int\u00e9rieur et la selllerie Mode de la Citroen e-M\u00e9hari<\/figcaption><\/figure>\n<p>Citro\u00ebn vient d'annoncer en vid\u00e9o, qu'il r\u00e9v\u00e8lera le 26 f\u00e9vrier son concept e-Mehari Courr\u00e8ges, et celui-ci sera\u00a0ensuite expos\u00e9 au salon de Gen\u00e8ve 2016.<\/p>\n<p>Apr\u00e8s les bons r\u00e9sultats financiers du groupe PSA et le <span style=\"text-decoration: underline;\"><a href=\"http:\/\/www.carideal.com\/blog\/2016\/02\/23\/citroen-cactus-rip-curl-geneve-2016\/\">C4 Cactus Rip Curl<\/a><\/span>, il risque d'y avoir pas mal de nouveaut\u00e9 sur le stand Citroen au salon de Gen\u00e8ve 2016. D\u00e9s hier le constructeur a communiqu\u00e9 sur ses r\u00e9seau sociaux, et post\u00e9 une tr\u00e8s courte vid\u00e9o pour pr\u00e9senter\u00a0un concept car E-Mehari Courr\u00e8ges. On attend les photos pour demain.<\/p>\n<p><span style=\"text-decoration: underline;\"><a href=\"http:\/\/www.carideal.com\/blog\/2015\/06\/17\/citroen-reinvente-la-mehari\/\">Citroen r\u00e9invente la m\u00e9hari<\/a><\/span>. Ce n'est pas un hasard si Citroen s'est associ\u00e9 \u00e0 la maison de Mode Courr\u00e8ges pour habiller son concept e-Mehari Courr\u00e8ges. \u00a0La maison de couture a connu ses heures de gloire dans les ann\u00e9es 1960 \u00e01980, comme la tr\u00e8s c\u00e9l\u00e8bre M\u00e9hari originelle qui a connu le succ\u00e8s pendant la m\u00eame p\u00e9riode.<\/p>\n<p>Mr Courr\u00e8ges n\u00e9 en 1923 est\u00a0d\u00e9c\u00e9d\u00e9 le 7 janvier\u00a02016 et Citroen lui rend Hommage.<\/p>\n<h2>Andr\u00e9 Courr\u00e8ges et sa femme sont des pr\u00e9curseurs de la voiture \u00e9lectrique<\/h2>\n<p>Citroen veut rendre hommage \u00e0 monsieur et madame Courr\u00e8ges,\u00a0en lui \"d\u00e9dica\u00e7ant\" sa Citroen Mehari Courr\u00e8ges, puisque, (il faut le savoir !) sa femme, Coqueline, a fabriqu\u00e9 pas moins de trois voitures \u00e9lectriques \"La Bulle\" en 2002, l'\"EXE\" en 2004 et la \"Zooop\" en 2006 qui proposait 450 km d'autonomie et pouvait atteindre jusqu'\u00e0 180 km\/h.... Cr\u00e9ateurs de r\u00eave...<\/p>\n<p>En vid\u00e9o la bande annonce de la pr\u00e9sentation du concept-car \u00e9lectrique Courr\u00e8ges.<\/p>\n<p><iframe loading=\"lazy\" src=\"https:\/\/www.youtube.com\/embed\/wzPuqLKKh9k\" width=\"560\" height=\"315\" frameborder=\"0\"><\/iframe><\/p>\n","protected":false},"excerpt":{"rendered":"<p>Concept Citroen e-Mehari Courr\u00e8ges Citroen vient d&rsquo;annoncer qu&rsquo;il allait pr\u00e9senter le 26 f\u00e9vrier 2016 une s\u00e9rie sp\u00e9ciale de sa future e-Mehari Courr\u00e8ges, une voiture \u00e9lectrique revu\u00a0par le\u00a0c\u00e9l\u00e8bre cr\u00e9ateur de mode. Citroen\u00a0s&rsquo;associe avec la c\u00e9l\u00e8bre maison de couture Courr\u00e8ges. Citro\u00ebn vient d&rsquo;annoncer en vid\u00e9o, qu&rsquo;il r\u00e9v\u00e8lera le 26 f\u00e9vrier son concept e-Mehari Courr\u00e8ges, et celui-ci sera\u00a0ensuite &#8230; <a title=\"Concept Citroen e-Mehari Courr\u00e8ges\" class=\"read-more\" href=\"https:\/\/www.carideal.com\/blog\/2016\/02\/25\/concept-citroen-e-mehari-courreges\/\" aria-label=\"En savoir plus sur Concept Citroen e-Mehari Courr\u00e8ges\">Lire plus<\/a><\/p>\n","protected":false},"author":3,"featured_media":0,"comment_status":"open","ping_status":"open","sticky":false,"template":"","format":"standard","meta":{"_uag_custom_page_level_css":"","_themeisle_gutenberg_block_has_review":false,"footnotes":""},"categories":[21,5,5944,5975,5080,5974,18,5970],"tags":[],"class_list":["post-9580","post","type-post","status-publish","format-standard","hentry","category-actualites-auto","category-citroen","category-constructeur","category-concept-car","category-technologie-2","category-type-de-vehicule","category-videos","category-electrique-technologie-2"],"wppr_data":[],"yoast_head":"<!-- This site is optimized with the Yoast SEO plugin v24.8.1 - https:\/\/yoast.com\/wordpress\/plugins\/seo\/ -->\n<title>Concept Citroen e-Mehari Courr\u00e8ges - Blog auto Carid\u00e9al<\/title>\n<meta name=\"description\" content=\"Citroen vient d&#039;annoncer qu&#039;il allait pr\u00e9senter le 26 f\u00e9vrier 2016 une s\u00e9rie sp\u00e9ciale de sa e-Mehari Courr\u00e8ges une voiture \u00e9lectrique revue par le cr\u00e9ateur\" \/>\n<meta name=\"robots\" content=\"index, follow, max-snippet:-1, max-image-preview:large, max-video-preview:-1\" \/>\n<link rel=\"canonical\" href=\"https:\/\/www.carideal.com\/blog\/2016\/02\/25\/concept-citroen-e-mehari-courreges\/\" \/>\n<meta property=\"og:locale\" content=\"fr_FR\" \/>\n<meta property=\"og:type\" content=\"article\" \/>\n<meta property=\"og:title\" content=\"Concept Citroen e-Mehari Courr\u00e8ges - Blog auto Carid\u00e9al\" \/>\n<meta property=\"og:description\" content=\"Citroen vient d&#039;annoncer qu&#039;il allait pr\u00e9senter le 26 f\u00e9vrier 2016 une s\u00e9rie sp\u00e9ciale de sa e-Mehari Courr\u00e8ges une voiture \u00e9lectrique revue par le cr\u00e9ateur\" \/>\n<meta property=\"og:url\" content=\"https:\/\/www.carideal.com\/blog\/2016\/02\/25\/concept-citroen-e-mehari-courreges\/\" \/>\n<meta property=\"og:site_name\" content=\"Blog auto Carid\u00e9al\" \/>\n<meta property=\"article:publisher\" content=\"https:\/\/www.facebook.com\/Carideal.mandataire.automobile\" \/>\n<meta property=\"article:author\" content=\"https:\/\/www.facebook.com\/nicolas.schiavon.39\" \/>\n<meta property=\"article:published_time\" content=\"2016-02-25T17:00:49+00:00\" \/>\n<meta property=\"article:modified_time\" content=\"2016-03-19T19:42:39+00:00\" \/>\n<meta property=\"og:image\" content=\"http:\/\/www.carideal.com\/blog\/wp-content\/uploads\/2016\/02\/12321663_985974474810190_2139072622430432155_n-300x225.jpg\" \/>\n<meta name=\"author\" content=\"Nicolas SCHIAVON\" \/>\n<meta name=\"twitter:card\" content=\"summary_large_image\" \/>\n<meta name=\"twitter:creator\" content=\"@caridealauto\" \/>\n<meta name=\"twitter:site\" content=\"@caridealauto\" \/>\n<meta name=\"twitter:label1\" content=\"\u00c9crit par\" \/>\n\t<meta name=\"twitter:data1\" content=\"Nicolas SCHIAVON\" \/>\n\t<meta name=\"twitter:label2\" content=\"Dur\u00e9e de lecture estim\u00e9e\" \/>\n\t<meta name=\"twitter:data2\" content=\"2 minutes\" \/>\n<script type=\"application\/ld+json\" class=\"yoast-schema-graph\">{\"@context\":\"https:\/\/schema.org\",\"@graph\":[{\"@type\":\"Article\",\"@id\":\"https:\/\/www.carideal.com\/blog\/2016\/02\/25\/concept-citroen-e-mehari-courreges\/#article\",\"isPartOf\":{\"@id\":\"https:\/\/www.carideal.com\/blog\/2016\/02\/25\/concept-citroen-e-mehari-courreges\/\"},\"author\":{\"name\":\"Nicolas SCHIAVON\",\"@id\":\"https:\/\/www.carideal.com\/blog\/#\/schema\/person\/cd95dc7919660de90d31b366f85be1ec\"},\"headline\":\"Concept Citroen e-Mehari Courr\u00e8ges\",\"datePublished\":\"2016-02-25T17:00:49+00:00\",\"dateModified\":\"2016-03-19T19:42:39+00:00\",\"mainEntityOfPage\":{\"@id\":\"https:\/\/www.carideal.com\/blog\/2016\/02\/25\/concept-citroen-e-mehari-courreges\/\"},\"wordCount\":420,\"commentCount\":0,\"publisher\":{\"@id\":\"https:\/\/www.carideal.com\/blog\/#organization\"},\"image\":{\"@id\":\"https:\/\/www.carideal.com\/blog\/2016\/02\/25\/concept-citroen-e-mehari-courreges\/#primaryimage\"},\"thumbnailUrl\":\"http:\/\/www.carideal.com\/blog\/wp-content\/uploads\/2016\/02\/12321663_985974474810190_2139072622430432155_n-300x225.jpg\",\"articleSection\":[\"Actualit\u00e9 automobile\",\"Actualit\u00e9 Citroen\",\"Actualit\u00e9 Constructeur automobile\",\"Concept car\",\"Technologie Automobile\",\"Type de v\u00e9hicule\",\"Vid\u00e9o voiture : vid\u00e9o automobile\",\"Voiture \u00e9lectrique\"],\"inLanguage\":\"fr-FR\",\"potentialAction\":[{\"@type\":\"CommentAction\",\"name\":\"Comment\",\"target\":[\"https:\/\/www.carideal.com\/blog\/2016\/02\/25\/concept-citroen-e-mehari-courreges\/#respond\"]}]},{\"@type\":\"WebPage\",\"@id\":\"https:\/\/www.carideal.com\/blog\/2016\/02\/25\/concept-citroen-e-mehari-courreges\/\",\"url\":\"https:\/\/www.carideal.com\/blog\/2016\/02\/25\/concept-citroen-e-mehari-courreges\/\",\"name\":\"Concept Citroen e-Mehari Courr\u00e8ges - Blog auto Carid\u00e9al\",\"isPartOf\":{\"@id\":\"https:\/\/www.carideal.com\/blog\/#website\"},\"primaryImageOfPage\":{\"@id\":\"https:\/\/www.carideal.com\/blog\/2016\/02\/25\/concept-citroen-e-mehari-courreges\/#primaryimage\"},\"image\":{\"@id\":\"https:\/\/www.carideal.com\/blog\/2016\/02\/25\/concept-citroen-e-mehari-courreges\/#primaryimage\"},\"thumbnailUrl\":\"http:\/\/www.carideal.com\/blog\/wp-content\/uploads\/2016\/02\/12321663_985974474810190_2139072622430432155_n-300x225.jpg\",\"datePublished\":\"2016-02-25T17:00:49+00:00\",\"dateModified\":\"2016-03-19T19:42:39+00:00\",\"description\":\"Citroen vient d'annoncer qu'il allait pr\u00e9senter le 26 f\u00e9vrier 2016 une s\u00e9rie sp\u00e9ciale de sa e-Mehari Courr\u00e8ges une voiture \u00e9lectrique revue par le cr\u00e9ateur\",\"breadcrumb\":{\"@id\":\"https:\/\/www.carideal.com\/blog\/2016\/02\/25\/concept-citroen-e-mehari-courreges\/#breadcrumb\"},\"inLanguage\":\"fr-FR\",\"potentialAction\":[{\"@type\":\"ReadAction\",\"target\":[\"https:\/\/www.carideal.com\/blog\/2016\/02\/25\/concept-citroen-e-mehari-courreges\/\"]}]},{\"@type\":\"ImageObject\",\"inLanguage\":\"fr-FR\",\"@id\":\"https:\/\/www.carideal.com\/blog\/2016\/02\/25\/concept-citroen-e-mehari-courreges\/#primaryimage\",\"url\":\"http:\/\/www.carideal.com\/blog\/wp-content\/uploads\/2016\/02\/12321663_985974474810190_2139072622430432155_n-300x225.jpg\",\"contentUrl\":\"http:\/\/www.carideal.com\/blog\/wp-content\/uploads\/2016\/02\/12321663_985974474810190_2139072622430432155_n-300x225.jpg\"},{\"@type\":\"BreadcrumbList\",\"@id\":\"https:\/\/www.carideal.com\/blog\/2016\/02\/25\/concept-citroen-e-mehari-courreges\/#breadcrumb\",\"itemListElement\":[{\"@type\":\"ListItem\",\"position\":1,\"name\":\"Blog Carid\u00e9al\",\"item\":\"https:\/\/www.carideal.com\/blog\/\"},{\"@type\":\"ListItem\",\"position\":2,\"name\":\"Actualit\u00e9 constructeur automobile\",\"item\":\"https:\/\/www.carideal.com\/blog\/constructeur\/\"},{\"@type\":\"ListItem\",\"position\":3,\"name\":\"Actualit\u00e9 Citroen\",\"item\":\"https:\/\/www.carideal.com\/blog\/constructeur\/citroen\/\"},{\"@type\":\"ListItem\",\"position\":4,\"name\":\"Concept Citroen e-Mehari Courr\u00e8ges\"}]},{\"@type\":\"WebSite\",\"@id\":\"https:\/\/www.carideal.com\/blog\/#website\",\"url\":\"https:\/\/www.carideal.com\/blog\/\",\"name\":\"Blog auto Carid\u00e9al\",\"description\":\"Actualit\u00e9 auto par des passionn\u00e9s\",\"publisher\":{\"@id\":\"https:\/\/www.carideal.com\/blog\/#organization\"},\"potentialAction\":[{\"@type\":\"SearchAction\",\"target\":{\"@type\":\"EntryPoint\",\"urlTemplate\":\"https:\/\/www.carideal.com\/blog\/?s={search_term_string}\"},\"query-input\":{\"@type\":\"PropertyValueSpecification\",\"valueRequired\":true,\"valueName\":\"search_term_string\"}}],\"inLanguage\":\"fr-FR\"},{\"@type\":\"Organization\",\"@id\":\"https:\/\/www.carideal.com\/blog\/#organization\",\"name\":\"Carideal\",\"url\":\"https:\/\/www.carideal.com\/blog\/\",\"logo\":{\"@type\":\"ImageObject\",\"inLanguage\":\"fr-FR\",\"@id\":\"https:\/\/www.carideal.com\/blog\/#\/schema\/logo\/image\/\",\"url\":\"http:\/\/www.carideal.com\/blog\/wp-content\/uploads\/2016\/03\/logo-carideal-mandataire-automobile.png\",\"contentUrl\":\"http:\/\/www.carideal.com\/blog\/wp-content\/uploads\/2016\/03\/logo-carideal-mandataire-automobile.png\",\"width\":300,\"height\":300,\"caption\":\"Carideal\"},\"image\":{\"@id\":\"https:\/\/www.carideal.com\/blog\/#\/schema\/logo\/image\/\"},\"sameAs\":[\"https:\/\/www.facebook.com\/Carideal.mandataire.automobile\",\"https:\/\/x.com\/caridealauto\",\"https:\/\/www.instagram.com\/carideal1\/\",\"https:\/\/www.linkedin.com\/company\/carideal.com\",\"https:\/\/fr.pinterest.com\/schiavonsas\/\",\"https:\/\/www.youtube.com\/user\/caridealsas\"]},{\"@type\":\"Person\",\"@id\":\"https:\/\/www.carideal.com\/blog\/#\/schema\/person\/cd95dc7919660de90d31b366f85be1ec\",\"name\":\"Nicolas SCHIAVON\",\"image\":{\"@type\":\"ImageObject\",\"inLanguage\":\"fr-FR\",\"@id\":\"https:\/\/www.carideal.com\/blog\/#\/schema\/person\/image\/\",\"url\":\"https:\/\/secure.gravatar.com\/avatar\/c17e55009e671d92cc7f5dc837dc418a?s=96&r=g\",\"contentUrl\":\"https:\/\/secure.gravatar.com\/avatar\/c17e55009e671d92cc7f5dc837dc418a?s=96&r=g\",\"caption\":\"Nicolas SCHIAVON\"},\"description\":\"Nicolas Schiavon est tomb\u00e9 tout petit dans la marmite automobile. Ayant eu un garage de marque automobile, mandataire automobile de la premi\u00e8re heure d\u00e8s 1999. Nicolas a cr\u00e9\u00e9 ces premiers sites de vente de voiture et blog automobile d\u00e8s 1994. Carideal est n\u00e9 le 15 d\u00e9cembre 2000 de la volont\u00e9 de vendre des voitures d'occasions en ligne puis des voitures neuves. Il a pu essayer beaucoup de voitures tr\u00e8s diff\u00e9rentes et ayant eu personnellement quelques belles autos, Subaru Impreza, Mitsubishi Lancer Evo 7, Porsche 911, Ferrari Testarrossa, Audi RS3, RS4 et j'en passe...\",\"sameAs\":[\"http:\/\/www.carideal.com\",\"https:\/\/www.facebook.com\/nicolas.schiavon.39\",\"https:\/\/www.instagram.com\/carideal1\/\",\"https:\/\/www.linkedin.com\/in\/nschiavon\/\",\"https:\/\/x.com\/caridealauto\",\"https:\/\/www.youtube.com\/user\/caridealsas\/\"],\"url\":\"https:\/\/www.carideal.com\/blog\/author\/nschiavon\/\"}]}<\/script>\n<!-- \/ Yoast SEO plugin. -->","yoast_head_json":{"title":"Concept Citroen e-Mehari Courr\u00e8ges - Blog auto Carid\u00e9al","description":"Citroen vient d'annoncer qu'il allait pr\u00e9senter le 26 f\u00e9vrier 2016 une s\u00e9rie sp\u00e9ciale de sa e-Mehari Courr\u00e8ges une voiture \u00e9lectrique revue par le cr\u00e9ateur","robots":{"index":"index","follow":"follow","max-snippet":"max-snippet:-1","max-image-preview":"max-image-preview:large","max-video-preview":"max-video-preview:-1"},"canonical":"https:\/\/www.carideal.com\/blog\/2016\/02\/25\/concept-citroen-e-mehari-courreges\/","og_locale":"fr_FR","og_type":"article","og_title":"Concept Citroen e-Mehari Courr\u00e8ges - Blog auto Carid\u00e9al","og_description":"Citroen vient d'annoncer qu'il allait pr\u00e9senter le 26 f\u00e9vrier 2016 une s\u00e9rie sp\u00e9ciale de sa e-Mehari Courr\u00e8ges une voiture \u00e9lectrique revue par le cr\u00e9ateur","og_url":"https:\/\/www.carideal.com\/blog\/2016\/02\/25\/concept-citroen-e-mehari-courreges\/","og_site_name":"Blog auto Carid\u00e9al","article_publisher":"https:\/\/www.facebook.com\/Carideal.mandataire.automobile","article_author":"https:\/\/www.facebook.com\/nicolas.schiavon.39","article_published_time":"2016-02-25T17:00:49+00:00","article_modified_time":"2016-03-19T19:42:39+00:00","og_image":[{"url":"http:\/\/www.carideal.com\/blog\/wp-content\/uploads\/2016\/02\/12321663_985974474810190_2139072622430432155_n-300x225.jpg","type":"","width":"","height":""}],"author":"Nicolas SCHIAVON","twitter_card":"summary_large_image","twitter_creator":"@caridealauto","twitter_site":"@caridealauto","twitter_misc":{"\u00c9crit par":"Nicolas SCHIAVON","Dur\u00e9e de lecture estim\u00e9e":"2 minutes"},"schema":{"@context":"https:\/\/schema.org","@graph":[{"@type":"Article","@id":"https:\/\/www.carideal.com\/blog\/2016\/02\/25\/concept-citroen-e-mehari-courreges\/#article","isPartOf":{"@id":"https:\/\/www.carideal.com\/blog\/2016\/02\/25\/concept-citroen-e-mehari-courreges\/"},"author":{"name":"Nicolas SCHIAVON","@id":"https:\/\/www.carideal.com\/blog\/#\/schema\/person\/cd95dc7919660de90d31b366f85be1ec"},"headline":"Concept Citroen e-Mehari Courr\u00e8ges","datePublished":"2016-02-25T17:00:49+00:00","dateModified":"2016-03-19T19:42:39+00:00","mainEntityOfPage":{"@id":"https:\/\/www.carideal.com\/blog\/2016\/02\/25\/concept-citroen-e-mehari-courreges\/"},"wordCount":420,"commentCount":0,"publisher":{"@id":"https:\/\/www.carideal.com\/blog\/#organization"},"image":{"@id":"https:\/\/www.carideal.com\/blog\/2016\/02\/25\/concept-citroen-e-mehari-courreges\/#primaryimage"},"thumbnailUrl":"http:\/\/www.carideal.com\/blog\/wp-content\/uploads\/2016\/02\/12321663_985974474810190_2139072622430432155_n-300x225.jpg","articleSection":["Actualit\u00e9 automobile","Actualit\u00e9 Citroen","Actualit\u00e9 Constructeur automobile","Concept car","Technologie Automobile","Type de v\u00e9hicule","Vid\u00e9o voiture : vid\u00e9o automobile","Voiture \u00e9lectrique"],"inLanguage":"fr-FR","potentialAction":[{"@type":"CommentAction","name":"Comment","target":["https:\/\/www.carideal.com\/blog\/2016\/02\/25\/concept-citroen-e-mehari-courreges\/#respond"]}]},{"@type":"WebPage","@id":"https:\/\/www.carideal.com\/blog\/2016\/02\/25\/concept-citroen-e-mehari-courreges\/","url":"https:\/\/www.carideal.com\/blog\/2016\/02\/25\/concept-citroen-e-mehari-courreges\/","name":"Concept Citroen e-Mehari Courr\u00e8ges - Blog auto Carid\u00e9al","isPartOf":{"@id":"https:\/\/www.carideal.com\/blog\/#website"},"primaryImageOfPage":{"@id":"https:\/\/www.carideal.com\/blog\/2016\/02\/25\/concept-citroen-e-mehari-courreges\/#primaryimage"},"image":{"@id":"https:\/\/www.carideal.com\/blog\/2016\/02\/25\/concept-citroen-e-mehari-courreges\/#primaryimage"},"thumbnailUrl":"http:\/\/www.carideal.com\/blog\/wp-content\/uploads\/2016\/02\/12321663_985974474810190_2139072622430432155_n-300x225.jpg","datePublished":"2016-02-25T17:00:49+00:00","dateModified":"2016-03-19T19:42:39+00:00","description":"Citroen vient d'annoncer qu'il allait pr\u00e9senter le 26 f\u00e9vrier 2016 une s\u00e9rie sp\u00e9ciale de sa e-Mehari Courr\u00e8ges une voiture \u00e9lectrique revue par le cr\u00e9ateur","breadcrumb":{"@id":"https:\/\/www.carideal.com\/blog\/2016\/02\/25\/concept-citroen-e-mehari-courreges\/#breadcrumb"},"inLanguage":"fr-FR","potentialAction":[{"@type":"ReadAction","target":["https:\/\/www.carideal.com\/blog\/2016\/02\/25\/concept-citroen-e-mehari-courreges\/"]}]},{"@type":"ImageObject","inLanguage":"fr-FR","@id":"https:\/\/www.carideal.com\/blog\/2016\/02\/25\/concept-citroen-e-mehari-courreges\/#primaryimage","url":"http:\/\/www.carideal.com\/blog\/wp-content\/uploads\/2016\/02\/12321663_985974474810190_2139072622430432155_n-300x225.jpg","contentUrl":"http:\/\/www.carideal.com\/blog\/wp-content\/uploads\/2016\/02\/12321663_985974474810190_2139072622430432155_n-300x225.jpg"},{"@type":"BreadcrumbList","@id":"https:\/\/www.carideal.com\/blog\/2016\/02\/25\/concept-citroen-e-mehari-courreges\/#breadcrumb","itemListElement":[{"@type":"ListItem","position":1,"name":"Blog Carid\u00e9al","item":"https:\/\/www.carideal.com\/blog\/"},{"@type":"ListItem","position":2,"name":"Actualit\u00e9 constructeur automobile","item":"https:\/\/www.carideal.com\/blog\/constructeur\/"},{"@type":"ListItem","position":3,"name":"Actualit\u00e9 Citroen","item":"https:\/\/www.carideal.com\/blog\/constructeur\/citroen\/"},{"@type":"ListItem","position":4,"name":"Concept Citroen e-Mehari Courr\u00e8ges"}]},{"@type":"WebSite","@id":"https:\/\/www.carideal.com\/blog\/#website","url":"https:\/\/www.carideal.com\/blog\/","name":"Blog auto Carid\u00e9al","description":"Actualit\u00e9 auto par des passionn\u00e9s","publisher":{"@id":"https:\/\/www.carideal.com\/blog\/#organization"},"potentialAction":[{"@type":"SearchAction","target":{"@type":"EntryPoint","urlTemplate":"https:\/\/www.carideal.com\/blog\/?s={search_term_string}"},"query-input":{"@type":"PropertyValueSpecification","valueRequired":true,"valueName":"search_term_string"}}],"inLanguage":"fr-FR"},{"@type":"Organization","@id":"https:\/\/www.carideal.com\/blog\/#organization","name":"Carideal","url":"https:\/\/www.carideal.com\/blog\/","logo":{"@type":"ImageObject","inLanguage":"fr-FR","@id":"https:\/\/www.carideal.com\/blog\/#\/schema\/logo\/image\/","url":"http:\/\/www.carideal.com\/blog\/wp-content\/uploads\/2016\/03\/logo-carideal-mandataire-automobile.png","contentUrl":"http:\/\/www.carideal.com\/blog\/wp-content\/uploads\/2016\/03\/logo-carideal-mandataire-automobile.png","width":300,"height":300,"caption":"Carideal"},"image":{"@id":"https:\/\/www.carideal.com\/blog\/#\/schema\/logo\/image\/"},"sameAs":["https:\/\/www.facebook.com\/Carideal.mandataire.automobile","https:\/\/x.com\/caridealauto","https:\/\/www.instagram.com\/carideal1\/","https:\/\/www.linkedin.com\/company\/carideal.com","https:\/\/fr.pinterest.com\/schiavonsas\/","https:\/\/www.youtube.com\/user\/caridealsas"]},{"@type":"Person","@id":"https:\/\/www.carideal.com\/blog\/#\/schema\/person\/cd95dc7919660de90d31b366f85be1ec","name":"Nicolas SCHIAVON","image":{"@type":"ImageObject","inLanguage":"fr-FR","@id":"https:\/\/www.carideal.com\/blog\/#\/schema\/person\/image\/","url":"https:\/\/secure.gravatar.com\/avatar\/c17e55009e671d92cc7f5dc837dc418a?s=96&r=g","contentUrl":"https:\/\/secure.gravatar.com\/avatar\/c17e55009e671d92cc7f5dc837dc418a?s=96&r=g","caption":"Nicolas SCHIAVON"},"description":"Nicolas Schiavon est tomb\u00e9 tout petit dans la marmite automobile. Ayant eu un garage de marque automobile, mandataire automobile de la premi\u00e8re heure d\u00e8s 1999. Nicolas a cr\u00e9\u00e9 ces premiers sites de vente de voiture et blog automobile d\u00e8s 1994. Carideal est n\u00e9 le 15 d\u00e9cembre 2000 de la volont\u00e9 de vendre des voitures d'occasions en ligne puis des voitures neuves. Il a pu essayer beaucoup de voitures tr\u00e8s diff\u00e9rentes et ayant eu personnellement quelques belles autos, Subaru Impreza, Mitsubishi Lancer Evo 7, Porsche 911, Ferrari Testarrossa, Audi RS3, RS4 et j'en passe...","sameAs":["http:\/\/www.carideal.com","https:\/\/www.facebook.com\/nicolas.schiavon.39","https:\/\/www.instagram.com\/carideal1\/","https:\/\/www.linkedin.com\/in\/nschiavon\/","https:\/\/x.com\/caridealauto","https:\/\/www.youtube.com\/user\/caridealsas\/"],"url":"https:\/\/www.carideal.com\/blog\/author\/nschiavon\/"}]}},"uagb_featured_image_src":{"full":false,"thumbnail":false,"medium":false,"medium_large":false,"large":false,"1536x1536":false,"2048x2048":false,"wppr-widget":false},"uagb_author_info":{"display_name":"Nicolas SCHIAVON","author_link":"https:\/\/www.carideal.com\/blog\/author\/nschiavon\/"},"uagb_comment_info":0,"uagb_excerpt":"Concept Citroen e-Mehari Courr\u00e8ges Citroen vient d'annoncer qu'il allait pr\u00e9senter le 26 f\u00e9vrier 2016 une s\u00e9rie sp\u00e9ciale de sa future e-Mehari Courr\u00e8ges, une voiture \u00e9lectrique revu\u00a0par le\u00a0c\u00e9l\u00e8bre cr\u00e9ateur de mode. Citroen\u00a0s'associe avec la c\u00e9l\u00e8bre maison de couture Courr\u00e8ges. Citro\u00ebn vient d'annoncer en vid\u00e9o, qu'il r\u00e9v\u00e8lera le 26 f\u00e9vrier son concept e-Mehari Courr\u00e8ges, et celui-ci sera\u00a0ensuite\u2026","_links":{"self":[{"href":"https:\/\/www.carideal.com\/blog\/wp-json\/wp\/v2\/posts\/9580"}],"collection":[{"href":"https:\/\/www.carideal.com\/blog\/wp-json\/wp\/v2\/posts"}],"about":[{"href":"https:\/\/www.carideal.com\/blog\/wp-json\/wp\/v2\/types\/post"}],"author":[{"embeddable":true,"href":"https:\/\/www.carideal.com\/blog\/wp-json\/wp\/v2\/users\/3"}],"replies":[{"embeddable":true,"href":"https:\/\/www.carideal.com\/blog\/wp-json\/wp\/v2\/comments?post=9580"}],"version-history":[{"count":0,"href":"https:\/\/www.carideal.com\/blog\/wp-json\/wp\/v2\/posts\/9580\/revisions"}],"wp:attachment":[{"href":"https:\/\/www.carideal.com\/blog\/wp-json\/wp\/v2\/media?parent=9580"}],"wp:term":[{"taxonomy":"category","embeddable":true,"href":"https:\/\/www.carideal.com\/blog\/wp-json\/wp\/v2\/categories?post=9580"},{"taxonomy":"post_tag","embeddable":true,"href":"https:\/\/www.carideal.com\/blog\/wp-json\/wp\/v2\/tags?post=9580"}],"curies":[{"name":"wp","href":"https:\/\/api.w.org\/{rel}","templated":true}]}}