{"id":958,"date":"2011-05-04T10:48:00","date_gmt":"2011-05-04T10:48:00","guid":{"rendered":"http:\/\/carideal.com\/blog\/?p=958"},"modified":"2020-01-06T17:57:38","modified_gmt":"2020-01-06T16:57:38","slug":"essais-des-cabriolets-d-occasion-a-petit-budget","status":"publish","type":"post","link":"https:\/\/www.carideal.com\/blog\/2011\/05\/04\/essais-des-cabriolets-d-occasion-a-petit-budget\/","title":{"rendered":"Essais de cabriolet pas cher d&rsquo;occasion"},"content":{"rendered":"<h2>Essais de cabriolet pas cher d'occasion<\/h2>\n<p>Il est grisant de rouler les cheveux au vent, enfin pas trop, et comme la mode est \u00e0 130 km\/h sur autoroute, et qu'il est plus plaisant de s'en servir sur les petits parcours, pourquoi ne pas craquer et \"cruiser\" \u00e0 bord d'un <span style=\"text-decoration: underline;\"><strong>CABRIOLET\u00a0PAS CHER<\/strong><\/span>\u00a0<span style=\"text-decoration: underline;\">d'occasion<\/span> ? On peut scinder la cat\u00e9gorie en plusieurs groupes :<br \/>\nLes <a href=\"http:\/\/www.carideal.com\/blog\/2018\/03\/18\/meilleures-citadines-polyvalentes-2018\/\"><span style=\"text-decoration: underline;\">citadines<\/span><\/a> dont le domaine de pr\u00e9dilection reste la ville pour deux personnes seulement et les <a href=\"http:\/\/www.carideal.com\/blog\/2018\/02\/03\/meilleures-berlines-hayon-2018\/\"><span style=\"text-decoration: underline;\">berlines<\/span><\/a> compactes cabriolets.<\/p>\n<figure id=\"attachment_20767\" aria-describedby=\"caption-attachment-20767\" style=\"width: 438px\" class=\"wp-caption alignnone\"><img loading=\"lazy\" decoding=\"async\" class=\"size-full wp-image-20767\" src=\"http:\/\/www.carideal.com\/blog\/wp-content\/uploads\/2011\/05\/PEUGEOT_206CC_achat_carideal_mandataire_auto_m.jpg\" alt=\"Cabriolet pas cher Peugeot 206 CC\" width=\"448\" height=\"336\" srcset=\"https:\/\/www.carideal.com\/blog\/wp-content\/uploads\/2011\/05\/PEUGEOT_206CC_achat_carideal_mandataire_auto_m.jpg 448w, https:\/\/www.carideal.com\/blog\/wp-content\/uploads\/2011\/05\/PEUGEOT_206CC_achat_carideal_mandataire_auto_m-300x225.jpg 300w, https:\/\/www.carideal.com\/blog\/wp-content\/uploads\/2011\/05\/PEUGEOT_206CC_achat_carideal_mandataire_auto_m-50x38.jpg 50w, https:\/\/www.carideal.com\/blog\/wp-content\/uploads\/2011\/05\/PEUGEOT_206CC_achat_carideal_mandataire_auto_m-110x83.jpg 110w, https:\/\/www.carideal.com\/blog\/wp-content\/uploads\/2011\/05\/PEUGEOT_206CC_achat_carideal_mandataire_auto_m-420x315.jpg 420w\" sizes=\"(max-width: 448px) 100vw, 448px\" \/><figcaption id=\"caption-attachment-20767\" class=\"wp-caption-text\">Cabriolet pas cher Peugeot 206 CC<\/figcaption><\/figure>\n<h2>Cabriolet pas cher la Peugeot 206 CC reine de la cat\u00e9gorie<\/h2>\n<p>La <span style=\"text-decoration: underline;\">206 CC<\/span> a impos\u00e9 son toit rigide et escamotable dans le segment du cabriolet pas cher et a connu un franc succ\u00e8s. Elle est disponible en plusieurs motorisation dont le HDi 110, le 1.6 16v essence ou plus rare et gourmand le 2.0 16V de 138 ch. La cin\u00e9matique du toit rigide escamotable prend la place des si\u00e8ges arri\u00e8res qui ne peuvent \u00eatre utilis\u00e9s que pour ...transporter les courses du supermarch\u00e9 \u00e0 la maison.<br \/>\nLes suspensions restent fermes. la voiture est globalement fiable, on a pu noter quelques cas de fuite et de mauvais verrouillage du toit.<\/p>\n<figure id=\"attachment_20768\" aria-describedby=\"caption-attachment-20768\" style=\"width: 438px\" class=\"wp-caption alignnone\"><img loading=\"lazy\" decoding=\"async\" class=\"size-full wp-image-20768\" src=\"http:\/\/www.carideal.com\/blog\/wp-content\/uploads\/2011\/05\/citroen-c3-pluriel-achat_carideal_mandataire_automobile_m.jpg\" alt=\"Cabriolet pas cher la Citroen C3 Pluriel Charleston\" width=\"448\" height=\"298\" srcset=\"https:\/\/www.carideal.com\/blog\/wp-content\/uploads\/2011\/05\/citroen-c3-pluriel-achat_carideal_mandataire_automobile_m.jpg 448w, https:\/\/www.carideal.com\/blog\/wp-content\/uploads\/2011\/05\/citroen-c3-pluriel-achat_carideal_mandataire_automobile_m-300x200.jpg 300w, https:\/\/www.carideal.com\/blog\/wp-content\/uploads\/2011\/05\/citroen-c3-pluriel-achat_carideal_mandataire_automobile_m-50x33.jpg 50w, https:\/\/www.carideal.com\/blog\/wp-content\/uploads\/2011\/05\/citroen-c3-pluriel-achat_carideal_mandataire_automobile_m-110x73.jpg 110w, https:\/\/www.carideal.com\/blog\/wp-content\/uploads\/2011\/05\/citroen-c3-pluriel-achat_carideal_mandataire_automobile_m-420x279.jpg 420w, https:\/\/www.carideal.com\/blog\/wp-content\/uploads\/2011\/05\/citroen-c3-pluriel-achat_carideal_mandataire_automobile_m-272x182.jpg 272w\" sizes=\"(max-width: 448px) 100vw, 448px\" \/><figcaption id=\"caption-attachment-20768\" class=\"wp-caption-text\">Cabriolet pas cher la Citroen C3 Pluriel Charleston<\/figcaption><\/figure>\n<h2>Cabriolet pas cher La Citroen C3 Pluriel Charleston cabriolet<\/h2>\n<p><a href=\"http:\/\/www.carideal.com\/blog\/marque-de-voiture-actualites-essais\/citroen\/\"><span style=\"text-decoration: underline;\">Citroen<\/span><\/a> pensait d\u00e9tenir l\u00e0 l'arme ludique du cabriolet pas cher typique de ville, d\u00e9capotable en trois positions, le toit, le toit complet et sans les arches... Mais voil\u00e0 ce syst\u00e8me compliqu\u00e9 et fragile du <a href=\"http:\/\/www.carideal.com\/blog\/marque-de-voiture-actualites-essais\/citroen\/c3\/\"><span style=\"text-decoration: underline;\">C3 Pluriel<\/span><\/a> command\u00e9 par des c\u00e2bles et des contacteurs \u00e9lectriques vieillit mal. De plus ce n'est pas madame qui va s'amuser \u00e0 d\u00e9poser les arches et les poser dans le garage avant de sortir....et paffff elles sont tomb\u00e9es par terre et sont ray\u00e9es....et elles prennent de la place dans ce garage trop \u00e9troit. Et quand il pleut et que les arches sont dans le garage ??? Ben madame demande \u00e0 son mari de lui payer le coiffeur !<\/p>\n<ul>\n<li><a href=\"http:\/\/www.carideal.com\/blog\/2019\/08\/06\/les-meilleurs-cabriolets\/\">Les meilleurs cabriolets<\/a><\/li>\n<\/ul>\n<p>LOL Le coffre lui est plus g\u00e9n\u00e9reux et accepte de faire les courses. Les moteurs ne sont pas des foudres, le 1.4 i de 75 ch est \u00e0 la peine, le 1.6 16v de 110 ch va mieux mais est affubl\u00e9 de la boite sensodrive dans sa version de base lente et peu agr\u00e9able avec ses \u00e0-coups. Seul le <span style=\"text-decoration: underline;\"><a href=\"http:\/\/www.carideal.com\/blog\/2010\/10\/14\/citroen-diesel-e-hdi-ecolo\/\">HDI<\/a><\/span> 70 ne s'en sort pas trop mal gr\u00e2ce \u00e0 son couple.<br \/>\nSa bouille sympathique aurait pu faire d\u00e9coller ses ventes si la qualit\u00e9 de sa b\u00e2che et des plastiques un peu faible n'avaient pas rebut\u00e9 des clients.<\/p>\n<figure id=\"attachment_20769\" aria-describedby=\"caption-attachment-20769\" style=\"width: 438px\" class=\"wp-caption alignnone\"><img loading=\"lazy\" decoding=\"async\" class=\"size-full wp-image-20769\" src=\"http:\/\/www.carideal.com\/blog\/wp-content\/uploads\/2011\/05\/opel-tigra-twin-top-achat-carideal-mandataire-automobile_m.jpg\" alt=\"cabriolet pas cher Opel Tigra Twin top\" width=\"448\" height=\"336\" srcset=\"https:\/\/www.carideal.com\/blog\/wp-content\/uploads\/2011\/05\/opel-tigra-twin-top-achat-carideal-mandataire-automobile_m.jpg 448w, https:\/\/www.carideal.com\/blog\/wp-content\/uploads\/2011\/05\/opel-tigra-twin-top-achat-carideal-mandataire-automobile_m-300x225.jpg 300w, https:\/\/www.carideal.com\/blog\/wp-content\/uploads\/2011\/05\/opel-tigra-twin-top-achat-carideal-mandataire-automobile_m-50x38.jpg 50w, https:\/\/www.carideal.com\/blog\/wp-content\/uploads\/2011\/05\/opel-tigra-twin-top-achat-carideal-mandataire-automobile_m-110x83.jpg 110w, https:\/\/www.carideal.com\/blog\/wp-content\/uploads\/2011\/05\/opel-tigra-twin-top-achat-carideal-mandataire-automobile_m-420x315.jpg 420w\" sizes=\"(max-width: 448px) 100vw, 448px\" \/><figcaption id=\"caption-attachment-20769\" class=\"wp-caption-text\">cabriolet pas cher Opel Tigra Twin top<\/figcaption><\/figure>\n<h2>Le cabriolet pas cher Opel Tigra Twin top<\/h2>\n<p>C'est le carrossier fran\u00e7ais Heuliez qui a d\u00e9velopp\u00e9e et assembl\u00e9 ce cabriolet pas cher\u00a0T<span style=\"text-decoration: underline;\">igra Twin top<\/span> qui est en fait la rempla\u00e7ante de la Tigra. Il s'agit purement d'une deux places \u00e0 contrario de la concurrence qui annon\u00e7ait quand m\u00eame des 2+2. Cette configuration permet d'avoir une capacit\u00e9 de coffre variant de 200 \u00e0 440 litres. L'<a href=\"http:\/\/www.carideal.com\/blog\/marque-de-voiture-actualites-essais\/opel\/\">Opel<\/a> Tigra reprend les \u00e9l\u00e9ments de l'ancienne g\u00e9n\u00e9ration de l'<a href=\"http:\/\/www.carideal.com\/blog\/2014\/07\/12\/opel-corsa-2015-en-decembre\/\"><span style=\"text-decoration: underline;\">Opel Corsa<\/span><\/a>, ce qui n'en fait pas un cheval de course. Le petit moteur de 1.4I suffit pour aller et venir en ville, les dos d'\u00e2nes vous feront regretter la raideur de ses suspensions et la duret\u00e9 de ses si\u00e8ges.<\/p>\n<ul>\n<li><a href=\"http:\/\/www.carideal.com\/blog\/2019\/07\/24\/meilleurs-cabriolets-occasions-pas-cher\/\">Les 7 meilleurs cabriolets pas chers d'occasions<\/a><\/li>\n<\/ul>\n<figure id=\"attachment_20770\" aria-describedby=\"caption-attachment-20770\" style=\"width: 438px\" class=\"wp-caption alignnone\"><img loading=\"lazy\" decoding=\"async\" class=\"size-full wp-image-20770\" src=\"http:\/\/www.carideal.com\/blog\/wp-content\/uploads\/2011\/05\/renault_megane_cc_carideal-achat-occasion_m.jpg\" alt=\"Cabriolet pas cher Renault Megane CC\" width=\"448\" height=\"297\" srcset=\"https:\/\/www.carideal.com\/blog\/wp-content\/uploads\/2011\/05\/renault_megane_cc_carideal-achat-occasion_m.jpg 448w, https:\/\/www.carideal.com\/blog\/wp-content\/uploads\/2011\/05\/renault_megane_cc_carideal-achat-occasion_m-300x199.jpg 300w, https:\/\/www.carideal.com\/blog\/wp-content\/uploads\/2011\/05\/renault_megane_cc_carideal-achat-occasion_m-50x33.jpg 50w, https:\/\/www.carideal.com\/blog\/wp-content\/uploads\/2011\/05\/renault_megane_cc_carideal-achat-occasion_m-110x73.jpg 110w, https:\/\/www.carideal.com\/blog\/wp-content\/uploads\/2011\/05\/renault_megane_cc_carideal-achat-occasion_m-420x278.jpg 420w\" sizes=\"(max-width: 448px) 100vw, 448px\" \/><figcaption id=\"caption-attachment-20770\" class=\"wp-caption-text\">Cabriolet pas cher Renault Megane CC<\/figcaption><\/figure>\n<h2>Cabriolet pas cher Renault Megane CC achat d'occasion<\/h2>\n<p>La <a href=\"http:\/\/www.carideal.com\/blog\/marque-de-voiture-actualites-essais\/renault\/\">Renault<\/a> <span style=\"text-decoration: underline;\">Megane CC<\/span> est une des reines du march\u00e9 du cabriolet pas cher d'occasion. Dans cette cat\u00e9gorie les CC ont toutes un gros \"derri\u00e8re\" afin de loger le toit et aussi de laisser une ridicule place ...pour une trousse de toilette. La particularit\u00e9 de cette <a href=\"http:\/\/www.carideal.com\/blog\/2008\/10\/14\/renault-megane-ii-d-occasion\/\"><span style=\"text-decoration: underline;\">Megane<\/span><\/a> est d'offrir un toit en verre alors que la concurrence se contente d'un toit en t\u00f4le. Il s'agit d'une quatre places, mais on aura du mal \u00e0 caser les passagers arri\u00e8res, \u00e0 moins que ceux-ci n'acceptent d'avoir le dos \u00e0 la verticale, et les genoux derri\u00e8re les oreilles. LOL<\/p>\n<p>La voiture reprend cependant les qualit\u00e9s de la <a href=\"http:\/\/www.carideal.com\/blog\/2018\/02\/03\/meilleures-berlines-hayon-2018\/\">berline<\/a> \u00e0 savoir, le confort de ses suspensions, et ses \u00e9quipements g\u00e9n\u00e9reux, mais la version cabriolet est moins rigide que la concurrence. Malgr\u00e9 une certaine am\u00e9lioration de la fiabilit\u00e9, attention quand m\u00eame.<\/p>\n<figure id=\"attachment_20771\" aria-describedby=\"caption-attachment-20771\" style=\"width: 438px\" class=\"wp-caption alignnone\"><img loading=\"lazy\" decoding=\"async\" class=\"size-full wp-image-20771\" src=\"http:\/\/www.carideal.com\/blog\/wp-content\/uploads\/2011\/05\/peugeot-307-cc-achat-voiture_occasion-carideal-mandataire_automobile_m.jpg\" alt=\"Cabriolet pas cher la Peugeot 307 CC\" width=\"448\" height=\"310\" srcset=\"https:\/\/www.carideal.com\/blog\/wp-content\/uploads\/2011\/05\/peugeot-307-cc-achat-voiture_occasion-carideal-mandataire_automobile_m.jpg 448w, https:\/\/www.carideal.com\/blog\/wp-content\/uploads\/2011\/05\/peugeot-307-cc-achat-voiture_occasion-carideal-mandataire_automobile_m-300x208.jpg 300w, https:\/\/www.carideal.com\/blog\/wp-content\/uploads\/2011\/05\/peugeot-307-cc-achat-voiture_occasion-carideal-mandataire_automobile_m-50x35.jpg 50w, https:\/\/www.carideal.com\/blog\/wp-content\/uploads\/2011\/05\/peugeot-307-cc-achat-voiture_occasion-carideal-mandataire_automobile_m-110x76.jpg 110w, https:\/\/www.carideal.com\/blog\/wp-content\/uploads\/2011\/05\/peugeot-307-cc-achat-voiture_occasion-carideal-mandataire_automobile_m-420x291.jpg 420w\" sizes=\"(max-width: 448px) 100vw, 448px\" \/><figcaption id=\"caption-attachment-20771\" class=\"wp-caption-text\">Cabriolet pas cher la Peugeot 307 CC<\/figcaption><\/figure>\n<h2>Cabriolet pas cher la Peugeot 307 CC reine de sa cat\u00e9gorie<\/h2>\n<p>La <a href=\"http:\/\/www.carideal.com\/blog\/marque-de-voiture-actualites-essais\/peugeot\/\">Peugeot<\/a> <span style=\"text-decoration: underline;\">307 CC<\/span> a connu le plus beau succ\u00e8s de sa cat\u00e9gorie sur le march\u00e9 du cabriolet pas cher d'occasion, et elle en garde l'image et les faveurs ce qui explique sa cote \u00e0 la revente. Comme la M\u00e9gane CC, le coffre ayant besoin de beaucoup de place pour loger le toit rigide les places arri\u00e8res sont compt\u00e9es. La caisse est rigide et qui pr\u00e9vaut d'excellentes qualit\u00e9s dynamiques \u00e0 la voiture avec beaucoup de pr\u00e9cision dans les virages. La qualit\u00e9 sur cette version CC est encore en hausse par rapport \u00e0 la berline avec des finitions cuir de tr\u00e8s belles factures au-dessus du lot face \u00e0 la concurrence.<br \/>\nLa motorisation 2.0 HDI de 136 ch est celle qui convient le mieux \u00e0 ce niveau de standing.<\/p>\n<figure id=\"attachment_20772\" aria-describedby=\"caption-attachment-20772\" style=\"width: 438px\" class=\"wp-caption alignnone\"><img loading=\"lazy\" decoding=\"async\" class=\"size-full wp-image-20772\" src=\"http:\/\/www.carideal.com\/blog\/wp-content\/uploads\/2011\/05\/opel-astra_cabriolet_achat_mandataire_automobile_carideal_m.jpg\" alt=\"Cabriolet pas cher l'Astra cabriolet\" width=\"448\" height=\"292\" srcset=\"https:\/\/www.carideal.com\/blog\/wp-content\/uploads\/2011\/05\/opel-astra_cabriolet_achat_mandataire_automobile_carideal_m.jpg 448w, https:\/\/www.carideal.com\/blog\/wp-content\/uploads\/2011\/05\/opel-astra_cabriolet_achat_mandataire_automobile_carideal_m-300x196.jpg 300w, https:\/\/www.carideal.com\/blog\/wp-content\/uploads\/2011\/05\/opel-astra_cabriolet_achat_mandataire_automobile_carideal_m-50x33.jpg 50w, https:\/\/www.carideal.com\/blog\/wp-content\/uploads\/2011\/05\/opel-astra_cabriolet_achat_mandataire_automobile_carideal_m-110x72.jpg 110w, https:\/\/www.carideal.com\/blog\/wp-content\/uploads\/2011\/05\/opel-astra_cabriolet_achat_mandataire_automobile_carideal_m-420x274.jpg 420w\" sizes=\"(max-width: 448px) 100vw, 448px\" \/><figcaption id=\"caption-attachment-20772\" class=\"wp-caption-text\">Cabriolet pas cher l'Astra cabriolet<\/figcaption><\/figure>\n<h2>L'Opel Astra cabriolet est la moins ch\u00e8re sur le march\u00e9 du cabriolet pas cher<\/h2>\n<p>L'Opel <span style=\"text-decoration: underline;\">Astra<\/span> cabriolet CC n'a pas pris l'option du toit rigide mais de la capote souple mais avec une commande \u00e0 distance, C'est donc elle qui propose le plus de place aux places arri\u00e8res et un coffre qui puisse servir. Paradoxalement, l'<a href=\"http:\/\/www.carideal.com\/blog\/marque-de-voiture-actualites-essais\/opel\/\"><span style=\"text-decoration: underline;\">Opel<\/span><\/a> est aussi la moins diffus\u00e9e et en version essence avec le 1.8 16v qui assure un bon compromis de tous les jours, la version 2.2 16v \u00e9tant plus tonique mais le ch\u00e2ssis ne suit pas. \u00c0 \u00e9viter les moteurs diesels peu fiables sur ce cabriolet pas cher.<\/p>\n","protected":false},"excerpt":{"rendered":"<p>Essais de cabriolet pas cher d&rsquo;occasion Il est grisant de rouler les cheveux au vent, enfin pas trop, et comme la mode est \u00e0 130 km\/h sur autoroute, et qu&rsquo;il est plus plaisant de s&rsquo;en servir sur les petits parcours, pourquoi ne pas craquer et \u00ab\u00a0cruiser\u00a0\u00bb \u00e0 bord d&rsquo;un CABRIOLET\u00a0PAS CHER\u00a0d&rsquo;occasion ? On peut scinder &#8230; <a title=\"Essais de cabriolet pas cher d&rsquo;occasion\" class=\"read-more\" href=\"https:\/\/www.carideal.com\/blog\/2011\/05\/04\/essais-des-cabriolets-d-occasion-a-petit-budget\/\" aria-label=\"En savoir plus sur Essais de cabriolet pas cher d&rsquo;occasion\">Lire plus<\/a><\/p>\n","protected":false},"author":1,"featured_media":20774,"comment_status":"open","ping_status":"open","sticky":false,"template":"","format":"standard","meta":{"_uag_custom_page_level_css":"","_themeisle_gutenberg_block_has_review":false,"footnotes":""},"categories":[6019,6025,5947,10],"tags":[5044,1348],"class_list":["post-958","post","type-post","status-publish","format-standard","has-post-thumbnail","hentry","category-cabriolet","category-occasion-type-de-vehicule-type-de-vehicule","category-essai","category-marche-automobile-voiture-neuve-occasion-4x4-suv","tag-guide-achat","tag-citadine"],"wppr_data":{"cwp_meta_box_check":"No"},"yoast_head":"<!-- This site is optimized with the Yoast SEO plugin v24.8.1 - https:\/\/yoast.com\/wordpress\/plugins\/seo\/ -->\n<title>Essais de cabriolet pas cher d&#039;occasion - Blog auto Carid\u00e9al<\/title>\n<meta name=\"description\" content=\"Essais de cabriolet pas cher d&#039;occasion Il est grisant de rouler les cheveux au vent, enfin pas trop, et comme la mode est \u00e0 130 km\/h sur autoroute\" \/>\n<meta name=\"robots\" content=\"index, follow, max-snippet:-1, max-image-preview:large, max-video-preview:-1\" \/>\n<link rel=\"canonical\" href=\"https:\/\/www.carideal.com\/blog\/2011\/05\/04\/essais-des-cabriolets-d-occasion-a-petit-budget\/\" \/>\n<meta property=\"og:locale\" content=\"fr_FR\" \/>\n<meta property=\"og:type\" content=\"article\" \/>\n<meta property=\"og:title\" content=\"Essais de cabriolet pas cher d&#039;occasion - Blog auto Carid\u00e9al\" \/>\n<meta property=\"og:description\" content=\"Essais de cabriolet pas cher d&#039;occasion Il est grisant de rouler les cheveux au vent, enfin pas trop, et comme la mode est \u00e0 130 km\/h sur autoroute\" \/>\n<meta property=\"og:url\" content=\"https:\/\/www.carideal.com\/blog\/2011\/05\/04\/essais-des-cabriolets-d-occasion-a-petit-budget\/\" \/>\n<meta property=\"og:site_name\" content=\"Blog auto Carid\u00e9al\" \/>\n<meta property=\"article:publisher\" content=\"https:\/\/www.facebook.com\/Carideal.mandataire.automobile\" \/>\n<meta property=\"article:author\" content=\"https:\/\/www.facebook.com\/Carideal.mandataire.automobile\/\" \/>\n<meta property=\"article:published_time\" content=\"2011-05-04T10:48:00+00:00\" \/>\n<meta property=\"article:modified_time\" content=\"2020-01-06T16:57:38+00:00\" \/>\n<meta property=\"og:image\" content=\"https:\/\/www.carideal.com\/blog\/wp-content\/uploads\/2011\/05\/PEUGEOT_206CC_achat_carideal_mandataire_auto_m-1.jpg\" \/>\n\t<meta property=\"og:image:width\" content=\"448\" \/>\n\t<meta property=\"og:image:height\" content=\"336\" \/>\n\t<meta property=\"og:image:type\" content=\"image\/jpeg\" \/>\n<meta name=\"author\" content=\"N.S Carideal\" \/>\n<meta name=\"twitter:card\" content=\"summary_large_image\" \/>\n<meta name=\"twitter:creator\" content=\"@caridealauto\" \/>\n<meta name=\"twitter:site\" content=\"@caridealauto\" \/>\n<meta name=\"twitter:label1\" content=\"\u00c9crit par\" \/>\n\t<meta name=\"twitter:data1\" content=\"N.S Carideal\" \/>\n\t<meta name=\"twitter:label2\" content=\"Dur\u00e9e de lecture estim\u00e9e\" \/>\n\t<meta name=\"twitter:data2\" content=\"5 minutes\" \/>\n<script type=\"application\/ld+json\" class=\"yoast-schema-graph\">{\"@context\":\"https:\/\/schema.org\",\"@graph\":[{\"@type\":\"Article\",\"@id\":\"https:\/\/www.carideal.com\/blog\/2011\/05\/04\/essais-des-cabriolets-d-occasion-a-petit-budget\/#article\",\"isPartOf\":{\"@id\":\"https:\/\/www.carideal.com\/blog\/2011\/05\/04\/essais-des-cabriolets-d-occasion-a-petit-budget\/\"},\"author\":{\"name\":\"N.S Carideal\",\"@id\":\"https:\/\/www.carideal.com\/blog\/#\/schema\/person\/985c7e757d1042d647f21bfaf8d41ebc\"},\"headline\":\"Essais de cabriolet pas cher d&rsquo;occasion\",\"datePublished\":\"2011-05-04T10:48:00+00:00\",\"dateModified\":\"2020-01-06T16:57:38+00:00\",\"mainEntityOfPage\":{\"@id\":\"https:\/\/www.carideal.com\/blog\/2011\/05\/04\/essais-des-cabriolets-d-occasion-a-petit-budget\/\"},\"wordCount\":1018,\"commentCount\":0,\"publisher\":{\"@id\":\"https:\/\/www.carideal.com\/blog\/#organization\"},\"image\":{\"@id\":\"https:\/\/www.carideal.com\/blog\/2011\/05\/04\/essais-des-cabriolets-d-occasion-a-petit-budget\/#primaryimage\"},\"thumbnailUrl\":\"https:\/\/www.carideal.com\/blog\/wp-content\/uploads\/2011\/05\/PEUGEOT_206CC_achat_carideal_mandataire_auto_m-1.jpg\",\"keywords\":[\"Guide achat voiture\",\"Voiture citadine\"],\"articleSection\":[\"Cabriolet\",\"Essai Voiture Occasion\",\"Essais automobile\",\"March\u00e9 automobile\"],\"inLanguage\":\"fr-FR\",\"potentialAction\":[{\"@type\":\"CommentAction\",\"name\":\"Comment\",\"target\":[\"https:\/\/www.carideal.com\/blog\/2011\/05\/04\/essais-des-cabriolets-d-occasion-a-petit-budget\/#respond\"]}]},{\"@type\":\"WebPage\",\"@id\":\"https:\/\/www.carideal.com\/blog\/2011\/05\/04\/essais-des-cabriolets-d-occasion-a-petit-budget\/\",\"url\":\"https:\/\/www.carideal.com\/blog\/2011\/05\/04\/essais-des-cabriolets-d-occasion-a-petit-budget\/\",\"name\":\"Essais de cabriolet pas cher d'occasion - Blog auto Carid\u00e9al\",\"isPartOf\":{\"@id\":\"https:\/\/www.carideal.com\/blog\/#website\"},\"primaryImageOfPage\":{\"@id\":\"https:\/\/www.carideal.com\/blog\/2011\/05\/04\/essais-des-cabriolets-d-occasion-a-petit-budget\/#primaryimage\"},\"image\":{\"@id\":\"https:\/\/www.carideal.com\/blog\/2011\/05\/04\/essais-des-cabriolets-d-occasion-a-petit-budget\/#primaryimage\"},\"thumbnailUrl\":\"https:\/\/www.carideal.com\/blog\/wp-content\/uploads\/2011\/05\/PEUGEOT_206CC_achat_carideal_mandataire_auto_m-1.jpg\",\"datePublished\":\"2011-05-04T10:48:00+00:00\",\"dateModified\":\"2020-01-06T16:57:38+00:00\",\"description\":\"Essais de cabriolet pas cher d'occasion Il est grisant de rouler les cheveux au vent, enfin pas trop, et comme la mode est \u00e0 130 km\/h sur autoroute\",\"breadcrumb\":{\"@id\":\"https:\/\/www.carideal.com\/blog\/2011\/05\/04\/essais-des-cabriolets-d-occasion-a-petit-budget\/#breadcrumb\"},\"inLanguage\":\"fr-FR\",\"potentialAction\":[{\"@type\":\"ReadAction\",\"target\":[\"https:\/\/www.carideal.com\/blog\/2011\/05\/04\/essais-des-cabriolets-d-occasion-a-petit-budget\/\"]}]},{\"@type\":\"ImageObject\",\"inLanguage\":\"fr-FR\",\"@id\":\"https:\/\/www.carideal.com\/blog\/2011\/05\/04\/essais-des-cabriolets-d-occasion-a-petit-budget\/#primaryimage\",\"url\":\"https:\/\/www.carideal.com\/blog\/wp-content\/uploads\/2011\/05\/PEUGEOT_206CC_achat_carideal_mandataire_auto_m-1.jpg\",\"contentUrl\":\"https:\/\/www.carideal.com\/blog\/wp-content\/uploads\/2011\/05\/PEUGEOT_206CC_achat_carideal_mandataire_auto_m-1.jpg\",\"width\":448,\"height\":336,\"caption\":\"Essais de cabriolet pas cher d'occasion\"},{\"@type\":\"BreadcrumbList\",\"@id\":\"https:\/\/www.carideal.com\/blog\/2011\/05\/04\/essais-des-cabriolets-d-occasion-a-petit-budget\/#breadcrumb\",\"itemListElement\":[{\"@type\":\"ListItem\",\"position\":1,\"name\":\"Blog Carid\u00e9al\",\"item\":\"https:\/\/www.carideal.com\/blog\/\"},{\"@type\":\"ListItem\",\"position\":2,\"name\":\"Type de v\u00e9hicule\",\"item\":\"https:\/\/www.carideal.com\/blog\/type-de-vehicule\/\"},{\"@type\":\"ListItem\",\"position\":3,\"name\":\"Essai Voiture Occasion\",\"item\":\"https:\/\/www.carideal.com\/blog\/type-de-vehicule\/occasion-type-de-vehicule-type-de-vehicule\/\"},{\"@type\":\"ListItem\",\"position\":4,\"name\":\"Essais de cabriolet pas cher d&rsquo;occasion\"}]},{\"@type\":\"WebSite\",\"@id\":\"https:\/\/www.carideal.com\/blog\/#website\",\"url\":\"https:\/\/www.carideal.com\/blog\/\",\"name\":\"Blog auto Carid\u00e9al\",\"description\":\"Actualit\u00e9 auto par des passionn\u00e9s\",\"publisher\":{\"@id\":\"https:\/\/www.carideal.com\/blog\/#organization\"},\"potentialAction\":[{\"@type\":\"SearchAction\",\"target\":{\"@type\":\"EntryPoint\",\"urlTemplate\":\"https:\/\/www.carideal.com\/blog\/?s={search_term_string}\"},\"query-input\":{\"@type\":\"PropertyValueSpecification\",\"valueRequired\":true,\"valueName\":\"search_term_string\"}}],\"inLanguage\":\"fr-FR\"},{\"@type\":\"Organization\",\"@id\":\"https:\/\/www.carideal.com\/blog\/#organization\",\"name\":\"Carideal\",\"url\":\"https:\/\/www.carideal.com\/blog\/\",\"logo\":{\"@type\":\"ImageObject\",\"inLanguage\":\"fr-FR\",\"@id\":\"https:\/\/www.carideal.com\/blog\/#\/schema\/logo\/image\/\",\"url\":\"http:\/\/www.carideal.com\/blog\/wp-content\/uploads\/2016\/03\/logo-carideal-mandataire-automobile.png\",\"contentUrl\":\"http:\/\/www.carideal.com\/blog\/wp-content\/uploads\/2016\/03\/logo-carideal-mandataire-automobile.png\",\"width\":300,\"height\":300,\"caption\":\"Carideal\"},\"image\":{\"@id\":\"https:\/\/www.carideal.com\/blog\/#\/schema\/logo\/image\/\"},\"sameAs\":[\"https:\/\/www.facebook.com\/Carideal.mandataire.automobile\",\"https:\/\/x.com\/caridealauto\",\"https:\/\/www.instagram.com\/carideal1\/\",\"https:\/\/www.linkedin.com\/company\/carideal.com\",\"https:\/\/fr.pinterest.com\/schiavonsas\/\",\"https:\/\/www.youtube.com\/user\/caridealsas\"]},{\"@type\":\"Person\",\"@id\":\"https:\/\/www.carideal.com\/blog\/#\/schema\/person\/985c7e757d1042d647f21bfaf8d41ebc\",\"name\":\"N.S Carideal\",\"image\":{\"@type\":\"ImageObject\",\"inLanguage\":\"fr-FR\",\"@id\":\"https:\/\/www.carideal.com\/blog\/#\/schema\/person\/image\/\",\"url\":\"https:\/\/secure.gravatar.com\/avatar\/edb7ccdf1a4e3d14aef967760d354d0e?s=96&r=g\",\"contentUrl\":\"https:\/\/secure.gravatar.com\/avatar\/edb7ccdf1a4e3d14aef967760d354d0e?s=96&r=g\",\"caption\":\"N.S Carideal\"},\"description\":\"Depuis tout petit fan d'automobile. Il est question d'essayer et de comparer toutes ces voitures qui nous ont fait r\u00e9ver, avant que celles-ci ne devient uniquement des voitures de collection.\",\"sameAs\":[\"http:\/\/www.carideal.com\/blog\",\"https:\/\/www.facebook.com\/Carideal.mandataire.automobile\/\",\"https:\/\/www.linkedin.com\/in\/nschiavon\/\",\"https:\/\/www.youtube.com\/user\/caridealsas\/\"],\"url\":\"https:\/\/www.carideal.com\/blog\/author\/admin_carideal\/\"}]}<\/script>\n<!-- \/ Yoast SEO plugin. -->","yoast_head_json":{"title":"Essais de cabriolet pas cher d'occasion - Blog auto Carid\u00e9al","description":"Essais de cabriolet pas cher d'occasion Il est grisant de rouler les cheveux au vent, enfin pas trop, et comme la mode est \u00e0 130 km\/h sur autoroute","robots":{"index":"index","follow":"follow","max-snippet":"max-snippet:-1","max-image-preview":"max-image-preview:large","max-video-preview":"max-video-preview:-1"},"canonical":"https:\/\/www.carideal.com\/blog\/2011\/05\/04\/essais-des-cabriolets-d-occasion-a-petit-budget\/","og_locale":"fr_FR","og_type":"article","og_title":"Essais de cabriolet pas cher d'occasion - Blog auto Carid\u00e9al","og_description":"Essais de cabriolet pas cher d'occasion Il est grisant de rouler les cheveux au vent, enfin pas trop, et comme la mode est \u00e0 130 km\/h sur autoroute","og_url":"https:\/\/www.carideal.com\/blog\/2011\/05\/04\/essais-des-cabriolets-d-occasion-a-petit-budget\/","og_site_name":"Blog auto Carid\u00e9al","article_publisher":"https:\/\/www.facebook.com\/Carideal.mandataire.automobile","article_author":"https:\/\/www.facebook.com\/Carideal.mandataire.automobile\/","article_published_time":"2011-05-04T10:48:00+00:00","article_modified_time":"2020-01-06T16:57:38+00:00","og_image":[{"width":448,"height":336,"url":"https:\/\/www.carideal.com\/blog\/wp-content\/uploads\/2011\/05\/PEUGEOT_206CC_achat_carideal_mandataire_auto_m-1.jpg","type":"image\/jpeg"}],"author":"N.S Carideal","twitter_card":"summary_large_image","twitter_creator":"@caridealauto","twitter_site":"@caridealauto","twitter_misc":{"\u00c9crit par":"N.S Carideal","Dur\u00e9e de lecture estim\u00e9e":"5 minutes"},"schema":{"@context":"https:\/\/schema.org","@graph":[{"@type":"Article","@id":"https:\/\/www.carideal.com\/blog\/2011\/05\/04\/essais-des-cabriolets-d-occasion-a-petit-budget\/#article","isPartOf":{"@id":"https:\/\/www.carideal.com\/blog\/2011\/05\/04\/essais-des-cabriolets-d-occasion-a-petit-budget\/"},"author":{"name":"N.S Carideal","@id":"https:\/\/www.carideal.com\/blog\/#\/schema\/person\/985c7e757d1042d647f21bfaf8d41ebc"},"headline":"Essais de cabriolet pas cher d&rsquo;occasion","datePublished":"2011-05-04T10:48:00+00:00","dateModified":"2020-01-06T16:57:38+00:00","mainEntityOfPage":{"@id":"https:\/\/www.carideal.com\/blog\/2011\/05\/04\/essais-des-cabriolets-d-occasion-a-petit-budget\/"},"wordCount":1018,"commentCount":0,"publisher":{"@id":"https:\/\/www.carideal.com\/blog\/#organization"},"image":{"@id":"https:\/\/www.carideal.com\/blog\/2011\/05\/04\/essais-des-cabriolets-d-occasion-a-petit-budget\/#primaryimage"},"thumbnailUrl":"https:\/\/www.carideal.com\/blog\/wp-content\/uploads\/2011\/05\/PEUGEOT_206CC_achat_carideal_mandataire_auto_m-1.jpg","keywords":["Guide achat voiture","Voiture citadine"],"articleSection":["Cabriolet","Essai Voiture Occasion","Essais automobile","March\u00e9 automobile"],"inLanguage":"fr-FR","potentialAction":[{"@type":"CommentAction","name":"Comment","target":["https:\/\/www.carideal.com\/blog\/2011\/05\/04\/essais-des-cabriolets-d-occasion-a-petit-budget\/#respond"]}]},{"@type":"WebPage","@id":"https:\/\/www.carideal.com\/blog\/2011\/05\/04\/essais-des-cabriolets-d-occasion-a-petit-budget\/","url":"https:\/\/www.carideal.com\/blog\/2011\/05\/04\/essais-des-cabriolets-d-occasion-a-petit-budget\/","name":"Essais de cabriolet pas cher d'occasion - Blog auto Carid\u00e9al","isPartOf":{"@id":"https:\/\/www.carideal.com\/blog\/#website"},"primaryImageOfPage":{"@id":"https:\/\/www.carideal.com\/blog\/2011\/05\/04\/essais-des-cabriolets-d-occasion-a-petit-budget\/#primaryimage"},"image":{"@id":"https:\/\/www.carideal.com\/blog\/2011\/05\/04\/essais-des-cabriolets-d-occasion-a-petit-budget\/#primaryimage"},"thumbnailUrl":"https:\/\/www.carideal.com\/blog\/wp-content\/uploads\/2011\/05\/PEUGEOT_206CC_achat_carideal_mandataire_auto_m-1.jpg","datePublished":"2011-05-04T10:48:00+00:00","dateModified":"2020-01-06T16:57:38+00:00","description":"Essais de cabriolet pas cher d'occasion Il est grisant de rouler les cheveux au vent, enfin pas trop, et comme la mode est \u00e0 130 km\/h sur autoroute","breadcrumb":{"@id":"https:\/\/www.carideal.com\/blog\/2011\/05\/04\/essais-des-cabriolets-d-occasion-a-petit-budget\/#breadcrumb"},"inLanguage":"fr-FR","potentialAction":[{"@type":"ReadAction","target":["https:\/\/www.carideal.com\/blog\/2011\/05\/04\/essais-des-cabriolets-d-occasion-a-petit-budget\/"]}]},{"@type":"ImageObject","inLanguage":"fr-FR","@id":"https:\/\/www.carideal.com\/blog\/2011\/05\/04\/essais-des-cabriolets-d-occasion-a-petit-budget\/#primaryimage","url":"https:\/\/www.carideal.com\/blog\/wp-content\/uploads\/2011\/05\/PEUGEOT_206CC_achat_carideal_mandataire_auto_m-1.jpg","contentUrl":"https:\/\/www.carideal.com\/blog\/wp-content\/uploads\/2011\/05\/PEUGEOT_206CC_achat_carideal_mandataire_auto_m-1.jpg","width":448,"height":336,"caption":"Essais de cabriolet pas cher d'occasion"},{"@type":"BreadcrumbList","@id":"https:\/\/www.carideal.com\/blog\/2011\/05\/04\/essais-des-cabriolets-d-occasion-a-petit-budget\/#breadcrumb","itemListElement":[{"@type":"ListItem","position":1,"name":"Blog Carid\u00e9al","item":"https:\/\/www.carideal.com\/blog\/"},{"@type":"ListItem","position":2,"name":"Type de v\u00e9hicule","item":"https:\/\/www.carideal.com\/blog\/type-de-vehicule\/"},{"@type":"ListItem","position":3,"name":"Essai Voiture Occasion","item":"https:\/\/www.carideal.com\/blog\/type-de-vehicule\/occasion-type-de-vehicule-type-de-vehicule\/"},{"@type":"ListItem","position":4,"name":"Essais de cabriolet pas cher d&rsquo;occasion"}]},{"@type":"WebSite","@id":"https:\/\/www.carideal.com\/blog\/#website","url":"https:\/\/www.carideal.com\/blog\/","name":"Blog auto Carid\u00e9al","description":"Actualit\u00e9 auto par des passionn\u00e9s","publisher":{"@id":"https:\/\/www.carideal.com\/blog\/#organization"},"potentialAction":[{"@type":"SearchAction","target":{"@type":"EntryPoint","urlTemplate":"https:\/\/www.carideal.com\/blog\/?s={search_term_string}"},"query-input":{"@type":"PropertyValueSpecification","valueRequired":true,"valueName":"search_term_string"}}],"inLanguage":"fr-FR"},{"@type":"Organization","@id":"https:\/\/www.carideal.com\/blog\/#organization","name":"Carideal","url":"https:\/\/www.carideal.com\/blog\/","logo":{"@type":"ImageObject","inLanguage":"fr-FR","@id":"https:\/\/www.carideal.com\/blog\/#\/schema\/logo\/image\/","url":"http:\/\/www.carideal.com\/blog\/wp-content\/uploads\/2016\/03\/logo-carideal-mandataire-automobile.png","contentUrl":"http:\/\/www.carideal.com\/blog\/wp-content\/uploads\/2016\/03\/logo-carideal-mandataire-automobile.png","width":300,"height":300,"caption":"Carideal"},"image":{"@id":"https:\/\/www.carideal.com\/blog\/#\/schema\/logo\/image\/"},"sameAs":["https:\/\/www.facebook.com\/Carideal.mandataire.automobile","https:\/\/x.com\/caridealauto","https:\/\/www.instagram.com\/carideal1\/","https:\/\/www.linkedin.com\/company\/carideal.com","https:\/\/fr.pinterest.com\/schiavonsas\/","https:\/\/www.youtube.com\/user\/caridealsas"]},{"@type":"Person","@id":"https:\/\/www.carideal.com\/blog\/#\/schema\/person\/985c7e757d1042d647f21bfaf8d41ebc","name":"N.S Carideal","image":{"@type":"ImageObject","inLanguage":"fr-FR","@id":"https:\/\/www.carideal.com\/blog\/#\/schema\/person\/image\/","url":"https:\/\/secure.gravatar.com\/avatar\/edb7ccdf1a4e3d14aef967760d354d0e?s=96&r=g","contentUrl":"https:\/\/secure.gravatar.com\/avatar\/edb7ccdf1a4e3d14aef967760d354d0e?s=96&r=g","caption":"N.S Carideal"},"description":"Depuis tout petit fan d'automobile. Il est question d'essayer et de comparer toutes ces voitures qui nous ont fait r\u00e9ver, avant que celles-ci ne devient uniquement des voitures de collection.","sameAs":["http:\/\/www.carideal.com\/blog","https:\/\/www.facebook.com\/Carideal.mandataire.automobile\/","https:\/\/www.linkedin.com\/in\/nschiavon\/","https:\/\/www.youtube.com\/user\/caridealsas\/"],"url":"https:\/\/www.carideal.com\/blog\/author\/admin_carideal\/"}]}},"uagb_featured_image_src":{"full":["https:\/\/www.carideal.com\/blog\/wp-content\/uploads\/2011\/05\/PEUGEOT_206CC_achat_carideal_mandataire_auto_m-1.jpg",448,336,false],"thumbnail":["https:\/\/www.carideal.com\/blog\/wp-content\/uploads\/2011\/05\/PEUGEOT_206CC_achat_carideal_mandataire_auto_m-1-150x150.jpg",150,150,true],"medium":["https:\/\/www.carideal.com\/blog\/wp-content\/uploads\/2011\/05\/PEUGEOT_206CC_achat_carideal_mandataire_auto_m-1-300x225.jpg",300,225,true],"medium_large":["https:\/\/www.carideal.com\/blog\/wp-content\/uploads\/2011\/05\/PEUGEOT_206CC_achat_carideal_mandataire_auto_m-1.jpg",448,336,false],"large":["https:\/\/www.carideal.com\/blog\/wp-content\/uploads\/2011\/05\/PEUGEOT_206CC_achat_carideal_mandataire_auto_m-1.jpg",448,336,false],"1536x1536":["https:\/\/www.carideal.com\/blog\/wp-content\/uploads\/2011\/05\/PEUGEOT_206CC_achat_carideal_mandataire_auto_m-1.jpg",448,336,false],"2048x2048":["https:\/\/www.carideal.com\/blog\/wp-content\/uploads\/2011\/05\/PEUGEOT_206CC_achat_carideal_mandataire_auto_m-1.jpg",448,336,false],"wppr-widget":["https:\/\/www.carideal.com\/blog\/wp-content\/uploads\/2011\/05\/PEUGEOT_206CC_achat_carideal_mandataire_auto_m-1-50x38.jpg",50,38,true]},"uagb_author_info":{"display_name":"N.S Carideal","author_link":"https:\/\/www.carideal.com\/blog\/author\/admin_carideal\/"},"uagb_comment_info":0,"uagb_excerpt":"Essais de cabriolet pas cher d'occasion Il est grisant de rouler les cheveux au vent, enfin pas trop, et comme la mode est \u00e0 130 km\/h sur autoroute, et qu'il est plus plaisant de s'en servir sur les petits parcours, pourquoi ne pas craquer et \"cruiser\" \u00e0 bord d'un CABRIOLET\u00a0PAS CHER\u00a0d'occasion ? On peut scinder\u2026","_links":{"self":[{"href":"https:\/\/www.carideal.com\/blog\/wp-json\/wp\/v2\/posts\/958"}],"collection":[{"href":"https:\/\/www.carideal.com\/blog\/wp-json\/wp\/v2\/posts"}],"about":[{"href":"https:\/\/www.carideal.com\/blog\/wp-json\/wp\/v2\/types\/post"}],"author":[{"embeddable":true,"href":"https:\/\/www.carideal.com\/blog\/wp-json\/wp\/v2\/users\/1"}],"replies":[{"embeddable":true,"href":"https:\/\/www.carideal.com\/blog\/wp-json\/wp\/v2\/comments?post=958"}],"version-history":[{"count":0,"href":"https:\/\/www.carideal.com\/blog\/wp-json\/wp\/v2\/posts\/958\/revisions"}],"wp:featuredmedia":[{"embeddable":true,"href":"https:\/\/www.carideal.com\/blog\/wp-json\/wp\/v2\/media\/20774"}],"wp:attachment":[{"href":"https:\/\/www.carideal.com\/blog\/wp-json\/wp\/v2\/media?parent=958"}],"wp:term":[{"taxonomy":"category","embeddable":true,"href":"https:\/\/www.carideal.com\/blog\/wp-json\/wp\/v2\/categories?post=958"},{"taxonomy":"post_tag","embeddable":true,"href":"https:\/\/www.carideal.com\/blog\/wp-json\/wp\/v2\/tags?post=958"}],"curies":[{"name":"wp","href":"https:\/\/api.w.org\/{rel}","templated":true}]}}