{"id":9554,"date":"2016-02-23T18:18:30","date_gmt":"2016-02-23T17:18:30","guid":{"rendered":"http:\/\/www.carideal.com\/blog\/?p=9554"},"modified":"2020-02-08T15:07:09","modified_gmt":"2020-02-08T14:07:09","slug":"citroen-cactus-rip-curl-geneve-2016","status":"publish","type":"post","link":"https:\/\/www.carideal.com\/blog\/2016\/02\/23\/citroen-cactus-rip-curl-geneve-2016\/","title":{"rendered":"Citroen Cactus Rip Curl Gen\u00e8ve 2016"},"content":{"rendered":"<h2>Le Citroen Cactus Rip Curl sera pr\u00e9sent\u00e9 au salon de Gen\u00e8ve 2016<\/h2>\n<figure id=\"attachment_9562\" aria-describedby=\"caption-attachment-9562\" style=\"width: 290px\" class=\"wp-caption alignleft\"><a href=\"http:\/\/www.carideal.com\/blog\/wp-content\/uploads\/2016\/02\/citroen-c4-cactus-rip-curl.jpg\"><img loading=\"lazy\" decoding=\"async\" class=\"wp-image-9562 size-medium\" title=\"Citroen Cactus Rip Curl sera pr\u00e9sent\u00e9 au salon de Gen\u00e8ve 2016\" src=\"http:\/\/www.carideal.com\/blog\/wp-content\/uploads\/2016\/02\/citroen-c4-cactus-rip-curl-300x169.jpg\" alt=\"Citroen Cactus Rip Curl sera pr\u00e9sent\u00e9 au salon de Gen\u00e8ve 2016\" width=\"300\" height=\"169\" srcset=\"https:\/\/www.carideal.com\/blog\/wp-content\/uploads\/2016\/02\/citroen-c4-cactus-rip-curl-300x169.jpg 300w, https:\/\/www.carideal.com\/blog\/wp-content\/uploads\/2016\/02\/citroen-c4-cactus-rip-curl-624x351.jpg 624w, https:\/\/www.carideal.com\/blog\/wp-content\/uploads\/2016\/02\/citroen-c4-cactus-rip-curl.jpg 757w\" sizes=\"(max-width: 300px) 100vw, 300px\" \/><\/a><figcaption id=\"caption-attachment-9562\" class=\"wp-caption-text\">Citroen Cactus Rip Curl sera pr\u00e9sent\u00e9 au salon de Gen\u00e8ve 2016<\/figcaption><\/figure>\n<figure id=\"attachment_9561\" aria-describedby=\"caption-attachment-9561\" style=\"width: 290px\" class=\"wp-caption alignleft\"><a href=\"http:\/\/www.carideal.com\/blog\/wp-content\/uploads\/2016\/02\/citroen-c4-cactus-rip-curl-2.jpg\"><img loading=\"lazy\" decoding=\"async\" class=\"wp-image-9561 size-medium\" title=\"Citroen Cactus Rip Curl sera pr\u00e9sent\u00e9 au salon de Gen\u00e8ve 2016\" src=\"http:\/\/www.carideal.com\/blog\/wp-content\/uploads\/2016\/02\/citroen-c4-cactus-rip-curl-2-300x169.jpg\" alt=\"Citroen Cactus Rip Curl sera pr\u00e9sent\u00e9 au salon de Gen\u00e8ve 2016-2\" width=\"300\" height=\"169\" srcset=\"https:\/\/www.carideal.com\/blog\/wp-content\/uploads\/2016\/02\/citroen-c4-cactus-rip-curl-2-300x169.jpg 300w, https:\/\/www.carideal.com\/blog\/wp-content\/uploads\/2016\/02\/citroen-c4-cactus-rip-curl-2-624x351.jpg 624w, https:\/\/www.carideal.com\/blog\/wp-content\/uploads\/2016\/02\/citroen-c4-cactus-rip-curl-2.jpg 757w\" sizes=\"(max-width: 300px) 100vw, 300px\" \/><\/a><figcaption id=\"caption-attachment-9561\" class=\"wp-caption-text\">Citroen Cactus Rip Curl sera pr\u00e9sent\u00e9 au salon de Gen\u00e8ve 2016-2<\/figcaption><\/figure>\n<figure id=\"attachment_9560\" aria-describedby=\"caption-attachment-9560\" style=\"width: 290px\" class=\"wp-caption alignleft\"><a href=\"http:\/\/www.carideal.com\/blog\/wp-content\/uploads\/2016\/02\/citroen-c4-cactus-rip-curl-3.jpg\"><img loading=\"lazy\" decoding=\"async\" class=\"wp-image-9560 size-medium\" title=\"Citroen Cactus Rip Curl sera pr\u00e9sent\u00e9 au salon de Gen\u00e8ve 2016\" src=\"http:\/\/www.carideal.com\/blog\/wp-content\/uploads\/2016\/02\/citroen-c4-cactus-rip-curl-3-300x177.jpg\" alt=\"Citroen Cactus Rip Curl sera pr\u00e9sent\u00e9 au salon de Gen\u00e8ve 2016-3\" width=\"300\" height=\"177\" srcset=\"https:\/\/www.carideal.com\/blog\/wp-content\/uploads\/2016\/02\/citroen-c4-cactus-rip-curl-3-300x177.jpg 300w, https:\/\/www.carideal.com\/blog\/wp-content\/uploads\/2016\/02\/citroen-c4-cactus-rip-curl-3-624x368.jpg 624w, https:\/\/www.carideal.com\/blog\/wp-content\/uploads\/2016\/02\/citroen-c4-cactus-rip-curl-3.jpg 639w\" sizes=\"(max-width: 300px) 100vw, 300px\" \/><\/a><figcaption id=\"caption-attachment-9560\" class=\"wp-caption-text\">Citroen Cactus Rip Curl sera pr\u00e9sent\u00e9 au salon de Gen\u00e8ve 2016-3<\/figcaption><\/figure>\n<figure id=\"attachment_9559\" aria-describedby=\"caption-attachment-9559\" style=\"width: 290px\" class=\"wp-caption alignleft\"><a href=\"http:\/\/www.carideal.com\/blog\/wp-content\/uploads\/2016\/02\/citroen-c4-cactus-rip-curl-4.jpg\"><img loading=\"lazy\" decoding=\"async\" class=\"wp-image-9559 size-medium\" title=\"Citroen Cactus Rip Curl sera pr\u00e9sent\u00e9 au salon de Gen\u00e8ve 2016\" src=\"http:\/\/www.carideal.com\/blog\/wp-content\/uploads\/2016\/02\/citroen-c4-cactus-rip-curl-4-300x176.jpg\" alt=\"Citroen Cactus Rip Curl sera pr\u00e9sent\u00e9 au salon de Gen\u00e8ve 2016-4\" width=\"300\" height=\"176\" srcset=\"https:\/\/www.carideal.com\/blog\/wp-content\/uploads\/2016\/02\/citroen-c4-cactus-rip-curl-4-300x176.jpg 300w, https:\/\/www.carideal.com\/blog\/wp-content\/uploads\/2016\/02\/citroen-c4-cactus-rip-curl-4-624x366.jpg 624w, https:\/\/www.carideal.com\/blog\/wp-content\/uploads\/2016\/02\/citroen-c4-cactus-rip-curl-4.jpg 800w\" sizes=\"(max-width: 300px) 100vw, 300px\" \/><\/a><figcaption id=\"caption-attachment-9559\" class=\"wp-caption-text\">Citroen Cactus Rip Curl sera pr\u00e9sent\u00e9 au salon de Gen\u00e8ve 2016-4<\/figcaption><\/figure>\n<figure id=\"attachment_9558\" aria-describedby=\"caption-attachment-9558\" style=\"width: 290px\" class=\"wp-caption alignleft\"><a href=\"http:\/\/www.carideal.com\/blog\/wp-content\/uploads\/2016\/02\/citroen-c4-cactus-rip-curl-5.jpg\"><img loading=\"lazy\" decoding=\"async\" class=\"wp-image-9558 size-medium\" title=\"Citroen Cactus Rip Curl sera pr\u00e9sent\u00e9 au salon de Gen\u00e8ve 2016\" src=\"http:\/\/www.carideal.com\/blog\/wp-content\/uploads\/2016\/02\/citroen-c4-cactus-rip-curl-5-300x200.jpg\" alt=\"Citroen Cactus Rip Curl sera pr\u00e9sent\u00e9 au salon de Gen\u00e8ve 2016-5\" width=\"300\" height=\"200\" srcset=\"https:\/\/www.carideal.com\/blog\/wp-content\/uploads\/2016\/02\/citroen-c4-cactus-rip-curl-5-300x200.jpg 300w, https:\/\/www.carideal.com\/blog\/wp-content\/uploads\/2016\/02\/citroen-c4-cactus-rip-curl-5-624x416.jpg 624w, https:\/\/www.carideal.com\/blog\/wp-content\/uploads\/2016\/02\/citroen-c4-cactus-rip-curl-5.jpg 800w\" sizes=\"(max-width: 300px) 100vw, 300px\" \/><\/a><figcaption id=\"caption-attachment-9558\" class=\"wp-caption-text\">Citroen Cactus Rip Curl sera pr\u00e9sent\u00e9 au salon de Gen\u00e8ve 2016-5<\/figcaption><\/figure>\n<figure id=\"attachment_9557\" aria-describedby=\"caption-attachment-9557\" style=\"width: 290px\" class=\"wp-caption alignleft\"><a href=\"http:\/\/www.carideal.com\/blog\/wp-content\/uploads\/2016\/02\/citroen-c4-cactus-rip-curl-6.jpg\"><img loading=\"lazy\" decoding=\"async\" class=\"wp-image-9557 size-medium\" title=\"Citroen Cactus Rip Curl sera pr\u00e9sent\u00e9 au salon de Gen\u00e8ve 2016\" src=\"http:\/\/www.carideal.com\/blog\/wp-content\/uploads\/2016\/02\/citroen-c4-cactus-rip-curl-6-300x200.jpg\" alt=\"Citroen Cactus Rip Curl sera pr\u00e9sent\u00e9 au salon de Gen\u00e8ve 2016-6\" width=\"300\" height=\"200\" srcset=\"https:\/\/www.carideal.com\/blog\/wp-content\/uploads\/2016\/02\/citroen-c4-cactus-rip-curl-6-300x200.jpg 300w, https:\/\/www.carideal.com\/blog\/wp-content\/uploads\/2016\/02\/citroen-c4-cactus-rip-curl-6.jpg 1024w, https:\/\/www.carideal.com\/blog\/wp-content\/uploads\/2016\/02\/citroen-c4-cactus-rip-curl-6-624x416.jpg 624w\" sizes=\"(max-width: 300px) 100vw, 300px\" \/><\/a><figcaption id=\"caption-attachment-9557\" class=\"wp-caption-text\">Citroen C4 Cactus Rip Curl sera pr\u00e9sent\u00e9 au salon de Gen\u00e8ve 2016-6<\/figcaption><\/figure>\n<figure id=\"attachment_9556\" aria-describedby=\"caption-attachment-9556\" style=\"width: 190px\" class=\"wp-caption alignleft\"><a href=\"http:\/\/www.carideal.com\/blog\/wp-content\/uploads\/2016\/02\/citroen-c4-cactus-rip-curl-7.jpg\"><img loading=\"lazy\" decoding=\"async\" class=\"wp-image-9556 size-medium\" title=\"Citroen Cactus Rip Curl sera pr\u00e9sent\u00e9 au salon de Gen\u00e8ve 2016\" src=\"http:\/\/www.carideal.com\/blog\/wp-content\/uploads\/2016\/02\/citroen-c4-cactus-rip-curl-7-200x300.jpg\" alt=\"Citroen Cactus Rip Curl sera pr\u00e9sent\u00e9 au salon de Gen\u00e8ve 2016-7\" width=\"200\" height=\"300\" srcset=\"https:\/\/www.carideal.com\/blog\/wp-content\/uploads\/2016\/02\/citroen-c4-cactus-rip-curl-7-200x300.jpg 200w, https:\/\/www.carideal.com\/blog\/wp-content\/uploads\/2016\/02\/citroen-c4-cactus-rip-curl-7.jpg 683w, https:\/\/www.carideal.com\/blog\/wp-content\/uploads\/2016\/02\/citroen-c4-cactus-rip-curl-7-624x936.jpg 624w\" sizes=\"(max-width: 200px) 100vw, 200px\" \/><\/a><figcaption id=\"caption-attachment-9556\" class=\"wp-caption-text\">Citroen C4 Cactus Rip Curl sera pr\u00e9sent\u00e9 au salon de Gen\u00e8ve 2016-7<\/figcaption><\/figure>\n<p><a href=\"http:\/\/www.carideal.com\/blog\/marque-de-voiture-actualites-essais\/citroen\/\">Citroen<\/a> Pr\u00e9sente sa s\u00e9rie sp\u00e9ciale <a href=\"http:\/\/www.carideal.com\/blog\/marque-de-voiture-actualites-essais\/citroen\/c4-cactus\/\">Citroen Cactus<\/a> Rip Curl fruit de la collaboration avec la c\u00e9l\u00e8bre marque de Surf, mondialement connu.<\/p>\n<p>Le Citro\u00ebn Cactus Rip Curl sera pr\u00e9sent\u00e9 au salon de Gen\u00e8ve 2016 et sera \u00e9quip\u00e9 du <a href=\"http:\/\/www.carideal.com\/blog\/2014\/02\/14\/on-a-teste-le-peugeot-2008-grip-control-sur-la-neige-surprenant\/\">Grip control<\/a>, le syt\u00e8me de contr\u00f4le de la motricit\u00e9 de Citro\u00ebn et de quelques artifices de style afin de souligner sa vocation de baroudeur 100 % outdoor. On se souvient que le C4 Cactus a \u00e9t\u00e9 prim\u00e9 pour le design le plus innovant.<\/p>\n<p>Citroen esp\u00e8re ainsi, en s'associant avec Rip Curl, ancrer son positionnement <a href=\"http:\/\/www.carideal.com\/blog\/type-de-vehicule\/crossovers\/\">Crossover<\/a> avec un style plus dynamique, pour le Citroen Cactus Rip Curl.<\/p>\n<p>Rip curl est une c\u00e9l\u00e8bre marque de Surf, n\u00e9e en 1969,\u00a0et a toujours \u00e9t\u00e9 innovante dans son domaine, elle est synonime de passion, de voyages....\u00a0 L'association des deux images, veut renforcer l'iddentit\u00e9, l'esprit d'innovation et de cr\u00e9ation, avec une voiture pr\u00eate \u00e0 chaque instant pour aller partout. Citroen a toujours \u00e9t\u00e9 un pionnier de l'exploration, on se souvient de ses nombreuses croisi\u00e8res Jaunes et croisi\u00e8re noire africaine.<\/p>\n<p>Rip Curl, \"The Search\" est son slogan, la qu\u00eate de la vague parfaite en quelque sorte, porte des valeurs communes de cr\u00e9ation et d'innovation avec Citroen comme l'exploration. Oon se souvient des Croisi\u00e8res Jaunes et Croisi\u00e8res noires africaines de Citroen.<\/p>\n<p>La s\u00e9rie sp\u00e9ciale Citroen Cactus Rip curl sera bas\u00e9 sur la finition haut de gamme Shine avec des \u00e9quipements supl\u00e9mentaires comme les jantes en alliage de 17\" de type CROSS bi-ton et du toit panoramique vitr\u00e9.<\/p>\n<p>Elle sera \u00e9quip\u00e9 du syst\u00e8me de motricit\u00e9 control\u00e9e, Grip control sur les moteurs essence de derni\u00e8re g\u00e9n\u00e9ration Puretech 110 S&amp;S BVM et diesel BlueHDI 100 en boite m\u00e9canique. Le Citroen Cactus Rip Curl sera \u00e9quip\u00e9 de <a href=\"http:\/\/www.carideal.com\/blog\/garage-automobile\/pneu\/\">pneu<\/a> M+S, tout temps afin de rouler sans encombre sur tout type de terrain.<\/p>\n<figure id=\"attachment_9564\" aria-describedby=\"caption-attachment-9564\" style=\"width: 290px\" class=\"wp-caption alignleft\"><a href=\"http:\/\/www.carideal.com\/blog\/wp-content\/uploads\/2016\/02\/citroen-c4-cactus-rip-curl-8.jpg\"><img loading=\"lazy\" decoding=\"async\" class=\"wp-image-9564 size-medium\" title=\"Citroen Cactus Rip Curl sera pr\u00e9sent\u00e9 au salon de Gen\u00e8ve 2016\" src=\"http:\/\/www.carideal.com\/blog\/wp-content\/uploads\/2016\/02\/citroen-c4-cactus-rip-curl-8-300x200.jpg\" alt=\"Grip Control Citroen Cactus Rip Curl sera pr\u00e9sent\u00e9 au salon de Gen\u00e8ve 2016-8\" width=\"300\" height=\"200\" srcset=\"https:\/\/www.carideal.com\/blog\/wp-content\/uploads\/2016\/02\/citroen-c4-cactus-rip-curl-8-300x200.jpg 300w, https:\/\/www.carideal.com\/blog\/wp-content\/uploads\/2016\/02\/citroen-c4-cactus-rip-curl-8.jpg 1024w, https:\/\/www.carideal.com\/blog\/wp-content\/uploads\/2016\/02\/citroen-c4-cactus-rip-curl-8-624x416.jpg 624w\" sizes=\"(max-width: 300px) 100vw, 300px\" \/><\/a><figcaption id=\"caption-attachment-9564\" class=\"wp-caption-text\">Grip Control Citroen C4 Cactus Rip Curl sera pr\u00e9sent\u00e9 au salon de Gen\u00e8ve 2016<\/figcaption><\/figure>\n<p>Le syst\u00e8me Grip Control de motricit\u00e9 control\u00e9e de citroen utilise un antipatinage \u00e9lectronique \u00e9volu\u00e9, li\u00e9 \u00e0 l'ESP, qui controle le patinage des roues motrices et qui \u00e9volue en fonction du terrain rencontr\u00e9. Le Grip Control poss\u00e8de cinq modes de fonctionnement :<\/p>\n<ol>\n<li>Standart pour les routes normales<\/li>\n<li>Sable pour se rapprocher de la mer et des plages<\/li>\n<li>Tout Chemin pour rouler dans la boue, herbe mouill\u00e9e, chemin de terre..<\/li>\n<li>Neige pour partir fair du Ski<\/li>\n<li>ESP OFF pour d\u00e9savtiver l'ESP jusque 50 km\/h<\/li>\n<\/ol>\n<p>On se souvient pour l'avoir essay\u00e9 sur une Peugeot 2008, que ce syst\u00e8me <span style=\"text-decoration: underline;\"><a href=\"http:\/\/www.carideal.com\/blog\/2014\/02\/14\/on-a-teste-le-peugeot-2008-grip-control-sur-la-neige-surprenant\/\">Grip Control avait fait des merveilles dans la neige<\/a><\/span>.<\/p>\n<p>Le Citroen Cactus Rip curl sera reconnaissable de l'ext\u00e9rieur avec ses coquilles de r\u00e9troviseurs blanches, des barres de toit aussi blanche et d'un adh\u00e9sif blanc brillant m\u00e9langant des motifs g\u00e9om\u00e9triques et le Logo de la marque Rip Curl sur les ailes avant et les custodes arri\u00e8res.<\/p>\n<p>A l'int\u00e9rieur aussi la marque a voulu dynamiser le Citroen Cactus Rip Curl avec des \u00e9l\u00e9ments de couleur Pulp orange, sur les ceintures de s\u00e9curit\u00e9, les surtapis et les grilles de haut-parleur avant. Le Citroen Cactus Rip Curl veut transm\u00e8tre son \u00e9nergie.<\/p>\n<p>On retrouve l'esprit des voyages, dans la finition du couvercle de boite \u00e0 gant, qui comprend une sangle et des picots, qui rapellent les malles de voyage.<\/p>\n<h2>Le Citroen Cactus Rip Curl sera commandable \u00e0 partir du 1er Avril 2016.<\/h2>\n<p>On attend plus que les prix de ce C4\u00a0Cactus Rip Curl. A Suivre....<\/p>\n<p>En attendant voici la vid\u00e9o du Citroen C4 Cactus Rip Curl.<\/p>\n<p><iframe loading=\"lazy\" src=\"https:\/\/www.youtube.com\/embed\/YVnyDG02Iug\" width=\"560\" height=\"315\" frameborder=\"0\" allowfullscreen=\"allowfullscreen\"><\/iframe><\/p>\n","protected":false},"excerpt":{"rendered":"<p>Le Citroen Cactus Rip Curl sera pr\u00e9sent\u00e9 au salon de Gen\u00e8ve 2016 Citroen Pr\u00e9sente sa s\u00e9rie sp\u00e9ciale Citroen Cactus Rip Curl fruit de la collaboration avec la c\u00e9l\u00e8bre marque de Surf, mondialement connu. Le Citro\u00ebn Cactus Rip Curl sera pr\u00e9sent\u00e9 au salon de Gen\u00e8ve 2016 et sera \u00e9quip\u00e9 du Grip control, le syt\u00e8me de contr\u00f4le &#8230; <a title=\"Citroen Cactus Rip Curl Gen\u00e8ve 2016\" class=\"read-more\" href=\"https:\/\/www.carideal.com\/blog\/2016\/02\/23\/citroen-cactus-rip-curl-geneve-2016\/\" aria-label=\"En savoir plus sur Citroen Cactus Rip Curl Gen\u00e8ve 2016\">Lire plus<\/a><\/p>\n","protected":false},"author":3,"featured_media":9562,"comment_status":"open","ping_status":"open","sticky":false,"template":"","format":"video","meta":{"_uag_custom_page_level_css":"","_themeisle_gutenberg_block_has_review":false,"footnotes":""},"categories":[5,17197,5944,6021,5972,6097,5974,18],"tags":[],"class_list":["post-9554","post","type-post","status-publish","format-video","has-post-thumbnail","hentry","category-citroen","category-actualite-citroen-c4-cactus","category-constructeur","category-crossovers","category-salons","category-salon-de-geneve","category-type-de-vehicule","category-videos","post_format-post-format-video"],"wppr_data":{"cwp_meta_box_check":"No"},"yoast_head":"<!-- This site is optimized with the Yoast SEO plugin v24.8.1 - https:\/\/yoast.com\/wordpress\/plugins\/seo\/ -->\n<title>Citroen Cactus Rip Curl Gen\u00e8ve 2016 - Blog auto Carid\u00e9al<\/title>\n<meta name=\"description\" content=\"Le Citroen Cactus Rip Curl sera pr\u00e9sent\u00e9 au Salon de Gen\u00e8ve 2016. Citroen entend renforcer le positionnement Crossover de C4 Cactus\" \/>\n<meta name=\"robots\" content=\"index, follow, max-snippet:-1, max-image-preview:large, max-video-preview:-1\" \/>\n<link rel=\"canonical\" href=\"https:\/\/www.carideal.com\/blog\/2016\/02\/23\/citroen-cactus-rip-curl-geneve-2016\/\" \/>\n<meta property=\"og:locale\" content=\"fr_FR\" \/>\n<meta property=\"og:type\" content=\"article\" \/>\n<meta property=\"og:title\" content=\"Citroen Cactus Rip Curl Gen\u00e8ve 2016 - Blog auto Carid\u00e9al\" \/>\n<meta property=\"og:description\" content=\"Le Citroen Cactus Rip Curl sera pr\u00e9sent\u00e9 au Salon de Gen\u00e8ve 2016. Citroen entend renforcer le positionnement Crossover de C4 Cactus\" \/>\n<meta property=\"og:url\" content=\"https:\/\/www.carideal.com\/blog\/2016\/02\/23\/citroen-cactus-rip-curl-geneve-2016\/\" \/>\n<meta property=\"og:site_name\" content=\"Blog auto Carid\u00e9al\" \/>\n<meta property=\"article:publisher\" content=\"https:\/\/www.facebook.com\/Carideal.mandataire.automobile\" \/>\n<meta property=\"article:author\" content=\"https:\/\/www.facebook.com\/nicolas.schiavon.39\" \/>\n<meta property=\"article:published_time\" content=\"2016-02-23T17:18:30+00:00\" \/>\n<meta property=\"article:modified_time\" content=\"2020-02-08T14:07:09+00:00\" \/>\n<meta property=\"og:image\" content=\"https:\/\/www.carideal.com\/blog\/wp-content\/uploads\/2016\/02\/citroen-c4-cactus-rip-curl.jpg\" \/>\n\t<meta property=\"og:image:width\" content=\"757\" \/>\n\t<meta property=\"og:image:height\" content=\"426\" \/>\n\t<meta property=\"og:image:type\" content=\"image\/jpeg\" \/>\n<meta name=\"author\" content=\"Nicolas SCHIAVON\" \/>\n<meta name=\"twitter:card\" content=\"summary_large_image\" \/>\n<meta name=\"twitter:creator\" content=\"@caridealauto\" \/>\n<meta name=\"twitter:site\" content=\"@caridealauto\" \/>\n<meta name=\"twitter:label1\" content=\"\u00c9crit par\" \/>\n\t<meta name=\"twitter:data1\" content=\"Nicolas SCHIAVON\" \/>\n\t<meta name=\"twitter:label2\" content=\"Dur\u00e9e de lecture estim\u00e9e\" \/>\n\t<meta name=\"twitter:data2\" content=\"4 minutes\" \/>\n<script type=\"application\/ld+json\" class=\"yoast-schema-graph\">{\"@context\":\"https:\/\/schema.org\",\"@graph\":[{\"@type\":\"Article\",\"@id\":\"https:\/\/www.carideal.com\/blog\/2016\/02\/23\/citroen-cactus-rip-curl-geneve-2016\/#article\",\"isPartOf\":{\"@id\":\"https:\/\/www.carideal.com\/blog\/2016\/02\/23\/citroen-cactus-rip-curl-geneve-2016\/\"},\"author\":{\"name\":\"Nicolas SCHIAVON\",\"@id\":\"https:\/\/www.carideal.com\/blog\/#\/schema\/person\/cd95dc7919660de90d31b366f85be1ec\"},\"headline\":\"Citroen Cactus Rip Curl Gen\u00e8ve 2016\",\"datePublished\":\"2016-02-23T17:18:30+00:00\",\"dateModified\":\"2020-02-08T14:07:09+00:00\",\"mainEntityOfPage\":{\"@id\":\"https:\/\/www.carideal.com\/blog\/2016\/02\/23\/citroen-cactus-rip-curl-geneve-2016\/\"},\"wordCount\":775,\"commentCount\":0,\"publisher\":{\"@id\":\"https:\/\/www.carideal.com\/blog\/#organization\"},\"image\":{\"@id\":\"https:\/\/www.carideal.com\/blog\/2016\/02\/23\/citroen-cactus-rip-curl-geneve-2016\/#primaryimage\"},\"thumbnailUrl\":\"https:\/\/www.carideal.com\/blog\/wp-content\/uploads\/2016\/02\/citroen-c4-cactus-rip-curl.jpg\",\"articleSection\":[\"Actualit\u00e9 Citroen\",\"Actualit\u00e9 Citroen C4 Cactus\",\"Actualit\u00e9 Constructeur automobile\",\"Crossover\",\"Salon automobile\",\"Salon de Gen\u00e8ve\",\"Type de v\u00e9hicule\",\"Vid\u00e9o voiture : vid\u00e9o automobile\"],\"inLanguage\":\"fr-FR\",\"potentialAction\":[{\"@type\":\"CommentAction\",\"name\":\"Comment\",\"target\":[\"https:\/\/www.carideal.com\/blog\/2016\/02\/23\/citroen-cactus-rip-curl-geneve-2016\/#respond\"]}]},{\"@type\":\"WebPage\",\"@id\":\"https:\/\/www.carideal.com\/blog\/2016\/02\/23\/citroen-cactus-rip-curl-geneve-2016\/\",\"url\":\"https:\/\/www.carideal.com\/blog\/2016\/02\/23\/citroen-cactus-rip-curl-geneve-2016\/\",\"name\":\"Citroen Cactus Rip Curl Gen\u00e8ve 2016 - Blog auto Carid\u00e9al\",\"isPartOf\":{\"@id\":\"https:\/\/www.carideal.com\/blog\/#website\"},\"primaryImageOfPage\":{\"@id\":\"https:\/\/www.carideal.com\/blog\/2016\/02\/23\/citroen-cactus-rip-curl-geneve-2016\/#primaryimage\"},\"image\":{\"@id\":\"https:\/\/www.carideal.com\/blog\/2016\/02\/23\/citroen-cactus-rip-curl-geneve-2016\/#primaryimage\"},\"thumbnailUrl\":\"https:\/\/www.carideal.com\/blog\/wp-content\/uploads\/2016\/02\/citroen-c4-cactus-rip-curl.jpg\",\"datePublished\":\"2016-02-23T17:18:30+00:00\",\"dateModified\":\"2020-02-08T14:07:09+00:00\",\"description\":\"Le Citroen Cactus Rip Curl sera pr\u00e9sent\u00e9 au Salon de Gen\u00e8ve 2016. Citroen entend renforcer le positionnement Crossover de C4 Cactus\",\"breadcrumb\":{\"@id\":\"https:\/\/www.carideal.com\/blog\/2016\/02\/23\/citroen-cactus-rip-curl-geneve-2016\/#breadcrumb\"},\"inLanguage\":\"fr-FR\",\"potentialAction\":[{\"@type\":\"ReadAction\",\"target\":[\"https:\/\/www.carideal.com\/blog\/2016\/02\/23\/citroen-cactus-rip-curl-geneve-2016\/\"]}]},{\"@type\":\"ImageObject\",\"inLanguage\":\"fr-FR\",\"@id\":\"https:\/\/www.carideal.com\/blog\/2016\/02\/23\/citroen-cactus-rip-curl-geneve-2016\/#primaryimage\",\"url\":\"https:\/\/www.carideal.com\/blog\/wp-content\/uploads\/2016\/02\/citroen-c4-cactus-rip-curl.jpg\",\"contentUrl\":\"https:\/\/www.carideal.com\/blog\/wp-content\/uploads\/2016\/02\/citroen-c4-cactus-rip-curl.jpg\",\"width\":757,\"height\":426,\"caption\":\"Citroen Cactus C4 Cactus Rip Curl\"},{\"@type\":\"BreadcrumbList\",\"@id\":\"https:\/\/www.carideal.com\/blog\/2016\/02\/23\/citroen-cactus-rip-curl-geneve-2016\/#breadcrumb\",\"itemListElement\":[{\"@type\":\"ListItem\",\"position\":1,\"name\":\"Blog Carid\u00e9al\",\"item\":\"https:\/\/www.carideal.com\/blog\/\"},{\"@type\":\"ListItem\",\"position\":2,\"name\":\"Actualit\u00e9 constructeur automobile\",\"item\":\"https:\/\/www.carideal.com\/blog\/constructeur\/\"},{\"@type\":\"ListItem\",\"position\":3,\"name\":\"Actualit\u00e9 Citroen\",\"item\":\"https:\/\/www.carideal.com\/blog\/constructeur\/citroen\/\"},{\"@type\":\"ListItem\",\"position\":4,\"name\":\"Actualit\u00e9 Citroen C4 Cactus\",\"item\":\"https:\/\/www.carideal.com\/blog\/constructeur\/citroen\/actualite-citroen-c4-cactus\/\"},{\"@type\":\"ListItem\",\"position\":5,\"name\":\"Citroen Cactus Rip Curl Gen\u00e8ve 2016\"}]},{\"@type\":\"WebSite\",\"@id\":\"https:\/\/www.carideal.com\/blog\/#website\",\"url\":\"https:\/\/www.carideal.com\/blog\/\",\"name\":\"Blog auto Carid\u00e9al\",\"description\":\"Actualit\u00e9 auto par des passionn\u00e9s\",\"publisher\":{\"@id\":\"https:\/\/www.carideal.com\/blog\/#organization\"},\"potentialAction\":[{\"@type\":\"SearchAction\",\"target\":{\"@type\":\"EntryPoint\",\"urlTemplate\":\"https:\/\/www.carideal.com\/blog\/?s={search_term_string}\"},\"query-input\":{\"@type\":\"PropertyValueSpecification\",\"valueRequired\":true,\"valueName\":\"search_term_string\"}}],\"inLanguage\":\"fr-FR\"},{\"@type\":\"Organization\",\"@id\":\"https:\/\/www.carideal.com\/blog\/#organization\",\"name\":\"Carideal\",\"url\":\"https:\/\/www.carideal.com\/blog\/\",\"logo\":{\"@type\":\"ImageObject\",\"inLanguage\":\"fr-FR\",\"@id\":\"https:\/\/www.carideal.com\/blog\/#\/schema\/logo\/image\/\",\"url\":\"http:\/\/www.carideal.com\/blog\/wp-content\/uploads\/2016\/03\/logo-carideal-mandataire-automobile.png\",\"contentUrl\":\"http:\/\/www.carideal.com\/blog\/wp-content\/uploads\/2016\/03\/logo-carideal-mandataire-automobile.png\",\"width\":300,\"height\":300,\"caption\":\"Carideal\"},\"image\":{\"@id\":\"https:\/\/www.carideal.com\/blog\/#\/schema\/logo\/image\/\"},\"sameAs\":[\"https:\/\/www.facebook.com\/Carideal.mandataire.automobile\",\"https:\/\/x.com\/caridealauto\",\"https:\/\/www.instagram.com\/carideal1\/\",\"https:\/\/www.linkedin.com\/company\/carideal.com\",\"https:\/\/fr.pinterest.com\/schiavonsas\/\",\"https:\/\/www.youtube.com\/user\/caridealsas\"]},{\"@type\":\"Person\",\"@id\":\"https:\/\/www.carideal.com\/blog\/#\/schema\/person\/cd95dc7919660de90d31b366f85be1ec\",\"name\":\"Nicolas SCHIAVON\",\"image\":{\"@type\":\"ImageObject\",\"inLanguage\":\"fr-FR\",\"@id\":\"https:\/\/www.carideal.com\/blog\/#\/schema\/person\/image\/\",\"url\":\"https:\/\/secure.gravatar.com\/avatar\/c17e55009e671d92cc7f5dc837dc418a?s=96&r=g\",\"contentUrl\":\"https:\/\/secure.gravatar.com\/avatar\/c17e55009e671d92cc7f5dc837dc418a?s=96&r=g\",\"caption\":\"Nicolas SCHIAVON\"},\"description\":\"Nicolas Schiavon est tomb\u00e9 tout petit dans la marmite automobile. Ayant eu un garage de marque automobile, mandataire automobile de la premi\u00e8re heure d\u00e8s 1999. Nicolas a cr\u00e9\u00e9 ces premiers sites de vente de voiture et blog automobile d\u00e8s 1994. Carideal est n\u00e9 le 15 d\u00e9cembre 2000 de la volont\u00e9 de vendre des voitures d'occasions en ligne puis des voitures neuves. Il a pu essayer beaucoup de voitures tr\u00e8s diff\u00e9rentes et ayant eu personnellement quelques belles autos, Subaru Impreza, Mitsubishi Lancer Evo 7, Porsche 911, Ferrari Testarrossa, Audi RS3, RS4 et j'en passe...\",\"sameAs\":[\"http:\/\/www.carideal.com\",\"https:\/\/www.facebook.com\/nicolas.schiavon.39\",\"https:\/\/www.instagram.com\/carideal1\/\",\"https:\/\/www.linkedin.com\/in\/nschiavon\/\",\"https:\/\/x.com\/caridealauto\",\"https:\/\/www.youtube.com\/user\/caridealsas\/\"],\"url\":\"https:\/\/www.carideal.com\/blog\/author\/nschiavon\/\"}]}<\/script>\n<!-- \/ Yoast SEO plugin. -->","yoast_head_json":{"title":"Citroen Cactus Rip Curl Gen\u00e8ve 2016 - Blog auto Carid\u00e9al","description":"Le Citroen Cactus Rip Curl sera pr\u00e9sent\u00e9 au Salon de Gen\u00e8ve 2016. Citroen entend renforcer le positionnement Crossover de C4 Cactus","robots":{"index":"index","follow":"follow","max-snippet":"max-snippet:-1","max-image-preview":"max-image-preview:large","max-video-preview":"max-video-preview:-1"},"canonical":"https:\/\/www.carideal.com\/blog\/2016\/02\/23\/citroen-cactus-rip-curl-geneve-2016\/","og_locale":"fr_FR","og_type":"article","og_title":"Citroen Cactus Rip Curl Gen\u00e8ve 2016 - Blog auto Carid\u00e9al","og_description":"Le Citroen Cactus Rip Curl sera pr\u00e9sent\u00e9 au Salon de Gen\u00e8ve 2016. Citroen entend renforcer le positionnement Crossover de C4 Cactus","og_url":"https:\/\/www.carideal.com\/blog\/2016\/02\/23\/citroen-cactus-rip-curl-geneve-2016\/","og_site_name":"Blog auto Carid\u00e9al","article_publisher":"https:\/\/www.facebook.com\/Carideal.mandataire.automobile","article_author":"https:\/\/www.facebook.com\/nicolas.schiavon.39","article_published_time":"2016-02-23T17:18:30+00:00","article_modified_time":"2020-02-08T14:07:09+00:00","og_image":[{"width":757,"height":426,"url":"https:\/\/www.carideal.com\/blog\/wp-content\/uploads\/2016\/02\/citroen-c4-cactus-rip-curl.jpg","type":"image\/jpeg"}],"author":"Nicolas SCHIAVON","twitter_card":"summary_large_image","twitter_creator":"@caridealauto","twitter_site":"@caridealauto","twitter_misc":{"\u00c9crit par":"Nicolas SCHIAVON","Dur\u00e9e de lecture estim\u00e9e":"4 minutes"},"schema":{"@context":"https:\/\/schema.org","@graph":[{"@type":"Article","@id":"https:\/\/www.carideal.com\/blog\/2016\/02\/23\/citroen-cactus-rip-curl-geneve-2016\/#article","isPartOf":{"@id":"https:\/\/www.carideal.com\/blog\/2016\/02\/23\/citroen-cactus-rip-curl-geneve-2016\/"},"author":{"name":"Nicolas SCHIAVON","@id":"https:\/\/www.carideal.com\/blog\/#\/schema\/person\/cd95dc7919660de90d31b366f85be1ec"},"headline":"Citroen Cactus Rip Curl Gen\u00e8ve 2016","datePublished":"2016-02-23T17:18:30+00:00","dateModified":"2020-02-08T14:07:09+00:00","mainEntityOfPage":{"@id":"https:\/\/www.carideal.com\/blog\/2016\/02\/23\/citroen-cactus-rip-curl-geneve-2016\/"},"wordCount":775,"commentCount":0,"publisher":{"@id":"https:\/\/www.carideal.com\/blog\/#organization"},"image":{"@id":"https:\/\/www.carideal.com\/blog\/2016\/02\/23\/citroen-cactus-rip-curl-geneve-2016\/#primaryimage"},"thumbnailUrl":"https:\/\/www.carideal.com\/blog\/wp-content\/uploads\/2016\/02\/citroen-c4-cactus-rip-curl.jpg","articleSection":["Actualit\u00e9 Citroen","Actualit\u00e9 Citroen C4 Cactus","Actualit\u00e9 Constructeur automobile","Crossover","Salon automobile","Salon de Gen\u00e8ve","Type de v\u00e9hicule","Vid\u00e9o voiture : vid\u00e9o automobile"],"inLanguage":"fr-FR","potentialAction":[{"@type":"CommentAction","name":"Comment","target":["https:\/\/www.carideal.com\/blog\/2016\/02\/23\/citroen-cactus-rip-curl-geneve-2016\/#respond"]}]},{"@type":"WebPage","@id":"https:\/\/www.carideal.com\/blog\/2016\/02\/23\/citroen-cactus-rip-curl-geneve-2016\/","url":"https:\/\/www.carideal.com\/blog\/2016\/02\/23\/citroen-cactus-rip-curl-geneve-2016\/","name":"Citroen Cactus Rip Curl Gen\u00e8ve 2016 - Blog auto Carid\u00e9al","isPartOf":{"@id":"https:\/\/www.carideal.com\/blog\/#website"},"primaryImageOfPage":{"@id":"https:\/\/www.carideal.com\/blog\/2016\/02\/23\/citroen-cactus-rip-curl-geneve-2016\/#primaryimage"},"image":{"@id":"https:\/\/www.carideal.com\/blog\/2016\/02\/23\/citroen-cactus-rip-curl-geneve-2016\/#primaryimage"},"thumbnailUrl":"https:\/\/www.carideal.com\/blog\/wp-content\/uploads\/2016\/02\/citroen-c4-cactus-rip-curl.jpg","datePublished":"2016-02-23T17:18:30+00:00","dateModified":"2020-02-08T14:07:09+00:00","description":"Le Citroen Cactus Rip Curl sera pr\u00e9sent\u00e9 au Salon de Gen\u00e8ve 2016. Citroen entend renforcer le positionnement Crossover de C4 Cactus","breadcrumb":{"@id":"https:\/\/www.carideal.com\/blog\/2016\/02\/23\/citroen-cactus-rip-curl-geneve-2016\/#breadcrumb"},"inLanguage":"fr-FR","potentialAction":[{"@type":"ReadAction","target":["https:\/\/www.carideal.com\/blog\/2016\/02\/23\/citroen-cactus-rip-curl-geneve-2016\/"]}]},{"@type":"ImageObject","inLanguage":"fr-FR","@id":"https:\/\/www.carideal.com\/blog\/2016\/02\/23\/citroen-cactus-rip-curl-geneve-2016\/#primaryimage","url":"https:\/\/www.carideal.com\/blog\/wp-content\/uploads\/2016\/02\/citroen-c4-cactus-rip-curl.jpg","contentUrl":"https:\/\/www.carideal.com\/blog\/wp-content\/uploads\/2016\/02\/citroen-c4-cactus-rip-curl.jpg","width":757,"height":426,"caption":"Citroen Cactus C4 Cactus Rip Curl"},{"@type":"BreadcrumbList","@id":"https:\/\/www.carideal.com\/blog\/2016\/02\/23\/citroen-cactus-rip-curl-geneve-2016\/#breadcrumb","itemListElement":[{"@type":"ListItem","position":1,"name":"Blog Carid\u00e9al","item":"https:\/\/www.carideal.com\/blog\/"},{"@type":"ListItem","position":2,"name":"Actualit\u00e9 constructeur automobile","item":"https:\/\/www.carideal.com\/blog\/constructeur\/"},{"@type":"ListItem","position":3,"name":"Actualit\u00e9 Citroen","item":"https:\/\/www.carideal.com\/blog\/constructeur\/citroen\/"},{"@type":"ListItem","position":4,"name":"Actualit\u00e9 Citroen C4 Cactus","item":"https:\/\/www.carideal.com\/blog\/constructeur\/citroen\/actualite-citroen-c4-cactus\/"},{"@type":"ListItem","position":5,"name":"Citroen Cactus Rip Curl Gen\u00e8ve 2016"}]},{"@type":"WebSite","@id":"https:\/\/www.carideal.com\/blog\/#website","url":"https:\/\/www.carideal.com\/blog\/","name":"Blog auto Carid\u00e9al","description":"Actualit\u00e9 auto par des passionn\u00e9s","publisher":{"@id":"https:\/\/www.carideal.com\/blog\/#organization"},"potentialAction":[{"@type":"SearchAction","target":{"@type":"EntryPoint","urlTemplate":"https:\/\/www.carideal.com\/blog\/?s={search_term_string}"},"query-input":{"@type":"PropertyValueSpecification","valueRequired":true,"valueName":"search_term_string"}}],"inLanguage":"fr-FR"},{"@type":"Organization","@id":"https:\/\/www.carideal.com\/blog\/#organization","name":"Carideal","url":"https:\/\/www.carideal.com\/blog\/","logo":{"@type":"ImageObject","inLanguage":"fr-FR","@id":"https:\/\/www.carideal.com\/blog\/#\/schema\/logo\/image\/","url":"http:\/\/www.carideal.com\/blog\/wp-content\/uploads\/2016\/03\/logo-carideal-mandataire-automobile.png","contentUrl":"http:\/\/www.carideal.com\/blog\/wp-content\/uploads\/2016\/03\/logo-carideal-mandataire-automobile.png","width":300,"height":300,"caption":"Carideal"},"image":{"@id":"https:\/\/www.carideal.com\/blog\/#\/schema\/logo\/image\/"},"sameAs":["https:\/\/www.facebook.com\/Carideal.mandataire.automobile","https:\/\/x.com\/caridealauto","https:\/\/www.instagram.com\/carideal1\/","https:\/\/www.linkedin.com\/company\/carideal.com","https:\/\/fr.pinterest.com\/schiavonsas\/","https:\/\/www.youtube.com\/user\/caridealsas"]},{"@type":"Person","@id":"https:\/\/www.carideal.com\/blog\/#\/schema\/person\/cd95dc7919660de90d31b366f85be1ec","name":"Nicolas SCHIAVON","image":{"@type":"ImageObject","inLanguage":"fr-FR","@id":"https:\/\/www.carideal.com\/blog\/#\/schema\/person\/image\/","url":"https:\/\/secure.gravatar.com\/avatar\/c17e55009e671d92cc7f5dc837dc418a?s=96&r=g","contentUrl":"https:\/\/secure.gravatar.com\/avatar\/c17e55009e671d92cc7f5dc837dc418a?s=96&r=g","caption":"Nicolas SCHIAVON"},"description":"Nicolas Schiavon est tomb\u00e9 tout petit dans la marmite automobile. Ayant eu un garage de marque automobile, mandataire automobile de la premi\u00e8re heure d\u00e8s 1999. Nicolas a cr\u00e9\u00e9 ces premiers sites de vente de voiture et blog automobile d\u00e8s 1994. Carideal est n\u00e9 le 15 d\u00e9cembre 2000 de la volont\u00e9 de vendre des voitures d'occasions en ligne puis des voitures neuves. Il a pu essayer beaucoup de voitures tr\u00e8s diff\u00e9rentes et ayant eu personnellement quelques belles autos, Subaru Impreza, Mitsubishi Lancer Evo 7, Porsche 911, Ferrari Testarrossa, Audi RS3, RS4 et j'en passe...","sameAs":["http:\/\/www.carideal.com","https:\/\/www.facebook.com\/nicolas.schiavon.39","https:\/\/www.instagram.com\/carideal1\/","https:\/\/www.linkedin.com\/in\/nschiavon\/","https:\/\/x.com\/caridealauto","https:\/\/www.youtube.com\/user\/caridealsas\/"],"url":"https:\/\/www.carideal.com\/blog\/author\/nschiavon\/"}]}},"uagb_featured_image_src":{"full":["https:\/\/www.carideal.com\/blog\/wp-content\/uploads\/2016\/02\/citroen-c4-cactus-rip-curl.jpg",757,426,false],"thumbnail":["https:\/\/www.carideal.com\/blog\/wp-content\/uploads\/2016\/02\/citroen-c4-cactus-rip-curl-150x150.jpg",150,150,true],"medium":["https:\/\/www.carideal.com\/blog\/wp-content\/uploads\/2016\/02\/citroen-c4-cactus-rip-curl-300x169.jpg",300,169,true],"medium_large":["https:\/\/www.carideal.com\/blog\/wp-content\/uploads\/2016\/02\/citroen-c4-cactus-rip-curl.jpg",757,426,false],"large":["https:\/\/www.carideal.com\/blog\/wp-content\/uploads\/2016\/02\/citroen-c4-cactus-rip-curl.jpg",757,426,false],"1536x1536":["https:\/\/www.carideal.com\/blog\/wp-content\/uploads\/2016\/02\/citroen-c4-cactus-rip-curl.jpg",757,426,false],"2048x2048":["https:\/\/www.carideal.com\/blog\/wp-content\/uploads\/2016\/02\/citroen-c4-cactus-rip-curl.jpg",757,426,false],"wppr-widget":["https:\/\/www.carideal.com\/blog\/wp-content\/uploads\/2016\/02\/citroen-c4-cactus-rip-curl.jpg",50,28,false]},"uagb_author_info":{"display_name":"Nicolas SCHIAVON","author_link":"https:\/\/www.carideal.com\/blog\/author\/nschiavon\/"},"uagb_comment_info":2,"uagb_excerpt":"Le Citroen Cactus Rip Curl sera pr\u00e9sent\u00e9 au salon de Gen\u00e8ve 2016 Citroen Pr\u00e9sente sa s\u00e9rie sp\u00e9ciale Citroen Cactus Rip Curl fruit de la collaboration avec la c\u00e9l\u00e8bre marque de Surf, mondialement connu. Le Citro\u00ebn Cactus Rip Curl sera pr\u00e9sent\u00e9 au salon de Gen\u00e8ve 2016 et sera \u00e9quip\u00e9 du Grip control, le syt\u00e8me de contr\u00f4le\u2026","_links":{"self":[{"href":"https:\/\/www.carideal.com\/blog\/wp-json\/wp\/v2\/posts\/9554"}],"collection":[{"href":"https:\/\/www.carideal.com\/blog\/wp-json\/wp\/v2\/posts"}],"about":[{"href":"https:\/\/www.carideal.com\/blog\/wp-json\/wp\/v2\/types\/post"}],"author":[{"embeddable":true,"href":"https:\/\/www.carideal.com\/blog\/wp-json\/wp\/v2\/users\/3"}],"replies":[{"embeddable":true,"href":"https:\/\/www.carideal.com\/blog\/wp-json\/wp\/v2\/comments?post=9554"}],"version-history":[{"count":0,"href":"https:\/\/www.carideal.com\/blog\/wp-json\/wp\/v2\/posts\/9554\/revisions"}],"wp:featuredmedia":[{"embeddable":true,"href":"https:\/\/www.carideal.com\/blog\/wp-json\/wp\/v2\/media\/9562"}],"wp:attachment":[{"href":"https:\/\/www.carideal.com\/blog\/wp-json\/wp\/v2\/media?parent=9554"}],"wp:term":[{"taxonomy":"category","embeddable":true,"href":"https:\/\/www.carideal.com\/blog\/wp-json\/wp\/v2\/categories?post=9554"},{"taxonomy":"post_tag","embeddable":true,"href":"https:\/\/www.carideal.com\/blog\/wp-json\/wp\/v2\/tags?post=9554"}],"curies":[{"name":"wp","href":"https:\/\/api.w.org\/{rel}","templated":true}]}}