{"id":952,"date":"2011-04-18T13:37:00","date_gmt":"2011-04-18T13:37:00","guid":{"rendered":"http:\/\/carideal.com\/blog\/?p=952"},"modified":"2020-03-07T20:21:30","modified_gmt":"2020-03-07T19:21:30","slug":"la-video-de-la-presentation-de-la-citroen-ds5-a-schanghai","status":"publish","type":"post","link":"https:\/\/www.carideal.com\/blog\/2011\/04\/18\/la-video-de-la-presentation-de-la-citroen-ds5-a-schanghai\/","title":{"rendered":"La vid\u00e9o de la pr\u00e9sentation de la Citroen DS5 \u00e0 Schanghai"},"content":{"rendered":"<p><img decoding=\"async\" title=\"citroen_ds5_carideal_7.jpg, avr. 2011\" src=\"\/blog\/public\/.citroen_ds5_carideal_7_m.jpg\" alt=\"citroen_ds5_carideal_7.jpg\" \/><\/p>\n<h2>La vid\u00e9o de la pr\u00e9sentation de la Citroen DS5 \u00e0 Schanghai<\/h2>\n<p>Ou on apprend dans cette vid\u00e9o que <a href=\"http:\/\/www.carideal.com\/blog\/marque-de-voiture-actualites-essais\/citroen\/\">Citroen<\/a> s'est inspir\u00e9 de l'a\u00e9ronautique pour le design de cette <a href=\"http:\/\/www.carideal.com\/blog\/marque-de-voiture-actualites-essais\/ds\/ds5\/\">DS5<\/a>, qui est une version Hybrid4, avec 4 roues motrices. Le cockpit de la voiture devrait nous faire penser \u00e0 celui d'un avion.<br \/>\nNouvelle tr\u00e8s importante, La Citroen DS5 sera fabriqu\u00e9e en premier en France puis sera la premi\u00e8re voiture de la gamme <a href=\"http:\/\/www.carideal.com\/blog\/marque-de-voiture-actualites-essais\/ds\/\">DS<\/a> \u00e0 \u00eatre fabriqu\u00e9e en Chine. Ce qui montre la volont\u00e9 du constructeur \u00e0 s'imposer sur le march\u00e9 du haut de gamme en Chine.<br \/>\nNous apprenons aussi que plus de 80 000 Citroen DS3 ont \u00e9t\u00e9 fabriqu\u00e9e en m\u00eame pas un an apr\u00e8s son lancement.<\/p>\n<p><object style=\"height: 390px; width: 640px;\" width=\"300\" height=\"150\"><param name=\"movie\" value=\"http:\/\/www.youtube.com\/v\/2niaMSr0nGU?version=3\" \/><param name=\"allowFullScreen\" value=\"true\" \/><param name=\"allowScriptAccess\" value=\"always\" \/><embed src=\"http:\/\/www.youtube.com\/v\/2niaMSr0nGU?version=3\" type=\"application\/x-shockwave-flash\" allowfullscreen=\"allowfullscreen\" allowscriptaccess=\"always\" width=\"640\" height=\"390\" \/><\/object><\/p>\n<h2>Pr\u00e9sentation de la Citroen DS5 en live et vid\u00e9o a Shanghai<\/h2>\n<h2>les premi\u00e8res images de la Citroen DS5<\/h2>\n<p>Le making of Citroen DS5 enfin pr\u00e9sent\u00e9e en ce moment \u00e0 Shanghai. Ci-joint la Video de pr\u00e9sentation officielle de Citroen :<\/p>\n<p><object style=\"height: 390px; width: 640px;\" width=\"300\" height=\"150\"><param name=\"movie\" value=\"http:\/\/www.youtube.com\/v\/EyNMoNXq6QQ?version=3\" \/><param name=\"allowFullScreen\" value=\"true\" \/><param name=\"allowScriptAccess\" value=\"always\" \/><embed src=\"http:\/\/www.youtube.com\/v\/EyNMoNXq6QQ?version=3\" type=\"application\/x-shockwave-flash\" allowfullscreen=\"allowfullscreen\" allowscriptaccess=\"always\" width=\"640\" height=\"390\" \/><\/object><\/p>\n<p>via Citroen facebook<\/p>\n<p>La DS5 est d\u00e9crite comme \"la manifestation de son savoir-faire le plus raffin\u00e9. Cr\u00e9ation audacieuse et sculpturale, la DS5 exprime parfaitement l'esprit de la DS, \u00e0 savoir des choix audacieux en mati\u00e8re de style, d'architecture, de sensations et de raffinement, tout en mettant en oeuvre le meilleur de la technologie Citro\u00ebn.\"<\/p>\n<p>Outre son design ext\u00e9rieur impressionnant, la DS5 est \u00e9galement le premier mod\u00e8le Citro\u00ebn \u00e0 int\u00e9grer la technologie hybride diesel HYbrid4, offrant des performances am\u00e9lior\u00e9es et une excellente r\u00e9putation environnementale.<\/p>\n<p><strong>Mise \u00e0 jour 18\/04\/2011<\/strong>: Cette critique a \u00e9t\u00e9 mise \u00e0 jour avec les images et les d\u00e9tails officiels. Cliquez sur le lien pour en savoir plus sur la nouvelle Citroen DS5.<\/p>\n<p><strong>MISE \u00c0 JOUR 10\/05\/11<\/strong>: Citro\u00ebn a officiellement d\u00e9voil\u00e9 la premi\u00e8re vid\u00e9o promotionnelle officielle de la DS5. Outre une br\u00e8ve visite guid\u00e9e de la voiture et quelques s\u00e9quences de conduite, vous trouverez \u00e9galement une br\u00e8ve introduction sur la technologie et le patrimoine de la voiture. D\u00e9couvrez-le en cliquant sur la photo ci-dessus.<\/p>\n<p>La nouvelle Citroen DS5 est bas\u00e9e sur le concept C-Sport Lounge et pr\u00e9sente les m\u00eames indices stylistiques que les DS3 et DS5. L'ext\u00e9rieur est d\u00e9fini par des lignes fluides, un profil \u00e9l\u00e9gant et des passages de roue muscl\u00e9s. \u00c0 l\u2019avant, la voiture re\u00e7oit une prise d\u2019air surdimensionn\u00e9e, une grande calandre chrom\u00e9e abritant les chevrons et une nouvelle signature lumineuse \u00e0 led. Compar\u00e9 \u00e0 l\u2019autre mod\u00e8le DS, le DS5 est dot\u00e9 d\u2019inserts \u00absabre\u00bb chrom\u00e9s qui s\u2019\u00e9tendent du haut de chaque phare jusqu\u2019au pare-brise. \u00c0 l'arri\u00e8re, deux tuyaux d'\u00e9chappement sont int\u00e9gr\u00e9s au pare-chocs arri\u00e8re et soulign\u00e9s par une signature \u00e0 l'arri\u00e8re comportant six guides de lumi\u00e8re. Le DS5 sera assis sur de grandes jantes en alliage, taille 16 \"\u00e0 19\".<\/p>\n<p>Le m\u00eame langage de conception est \u00e9galement utilis\u00e9 \u00e0 l\u2019int\u00e9rieur du v\u00e9hicule, o\u00f9 Citro\u00ebn a fait de son mieux pour simplifier au maximum le travail du conducteur. Il y a un cockpit ax\u00e9 sur la rivi\u00e8re avec une position de conduite semblable \u00e0 celle d'un coup\u00e9 avec un volant presque vertical et une large console centrale. Cependant, il peut \u00eatre utile d\u2019avoir un manuel autour de vous car il existe une multitude de boutons, commutateurs, molettes de d\u00e9filement et bascules group\u00e9es sur deux consoles centrales - une basse et une au-dessus de la t\u00eate du pilote, de style \"pilote\".<\/p>\n<p>Tous les int\u00e9rieurs sont recouverts de cuir Club \u00e0 grain fin et de motifs exclusifs, comme le rembourrage de si\u00e8ge en \u00abbracelet de montre\u00bb, caract\u00e9ristique de la ligne DS, unique sur le march\u00e9.<\/p>\n<p>Le mod\u00e8le pr\u00e9sent\u00e9 \u00e0 Shanghai est peint en blanc nacr\u00e9, tandis que l'int\u00e9rieur de la cabine est en cuir pleine fleur de couleur \u00e9b\u00e8ne, contrastant subtilement avec des surpiq\u00fbres mouchet\u00e9es d'argent. La voiture repose sur des jantes en alliage de 20 pouces sp\u00e9cialement con\u00e7ues.<br \/>\n<img decoding=\"async\" title=\"Citroen_ds5_shangai_achat_carideal_mandataire_auto_1.jpg, avr. 2011\" src=\"\/blog\/public\/.Citroen_ds5_shangai_achat_carideal_mandataire_auto_1_m.jpg\" alt=\"Citroen_ds5_shangai_achat_carideal_mandataire_auto_1.jpg\" \/><\/p>\n<p>La Citroen DS5 Sera pr\u00e9sent\u00e9e \u00e0 Shangai Lundi en avant premi\u00e8re Mondiale<\/p>\n<p>Citroen fait le lancement se sa DS5 sur Facebook<br \/>\n<img decoding=\"async\" title=\"Citroen_ds5_shangai_achat_carideal_mandataire_auto_2.jpg, avr. 2011\" src=\"\/blog\/public\/.Citroen_ds5_shangai_achat_carideal_mandataire_auto_2_m.jpg\" alt=\"Citroen_ds5_shangai_achat_carideal_mandataire_auto_2.jpg\" \/><\/p>\n<p>Citroen A construit une structure d'exposition sp\u00e9ciale pour pr\u00e9senter sa DS5<\/p>\n<p><img decoding=\"async\" title=\"Citroen_ds5_shangai_achat_carideal_mandataire_auto.jpg, avr. 2011\" src=\"\/blog\/public\/.Citroen_ds5_shangai_achat_carideal_mandataire_auto_m.jpg\" alt=\"Citroen_ds5_shangai_achat_carideal_mandataire_auto.jpg\" \/><\/p>\n<p>La belle DS5 est encore cach\u00e9e sous sa b\u00e2che dans sa caisse de bois<\/p>\n<p>Via facebook<\/p>\n","protected":false},"excerpt":{"rendered":"<p>La vid\u00e9o de la pr\u00e9sentation de la Citroen DS5 \u00e0 Schanghai Ou on apprend dans cette vid\u00e9o que Citroen s&rsquo;est inspir\u00e9 de l&rsquo;a\u00e9ronautique pour le design de cette DS5, qui est une version Hybrid4, avec 4 roues motrices. Le cockpit de la voiture devrait nous faire penser \u00e0 celui d&rsquo;un avion. Nouvelle tr\u00e8s importante, La &#8230; <a title=\"La vid\u00e9o de la pr\u00e9sentation de la Citroen DS5 \u00e0 Schanghai\" class=\"read-more\" href=\"https:\/\/www.carideal.com\/blog\/2011\/04\/18\/la-video-de-la-presentation-de-la-citroen-ds5-a-schanghai\/\" aria-label=\"En savoir plus sur La vid\u00e9o de la pr\u00e9sentation de la Citroen DS5 \u00e0 Schanghai\">Lire plus<\/a><\/p>\n","protected":false},"author":1,"featured_media":19296,"comment_status":"open","ping_status":"open","sticky":false,"template":"","format":"standard","meta":{"_uag_custom_page_level_css":"","_themeisle_gutenberg_block_has_review":false,"footnotes":""},"categories":[5944,6001,18],"tags":[590],"class_list":["post-952","post","type-post","status-publish","format-standard","has-post-thumbnail","hentry","category-constructeur","category-ds","category-videos","tag-hybrid4"],"wppr_data":{"cwp_meta_box_check":"No"},"yoast_head":"<!-- This site is optimized with the Yoast SEO plugin v24.8.1 - https:\/\/yoast.com\/wordpress\/plugins\/seo\/ -->\n<title>La vid\u00e9o de la pr\u00e9sentation de la Citroen DS5 \u00e0 Schanghai - Blog auto Carid\u00e9al<\/title>\n<meta name=\"description\" content=\"La vid\u00e9o de la pr\u00e9sentation de la Citroen DS5 \u00e0 Schanghai. Citroen A construit une structure d&#039;exposition sp\u00e9ciale pour pr\u00e9senter sa DS5\" \/>\n<meta name=\"robots\" content=\"index, follow, max-snippet:-1, max-image-preview:large, max-video-preview:-1\" \/>\n<link rel=\"canonical\" href=\"https:\/\/www.carideal.com\/blog\/2011\/04\/18\/la-video-de-la-presentation-de-la-citroen-ds5-a-schanghai\/\" \/>\n<meta property=\"og:locale\" content=\"fr_FR\" \/>\n<meta property=\"og:type\" content=\"article\" \/>\n<meta property=\"og:title\" content=\"La vid\u00e9o de la pr\u00e9sentation de la Citroen DS5 \u00e0 Schanghai - Blog auto Carid\u00e9al\" \/>\n<meta property=\"og:description\" content=\"La vid\u00e9o de la pr\u00e9sentation de la Citroen DS5 \u00e0 Schanghai. Citroen A construit une structure d&#039;exposition sp\u00e9ciale pour pr\u00e9senter sa DS5\" \/>\n<meta property=\"og:url\" content=\"https:\/\/www.carideal.com\/blog\/2011\/04\/18\/la-video-de-la-presentation-de-la-citroen-ds5-a-schanghai\/\" \/>\n<meta property=\"og:site_name\" content=\"Blog auto Carid\u00e9al\" \/>\n<meta property=\"article:publisher\" content=\"https:\/\/www.facebook.com\/Carideal.mandataire.automobile\" \/>\n<meta property=\"article:author\" content=\"https:\/\/www.facebook.com\/Carideal.mandataire.automobile\/\" \/>\n<meta property=\"article:published_time\" content=\"2011-04-18T13:37:00+00:00\" \/>\n<meta property=\"article:modified_time\" content=\"2020-03-07T19:21:30+00:00\" \/>\n<meta property=\"og:image\" content=\"https:\/\/www.carideal.com\/blog\/wp-content\/uploads\/2011\/04\/citroen_ds5_carideal.jpg\" \/>\n\t<meta property=\"og:image:width\" content=\"420\" \/>\n\t<meta property=\"og:image:height\" content=\"297\" \/>\n\t<meta property=\"og:image:type\" content=\"image\/jpeg\" \/>\n<meta name=\"author\" content=\"N.S Carideal\" \/>\n<meta name=\"twitter:card\" content=\"summary_large_image\" \/>\n<meta name=\"twitter:creator\" content=\"@caridealauto\" \/>\n<meta name=\"twitter:site\" content=\"@caridealauto\" \/>\n<meta name=\"twitter:label1\" content=\"\u00c9crit par\" \/>\n\t<meta name=\"twitter:data1\" content=\"N.S Carideal\" \/>\n\t<meta name=\"twitter:label2\" content=\"Dur\u00e9e de lecture estim\u00e9e\" \/>\n\t<meta name=\"twitter:data2\" content=\"4 minutes\" \/>\n<script type=\"application\/ld+json\" class=\"yoast-schema-graph\">{\"@context\":\"https:\/\/schema.org\",\"@graph\":[{\"@type\":\"Article\",\"@id\":\"https:\/\/www.carideal.com\/blog\/2011\/04\/18\/la-video-de-la-presentation-de-la-citroen-ds5-a-schanghai\/#article\",\"isPartOf\":{\"@id\":\"https:\/\/www.carideal.com\/blog\/2011\/04\/18\/la-video-de-la-presentation-de-la-citroen-ds5-a-schanghai\/\"},\"author\":{\"name\":\"N.S Carideal\",\"@id\":\"https:\/\/www.carideal.com\/blog\/#\/schema\/person\/985c7e757d1042d647f21bfaf8d41ebc\"},\"headline\":\"La vid\u00e9o de la pr\u00e9sentation de la Citroen DS5 \u00e0 Schanghai\",\"datePublished\":\"2011-04-18T13:37:00+00:00\",\"dateModified\":\"2020-03-07T19:21:30+00:00\",\"mainEntityOfPage\":{\"@id\":\"https:\/\/www.carideal.com\/blog\/2011\/04\/18\/la-video-de-la-presentation-de-la-citroen-ds5-a-schanghai\/\"},\"wordCount\":736,\"commentCount\":0,\"publisher\":{\"@id\":\"https:\/\/www.carideal.com\/blog\/#organization\"},\"image\":{\"@id\":\"https:\/\/www.carideal.com\/blog\/2011\/04\/18\/la-video-de-la-presentation-de-la-citroen-ds5-a-schanghai\/#primaryimage\"},\"thumbnailUrl\":\"https:\/\/www.carideal.com\/blog\/wp-content\/uploads\/2011\/04\/citroen_ds5_carideal.jpg\",\"keywords\":[\"Hybrid4\"],\"articleSection\":[\"Actualit\u00e9 Constructeur automobile\",\"Actualit\u00e9 DS\",\"Vid\u00e9o voiture : vid\u00e9o automobile\"],\"inLanguage\":\"fr-FR\",\"potentialAction\":[{\"@type\":\"CommentAction\",\"name\":\"Comment\",\"target\":[\"https:\/\/www.carideal.com\/blog\/2011\/04\/18\/la-video-de-la-presentation-de-la-citroen-ds5-a-schanghai\/#respond\"]}]},{\"@type\":\"WebPage\",\"@id\":\"https:\/\/www.carideal.com\/blog\/2011\/04\/18\/la-video-de-la-presentation-de-la-citroen-ds5-a-schanghai\/\",\"url\":\"https:\/\/www.carideal.com\/blog\/2011\/04\/18\/la-video-de-la-presentation-de-la-citroen-ds5-a-schanghai\/\",\"name\":\"La vid\u00e9o de la pr\u00e9sentation de la Citroen DS5 \u00e0 Schanghai - Blog auto Carid\u00e9al\",\"isPartOf\":{\"@id\":\"https:\/\/www.carideal.com\/blog\/#website\"},\"primaryImageOfPage\":{\"@id\":\"https:\/\/www.carideal.com\/blog\/2011\/04\/18\/la-video-de-la-presentation-de-la-citroen-ds5-a-schanghai\/#primaryimage\"},\"image\":{\"@id\":\"https:\/\/www.carideal.com\/blog\/2011\/04\/18\/la-video-de-la-presentation-de-la-citroen-ds5-a-schanghai\/#primaryimage\"},\"thumbnailUrl\":\"https:\/\/www.carideal.com\/blog\/wp-content\/uploads\/2011\/04\/citroen_ds5_carideal.jpg\",\"datePublished\":\"2011-04-18T13:37:00+00:00\",\"dateModified\":\"2020-03-07T19:21:30+00:00\",\"description\":\"La vid\u00e9o de la pr\u00e9sentation de la Citroen DS5 \u00e0 Schanghai. Citroen A construit une structure d'exposition sp\u00e9ciale pour pr\u00e9senter sa DS5\",\"breadcrumb\":{\"@id\":\"https:\/\/www.carideal.com\/blog\/2011\/04\/18\/la-video-de-la-presentation-de-la-citroen-ds5-a-schanghai\/#breadcrumb\"},\"inLanguage\":\"fr-FR\",\"potentialAction\":[{\"@type\":\"ReadAction\",\"target\":[\"https:\/\/www.carideal.com\/blog\/2011\/04\/18\/la-video-de-la-presentation-de-la-citroen-ds5-a-schanghai\/\"]}]},{\"@type\":\"ImageObject\",\"inLanguage\":\"fr-FR\",\"@id\":\"https:\/\/www.carideal.com\/blog\/2011\/04\/18\/la-video-de-la-presentation-de-la-citroen-ds5-a-schanghai\/#primaryimage\",\"url\":\"https:\/\/www.carideal.com\/blog\/wp-content\/uploads\/2011\/04\/citroen_ds5_carideal.jpg\",\"contentUrl\":\"https:\/\/www.carideal.com\/blog\/wp-content\/uploads\/2011\/04\/citroen_ds5_carideal.jpg\",\"width\":420,\"height\":297,\"caption\":\"La vid\u00e9o de la pr\u00e9sentation de la Citroen DS5 \u00e0 Schanghai\"},{\"@type\":\"BreadcrumbList\",\"@id\":\"https:\/\/www.carideal.com\/blog\/2011\/04\/18\/la-video-de-la-presentation-de-la-citroen-ds5-a-schanghai\/#breadcrumb\",\"itemListElement\":[{\"@type\":\"ListItem\",\"position\":1,\"name\":\"Blog Carid\u00e9al\",\"item\":\"https:\/\/www.carideal.com\/blog\/\"},{\"@type\":\"ListItem\",\"position\":2,\"name\":\"Actualit\u00e9 constructeur automobile\",\"item\":\"https:\/\/www.carideal.com\/blog\/constructeur\/\"},{\"@type\":\"ListItem\",\"position\":3,\"name\":\"Actualit\u00e9 DS\",\"item\":\"https:\/\/www.carideal.com\/blog\/constructeur\/ds\/\"},{\"@type\":\"ListItem\",\"position\":4,\"name\":\"La vid\u00e9o de la pr\u00e9sentation de la Citroen DS5 \u00e0 Schanghai\"}]},{\"@type\":\"WebSite\",\"@id\":\"https:\/\/www.carideal.com\/blog\/#website\",\"url\":\"https:\/\/www.carideal.com\/blog\/\",\"name\":\"Blog auto Carid\u00e9al\",\"description\":\"Actualit\u00e9 auto par des passionn\u00e9s\",\"publisher\":{\"@id\":\"https:\/\/www.carideal.com\/blog\/#organization\"},\"potentialAction\":[{\"@type\":\"SearchAction\",\"target\":{\"@type\":\"EntryPoint\",\"urlTemplate\":\"https:\/\/www.carideal.com\/blog\/?s={search_term_string}\"},\"query-input\":{\"@type\":\"PropertyValueSpecification\",\"valueRequired\":true,\"valueName\":\"search_term_string\"}}],\"inLanguage\":\"fr-FR\"},{\"@type\":\"Organization\",\"@id\":\"https:\/\/www.carideal.com\/blog\/#organization\",\"name\":\"Carideal\",\"url\":\"https:\/\/www.carideal.com\/blog\/\",\"logo\":{\"@type\":\"ImageObject\",\"inLanguage\":\"fr-FR\",\"@id\":\"https:\/\/www.carideal.com\/blog\/#\/schema\/logo\/image\/\",\"url\":\"http:\/\/www.carideal.com\/blog\/wp-content\/uploads\/2016\/03\/logo-carideal-mandataire-automobile.png\",\"contentUrl\":\"http:\/\/www.carideal.com\/blog\/wp-content\/uploads\/2016\/03\/logo-carideal-mandataire-automobile.png\",\"width\":300,\"height\":300,\"caption\":\"Carideal\"},\"image\":{\"@id\":\"https:\/\/www.carideal.com\/blog\/#\/schema\/logo\/image\/\"},\"sameAs\":[\"https:\/\/www.facebook.com\/Carideal.mandataire.automobile\",\"https:\/\/x.com\/caridealauto\",\"https:\/\/www.instagram.com\/carideal1\/\",\"https:\/\/www.linkedin.com\/company\/carideal.com\",\"https:\/\/fr.pinterest.com\/schiavonsas\/\",\"https:\/\/www.youtube.com\/user\/caridealsas\"]},{\"@type\":\"Person\",\"@id\":\"https:\/\/www.carideal.com\/blog\/#\/schema\/person\/985c7e757d1042d647f21bfaf8d41ebc\",\"name\":\"N.S Carideal\",\"image\":{\"@type\":\"ImageObject\",\"inLanguage\":\"fr-FR\",\"@id\":\"https:\/\/www.carideal.com\/blog\/#\/schema\/person\/image\/\",\"url\":\"https:\/\/secure.gravatar.com\/avatar\/edb7ccdf1a4e3d14aef967760d354d0e?s=96&r=g\",\"contentUrl\":\"https:\/\/secure.gravatar.com\/avatar\/edb7ccdf1a4e3d14aef967760d354d0e?s=96&r=g\",\"caption\":\"N.S Carideal\"},\"description\":\"Depuis tout petit fan d'automobile. Il est question d'essayer et de comparer toutes ces voitures qui nous ont fait r\u00e9ver, avant que celles-ci ne devient uniquement des voitures de collection.\",\"sameAs\":[\"http:\/\/www.carideal.com\/blog\",\"https:\/\/www.facebook.com\/Carideal.mandataire.automobile\/\",\"https:\/\/www.linkedin.com\/in\/nschiavon\/\",\"https:\/\/www.youtube.com\/user\/caridealsas\/\"],\"url\":\"https:\/\/www.carideal.com\/blog\/author\/admin_carideal\/\"}]}<\/script>\n<!-- \/ Yoast SEO plugin. -->","yoast_head_json":{"title":"La vid\u00e9o de la pr\u00e9sentation de la Citroen DS5 \u00e0 Schanghai - Blog auto Carid\u00e9al","description":"La vid\u00e9o de la pr\u00e9sentation de la Citroen DS5 \u00e0 Schanghai. Citroen A construit une structure d'exposition sp\u00e9ciale pour pr\u00e9senter sa DS5","robots":{"index":"index","follow":"follow","max-snippet":"max-snippet:-1","max-image-preview":"max-image-preview:large","max-video-preview":"max-video-preview:-1"},"canonical":"https:\/\/www.carideal.com\/blog\/2011\/04\/18\/la-video-de-la-presentation-de-la-citroen-ds5-a-schanghai\/","og_locale":"fr_FR","og_type":"article","og_title":"La vid\u00e9o de la pr\u00e9sentation de la Citroen DS5 \u00e0 Schanghai - Blog auto Carid\u00e9al","og_description":"La vid\u00e9o de la pr\u00e9sentation de la Citroen DS5 \u00e0 Schanghai. Citroen A construit une structure d'exposition sp\u00e9ciale pour pr\u00e9senter sa DS5","og_url":"https:\/\/www.carideal.com\/blog\/2011\/04\/18\/la-video-de-la-presentation-de-la-citroen-ds5-a-schanghai\/","og_site_name":"Blog auto Carid\u00e9al","article_publisher":"https:\/\/www.facebook.com\/Carideal.mandataire.automobile","article_author":"https:\/\/www.facebook.com\/Carideal.mandataire.automobile\/","article_published_time":"2011-04-18T13:37:00+00:00","article_modified_time":"2020-03-07T19:21:30+00:00","og_image":[{"width":420,"height":297,"url":"https:\/\/www.carideal.com\/blog\/wp-content\/uploads\/2011\/04\/citroen_ds5_carideal.jpg","type":"image\/jpeg"}],"author":"N.S Carideal","twitter_card":"summary_large_image","twitter_creator":"@caridealauto","twitter_site":"@caridealauto","twitter_misc":{"\u00c9crit par":"N.S Carideal","Dur\u00e9e de lecture estim\u00e9e":"4 minutes"},"schema":{"@context":"https:\/\/schema.org","@graph":[{"@type":"Article","@id":"https:\/\/www.carideal.com\/blog\/2011\/04\/18\/la-video-de-la-presentation-de-la-citroen-ds5-a-schanghai\/#article","isPartOf":{"@id":"https:\/\/www.carideal.com\/blog\/2011\/04\/18\/la-video-de-la-presentation-de-la-citroen-ds5-a-schanghai\/"},"author":{"name":"N.S Carideal","@id":"https:\/\/www.carideal.com\/blog\/#\/schema\/person\/985c7e757d1042d647f21bfaf8d41ebc"},"headline":"La vid\u00e9o de la pr\u00e9sentation de la Citroen DS5 \u00e0 Schanghai","datePublished":"2011-04-18T13:37:00+00:00","dateModified":"2020-03-07T19:21:30+00:00","mainEntityOfPage":{"@id":"https:\/\/www.carideal.com\/blog\/2011\/04\/18\/la-video-de-la-presentation-de-la-citroen-ds5-a-schanghai\/"},"wordCount":736,"commentCount":0,"publisher":{"@id":"https:\/\/www.carideal.com\/blog\/#organization"},"image":{"@id":"https:\/\/www.carideal.com\/blog\/2011\/04\/18\/la-video-de-la-presentation-de-la-citroen-ds5-a-schanghai\/#primaryimage"},"thumbnailUrl":"https:\/\/www.carideal.com\/blog\/wp-content\/uploads\/2011\/04\/citroen_ds5_carideal.jpg","keywords":["Hybrid4"],"articleSection":["Actualit\u00e9 Constructeur automobile","Actualit\u00e9 DS","Vid\u00e9o voiture : vid\u00e9o automobile"],"inLanguage":"fr-FR","potentialAction":[{"@type":"CommentAction","name":"Comment","target":["https:\/\/www.carideal.com\/blog\/2011\/04\/18\/la-video-de-la-presentation-de-la-citroen-ds5-a-schanghai\/#respond"]}]},{"@type":"WebPage","@id":"https:\/\/www.carideal.com\/blog\/2011\/04\/18\/la-video-de-la-presentation-de-la-citroen-ds5-a-schanghai\/","url":"https:\/\/www.carideal.com\/blog\/2011\/04\/18\/la-video-de-la-presentation-de-la-citroen-ds5-a-schanghai\/","name":"La vid\u00e9o de la pr\u00e9sentation de la Citroen DS5 \u00e0 Schanghai - Blog auto Carid\u00e9al","isPartOf":{"@id":"https:\/\/www.carideal.com\/blog\/#website"},"primaryImageOfPage":{"@id":"https:\/\/www.carideal.com\/blog\/2011\/04\/18\/la-video-de-la-presentation-de-la-citroen-ds5-a-schanghai\/#primaryimage"},"image":{"@id":"https:\/\/www.carideal.com\/blog\/2011\/04\/18\/la-video-de-la-presentation-de-la-citroen-ds5-a-schanghai\/#primaryimage"},"thumbnailUrl":"https:\/\/www.carideal.com\/blog\/wp-content\/uploads\/2011\/04\/citroen_ds5_carideal.jpg","datePublished":"2011-04-18T13:37:00+00:00","dateModified":"2020-03-07T19:21:30+00:00","description":"La vid\u00e9o de la pr\u00e9sentation de la Citroen DS5 \u00e0 Schanghai. Citroen A construit une structure d'exposition sp\u00e9ciale pour pr\u00e9senter sa DS5","breadcrumb":{"@id":"https:\/\/www.carideal.com\/blog\/2011\/04\/18\/la-video-de-la-presentation-de-la-citroen-ds5-a-schanghai\/#breadcrumb"},"inLanguage":"fr-FR","potentialAction":[{"@type":"ReadAction","target":["https:\/\/www.carideal.com\/blog\/2011\/04\/18\/la-video-de-la-presentation-de-la-citroen-ds5-a-schanghai\/"]}]},{"@type":"ImageObject","inLanguage":"fr-FR","@id":"https:\/\/www.carideal.com\/blog\/2011\/04\/18\/la-video-de-la-presentation-de-la-citroen-ds5-a-schanghai\/#primaryimage","url":"https:\/\/www.carideal.com\/blog\/wp-content\/uploads\/2011\/04\/citroen_ds5_carideal.jpg","contentUrl":"https:\/\/www.carideal.com\/blog\/wp-content\/uploads\/2011\/04\/citroen_ds5_carideal.jpg","width":420,"height":297,"caption":"La vid\u00e9o de la pr\u00e9sentation de la Citroen DS5 \u00e0 Schanghai"},{"@type":"BreadcrumbList","@id":"https:\/\/www.carideal.com\/blog\/2011\/04\/18\/la-video-de-la-presentation-de-la-citroen-ds5-a-schanghai\/#breadcrumb","itemListElement":[{"@type":"ListItem","position":1,"name":"Blog Carid\u00e9al","item":"https:\/\/www.carideal.com\/blog\/"},{"@type":"ListItem","position":2,"name":"Actualit\u00e9 constructeur automobile","item":"https:\/\/www.carideal.com\/blog\/constructeur\/"},{"@type":"ListItem","position":3,"name":"Actualit\u00e9 DS","item":"https:\/\/www.carideal.com\/blog\/constructeur\/ds\/"},{"@type":"ListItem","position":4,"name":"La vid\u00e9o de la pr\u00e9sentation de la Citroen DS5 \u00e0 Schanghai"}]},{"@type":"WebSite","@id":"https:\/\/www.carideal.com\/blog\/#website","url":"https:\/\/www.carideal.com\/blog\/","name":"Blog auto Carid\u00e9al","description":"Actualit\u00e9 auto par des passionn\u00e9s","publisher":{"@id":"https:\/\/www.carideal.com\/blog\/#organization"},"potentialAction":[{"@type":"SearchAction","target":{"@type":"EntryPoint","urlTemplate":"https:\/\/www.carideal.com\/blog\/?s={search_term_string}"},"query-input":{"@type":"PropertyValueSpecification","valueRequired":true,"valueName":"search_term_string"}}],"inLanguage":"fr-FR"},{"@type":"Organization","@id":"https:\/\/www.carideal.com\/blog\/#organization","name":"Carideal","url":"https:\/\/www.carideal.com\/blog\/","logo":{"@type":"ImageObject","inLanguage":"fr-FR","@id":"https:\/\/www.carideal.com\/blog\/#\/schema\/logo\/image\/","url":"http:\/\/www.carideal.com\/blog\/wp-content\/uploads\/2016\/03\/logo-carideal-mandataire-automobile.png","contentUrl":"http:\/\/www.carideal.com\/blog\/wp-content\/uploads\/2016\/03\/logo-carideal-mandataire-automobile.png","width":300,"height":300,"caption":"Carideal"},"image":{"@id":"https:\/\/www.carideal.com\/blog\/#\/schema\/logo\/image\/"},"sameAs":["https:\/\/www.facebook.com\/Carideal.mandataire.automobile","https:\/\/x.com\/caridealauto","https:\/\/www.instagram.com\/carideal1\/","https:\/\/www.linkedin.com\/company\/carideal.com","https:\/\/fr.pinterest.com\/schiavonsas\/","https:\/\/www.youtube.com\/user\/caridealsas"]},{"@type":"Person","@id":"https:\/\/www.carideal.com\/blog\/#\/schema\/person\/985c7e757d1042d647f21bfaf8d41ebc","name":"N.S Carideal","image":{"@type":"ImageObject","inLanguage":"fr-FR","@id":"https:\/\/www.carideal.com\/blog\/#\/schema\/person\/image\/","url":"https:\/\/secure.gravatar.com\/avatar\/edb7ccdf1a4e3d14aef967760d354d0e?s=96&r=g","contentUrl":"https:\/\/secure.gravatar.com\/avatar\/edb7ccdf1a4e3d14aef967760d354d0e?s=96&r=g","caption":"N.S Carideal"},"description":"Depuis tout petit fan d'automobile. Il est question d'essayer et de comparer toutes ces voitures qui nous ont fait r\u00e9ver, avant que celles-ci ne devient uniquement des voitures de collection.","sameAs":["http:\/\/www.carideal.com\/blog","https:\/\/www.facebook.com\/Carideal.mandataire.automobile\/","https:\/\/www.linkedin.com\/in\/nschiavon\/","https:\/\/www.youtube.com\/user\/caridealsas\/"],"url":"https:\/\/www.carideal.com\/blog\/author\/admin_carideal\/"}]}},"uagb_featured_image_src":{"full":["https:\/\/www.carideal.com\/blog\/wp-content\/uploads\/2011\/04\/citroen_ds5_carideal.jpg",420,297,false],"thumbnail":["https:\/\/www.carideal.com\/blog\/wp-content\/uploads\/2011\/04\/citroen_ds5_carideal-150x150.jpg",150,150,true],"medium":["https:\/\/www.carideal.com\/blog\/wp-content\/uploads\/2011\/04\/citroen_ds5_carideal-300x212.jpg",300,212,true],"medium_large":["https:\/\/www.carideal.com\/blog\/wp-content\/uploads\/2011\/04\/citroen_ds5_carideal.jpg",420,297,false],"large":["https:\/\/www.carideal.com\/blog\/wp-content\/uploads\/2011\/04\/citroen_ds5_carideal.jpg",420,297,false],"1536x1536":["https:\/\/www.carideal.com\/blog\/wp-content\/uploads\/2011\/04\/citroen_ds5_carideal.jpg",420,297,false],"2048x2048":["https:\/\/www.carideal.com\/blog\/wp-content\/uploads\/2011\/04\/citroen_ds5_carideal.jpg",420,297,false],"wppr-widget":["https:\/\/www.carideal.com\/blog\/wp-content\/uploads\/2011\/04\/citroen_ds5_carideal-50x35.jpg",50,35,true]},"uagb_author_info":{"display_name":"N.S Carideal","author_link":"https:\/\/www.carideal.com\/blog\/author\/admin_carideal\/"},"uagb_comment_info":0,"uagb_excerpt":"La vid\u00e9o de la pr\u00e9sentation de la Citroen DS5 \u00e0 Schanghai Ou on apprend dans cette vid\u00e9o que Citroen s'est inspir\u00e9 de l'a\u00e9ronautique pour le design de cette DS5, qui est une version Hybrid4, avec 4 roues motrices. Le cockpit de la voiture devrait nous faire penser \u00e0 celui d'un avion. Nouvelle tr\u00e8s importante, La\u2026","_links":{"self":[{"href":"https:\/\/www.carideal.com\/blog\/wp-json\/wp\/v2\/posts\/952"}],"collection":[{"href":"https:\/\/www.carideal.com\/blog\/wp-json\/wp\/v2\/posts"}],"about":[{"href":"https:\/\/www.carideal.com\/blog\/wp-json\/wp\/v2\/types\/post"}],"author":[{"embeddable":true,"href":"https:\/\/www.carideal.com\/blog\/wp-json\/wp\/v2\/users\/1"}],"replies":[{"embeddable":true,"href":"https:\/\/www.carideal.com\/blog\/wp-json\/wp\/v2\/comments?post=952"}],"version-history":[{"count":0,"href":"https:\/\/www.carideal.com\/blog\/wp-json\/wp\/v2\/posts\/952\/revisions"}],"wp:featuredmedia":[{"embeddable":true,"href":"https:\/\/www.carideal.com\/blog\/wp-json\/wp\/v2\/media\/19296"}],"wp:attachment":[{"href":"https:\/\/www.carideal.com\/blog\/wp-json\/wp\/v2\/media?parent=952"}],"wp:term":[{"taxonomy":"category","embeddable":true,"href":"https:\/\/www.carideal.com\/blog\/wp-json\/wp\/v2\/categories?post=952"},{"taxonomy":"post_tag","embeddable":true,"href":"https:\/\/www.carideal.com\/blog\/wp-json\/wp\/v2\/tags?post=952"}],"curies":[{"name":"wp","href":"https:\/\/api.w.org\/{rel}","templated":true}]}}