{"id":9492,"date":"2016-02-14T17:57:57","date_gmt":"2016-02-14T16:57:57","guid":{"rendered":"http:\/\/www.carideal.com\/blog\/?p=9492"},"modified":"2020-03-08T18:02:33","modified_gmt":"2020-03-08T17:02:33","slug":"le-suv-skoda-kodiac","status":"publish","type":"post","link":"https:\/\/www.carideal.com\/blog\/2016\/02\/14\/le-suv-skoda-kodiac\/","title":{"rendered":"Le SUV Skoda Kodiaq en octobre"},"content":{"rendered":"<h1>Le SUV Skoda Kodiaq sortira en octobre 2016<\/h1>\n<figure id=\"attachment_9493\" aria-describedby=\"caption-attachment-9493\" style=\"width: 290px\" class=\"wp-caption alignleft\"><a href=\"http:\/\/www.carideal.com\/blog\/wp-content\/uploads\/2016\/02\/Skoda-Kodiak-2016.jpg\"><img loading=\"lazy\" decoding=\"async\" class=\"wp-image-9493 size-medium\" title=\"Skoda Kodiaq\" src=\"http:\/\/www.carideal.com\/blog\/wp-content\/uploads\/2016\/02\/Skoda-Kodiak-2016-300x211.jpg\" alt=\"Skoda Kodiaq\" width=\"300\" height=\"211\" srcset=\"https:\/\/www.carideal.com\/blog\/wp-content\/uploads\/2016\/02\/Skoda-Kodiak-2016-300x211.jpg 300w, https:\/\/www.carideal.com\/blog\/wp-content\/uploads\/2016\/02\/Skoda-Kodiak-2016-624x439.jpg 624w, https:\/\/www.carideal.com\/blog\/wp-content\/uploads\/2016\/02\/Skoda-Kodiak-2016.jpg 700w\" sizes=\"(max-width: 300px) 100vw, 300px\" \/><\/a><figcaption id=\"caption-attachment-9493\" class=\"wp-caption-text\">Skoda Kodiaq 2016<\/figcaption><\/figure>\n<p>La folie des SUV gagne aussi le constructeur tch\u00e8que <span style=\"text-decoration: underline;\">Skoda<\/span> . \u00c0 tel point que le nouveau <span style=\"text-decoration: underline;\">Roomster<\/span>,\u00a0un\u00a0<span style=\"text-decoration: underline;\">Volkswagen Caddy<\/span> rebadg\u00e9, est pass\u00e9 \u00e0 la trappe alors qu'il \u00e9tait pr\u00eat \u00e0 prendre la route. D\u00e8s cette ann\u00e9e, Skoda passera \u00e0 l'offensive sur le segment lucratif des <span style=\"text-decoration: underline;\"><a href=\"http:\/\/www.carideal.com\/blog\/2015\/03\/23\/le-mache-des-suv-prospere\/\">SUV<\/a><\/span>. Skoda\u00a0d\u00e9voilera ses intentions au salon de Gen\u00e8ve en pr\u00e9sentant un concept-car qui pr\u00e9figure le Skoda Kodiaq (le plus grand des ours bruns). Il s'agira d'un grand SUV \u00e0 sept places. Celui-ci, pr\u00e9sent\u00e9 dans sa version d\u00e9finitive au Mondial de Paris en octobre pro\u00adchain, sera bas\u00e9 sur la plateforme MQB allong\u00e9e du futur <span style=\"text-decoration: underline;\">Volkswagen Tiguan<\/span> \u00e0 7 places, annonc\u00e9 pour d\u00e9but\u00a02017. Viendra ensuite pour Skoda le rempla\u00e7ant du Yeti en 2017 ainsi qu'un SUV urbain en 2018. Enfin, un SUV coup\u00e9 est \u00e9galement au programme.<\/p>\n<h2>Les dimensions du Skoda Kodiaq<\/h2>\n<p>Skoda a annonc\u00e9 que son Kodiaq mesurera 4.70 m de long, soit\u00a03 cm de plus que le <span style=\"text-decoration: underline;\"><a href=\"http:\/\/www.carideal.com\/blog\/2016\/02\/14\/le-renault-koleos-2016-revient-en-decembre\/\">nouveau Renault Koleos<\/a><\/span>. La diff\u00e9rence entre les deux sera le nombre de passagers embarqu\u00e9s : le Skoda Kodiaq existera en 7 places. La troisi\u00e8me rang\u00e9e sera vendue en option. La sersion 5 places pourra offrir jusque 2065 litres de volulme de coffre : un record dans cette cat\u00e9gorie !<\/p>\n<h2>Les motorisations du Skoda Kodiaq<\/h2>\n<p>Vous aurrez le choix entre cinq moteurs au lancement du Skoda Kodiaq. Trois essences TSI jusque 180 ch et deux Diesel TDI. Tous les moteurs pourront \u00eatre associ\u00e9s soit \u00e0 une boite m\u00e9canique soit \u00e0 une boite automatique \u00e0 double embrayage DSG. La transmission quatre roues motrices sera aussi disponible avec un s\u00e9lecteur de mode de conduite. Le parametrage interviendra alors sur la direction, les suspension ou l'acc\u00e9l\u00e9rateur. Les version 4x4 auront droit \u00e0 un mode tout-terrain.<\/p>\n<p>La gamme des moteurs mettra en vedette des moteurs familiers du groupe <span style=\"text-decoration: underline;\">Volkswagen<\/span>, pr\u00e9vu pour commencer avec un turbo essence de 1,4 litres. Le moteur de base sera diesel, un 2.0 litres ou un 1.6 diff\u00e9remment configur\u00e9 y-compris le 237\u00a0ch\u00a0bi-turbodiesel de la <span style=\"text-decoration: underline;\">Volkswagen Passat<\/span>. Le Skoda Kodiaq sera propos\u00e9 en traction avant et en\u00a0quatre roues motrices, avec une bo\u00eete manuelle \u00e0 six vitesses ou sept vitesses \u00e0 double embrayage automatique.<br \/>\nIl y aura aussi une \u00e9dition Sportline inspir\u00e9e par motorsport, et une version Scout avec plus protections de carroserie\u00a0et un style robuste.<\/p>\n<h2>Un Concept Skoda Kodiaq Hybride pour Gen\u00e8ve<\/h2>\n<p>Le concept-car de Gen\u00e8ve est bas\u00e9 groupe motopropulseur hybride \u00e0 quatre roues motrices essence-\u00e9lectrique avec un moteur de 154 ch essence de 1,4 litre TSI accoupl\u00e9 \u00e0 un moteur \u00e9lectrique de 54 ch et une bo\u00eete de vitesses automatique \u00e0 six vitesses DSG. Un second moteur \u00e9lectrique sur l'essieu arri\u00e8re peut fournir une puissance totale de 114 ch. Quand les deux moteurs \u00e9lectriques travaillent en tandem avec le moteur thermique, la puissance total du groupe motopropulseur est de 222 ch. Le concept Skoda Kodiac Hybride\u00a0peut atteindre 0\u00a0\u00e0\u00a0100 km \/ h en 7,4 secondes, mais il \u00e9met seulement que 45g km de\u00a0CO2.<\/p>\n<p>Son autonomie en mode \u00e9lectrique n'ets que de\u00a050 kilom\u00e8tres. Cela signifie que la production du Skoda Kodiaq pourrait reprendre, de mani\u00e8re r\u00e9aliste, la m\u00eame solution technique\u00a0que la prochaine VW Tigua GTE. Cependant, il n'a pas encore \u00e9t\u00e9 confirm\u00e9e pour la production.<\/p>\n<h2>Le Skoda Kodiaq \u00e0 vivre<\/h2>\n<p>Le Skoda Kodiaq sera \u00e9quip\u00e9e d'astuce de mani\u00e8re \u00e0 rendre la vie de tous les jours plus facille. Il y aura des protection de porti\u00e8res \u00e0 d\u00e9ploiement automatique \u00e0 l'ouverture afin d'\u00e9viter les chocs. Le Skoda Kodiac sera \u00e9quip\u00e9 des terni\u00e8res technologies : vision \u00e0 360\u00b0, freinage d'urgence, d\u00e9tection des pi\u00e9tons, park assist avec une remorque accroch\u00e9e etc. Le Kodiac sera aussi une <span style=\"text-decoration: underline;\"><a href=\"http:\/\/www.carideal.com\/blog\/2014\/03\/26\/les-six-grands-acteurs-de-la-voiture-connectee\/\">voiture connect\u00e9e<\/a><\/span> en proposant internet, borne wi-fi sur certaines versions.<\/p>\n<h2>Kodiaq la plus grosse Skoda<\/h2>\n<p>Le Constructeur tch\u00e8que Skoda lancera son plus gros mod\u00e8le cette ann\u00e9e, le SUV Kodiaq. Il s'agira d'un\u00a0mod\u00e8le \u00e0 sept places qui devrait \u00eatre r\u00e9v\u00e9l\u00e9e au\u00a0salon de l'auto \u00e0 Paris cette ann\u00e9e. Jusque-l\u00e0, le Skoda Kodiaq est encore soumis \u00e0 des tests, la preuve en vid\u00e9o sur la difficile\u00a0piste du N\u00fcrburing. Le but \u00e9tant que les ing\u00e9nieurs mettent la touche finale en faisant des essais de derni\u00e8re minute avant la mis en production du Skoda Kodiaq.<\/p>\n<p>Consid\u00e9rant que Skoda a d\u00e9j\u00e0 d\u00e9voil\u00e9 le Concept Vision S cette ann\u00e9e lors d'une pr\u00e9sentation et a annonc\u00e9 sa production pour\u00a0la fin de 2016, il est\u00a0surprenant que le prototype soit\u00a0encore recouvert de camouflage sur sa carrosserie\u00a0.<br \/>\nMais m\u00eame avec cela il est clairement visible que la calandre sera similaire \u00e0 celle des lancements r\u00e9cents de la gamme Skoda. Elles reprennent les\u00a0formes que le Concept Vision S a d\u00e9j\u00e0 r\u00e9v\u00e9l\u00e9. Ce n'est pas la premi\u00e8re fois que Skoda r\u00e9velle\u00a0un concept car, puis lance le\u00a0mod\u00e8le en\u00a0production quasiment\u00a0identique quelques mois plus tard.<\/p>\n<h2>Pourquoi Skoda Kodiaq ?<\/h2>\n<p>Skoda a appel\u00e9 son nouveau SUV Kodiaq apr\u00e8s des recherches approfondies. Le constructeur automobile tch\u00e8que a d\u00e9couvert un endroit appel\u00e9 l'\u00eele de Kodiak,\u00a0dont les\u00a0habitants indig\u00e8nes se noment\u00a0Alutiiq. Ils ont appel\u00e9 l'ours de Kodiak, qui compte environ 3500 b\u00eates\u00a0sur l'\u00eele, \"Taq uka\u00a0aq,\". Le \"q\" \u00e0 la fin \u00e9tait typique pour les noms d'animaux dans la culture Alutiiq.<br \/>\nAu lieu de publier un communiqu\u00e9 de presse sur le sujet, Skoda a fait une (jeu de mots) vid\u00e9o intelligente o\u00f9 ils ont chang\u00e9 le nom de la ville de Kodiak dans le golfe de l'Alaska pour une journ\u00e9e.<br \/>\nLe Skoda Kodiac 2016 sera commercialis\u00e9 en Octobre 2016 pour un prix \u00e0 partir de 31 000 \u20ac.<\/p>\n<h2>Skoda Kodiaq: vid\u00e9o espion du nouveau SUV au\u00a0Nurburgring<\/h2>\n<p><iframe loading=\"lazy\" src=\"https:\/\/www.youtube.com\/embed\/msj2-7ciEGI\" width=\"560\" height=\"315\" frameborder=\"0\" allowfullscreen=\"allowfullscreen\"><\/iframe><\/p>\n","protected":false},"excerpt":{"rendered":"<p>Le SUV Skoda Kodiaq sortira en octobre 2016 La folie des SUV gagne aussi le constructeur tch\u00e8que Skoda . \u00c0 tel point que le nouveau Roomster,\u00a0un\u00a0Volkswagen Caddy rebadg\u00e9, est pass\u00e9 \u00e0 la trappe alors qu&rsquo;il \u00e9tait pr\u00eat \u00e0 prendre la route. D\u00e8s cette ann\u00e9e, Skoda passera \u00e0 l&rsquo;offensive sur le segment lucratif des SUV. Skoda\u00a0d\u00e9voilera &#8230; <a title=\"Le SUV Skoda Kodiaq en octobre\" class=\"read-more\" href=\"https:\/\/www.carideal.com\/blog\/2016\/02\/14\/le-suv-skoda-kodiac\/\" aria-label=\"En savoir plus sur Le SUV Skoda Kodiaq en octobre\">Lire plus<\/a><\/p>\n","protected":false},"author":3,"featured_media":0,"comment_status":"open","ping_status":"open","sticky":false,"template":"","format":"standard","meta":{"_uag_custom_page_level_css":"","_themeisle_gutenberg_block_has_review":false,"footnotes":""},"categories":[21,5944,5949,5975,5972,6097,6010,5974,18],"tags":[3868],"class_list":["post-9492","post","type-post","status-publish","format-standard","hentry","category-actualites-auto","category-constructeur","category-skoda","category-concept-car","category-salons","category-salon-de-geneve","category-suv","category-type-de-vehicule","category-videos","tag-voiture-connectee"],"wppr_data":[],"yoast_head":"<!-- This site is optimized with the Yoast SEO plugin v24.8.1 - https:\/\/yoast.com\/wordpress\/plugins\/seo\/ -->\n<title>Le SUV Skoda Kodiaq en octobre - Blog auto Carid\u00e9al<\/title>\n<meta name=\"description\" content=\"Le SUV Skoda Kodiaq sortira en Octobre 2016 un grand SUV \u00e0 sept places sera present\u00e9 au mondial de l&#039;automobile \u00e0 Paris avant sa commercialisation\" \/>\n<meta name=\"robots\" content=\"index, follow, max-snippet:-1, max-image-preview:large, max-video-preview:-1\" \/>\n<link rel=\"canonical\" href=\"https:\/\/www.carideal.com\/blog\/2016\/02\/14\/le-suv-skoda-kodiac\/\" \/>\n<meta property=\"og:locale\" content=\"fr_FR\" \/>\n<meta property=\"og:type\" content=\"article\" \/>\n<meta property=\"og:title\" content=\"Le SUV Skoda Kodiaq en octobre - Blog auto Carid\u00e9al\" \/>\n<meta property=\"og:description\" content=\"Le SUV Skoda Kodiaq sortira en Octobre 2016 un grand SUV \u00e0 sept places sera present\u00e9 au mondial de l&#039;automobile \u00e0 Paris avant sa commercialisation\" \/>\n<meta property=\"og:url\" content=\"https:\/\/www.carideal.com\/blog\/2016\/02\/14\/le-suv-skoda-kodiac\/\" \/>\n<meta property=\"og:site_name\" content=\"Blog auto Carid\u00e9al\" \/>\n<meta property=\"article:publisher\" content=\"https:\/\/www.facebook.com\/Carideal.mandataire.automobile\" \/>\n<meta property=\"article:author\" content=\"https:\/\/www.facebook.com\/nicolas.schiavon.39\" \/>\n<meta property=\"article:published_time\" content=\"2016-02-14T16:57:57+00:00\" \/>\n<meta property=\"article:modified_time\" content=\"2020-03-08T17:02:33+00:00\" \/>\n<meta property=\"og:image\" content=\"http:\/\/www.carideal.com\/blog\/wp-content\/uploads\/2016\/02\/Skoda-Kodiak-2016-300x211.jpg\" \/>\n<meta name=\"author\" content=\"Nicolas SCHIAVON\" \/>\n<meta name=\"twitter:card\" content=\"summary_large_image\" \/>\n<meta name=\"twitter:creator\" content=\"@caridealauto\" \/>\n<meta name=\"twitter:site\" content=\"@caridealauto\" \/>\n<meta name=\"twitter:label1\" content=\"\u00c9crit par\" \/>\n\t<meta name=\"twitter:data1\" content=\"Nicolas SCHIAVON\" \/>\n\t<meta name=\"twitter:label2\" content=\"Dur\u00e9e de lecture estim\u00e9e\" \/>\n\t<meta name=\"twitter:data2\" content=\"5 minutes\" \/>\n<script type=\"application\/ld+json\" class=\"yoast-schema-graph\">{\"@context\":\"https:\/\/schema.org\",\"@graph\":[{\"@type\":\"Article\",\"@id\":\"https:\/\/www.carideal.com\/blog\/2016\/02\/14\/le-suv-skoda-kodiac\/#article\",\"isPartOf\":{\"@id\":\"https:\/\/www.carideal.com\/blog\/2016\/02\/14\/le-suv-skoda-kodiac\/\"},\"author\":{\"name\":\"Nicolas SCHIAVON\",\"@id\":\"https:\/\/www.carideal.com\/blog\/#\/schema\/person\/cd95dc7919660de90d31b366f85be1ec\"},\"headline\":\"Le SUV Skoda Kodiaq en octobre\",\"datePublished\":\"2016-02-14T16:57:57+00:00\",\"dateModified\":\"2020-03-08T17:02:33+00:00\",\"mainEntityOfPage\":{\"@id\":\"https:\/\/www.carideal.com\/blog\/2016\/02\/14\/le-suv-skoda-kodiac\/\"},\"wordCount\":968,\"commentCount\":0,\"publisher\":{\"@id\":\"https:\/\/www.carideal.com\/blog\/#organization\"},\"image\":{\"@id\":\"https:\/\/www.carideal.com\/blog\/2016\/02\/14\/le-suv-skoda-kodiac\/#primaryimage\"},\"thumbnailUrl\":\"http:\/\/www.carideal.com\/blog\/wp-content\/uploads\/2016\/02\/Skoda-Kodiak-2016-300x211.jpg\",\"keywords\":[\"Voiture connect\u00e9e\"],\"articleSection\":[\"Actualit\u00e9 automobile\",\"Actualit\u00e9 Constructeur automobile\",\"Actualit\u00e9 Skoda\",\"Concept car\",\"Salon automobile\",\"Salon de Gen\u00e8ve\",\"SUV\",\"Type de v\u00e9hicule\",\"Vid\u00e9o voiture : vid\u00e9o automobile\"],\"inLanguage\":\"fr-FR\",\"potentialAction\":[{\"@type\":\"CommentAction\",\"name\":\"Comment\",\"target\":[\"https:\/\/www.carideal.com\/blog\/2016\/02\/14\/le-suv-skoda-kodiac\/#respond\"]}]},{\"@type\":\"WebPage\",\"@id\":\"https:\/\/www.carideal.com\/blog\/2016\/02\/14\/le-suv-skoda-kodiac\/\",\"url\":\"https:\/\/www.carideal.com\/blog\/2016\/02\/14\/le-suv-skoda-kodiac\/\",\"name\":\"Le SUV Skoda Kodiaq en octobre - Blog auto Carid\u00e9al\",\"isPartOf\":{\"@id\":\"https:\/\/www.carideal.com\/blog\/#website\"},\"primaryImageOfPage\":{\"@id\":\"https:\/\/www.carideal.com\/blog\/2016\/02\/14\/le-suv-skoda-kodiac\/#primaryimage\"},\"image\":{\"@id\":\"https:\/\/www.carideal.com\/blog\/2016\/02\/14\/le-suv-skoda-kodiac\/#primaryimage\"},\"thumbnailUrl\":\"http:\/\/www.carideal.com\/blog\/wp-content\/uploads\/2016\/02\/Skoda-Kodiak-2016-300x211.jpg\",\"datePublished\":\"2016-02-14T16:57:57+00:00\",\"dateModified\":\"2020-03-08T17:02:33+00:00\",\"description\":\"Le SUV Skoda Kodiaq sortira en Octobre 2016 un grand SUV \u00e0 sept places sera present\u00e9 au mondial de l'automobile \u00e0 Paris avant sa commercialisation\",\"breadcrumb\":{\"@id\":\"https:\/\/www.carideal.com\/blog\/2016\/02\/14\/le-suv-skoda-kodiac\/#breadcrumb\"},\"inLanguage\":\"fr-FR\",\"potentialAction\":[{\"@type\":\"ReadAction\",\"target\":[\"https:\/\/www.carideal.com\/blog\/2016\/02\/14\/le-suv-skoda-kodiac\/\"]}]},{\"@type\":\"ImageObject\",\"inLanguage\":\"fr-FR\",\"@id\":\"https:\/\/www.carideal.com\/blog\/2016\/02\/14\/le-suv-skoda-kodiac\/#primaryimage\",\"url\":\"http:\/\/www.carideal.com\/blog\/wp-content\/uploads\/2016\/02\/Skoda-Kodiak-2016-300x211.jpg\",\"contentUrl\":\"http:\/\/www.carideal.com\/blog\/wp-content\/uploads\/2016\/02\/Skoda-Kodiak-2016-300x211.jpg\"},{\"@type\":\"BreadcrumbList\",\"@id\":\"https:\/\/www.carideal.com\/blog\/2016\/02\/14\/le-suv-skoda-kodiac\/#breadcrumb\",\"itemListElement\":[{\"@type\":\"ListItem\",\"position\":1,\"name\":\"Blog Carid\u00e9al\",\"item\":\"https:\/\/www.carideal.com\/blog\/\"},{\"@type\":\"ListItem\",\"position\":2,\"name\":\"Actualit\u00e9 automobile\",\"item\":\"https:\/\/www.carideal.com\/blog\/actualites-auto\/\"},{\"@type\":\"ListItem\",\"position\":3,\"name\":\"Le SUV Skoda Kodiaq en octobre\"}]},{\"@type\":\"WebSite\",\"@id\":\"https:\/\/www.carideal.com\/blog\/#website\",\"url\":\"https:\/\/www.carideal.com\/blog\/\",\"name\":\"Blog auto Carid\u00e9al\",\"description\":\"Actualit\u00e9 auto par des passionn\u00e9s\",\"publisher\":{\"@id\":\"https:\/\/www.carideal.com\/blog\/#organization\"},\"potentialAction\":[{\"@type\":\"SearchAction\",\"target\":{\"@type\":\"EntryPoint\",\"urlTemplate\":\"https:\/\/www.carideal.com\/blog\/?s={search_term_string}\"},\"query-input\":{\"@type\":\"PropertyValueSpecification\",\"valueRequired\":true,\"valueName\":\"search_term_string\"}}],\"inLanguage\":\"fr-FR\"},{\"@type\":\"Organization\",\"@id\":\"https:\/\/www.carideal.com\/blog\/#organization\",\"name\":\"Carideal\",\"url\":\"https:\/\/www.carideal.com\/blog\/\",\"logo\":{\"@type\":\"ImageObject\",\"inLanguage\":\"fr-FR\",\"@id\":\"https:\/\/www.carideal.com\/blog\/#\/schema\/logo\/image\/\",\"url\":\"http:\/\/www.carideal.com\/blog\/wp-content\/uploads\/2016\/03\/logo-carideal-mandataire-automobile.png\",\"contentUrl\":\"http:\/\/www.carideal.com\/blog\/wp-content\/uploads\/2016\/03\/logo-carideal-mandataire-automobile.png\",\"width\":300,\"height\":300,\"caption\":\"Carideal\"},\"image\":{\"@id\":\"https:\/\/www.carideal.com\/blog\/#\/schema\/logo\/image\/\"},\"sameAs\":[\"https:\/\/www.facebook.com\/Carideal.mandataire.automobile\",\"https:\/\/x.com\/caridealauto\",\"https:\/\/www.instagram.com\/carideal1\/\",\"https:\/\/www.linkedin.com\/company\/carideal.com\",\"https:\/\/fr.pinterest.com\/schiavonsas\/\",\"https:\/\/www.youtube.com\/user\/caridealsas\"]},{\"@type\":\"Person\",\"@id\":\"https:\/\/www.carideal.com\/blog\/#\/schema\/person\/cd95dc7919660de90d31b366f85be1ec\",\"name\":\"Nicolas SCHIAVON\",\"image\":{\"@type\":\"ImageObject\",\"inLanguage\":\"fr-FR\",\"@id\":\"https:\/\/www.carideal.com\/blog\/#\/schema\/person\/image\/\",\"url\":\"https:\/\/secure.gravatar.com\/avatar\/c17e55009e671d92cc7f5dc837dc418a?s=96&r=g\",\"contentUrl\":\"https:\/\/secure.gravatar.com\/avatar\/c17e55009e671d92cc7f5dc837dc418a?s=96&r=g\",\"caption\":\"Nicolas SCHIAVON\"},\"description\":\"Nicolas Schiavon est tomb\u00e9 tout petit dans la marmite automobile. Ayant eu un garage de marque automobile, mandataire automobile de la premi\u00e8re heure d\u00e8s 1999. Nicolas a cr\u00e9\u00e9 ces premiers sites de vente de voiture et blog automobile d\u00e8s 1994. Carideal est n\u00e9 le 15 d\u00e9cembre 2000 de la volont\u00e9 de vendre des voitures d'occasions en ligne puis des voitures neuves. Il a pu essayer beaucoup de voitures tr\u00e8s diff\u00e9rentes et ayant eu personnellement quelques belles autos, Subaru Impreza, Mitsubishi Lancer Evo 7, Porsche 911, Ferrari Testarrossa, Audi RS3, RS4 et j'en passe...\",\"sameAs\":[\"http:\/\/www.carideal.com\",\"https:\/\/www.facebook.com\/nicolas.schiavon.39\",\"https:\/\/www.instagram.com\/carideal1\/\",\"https:\/\/www.linkedin.com\/in\/nschiavon\/\",\"https:\/\/x.com\/caridealauto\",\"https:\/\/www.youtube.com\/user\/caridealsas\/\"],\"url\":\"https:\/\/www.carideal.com\/blog\/author\/nschiavon\/\"}]}<\/script>\n<!-- \/ Yoast SEO plugin. -->","yoast_head_json":{"title":"Le SUV Skoda Kodiaq en octobre - Blog auto Carid\u00e9al","description":"Le SUV Skoda Kodiaq sortira en Octobre 2016 un grand SUV \u00e0 sept places sera present\u00e9 au mondial de l'automobile \u00e0 Paris avant sa commercialisation","robots":{"index":"index","follow":"follow","max-snippet":"max-snippet:-1","max-image-preview":"max-image-preview:large","max-video-preview":"max-video-preview:-1"},"canonical":"https:\/\/www.carideal.com\/blog\/2016\/02\/14\/le-suv-skoda-kodiac\/","og_locale":"fr_FR","og_type":"article","og_title":"Le SUV Skoda Kodiaq en octobre - Blog auto Carid\u00e9al","og_description":"Le SUV Skoda Kodiaq sortira en Octobre 2016 un grand SUV \u00e0 sept places sera present\u00e9 au mondial de l'automobile \u00e0 Paris avant sa commercialisation","og_url":"https:\/\/www.carideal.com\/blog\/2016\/02\/14\/le-suv-skoda-kodiac\/","og_site_name":"Blog auto Carid\u00e9al","article_publisher":"https:\/\/www.facebook.com\/Carideal.mandataire.automobile","article_author":"https:\/\/www.facebook.com\/nicolas.schiavon.39","article_published_time":"2016-02-14T16:57:57+00:00","article_modified_time":"2020-03-08T17:02:33+00:00","og_image":[{"url":"http:\/\/www.carideal.com\/blog\/wp-content\/uploads\/2016\/02\/Skoda-Kodiak-2016-300x211.jpg","type":"","width":"","height":""}],"author":"Nicolas SCHIAVON","twitter_card":"summary_large_image","twitter_creator":"@caridealauto","twitter_site":"@caridealauto","twitter_misc":{"\u00c9crit par":"Nicolas SCHIAVON","Dur\u00e9e de lecture estim\u00e9e":"5 minutes"},"schema":{"@context":"https:\/\/schema.org","@graph":[{"@type":"Article","@id":"https:\/\/www.carideal.com\/blog\/2016\/02\/14\/le-suv-skoda-kodiac\/#article","isPartOf":{"@id":"https:\/\/www.carideal.com\/blog\/2016\/02\/14\/le-suv-skoda-kodiac\/"},"author":{"name":"Nicolas SCHIAVON","@id":"https:\/\/www.carideal.com\/blog\/#\/schema\/person\/cd95dc7919660de90d31b366f85be1ec"},"headline":"Le SUV Skoda Kodiaq en octobre","datePublished":"2016-02-14T16:57:57+00:00","dateModified":"2020-03-08T17:02:33+00:00","mainEntityOfPage":{"@id":"https:\/\/www.carideal.com\/blog\/2016\/02\/14\/le-suv-skoda-kodiac\/"},"wordCount":968,"commentCount":0,"publisher":{"@id":"https:\/\/www.carideal.com\/blog\/#organization"},"image":{"@id":"https:\/\/www.carideal.com\/blog\/2016\/02\/14\/le-suv-skoda-kodiac\/#primaryimage"},"thumbnailUrl":"http:\/\/www.carideal.com\/blog\/wp-content\/uploads\/2016\/02\/Skoda-Kodiak-2016-300x211.jpg","keywords":["Voiture connect\u00e9e"],"articleSection":["Actualit\u00e9 automobile","Actualit\u00e9 Constructeur automobile","Actualit\u00e9 Skoda","Concept car","Salon automobile","Salon de Gen\u00e8ve","SUV","Type de v\u00e9hicule","Vid\u00e9o voiture : vid\u00e9o automobile"],"inLanguage":"fr-FR","potentialAction":[{"@type":"CommentAction","name":"Comment","target":["https:\/\/www.carideal.com\/blog\/2016\/02\/14\/le-suv-skoda-kodiac\/#respond"]}]},{"@type":"WebPage","@id":"https:\/\/www.carideal.com\/blog\/2016\/02\/14\/le-suv-skoda-kodiac\/","url":"https:\/\/www.carideal.com\/blog\/2016\/02\/14\/le-suv-skoda-kodiac\/","name":"Le SUV Skoda Kodiaq en octobre - Blog auto Carid\u00e9al","isPartOf":{"@id":"https:\/\/www.carideal.com\/blog\/#website"},"primaryImageOfPage":{"@id":"https:\/\/www.carideal.com\/blog\/2016\/02\/14\/le-suv-skoda-kodiac\/#primaryimage"},"image":{"@id":"https:\/\/www.carideal.com\/blog\/2016\/02\/14\/le-suv-skoda-kodiac\/#primaryimage"},"thumbnailUrl":"http:\/\/www.carideal.com\/blog\/wp-content\/uploads\/2016\/02\/Skoda-Kodiak-2016-300x211.jpg","datePublished":"2016-02-14T16:57:57+00:00","dateModified":"2020-03-08T17:02:33+00:00","description":"Le SUV Skoda Kodiaq sortira en Octobre 2016 un grand SUV \u00e0 sept places sera present\u00e9 au mondial de l'automobile \u00e0 Paris avant sa commercialisation","breadcrumb":{"@id":"https:\/\/www.carideal.com\/blog\/2016\/02\/14\/le-suv-skoda-kodiac\/#breadcrumb"},"inLanguage":"fr-FR","potentialAction":[{"@type":"ReadAction","target":["https:\/\/www.carideal.com\/blog\/2016\/02\/14\/le-suv-skoda-kodiac\/"]}]},{"@type":"ImageObject","inLanguage":"fr-FR","@id":"https:\/\/www.carideal.com\/blog\/2016\/02\/14\/le-suv-skoda-kodiac\/#primaryimage","url":"http:\/\/www.carideal.com\/blog\/wp-content\/uploads\/2016\/02\/Skoda-Kodiak-2016-300x211.jpg","contentUrl":"http:\/\/www.carideal.com\/blog\/wp-content\/uploads\/2016\/02\/Skoda-Kodiak-2016-300x211.jpg"},{"@type":"BreadcrumbList","@id":"https:\/\/www.carideal.com\/blog\/2016\/02\/14\/le-suv-skoda-kodiac\/#breadcrumb","itemListElement":[{"@type":"ListItem","position":1,"name":"Blog Carid\u00e9al","item":"https:\/\/www.carideal.com\/blog\/"},{"@type":"ListItem","position":2,"name":"Actualit\u00e9 automobile","item":"https:\/\/www.carideal.com\/blog\/actualites-auto\/"},{"@type":"ListItem","position":3,"name":"Le SUV Skoda Kodiaq en octobre"}]},{"@type":"WebSite","@id":"https:\/\/www.carideal.com\/blog\/#website","url":"https:\/\/www.carideal.com\/blog\/","name":"Blog auto Carid\u00e9al","description":"Actualit\u00e9 auto par des passionn\u00e9s","publisher":{"@id":"https:\/\/www.carideal.com\/blog\/#organization"},"potentialAction":[{"@type":"SearchAction","target":{"@type":"EntryPoint","urlTemplate":"https:\/\/www.carideal.com\/blog\/?s={search_term_string}"},"query-input":{"@type":"PropertyValueSpecification","valueRequired":true,"valueName":"search_term_string"}}],"inLanguage":"fr-FR"},{"@type":"Organization","@id":"https:\/\/www.carideal.com\/blog\/#organization","name":"Carideal","url":"https:\/\/www.carideal.com\/blog\/","logo":{"@type":"ImageObject","inLanguage":"fr-FR","@id":"https:\/\/www.carideal.com\/blog\/#\/schema\/logo\/image\/","url":"http:\/\/www.carideal.com\/blog\/wp-content\/uploads\/2016\/03\/logo-carideal-mandataire-automobile.png","contentUrl":"http:\/\/www.carideal.com\/blog\/wp-content\/uploads\/2016\/03\/logo-carideal-mandataire-automobile.png","width":300,"height":300,"caption":"Carideal"},"image":{"@id":"https:\/\/www.carideal.com\/blog\/#\/schema\/logo\/image\/"},"sameAs":["https:\/\/www.facebook.com\/Carideal.mandataire.automobile","https:\/\/x.com\/caridealauto","https:\/\/www.instagram.com\/carideal1\/","https:\/\/www.linkedin.com\/company\/carideal.com","https:\/\/fr.pinterest.com\/schiavonsas\/","https:\/\/www.youtube.com\/user\/caridealsas"]},{"@type":"Person","@id":"https:\/\/www.carideal.com\/blog\/#\/schema\/person\/cd95dc7919660de90d31b366f85be1ec","name":"Nicolas SCHIAVON","image":{"@type":"ImageObject","inLanguage":"fr-FR","@id":"https:\/\/www.carideal.com\/blog\/#\/schema\/person\/image\/","url":"https:\/\/secure.gravatar.com\/avatar\/c17e55009e671d92cc7f5dc837dc418a?s=96&r=g","contentUrl":"https:\/\/secure.gravatar.com\/avatar\/c17e55009e671d92cc7f5dc837dc418a?s=96&r=g","caption":"Nicolas SCHIAVON"},"description":"Nicolas Schiavon est tomb\u00e9 tout petit dans la marmite automobile. Ayant eu un garage de marque automobile, mandataire automobile de la premi\u00e8re heure d\u00e8s 1999. Nicolas a cr\u00e9\u00e9 ces premiers sites de vente de voiture et blog automobile d\u00e8s 1994. Carideal est n\u00e9 le 15 d\u00e9cembre 2000 de la volont\u00e9 de vendre des voitures d'occasions en ligne puis des voitures neuves. Il a pu essayer beaucoup de voitures tr\u00e8s diff\u00e9rentes et ayant eu personnellement quelques belles autos, Subaru Impreza, Mitsubishi Lancer Evo 7, Porsche 911, Ferrari Testarrossa, Audi RS3, RS4 et j'en passe...","sameAs":["http:\/\/www.carideal.com","https:\/\/www.facebook.com\/nicolas.schiavon.39","https:\/\/www.instagram.com\/carideal1\/","https:\/\/www.linkedin.com\/in\/nschiavon\/","https:\/\/x.com\/caridealauto","https:\/\/www.youtube.com\/user\/caridealsas\/"],"url":"https:\/\/www.carideal.com\/blog\/author\/nschiavon\/"}]}},"uagb_featured_image_src":{"full":false,"thumbnail":false,"medium":false,"medium_large":false,"large":false,"1536x1536":false,"2048x2048":false,"wppr-widget":false},"uagb_author_info":{"display_name":"Nicolas SCHIAVON","author_link":"https:\/\/www.carideal.com\/blog\/author\/nschiavon\/"},"uagb_comment_info":0,"uagb_excerpt":"Le SUV Skoda Kodiaq sortira en octobre 2016 La folie des SUV gagne aussi le constructeur tch\u00e8que Skoda . \u00c0 tel point que le nouveau Roomster,\u00a0un\u00a0Volkswagen Caddy rebadg\u00e9, est pass\u00e9 \u00e0 la trappe alors qu'il \u00e9tait pr\u00eat \u00e0 prendre la route. D\u00e8s cette ann\u00e9e, Skoda passera \u00e0 l'offensive sur le segment lucratif des SUV. Skoda\u00a0d\u00e9voilera\u2026","_links":{"self":[{"href":"https:\/\/www.carideal.com\/blog\/wp-json\/wp\/v2\/posts\/9492"}],"collection":[{"href":"https:\/\/www.carideal.com\/blog\/wp-json\/wp\/v2\/posts"}],"about":[{"href":"https:\/\/www.carideal.com\/blog\/wp-json\/wp\/v2\/types\/post"}],"author":[{"embeddable":true,"href":"https:\/\/www.carideal.com\/blog\/wp-json\/wp\/v2\/users\/3"}],"replies":[{"embeddable":true,"href":"https:\/\/www.carideal.com\/blog\/wp-json\/wp\/v2\/comments?post=9492"}],"version-history":[{"count":0,"href":"https:\/\/www.carideal.com\/blog\/wp-json\/wp\/v2\/posts\/9492\/revisions"}],"wp:attachment":[{"href":"https:\/\/www.carideal.com\/blog\/wp-json\/wp\/v2\/media?parent=9492"}],"wp:term":[{"taxonomy":"category","embeddable":true,"href":"https:\/\/www.carideal.com\/blog\/wp-json\/wp\/v2\/categories?post=9492"},{"taxonomy":"post_tag","embeddable":true,"href":"https:\/\/www.carideal.com\/blog\/wp-json\/wp\/v2\/tags?post=9492"}],"curies":[{"name":"wp","href":"https:\/\/api.w.org\/{rel}","templated":true}]}}