{"id":947,"date":"2011-04-13T20:56:00","date_gmt":"2011-04-13T20:56:00","guid":{"rendered":"http:\/\/carideal.com\/blog\/?p=947"},"modified":"2020-03-07T20:21:30","modified_gmt":"2020-03-07T19:21:30","slug":"volvo-v60-hybrid-plug-in-2","status":"publish","type":"post","link":"https:\/\/www.carideal.com\/blog\/2011\/04\/13\/volvo-v60-hybrid-plug-in-2\/","title":{"rendered":"Volvo V60 Hybrid plug-in \u00e0 Gen\u00e8ve"},"content":{"rendered":"<h1>La Volvo V60 Hybride rechargeable plug-in pr\u00e9sent\u00e9 au salon de l'auto de Gen\u00e8ve<\/h1>\n<p>Volvo tout comme Peugeot croit en l'hybride diesel. La Volvo V60 Hybride est bas\u00e9 sur le cinq cylindres diesel D5 de 215 ch associ\u00e9 \u00e0 un \u00e9lectromoteur log\u00e9 sur l'essieu arri\u00e8re, et d'une batterie lithium-ion. Cette architecture n'est pas sans rappeler celle de l'Hybrid4 de Peugeot. Volvo annonce une autonomie de 50 km en tout \u00e9lectrique, et une consommation de 1.9 l\/100 km pour une \u00e9mission de CO2 de 49 g\/km.<\/p>\n<p>La V60 Hybride peut se conduire suivant trois modes, Pure en 100% \u00e9lectrique, Hybride qui utilise les deux moteurs pour jouer l'autonomie (1200 km annonc\u00e9s), et Power qui joue la carte de la sportivit\u00e9 en combinant les deux moteurs afin de faire monter la puissance restitu\u00e9e \u00e0 285 ch et 640 Nm de couple et abat le 0 \u00e0 100 km\/h en 6.9 secondes.<\/p>\n<p>\/ Volvo V60 Hybride<br \/>\n\/ Volvo C30 \u00e9lectrique<br \/>\n\/ Hybrid4<\/p>\n","protected":false},"excerpt":{"rendered":"<p>La Volvo V60 Hybride rechargeable plug-in pr\u00e9sent\u00e9 au salon de l&rsquo;auto de Gen\u00e8ve Volvo tout comme Peugeot croit en l&rsquo;hybride diesel. La Volvo V60 Hybride est bas\u00e9 sur le cinq cylindres diesel D5 de 215 ch associ\u00e9 \u00e0 un \u00e9lectromoteur log\u00e9 sur l&rsquo;essieu arri\u00e8re, et d&rsquo;une batterie lithium-ion. Cette architecture n&rsquo;est pas sans rappeler celle &#8230; <a title=\"Volvo V60 Hybrid plug-in \u00e0 Gen\u00e8ve\" class=\"read-more\" href=\"https:\/\/www.carideal.com\/blog\/2011\/04\/13\/volvo-v60-hybrid-plug-in-2\/\" aria-label=\"En savoir plus sur Volvo V60 Hybrid plug-in \u00e0 Gen\u00e8ve\">Lire plus<\/a><\/p>\n","protected":false},"author":1,"featured_media":0,"comment_status":"open","ping_status":"open","sticky":false,"template":"","format":"standard","meta":{"_uag_custom_page_level_css":"","_themeisle_gutenberg_block_has_review":false,"footnotes":""},"categories":[5944,10,5080,6089],"tags":[],"class_list":["post-947","post","type-post","status-publish","format-standard","hentry","category-constructeur","category-marche-automobile-voiture-neuve-occasion-4x4-suv","category-technologie-2","category-hybride"],"wppr_data":[],"yoast_head":"<!-- This site is optimized with the Yoast SEO plugin v24.8.1 - https:\/\/yoast.com\/wordpress\/plugins\/seo\/ -->\n<title>Volvo V60 Hybrid plug-in \u00e0 Gen\u00e8ve - Blog auto Carid\u00e9al<\/title>\n<meta name=\"robots\" content=\"index, follow, max-snippet:-1, max-image-preview:large, max-video-preview:-1\" \/>\n<link rel=\"canonical\" href=\"https:\/\/www.carideal.com\/blog\/2011\/04\/13\/volvo-v60-hybrid-plug-in-2\/\" \/>\n<meta property=\"og:locale\" content=\"fr_FR\" \/>\n<meta property=\"og:type\" content=\"article\" \/>\n<meta property=\"og:title\" content=\"Volvo V60 Hybrid plug-in \u00e0 Gen\u00e8ve - Blog auto Carid\u00e9al\" \/>\n<meta property=\"og:description\" content=\"La Volvo V60 Hybride rechargeable plug-in pr\u00e9sent\u00e9 au salon de l&#039;auto de Gen\u00e8ve Volvo tout comme Peugeot croit en l&#039;hybride diesel. La Volvo V60 Hybride est bas\u00e9 sur le cinq cylindres diesel D5 de 215 ch associ\u00e9 \u00e0 un \u00e9lectromoteur log\u00e9 sur l&#039;essieu arri\u00e8re, et d&#039;une batterie lithium-ion. Cette architecture n&#039;est pas sans rappeler celle ... Lire plus\" \/>\n<meta property=\"og:url\" content=\"https:\/\/www.carideal.com\/blog\/2011\/04\/13\/volvo-v60-hybrid-plug-in-2\/\" \/>\n<meta property=\"og:site_name\" content=\"Blog auto Carid\u00e9al\" \/>\n<meta property=\"article:publisher\" content=\"https:\/\/www.facebook.com\/Carideal.mandataire.automobile\" \/>\n<meta property=\"article:author\" content=\"https:\/\/www.facebook.com\/Carideal.mandataire.automobile\/\" \/>\n<meta property=\"article:published_time\" content=\"2011-04-13T20:56:00+00:00\" \/>\n<meta property=\"article:modified_time\" content=\"2020-03-07T19:21:30+00:00\" \/>\n<meta property=\"og:image\" content=\"https:\/\/www.carideal.com\/blog\/wp-content\/uploads\/2016\/03\/logo-carideal-mandataire-automobile.png\" \/>\n\t<meta property=\"og:image:width\" content=\"300\" \/>\n\t<meta property=\"og:image:height\" content=\"300\" \/>\n\t<meta property=\"og:image:type\" content=\"image\/png\" \/>\n<meta name=\"author\" content=\"N.S Carideal\" \/>\n<meta name=\"twitter:card\" content=\"summary_large_image\" \/>\n<meta name=\"twitter:creator\" content=\"@caridealauto\" \/>\n<meta name=\"twitter:site\" content=\"@caridealauto\" \/>\n<meta name=\"twitter:label1\" content=\"\u00c9crit par\" \/>\n\t<meta name=\"twitter:data1\" content=\"N.S Carideal\" \/>\n\t<meta name=\"twitter:label2\" content=\"Dur\u00e9e de lecture estim\u00e9e\" \/>\n\t<meta name=\"twitter:data2\" content=\"1 minute\" \/>\n<script type=\"application\/ld+json\" class=\"yoast-schema-graph\">{\"@context\":\"https:\/\/schema.org\",\"@graph\":[{\"@type\":\"Article\",\"@id\":\"https:\/\/www.carideal.com\/blog\/2011\/04\/13\/volvo-v60-hybrid-plug-in-2\/#article\",\"isPartOf\":{\"@id\":\"https:\/\/www.carideal.com\/blog\/2011\/04\/13\/volvo-v60-hybrid-plug-in-2\/\"},\"author\":{\"name\":\"N.S Carideal\",\"@id\":\"https:\/\/www.carideal.com\/blog\/#\/schema\/person\/985c7e757d1042d647f21bfaf8d41ebc\"},\"headline\":\"Volvo V60 Hybrid plug-in \u00e0 Gen\u00e8ve\",\"datePublished\":\"2011-04-13T20:56:00+00:00\",\"dateModified\":\"2020-03-07T19:21:30+00:00\",\"mainEntityOfPage\":{\"@id\":\"https:\/\/www.carideal.com\/blog\/2011\/04\/13\/volvo-v60-hybrid-plug-in-2\/\"},\"wordCount\":154,\"commentCount\":0,\"publisher\":{\"@id\":\"https:\/\/www.carideal.com\/blog\/#organization\"},\"articleSection\":[\"Actualit\u00e9 Constructeur automobile\",\"March\u00e9 automobile\",\"Technologie Automobile\",\"Voiture Hybride\"],\"inLanguage\":\"fr-FR\",\"potentialAction\":[{\"@type\":\"CommentAction\",\"name\":\"Comment\",\"target\":[\"https:\/\/www.carideal.com\/blog\/2011\/04\/13\/volvo-v60-hybrid-plug-in-2\/#respond\"]}]},{\"@type\":\"WebPage\",\"@id\":\"https:\/\/www.carideal.com\/blog\/2011\/04\/13\/volvo-v60-hybrid-plug-in-2\/\",\"url\":\"https:\/\/www.carideal.com\/blog\/2011\/04\/13\/volvo-v60-hybrid-plug-in-2\/\",\"name\":\"Volvo V60 Hybrid plug-in \u00e0 Gen\u00e8ve - Blog auto Carid\u00e9al\",\"isPartOf\":{\"@id\":\"https:\/\/www.carideal.com\/blog\/#website\"},\"datePublished\":\"2011-04-13T20:56:00+00:00\",\"dateModified\":\"2020-03-07T19:21:30+00:00\",\"breadcrumb\":{\"@id\":\"https:\/\/www.carideal.com\/blog\/2011\/04\/13\/volvo-v60-hybrid-plug-in-2\/#breadcrumb\"},\"inLanguage\":\"fr-FR\",\"potentialAction\":[{\"@type\":\"ReadAction\",\"target\":[\"https:\/\/www.carideal.com\/blog\/2011\/04\/13\/volvo-v60-hybrid-plug-in-2\/\"]}]},{\"@type\":\"BreadcrumbList\",\"@id\":\"https:\/\/www.carideal.com\/blog\/2011\/04\/13\/volvo-v60-hybrid-plug-in-2\/#breadcrumb\",\"itemListElement\":[{\"@type\":\"ListItem\",\"position\":1,\"name\":\"Blog Carid\u00e9al\",\"item\":\"https:\/\/www.carideal.com\/blog\/\"},{\"@type\":\"ListItem\",\"position\":2,\"name\":\"March\u00e9 automobile\",\"item\":\"https:\/\/www.carideal.com\/blog\/marche-automobile-voiture-neuve-occasion-4x4-suv\/\"},{\"@type\":\"ListItem\",\"position\":3,\"name\":\"Volvo V60 Hybrid plug-in \u00e0 Gen\u00e8ve\"}]},{\"@type\":\"WebSite\",\"@id\":\"https:\/\/www.carideal.com\/blog\/#website\",\"url\":\"https:\/\/www.carideal.com\/blog\/\",\"name\":\"Blog auto Carid\u00e9al\",\"description\":\"Actualit\u00e9 auto par des passionn\u00e9s\",\"publisher\":{\"@id\":\"https:\/\/www.carideal.com\/blog\/#organization\"},\"potentialAction\":[{\"@type\":\"SearchAction\",\"target\":{\"@type\":\"EntryPoint\",\"urlTemplate\":\"https:\/\/www.carideal.com\/blog\/?s={search_term_string}\"},\"query-input\":{\"@type\":\"PropertyValueSpecification\",\"valueRequired\":true,\"valueName\":\"search_term_string\"}}],\"inLanguage\":\"fr-FR\"},{\"@type\":\"Organization\",\"@id\":\"https:\/\/www.carideal.com\/blog\/#organization\",\"name\":\"Carideal\",\"url\":\"https:\/\/www.carideal.com\/blog\/\",\"logo\":{\"@type\":\"ImageObject\",\"inLanguage\":\"fr-FR\",\"@id\":\"https:\/\/www.carideal.com\/blog\/#\/schema\/logo\/image\/\",\"url\":\"http:\/\/www.carideal.com\/blog\/wp-content\/uploads\/2016\/03\/logo-carideal-mandataire-automobile.png\",\"contentUrl\":\"http:\/\/www.carideal.com\/blog\/wp-content\/uploads\/2016\/03\/logo-carideal-mandataire-automobile.png\",\"width\":300,\"height\":300,\"caption\":\"Carideal\"},\"image\":{\"@id\":\"https:\/\/www.carideal.com\/blog\/#\/schema\/logo\/image\/\"},\"sameAs\":[\"https:\/\/www.facebook.com\/Carideal.mandataire.automobile\",\"https:\/\/x.com\/caridealauto\",\"https:\/\/www.instagram.com\/carideal1\/\",\"https:\/\/www.linkedin.com\/company\/carideal.com\",\"https:\/\/fr.pinterest.com\/schiavonsas\/\",\"https:\/\/www.youtube.com\/user\/caridealsas\"]},{\"@type\":\"Person\",\"@id\":\"https:\/\/www.carideal.com\/blog\/#\/schema\/person\/985c7e757d1042d647f21bfaf8d41ebc\",\"name\":\"N.S Carideal\",\"image\":{\"@type\":\"ImageObject\",\"inLanguage\":\"fr-FR\",\"@id\":\"https:\/\/www.carideal.com\/blog\/#\/schema\/person\/image\/\",\"url\":\"https:\/\/secure.gravatar.com\/avatar\/edb7ccdf1a4e3d14aef967760d354d0e?s=96&r=g\",\"contentUrl\":\"https:\/\/secure.gravatar.com\/avatar\/edb7ccdf1a4e3d14aef967760d354d0e?s=96&r=g\",\"caption\":\"N.S Carideal\"},\"description\":\"Depuis tout petit fan d'automobile. Il est question d'essayer et de comparer toutes ces voitures qui nous ont fait r\u00e9ver, avant que celles-ci ne devient uniquement des voitures de collection.\",\"sameAs\":[\"http:\/\/www.carideal.com\/blog\",\"https:\/\/www.facebook.com\/Carideal.mandataire.automobile\/\",\"https:\/\/www.linkedin.com\/in\/nschiavon\/\",\"https:\/\/www.youtube.com\/user\/caridealsas\/\"],\"url\":\"https:\/\/www.carideal.com\/blog\/author\/admin_carideal\/\"}]}<\/script>\n<!-- \/ Yoast SEO plugin. -->","yoast_head_json":{"title":"Volvo V60 Hybrid plug-in \u00e0 Gen\u00e8ve - Blog auto Carid\u00e9al","robots":{"index":"index","follow":"follow","max-snippet":"max-snippet:-1","max-image-preview":"max-image-preview:large","max-video-preview":"max-video-preview:-1"},"canonical":"https:\/\/www.carideal.com\/blog\/2011\/04\/13\/volvo-v60-hybrid-plug-in-2\/","og_locale":"fr_FR","og_type":"article","og_title":"Volvo V60 Hybrid plug-in \u00e0 Gen\u00e8ve - Blog auto Carid\u00e9al","og_description":"La Volvo V60 Hybride rechargeable plug-in pr\u00e9sent\u00e9 au salon de l'auto de Gen\u00e8ve Volvo tout comme Peugeot croit en l'hybride diesel. La Volvo V60 Hybride est bas\u00e9 sur le cinq cylindres diesel D5 de 215 ch associ\u00e9 \u00e0 un \u00e9lectromoteur log\u00e9 sur l'essieu arri\u00e8re, et d'une batterie lithium-ion. Cette architecture n'est pas sans rappeler celle ... Lire plus","og_url":"https:\/\/www.carideal.com\/blog\/2011\/04\/13\/volvo-v60-hybrid-plug-in-2\/","og_site_name":"Blog auto Carid\u00e9al","article_publisher":"https:\/\/www.facebook.com\/Carideal.mandataire.automobile","article_author":"https:\/\/www.facebook.com\/Carideal.mandataire.automobile\/","article_published_time":"2011-04-13T20:56:00+00:00","article_modified_time":"2020-03-07T19:21:30+00:00","og_image":[{"width":300,"height":300,"url":"https:\/\/www.carideal.com\/blog\/wp-content\/uploads\/2016\/03\/logo-carideal-mandataire-automobile.png","type":"image\/png"}],"author":"N.S Carideal","twitter_card":"summary_large_image","twitter_creator":"@caridealauto","twitter_site":"@caridealauto","twitter_misc":{"\u00c9crit par":"N.S Carideal","Dur\u00e9e de lecture estim\u00e9e":"1 minute"},"schema":{"@context":"https:\/\/schema.org","@graph":[{"@type":"Article","@id":"https:\/\/www.carideal.com\/blog\/2011\/04\/13\/volvo-v60-hybrid-plug-in-2\/#article","isPartOf":{"@id":"https:\/\/www.carideal.com\/blog\/2011\/04\/13\/volvo-v60-hybrid-plug-in-2\/"},"author":{"name":"N.S Carideal","@id":"https:\/\/www.carideal.com\/blog\/#\/schema\/person\/985c7e757d1042d647f21bfaf8d41ebc"},"headline":"Volvo V60 Hybrid plug-in \u00e0 Gen\u00e8ve","datePublished":"2011-04-13T20:56:00+00:00","dateModified":"2020-03-07T19:21:30+00:00","mainEntityOfPage":{"@id":"https:\/\/www.carideal.com\/blog\/2011\/04\/13\/volvo-v60-hybrid-plug-in-2\/"},"wordCount":154,"commentCount":0,"publisher":{"@id":"https:\/\/www.carideal.com\/blog\/#organization"},"articleSection":["Actualit\u00e9 Constructeur automobile","March\u00e9 automobile","Technologie Automobile","Voiture Hybride"],"inLanguage":"fr-FR","potentialAction":[{"@type":"CommentAction","name":"Comment","target":["https:\/\/www.carideal.com\/blog\/2011\/04\/13\/volvo-v60-hybrid-plug-in-2\/#respond"]}]},{"@type":"WebPage","@id":"https:\/\/www.carideal.com\/blog\/2011\/04\/13\/volvo-v60-hybrid-plug-in-2\/","url":"https:\/\/www.carideal.com\/blog\/2011\/04\/13\/volvo-v60-hybrid-plug-in-2\/","name":"Volvo V60 Hybrid plug-in \u00e0 Gen\u00e8ve - Blog auto Carid\u00e9al","isPartOf":{"@id":"https:\/\/www.carideal.com\/blog\/#website"},"datePublished":"2011-04-13T20:56:00+00:00","dateModified":"2020-03-07T19:21:30+00:00","breadcrumb":{"@id":"https:\/\/www.carideal.com\/blog\/2011\/04\/13\/volvo-v60-hybrid-plug-in-2\/#breadcrumb"},"inLanguage":"fr-FR","potentialAction":[{"@type":"ReadAction","target":["https:\/\/www.carideal.com\/blog\/2011\/04\/13\/volvo-v60-hybrid-plug-in-2\/"]}]},{"@type":"BreadcrumbList","@id":"https:\/\/www.carideal.com\/blog\/2011\/04\/13\/volvo-v60-hybrid-plug-in-2\/#breadcrumb","itemListElement":[{"@type":"ListItem","position":1,"name":"Blog Carid\u00e9al","item":"https:\/\/www.carideal.com\/blog\/"},{"@type":"ListItem","position":2,"name":"March\u00e9 automobile","item":"https:\/\/www.carideal.com\/blog\/marche-automobile-voiture-neuve-occasion-4x4-suv\/"},{"@type":"ListItem","position":3,"name":"Volvo V60 Hybrid plug-in \u00e0 Gen\u00e8ve"}]},{"@type":"WebSite","@id":"https:\/\/www.carideal.com\/blog\/#website","url":"https:\/\/www.carideal.com\/blog\/","name":"Blog auto Carid\u00e9al","description":"Actualit\u00e9 auto par des passionn\u00e9s","publisher":{"@id":"https:\/\/www.carideal.com\/blog\/#organization"},"potentialAction":[{"@type":"SearchAction","target":{"@type":"EntryPoint","urlTemplate":"https:\/\/www.carideal.com\/blog\/?s={search_term_string}"},"query-input":{"@type":"PropertyValueSpecification","valueRequired":true,"valueName":"search_term_string"}}],"inLanguage":"fr-FR"},{"@type":"Organization","@id":"https:\/\/www.carideal.com\/blog\/#organization","name":"Carideal","url":"https:\/\/www.carideal.com\/blog\/","logo":{"@type":"ImageObject","inLanguage":"fr-FR","@id":"https:\/\/www.carideal.com\/blog\/#\/schema\/logo\/image\/","url":"http:\/\/www.carideal.com\/blog\/wp-content\/uploads\/2016\/03\/logo-carideal-mandataire-automobile.png","contentUrl":"http:\/\/www.carideal.com\/blog\/wp-content\/uploads\/2016\/03\/logo-carideal-mandataire-automobile.png","width":300,"height":300,"caption":"Carideal"},"image":{"@id":"https:\/\/www.carideal.com\/blog\/#\/schema\/logo\/image\/"},"sameAs":["https:\/\/www.facebook.com\/Carideal.mandataire.automobile","https:\/\/x.com\/caridealauto","https:\/\/www.instagram.com\/carideal1\/","https:\/\/www.linkedin.com\/company\/carideal.com","https:\/\/fr.pinterest.com\/schiavonsas\/","https:\/\/www.youtube.com\/user\/caridealsas"]},{"@type":"Person","@id":"https:\/\/www.carideal.com\/blog\/#\/schema\/person\/985c7e757d1042d647f21bfaf8d41ebc","name":"N.S Carideal","image":{"@type":"ImageObject","inLanguage":"fr-FR","@id":"https:\/\/www.carideal.com\/blog\/#\/schema\/person\/image\/","url":"https:\/\/secure.gravatar.com\/avatar\/edb7ccdf1a4e3d14aef967760d354d0e?s=96&r=g","contentUrl":"https:\/\/secure.gravatar.com\/avatar\/edb7ccdf1a4e3d14aef967760d354d0e?s=96&r=g","caption":"N.S Carideal"},"description":"Depuis tout petit fan d'automobile. Il est question d'essayer et de comparer toutes ces voitures qui nous ont fait r\u00e9ver, avant que celles-ci ne devient uniquement des voitures de collection.","sameAs":["http:\/\/www.carideal.com\/blog","https:\/\/www.facebook.com\/Carideal.mandataire.automobile\/","https:\/\/www.linkedin.com\/in\/nschiavon\/","https:\/\/www.youtube.com\/user\/caridealsas\/"],"url":"https:\/\/www.carideal.com\/blog\/author\/admin_carideal\/"}]}},"uagb_featured_image_src":{"full":false,"thumbnail":false,"medium":false,"medium_large":false,"large":false,"1536x1536":false,"2048x2048":false,"wppr-widget":false},"uagb_author_info":{"display_name":"N.S Carideal","author_link":"https:\/\/www.carideal.com\/blog\/author\/admin_carideal\/"},"uagb_comment_info":0,"uagb_excerpt":"La Volvo V60 Hybride rechargeable plug-in pr\u00e9sent\u00e9 au salon de l'auto de Gen\u00e8ve Volvo tout comme Peugeot croit en l'hybride diesel. La Volvo V60 Hybride est bas\u00e9 sur le cinq cylindres diesel D5 de 215 ch associ\u00e9 \u00e0 un \u00e9lectromoteur log\u00e9 sur l'essieu arri\u00e8re, et d'une batterie lithium-ion. Cette architecture n'est pas sans rappeler celle\u2026","_links":{"self":[{"href":"https:\/\/www.carideal.com\/blog\/wp-json\/wp\/v2\/posts\/947"}],"collection":[{"href":"https:\/\/www.carideal.com\/blog\/wp-json\/wp\/v2\/posts"}],"about":[{"href":"https:\/\/www.carideal.com\/blog\/wp-json\/wp\/v2\/types\/post"}],"author":[{"embeddable":true,"href":"https:\/\/www.carideal.com\/blog\/wp-json\/wp\/v2\/users\/1"}],"replies":[{"embeddable":true,"href":"https:\/\/www.carideal.com\/blog\/wp-json\/wp\/v2\/comments?post=947"}],"version-history":[{"count":0,"href":"https:\/\/www.carideal.com\/blog\/wp-json\/wp\/v2\/posts\/947\/revisions"}],"wp:attachment":[{"href":"https:\/\/www.carideal.com\/blog\/wp-json\/wp\/v2\/media?parent=947"}],"wp:term":[{"taxonomy":"category","embeddable":true,"href":"https:\/\/www.carideal.com\/blog\/wp-json\/wp\/v2\/categories?post=947"},{"taxonomy":"post_tag","embeddable":true,"href":"https:\/\/www.carideal.com\/blog\/wp-json\/wp\/v2\/tags?post=947"}],"curies":[{"name":"wp","href":"https:\/\/api.w.org\/{rel}","templated":true}]}}