{"id":9464,"date":"2016-02-14T12:58:42","date_gmt":"2016-02-14T11:58:42","guid":{"rendered":"http:\/\/www.carideal.com\/blog\/?p=9464"},"modified":"2024-02-11T13:37:37","modified_gmt":"2024-02-11T12:37:37","slug":"mercedes-glc-coupe-2016-en-octobre","status":"publish","type":"post","link":"https:\/\/www.carideal.com\/blog\/2016\/02\/14\/mercedes-glc-coupe-2016-en-octobre\/","title":{"rendered":"Mercedes GLC Coup\u00e9 2016 en Octobre"},"content":{"rendered":"\n<h2 class=\"wp-block-heading\" id=\"h-le-mercedes-glc-coupe-2016-sortira-en-octobre\">Le Mercedes GLC coup\u00e9 2016 sortira en Octobre<\/h2>\n\n\n<div class=\"wp-block-image\">\n<figure class=\"alignleft\"><a href=\"http:\/\/www.carideal.com\/blog\/wp-content\/uploads\/2016\/02\/mercedes-glc-coupe.jpg\"><img loading=\"lazy\" decoding=\"async\" width=\"300\" height=\"168\" src=\"http:\/\/www.carideal.com\/blog\/wp-content\/uploads\/2016\/02\/mercedes-glc-coupe-300x168.jpg\" alt=\"Mercedes GLC coup\u00e9 2016\" class=\"wp-image-9465\" srcset=\"https:\/\/www.carideal.com\/blog\/wp-content\/uploads\/2016\/02\/mercedes-glc-coupe-300x168.jpg 300w, https:\/\/www.carideal.com\/blog\/wp-content\/uploads\/2016\/02\/mercedes-glc-coupe-624x350.jpg 624w, https:\/\/www.carideal.com\/blog\/wp-content\/uploads\/2016\/02\/mercedes-glc-coupe.jpg 940w\" sizes=\"(max-width: 300px) 100vw, 300px\" \/><\/a><figcaption class=\"wp-element-caption\">Mercedes GLC coup\u00e9 2016<\/figcaption><\/figure><\/div>\n\n\n<p>Le <span style=\"text-decoration: underline;\">Mercedes<\/span> GLC coup\u00e9 sortira en Octobre 2016 pour un prix estim\u00e9 \u00e0 partir de 51000 \u20ac. Le Mercedes GLC coup\u00e9 vise la concurrence du <span style=\"text-decoration: underline;\">BMW X4<\/span>. Le Mercedes GLC coup\u00e9 s'est adjoint pas mal d'atouts pour arriver \u00e0 ses fins. Il a travaill\u00e9 son style, sa technologie, ses qualit\u00e9s routi\u00e8res et sa capacit\u00e9s tous chemins. Haro sur la concurrence !<\/p>\n\n\n\n<p>Le Mercedes coup\u00e9 a mis les mis les moyen avec une ligne tr\u00e8s agressive que renforce encore cette couleur jaune. Le design de sa calandre enorme et de son tr\u00e8s gros logo en impose pour ce SUV haut sur pattes avec ses roues de 21 pouces. Ses larges ouvertures sur ses boucliers, la taille de ses doubles \u00e9chappements superpos\u00e9s, tout est fait pour impressionner. Et il en impose ! Si l'on suppose que <a href=\"https:\/\/www.carideal.com\/blog\/marque-de-voiture-actualites-essais\/mercedes\/\">Mercedes<\/a> nous pr\u00e9pare une version AMG Sport pour aller titiller le <span style=\"text-decoration: underline;\"><a href=\"https:\/\/www.carideal.com\/blog\/marque-de-voiture-actualites-essais\/porsche\/macan\/\">Porsche Macan<\/a><\/span>, il n'y aurait qu'un pas ! Le Constructeur a d\u00e9j\u00e0 install\u00e9 le V6 3.0 biturbo de 367 ch sous le capot du Mercedes GLC coup\u00e9 2016, le m\u00eame moteur que l'on retrouve sous le capot de la Mercedes C450 AMG.<\/p>\n\n\n\n<h2 class=\"wp-block-heading\" id=\"h-la-concurrence-du-nouveau-mercedes-glc-coupe-2016\">La Concurrence du nouveau Mercedes GLC coup\u00e9 2016<\/h2>\n\n\n<div class=\"wp-block-image\">\n<figure class=\"alignleft\"><a href=\"http:\/\/www.carideal.com\/blog\/wp-content\/uploads\/2016\/02\/mercedes-GLC-coup\u00e9-2016.jpg\"><img loading=\"lazy\" decoding=\"async\" width=\"300\" height=\"200\" src=\"http:\/\/www.carideal.com\/blog\/wp-content\/uploads\/2016\/02\/mercedes-GLC-coup\u00e9-2016-300x200.jpg\" alt=\"Mercedes GLC coup\u00e9 2016\" class=\"wp-image-11332\" srcset=\"https:\/\/www.carideal.com\/blog\/wp-content\/uploads\/2016\/02\/mercedes-GLC-coup\u00e9-2016-300x200.jpg 300w, https:\/\/www.carideal.com\/blog\/wp-content\/uploads\/2016\/02\/mercedes-GLC-coup\u00e9-2016-624x416.jpg 624w, https:\/\/www.carideal.com\/blog\/wp-content\/uploads\/2016\/02\/mercedes-GLC-coup\u00e9-2016.jpg 800w\" sizes=\"(max-width: 300px) 100vw, 300px\" \/><\/a><figcaption class=\"wp-element-caption\">Mercedes GLC coup\u00e9 2016<\/figcaption><\/figure><\/div>\n\n\n<p>Mercedes \u00e9tait devenu le leader du segment des SUV de haut de gamme avec son <span style=\"text-decoration: underline;\">Mercedes ML<\/span>, apr\u00e8s que <span style=\"text-decoration: underline;\">Range Rover<\/span> se soit endormi sur ses lauriers, il y pas mal d'ann\u00e9es en arri\u00e8re. Le&nbsp;Constructeur Allemand poss\u00e8de une large gamme de 4x4 et de SUV, en passant aussi bien par l'urbain&nbsp;<span style=\"text-decoration: underline;\"><a href=\"http:\/\/www.carideal.com\/blog\/2013\/09\/07\/le-nouveau-petit-4x4-de-mercedes-gla\/\">GLA<\/a><\/span> qu'avec le rustique, mais non moins recherch\u00e9 <span style=\"text-decoration: underline;\"><a href=\"http:\/\/www.carideal.com\/blog\/2012\/06\/05\/evolution-de-la-classe-g-de-mercedes\/\">Classe G<\/a><\/span>. Mercedes s'est fait distanc\u00e9 par les autres constructeurs Alemand <span style=\"text-decoration: underline;\">BMW<\/span> et <span style=\"text-decoration: underline;\">Audi<\/span> pour la cat\u00e9gorie des 4x4 de luxe. Si l'on devait prendre un exemple, on donnerait juste ces deux chiffres 650 000 <span style=\"text-decoration: underline;\">Mercedes GLK<\/span> depuis 2008 contre 248 000 <span style=\"text-decoration: underline;\">Audi Q5<\/span> pour la seule ann\u00e9e 2014 !<\/p>\n\n\n\n<p>Mercedes entend bien avec son nouveau GLC coup\u00e9 2016, et d'autres SUV encore \u00e0 venir, proposer des voitures en parfaite ad\u00e9quation avec les attentes des consommateurs. Au vu de sa croissance depuis quelques mois il semble \u00eatre sur la bonne voie.<\/p>\n\n\n\n<h2 class=\"wp-block-heading\" id=\"h-les-dimensions-du-mercedes-glc-coupe-2016\">Les dimensions du Mercedes GLC coup\u00e9 2016<\/h2>\n\n\n\n<p>Le <strong>Mercedes GLC<\/strong>, colle aux standarts actels : il a \u00e9t\u00e9 allong\u00e9 de 12 cm par rapport \u00e0 l'ancien GLK, gr\u00e2ce \u00e0 l'empattement, ce qui profite pleinement \u00e0 l'habilit\u00e9. Sa longueur actuelle de 4.66 m est juste 1 cm de plus que le BMW X3, et 3 de plus que le Q5. Le Mercedes GLC 2016 fait 1.89 m de large pour une hauteur de 1.64m. Pour son coffre Mercedes a simplement fait un copier coller de la concurrence des X3 et Q5 avec 550 dm3.<\/p>\n\n\n\n<p>Le Mercedes GLC coup\u00e9 2016 p\u00e8se 1845 kg, ce qui est 80 kg de moins que l'ancien GLK mais reste au niveau de la concurrence. Les 4x4 ont du mal \u00e0 faire les m\u00eame progr\u00e8s techniques que les berlines en terme de poids.<\/p>\n\n\n\n<h2 class=\"wp-block-heading\" id=\"h-video-du-mercedes-glc-coupe-2016\">Vid\u00e9o du Mercedes GLC coup\u00e9 2016<\/h2>\n\n\n\n<p><iframe loading=\"lazy\" src=\"https:\/\/www.youtube.com\/embed\/-KihUQq2fYw\" width=\"560\" height=\"315\" frameborder=\"0\" allowfullscreen=\"allowfullscreen\"><\/iframe><\/p>\n","protected":false},"excerpt":{"rendered":"<p>Le Mercedes GLC coup\u00e9 2016 sortira en Octobre Le Mercedes GLC coup\u00e9 sortira en Octobre 2016 pour un prix estim\u00e9 \u00e0 partir de 51000 \u20ac. Le Mercedes GLC coup\u00e9 vise la concurrence du BMW X4. Le Mercedes GLC coup\u00e9 s&rsquo;est adjoint pas mal d&rsquo;atouts pour arriver \u00e0 ses fins. Il a travaill\u00e9 son style, sa &#8230; <a title=\"Mercedes GLC Coup\u00e9 2016 en Octobre\" class=\"read-more\" href=\"https:\/\/www.carideal.com\/blog\/2016\/02\/14\/mercedes-glc-coupe-2016-en-octobre\/\" aria-label=\"En savoir plus sur Mercedes GLC Coup\u00e9 2016 en Octobre\">Lire plus<\/a><\/p>\n","protected":false},"author":3,"featured_media":0,"comment_status":"open","ping_status":"open","sticky":false,"template":"","format":"standard","meta":{"_uag_custom_page_level_css":"","_themeisle_gutenberg_block_has_review":false,"footnotes":""},"categories":[21,5944,5995,6010,5974,18],"tags":[],"class_list":["post-9464","post","type-post","status-publish","format-standard","hentry","category-actualites-auto","category-constructeur","category-mercedes","category-suv","category-type-de-vehicule","category-videos"],"wppr_data":{"cwp_meta_box_check":"No"},"yoast_head":"<!-- This site is optimized with the Yoast SEO plugin v24.8.1 - https:\/\/yoast.com\/wordpress\/plugins\/seo\/ -->\n<title>Mercedes GLC Coup\u00e9 2016 en Octobre - Blog auto Carid\u00e9al<\/title>\n<meta name=\"description\" content=\"Le Mercedes GLC Coup\u00e9 2016 sera en vente \u00e0 partir d&#039;octobre 2016 et pour 51000 \u20ac pour aller chasser sur les terres du BMW X4 et du Porsche Macan\" \/>\n<meta name=\"robots\" content=\"index, follow, max-snippet:-1, max-image-preview:large, max-video-preview:-1\" \/>\n<link rel=\"canonical\" href=\"https:\/\/www.carideal.com\/blog\/2016\/02\/14\/mercedes-glc-coupe-2016-en-octobre\/\" \/>\n<meta property=\"og:locale\" content=\"fr_FR\" \/>\n<meta property=\"og:type\" content=\"article\" \/>\n<meta property=\"og:title\" content=\"Mercedes GLC Coup\u00e9 2016 en Octobre - Blog auto Carid\u00e9al\" \/>\n<meta property=\"og:description\" content=\"Le Mercedes GLC Coup\u00e9 2016 sera en vente \u00e0 partir d&#039;octobre 2016 et pour 51000 \u20ac pour aller chasser sur les terres du BMW X4 et du Porsche Macan\" \/>\n<meta property=\"og:url\" content=\"https:\/\/www.carideal.com\/blog\/2016\/02\/14\/mercedes-glc-coupe-2016-en-octobre\/\" \/>\n<meta property=\"og:site_name\" content=\"Blog auto Carid\u00e9al\" \/>\n<meta property=\"article:publisher\" content=\"https:\/\/www.facebook.com\/Carideal.mandataire.automobile\" \/>\n<meta property=\"article:author\" content=\"https:\/\/www.facebook.com\/nicolas.schiavon.39\" \/>\n<meta property=\"article:published_time\" content=\"2016-02-14T11:58:42+00:00\" \/>\n<meta property=\"article:modified_time\" content=\"2024-02-11T12:37:37+00:00\" \/>\n<meta property=\"og:image\" content=\"http:\/\/www.carideal.com\/blog\/wp-content\/uploads\/2016\/02\/mercedes-glc-coupe-300x168.jpg\" \/>\n<meta name=\"author\" content=\"Nicolas SCHIAVON\" \/>\n<meta name=\"twitter:card\" content=\"summary_large_image\" \/>\n<meta name=\"twitter:creator\" content=\"@caridealauto\" \/>\n<meta name=\"twitter:site\" content=\"@caridealauto\" \/>\n<meta name=\"twitter:label1\" content=\"\u00c9crit par\" \/>\n\t<meta name=\"twitter:data1\" content=\"Nicolas SCHIAVON\" \/>\n\t<meta name=\"twitter:label2\" content=\"Dur\u00e9e de lecture estim\u00e9e\" \/>\n\t<meta name=\"twitter:data2\" content=\"3 minutes\" \/>\n<script type=\"application\/ld+json\" class=\"yoast-schema-graph\">{\"@context\":\"https:\/\/schema.org\",\"@graph\":[{\"@type\":\"Article\",\"@id\":\"https:\/\/www.carideal.com\/blog\/2016\/02\/14\/mercedes-glc-coupe-2016-en-octobre\/#article\",\"isPartOf\":{\"@id\":\"https:\/\/www.carideal.com\/blog\/2016\/02\/14\/mercedes-glc-coupe-2016-en-octobre\/\"},\"author\":{\"name\":\"Nicolas SCHIAVON\",\"@id\":\"https:\/\/www.carideal.com\/blog\/#\/schema\/person\/cd95dc7919660de90d31b366f85be1ec\"},\"headline\":\"Mercedes GLC Coup\u00e9 2016 en Octobre\",\"datePublished\":\"2016-02-14T11:58:42+00:00\",\"dateModified\":\"2024-02-11T12:37:37+00:00\",\"mainEntityOfPage\":{\"@id\":\"https:\/\/www.carideal.com\/blog\/2016\/02\/14\/mercedes-glc-coupe-2016-en-octobre\/\"},\"wordCount\":490,\"commentCount\":0,\"publisher\":{\"@id\":\"https:\/\/www.carideal.com\/blog\/#organization\"},\"image\":{\"@id\":\"https:\/\/www.carideal.com\/blog\/2016\/02\/14\/mercedes-glc-coupe-2016-en-octobre\/#primaryimage\"},\"thumbnailUrl\":\"http:\/\/www.carideal.com\/blog\/wp-content\/uploads\/2016\/02\/mercedes-glc-coupe-300x168.jpg\",\"articleSection\":[\"Actualit\u00e9 automobile\",\"Actualit\u00e9 Constructeur automobile\",\"Actualit\u00e9 Mercedes\",\"SUV\",\"Type de v\u00e9hicule\",\"Vid\u00e9o voiture : vid\u00e9o automobile\"],\"inLanguage\":\"fr-FR\",\"potentialAction\":[{\"@type\":\"CommentAction\",\"name\":\"Comment\",\"target\":[\"https:\/\/www.carideal.com\/blog\/2016\/02\/14\/mercedes-glc-coupe-2016-en-octobre\/#respond\"]}]},{\"@type\":\"WebPage\",\"@id\":\"https:\/\/www.carideal.com\/blog\/2016\/02\/14\/mercedes-glc-coupe-2016-en-octobre\/\",\"url\":\"https:\/\/www.carideal.com\/blog\/2016\/02\/14\/mercedes-glc-coupe-2016-en-octobre\/\",\"name\":\"Mercedes GLC Coup\u00e9 2016 en Octobre - Blog auto Carid\u00e9al\",\"isPartOf\":{\"@id\":\"https:\/\/www.carideal.com\/blog\/#website\"},\"primaryImageOfPage\":{\"@id\":\"https:\/\/www.carideal.com\/blog\/2016\/02\/14\/mercedes-glc-coupe-2016-en-octobre\/#primaryimage\"},\"image\":{\"@id\":\"https:\/\/www.carideal.com\/blog\/2016\/02\/14\/mercedes-glc-coupe-2016-en-octobre\/#primaryimage\"},\"thumbnailUrl\":\"http:\/\/www.carideal.com\/blog\/wp-content\/uploads\/2016\/02\/mercedes-glc-coupe-300x168.jpg\",\"datePublished\":\"2016-02-14T11:58:42+00:00\",\"dateModified\":\"2024-02-11T12:37:37+00:00\",\"description\":\"Le Mercedes GLC Coup\u00e9 2016 sera en vente \u00e0 partir d'octobre 2016 et pour 51000 \u20ac pour aller chasser sur les terres du BMW X4 et du Porsche Macan\",\"breadcrumb\":{\"@id\":\"https:\/\/www.carideal.com\/blog\/2016\/02\/14\/mercedes-glc-coupe-2016-en-octobre\/#breadcrumb\"},\"inLanguage\":\"fr-FR\",\"potentialAction\":[{\"@type\":\"ReadAction\",\"target\":[\"https:\/\/www.carideal.com\/blog\/2016\/02\/14\/mercedes-glc-coupe-2016-en-octobre\/\"]}]},{\"@type\":\"ImageObject\",\"inLanguage\":\"fr-FR\",\"@id\":\"https:\/\/www.carideal.com\/blog\/2016\/02\/14\/mercedes-glc-coupe-2016-en-octobre\/#primaryimage\",\"url\":\"https:\/\/www.carideal.com\/blog\/wp-content\/uploads\/2016\/02\/mercedes-glc-coupe.jpg\",\"contentUrl\":\"https:\/\/www.carideal.com\/blog\/wp-content\/uploads\/2016\/02\/mercedes-glc-coupe.jpg\",\"width\":940,\"height\":527,\"caption\":\"Mercedes GLC coup\u00e9 2016\"},{\"@type\":\"BreadcrumbList\",\"@id\":\"https:\/\/www.carideal.com\/blog\/2016\/02\/14\/mercedes-glc-coupe-2016-en-octobre\/#breadcrumb\",\"itemListElement\":[{\"@type\":\"ListItem\",\"position\":1,\"name\":\"Blog Carid\u00e9al\",\"item\":\"https:\/\/www.carideal.com\/blog\/\"},{\"@type\":\"ListItem\",\"position\":2,\"name\":\"Actualit\u00e9 constructeur automobile\",\"item\":\"https:\/\/www.carideal.com\/blog\/constructeur\/\"},{\"@type\":\"ListItem\",\"position\":3,\"name\":\"Mercedes GLC Coup\u00e9 2016 en Octobre\"}]},{\"@type\":\"WebSite\",\"@id\":\"https:\/\/www.carideal.com\/blog\/#website\",\"url\":\"https:\/\/www.carideal.com\/blog\/\",\"name\":\"Blog auto Carid\u00e9al\",\"description\":\"Actualit\u00e9 auto par des passionn\u00e9s\",\"publisher\":{\"@id\":\"https:\/\/www.carideal.com\/blog\/#organization\"},\"potentialAction\":[{\"@type\":\"SearchAction\",\"target\":{\"@type\":\"EntryPoint\",\"urlTemplate\":\"https:\/\/www.carideal.com\/blog\/?s={search_term_string}\"},\"query-input\":{\"@type\":\"PropertyValueSpecification\",\"valueRequired\":true,\"valueName\":\"search_term_string\"}}],\"inLanguage\":\"fr-FR\"},{\"@type\":\"Organization\",\"@id\":\"https:\/\/www.carideal.com\/blog\/#organization\",\"name\":\"Carideal\",\"url\":\"https:\/\/www.carideal.com\/blog\/\",\"logo\":{\"@type\":\"ImageObject\",\"inLanguage\":\"fr-FR\",\"@id\":\"https:\/\/www.carideal.com\/blog\/#\/schema\/logo\/image\/\",\"url\":\"http:\/\/www.carideal.com\/blog\/wp-content\/uploads\/2016\/03\/logo-carideal-mandataire-automobile.png\",\"contentUrl\":\"http:\/\/www.carideal.com\/blog\/wp-content\/uploads\/2016\/03\/logo-carideal-mandataire-automobile.png\",\"width\":300,\"height\":300,\"caption\":\"Carideal\"},\"image\":{\"@id\":\"https:\/\/www.carideal.com\/blog\/#\/schema\/logo\/image\/\"},\"sameAs\":[\"https:\/\/www.facebook.com\/Carideal.mandataire.automobile\",\"https:\/\/x.com\/caridealauto\",\"https:\/\/www.instagram.com\/carideal1\/\",\"https:\/\/www.linkedin.com\/company\/carideal.com\",\"https:\/\/fr.pinterest.com\/schiavonsas\/\",\"https:\/\/www.youtube.com\/user\/caridealsas\"]},{\"@type\":\"Person\",\"@id\":\"https:\/\/www.carideal.com\/blog\/#\/schema\/person\/cd95dc7919660de90d31b366f85be1ec\",\"name\":\"Nicolas SCHIAVON\",\"image\":{\"@type\":\"ImageObject\",\"inLanguage\":\"fr-FR\",\"@id\":\"https:\/\/www.carideal.com\/blog\/#\/schema\/person\/image\/\",\"url\":\"https:\/\/secure.gravatar.com\/avatar\/c17e55009e671d92cc7f5dc837dc418a?s=96&r=g\",\"contentUrl\":\"https:\/\/secure.gravatar.com\/avatar\/c17e55009e671d92cc7f5dc837dc418a?s=96&r=g\",\"caption\":\"Nicolas SCHIAVON\"},\"description\":\"Nicolas Schiavon est tomb\u00e9 tout petit dans la marmite automobile. Ayant eu un garage de marque automobile, mandataire automobile de la premi\u00e8re heure d\u00e8s 1999. Nicolas a cr\u00e9\u00e9 ces premiers sites de vente de voiture et blog automobile d\u00e8s 1994. Carideal est n\u00e9 le 15 d\u00e9cembre 2000 de la volont\u00e9 de vendre des voitures d'occasions en ligne puis des voitures neuves. Il a pu essayer beaucoup de voitures tr\u00e8s diff\u00e9rentes et ayant eu personnellement quelques belles autos, Subaru Impreza, Mitsubishi Lancer Evo 7, Porsche 911, Ferrari Testarrossa, Audi RS3, RS4 et j'en passe...\",\"sameAs\":[\"http:\/\/www.carideal.com\",\"https:\/\/www.facebook.com\/nicolas.schiavon.39\",\"https:\/\/www.instagram.com\/carideal1\/\",\"https:\/\/www.linkedin.com\/in\/nschiavon\/\",\"https:\/\/x.com\/caridealauto\",\"https:\/\/www.youtube.com\/user\/caridealsas\/\"],\"url\":\"https:\/\/www.carideal.com\/blog\/author\/nschiavon\/\"}]}<\/script>\n<!-- \/ Yoast SEO plugin. -->","yoast_head_json":{"title":"Mercedes GLC Coup\u00e9 2016 en Octobre - Blog auto Carid\u00e9al","description":"Le Mercedes GLC Coup\u00e9 2016 sera en vente \u00e0 partir d'octobre 2016 et pour 51000 \u20ac pour aller chasser sur les terres du BMW X4 et du Porsche Macan","robots":{"index":"index","follow":"follow","max-snippet":"max-snippet:-1","max-image-preview":"max-image-preview:large","max-video-preview":"max-video-preview:-1"},"canonical":"https:\/\/www.carideal.com\/blog\/2016\/02\/14\/mercedes-glc-coupe-2016-en-octobre\/","og_locale":"fr_FR","og_type":"article","og_title":"Mercedes GLC Coup\u00e9 2016 en Octobre - Blog auto Carid\u00e9al","og_description":"Le Mercedes GLC Coup\u00e9 2016 sera en vente \u00e0 partir d'octobre 2016 et pour 51000 \u20ac pour aller chasser sur les terres du BMW X4 et du Porsche Macan","og_url":"https:\/\/www.carideal.com\/blog\/2016\/02\/14\/mercedes-glc-coupe-2016-en-octobre\/","og_site_name":"Blog auto Carid\u00e9al","article_publisher":"https:\/\/www.facebook.com\/Carideal.mandataire.automobile","article_author":"https:\/\/www.facebook.com\/nicolas.schiavon.39","article_published_time":"2016-02-14T11:58:42+00:00","article_modified_time":"2024-02-11T12:37:37+00:00","og_image":[{"url":"http:\/\/www.carideal.com\/blog\/wp-content\/uploads\/2016\/02\/mercedes-glc-coupe-300x168.jpg","type":"","width":"","height":""}],"author":"Nicolas SCHIAVON","twitter_card":"summary_large_image","twitter_creator":"@caridealauto","twitter_site":"@caridealauto","twitter_misc":{"\u00c9crit par":"Nicolas SCHIAVON","Dur\u00e9e de lecture estim\u00e9e":"3 minutes"},"schema":{"@context":"https:\/\/schema.org","@graph":[{"@type":"Article","@id":"https:\/\/www.carideal.com\/blog\/2016\/02\/14\/mercedes-glc-coupe-2016-en-octobre\/#article","isPartOf":{"@id":"https:\/\/www.carideal.com\/blog\/2016\/02\/14\/mercedes-glc-coupe-2016-en-octobre\/"},"author":{"name":"Nicolas SCHIAVON","@id":"https:\/\/www.carideal.com\/blog\/#\/schema\/person\/cd95dc7919660de90d31b366f85be1ec"},"headline":"Mercedes GLC Coup\u00e9 2016 en Octobre","datePublished":"2016-02-14T11:58:42+00:00","dateModified":"2024-02-11T12:37:37+00:00","mainEntityOfPage":{"@id":"https:\/\/www.carideal.com\/blog\/2016\/02\/14\/mercedes-glc-coupe-2016-en-octobre\/"},"wordCount":490,"commentCount":0,"publisher":{"@id":"https:\/\/www.carideal.com\/blog\/#organization"},"image":{"@id":"https:\/\/www.carideal.com\/blog\/2016\/02\/14\/mercedes-glc-coupe-2016-en-octobre\/#primaryimage"},"thumbnailUrl":"http:\/\/www.carideal.com\/blog\/wp-content\/uploads\/2016\/02\/mercedes-glc-coupe-300x168.jpg","articleSection":["Actualit\u00e9 automobile","Actualit\u00e9 Constructeur automobile","Actualit\u00e9 Mercedes","SUV","Type de v\u00e9hicule","Vid\u00e9o voiture : vid\u00e9o automobile"],"inLanguage":"fr-FR","potentialAction":[{"@type":"CommentAction","name":"Comment","target":["https:\/\/www.carideal.com\/blog\/2016\/02\/14\/mercedes-glc-coupe-2016-en-octobre\/#respond"]}]},{"@type":"WebPage","@id":"https:\/\/www.carideal.com\/blog\/2016\/02\/14\/mercedes-glc-coupe-2016-en-octobre\/","url":"https:\/\/www.carideal.com\/blog\/2016\/02\/14\/mercedes-glc-coupe-2016-en-octobre\/","name":"Mercedes GLC Coup\u00e9 2016 en Octobre - Blog auto Carid\u00e9al","isPartOf":{"@id":"https:\/\/www.carideal.com\/blog\/#website"},"primaryImageOfPage":{"@id":"https:\/\/www.carideal.com\/blog\/2016\/02\/14\/mercedes-glc-coupe-2016-en-octobre\/#primaryimage"},"image":{"@id":"https:\/\/www.carideal.com\/blog\/2016\/02\/14\/mercedes-glc-coupe-2016-en-octobre\/#primaryimage"},"thumbnailUrl":"http:\/\/www.carideal.com\/blog\/wp-content\/uploads\/2016\/02\/mercedes-glc-coupe-300x168.jpg","datePublished":"2016-02-14T11:58:42+00:00","dateModified":"2024-02-11T12:37:37+00:00","description":"Le Mercedes GLC Coup\u00e9 2016 sera en vente \u00e0 partir d'octobre 2016 et pour 51000 \u20ac pour aller chasser sur les terres du BMW X4 et du Porsche Macan","breadcrumb":{"@id":"https:\/\/www.carideal.com\/blog\/2016\/02\/14\/mercedes-glc-coupe-2016-en-octobre\/#breadcrumb"},"inLanguage":"fr-FR","potentialAction":[{"@type":"ReadAction","target":["https:\/\/www.carideal.com\/blog\/2016\/02\/14\/mercedes-glc-coupe-2016-en-octobre\/"]}]},{"@type":"ImageObject","inLanguage":"fr-FR","@id":"https:\/\/www.carideal.com\/blog\/2016\/02\/14\/mercedes-glc-coupe-2016-en-octobre\/#primaryimage","url":"https:\/\/www.carideal.com\/blog\/wp-content\/uploads\/2016\/02\/mercedes-glc-coupe.jpg","contentUrl":"https:\/\/www.carideal.com\/blog\/wp-content\/uploads\/2016\/02\/mercedes-glc-coupe.jpg","width":940,"height":527,"caption":"Mercedes GLC coup\u00e9 2016"},{"@type":"BreadcrumbList","@id":"https:\/\/www.carideal.com\/blog\/2016\/02\/14\/mercedes-glc-coupe-2016-en-octobre\/#breadcrumb","itemListElement":[{"@type":"ListItem","position":1,"name":"Blog Carid\u00e9al","item":"https:\/\/www.carideal.com\/blog\/"},{"@type":"ListItem","position":2,"name":"Actualit\u00e9 constructeur automobile","item":"https:\/\/www.carideal.com\/blog\/constructeur\/"},{"@type":"ListItem","position":3,"name":"Mercedes GLC Coup\u00e9 2016 en Octobre"}]},{"@type":"WebSite","@id":"https:\/\/www.carideal.com\/blog\/#website","url":"https:\/\/www.carideal.com\/blog\/","name":"Blog auto Carid\u00e9al","description":"Actualit\u00e9 auto par des passionn\u00e9s","publisher":{"@id":"https:\/\/www.carideal.com\/blog\/#organization"},"potentialAction":[{"@type":"SearchAction","target":{"@type":"EntryPoint","urlTemplate":"https:\/\/www.carideal.com\/blog\/?s={search_term_string}"},"query-input":{"@type":"PropertyValueSpecification","valueRequired":true,"valueName":"search_term_string"}}],"inLanguage":"fr-FR"},{"@type":"Organization","@id":"https:\/\/www.carideal.com\/blog\/#organization","name":"Carideal","url":"https:\/\/www.carideal.com\/blog\/","logo":{"@type":"ImageObject","inLanguage":"fr-FR","@id":"https:\/\/www.carideal.com\/blog\/#\/schema\/logo\/image\/","url":"http:\/\/www.carideal.com\/blog\/wp-content\/uploads\/2016\/03\/logo-carideal-mandataire-automobile.png","contentUrl":"http:\/\/www.carideal.com\/blog\/wp-content\/uploads\/2016\/03\/logo-carideal-mandataire-automobile.png","width":300,"height":300,"caption":"Carideal"},"image":{"@id":"https:\/\/www.carideal.com\/blog\/#\/schema\/logo\/image\/"},"sameAs":["https:\/\/www.facebook.com\/Carideal.mandataire.automobile","https:\/\/x.com\/caridealauto","https:\/\/www.instagram.com\/carideal1\/","https:\/\/www.linkedin.com\/company\/carideal.com","https:\/\/fr.pinterest.com\/schiavonsas\/","https:\/\/www.youtube.com\/user\/caridealsas"]},{"@type":"Person","@id":"https:\/\/www.carideal.com\/blog\/#\/schema\/person\/cd95dc7919660de90d31b366f85be1ec","name":"Nicolas SCHIAVON","image":{"@type":"ImageObject","inLanguage":"fr-FR","@id":"https:\/\/www.carideal.com\/blog\/#\/schema\/person\/image\/","url":"https:\/\/secure.gravatar.com\/avatar\/c17e55009e671d92cc7f5dc837dc418a?s=96&r=g","contentUrl":"https:\/\/secure.gravatar.com\/avatar\/c17e55009e671d92cc7f5dc837dc418a?s=96&r=g","caption":"Nicolas SCHIAVON"},"description":"Nicolas Schiavon est tomb\u00e9 tout petit dans la marmite automobile. Ayant eu un garage de marque automobile, mandataire automobile de la premi\u00e8re heure d\u00e8s 1999. Nicolas a cr\u00e9\u00e9 ces premiers sites de vente de voiture et blog automobile d\u00e8s 1994. Carideal est n\u00e9 le 15 d\u00e9cembre 2000 de la volont\u00e9 de vendre des voitures d'occasions en ligne puis des voitures neuves. Il a pu essayer beaucoup de voitures tr\u00e8s diff\u00e9rentes et ayant eu personnellement quelques belles autos, Subaru Impreza, Mitsubishi Lancer Evo 7, Porsche 911, Ferrari Testarrossa, Audi RS3, RS4 et j'en passe...","sameAs":["http:\/\/www.carideal.com","https:\/\/www.facebook.com\/nicolas.schiavon.39","https:\/\/www.instagram.com\/carideal1\/","https:\/\/www.linkedin.com\/in\/nschiavon\/","https:\/\/x.com\/caridealauto","https:\/\/www.youtube.com\/user\/caridealsas\/"],"url":"https:\/\/www.carideal.com\/blog\/author\/nschiavon\/"}]}},"uagb_featured_image_src":{"full":false,"thumbnail":false,"medium":false,"medium_large":false,"large":false,"1536x1536":false,"2048x2048":false,"wppr-widget":false},"uagb_author_info":{"display_name":"Nicolas SCHIAVON","author_link":"https:\/\/www.carideal.com\/blog\/author\/nschiavon\/"},"uagb_comment_info":0,"uagb_excerpt":"Le Mercedes GLC coup\u00e9 2016 sortira en Octobre Le Mercedes GLC coup\u00e9 sortira en Octobre 2016 pour un prix estim\u00e9 \u00e0 partir de 51000 \u20ac. Le Mercedes GLC coup\u00e9 vise la concurrence du BMW X4. Le Mercedes GLC coup\u00e9 s'est adjoint pas mal d'atouts pour arriver \u00e0 ses fins. Il a travaill\u00e9 son style, sa\u2026","_links":{"self":[{"href":"https:\/\/www.carideal.com\/blog\/wp-json\/wp\/v2\/posts\/9464"}],"collection":[{"href":"https:\/\/www.carideal.com\/blog\/wp-json\/wp\/v2\/posts"}],"about":[{"href":"https:\/\/www.carideal.com\/blog\/wp-json\/wp\/v2\/types\/post"}],"author":[{"embeddable":true,"href":"https:\/\/www.carideal.com\/blog\/wp-json\/wp\/v2\/users\/3"}],"replies":[{"embeddable":true,"href":"https:\/\/www.carideal.com\/blog\/wp-json\/wp\/v2\/comments?post=9464"}],"version-history":[{"count":0,"href":"https:\/\/www.carideal.com\/blog\/wp-json\/wp\/v2\/posts\/9464\/revisions"}],"wp:attachment":[{"href":"https:\/\/www.carideal.com\/blog\/wp-json\/wp\/v2\/media?parent=9464"}],"wp:term":[{"taxonomy":"category","embeddable":true,"href":"https:\/\/www.carideal.com\/blog\/wp-json\/wp\/v2\/categories?post=9464"},{"taxonomy":"post_tag","embeddable":true,"href":"https:\/\/www.carideal.com\/blog\/wp-json\/wp\/v2\/tags?post=9464"}],"curies":[{"name":"wp","href":"https:\/\/api.w.org\/{rel}","templated":true}]}}