{"id":9458,"date":"2016-02-13T17:02:17","date_gmt":"2016-02-13T16:02:17","guid":{"rendered":"http:\/\/www.carideal.com\/blog\/?p=9458"},"modified":"2020-03-12T08:26:48","modified_gmt":"2020-03-12T07:26:48","slug":"land-rover-evoque-cab","status":"publish","type":"post","link":"https:\/\/www.carideal.com\/blog\/2016\/02\/13\/land-rover-evoque-cab\/","title":{"rendered":"Land Rover Evoque Cabriolet"},"content":{"rendered":"<h1>Land Rover Evoque Cabriolet<\/h1>\n<p>Le nouveau <strong>Land Rover Evoque Cabriolet<\/strong> sera pr\u00e9sent\u00e9 au salon de Gen\u00e8ve et sera commercialis\u00e9 en Avril 2016 \u00e0 partir de 51600 \u20ac. Land Rover a invent\u00e9 le concept du <span style=\"text-decoration: underline;\">SUV cabriolet<\/span>, en le d\u00e9rivant de son Evoque et en lui greffant une capote en toile. l'Evoque Cabriolet sera disponible uniquement en transmission int\u00e9grale 4x4 et avec trois moteurs : les 2.0 TD4 de 150 ch, le 2.0 TD4 de 180 ch et le moteur essence 2.0 Si4 de 240 ch. on pourra manoeuvrer sa capote en roulant jusqte 50 km\/h et l'ouverture prend 18 secondes.<\/p>\n<figure id=\"attachment_7005\" aria-describedby=\"caption-attachment-7005\" style=\"width: 590px\" class=\"wp-caption alignnone\"><img loading=\"lazy\" decoding=\"async\" class=\"wp-image-7005 size-full\" title=\"Range Rover Evoque Cabriolet\" src=\"http:\/\/www.carideal.com\/blog\/wp-content\/uploads\/2015\/10\/range-rover-evoque-cabriolet-blog-carideal-e1565092626240.jpg\" alt=\"Range Rover Evoque Cabriolet\" width=\"600\" height=\"398\" \/><figcaption id=\"caption-attachment-7005\" class=\"wp-caption-text\">Range Rover Evoque Cabriolet<\/figcaption><\/figure>\n<p>&nbsp;<\/p>\n<ul>\n<li>Toutes nos offres de Range Rover Evoque<\/li>\n<\/ul>\n<p>Land Rover a pr\u00e9sent\u00e9 son premier SUV Cabriolet compact - Land Rover Evoque Cabriolet au salon de l'automobile de Gen\u00e8ve 2016. Le nouveau Range Rover est un \u00e9l\u00e9gant cabriolet \u00e0 quatre places associ\u00e9 \u00e0 une rigidit\u00e9 structurelle sup\u00e9rieure et \u00e0 toutes les autres caract\u00e9ristiques attendues d'un Land Rover.<br \/>\nGerry McGovern, directeur de la conception et directeur de la cr\u00e9ation chez Land Rover, a d\u00e9clar\u00e9 ceci \u00e0 propos du Land Rover Evoque Cabriolet: \u00abLe Land Rover Evoque Cabriolet est un v\u00e9hicule adapt\u00e9 \u00e0 toutes les saisons. Son design unique et son ing\u00e9nierie de classe mondiale ajoutent une autre dimension \u00e0 la famille Range Rover, renfor\u00e7ant encore son attrait. \u201d<\/p>\n<ul>\n<li><a href=\"http:\/\/www.carideal.com\/blog\/2017\/05\/08\/guide-dachat-4x4-et-suv-les-meilleurs-en-2017\/\">Guide d'achat des SUV et 4x4<\/a><\/li>\n<\/ul>\n<p>L'Evoque Cab est livr\u00e9 avec un toit enti\u00e8rement automatis\u00e9 pouvant se ranger en 18 secondes et pouvant \u00eatre \u00e9lev\u00e9 en 21 secondes. Le coffre est livr\u00e9 avec une capacit\u00e9 de 251 litres, ce qui permet un espace de chargement suffisant.<\/p>\n<p>Le dernier-n\u00e9 de la famille Range Rover est \u00e9quip\u00e9 d'un moteur quatre cylindres turbocompress\u00e9 de 240 CV, d'une transmission automatique \u00e0 neuf rapports et du syst\u00e8me Terrain Response qui lui permettront de fonctionner de mani\u00e8re uniforme sur tous les terrains et dans toutes les conditions.<\/p>\n<ul>\n<li><a href=\"http:\/\/www.carideal.com\/blog\/2018\/01\/07\/10-meilleurs-suv-neige\/\">Les meilleurs SUV dans la neige<\/a><\/li>\n<\/ul>\n<p>En mati\u00e8re de divertissement, l\u2019Evoque Cab est dot\u00e9e d\u2019un \u00e9cran tactile de 10,2 pouces dot\u00e9 du syst\u00e8me d\u2019infotainment InControl Touch Pro <a href=\"http:\/\/www.carideal.com\/blog\/2013\/02\/20\/800-recrutements-chez-jaguar-et-land-rover\/\">Jaguar Land Rover<\/a> de nouvelle g\u00e9n\u00e9ration. Ce nouveau syst\u00e8me d'infodivertissement a fait ses d\u00e9buts avec l'<a href=\"http:\/\/www.carideal.com\/blog\/2015\/03\/28\/land-rover-evoque-un-petit-lifting\/\">Evoque<\/a>. Il offre une int\u00e9gration transparente des smartphones, une navigation porte \u00e0 porte, une connectivit\u00e9 Wi-Fi et un syst\u00e8me audio haut de gamme.<\/p>\n","protected":false},"excerpt":{"rendered":"<p>Land Rover Evoque Cabriolet Le nouveau Land Rover Evoque Cabriolet sera pr\u00e9sent\u00e9 au salon de Gen\u00e8ve et sera commercialis\u00e9 en Avril 2016 \u00e0 partir de 51600 \u20ac. Land Rover a invent\u00e9 le concept du SUV cabriolet, en le d\u00e9rivant de son Evoque et en lui greffant une capote en toile. l&rsquo;Evoque Cabriolet sera disponible uniquement &#8230; <a title=\"Land Rover Evoque Cabriolet\" class=\"read-more\" href=\"https:\/\/www.carideal.com\/blog\/2016\/02\/13\/land-rover-evoque-cab\/\" aria-label=\"En savoir plus sur Land Rover Evoque Cabriolet\">Lire plus<\/a><\/p>\n","protected":false},"author":3,"featured_media":9459,"comment_status":"open","ping_status":"open","sticky":false,"template":"","format":"standard","meta":{"_uag_custom_page_level_css":"","_themeisle_gutenberg_block_has_review":false,"footnotes":""},"categories":[21,5944,6095,6019,10,5972,6097,6010,5974],"tags":[],"class_list":["post-9458","post","type-post","status-publish","format-standard","has-post-thumbnail","hentry","category-actualites-auto","category-constructeur","category-land-rover","category-cabriolet","category-marche-automobile-voiture-neuve-occasion-4x4-suv","category-salons","category-salon-de-geneve","category-suv","category-type-de-vehicule"],"wppr_data":{"cwp_meta_box_check":"No"},"yoast_head":"<!-- This site is optimized with the Yoast SEO plugin v24.8.1 - https:\/\/yoast.com\/wordpress\/plugins\/seo\/ -->\n<title>Land Rover Evoque Cabriolet - Blog auto Carid\u00e9al<\/title>\n<meta name=\"description\" content=\"Land Rover Evoque Cabriolet le premier SUV premium cabriolet, il fallait oser ! Uniquement disponible en 4x4 et \u00e0 partir de 51600 \u20ac\" \/>\n<meta name=\"robots\" content=\"index, follow, max-snippet:-1, max-image-preview:large, max-video-preview:-1\" \/>\n<link rel=\"canonical\" href=\"https:\/\/www.carideal.com\/blog\/2016\/02\/13\/land-rover-evoque-cab\/\" \/>\n<meta property=\"og:locale\" content=\"fr_FR\" \/>\n<meta property=\"og:type\" content=\"article\" \/>\n<meta property=\"og:title\" content=\"Land Rover Evoque Cabriolet - Blog auto Carid\u00e9al\" \/>\n<meta property=\"og:description\" content=\"Land Rover Evoque Cabriolet le premier SUV premium cabriolet, il fallait oser ! Uniquement disponible en 4x4 et \u00e0 partir de 51600 \u20ac\" \/>\n<meta property=\"og:url\" content=\"https:\/\/www.carideal.com\/blog\/2016\/02\/13\/land-rover-evoque-cab\/\" \/>\n<meta property=\"og:site_name\" content=\"Blog auto Carid\u00e9al\" \/>\n<meta property=\"article:publisher\" content=\"https:\/\/www.facebook.com\/Carideal.mandataire.automobile\" \/>\n<meta property=\"article:author\" content=\"https:\/\/www.facebook.com\/nicolas.schiavon.39\" \/>\n<meta property=\"article:published_time\" content=\"2016-02-13T16:02:17+00:00\" \/>\n<meta property=\"article:modified_time\" content=\"2020-03-12T07:26:48+00:00\" \/>\n<meta property=\"og:image\" content=\"https:\/\/www.carideal.com\/blog\/wp-content\/uploads\/2016\/02\/land-rover-evoque-cab-e1567083311215.jpg\" \/>\n\t<meta property=\"og:image:width\" content=\"600\" \/>\n\t<meta property=\"og:image:height\" content=\"338\" \/>\n\t<meta property=\"og:image:type\" content=\"image\/jpeg\" \/>\n<meta name=\"author\" content=\"Nicolas SCHIAVON\" \/>\n<meta name=\"twitter:card\" content=\"summary_large_image\" \/>\n<meta name=\"twitter:creator\" content=\"@caridealauto\" \/>\n<meta name=\"twitter:site\" content=\"@caridealauto\" \/>\n<meta name=\"twitter:label1\" content=\"\u00c9crit par\" \/>\n\t<meta name=\"twitter:data1\" content=\"Nicolas SCHIAVON\" \/>\n\t<meta name=\"twitter:label2\" content=\"Dur\u00e9e de lecture estim\u00e9e\" \/>\n\t<meta name=\"twitter:data2\" content=\"2 minutes\" \/>\n<script type=\"application\/ld+json\" class=\"yoast-schema-graph\">{\"@context\":\"https:\/\/schema.org\",\"@graph\":[{\"@type\":\"Article\",\"@id\":\"https:\/\/www.carideal.com\/blog\/2016\/02\/13\/land-rover-evoque-cab\/#article\",\"isPartOf\":{\"@id\":\"https:\/\/www.carideal.com\/blog\/2016\/02\/13\/land-rover-evoque-cab\/\"},\"author\":{\"name\":\"Nicolas SCHIAVON\",\"@id\":\"https:\/\/www.carideal.com\/blog\/#\/schema\/person\/cd95dc7919660de90d31b366f85be1ec\"},\"headline\":\"Land Rover Evoque Cabriolet\",\"datePublished\":\"2016-02-13T16:02:17+00:00\",\"dateModified\":\"2020-03-12T07:26:48+00:00\",\"mainEntityOfPage\":{\"@id\":\"https:\/\/www.carideal.com\/blog\/2016\/02\/13\/land-rover-evoque-cab\/\"},\"wordCount\":389,\"commentCount\":0,\"publisher\":{\"@id\":\"https:\/\/www.carideal.com\/blog\/#organization\"},\"image\":{\"@id\":\"https:\/\/www.carideal.com\/blog\/2016\/02\/13\/land-rover-evoque-cab\/#primaryimage\"},\"thumbnailUrl\":\"https:\/\/www.carideal.com\/blog\/wp-content\/uploads\/2016\/02\/land-rover-evoque-cab-e1567083311215.jpg\",\"articleSection\":[\"Actualit\u00e9 automobile\",\"Actualit\u00e9 Constructeur automobile\",\"Actualit\u00e9 Land Rover\",\"Cabriolet\",\"March\u00e9 automobile\",\"Salon automobile\",\"Salon de Gen\u00e8ve\",\"SUV\",\"Type de v\u00e9hicule\"],\"inLanguage\":\"fr-FR\",\"potentialAction\":[{\"@type\":\"CommentAction\",\"name\":\"Comment\",\"target\":[\"https:\/\/www.carideal.com\/blog\/2016\/02\/13\/land-rover-evoque-cab\/#respond\"]}]},{\"@type\":\"WebPage\",\"@id\":\"https:\/\/www.carideal.com\/blog\/2016\/02\/13\/land-rover-evoque-cab\/\",\"url\":\"https:\/\/www.carideal.com\/blog\/2016\/02\/13\/land-rover-evoque-cab\/\",\"name\":\"Land Rover Evoque Cabriolet - Blog auto Carid\u00e9al\",\"isPartOf\":{\"@id\":\"https:\/\/www.carideal.com\/blog\/#website\"},\"primaryImageOfPage\":{\"@id\":\"https:\/\/www.carideal.com\/blog\/2016\/02\/13\/land-rover-evoque-cab\/#primaryimage\"},\"image\":{\"@id\":\"https:\/\/www.carideal.com\/blog\/2016\/02\/13\/land-rover-evoque-cab\/#primaryimage\"},\"thumbnailUrl\":\"https:\/\/www.carideal.com\/blog\/wp-content\/uploads\/2016\/02\/land-rover-evoque-cab-e1567083311215.jpg\",\"datePublished\":\"2016-02-13T16:02:17+00:00\",\"dateModified\":\"2020-03-12T07:26:48+00:00\",\"description\":\"Land Rover Evoque Cabriolet le premier SUV premium cabriolet, il fallait oser ! Uniquement disponible en 4x4 et \u00e0 partir de 51600 \u20ac\",\"breadcrumb\":{\"@id\":\"https:\/\/www.carideal.com\/blog\/2016\/02\/13\/land-rover-evoque-cab\/#breadcrumb\"},\"inLanguage\":\"fr-FR\",\"potentialAction\":[{\"@type\":\"ReadAction\",\"target\":[\"https:\/\/www.carideal.com\/blog\/2016\/02\/13\/land-rover-evoque-cab\/\"]}]},{\"@type\":\"ImageObject\",\"inLanguage\":\"fr-FR\",\"@id\":\"https:\/\/www.carideal.com\/blog\/2016\/02\/13\/land-rover-evoque-cab\/#primaryimage\",\"url\":\"https:\/\/www.carideal.com\/blog\/wp-content\/uploads\/2016\/02\/land-rover-evoque-cab-e1567083311215.jpg\",\"contentUrl\":\"https:\/\/www.carideal.com\/blog\/wp-content\/uploads\/2016\/02\/land-rover-evoque-cab-e1567083311215.jpg\",\"width\":600,\"height\":338,\"caption\":\"Land Rover Evoque Cabriolet\"},{\"@type\":\"BreadcrumbList\",\"@id\":\"https:\/\/www.carideal.com\/blog\/2016\/02\/13\/land-rover-evoque-cab\/#breadcrumb\",\"itemListElement\":[{\"@type\":\"ListItem\",\"position\":1,\"name\":\"Blog Carid\u00e9al\",\"item\":\"https:\/\/www.carideal.com\/blog\/\"},{\"@type\":\"ListItem\",\"position\":2,\"name\":\"Actualit\u00e9 constructeur automobile\",\"item\":\"https:\/\/www.carideal.com\/blog\/constructeur\/\"},{\"@type\":\"ListItem\",\"position\":3,\"name\":\"Actualit\u00e9 Land Rover\",\"item\":\"https:\/\/www.carideal.com\/blog\/constructeur\/land-rover\/\"},{\"@type\":\"ListItem\",\"position\":4,\"name\":\"Land Rover Evoque Cabriolet\"}]},{\"@type\":\"WebSite\",\"@id\":\"https:\/\/www.carideal.com\/blog\/#website\",\"url\":\"https:\/\/www.carideal.com\/blog\/\",\"name\":\"Blog auto Carid\u00e9al\",\"description\":\"Actualit\u00e9 auto par des passionn\u00e9s\",\"publisher\":{\"@id\":\"https:\/\/www.carideal.com\/blog\/#organization\"},\"potentialAction\":[{\"@type\":\"SearchAction\",\"target\":{\"@type\":\"EntryPoint\",\"urlTemplate\":\"https:\/\/www.carideal.com\/blog\/?s={search_term_string}\"},\"query-input\":{\"@type\":\"PropertyValueSpecification\",\"valueRequired\":true,\"valueName\":\"search_term_string\"}}],\"inLanguage\":\"fr-FR\"},{\"@type\":\"Organization\",\"@id\":\"https:\/\/www.carideal.com\/blog\/#organization\",\"name\":\"Carideal\",\"url\":\"https:\/\/www.carideal.com\/blog\/\",\"logo\":{\"@type\":\"ImageObject\",\"inLanguage\":\"fr-FR\",\"@id\":\"https:\/\/www.carideal.com\/blog\/#\/schema\/logo\/image\/\",\"url\":\"http:\/\/www.carideal.com\/blog\/wp-content\/uploads\/2016\/03\/logo-carideal-mandataire-automobile.png\",\"contentUrl\":\"http:\/\/www.carideal.com\/blog\/wp-content\/uploads\/2016\/03\/logo-carideal-mandataire-automobile.png\",\"width\":300,\"height\":300,\"caption\":\"Carideal\"},\"image\":{\"@id\":\"https:\/\/www.carideal.com\/blog\/#\/schema\/logo\/image\/\"},\"sameAs\":[\"https:\/\/www.facebook.com\/Carideal.mandataire.automobile\",\"https:\/\/x.com\/caridealauto\",\"https:\/\/www.instagram.com\/carideal1\/\",\"https:\/\/www.linkedin.com\/company\/carideal.com\",\"https:\/\/fr.pinterest.com\/schiavonsas\/\",\"https:\/\/www.youtube.com\/user\/caridealsas\"]},{\"@type\":\"Person\",\"@id\":\"https:\/\/www.carideal.com\/blog\/#\/schema\/person\/cd95dc7919660de90d31b366f85be1ec\",\"name\":\"Nicolas SCHIAVON\",\"image\":{\"@type\":\"ImageObject\",\"inLanguage\":\"fr-FR\",\"@id\":\"https:\/\/www.carideal.com\/blog\/#\/schema\/person\/image\/\",\"url\":\"https:\/\/secure.gravatar.com\/avatar\/c17e55009e671d92cc7f5dc837dc418a?s=96&r=g\",\"contentUrl\":\"https:\/\/secure.gravatar.com\/avatar\/c17e55009e671d92cc7f5dc837dc418a?s=96&r=g\",\"caption\":\"Nicolas SCHIAVON\"},\"description\":\"Nicolas Schiavon est tomb\u00e9 tout petit dans la marmite automobile. Ayant eu un garage de marque automobile, mandataire automobile de la premi\u00e8re heure d\u00e8s 1999. Nicolas a cr\u00e9\u00e9 ces premiers sites de vente de voiture et blog automobile d\u00e8s 1994. Carideal est n\u00e9 le 15 d\u00e9cembre 2000 de la volont\u00e9 de vendre des voitures d'occasions en ligne puis des voitures neuves. Il a pu essayer beaucoup de voitures tr\u00e8s diff\u00e9rentes et ayant eu personnellement quelques belles autos, Subaru Impreza, Mitsubishi Lancer Evo 7, Porsche 911, Ferrari Testarrossa, Audi RS3, RS4 et j'en passe...\",\"sameAs\":[\"http:\/\/www.carideal.com\",\"https:\/\/www.facebook.com\/nicolas.schiavon.39\",\"https:\/\/www.instagram.com\/carideal1\/\",\"https:\/\/www.linkedin.com\/in\/nschiavon\/\",\"https:\/\/x.com\/caridealauto\",\"https:\/\/www.youtube.com\/user\/caridealsas\/\"],\"url\":\"https:\/\/www.carideal.com\/blog\/author\/nschiavon\/\"}]}<\/script>\n<!-- \/ Yoast SEO plugin. -->","yoast_head_json":{"title":"Land Rover Evoque Cabriolet - Blog auto Carid\u00e9al","description":"Land Rover Evoque Cabriolet le premier SUV premium cabriolet, il fallait oser ! Uniquement disponible en 4x4 et \u00e0 partir de 51600 \u20ac","robots":{"index":"index","follow":"follow","max-snippet":"max-snippet:-1","max-image-preview":"max-image-preview:large","max-video-preview":"max-video-preview:-1"},"canonical":"https:\/\/www.carideal.com\/blog\/2016\/02\/13\/land-rover-evoque-cab\/","og_locale":"fr_FR","og_type":"article","og_title":"Land Rover Evoque Cabriolet - Blog auto Carid\u00e9al","og_description":"Land Rover Evoque Cabriolet le premier SUV premium cabriolet, il fallait oser ! Uniquement disponible en 4x4 et \u00e0 partir de 51600 \u20ac","og_url":"https:\/\/www.carideal.com\/blog\/2016\/02\/13\/land-rover-evoque-cab\/","og_site_name":"Blog auto Carid\u00e9al","article_publisher":"https:\/\/www.facebook.com\/Carideal.mandataire.automobile","article_author":"https:\/\/www.facebook.com\/nicolas.schiavon.39","article_published_time":"2016-02-13T16:02:17+00:00","article_modified_time":"2020-03-12T07:26:48+00:00","og_image":[{"width":600,"height":338,"url":"https:\/\/www.carideal.com\/blog\/wp-content\/uploads\/2016\/02\/land-rover-evoque-cab-e1567083311215.jpg","type":"image\/jpeg"}],"author":"Nicolas SCHIAVON","twitter_card":"summary_large_image","twitter_creator":"@caridealauto","twitter_site":"@caridealauto","twitter_misc":{"\u00c9crit par":"Nicolas SCHIAVON","Dur\u00e9e de lecture estim\u00e9e":"2 minutes"},"schema":{"@context":"https:\/\/schema.org","@graph":[{"@type":"Article","@id":"https:\/\/www.carideal.com\/blog\/2016\/02\/13\/land-rover-evoque-cab\/#article","isPartOf":{"@id":"https:\/\/www.carideal.com\/blog\/2016\/02\/13\/land-rover-evoque-cab\/"},"author":{"name":"Nicolas SCHIAVON","@id":"https:\/\/www.carideal.com\/blog\/#\/schema\/person\/cd95dc7919660de90d31b366f85be1ec"},"headline":"Land Rover Evoque Cabriolet","datePublished":"2016-02-13T16:02:17+00:00","dateModified":"2020-03-12T07:26:48+00:00","mainEntityOfPage":{"@id":"https:\/\/www.carideal.com\/blog\/2016\/02\/13\/land-rover-evoque-cab\/"},"wordCount":389,"commentCount":0,"publisher":{"@id":"https:\/\/www.carideal.com\/blog\/#organization"},"image":{"@id":"https:\/\/www.carideal.com\/blog\/2016\/02\/13\/land-rover-evoque-cab\/#primaryimage"},"thumbnailUrl":"https:\/\/www.carideal.com\/blog\/wp-content\/uploads\/2016\/02\/land-rover-evoque-cab-e1567083311215.jpg","articleSection":["Actualit\u00e9 automobile","Actualit\u00e9 Constructeur automobile","Actualit\u00e9 Land Rover","Cabriolet","March\u00e9 automobile","Salon automobile","Salon de Gen\u00e8ve","SUV","Type de v\u00e9hicule"],"inLanguage":"fr-FR","potentialAction":[{"@type":"CommentAction","name":"Comment","target":["https:\/\/www.carideal.com\/blog\/2016\/02\/13\/land-rover-evoque-cab\/#respond"]}]},{"@type":"WebPage","@id":"https:\/\/www.carideal.com\/blog\/2016\/02\/13\/land-rover-evoque-cab\/","url":"https:\/\/www.carideal.com\/blog\/2016\/02\/13\/land-rover-evoque-cab\/","name":"Land Rover Evoque Cabriolet - Blog auto Carid\u00e9al","isPartOf":{"@id":"https:\/\/www.carideal.com\/blog\/#website"},"primaryImageOfPage":{"@id":"https:\/\/www.carideal.com\/blog\/2016\/02\/13\/land-rover-evoque-cab\/#primaryimage"},"image":{"@id":"https:\/\/www.carideal.com\/blog\/2016\/02\/13\/land-rover-evoque-cab\/#primaryimage"},"thumbnailUrl":"https:\/\/www.carideal.com\/blog\/wp-content\/uploads\/2016\/02\/land-rover-evoque-cab-e1567083311215.jpg","datePublished":"2016-02-13T16:02:17+00:00","dateModified":"2020-03-12T07:26:48+00:00","description":"Land Rover Evoque Cabriolet le premier SUV premium cabriolet, il fallait oser ! Uniquement disponible en 4x4 et \u00e0 partir de 51600 \u20ac","breadcrumb":{"@id":"https:\/\/www.carideal.com\/blog\/2016\/02\/13\/land-rover-evoque-cab\/#breadcrumb"},"inLanguage":"fr-FR","potentialAction":[{"@type":"ReadAction","target":["https:\/\/www.carideal.com\/blog\/2016\/02\/13\/land-rover-evoque-cab\/"]}]},{"@type":"ImageObject","inLanguage":"fr-FR","@id":"https:\/\/www.carideal.com\/blog\/2016\/02\/13\/land-rover-evoque-cab\/#primaryimage","url":"https:\/\/www.carideal.com\/blog\/wp-content\/uploads\/2016\/02\/land-rover-evoque-cab-e1567083311215.jpg","contentUrl":"https:\/\/www.carideal.com\/blog\/wp-content\/uploads\/2016\/02\/land-rover-evoque-cab-e1567083311215.jpg","width":600,"height":338,"caption":"Land Rover Evoque Cabriolet"},{"@type":"BreadcrumbList","@id":"https:\/\/www.carideal.com\/blog\/2016\/02\/13\/land-rover-evoque-cab\/#breadcrumb","itemListElement":[{"@type":"ListItem","position":1,"name":"Blog Carid\u00e9al","item":"https:\/\/www.carideal.com\/blog\/"},{"@type":"ListItem","position":2,"name":"Actualit\u00e9 constructeur automobile","item":"https:\/\/www.carideal.com\/blog\/constructeur\/"},{"@type":"ListItem","position":3,"name":"Actualit\u00e9 Land Rover","item":"https:\/\/www.carideal.com\/blog\/constructeur\/land-rover\/"},{"@type":"ListItem","position":4,"name":"Land Rover Evoque Cabriolet"}]},{"@type":"WebSite","@id":"https:\/\/www.carideal.com\/blog\/#website","url":"https:\/\/www.carideal.com\/blog\/","name":"Blog auto Carid\u00e9al","description":"Actualit\u00e9 auto par des passionn\u00e9s","publisher":{"@id":"https:\/\/www.carideal.com\/blog\/#organization"},"potentialAction":[{"@type":"SearchAction","target":{"@type":"EntryPoint","urlTemplate":"https:\/\/www.carideal.com\/blog\/?s={search_term_string}"},"query-input":{"@type":"PropertyValueSpecification","valueRequired":true,"valueName":"search_term_string"}}],"inLanguage":"fr-FR"},{"@type":"Organization","@id":"https:\/\/www.carideal.com\/blog\/#organization","name":"Carideal","url":"https:\/\/www.carideal.com\/blog\/","logo":{"@type":"ImageObject","inLanguage":"fr-FR","@id":"https:\/\/www.carideal.com\/blog\/#\/schema\/logo\/image\/","url":"http:\/\/www.carideal.com\/blog\/wp-content\/uploads\/2016\/03\/logo-carideal-mandataire-automobile.png","contentUrl":"http:\/\/www.carideal.com\/blog\/wp-content\/uploads\/2016\/03\/logo-carideal-mandataire-automobile.png","width":300,"height":300,"caption":"Carideal"},"image":{"@id":"https:\/\/www.carideal.com\/blog\/#\/schema\/logo\/image\/"},"sameAs":["https:\/\/www.facebook.com\/Carideal.mandataire.automobile","https:\/\/x.com\/caridealauto","https:\/\/www.instagram.com\/carideal1\/","https:\/\/www.linkedin.com\/company\/carideal.com","https:\/\/fr.pinterest.com\/schiavonsas\/","https:\/\/www.youtube.com\/user\/caridealsas"]},{"@type":"Person","@id":"https:\/\/www.carideal.com\/blog\/#\/schema\/person\/cd95dc7919660de90d31b366f85be1ec","name":"Nicolas SCHIAVON","image":{"@type":"ImageObject","inLanguage":"fr-FR","@id":"https:\/\/www.carideal.com\/blog\/#\/schema\/person\/image\/","url":"https:\/\/secure.gravatar.com\/avatar\/c17e55009e671d92cc7f5dc837dc418a?s=96&r=g","contentUrl":"https:\/\/secure.gravatar.com\/avatar\/c17e55009e671d92cc7f5dc837dc418a?s=96&r=g","caption":"Nicolas SCHIAVON"},"description":"Nicolas Schiavon est tomb\u00e9 tout petit dans la marmite automobile. Ayant eu un garage de marque automobile, mandataire automobile de la premi\u00e8re heure d\u00e8s 1999. Nicolas a cr\u00e9\u00e9 ces premiers sites de vente de voiture et blog automobile d\u00e8s 1994. Carideal est n\u00e9 le 15 d\u00e9cembre 2000 de la volont\u00e9 de vendre des voitures d'occasions en ligne puis des voitures neuves. Il a pu essayer beaucoup de voitures tr\u00e8s diff\u00e9rentes et ayant eu personnellement quelques belles autos, Subaru Impreza, Mitsubishi Lancer Evo 7, Porsche 911, Ferrari Testarrossa, Audi RS3, RS4 et j'en passe...","sameAs":["http:\/\/www.carideal.com","https:\/\/www.facebook.com\/nicolas.schiavon.39","https:\/\/www.instagram.com\/carideal1\/","https:\/\/www.linkedin.com\/in\/nschiavon\/","https:\/\/x.com\/caridealauto","https:\/\/www.youtube.com\/user\/caridealsas\/"],"url":"https:\/\/www.carideal.com\/blog\/author\/nschiavon\/"}]}},"uagb_featured_image_src":{"full":["https:\/\/www.carideal.com\/blog\/wp-content\/uploads\/2016\/02\/land-rover-evoque-cab-e1567083311215.jpg",600,338,false],"thumbnail":["https:\/\/www.carideal.com\/blog\/wp-content\/uploads\/2016\/02\/land-rover-evoque-cab-150x150.jpg",150,150,true],"medium":["https:\/\/www.carideal.com\/blog\/wp-content\/uploads\/2016\/02\/land-rover-evoque-cab-300x169.jpg",300,169,true],"medium_large":["https:\/\/www.carideal.com\/blog\/wp-content\/uploads\/2016\/02\/land-rover-evoque-cab-e1567083311215.jpg",600,338,false],"large":["https:\/\/www.carideal.com\/blog\/wp-content\/uploads\/2016\/02\/land-rover-evoque-cab-e1567083311215.jpg",600,338,false],"1536x1536":["https:\/\/www.carideal.com\/blog\/wp-content\/uploads\/2016\/02\/land-rover-evoque-cab-e1567083311215.jpg",600,338,false],"2048x2048":["https:\/\/www.carideal.com\/blog\/wp-content\/uploads\/2016\/02\/land-rover-evoque-cab-e1567083311215.jpg",600,338,false],"wppr-widget":["https:\/\/www.carideal.com\/blog\/wp-content\/uploads\/2016\/02\/land-rover-evoque-cab-e1567083311215.jpg",50,28,false]},"uagb_author_info":{"display_name":"Nicolas SCHIAVON","author_link":"https:\/\/www.carideal.com\/blog\/author\/nschiavon\/"},"uagb_comment_info":0,"uagb_excerpt":"Land Rover Evoque Cabriolet Le nouveau Land Rover Evoque Cabriolet sera pr\u00e9sent\u00e9 au salon de Gen\u00e8ve et sera commercialis\u00e9 en Avril 2016 \u00e0 partir de 51600 \u20ac. Land Rover a invent\u00e9 le concept du SUV cabriolet, en le d\u00e9rivant de son Evoque et en lui greffant une capote en toile. l'Evoque Cabriolet sera disponible uniquement\u2026","_links":{"self":[{"href":"https:\/\/www.carideal.com\/blog\/wp-json\/wp\/v2\/posts\/9458"}],"collection":[{"href":"https:\/\/www.carideal.com\/blog\/wp-json\/wp\/v2\/posts"}],"about":[{"href":"https:\/\/www.carideal.com\/blog\/wp-json\/wp\/v2\/types\/post"}],"author":[{"embeddable":true,"href":"https:\/\/www.carideal.com\/blog\/wp-json\/wp\/v2\/users\/3"}],"replies":[{"embeddable":true,"href":"https:\/\/www.carideal.com\/blog\/wp-json\/wp\/v2\/comments?post=9458"}],"version-history":[{"count":0,"href":"https:\/\/www.carideal.com\/blog\/wp-json\/wp\/v2\/posts\/9458\/revisions"}],"wp:featuredmedia":[{"embeddable":true,"href":"https:\/\/www.carideal.com\/blog\/wp-json\/wp\/v2\/media\/9459"}],"wp:attachment":[{"href":"https:\/\/www.carideal.com\/blog\/wp-json\/wp\/v2\/media?parent=9458"}],"wp:term":[{"taxonomy":"category","embeddable":true,"href":"https:\/\/www.carideal.com\/blog\/wp-json\/wp\/v2\/categories?post=9458"},{"taxonomy":"post_tag","embeddable":true,"href":"https:\/\/www.carideal.com\/blog\/wp-json\/wp\/v2\/tags?post=9458"}],"curies":[{"name":"wp","href":"https:\/\/api.w.org\/{rel}","templated":true}]}}