{"id":9455,"date":"2016-02-13T16:40:47","date_gmt":"2016-02-13T15:40:47","guid":{"rendered":"http:\/\/www.carideal.com\/blog\/?p=9455"},"modified":"2020-03-09T06:19:51","modified_gmt":"2020-03-09T05:19:51","slug":"kia-niro-2016","status":"publish","type":"post","link":"https:\/\/www.carideal.com\/blog\/2016\/02\/13\/kia-niro-2016\/","title":{"rendered":"Kia Niro 2016 au Salon de Gen\u00e8ve"},"content":{"rendered":"<h1>Le Kia Niro 2016 sera pr\u00e9sent\u00e9 au Salon de Gen\u00e8ve<\/h1>\n<figure id=\"attachment_13589\" aria-describedby=\"caption-attachment-13589\" style=\"width: 590px\" class=\"wp-caption alignnone\"><a href=\"http:\/\/www.carideal.com\/blog\/wp-content\/uploads\/2016\/02\/kia-niro-2016-1.jpg\"><img loading=\"lazy\" decoding=\"async\" class=\"wp-image-13589\" title=\"Kia Niro 2016 Hybride\" src=\"http:\/\/www.carideal.com\/blog\/wp-content\/uploads\/2016\/02\/kia-niro-2016-1.jpg\" alt=\"Kia Niro 2016\" width=\"600\" height=\"400\" srcset=\"https:\/\/www.carideal.com\/blog\/wp-content\/uploads\/2016\/02\/kia-niro-2016-1.jpg 800w, https:\/\/www.carideal.com\/blog\/wp-content\/uploads\/2016\/02\/kia-niro-2016-1-300x200.jpg 300w, https:\/\/www.carideal.com\/blog\/wp-content\/uploads\/2016\/02\/kia-niro-2016-1-768x512.jpg 768w, https:\/\/www.carideal.com\/blog\/wp-content\/uploads\/2016\/02\/kia-niro-2016-1-110x73.jpg 110w, https:\/\/www.carideal.com\/blog\/wp-content\/uploads\/2016\/02\/kia-niro-2016-1-420x280.jpg 420w, https:\/\/www.carideal.com\/blog\/wp-content\/uploads\/2016\/02\/kia-niro-2016-1-645x430.jpg 645w, https:\/\/www.carideal.com\/blog\/wp-content\/uploads\/2016\/02\/kia-niro-2016-1-50x33.jpg 50w\" sizes=\"(max-width: 600px) 100vw, 600px\" \/><\/a><figcaption id=\"caption-attachment-13589\" class=\"wp-caption-text\">Kia Niro 2016 Hybride<\/figcaption><\/figure>\n<p>Le <strong>Kia Niro 2016<\/strong> (4.35m de long) sera en vente \u00e0 partir du mois de Juin 2016 \u00e0 partir de 20 000 \u20ac. Le Nouveau Kia Niro 2016 viendra completer l'offre des SUV <span style=\"text-decoration: underline;\">Kia<\/span> \u00e0 savoir les <span style=\"text-decoration: underline;\">Kia Sportage<\/span> long de 4.45 m et du <span style=\"text-decoration: underline;\"><a href=\"http:\/\/www.carideal.com\/blog\/2013\/12\/08\/kia-soul-2014\/\">Kia soul<\/a><\/span> de 4.10m.Il sera r\u00e9solument plus typ\u00e9 SUV que le Soul et proposera aussi une motorisation Hybride. Kia est tr\u00e8s optimiste et souhaite en vendre 2000 d\u00e8s cet ann\u00e9e en France.<\/p>\n<p>&nbsp;<\/p>\n<p>Kia avait pr\u00e9sent\u00e9 son <a href=\"http:\/\/www.carideal.com\/blog\/2013\/12\/24\/kia-niro-concept-car-2\/\">concept car Niro hybride<\/a> en 2013, souhaitant innover sur le segment des crossovers avec le Niro. Le Kia Niro 2016 est un mod\u00e8le de <strong>SUV hybride<\/strong> qui veut se confronter aux autres SUV \u00e0 motorisation classique \u00e0 moteur \u00e0 combustion interne : les <span style=\"text-decoration: underline;\">Nissan Qashqai<\/span> et <span style=\"text-decoration: underline;\"><a href=\"http:\/\/www.carideal.com\/blog\/2016\/02\/14\/le-suv-seat-ateca-en-mars-2016\/\">Seat Ateca<\/a><\/span>. De l\u00e0 \u00e0 vouloir l'opposer dans un futur essai \u00e0 la reine des <span style=\"text-decoration: underline;\">berlines hybrides<\/span>\u00a0<span style=\"text-decoration: underline;\">Toyota Prius<\/span>, pourquoi pas ?<\/p>\n<h2>La gamme Kia s'agrandit avec ce Kia Niro 2016<\/h2>\n<p>La <span style=\"text-decoration: underline;\">gamme Kia<\/span> s'agrandit avec plus de SUV et crossovers Kia. Le Kia Niro de 4,36 m de long, sera intercal\u00e9 entre le Soul et le Sportage, donc plus petit que le <span style=\"text-decoration: underline;\">Kia Sorrento<\/span>.<\/p>\n<p>Il n'y a donc rien d'\u00e9tonnat \u00e0 ce que Kia veuille un <strong>nouveau SUV<\/strong> dans sa gamme, vu la propension des clients et familles\u00a0\u00e0 vouloir acheter des <strong>Crossover\u00a0\u00e0 vocation familiale<\/strong>. Le plus ind\u00e9niable du Kia Niro est son veritable atout par rapport \u00e0 la concurrence, sa motorisation hybride. Sa chaine\u00a0hybride est compos\u00e9e d'un moteur essence 1.6 de 105 chevaux acoupl\u00e9 d'un \u00e9lectromoteur de 44 ch. Kia pr\u00e9voit une version <strong>hybride rechargeable<\/strong> pr\u00e9vue pour l'ann\u00e9e prochaine.<\/p>\n<pre>Retrouvez nos offres de <span style=\"text-decoration: underline;\">Kia d'occasion<\/span> sur Carideal.com<\/pre>\n<h2>Les Concurrents SUV Hybride du Kia Niro<\/h2>\n<p>Kia vise le <span style=\"text-decoration: underline;\"><a href=\"http:\/\/www.carideal.com\/blog\/2015\/03\/23\/le-mache-des-suv-prospere\/\" target=\"_blank\" rel=\"noopener noreferrer\">march\u00e9 automobile mondiale des SUV<\/a><\/span> pour son Kia Niro. Le Kia Niro abandonne le look agressif du concept car de 2013 pour une silhouette plus consentuelle.<\/p>\n<p>Le <span style=\"text-decoration: underline;\"><a href=\"http:\/\/www.carideal.com\/431-rav4\" target=\"_blank\" rel=\"noopener noreferrer\">Toyota RAV4<\/a><\/span> hybride sera le seul concurrent directe du Kia Niro 2016. Pourtant la gamme du RAV4 est plus compl\u00e8te avec des motorisations essence et diesel plus \u00e0 m\u00eame de s\u00e9duire plus de clients. A\u00a0sa d\u00e9charge, le RAV4 est plus imposant avec\u00a04,60 m de long et surtout plus ch\u00e8r son prix commen\u00e7ant \u00e0 33.400 \u20ac.<\/p>\n<h2>Caract\u00e9ristiques techniques du Kia Niro 2016<\/h2>\n<p>A contrario du groupe motopropulseur Toyota, bas\u00e9 sur une transmission \u00e0 variation continue, la boite de vitesse du Kia Niro est une bo\u00eete automatique \u00e0 double-embrayage. Il s'agit l\u00e0 d'un v\u00e9ritable plus \u00e0 tous niveaux. \u00a0L'agr\u00e9ment global est en hausse les passages de vitesses\u00a0sont plus rapides, plus fluides et le moteur moins sonore.<\/p>\n<figure id=\"attachment_11533\" aria-describedby=\"caption-attachment-11533\" style=\"width: 590px\" class=\"wp-caption alignnone\"><a href=\"http:\/\/www.carideal.com\/blog\/wp-content\/uploads\/2016\/02\/kia-Niro-2016-compteur.jpg\"><img loading=\"lazy\" decoding=\"async\" class=\"wp-image-11533\" title=\"Le compteur de gauche du Kia Niro 2016 permet de surveiller la charge de la batterie et le fonctionnement du SUV.\" src=\"http:\/\/www.carideal.com\/blog\/wp-content\/uploads\/2016\/02\/kia-Niro-2016-compteur.jpg\" alt=\"Le compteur de gauche du Kia Niro 2016 permet de surveiller la charge de la batterie et le fonctionnement du SUV.\" width=\"600\" height=\"403\" srcset=\"https:\/\/www.carideal.com\/blog\/wp-content\/uploads\/2016\/02\/kia-Niro-2016-compteur.jpg 760w, https:\/\/www.carideal.com\/blog\/wp-content\/uploads\/2016\/02\/kia-Niro-2016-compteur-300x201.jpg 300w, https:\/\/www.carideal.com\/blog\/wp-content\/uploads\/2016\/02\/kia-Niro-2016-compteur-624x419.jpg 624w\" sizes=\"(max-width: 600px) 100vw, 600px\" \/><\/a><figcaption id=\"caption-attachment-11533\" class=\"wp-caption-text\">Le compteur de gauche du Kia Niro 2016 permet de surveiller la charge de la batterie et le fonctionnement du SUV.<\/figcaption><\/figure>\n<p>Le Kia Niro 2016, avec son poids de 1500 kg, a du mal \u00e0 \u00eatre lanc\u00e9, la puissance et le couple cumul\u00e9s de 141 ch 265 Nm. Les moteurs ne brillent pas par leur v\u00e9locit\u00e9s avec un 0 \u00e0 100 km\/h en 11.5 sec. En cas de franche acc\u00e9l\u00e9ration, le moteur mouline, la boite de vitesse le maintenant dans les tours, moteur essence oblige. Ce qui a le don d'agacer nos oreilles et notre portefeuille.\u00a0\u00a0Le mode Sport de la boite de vitesse a l'air de mieux g\u00e9rer cet inconv\u00e9nient en offrant plus de r\u00e9activit\u00e9.<\/p>\n<p>&nbsp;<\/p>\n<h2>Le Kia Niro 2016 \u00e0 conduire<\/h2>\n<figure id=\"attachment_11535\" aria-describedby=\"caption-attachment-11535\" style=\"width: 590px\" class=\"wp-caption alignnone\"><a href=\"http:\/\/www.carideal.com\/blog\/wp-content\/uploads\/2016\/02\/essai-kia-niro-2016.jpg\"><img loading=\"lazy\" decoding=\"async\" class=\"wp-image-11535\" title=\"Essai kia Niro 2016\" src=\"http:\/\/www.carideal.com\/blog\/wp-content\/uploads\/2016\/02\/essai-kia-niro-2016.jpg\" alt=\"Essai kia Niro 2016\" width=\"600\" height=\"338\" srcset=\"https:\/\/www.carideal.com\/blog\/wp-content\/uploads\/2016\/02\/essai-kia-niro-2016.jpg 805w, https:\/\/www.carideal.com\/blog\/wp-content\/uploads\/2016\/02\/essai-kia-niro-2016-300x169.jpg 300w, https:\/\/www.carideal.com\/blog\/wp-content\/uploads\/2016\/02\/essai-kia-niro-2016-624x351.jpg 624w\" sizes=\"(max-width: 600px) 100vw, 600px\" \/><\/a><figcaption id=\"caption-attachment-11535\" class=\"wp-caption-text\">Essai kia Niro 2016<\/figcaption><\/figure>\n<p>Le Kia Niro 2016 Niro est taill\u00e9 pour la\u00a0ville. B\u00e9n\u00e9ficiant d'un bon rayon de braquage, sa <strong>petite batterie se recharche au freinage et \u00e0 la d\u00e9c\u00e9l\u00e9ration<\/strong>, ce qui permet au SUV de rouler en tout \u00e9lectrique sur des petites distances. Il faut bien dire que son ch\u00e2ssis n'est pas tr\u00e8s dynamique, ce qui l'\u00e9loignera de nos montagnes. Il est confortable, sauf en jantes alu de 18\".<\/p>\n<p>Le passage du mode \u00e9lectrique au mode thermique est assez discret. Dans ce cas on arrive \u00e0 tenir en ville\u00a0une moyenne\u00a04 litres aux 100 km. Bien entendu, d\u00e8s que l'on quitte la vile et que l'on augmente la vitesse, la consommation augmente. Il faudra compter sur des parcours m\u00ealant routes de campagne, autoroutes et centre-ville une consommation moyenne de 6,5 l aux 100 km contre 4,4 annonc\u00e9s.<\/p>\n<h2>Le Kia Niro 2016 \u00e0 vivre<\/h2>\n<p>Les passagers des places arri\u00e8re sont agr\u00e9ablement surpris avec de la place. L'espace aux genoux est g\u00e9n\u00e9reux et la garde au toit suffisante pour des occupants d'1,85 m. M\u00eame le passager du milieu r\u00e9ussira \u00e0 trouver une position correcte. Par contre le volume du coffre de 427 litres est trop juste pour un SUV. La concurrence fait mieux. L'ouverture est trop petite et un double fond pas pratique. La planche de bord du Kia Niro est classique et profite d'une console centrale avec un grand \u00e9cran de 8\". Moderne elle propose moins de boutons que le Sportage. On remarque l\u00e0, la volont\u00e9e mondialiste de Kia. Le Niro souffre de trop peu de rangement.<\/p>\n<h2>Le Prix du Kia Niro 2016 L'hybride le moins cher<\/h2>\n<p>Le prix du Kia Niro 2016 Motion qui est la finition d'entr\u00e9e de gamme est propos\u00e9 \u00e0 26990 \u20ac. Ce qui en fait le moins cher des hybrides. Le prix de la version haut de gamme du Kia Niro 2016 Motion hybride est de 32990 \u20ac. Voil\u00e0 des offres tr\u00e8s int\u00e9ressantes compar\u00e9es \u00e0 celles des Nissan Qashqai et du\u00a0Toyota RAV4 Hybrid.<\/p>\n<p>Si l'on souhaite comparer \u00e0 Mme la pionni\u00e8re du segment hybride, La Toyota Prius, le Kia Niro 2016 devient tr\u00e8s int\u00e9ressant. Pour un\u00a0prix \u00e9quivalent \u00e0 celui de la Toyota Prius lounge (33.700\u20ac ), le Kia Niro 2016 propose beaucoup plus\u00a0d'\u00e9quipements : GPS avec mise \u00e0 jour gratuite pendant 7 ans, r\u00e9gulateur adaptatif, freinage d'urgence, surveillance d'angles morts, climatisation bizone, volant chauffant, si\u00e8ges \u00e9lectriques ou chauffants, ou encore cam\u00e9ra de recul et radars de stationnement\u0085.... Il poss\u00e8de une\u00a0bo\u00eete automatique \u00e0 double embrayage et surtout une garantie 7 ans !<\/p>\n<p>&nbsp;<\/p>\n<h2>Vid\u00e9o Kia Niro 2016<\/h2>\n<p><iframe loading=\"lazy\" src=\"https:\/\/www.youtube.com\/embed\/_yDyYnFnMtc\" width=\"560\" height=\"315\" frameborder=\"0\" allowfullscreen=\"allowfullscreen\"><\/iframe><\/p>\n","protected":false},"excerpt":{"rendered":"<p>Le Kia Niro 2016 sera pr\u00e9sent\u00e9 au Salon de Gen\u00e8ve Le Kia Niro 2016 (4.35m de long) sera en vente \u00e0 partir du mois de Juin 2016 \u00e0 partir de 20 000 \u20ac. Le Nouveau Kia Niro 2016 viendra completer l&rsquo;offre des SUV Kia \u00e0 savoir les Kia Sportage long de 4.45 m et du &#8230; <a title=\"Kia Niro 2016 au Salon de Gen\u00e8ve\" class=\"read-more\" href=\"https:\/\/www.carideal.com\/blog\/2016\/02\/13\/kia-niro-2016\/\" aria-label=\"En savoir plus sur Kia Niro 2016 au Salon de Gen\u00e8ve\">Lire plus<\/a><\/p>\n","protected":false},"author":3,"featured_media":13589,"comment_status":"open","ping_status":"open","sticky":false,"template":"","format":"standard","meta":{"_uag_custom_page_level_css":"","_themeisle_gutenberg_block_has_review":false,"footnotes":""},"categories":[21,5944,6053,5947,6125,6097,6010,5080,5974,18,6089],"tags":[],"class_list":["post-9455","post","type-post","status-publish","format-standard","has-post-thumbnail","hentry","category-actualites-auto","category-constructeur","category-kia","category-essai","category-kia-essai","category-salon-de-geneve","category-suv","category-technologie-2","category-type-de-vehicule","category-videos","category-hybride"],"wppr_data":{"cwp_meta_box_check":"No"},"yoast_head":"<!-- This site is optimized with the Yoast SEO plugin v24.8.1 - https:\/\/yoast.com\/wordpress\/plugins\/seo\/ -->\n<title>Kia Niro 2016 au Salon de Gen\u00e8ve - Blog auto Carid\u00e9al<\/title>\n<meta name=\"description\" content=\"Le Kia Niro 2016 sera pr\u00e9sent\u00e9 au Salon de Gen\u00e8ve ce nouveau SUV viendra s&#039;intercaler entre le Kia Soul et le Kia Sportage\" \/>\n<meta name=\"robots\" content=\"index, follow, max-snippet:-1, max-image-preview:large, max-video-preview:-1\" \/>\n<link rel=\"canonical\" href=\"https:\/\/www.carideal.com\/blog\/2016\/02\/13\/kia-niro-2016\/\" \/>\n<meta property=\"og:locale\" content=\"fr_FR\" \/>\n<meta property=\"og:type\" content=\"article\" \/>\n<meta property=\"og:title\" content=\"Kia Niro 2016 au Salon de Gen\u00e8ve - Blog auto Carid\u00e9al\" \/>\n<meta property=\"og:description\" content=\"Le Kia Niro 2016 sera pr\u00e9sent\u00e9 au Salon de Gen\u00e8ve ce nouveau SUV viendra s&#039;intercaler entre le Kia Soul et le Kia Sportage\" \/>\n<meta property=\"og:url\" content=\"https:\/\/www.carideal.com\/blog\/2016\/02\/13\/kia-niro-2016\/\" \/>\n<meta property=\"og:site_name\" content=\"Blog auto Carid\u00e9al\" \/>\n<meta property=\"article:publisher\" content=\"https:\/\/www.facebook.com\/Carideal.mandataire.automobile\" \/>\n<meta property=\"article:author\" content=\"https:\/\/www.facebook.com\/nicolas.schiavon.39\" \/>\n<meta property=\"article:published_time\" content=\"2016-02-13T15:40:47+00:00\" \/>\n<meta property=\"article:modified_time\" content=\"2020-03-09T05:19:51+00:00\" \/>\n<meta property=\"og:image\" content=\"https:\/\/www.carideal.com\/blog\/wp-content\/uploads\/2016\/02\/kia-niro-2016-1.jpg\" \/>\n\t<meta property=\"og:image:width\" content=\"800\" \/>\n\t<meta property=\"og:image:height\" content=\"533\" \/>\n\t<meta property=\"og:image:type\" content=\"image\/jpeg\" \/>\n<meta name=\"author\" content=\"Nicolas SCHIAVON\" \/>\n<meta name=\"twitter:card\" content=\"summary_large_image\" \/>\n<meta name=\"twitter:creator\" content=\"@caridealauto\" \/>\n<meta name=\"twitter:site\" content=\"@caridealauto\" \/>\n<meta name=\"twitter:label1\" content=\"\u00c9crit par\" \/>\n\t<meta name=\"twitter:data1\" content=\"Nicolas SCHIAVON\" \/>\n\t<meta name=\"twitter:label2\" content=\"Dur\u00e9e de lecture estim\u00e9e\" \/>\n\t<meta name=\"twitter:data2\" content=\"5 minutes\" \/>\n<script type=\"application\/ld+json\" class=\"yoast-schema-graph\">{\"@context\":\"https:\/\/schema.org\",\"@graph\":[{\"@type\":\"Article\",\"@id\":\"https:\/\/www.carideal.com\/blog\/2016\/02\/13\/kia-niro-2016\/#article\",\"isPartOf\":{\"@id\":\"https:\/\/www.carideal.com\/blog\/2016\/02\/13\/kia-niro-2016\/\"},\"author\":{\"name\":\"Nicolas SCHIAVON\",\"@id\":\"https:\/\/www.carideal.com\/blog\/#\/schema\/person\/cd95dc7919660de90d31b366f85be1ec\"},\"headline\":\"Kia Niro 2016 au Salon de Gen\u00e8ve\",\"datePublished\":\"2016-02-13T15:40:47+00:00\",\"dateModified\":\"2020-03-09T05:19:51+00:00\",\"mainEntityOfPage\":{\"@id\":\"https:\/\/www.carideal.com\/blog\/2016\/02\/13\/kia-niro-2016\/\"},\"wordCount\":992,\"commentCount\":0,\"publisher\":{\"@id\":\"https:\/\/www.carideal.com\/blog\/#organization\"},\"image\":{\"@id\":\"https:\/\/www.carideal.com\/blog\/2016\/02\/13\/kia-niro-2016\/#primaryimage\"},\"thumbnailUrl\":\"https:\/\/www.carideal.com\/blog\/wp-content\/uploads\/2016\/02\/kia-niro-2016-1.jpg\",\"articleSection\":[\"Actualit\u00e9 automobile\",\"Actualit\u00e9 Constructeur automobile\",\"Actualit\u00e9 Kia\",\"Essais automobile\",\"Essais Kia\",\"Salon de Gen\u00e8ve\",\"SUV\",\"Technologie Automobile\",\"Type de v\u00e9hicule\",\"Vid\u00e9o voiture : vid\u00e9o automobile\",\"Voiture Hybride\"],\"inLanguage\":\"fr-FR\",\"potentialAction\":[{\"@type\":\"CommentAction\",\"name\":\"Comment\",\"target\":[\"https:\/\/www.carideal.com\/blog\/2016\/02\/13\/kia-niro-2016\/#respond\"]}]},{\"@type\":\"WebPage\",\"@id\":\"https:\/\/www.carideal.com\/blog\/2016\/02\/13\/kia-niro-2016\/\",\"url\":\"https:\/\/www.carideal.com\/blog\/2016\/02\/13\/kia-niro-2016\/\",\"name\":\"Kia Niro 2016 au Salon de Gen\u00e8ve - Blog auto Carid\u00e9al\",\"isPartOf\":{\"@id\":\"https:\/\/www.carideal.com\/blog\/#website\"},\"primaryImageOfPage\":{\"@id\":\"https:\/\/www.carideal.com\/blog\/2016\/02\/13\/kia-niro-2016\/#primaryimage\"},\"image\":{\"@id\":\"https:\/\/www.carideal.com\/blog\/2016\/02\/13\/kia-niro-2016\/#primaryimage\"},\"thumbnailUrl\":\"https:\/\/www.carideal.com\/blog\/wp-content\/uploads\/2016\/02\/kia-niro-2016-1.jpg\",\"datePublished\":\"2016-02-13T15:40:47+00:00\",\"dateModified\":\"2020-03-09T05:19:51+00:00\",\"description\":\"Le Kia Niro 2016 sera pr\u00e9sent\u00e9 au Salon de Gen\u00e8ve ce nouveau SUV viendra s'intercaler entre le Kia Soul et le Kia Sportage\",\"breadcrumb\":{\"@id\":\"https:\/\/www.carideal.com\/blog\/2016\/02\/13\/kia-niro-2016\/#breadcrumb\"},\"inLanguage\":\"fr-FR\",\"potentialAction\":[{\"@type\":\"ReadAction\",\"target\":[\"https:\/\/www.carideal.com\/blog\/2016\/02\/13\/kia-niro-2016\/\"]}]},{\"@type\":\"ImageObject\",\"inLanguage\":\"fr-FR\",\"@id\":\"https:\/\/www.carideal.com\/blog\/2016\/02\/13\/kia-niro-2016\/#primaryimage\",\"url\":\"https:\/\/www.carideal.com\/blog\/wp-content\/uploads\/2016\/02\/kia-niro-2016-1.jpg\",\"contentUrl\":\"https:\/\/www.carideal.com\/blog\/wp-content\/uploads\/2016\/02\/kia-niro-2016-1.jpg\",\"width\":800,\"height\":533,\"caption\":\"Kia Niro 2016\"},{\"@type\":\"BreadcrumbList\",\"@id\":\"https:\/\/www.carideal.com\/blog\/2016\/02\/13\/kia-niro-2016\/#breadcrumb\",\"itemListElement\":[{\"@type\":\"ListItem\",\"position\":1,\"name\":\"Blog Carid\u00e9al\",\"item\":\"https:\/\/www.carideal.com\/blog\/\"},{\"@type\":\"ListItem\",\"position\":2,\"name\":\"Actualit\u00e9 automobile\",\"item\":\"https:\/\/www.carideal.com\/blog\/actualites-auto\/\"},{\"@type\":\"ListItem\",\"position\":3,\"name\":\"Kia Niro 2016 au Salon de Gen\u00e8ve\"}]},{\"@type\":\"WebSite\",\"@id\":\"https:\/\/www.carideal.com\/blog\/#website\",\"url\":\"https:\/\/www.carideal.com\/blog\/\",\"name\":\"Blog auto Carid\u00e9al\",\"description\":\"Actualit\u00e9 auto par des passionn\u00e9s\",\"publisher\":{\"@id\":\"https:\/\/www.carideal.com\/blog\/#organization\"},\"potentialAction\":[{\"@type\":\"SearchAction\",\"target\":{\"@type\":\"EntryPoint\",\"urlTemplate\":\"https:\/\/www.carideal.com\/blog\/?s={search_term_string}\"},\"query-input\":{\"@type\":\"PropertyValueSpecification\",\"valueRequired\":true,\"valueName\":\"search_term_string\"}}],\"inLanguage\":\"fr-FR\"},{\"@type\":\"Organization\",\"@id\":\"https:\/\/www.carideal.com\/blog\/#organization\",\"name\":\"Carideal\",\"url\":\"https:\/\/www.carideal.com\/blog\/\",\"logo\":{\"@type\":\"ImageObject\",\"inLanguage\":\"fr-FR\",\"@id\":\"https:\/\/www.carideal.com\/blog\/#\/schema\/logo\/image\/\",\"url\":\"http:\/\/www.carideal.com\/blog\/wp-content\/uploads\/2016\/03\/logo-carideal-mandataire-automobile.png\",\"contentUrl\":\"http:\/\/www.carideal.com\/blog\/wp-content\/uploads\/2016\/03\/logo-carideal-mandataire-automobile.png\",\"width\":300,\"height\":300,\"caption\":\"Carideal\"},\"image\":{\"@id\":\"https:\/\/www.carideal.com\/blog\/#\/schema\/logo\/image\/\"},\"sameAs\":[\"https:\/\/www.facebook.com\/Carideal.mandataire.automobile\",\"https:\/\/x.com\/caridealauto\",\"https:\/\/www.instagram.com\/carideal1\/\",\"https:\/\/www.linkedin.com\/company\/carideal.com\",\"https:\/\/fr.pinterest.com\/schiavonsas\/\",\"https:\/\/www.youtube.com\/user\/caridealsas\"]},{\"@type\":\"Person\",\"@id\":\"https:\/\/www.carideal.com\/blog\/#\/schema\/person\/cd95dc7919660de90d31b366f85be1ec\",\"name\":\"Nicolas SCHIAVON\",\"image\":{\"@type\":\"ImageObject\",\"inLanguage\":\"fr-FR\",\"@id\":\"https:\/\/www.carideal.com\/blog\/#\/schema\/person\/image\/\",\"url\":\"https:\/\/secure.gravatar.com\/avatar\/c17e55009e671d92cc7f5dc837dc418a?s=96&r=g\",\"contentUrl\":\"https:\/\/secure.gravatar.com\/avatar\/c17e55009e671d92cc7f5dc837dc418a?s=96&r=g\",\"caption\":\"Nicolas SCHIAVON\"},\"description\":\"Nicolas Schiavon est tomb\u00e9 tout petit dans la marmite automobile. Ayant eu un garage de marque automobile, mandataire automobile de la premi\u00e8re heure d\u00e8s 1999. Nicolas a cr\u00e9\u00e9 ces premiers sites de vente de voiture et blog automobile d\u00e8s 1994. Carideal est n\u00e9 le 15 d\u00e9cembre 2000 de la volont\u00e9 de vendre des voitures d'occasions en ligne puis des voitures neuves. Il a pu essayer beaucoup de voitures tr\u00e8s diff\u00e9rentes et ayant eu personnellement quelques belles autos, Subaru Impreza, Mitsubishi Lancer Evo 7, Porsche 911, Ferrari Testarrossa, Audi RS3, RS4 et j'en passe...\",\"sameAs\":[\"http:\/\/www.carideal.com\",\"https:\/\/www.facebook.com\/nicolas.schiavon.39\",\"https:\/\/www.instagram.com\/carideal1\/\",\"https:\/\/www.linkedin.com\/in\/nschiavon\/\",\"https:\/\/x.com\/caridealauto\",\"https:\/\/www.youtube.com\/user\/caridealsas\/\"],\"url\":\"https:\/\/www.carideal.com\/blog\/author\/nschiavon\/\"}]}<\/script>\n<!-- \/ Yoast SEO plugin. -->","yoast_head_json":{"title":"Kia Niro 2016 au Salon de Gen\u00e8ve - Blog auto Carid\u00e9al","description":"Le Kia Niro 2016 sera pr\u00e9sent\u00e9 au Salon de Gen\u00e8ve ce nouveau SUV viendra s'intercaler entre le Kia Soul et le Kia Sportage","robots":{"index":"index","follow":"follow","max-snippet":"max-snippet:-1","max-image-preview":"max-image-preview:large","max-video-preview":"max-video-preview:-1"},"canonical":"https:\/\/www.carideal.com\/blog\/2016\/02\/13\/kia-niro-2016\/","og_locale":"fr_FR","og_type":"article","og_title":"Kia Niro 2016 au Salon de Gen\u00e8ve - Blog auto Carid\u00e9al","og_description":"Le Kia Niro 2016 sera pr\u00e9sent\u00e9 au Salon de Gen\u00e8ve ce nouveau SUV viendra s'intercaler entre le Kia Soul et le Kia Sportage","og_url":"https:\/\/www.carideal.com\/blog\/2016\/02\/13\/kia-niro-2016\/","og_site_name":"Blog auto Carid\u00e9al","article_publisher":"https:\/\/www.facebook.com\/Carideal.mandataire.automobile","article_author":"https:\/\/www.facebook.com\/nicolas.schiavon.39","article_published_time":"2016-02-13T15:40:47+00:00","article_modified_time":"2020-03-09T05:19:51+00:00","og_image":[{"width":800,"height":533,"url":"https:\/\/www.carideal.com\/blog\/wp-content\/uploads\/2016\/02\/kia-niro-2016-1.jpg","type":"image\/jpeg"}],"author":"Nicolas SCHIAVON","twitter_card":"summary_large_image","twitter_creator":"@caridealauto","twitter_site":"@caridealauto","twitter_misc":{"\u00c9crit par":"Nicolas SCHIAVON","Dur\u00e9e de lecture estim\u00e9e":"5 minutes"},"schema":{"@context":"https:\/\/schema.org","@graph":[{"@type":"Article","@id":"https:\/\/www.carideal.com\/blog\/2016\/02\/13\/kia-niro-2016\/#article","isPartOf":{"@id":"https:\/\/www.carideal.com\/blog\/2016\/02\/13\/kia-niro-2016\/"},"author":{"name":"Nicolas SCHIAVON","@id":"https:\/\/www.carideal.com\/blog\/#\/schema\/person\/cd95dc7919660de90d31b366f85be1ec"},"headline":"Kia Niro 2016 au Salon de Gen\u00e8ve","datePublished":"2016-02-13T15:40:47+00:00","dateModified":"2020-03-09T05:19:51+00:00","mainEntityOfPage":{"@id":"https:\/\/www.carideal.com\/blog\/2016\/02\/13\/kia-niro-2016\/"},"wordCount":992,"commentCount":0,"publisher":{"@id":"https:\/\/www.carideal.com\/blog\/#organization"},"image":{"@id":"https:\/\/www.carideal.com\/blog\/2016\/02\/13\/kia-niro-2016\/#primaryimage"},"thumbnailUrl":"https:\/\/www.carideal.com\/blog\/wp-content\/uploads\/2016\/02\/kia-niro-2016-1.jpg","articleSection":["Actualit\u00e9 automobile","Actualit\u00e9 Constructeur automobile","Actualit\u00e9 Kia","Essais automobile","Essais Kia","Salon de Gen\u00e8ve","SUV","Technologie Automobile","Type de v\u00e9hicule","Vid\u00e9o voiture : vid\u00e9o automobile","Voiture Hybride"],"inLanguage":"fr-FR","potentialAction":[{"@type":"CommentAction","name":"Comment","target":["https:\/\/www.carideal.com\/blog\/2016\/02\/13\/kia-niro-2016\/#respond"]}]},{"@type":"WebPage","@id":"https:\/\/www.carideal.com\/blog\/2016\/02\/13\/kia-niro-2016\/","url":"https:\/\/www.carideal.com\/blog\/2016\/02\/13\/kia-niro-2016\/","name":"Kia Niro 2016 au Salon de Gen\u00e8ve - Blog auto Carid\u00e9al","isPartOf":{"@id":"https:\/\/www.carideal.com\/blog\/#website"},"primaryImageOfPage":{"@id":"https:\/\/www.carideal.com\/blog\/2016\/02\/13\/kia-niro-2016\/#primaryimage"},"image":{"@id":"https:\/\/www.carideal.com\/blog\/2016\/02\/13\/kia-niro-2016\/#primaryimage"},"thumbnailUrl":"https:\/\/www.carideal.com\/blog\/wp-content\/uploads\/2016\/02\/kia-niro-2016-1.jpg","datePublished":"2016-02-13T15:40:47+00:00","dateModified":"2020-03-09T05:19:51+00:00","description":"Le Kia Niro 2016 sera pr\u00e9sent\u00e9 au Salon de Gen\u00e8ve ce nouveau SUV viendra s'intercaler entre le Kia Soul et le Kia Sportage","breadcrumb":{"@id":"https:\/\/www.carideal.com\/blog\/2016\/02\/13\/kia-niro-2016\/#breadcrumb"},"inLanguage":"fr-FR","potentialAction":[{"@type":"ReadAction","target":["https:\/\/www.carideal.com\/blog\/2016\/02\/13\/kia-niro-2016\/"]}]},{"@type":"ImageObject","inLanguage":"fr-FR","@id":"https:\/\/www.carideal.com\/blog\/2016\/02\/13\/kia-niro-2016\/#primaryimage","url":"https:\/\/www.carideal.com\/blog\/wp-content\/uploads\/2016\/02\/kia-niro-2016-1.jpg","contentUrl":"https:\/\/www.carideal.com\/blog\/wp-content\/uploads\/2016\/02\/kia-niro-2016-1.jpg","width":800,"height":533,"caption":"Kia Niro 2016"},{"@type":"BreadcrumbList","@id":"https:\/\/www.carideal.com\/blog\/2016\/02\/13\/kia-niro-2016\/#breadcrumb","itemListElement":[{"@type":"ListItem","position":1,"name":"Blog Carid\u00e9al","item":"https:\/\/www.carideal.com\/blog\/"},{"@type":"ListItem","position":2,"name":"Actualit\u00e9 automobile","item":"https:\/\/www.carideal.com\/blog\/actualites-auto\/"},{"@type":"ListItem","position":3,"name":"Kia Niro 2016 au Salon de Gen\u00e8ve"}]},{"@type":"WebSite","@id":"https:\/\/www.carideal.com\/blog\/#website","url":"https:\/\/www.carideal.com\/blog\/","name":"Blog auto Carid\u00e9al","description":"Actualit\u00e9 auto par des passionn\u00e9s","publisher":{"@id":"https:\/\/www.carideal.com\/blog\/#organization"},"potentialAction":[{"@type":"SearchAction","target":{"@type":"EntryPoint","urlTemplate":"https:\/\/www.carideal.com\/blog\/?s={search_term_string}"},"query-input":{"@type":"PropertyValueSpecification","valueRequired":true,"valueName":"search_term_string"}}],"inLanguage":"fr-FR"},{"@type":"Organization","@id":"https:\/\/www.carideal.com\/blog\/#organization","name":"Carideal","url":"https:\/\/www.carideal.com\/blog\/","logo":{"@type":"ImageObject","inLanguage":"fr-FR","@id":"https:\/\/www.carideal.com\/blog\/#\/schema\/logo\/image\/","url":"http:\/\/www.carideal.com\/blog\/wp-content\/uploads\/2016\/03\/logo-carideal-mandataire-automobile.png","contentUrl":"http:\/\/www.carideal.com\/blog\/wp-content\/uploads\/2016\/03\/logo-carideal-mandataire-automobile.png","width":300,"height":300,"caption":"Carideal"},"image":{"@id":"https:\/\/www.carideal.com\/blog\/#\/schema\/logo\/image\/"},"sameAs":["https:\/\/www.facebook.com\/Carideal.mandataire.automobile","https:\/\/x.com\/caridealauto","https:\/\/www.instagram.com\/carideal1\/","https:\/\/www.linkedin.com\/company\/carideal.com","https:\/\/fr.pinterest.com\/schiavonsas\/","https:\/\/www.youtube.com\/user\/caridealsas"]},{"@type":"Person","@id":"https:\/\/www.carideal.com\/blog\/#\/schema\/person\/cd95dc7919660de90d31b366f85be1ec","name":"Nicolas SCHIAVON","image":{"@type":"ImageObject","inLanguage":"fr-FR","@id":"https:\/\/www.carideal.com\/blog\/#\/schema\/person\/image\/","url":"https:\/\/secure.gravatar.com\/avatar\/c17e55009e671d92cc7f5dc837dc418a?s=96&r=g","contentUrl":"https:\/\/secure.gravatar.com\/avatar\/c17e55009e671d92cc7f5dc837dc418a?s=96&r=g","caption":"Nicolas SCHIAVON"},"description":"Nicolas Schiavon est tomb\u00e9 tout petit dans la marmite automobile. Ayant eu un garage de marque automobile, mandataire automobile de la premi\u00e8re heure d\u00e8s 1999. Nicolas a cr\u00e9\u00e9 ces premiers sites de vente de voiture et blog automobile d\u00e8s 1994. Carideal est n\u00e9 le 15 d\u00e9cembre 2000 de la volont\u00e9 de vendre des voitures d'occasions en ligne puis des voitures neuves. Il a pu essayer beaucoup de voitures tr\u00e8s diff\u00e9rentes et ayant eu personnellement quelques belles autos, Subaru Impreza, Mitsubishi Lancer Evo 7, Porsche 911, Ferrari Testarrossa, Audi RS3, RS4 et j'en passe...","sameAs":["http:\/\/www.carideal.com","https:\/\/www.facebook.com\/nicolas.schiavon.39","https:\/\/www.instagram.com\/carideal1\/","https:\/\/www.linkedin.com\/in\/nschiavon\/","https:\/\/x.com\/caridealauto","https:\/\/www.youtube.com\/user\/caridealsas\/"],"url":"https:\/\/www.carideal.com\/blog\/author\/nschiavon\/"}]}},"uagb_featured_image_src":{"full":["https:\/\/www.carideal.com\/blog\/wp-content\/uploads\/2016\/02\/kia-niro-2016-1.jpg",800,533,false],"thumbnail":["https:\/\/www.carideal.com\/blog\/wp-content\/uploads\/2016\/02\/kia-niro-2016-1-150x150.jpg",150,150,true],"medium":["https:\/\/www.carideal.com\/blog\/wp-content\/uploads\/2016\/02\/kia-niro-2016-1-300x200.jpg",300,200,true],"medium_large":["https:\/\/www.carideal.com\/blog\/wp-content\/uploads\/2016\/02\/kia-niro-2016-1-768x512.jpg",768,512,true],"large":["https:\/\/www.carideal.com\/blog\/wp-content\/uploads\/2016\/02\/kia-niro-2016-1.jpg",800,533,false],"1536x1536":["https:\/\/www.carideal.com\/blog\/wp-content\/uploads\/2016\/02\/kia-niro-2016-1.jpg",800,533,false],"2048x2048":["https:\/\/www.carideal.com\/blog\/wp-content\/uploads\/2016\/02\/kia-niro-2016-1.jpg",800,533,false],"wppr-widget":["https:\/\/www.carideal.com\/blog\/wp-content\/uploads\/2016\/02\/kia-niro-2016-1.jpg",50,33,false]},"uagb_author_info":{"display_name":"Nicolas SCHIAVON","author_link":"https:\/\/www.carideal.com\/blog\/author\/nschiavon\/"},"uagb_comment_info":0,"uagb_excerpt":"Le Kia Niro 2016 sera pr\u00e9sent\u00e9 au Salon de Gen\u00e8ve Le Kia Niro 2016 (4.35m de long) sera en vente \u00e0 partir du mois de Juin 2016 \u00e0 partir de 20 000 \u20ac. Le Nouveau Kia Niro 2016 viendra completer l'offre des SUV Kia \u00e0 savoir les Kia Sportage long de 4.45 m et du\u2026","_links":{"self":[{"href":"https:\/\/www.carideal.com\/blog\/wp-json\/wp\/v2\/posts\/9455"}],"collection":[{"href":"https:\/\/www.carideal.com\/blog\/wp-json\/wp\/v2\/posts"}],"about":[{"href":"https:\/\/www.carideal.com\/blog\/wp-json\/wp\/v2\/types\/post"}],"author":[{"embeddable":true,"href":"https:\/\/www.carideal.com\/blog\/wp-json\/wp\/v2\/users\/3"}],"replies":[{"embeddable":true,"href":"https:\/\/www.carideal.com\/blog\/wp-json\/wp\/v2\/comments?post=9455"}],"version-history":[{"count":0,"href":"https:\/\/www.carideal.com\/blog\/wp-json\/wp\/v2\/posts\/9455\/revisions"}],"wp:featuredmedia":[{"embeddable":true,"href":"https:\/\/www.carideal.com\/blog\/wp-json\/wp\/v2\/media\/13589"}],"wp:attachment":[{"href":"https:\/\/www.carideal.com\/blog\/wp-json\/wp\/v2\/media?parent=9455"}],"wp:term":[{"taxonomy":"category","embeddable":true,"href":"https:\/\/www.carideal.com\/blog\/wp-json\/wp\/v2\/categories?post=9455"},{"taxonomy":"post_tag","embeddable":true,"href":"https:\/\/www.carideal.com\/blog\/wp-json\/wp\/v2\/tags?post=9455"}],"curies":[{"name":"wp","href":"https:\/\/api.w.org\/{rel}","templated":true}]}}