{"id":944,"date":"2011-04-12T12:31:00","date_gmt":"2011-04-12T12:31:00","guid":{"rendered":"http:\/\/carideal.com\/blog\/?p=944"},"modified":"2020-03-07T20:21:30","modified_gmt":"2020-03-07T19:21:30","slug":"volkswagen-touareg-3-0-tdi-204-ch","status":"publish","type":"post","link":"https:\/\/www.carideal.com\/blog\/2011\/04\/12\/volkswagen-touareg-3-0-tdi-204-ch\/","title":{"rendered":"volkswagen Touareg 3.0 TDI 204 ch"},"content":{"rendered":"<\/p>\n<blockquote>\n<p>Volkswagen d\u00e9cline son Touareg 3.0 TDI 240 ch en 204 ch pour faire baisser les prix<\/p>\n<\/blockquote>\n<p>Il ne s'agit que d'une question d'argent \u00e0 priori. Passer de la version de 3.0 TDI 240 ch au 3.0 TDI 204 ch vous fera \u00e9conomiser seulement 2530 \u20ac. Il n'y aura m\u00eame pas d'avantage fiscal ou <a href=\"\/blog\/index.php?tag\/CO2\">CO2<\/a> puisque cette motorisation est donn\u00e9 pour 195 g\/km de CO2 soit un malus de 1600 \u20ac comme le 3.0 TDI de 240 ch. Le couple moteur est pass\u00e9 de 550 Nm \u00e0 400 Nm et passe de 7.8 sec \u00e0 9 sec sur le 0 \u00e0 100 km\/h.<br \/>\nSon domaine de pr\u00e9dilection n'est pas la ville ou son gabarit le g\u00eanera. Par contre l'agr\u00e9ment, et le confort sont toujours de mise pour ceux qui appr\u00e9cient de rouler en hauteur sur de longs parcours. Sa boite de vitesse \u00e0 8 rapports fait des merveilles et exploite le couple du moteur d\u00e8s les plus bas r\u00e9gimes.<br \/>\nLa finition <a href=\"\/blog\/index.php?tag\/Carat\">Carat<\/a> \u00e0 53600 \u20ac comprends le cuir, les radars, le r\u00e9gulateur de vitesse etc sauf le <a href=\"\/blog\/index.php?tag\/GPS\">GPS<\/a> factur\u00e9 2311 \u20ac un peu fort de caf\u00e9 quand m\u00eame \u00e0 ce prix l\u00e0 !<\/p>\n<p><a href=\"\/blog\/index.php?post\/2011\/01\/22\/Les-Volkswagen-de-2011\">\/ Les Volkswagen de 2011<\/a><br \/>\n<a href=\"\/blog\/index.php?post\/2010\/09\/20\/Bercy-veut-supprimer-l-homologation-N1\">\/ Bercy veut supprimer l'homologation N1<\/a><\/p>\n","protected":false},"excerpt":{"rendered":"<p>Volkswagen d\u00e9cline son Touareg 3.0 TDI 240 ch en 204 ch pour faire baisser les prix Il ne s&rsquo;agit que d&rsquo;une question d&rsquo;argent \u00e0 priori. Passer de la version de 3.0 TDI 240 ch au 3.0 TDI 204 ch vous fera \u00e9conomiser seulement 2530 \u20ac. Il n&rsquo;y aura m\u00eame pas d&rsquo;avantage fiscal ou CO2 puisque &#8230; <a title=\"volkswagen Touareg 3.0 TDI 204 ch\" class=\"read-more\" href=\"https:\/\/www.carideal.com\/blog\/2011\/04\/12\/volkswagen-touareg-3-0-tdi-204-ch\/\" aria-label=\"En savoir plus sur volkswagen Touareg 3.0 TDI 204 ch\">Lire plus<\/a><\/p>\n","protected":false},"author":1,"featured_media":0,"comment_status":"open","ping_status":"open","sticky":false,"template":"","format":"standard","meta":{"_uag_custom_page_level_css":"","_themeisle_gutenberg_block_has_review":false,"footnotes":""},"categories":[10],"tags":[60],"class_list":["post-944","post","type-post","status-publish","format-standard","hentry","category-marche-automobile-voiture-neuve-occasion-4x4-suv","tag-co2"],"wppr_data":[],"yoast_head":"<!-- This site is optimized with the Yoast SEO plugin v24.8.1 - https:\/\/yoast.com\/wordpress\/plugins\/seo\/ -->\n<title>volkswagen Touareg 3.0 TDI 204 ch - Blog auto Carid\u00e9al<\/title>\n<meta name=\"robots\" content=\"index, follow, max-snippet:-1, max-image-preview:large, max-video-preview:-1\" \/>\n<link rel=\"canonical\" href=\"https:\/\/www.carideal.com\/blog\/2011\/04\/12\/volkswagen-touareg-3-0-tdi-204-ch\/\" \/>\n<meta property=\"og:locale\" content=\"fr_FR\" \/>\n<meta property=\"og:type\" content=\"article\" \/>\n<meta property=\"og:title\" content=\"volkswagen Touareg 3.0 TDI 204 ch - Blog auto Carid\u00e9al\" \/>\n<meta property=\"og:description\" content=\"Volkswagen d\u00e9cline son Touareg 3.0 TDI 240 ch en 204 ch pour faire baisser les prix Il ne s&#039;agit que d&#039;une question d&#039;argent \u00e0 priori. Passer de la version de 3.0 TDI 240 ch au 3.0 TDI 204 ch vous fera \u00e9conomiser seulement 2530 \u20ac. Il n&#039;y aura m\u00eame pas d&#039;avantage fiscal ou CO2 puisque ... Lire plus\" \/>\n<meta property=\"og:url\" content=\"https:\/\/www.carideal.com\/blog\/2011\/04\/12\/volkswagen-touareg-3-0-tdi-204-ch\/\" \/>\n<meta property=\"og:site_name\" content=\"Blog auto Carid\u00e9al\" \/>\n<meta property=\"article:publisher\" content=\"https:\/\/www.facebook.com\/Carideal.mandataire.automobile\" \/>\n<meta property=\"article:author\" content=\"https:\/\/www.facebook.com\/Carideal.mandataire.automobile\/\" \/>\n<meta property=\"article:published_time\" content=\"2011-04-12T12:31:00+00:00\" \/>\n<meta property=\"article:modified_time\" content=\"2020-03-07T19:21:30+00:00\" \/>\n<meta property=\"og:image\" content=\"https:\/\/www.carideal.com\/blog\/wp-content\/uploads\/2016\/03\/logo-carideal-mandataire-automobile.png\" \/>\n\t<meta property=\"og:image:width\" content=\"300\" \/>\n\t<meta property=\"og:image:height\" content=\"300\" \/>\n\t<meta property=\"og:image:type\" content=\"image\/png\" \/>\n<meta name=\"author\" content=\"N.S Carideal\" \/>\n<meta name=\"twitter:card\" content=\"summary_large_image\" \/>\n<meta name=\"twitter:creator\" content=\"@caridealauto\" \/>\n<meta name=\"twitter:site\" content=\"@caridealauto\" \/>\n<meta name=\"twitter:label1\" content=\"\u00c9crit par\" \/>\n\t<meta name=\"twitter:data1\" content=\"N.S Carideal\" \/>\n\t<meta name=\"twitter:label2\" content=\"Dur\u00e9e de lecture estim\u00e9e\" \/>\n\t<meta name=\"twitter:data2\" content=\"1 minute\" \/>\n<script type=\"application\/ld+json\" class=\"yoast-schema-graph\">{\"@context\":\"https:\/\/schema.org\",\"@graph\":[{\"@type\":\"Article\",\"@id\":\"https:\/\/www.carideal.com\/blog\/2011\/04\/12\/volkswagen-touareg-3-0-tdi-204-ch\/#article\",\"isPartOf\":{\"@id\":\"https:\/\/www.carideal.com\/blog\/2011\/04\/12\/volkswagen-touareg-3-0-tdi-204-ch\/\"},\"author\":{\"name\":\"N.S Carideal\",\"@id\":\"https:\/\/www.carideal.com\/blog\/#\/schema\/person\/985c7e757d1042d647f21bfaf8d41ebc\"},\"headline\":\"volkswagen Touareg 3.0 TDI 204 ch\",\"datePublished\":\"2011-04-12T12:31:00+00:00\",\"dateModified\":\"2020-03-07T19:21:30+00:00\",\"mainEntityOfPage\":{\"@id\":\"https:\/\/www.carideal.com\/blog\/2011\/04\/12\/volkswagen-touareg-3-0-tdi-204-ch\/\"},\"wordCount\":183,\"commentCount\":0,\"publisher\":{\"@id\":\"https:\/\/www.carideal.com\/blog\/#organization\"},\"keywords\":[\"CO2 \u00e9mission de CO2\"],\"articleSection\":[\"March\u00e9 automobile\"],\"inLanguage\":\"fr-FR\",\"potentialAction\":[{\"@type\":\"CommentAction\",\"name\":\"Comment\",\"target\":[\"https:\/\/www.carideal.com\/blog\/2011\/04\/12\/volkswagen-touareg-3-0-tdi-204-ch\/#respond\"]}]},{\"@type\":\"WebPage\",\"@id\":\"https:\/\/www.carideal.com\/blog\/2011\/04\/12\/volkswagen-touareg-3-0-tdi-204-ch\/\",\"url\":\"https:\/\/www.carideal.com\/blog\/2011\/04\/12\/volkswagen-touareg-3-0-tdi-204-ch\/\",\"name\":\"volkswagen Touareg 3.0 TDI 204 ch - Blog auto Carid\u00e9al\",\"isPartOf\":{\"@id\":\"https:\/\/www.carideal.com\/blog\/#website\"},\"datePublished\":\"2011-04-12T12:31:00+00:00\",\"dateModified\":\"2020-03-07T19:21:30+00:00\",\"breadcrumb\":{\"@id\":\"https:\/\/www.carideal.com\/blog\/2011\/04\/12\/volkswagen-touareg-3-0-tdi-204-ch\/#breadcrumb\"},\"inLanguage\":\"fr-FR\",\"potentialAction\":[{\"@type\":\"ReadAction\",\"target\":[\"https:\/\/www.carideal.com\/blog\/2011\/04\/12\/volkswagen-touareg-3-0-tdi-204-ch\/\"]}]},{\"@type\":\"BreadcrumbList\",\"@id\":\"https:\/\/www.carideal.com\/blog\/2011\/04\/12\/volkswagen-touareg-3-0-tdi-204-ch\/#breadcrumb\",\"itemListElement\":[{\"@type\":\"ListItem\",\"position\":1,\"name\":\"Blog Carid\u00e9al\",\"item\":\"https:\/\/www.carideal.com\/blog\/\"},{\"@type\":\"ListItem\",\"position\":2,\"name\":\"March\u00e9 automobile\",\"item\":\"https:\/\/www.carideal.com\/blog\/marche-automobile-voiture-neuve-occasion-4x4-suv\/\"},{\"@type\":\"ListItem\",\"position\":3,\"name\":\"volkswagen Touareg 3.0 TDI 204 ch\"}]},{\"@type\":\"WebSite\",\"@id\":\"https:\/\/www.carideal.com\/blog\/#website\",\"url\":\"https:\/\/www.carideal.com\/blog\/\",\"name\":\"Blog auto Carid\u00e9al\",\"description\":\"Actualit\u00e9 auto par des passionn\u00e9s\",\"publisher\":{\"@id\":\"https:\/\/www.carideal.com\/blog\/#organization\"},\"potentialAction\":[{\"@type\":\"SearchAction\",\"target\":{\"@type\":\"EntryPoint\",\"urlTemplate\":\"https:\/\/www.carideal.com\/blog\/?s={search_term_string}\"},\"query-input\":{\"@type\":\"PropertyValueSpecification\",\"valueRequired\":true,\"valueName\":\"search_term_string\"}}],\"inLanguage\":\"fr-FR\"},{\"@type\":\"Organization\",\"@id\":\"https:\/\/www.carideal.com\/blog\/#organization\",\"name\":\"Carideal\",\"url\":\"https:\/\/www.carideal.com\/blog\/\",\"logo\":{\"@type\":\"ImageObject\",\"inLanguage\":\"fr-FR\",\"@id\":\"https:\/\/www.carideal.com\/blog\/#\/schema\/logo\/image\/\",\"url\":\"http:\/\/www.carideal.com\/blog\/wp-content\/uploads\/2016\/03\/logo-carideal-mandataire-automobile.png\",\"contentUrl\":\"http:\/\/www.carideal.com\/blog\/wp-content\/uploads\/2016\/03\/logo-carideal-mandataire-automobile.png\",\"width\":300,\"height\":300,\"caption\":\"Carideal\"},\"image\":{\"@id\":\"https:\/\/www.carideal.com\/blog\/#\/schema\/logo\/image\/\"},\"sameAs\":[\"https:\/\/www.facebook.com\/Carideal.mandataire.automobile\",\"https:\/\/x.com\/caridealauto\",\"https:\/\/www.instagram.com\/carideal1\/\",\"https:\/\/www.linkedin.com\/company\/carideal.com\",\"https:\/\/fr.pinterest.com\/schiavonsas\/\",\"https:\/\/www.youtube.com\/user\/caridealsas\"]},{\"@type\":\"Person\",\"@id\":\"https:\/\/www.carideal.com\/blog\/#\/schema\/person\/985c7e757d1042d647f21bfaf8d41ebc\",\"name\":\"N.S Carideal\",\"image\":{\"@type\":\"ImageObject\",\"inLanguage\":\"fr-FR\",\"@id\":\"https:\/\/www.carideal.com\/blog\/#\/schema\/person\/image\/\",\"url\":\"https:\/\/secure.gravatar.com\/avatar\/edb7ccdf1a4e3d14aef967760d354d0e?s=96&r=g\",\"contentUrl\":\"https:\/\/secure.gravatar.com\/avatar\/edb7ccdf1a4e3d14aef967760d354d0e?s=96&r=g\",\"caption\":\"N.S Carideal\"},\"description\":\"Depuis tout petit fan d'automobile. Il est question d'essayer et de comparer toutes ces voitures qui nous ont fait r\u00e9ver, avant que celles-ci ne devient uniquement des voitures de collection.\",\"sameAs\":[\"http:\/\/www.carideal.com\/blog\",\"https:\/\/www.facebook.com\/Carideal.mandataire.automobile\/\",\"https:\/\/www.linkedin.com\/in\/nschiavon\/\",\"https:\/\/www.youtube.com\/user\/caridealsas\/\"],\"url\":\"https:\/\/www.carideal.com\/blog\/author\/admin_carideal\/\"}]}<\/script>\n<!-- \/ Yoast SEO plugin. -->","yoast_head_json":{"title":"volkswagen Touareg 3.0 TDI 204 ch - Blog auto Carid\u00e9al","robots":{"index":"index","follow":"follow","max-snippet":"max-snippet:-1","max-image-preview":"max-image-preview:large","max-video-preview":"max-video-preview:-1"},"canonical":"https:\/\/www.carideal.com\/blog\/2011\/04\/12\/volkswagen-touareg-3-0-tdi-204-ch\/","og_locale":"fr_FR","og_type":"article","og_title":"volkswagen Touareg 3.0 TDI 204 ch - Blog auto Carid\u00e9al","og_description":"Volkswagen d\u00e9cline son Touareg 3.0 TDI 240 ch en 204 ch pour faire baisser les prix Il ne s'agit que d'une question d'argent \u00e0 priori. Passer de la version de 3.0 TDI 240 ch au 3.0 TDI 204 ch vous fera \u00e9conomiser seulement 2530 \u20ac. Il n'y aura m\u00eame pas d'avantage fiscal ou CO2 puisque ... Lire plus","og_url":"https:\/\/www.carideal.com\/blog\/2011\/04\/12\/volkswagen-touareg-3-0-tdi-204-ch\/","og_site_name":"Blog auto Carid\u00e9al","article_publisher":"https:\/\/www.facebook.com\/Carideal.mandataire.automobile","article_author":"https:\/\/www.facebook.com\/Carideal.mandataire.automobile\/","article_published_time":"2011-04-12T12:31:00+00:00","article_modified_time":"2020-03-07T19:21:30+00:00","og_image":[{"width":300,"height":300,"url":"https:\/\/www.carideal.com\/blog\/wp-content\/uploads\/2016\/03\/logo-carideal-mandataire-automobile.png","type":"image\/png"}],"author":"N.S Carideal","twitter_card":"summary_large_image","twitter_creator":"@caridealauto","twitter_site":"@caridealauto","twitter_misc":{"\u00c9crit par":"N.S Carideal","Dur\u00e9e de lecture estim\u00e9e":"1 minute"},"schema":{"@context":"https:\/\/schema.org","@graph":[{"@type":"Article","@id":"https:\/\/www.carideal.com\/blog\/2011\/04\/12\/volkswagen-touareg-3-0-tdi-204-ch\/#article","isPartOf":{"@id":"https:\/\/www.carideal.com\/blog\/2011\/04\/12\/volkswagen-touareg-3-0-tdi-204-ch\/"},"author":{"name":"N.S Carideal","@id":"https:\/\/www.carideal.com\/blog\/#\/schema\/person\/985c7e757d1042d647f21bfaf8d41ebc"},"headline":"volkswagen Touareg 3.0 TDI 204 ch","datePublished":"2011-04-12T12:31:00+00:00","dateModified":"2020-03-07T19:21:30+00:00","mainEntityOfPage":{"@id":"https:\/\/www.carideal.com\/blog\/2011\/04\/12\/volkswagen-touareg-3-0-tdi-204-ch\/"},"wordCount":183,"commentCount":0,"publisher":{"@id":"https:\/\/www.carideal.com\/blog\/#organization"},"keywords":["CO2 \u00e9mission de CO2"],"articleSection":["March\u00e9 automobile"],"inLanguage":"fr-FR","potentialAction":[{"@type":"CommentAction","name":"Comment","target":["https:\/\/www.carideal.com\/blog\/2011\/04\/12\/volkswagen-touareg-3-0-tdi-204-ch\/#respond"]}]},{"@type":"WebPage","@id":"https:\/\/www.carideal.com\/blog\/2011\/04\/12\/volkswagen-touareg-3-0-tdi-204-ch\/","url":"https:\/\/www.carideal.com\/blog\/2011\/04\/12\/volkswagen-touareg-3-0-tdi-204-ch\/","name":"volkswagen Touareg 3.0 TDI 204 ch - Blog auto Carid\u00e9al","isPartOf":{"@id":"https:\/\/www.carideal.com\/blog\/#website"},"datePublished":"2011-04-12T12:31:00+00:00","dateModified":"2020-03-07T19:21:30+00:00","breadcrumb":{"@id":"https:\/\/www.carideal.com\/blog\/2011\/04\/12\/volkswagen-touareg-3-0-tdi-204-ch\/#breadcrumb"},"inLanguage":"fr-FR","potentialAction":[{"@type":"ReadAction","target":["https:\/\/www.carideal.com\/blog\/2011\/04\/12\/volkswagen-touareg-3-0-tdi-204-ch\/"]}]},{"@type":"BreadcrumbList","@id":"https:\/\/www.carideal.com\/blog\/2011\/04\/12\/volkswagen-touareg-3-0-tdi-204-ch\/#breadcrumb","itemListElement":[{"@type":"ListItem","position":1,"name":"Blog Carid\u00e9al","item":"https:\/\/www.carideal.com\/blog\/"},{"@type":"ListItem","position":2,"name":"March\u00e9 automobile","item":"https:\/\/www.carideal.com\/blog\/marche-automobile-voiture-neuve-occasion-4x4-suv\/"},{"@type":"ListItem","position":3,"name":"volkswagen Touareg 3.0 TDI 204 ch"}]},{"@type":"WebSite","@id":"https:\/\/www.carideal.com\/blog\/#website","url":"https:\/\/www.carideal.com\/blog\/","name":"Blog auto Carid\u00e9al","description":"Actualit\u00e9 auto par des passionn\u00e9s","publisher":{"@id":"https:\/\/www.carideal.com\/blog\/#organization"},"potentialAction":[{"@type":"SearchAction","target":{"@type":"EntryPoint","urlTemplate":"https:\/\/www.carideal.com\/blog\/?s={search_term_string}"},"query-input":{"@type":"PropertyValueSpecification","valueRequired":true,"valueName":"search_term_string"}}],"inLanguage":"fr-FR"},{"@type":"Organization","@id":"https:\/\/www.carideal.com\/blog\/#organization","name":"Carideal","url":"https:\/\/www.carideal.com\/blog\/","logo":{"@type":"ImageObject","inLanguage":"fr-FR","@id":"https:\/\/www.carideal.com\/blog\/#\/schema\/logo\/image\/","url":"http:\/\/www.carideal.com\/blog\/wp-content\/uploads\/2016\/03\/logo-carideal-mandataire-automobile.png","contentUrl":"http:\/\/www.carideal.com\/blog\/wp-content\/uploads\/2016\/03\/logo-carideal-mandataire-automobile.png","width":300,"height":300,"caption":"Carideal"},"image":{"@id":"https:\/\/www.carideal.com\/blog\/#\/schema\/logo\/image\/"},"sameAs":["https:\/\/www.facebook.com\/Carideal.mandataire.automobile","https:\/\/x.com\/caridealauto","https:\/\/www.instagram.com\/carideal1\/","https:\/\/www.linkedin.com\/company\/carideal.com","https:\/\/fr.pinterest.com\/schiavonsas\/","https:\/\/www.youtube.com\/user\/caridealsas"]},{"@type":"Person","@id":"https:\/\/www.carideal.com\/blog\/#\/schema\/person\/985c7e757d1042d647f21bfaf8d41ebc","name":"N.S Carideal","image":{"@type":"ImageObject","inLanguage":"fr-FR","@id":"https:\/\/www.carideal.com\/blog\/#\/schema\/person\/image\/","url":"https:\/\/secure.gravatar.com\/avatar\/edb7ccdf1a4e3d14aef967760d354d0e?s=96&r=g","contentUrl":"https:\/\/secure.gravatar.com\/avatar\/edb7ccdf1a4e3d14aef967760d354d0e?s=96&r=g","caption":"N.S Carideal"},"description":"Depuis tout petit fan d'automobile. Il est question d'essayer et de comparer toutes ces voitures qui nous ont fait r\u00e9ver, avant que celles-ci ne devient uniquement des voitures de collection.","sameAs":["http:\/\/www.carideal.com\/blog","https:\/\/www.facebook.com\/Carideal.mandataire.automobile\/","https:\/\/www.linkedin.com\/in\/nschiavon\/","https:\/\/www.youtube.com\/user\/caridealsas\/"],"url":"https:\/\/www.carideal.com\/blog\/author\/admin_carideal\/"}]}},"uagb_featured_image_src":{"full":false,"thumbnail":false,"medium":false,"medium_large":false,"large":false,"1536x1536":false,"2048x2048":false,"wppr-widget":false},"uagb_author_info":{"display_name":"N.S Carideal","author_link":"https:\/\/www.carideal.com\/blog\/author\/admin_carideal\/"},"uagb_comment_info":0,"uagb_excerpt":"Volkswagen d\u00e9cline son Touareg 3.0 TDI 240 ch en 204 ch pour faire baisser les prix Il ne s'agit que d'une question d'argent \u00e0 priori. Passer de la version de 3.0 TDI 240 ch au 3.0 TDI 204 ch vous fera \u00e9conomiser seulement 2530 \u20ac. Il n'y aura m\u00eame pas d'avantage fiscal ou CO2 puisque\u2026","_links":{"self":[{"href":"https:\/\/www.carideal.com\/blog\/wp-json\/wp\/v2\/posts\/944"}],"collection":[{"href":"https:\/\/www.carideal.com\/blog\/wp-json\/wp\/v2\/posts"}],"about":[{"href":"https:\/\/www.carideal.com\/blog\/wp-json\/wp\/v2\/types\/post"}],"author":[{"embeddable":true,"href":"https:\/\/www.carideal.com\/blog\/wp-json\/wp\/v2\/users\/1"}],"replies":[{"embeddable":true,"href":"https:\/\/www.carideal.com\/blog\/wp-json\/wp\/v2\/comments?post=944"}],"version-history":[{"count":0,"href":"https:\/\/www.carideal.com\/blog\/wp-json\/wp\/v2\/posts\/944\/revisions"}],"wp:attachment":[{"href":"https:\/\/www.carideal.com\/blog\/wp-json\/wp\/v2\/media?parent=944"}],"wp:term":[{"taxonomy":"category","embeddable":true,"href":"https:\/\/www.carideal.com\/blog\/wp-json\/wp\/v2\/categories?post=944"},{"taxonomy":"post_tag","embeddable":true,"href":"https:\/\/www.carideal.com\/blog\/wp-json\/wp\/v2\/tags?post=944"}],"curies":[{"name":"wp","href":"https:\/\/api.w.org\/{rel}","templated":true}]}}