{"id":9439,"date":"2016-02-13T12:39:13","date_gmt":"2016-02-13T11:39:13","guid":{"rendered":"http:\/\/www.carideal.com\/blog\/?p=9439"},"modified":"2020-03-12T08:27:05","modified_gmt":"2020-03-12T07:27:05","slug":"ford-edge-2016","status":"publish","type":"post","link":"https:\/\/www.carideal.com\/blog\/2016\/02\/13\/ford-edge-2016\/","title":{"rendered":"Le Nouveau Ford Edge 2016"},"content":{"rendered":"<h1>Le Nouveau Ford Edge 2016 sortira en Avril<\/h1>\n<figure id=\"attachment_9440\" aria-describedby=\"caption-attachment-9440\" style=\"width: 290px\" class=\"wp-caption alignleft\"><a href=\"http:\/\/www.carideal.com\/blog\/wp-content\/uploads\/2016\/02\/ford-edge-2016.jpeg\"><img loading=\"lazy\" decoding=\"async\" class=\"wp-image-9440 size-medium\" title=\"Ford Edge 2016\" src=\"http:\/\/www.carideal.com\/blog\/wp-content\/uploads\/2016\/02\/ford-edge-2016-300x166.jpeg\" alt=\"Ford Edge 2016\" width=\"300\" height=\"166\" srcset=\"https:\/\/www.carideal.com\/blog\/wp-content\/uploads\/2016\/02\/ford-edge-2016-300x166.jpeg 300w, https:\/\/www.carideal.com\/blog\/wp-content\/uploads\/2016\/02\/ford-edge-2016-624x345.jpeg 624w, https:\/\/www.carideal.com\/blog\/wp-content\/uploads\/2016\/02\/ford-edge-2016.jpeg 640w\" sizes=\"(max-width: 300px) 100vw, 300px\" \/><\/a><figcaption id=\"caption-attachment-9440\" class=\"wp-caption-text\">Ford Edge 2016<\/figcaption><\/figure>\n<p>Le <strong>Ford Edge 2016<\/strong> a \u00e9t\u00e9 con\u00e7u pour le march\u00e9 am\u00e9ricain est un gros SUV \u00e0 taille imposante avec ses 4.81 m de long. Ford europe le commercialise et il sera juste au dessus des 4.52m du <span style=\"text-decoration: underline;\">Ford Kuga<\/span> dans la Gamme Ford. Le Ford Edge avec son gabarit imposant et ses finitions haut de gamme voudra concurrencer les <span style=\"text-decoration: underline;\">Volvo XC90<\/span>, <span style=\"text-decoration: underline;\">BMW X5<\/span> et autre <span style=\"text-decoration: underline;\">Mercedes ML<\/span>.<\/p>\n<p>&nbsp;<\/p>\n<h2>Le Ford Edge 2016 en vente \u00e0 partir d'avril 2016 et 42 000 \u20ac<\/h2>\n<p>Le nouveau Ford Edge sera disponible en France avec deux moteurs diesel 2.0 TDCI 180 ch en boite manuelle, ou le TDCI 210 ch en boite automatique Powershift.<\/p>\n<h2>Les finitions du Ford Edge 2016<\/h2>\n<p>Sur le march\u00e9 fran\u00e7ais le client aura le choix entre trois finitions Trend, Titatnium et Sport.\u00a0La version <strong>Ford Edge Trend<\/strong> n'est disponible qu'avec le moteur diesel TDCI de 180 ch. La version Trend propose d\u00e9j\u00e0 d es\u00e9rie de nombreux \u00e9quipements et est tr\u00e8s bien \u00e9quip\u00e9. Elle dispose 7 airbags le syst\u00e8me multim\u00e9dia SYNC II avec la cam\u00e9ra de recul, l'\u00e9cran de 8 pouces, les jantes alu de 19\", et de nombreux \u00e9quipements d'aide \u00e0 la conduite, reconnaissance des panneaux, freinage d'urgence, AFIL etc.<\/p>\n<p>Le <strong>Ford Edge Titanium<\/strong> ouvre la porte au moteur 2.0 TDCI de 210 ch qui impose la boite robotis\u00e9e \u00e0 double embrayage Powershift. A cela s'ajoute l'ouverture du coffre en main libre, du GPS des radars avants et arri\u00e8res et des si\u00e8ges volant et pare-brise chauffants.<\/p>\n<p>Le <strong>Ford Edge Sport<\/strong> renforce son look avec des jantes de 20\", une double sortie d'\u00e9chappement et un p\u00e9dalier alu et une Hifi Sony \u00e0 12 HP.<\/p>\n<h2>Les prix du Ford Edge 2016<\/h2>\n<ul>\n<li>Prix Ford Edge 2016 Trend 2.0 TDCI 180 BV6 42000\u20ac<\/li>\n<li>Ford Edge\u00a0Titanium\u00a02.0 TDCI 180 BV6 45000\u20ac<\/li>\n<li>Ford Edge 2016 Sport\u00a02.0 TDCI 180 BV6 48000\u20ac<\/li>\n<li>Ford Edge 2016 Titanium\u00a02.0 TDCI 210\u00a0BVA 48500\u20ac<\/li>\n<li>Ford Edge 2016 Sport\u00a02.0 TDCI 210\u00a0BVA\u00a051500\u20ac<\/li>\n<\/ul>\n<h2>La concurrence du Ford Edge<\/h2>\n<p>Qui connait le Ford Edge ? pas grand monde ! M\u00eame si celui-ci est 13000 \u20ac moins cher que la concurence des SUV allemand, sans m\u00eame parler du <span style=\"text-decoration: underline;\">Porsche Cayenne<\/span>, qui va acheter le Ford Edge ?\u00a0Le d\u00e9ficit d'image du gros SUV Am\u00e9ricain risque de lui couter cher d'autant plus qu'il n'est disponible qu'en version 5 places. Son futur concurrent le\u00a0<span style=\"text-decoration: underline;\">Renault Koleos<\/span> disposera de 7 places.<\/p>\n<h2>Vid\u00e9o du Ford Edge 2016<\/h2>\n<p><iframe loading=\"lazy\" src=\"https:\/\/www.youtube.com\/embed\/eTSf7_t-zZ4\" width=\"560\" height=\"315\" frameborder=\"0\" allowfullscreen=\"allowfullscreen\"><\/iframe><\/p>\n","protected":false},"excerpt":{"rendered":"<p>Le Nouveau Ford Edge 2016 sortira en Avril Le Ford Edge 2016 a \u00e9t\u00e9 con\u00e7u pour le march\u00e9 am\u00e9ricain est un gros SUV \u00e0 taille imposante avec ses 4.81 m de long. Ford europe le commercialise et il sera juste au dessus des 4.52m du Ford Kuga dans la Gamme Ford. Le Ford Edge avec &#8230; <a title=\"Le Nouveau Ford Edge 2016\" class=\"read-more\" href=\"https:\/\/www.carideal.com\/blog\/2016\/02\/13\/ford-edge-2016\/\" aria-label=\"En savoir plus sur Le Nouveau Ford Edge 2016\">Lire plus<\/a><\/p>\n","protected":false},"author":3,"featured_media":0,"comment_status":"open","ping_status":"open","sticky":false,"template":"","format":"standard","meta":{"_uag_custom_page_level_css":"","_themeisle_gutenberg_block_has_review":false,"footnotes":""},"categories":[2,21,5944,5968,10,5974],"tags":[5242],"class_list":["post-9439","post","type-post","status-publish","format-standard","hentry","category-4x4-suv","category-actualites-auto","category-constructeur","category-ford","category-marche-automobile-voiture-neuve-occasion-4x4-suv","category-type-de-vehicule","tag-ford-edge"],"wppr_data":[],"yoast_head":"<!-- This site is optimized with the Yoast SEO plugin v24.8.1 - https:\/\/yoast.com\/wordpress\/plugins\/seo\/ -->\n<title>Le Nouveau Ford Edge 2016 - Blog auto Carid\u00e9al<\/title>\n<meta name=\"description\" content=\"Le Haut de gamme et nouveau Ford Edge 2016 sera pr\u00e9sent\u00e9 en avril 2016 en France \u00e0 partir de 42000\u20ac pour concurrencer les XC90 X5 et ML\" \/>\n<meta name=\"robots\" content=\"index, follow, max-snippet:-1, max-image-preview:large, max-video-preview:-1\" \/>\n<link rel=\"canonical\" href=\"https:\/\/www.carideal.com\/blog\/2016\/02\/13\/ford-edge-2016\/\" \/>\n<meta property=\"og:locale\" content=\"fr_FR\" \/>\n<meta property=\"og:type\" content=\"article\" \/>\n<meta property=\"og:title\" content=\"Le Nouveau Ford Edge 2016 - Blog auto Carid\u00e9al\" \/>\n<meta property=\"og:description\" content=\"Le Haut de gamme et nouveau Ford Edge 2016 sera pr\u00e9sent\u00e9 en avril 2016 en France \u00e0 partir de 42000\u20ac pour concurrencer les XC90 X5 et ML\" \/>\n<meta property=\"og:url\" content=\"https:\/\/www.carideal.com\/blog\/2016\/02\/13\/ford-edge-2016\/\" \/>\n<meta property=\"og:site_name\" content=\"Blog auto Carid\u00e9al\" \/>\n<meta property=\"article:publisher\" content=\"https:\/\/www.facebook.com\/Carideal.mandataire.automobile\" \/>\n<meta property=\"article:author\" content=\"https:\/\/www.facebook.com\/nicolas.schiavon.39\" \/>\n<meta property=\"article:published_time\" content=\"2016-02-13T11:39:13+00:00\" \/>\n<meta property=\"article:modified_time\" content=\"2020-03-12T07:27:05+00:00\" \/>\n<meta property=\"og:image\" content=\"http:\/\/www.carideal.com\/blog\/wp-content\/uploads\/2016\/02\/ford-edge-2016-300x166.jpeg\" \/>\n<meta name=\"author\" content=\"Nicolas SCHIAVON\" \/>\n<meta name=\"twitter:card\" content=\"summary_large_image\" \/>\n<meta name=\"twitter:creator\" content=\"@caridealauto\" \/>\n<meta name=\"twitter:site\" content=\"@caridealauto\" \/>\n<meta name=\"twitter:label1\" content=\"\u00c9crit par\" \/>\n\t<meta name=\"twitter:data1\" content=\"Nicolas SCHIAVON\" \/>\n\t<meta name=\"twitter:label2\" content=\"Dur\u00e9e de lecture estim\u00e9e\" \/>\n\t<meta name=\"twitter:data2\" content=\"2 minutes\" \/>\n<script type=\"application\/ld+json\" class=\"yoast-schema-graph\">{\"@context\":\"https:\/\/schema.org\",\"@graph\":[{\"@type\":\"Article\",\"@id\":\"https:\/\/www.carideal.com\/blog\/2016\/02\/13\/ford-edge-2016\/#article\",\"isPartOf\":{\"@id\":\"https:\/\/www.carideal.com\/blog\/2016\/02\/13\/ford-edge-2016\/\"},\"author\":{\"name\":\"Nicolas SCHIAVON\",\"@id\":\"https:\/\/www.carideal.com\/blog\/#\/schema\/person\/cd95dc7919660de90d31b366f85be1ec\"},\"headline\":\"Le Nouveau Ford Edge 2016\",\"datePublished\":\"2016-02-13T11:39:13+00:00\",\"dateModified\":\"2020-03-12T07:27:05+00:00\",\"mainEntityOfPage\":{\"@id\":\"https:\/\/www.carideal.com\/blog\/2016\/02\/13\/ford-edge-2016\/\"},\"wordCount\":390,\"commentCount\":0,\"publisher\":{\"@id\":\"https:\/\/www.carideal.com\/blog\/#organization\"},\"image\":{\"@id\":\"https:\/\/www.carideal.com\/blog\/2016\/02\/13\/ford-edge-2016\/#primaryimage\"},\"thumbnailUrl\":\"http:\/\/www.carideal.com\/blog\/wp-content\/uploads\/2016\/02\/ford-edge-2016-300x166.jpeg\",\"keywords\":[\"Ford Edge\"],\"articleSection\":[\"4X4 Actualit\u00e9\",\"Actualit\u00e9 automobile\",\"Actualit\u00e9 Constructeur automobile\",\"Actualit\u00e9 Ford\",\"March\u00e9 automobile\",\"Type de v\u00e9hicule\"],\"inLanguage\":\"fr-FR\",\"potentialAction\":[{\"@type\":\"CommentAction\",\"name\":\"Comment\",\"target\":[\"https:\/\/www.carideal.com\/blog\/2016\/02\/13\/ford-edge-2016\/#respond\"]}]},{\"@type\":\"WebPage\",\"@id\":\"https:\/\/www.carideal.com\/blog\/2016\/02\/13\/ford-edge-2016\/\",\"url\":\"https:\/\/www.carideal.com\/blog\/2016\/02\/13\/ford-edge-2016\/\",\"name\":\"Le Nouveau Ford Edge 2016 - Blog auto Carid\u00e9al\",\"isPartOf\":{\"@id\":\"https:\/\/www.carideal.com\/blog\/#website\"},\"primaryImageOfPage\":{\"@id\":\"https:\/\/www.carideal.com\/blog\/2016\/02\/13\/ford-edge-2016\/#primaryimage\"},\"image\":{\"@id\":\"https:\/\/www.carideal.com\/blog\/2016\/02\/13\/ford-edge-2016\/#primaryimage\"},\"thumbnailUrl\":\"http:\/\/www.carideal.com\/blog\/wp-content\/uploads\/2016\/02\/ford-edge-2016-300x166.jpeg\",\"datePublished\":\"2016-02-13T11:39:13+00:00\",\"dateModified\":\"2020-03-12T07:27:05+00:00\",\"description\":\"Le Haut de gamme et nouveau Ford Edge 2016 sera pr\u00e9sent\u00e9 en avril 2016 en France \u00e0 partir de 42000\u20ac pour concurrencer les XC90 X5 et ML\",\"breadcrumb\":{\"@id\":\"https:\/\/www.carideal.com\/blog\/2016\/02\/13\/ford-edge-2016\/#breadcrumb\"},\"inLanguage\":\"fr-FR\",\"potentialAction\":[{\"@type\":\"ReadAction\",\"target\":[\"https:\/\/www.carideal.com\/blog\/2016\/02\/13\/ford-edge-2016\/\"]}]},{\"@type\":\"ImageObject\",\"inLanguage\":\"fr-FR\",\"@id\":\"https:\/\/www.carideal.com\/blog\/2016\/02\/13\/ford-edge-2016\/#primaryimage\",\"url\":\"http:\/\/www.carideal.com\/blog\/wp-content\/uploads\/2016\/02\/ford-edge-2016-300x166.jpeg\",\"contentUrl\":\"http:\/\/www.carideal.com\/blog\/wp-content\/uploads\/2016\/02\/ford-edge-2016-300x166.jpeg\"},{\"@type\":\"BreadcrumbList\",\"@id\":\"https:\/\/www.carideal.com\/blog\/2016\/02\/13\/ford-edge-2016\/#breadcrumb\",\"itemListElement\":[{\"@type\":\"ListItem\",\"position\":1,\"name\":\"Blog Carid\u00e9al\",\"item\":\"https:\/\/www.carideal.com\/blog\/\"},{\"@type\":\"ListItem\",\"position\":2,\"name\":\"Type de v\u00e9hicule\",\"item\":\"https:\/\/www.carideal.com\/blog\/type-de-vehicule\/\"},{\"@type\":\"ListItem\",\"position\":3,\"name\":\"4X4 Actualit\u00e9\",\"item\":\"https:\/\/www.carideal.com\/blog\/type-de-vehicule\/4x4-suv\/\"},{\"@type\":\"ListItem\",\"position\":4,\"name\":\"Le Nouveau Ford Edge 2016\"}]},{\"@type\":\"WebSite\",\"@id\":\"https:\/\/www.carideal.com\/blog\/#website\",\"url\":\"https:\/\/www.carideal.com\/blog\/\",\"name\":\"Blog auto Carid\u00e9al\",\"description\":\"Actualit\u00e9 auto par des passionn\u00e9s\",\"publisher\":{\"@id\":\"https:\/\/www.carideal.com\/blog\/#organization\"},\"potentialAction\":[{\"@type\":\"SearchAction\",\"target\":{\"@type\":\"EntryPoint\",\"urlTemplate\":\"https:\/\/www.carideal.com\/blog\/?s={search_term_string}\"},\"query-input\":{\"@type\":\"PropertyValueSpecification\",\"valueRequired\":true,\"valueName\":\"search_term_string\"}}],\"inLanguage\":\"fr-FR\"},{\"@type\":\"Organization\",\"@id\":\"https:\/\/www.carideal.com\/blog\/#organization\",\"name\":\"Carideal\",\"url\":\"https:\/\/www.carideal.com\/blog\/\",\"logo\":{\"@type\":\"ImageObject\",\"inLanguage\":\"fr-FR\",\"@id\":\"https:\/\/www.carideal.com\/blog\/#\/schema\/logo\/image\/\",\"url\":\"http:\/\/www.carideal.com\/blog\/wp-content\/uploads\/2016\/03\/logo-carideal-mandataire-automobile.png\",\"contentUrl\":\"http:\/\/www.carideal.com\/blog\/wp-content\/uploads\/2016\/03\/logo-carideal-mandataire-automobile.png\",\"width\":300,\"height\":300,\"caption\":\"Carideal\"},\"image\":{\"@id\":\"https:\/\/www.carideal.com\/blog\/#\/schema\/logo\/image\/\"},\"sameAs\":[\"https:\/\/www.facebook.com\/Carideal.mandataire.automobile\",\"https:\/\/x.com\/caridealauto\",\"https:\/\/www.instagram.com\/carideal1\/\",\"https:\/\/www.linkedin.com\/company\/carideal.com\",\"https:\/\/fr.pinterest.com\/schiavonsas\/\",\"https:\/\/www.youtube.com\/user\/caridealsas\"]},{\"@type\":\"Person\",\"@id\":\"https:\/\/www.carideal.com\/blog\/#\/schema\/person\/cd95dc7919660de90d31b366f85be1ec\",\"name\":\"Nicolas SCHIAVON\",\"image\":{\"@type\":\"ImageObject\",\"inLanguage\":\"fr-FR\",\"@id\":\"https:\/\/www.carideal.com\/blog\/#\/schema\/person\/image\/\",\"url\":\"https:\/\/secure.gravatar.com\/avatar\/c17e55009e671d92cc7f5dc837dc418a?s=96&r=g\",\"contentUrl\":\"https:\/\/secure.gravatar.com\/avatar\/c17e55009e671d92cc7f5dc837dc418a?s=96&r=g\",\"caption\":\"Nicolas SCHIAVON\"},\"description\":\"Nicolas Schiavon est tomb\u00e9 tout petit dans la marmite automobile. Ayant eu un garage de marque automobile, mandataire automobile de la premi\u00e8re heure d\u00e8s 1999. Nicolas a cr\u00e9\u00e9 ces premiers sites de vente de voiture et blog automobile d\u00e8s 1994. Carideal est n\u00e9 le 15 d\u00e9cembre 2000 de la volont\u00e9 de vendre des voitures d'occasions en ligne puis des voitures neuves. Il a pu essayer beaucoup de voitures tr\u00e8s diff\u00e9rentes et ayant eu personnellement quelques belles autos, Subaru Impreza, Mitsubishi Lancer Evo 7, Porsche 911, Ferrari Testarrossa, Audi RS3, RS4 et j'en passe...\",\"sameAs\":[\"http:\/\/www.carideal.com\",\"https:\/\/www.facebook.com\/nicolas.schiavon.39\",\"https:\/\/www.instagram.com\/carideal1\/\",\"https:\/\/www.linkedin.com\/in\/nschiavon\/\",\"https:\/\/x.com\/caridealauto\",\"https:\/\/www.youtube.com\/user\/caridealsas\/\"],\"url\":\"https:\/\/www.carideal.com\/blog\/author\/nschiavon\/\"}]}<\/script>\n<!-- \/ Yoast SEO plugin. -->","yoast_head_json":{"title":"Le Nouveau Ford Edge 2016 - Blog auto Carid\u00e9al","description":"Le Haut de gamme et nouveau Ford Edge 2016 sera pr\u00e9sent\u00e9 en avril 2016 en France \u00e0 partir de 42000\u20ac pour concurrencer les XC90 X5 et ML","robots":{"index":"index","follow":"follow","max-snippet":"max-snippet:-1","max-image-preview":"max-image-preview:large","max-video-preview":"max-video-preview:-1"},"canonical":"https:\/\/www.carideal.com\/blog\/2016\/02\/13\/ford-edge-2016\/","og_locale":"fr_FR","og_type":"article","og_title":"Le Nouveau Ford Edge 2016 - Blog auto Carid\u00e9al","og_description":"Le Haut de gamme et nouveau Ford Edge 2016 sera pr\u00e9sent\u00e9 en avril 2016 en France \u00e0 partir de 42000\u20ac pour concurrencer les XC90 X5 et ML","og_url":"https:\/\/www.carideal.com\/blog\/2016\/02\/13\/ford-edge-2016\/","og_site_name":"Blog auto Carid\u00e9al","article_publisher":"https:\/\/www.facebook.com\/Carideal.mandataire.automobile","article_author":"https:\/\/www.facebook.com\/nicolas.schiavon.39","article_published_time":"2016-02-13T11:39:13+00:00","article_modified_time":"2020-03-12T07:27:05+00:00","og_image":[{"url":"http:\/\/www.carideal.com\/blog\/wp-content\/uploads\/2016\/02\/ford-edge-2016-300x166.jpeg","type":"","width":"","height":""}],"author":"Nicolas SCHIAVON","twitter_card":"summary_large_image","twitter_creator":"@caridealauto","twitter_site":"@caridealauto","twitter_misc":{"\u00c9crit par":"Nicolas SCHIAVON","Dur\u00e9e de lecture estim\u00e9e":"2 minutes"},"schema":{"@context":"https:\/\/schema.org","@graph":[{"@type":"Article","@id":"https:\/\/www.carideal.com\/blog\/2016\/02\/13\/ford-edge-2016\/#article","isPartOf":{"@id":"https:\/\/www.carideal.com\/blog\/2016\/02\/13\/ford-edge-2016\/"},"author":{"name":"Nicolas SCHIAVON","@id":"https:\/\/www.carideal.com\/blog\/#\/schema\/person\/cd95dc7919660de90d31b366f85be1ec"},"headline":"Le Nouveau Ford Edge 2016","datePublished":"2016-02-13T11:39:13+00:00","dateModified":"2020-03-12T07:27:05+00:00","mainEntityOfPage":{"@id":"https:\/\/www.carideal.com\/blog\/2016\/02\/13\/ford-edge-2016\/"},"wordCount":390,"commentCount":0,"publisher":{"@id":"https:\/\/www.carideal.com\/blog\/#organization"},"image":{"@id":"https:\/\/www.carideal.com\/blog\/2016\/02\/13\/ford-edge-2016\/#primaryimage"},"thumbnailUrl":"http:\/\/www.carideal.com\/blog\/wp-content\/uploads\/2016\/02\/ford-edge-2016-300x166.jpeg","keywords":["Ford Edge"],"articleSection":["4X4 Actualit\u00e9","Actualit\u00e9 automobile","Actualit\u00e9 Constructeur automobile","Actualit\u00e9 Ford","March\u00e9 automobile","Type de v\u00e9hicule"],"inLanguage":"fr-FR","potentialAction":[{"@type":"CommentAction","name":"Comment","target":["https:\/\/www.carideal.com\/blog\/2016\/02\/13\/ford-edge-2016\/#respond"]}]},{"@type":"WebPage","@id":"https:\/\/www.carideal.com\/blog\/2016\/02\/13\/ford-edge-2016\/","url":"https:\/\/www.carideal.com\/blog\/2016\/02\/13\/ford-edge-2016\/","name":"Le Nouveau Ford Edge 2016 - Blog auto Carid\u00e9al","isPartOf":{"@id":"https:\/\/www.carideal.com\/blog\/#website"},"primaryImageOfPage":{"@id":"https:\/\/www.carideal.com\/blog\/2016\/02\/13\/ford-edge-2016\/#primaryimage"},"image":{"@id":"https:\/\/www.carideal.com\/blog\/2016\/02\/13\/ford-edge-2016\/#primaryimage"},"thumbnailUrl":"http:\/\/www.carideal.com\/blog\/wp-content\/uploads\/2016\/02\/ford-edge-2016-300x166.jpeg","datePublished":"2016-02-13T11:39:13+00:00","dateModified":"2020-03-12T07:27:05+00:00","description":"Le Haut de gamme et nouveau Ford Edge 2016 sera pr\u00e9sent\u00e9 en avril 2016 en France \u00e0 partir de 42000\u20ac pour concurrencer les XC90 X5 et ML","breadcrumb":{"@id":"https:\/\/www.carideal.com\/blog\/2016\/02\/13\/ford-edge-2016\/#breadcrumb"},"inLanguage":"fr-FR","potentialAction":[{"@type":"ReadAction","target":["https:\/\/www.carideal.com\/blog\/2016\/02\/13\/ford-edge-2016\/"]}]},{"@type":"ImageObject","inLanguage":"fr-FR","@id":"https:\/\/www.carideal.com\/blog\/2016\/02\/13\/ford-edge-2016\/#primaryimage","url":"http:\/\/www.carideal.com\/blog\/wp-content\/uploads\/2016\/02\/ford-edge-2016-300x166.jpeg","contentUrl":"http:\/\/www.carideal.com\/blog\/wp-content\/uploads\/2016\/02\/ford-edge-2016-300x166.jpeg"},{"@type":"BreadcrumbList","@id":"https:\/\/www.carideal.com\/blog\/2016\/02\/13\/ford-edge-2016\/#breadcrumb","itemListElement":[{"@type":"ListItem","position":1,"name":"Blog Carid\u00e9al","item":"https:\/\/www.carideal.com\/blog\/"},{"@type":"ListItem","position":2,"name":"Type de v\u00e9hicule","item":"https:\/\/www.carideal.com\/blog\/type-de-vehicule\/"},{"@type":"ListItem","position":3,"name":"4X4 Actualit\u00e9","item":"https:\/\/www.carideal.com\/blog\/type-de-vehicule\/4x4-suv\/"},{"@type":"ListItem","position":4,"name":"Le Nouveau Ford Edge 2016"}]},{"@type":"WebSite","@id":"https:\/\/www.carideal.com\/blog\/#website","url":"https:\/\/www.carideal.com\/blog\/","name":"Blog auto Carid\u00e9al","description":"Actualit\u00e9 auto par des passionn\u00e9s","publisher":{"@id":"https:\/\/www.carideal.com\/blog\/#organization"},"potentialAction":[{"@type":"SearchAction","target":{"@type":"EntryPoint","urlTemplate":"https:\/\/www.carideal.com\/blog\/?s={search_term_string}"},"query-input":{"@type":"PropertyValueSpecification","valueRequired":true,"valueName":"search_term_string"}}],"inLanguage":"fr-FR"},{"@type":"Organization","@id":"https:\/\/www.carideal.com\/blog\/#organization","name":"Carideal","url":"https:\/\/www.carideal.com\/blog\/","logo":{"@type":"ImageObject","inLanguage":"fr-FR","@id":"https:\/\/www.carideal.com\/blog\/#\/schema\/logo\/image\/","url":"http:\/\/www.carideal.com\/blog\/wp-content\/uploads\/2016\/03\/logo-carideal-mandataire-automobile.png","contentUrl":"http:\/\/www.carideal.com\/blog\/wp-content\/uploads\/2016\/03\/logo-carideal-mandataire-automobile.png","width":300,"height":300,"caption":"Carideal"},"image":{"@id":"https:\/\/www.carideal.com\/blog\/#\/schema\/logo\/image\/"},"sameAs":["https:\/\/www.facebook.com\/Carideal.mandataire.automobile","https:\/\/x.com\/caridealauto","https:\/\/www.instagram.com\/carideal1\/","https:\/\/www.linkedin.com\/company\/carideal.com","https:\/\/fr.pinterest.com\/schiavonsas\/","https:\/\/www.youtube.com\/user\/caridealsas"]},{"@type":"Person","@id":"https:\/\/www.carideal.com\/blog\/#\/schema\/person\/cd95dc7919660de90d31b366f85be1ec","name":"Nicolas SCHIAVON","image":{"@type":"ImageObject","inLanguage":"fr-FR","@id":"https:\/\/www.carideal.com\/blog\/#\/schema\/person\/image\/","url":"https:\/\/secure.gravatar.com\/avatar\/c17e55009e671d92cc7f5dc837dc418a?s=96&r=g","contentUrl":"https:\/\/secure.gravatar.com\/avatar\/c17e55009e671d92cc7f5dc837dc418a?s=96&r=g","caption":"Nicolas SCHIAVON"},"description":"Nicolas Schiavon est tomb\u00e9 tout petit dans la marmite automobile. Ayant eu un garage de marque automobile, mandataire automobile de la premi\u00e8re heure d\u00e8s 1999. Nicolas a cr\u00e9\u00e9 ces premiers sites de vente de voiture et blog automobile d\u00e8s 1994. Carideal est n\u00e9 le 15 d\u00e9cembre 2000 de la volont\u00e9 de vendre des voitures d'occasions en ligne puis des voitures neuves. Il a pu essayer beaucoup de voitures tr\u00e8s diff\u00e9rentes et ayant eu personnellement quelques belles autos, Subaru Impreza, Mitsubishi Lancer Evo 7, Porsche 911, Ferrari Testarrossa, Audi RS3, RS4 et j'en passe...","sameAs":["http:\/\/www.carideal.com","https:\/\/www.facebook.com\/nicolas.schiavon.39","https:\/\/www.instagram.com\/carideal1\/","https:\/\/www.linkedin.com\/in\/nschiavon\/","https:\/\/x.com\/caridealauto","https:\/\/www.youtube.com\/user\/caridealsas\/"],"url":"https:\/\/www.carideal.com\/blog\/author\/nschiavon\/"}]}},"uagb_featured_image_src":{"full":false,"thumbnail":false,"medium":false,"medium_large":false,"large":false,"1536x1536":false,"2048x2048":false,"wppr-widget":false},"uagb_author_info":{"display_name":"Nicolas SCHIAVON","author_link":"https:\/\/www.carideal.com\/blog\/author\/nschiavon\/"},"uagb_comment_info":1,"uagb_excerpt":"Le Nouveau Ford Edge 2016 sortira en Avril Le Ford Edge 2016 a \u00e9t\u00e9 con\u00e7u pour le march\u00e9 am\u00e9ricain est un gros SUV \u00e0 taille imposante avec ses 4.81 m de long. Ford europe le commercialise et il sera juste au dessus des 4.52m du Ford Kuga dans la Gamme Ford. Le Ford Edge avec\u2026","_links":{"self":[{"href":"https:\/\/www.carideal.com\/blog\/wp-json\/wp\/v2\/posts\/9439"}],"collection":[{"href":"https:\/\/www.carideal.com\/blog\/wp-json\/wp\/v2\/posts"}],"about":[{"href":"https:\/\/www.carideal.com\/blog\/wp-json\/wp\/v2\/types\/post"}],"author":[{"embeddable":true,"href":"https:\/\/www.carideal.com\/blog\/wp-json\/wp\/v2\/users\/3"}],"replies":[{"embeddable":true,"href":"https:\/\/www.carideal.com\/blog\/wp-json\/wp\/v2\/comments?post=9439"}],"version-history":[{"count":0,"href":"https:\/\/www.carideal.com\/blog\/wp-json\/wp\/v2\/posts\/9439\/revisions"}],"wp:attachment":[{"href":"https:\/\/www.carideal.com\/blog\/wp-json\/wp\/v2\/media?parent=9439"}],"wp:term":[{"taxonomy":"category","embeddable":true,"href":"https:\/\/www.carideal.com\/blog\/wp-json\/wp\/v2\/categories?post=9439"},{"taxonomy":"post_tag","embeddable":true,"href":"https:\/\/www.carideal.com\/blog\/wp-json\/wp\/v2\/tags?post=9439"}],"curies":[{"name":"wp","href":"https:\/\/api.w.org\/{rel}","templated":true}]}}