{"id":9428,"date":"2016-02-12T15:41:20","date_gmt":"2016-02-12T14:41:20","guid":{"rendered":"http:\/\/www.carideal.com\/blog\/?p=9428"},"modified":"2025-04-03T12:07:09","modified_gmt":"2025-04-03T10:07:09","slug":"ds3-crossback","status":"publish","type":"post","link":"https:\/\/www.carideal.com\/blog\/2016\/02\/12\/ds3-crossback\/","title":{"rendered":"La DS3 Crossback pour 2018"},"content":{"rendered":"\n<h1 class=\"wp-block-heading\">Le DS3 Crossback va \u00eare commercialis\u00e9 en Octobre 2018<\/h1>\n\n\n<div class=\"wp-block-image\">\n<figure class=\"alignleft\"><a href=\"http:\/\/www.carideal.com\/blog\/wp-content\/uploads\/2016\/02\/suv-ds3-carideal-actualit\u00e9s-blog.jpg\"><img loading=\"lazy\" decoding=\"async\" width=\"300\" height=\"200\" src=\"http:\/\/www.carideal.com\/blog\/wp-content\/uploads\/2016\/02\/suv-ds3-carideal-actualit\u00e9s-blog-300x200.jpg\" alt=\"Le DS3 Crossback\" class=\"wp-image-9429\" srcset=\"https:\/\/www.carideal.com\/blog\/wp-content\/uploads\/2016\/02\/suv-ds3-carideal-actualit\u00e9s-blog-300x200.jpg 300w, https:\/\/www.carideal.com\/blog\/wp-content\/uploads\/2016\/02\/suv-ds3-carideal-actualit\u00e9s-blog.jpg 1024w, https:\/\/www.carideal.com\/blog\/wp-content\/uploads\/2016\/02\/suv-ds3-carideal-actualit\u00e9s-blog-624x416.jpg 624w\" sizes=\"(max-width: 300px) 100vw, 300px\" \/><\/a><figcaption class=\"wp-element-caption\">Le DS3 Crossback aura une calande DSwing double avec du nid d'abeille<\/figcaption><\/figure><\/div>\n\n\n<p>Toute l'histoire de <a href=\"http:\/\/www.carideal.com\/blog\/marque-de-voiture-actualites-essais\/ds\/\">DS automobile<\/a> a commenc\u00e9 avec DS3. On le sait puisqu'on en a d\u00e9j\u00e0 parl\u00e9 ici, la <span style=\"text-decoration: underline;\"><a href=\"http:\/\/www.carideal.com\/blog\/2016\/01\/22\/nouvelle-ds3-2016\/\">DS3 2016<\/a><\/span>&nbsp;a \u00e9t\u00e9 relyft\u00e9 cette ann\u00e9e et elle sera toute nouvelle en 2018 et pr\u00e9sent\u00e9e au Mondial de l'auto pour l'occasion. La DS3 Crossback&nbsp;sera en vente \u00e0 partir de 20 000 \u20ac.<\/p>\n\n\n\n<p>DS parle d'un <a href=\"http:\/\/www.carideal.com\/blog\/2015\/02\/28\/ds-confirme-larrive-dun-petit-suv-la-ds3-x\/\">SUV DS3<\/a> depuis des mois et il faudra encore attendre. La DS3 Crossback\u00a0sera \u00e9quip\u00e9e de la nouvelle plateforme technique CMP, (Common Modular Plateform) mise au point avec Dongfeng. Ce futur SUV urbain sera aussi vendu en Chine, car le march\u00e9 chinois est tr\u00e8s friand de SUV. Le DS3 Crossback sera \u00e9quip\u00e9 de 5 portes pour le coup. Le SUV DS3 Crossback devrait \u00eatre fabriqu\u00e9 pour le march\u00e9 europ\u00e9en \u00e0 Poissy comme les autres DS3. DS en profitera pour pr\u00e9senter et y installer ses futurs <a href=\"https:\/\/www.carideal.com\/blog\/2025\/04\/03\/moteur-1-5-bluehdi-les-modeles-stellantis-concernes-par-les-problemes-de-chaine-et-les-risques-lies-a-ce-diesel\/\">moteurs diesel 1.5 BlueHDI<\/a> de 100 et 130 ch avec son futur nouveau syst\u00e8me de catalyseur de Nox SCR, de seconde g\u00e9n\u00e9ration. Du cot\u00e9 des moteurs essence, les motorisation puretech 82, 110 et 130 seront de la partie.<\/p>\n","protected":false},"excerpt":{"rendered":"<p>Le DS3 Crossback va \u00eare commercialis\u00e9 en Octobre 2018 Toute l&rsquo;histoire de DS automobile a commenc\u00e9 avec DS3. On le sait puisqu&rsquo;on en a d\u00e9j\u00e0 parl\u00e9 ici, la DS3 2016&nbsp;a \u00e9t\u00e9 relyft\u00e9 cette ann\u00e9e et elle sera toute nouvelle en 2018 et pr\u00e9sent\u00e9e au Mondial de l&rsquo;auto pour l&rsquo;occasion. La DS3 Crossback&nbsp;sera en vente \u00e0 &#8230; <a title=\"La DS3 Crossback pour 2018\" class=\"read-more\" href=\"https:\/\/www.carideal.com\/blog\/2016\/02\/12\/ds3-crossback\/\" aria-label=\"En savoir plus sur La DS3 Crossback pour 2018\">Lire plus<\/a><\/p>\n","protected":false},"author":3,"featured_media":0,"comment_status":"open","ping_status":"open","sticky":false,"template":"","format":"standard","meta":{"_uag_custom_page_level_css":"","_themeisle_gutenberg_block_has_review":false,"footnotes":""},"categories":[21,5944,6001,6021,6024,6010,5974],"tags":[],"class_list":["post-9428","post","type-post","status-publish","format-standard","hentry","category-actualites-auto","category-constructeur","category-ds","category-crossovers","category-nouveaux-modeles","category-suv","category-type-de-vehicule"],"wppr_data":{"cwp_meta_box_check":"No"},"yoast_head":"<!-- This site is optimized with the Yoast SEO plugin v24.8.1 - https:\/\/yoast.com\/wordpress\/plugins\/seo\/ -->\n<title>La DS3 Crossback pour 2018 - Blog auto Carid\u00e9al<\/title>\n<meta name=\"description\" content=\"Le futur SUV urbain DS3 Crossback sera pr\u00e9sent\u00e9 au salon de paris en Octobre 2018 et propos\u00e9 \u00e0 la vente \u00e0 partir de 20 000 \u20ac. Il aura 5 portes.\" \/>\n<meta name=\"robots\" content=\"index, follow, max-snippet:-1, max-image-preview:large, max-video-preview:-1\" \/>\n<link rel=\"canonical\" href=\"https:\/\/www.carideal.com\/blog\/2016\/02\/12\/ds3-crossback\/\" \/>\n<meta property=\"og:locale\" content=\"fr_FR\" \/>\n<meta property=\"og:type\" content=\"article\" \/>\n<meta property=\"og:title\" content=\"La DS3 Crossback pour 2018 - Blog auto Carid\u00e9al\" \/>\n<meta property=\"og:description\" content=\"Le futur SUV urbain DS3 Crossback sera pr\u00e9sent\u00e9 au salon de paris en Octobre 2018 et propos\u00e9 \u00e0 la vente \u00e0 partir de 20 000 \u20ac. Il aura 5 portes.\" \/>\n<meta property=\"og:url\" content=\"https:\/\/www.carideal.com\/blog\/2016\/02\/12\/ds3-crossback\/\" \/>\n<meta property=\"og:site_name\" content=\"Blog auto Carid\u00e9al\" \/>\n<meta property=\"article:publisher\" content=\"https:\/\/www.facebook.com\/Carideal.mandataire.automobile\" \/>\n<meta property=\"article:author\" content=\"https:\/\/www.facebook.com\/nicolas.schiavon.39\" \/>\n<meta property=\"article:published_time\" content=\"2016-02-12T14:41:20+00:00\" \/>\n<meta property=\"article:modified_time\" content=\"2025-04-03T10:07:09+00:00\" \/>\n<meta property=\"og:image\" content=\"https:\/\/www.carideal.com\/blog\/wp-content\/uploads\/2016\/03\/logo-carideal-mandataire-automobile.png\" \/>\n\t<meta property=\"og:image:width\" content=\"300\" \/>\n\t<meta property=\"og:image:height\" content=\"300\" \/>\n\t<meta property=\"og:image:type\" content=\"image\/png\" \/>\n<meta name=\"author\" content=\"Nicolas SCHIAVON\" \/>\n<meta name=\"twitter:card\" content=\"summary_large_image\" \/>\n<meta name=\"twitter:creator\" content=\"@caridealauto\" \/>\n<meta name=\"twitter:site\" content=\"@caridealauto\" \/>\n<meta name=\"twitter:label1\" content=\"\u00c9crit par\" \/>\n\t<meta name=\"twitter:data1\" content=\"Nicolas SCHIAVON\" \/>\n\t<meta name=\"twitter:label2\" content=\"Dur\u00e9e de lecture estim\u00e9e\" \/>\n\t<meta name=\"twitter:data2\" content=\"2 minutes\" \/>\n<script type=\"application\/ld+json\" class=\"yoast-schema-graph\">{\"@context\":\"https:\/\/schema.org\",\"@graph\":[{\"@type\":\"Article\",\"@id\":\"https:\/\/www.carideal.com\/blog\/2016\/02\/12\/ds3-crossback\/#article\",\"isPartOf\":{\"@id\":\"https:\/\/www.carideal.com\/blog\/2016\/02\/12\/ds3-crossback\/\"},\"author\":{\"name\":\"Nicolas SCHIAVON\",\"@id\":\"https:\/\/www.carideal.com\/blog\/#\/schema\/person\/cd95dc7919660de90d31b366f85be1ec\"},\"headline\":\"La DS3 Crossback pour 2018\",\"datePublished\":\"2016-02-12T14:41:20+00:00\",\"dateModified\":\"2025-04-03T10:07:09+00:00\",\"mainEntityOfPage\":{\"@id\":\"https:\/\/www.carideal.com\/blog\/2016\/02\/12\/ds3-crossback\/\"},\"wordCount\":202,\"commentCount\":0,\"publisher\":{\"@id\":\"https:\/\/www.carideal.com\/blog\/#organization\"},\"articleSection\":[\"Actualit\u00e9 automobile\",\"Actualit\u00e9 Constructeur automobile\",\"Actualit\u00e9 DS\",\"Crossover\",\"Nouveaux mod\u00e8les\",\"SUV\",\"Type de v\u00e9hicule\"],\"inLanguage\":\"fr-FR\",\"potentialAction\":[{\"@type\":\"CommentAction\",\"name\":\"Comment\",\"target\":[\"https:\/\/www.carideal.com\/blog\/2016\/02\/12\/ds3-crossback\/#respond\"]}]},{\"@type\":\"WebPage\",\"@id\":\"https:\/\/www.carideal.com\/blog\/2016\/02\/12\/ds3-crossback\/\",\"url\":\"https:\/\/www.carideal.com\/blog\/2016\/02\/12\/ds3-crossback\/\",\"name\":\"La DS3 Crossback pour 2018 - Blog auto Carid\u00e9al\",\"isPartOf\":{\"@id\":\"https:\/\/www.carideal.com\/blog\/#website\"},\"datePublished\":\"2016-02-12T14:41:20+00:00\",\"dateModified\":\"2025-04-03T10:07:09+00:00\",\"description\":\"Le futur SUV urbain DS3 Crossback sera pr\u00e9sent\u00e9 au salon de paris en Octobre 2018 et propos\u00e9 \u00e0 la vente \u00e0 partir de 20 000 \u20ac. Il aura 5 portes.\",\"breadcrumb\":{\"@id\":\"https:\/\/www.carideal.com\/blog\/2016\/02\/12\/ds3-crossback\/#breadcrumb\"},\"inLanguage\":\"fr-FR\",\"potentialAction\":[{\"@type\":\"ReadAction\",\"target\":[\"https:\/\/www.carideal.com\/blog\/2016\/02\/12\/ds3-crossback\/\"]}]},{\"@type\":\"BreadcrumbList\",\"@id\":\"https:\/\/www.carideal.com\/blog\/2016\/02\/12\/ds3-crossback\/#breadcrumb\",\"itemListElement\":[{\"@type\":\"ListItem\",\"position\":1,\"name\":\"Blog Carid\u00e9al\",\"item\":\"https:\/\/www.carideal.com\/blog\/\"},{\"@type\":\"ListItem\",\"position\":2,\"name\":\"Actualit\u00e9 automobile\",\"item\":\"https:\/\/www.carideal.com\/blog\/actualites-auto\/\"},{\"@type\":\"ListItem\",\"position\":3,\"name\":\"La DS3 Crossback pour 2018\"}]},{\"@type\":\"WebSite\",\"@id\":\"https:\/\/www.carideal.com\/blog\/#website\",\"url\":\"https:\/\/www.carideal.com\/blog\/\",\"name\":\"Blog auto Carid\u00e9al\",\"description\":\"Actualit\u00e9 auto par des passionn\u00e9s\",\"publisher\":{\"@id\":\"https:\/\/www.carideal.com\/blog\/#organization\"},\"potentialAction\":[{\"@type\":\"SearchAction\",\"target\":{\"@type\":\"EntryPoint\",\"urlTemplate\":\"https:\/\/www.carideal.com\/blog\/?s={search_term_string}\"},\"query-input\":{\"@type\":\"PropertyValueSpecification\",\"valueRequired\":true,\"valueName\":\"search_term_string\"}}],\"inLanguage\":\"fr-FR\"},{\"@type\":\"Organization\",\"@id\":\"https:\/\/www.carideal.com\/blog\/#organization\",\"name\":\"Carideal\",\"url\":\"https:\/\/www.carideal.com\/blog\/\",\"logo\":{\"@type\":\"ImageObject\",\"inLanguage\":\"fr-FR\",\"@id\":\"https:\/\/www.carideal.com\/blog\/#\/schema\/logo\/image\/\",\"url\":\"http:\/\/www.carideal.com\/blog\/wp-content\/uploads\/2016\/03\/logo-carideal-mandataire-automobile.png\",\"contentUrl\":\"http:\/\/www.carideal.com\/blog\/wp-content\/uploads\/2016\/03\/logo-carideal-mandataire-automobile.png\",\"width\":300,\"height\":300,\"caption\":\"Carideal\"},\"image\":{\"@id\":\"https:\/\/www.carideal.com\/blog\/#\/schema\/logo\/image\/\"},\"sameAs\":[\"https:\/\/www.facebook.com\/Carideal.mandataire.automobile\",\"https:\/\/x.com\/caridealauto\",\"https:\/\/www.instagram.com\/carideal1\/\",\"https:\/\/www.linkedin.com\/company\/carideal.com\",\"https:\/\/fr.pinterest.com\/schiavonsas\/\",\"https:\/\/www.youtube.com\/user\/caridealsas\"]},{\"@type\":\"Person\",\"@id\":\"https:\/\/www.carideal.com\/blog\/#\/schema\/person\/cd95dc7919660de90d31b366f85be1ec\",\"name\":\"Nicolas SCHIAVON\",\"image\":{\"@type\":\"ImageObject\",\"inLanguage\":\"fr-FR\",\"@id\":\"https:\/\/www.carideal.com\/blog\/#\/schema\/person\/image\/\",\"url\":\"https:\/\/secure.gravatar.com\/avatar\/c17e55009e671d92cc7f5dc837dc418a?s=96&r=g\",\"contentUrl\":\"https:\/\/secure.gravatar.com\/avatar\/c17e55009e671d92cc7f5dc837dc418a?s=96&r=g\",\"caption\":\"Nicolas SCHIAVON\"},\"description\":\"Nicolas Schiavon est tomb\u00e9 tout petit dans la marmite automobile. Ayant eu un garage de marque automobile, mandataire automobile de la premi\u00e8re heure d\u00e8s 1999. Nicolas a cr\u00e9\u00e9 ces premiers sites de vente de voiture et blog automobile d\u00e8s 1994. Carideal est n\u00e9 le 15 d\u00e9cembre 2000 de la volont\u00e9 de vendre des voitures d'occasions en ligne puis des voitures neuves. Il a pu essayer beaucoup de voitures tr\u00e8s diff\u00e9rentes et ayant eu personnellement quelques belles autos, Subaru Impreza, Mitsubishi Lancer Evo 7, Porsche 911, Ferrari Testarrossa, Audi RS3, RS4 et j'en passe...\",\"sameAs\":[\"http:\/\/www.carideal.com\",\"https:\/\/www.facebook.com\/nicolas.schiavon.39\",\"https:\/\/www.instagram.com\/carideal1\/\",\"https:\/\/www.linkedin.com\/in\/nschiavon\/\",\"https:\/\/x.com\/caridealauto\",\"https:\/\/www.youtube.com\/user\/caridealsas\/\"],\"url\":\"https:\/\/www.carideal.com\/blog\/author\/nschiavon\/\"}]}<\/script>\n<!-- \/ Yoast SEO plugin. -->","yoast_head_json":{"title":"La DS3 Crossback pour 2018 - Blog auto Carid\u00e9al","description":"Le futur SUV urbain DS3 Crossback sera pr\u00e9sent\u00e9 au salon de paris en Octobre 2018 et propos\u00e9 \u00e0 la vente \u00e0 partir de 20 000 \u20ac. Il aura 5 portes.","robots":{"index":"index","follow":"follow","max-snippet":"max-snippet:-1","max-image-preview":"max-image-preview:large","max-video-preview":"max-video-preview:-1"},"canonical":"https:\/\/www.carideal.com\/blog\/2016\/02\/12\/ds3-crossback\/","og_locale":"fr_FR","og_type":"article","og_title":"La DS3 Crossback pour 2018 - Blog auto Carid\u00e9al","og_description":"Le futur SUV urbain DS3 Crossback sera pr\u00e9sent\u00e9 au salon de paris en Octobre 2018 et propos\u00e9 \u00e0 la vente \u00e0 partir de 20 000 \u20ac. Il aura 5 portes.","og_url":"https:\/\/www.carideal.com\/blog\/2016\/02\/12\/ds3-crossback\/","og_site_name":"Blog auto Carid\u00e9al","article_publisher":"https:\/\/www.facebook.com\/Carideal.mandataire.automobile","article_author":"https:\/\/www.facebook.com\/nicolas.schiavon.39","article_published_time":"2016-02-12T14:41:20+00:00","article_modified_time":"2025-04-03T10:07:09+00:00","og_image":[{"width":300,"height":300,"url":"https:\/\/www.carideal.com\/blog\/wp-content\/uploads\/2016\/03\/logo-carideal-mandataire-automobile.png","type":"image\/png"}],"author":"Nicolas SCHIAVON","twitter_card":"summary_large_image","twitter_creator":"@caridealauto","twitter_site":"@caridealauto","twitter_misc":{"\u00c9crit par":"Nicolas SCHIAVON","Dur\u00e9e de lecture estim\u00e9e":"2 minutes"},"schema":{"@context":"https:\/\/schema.org","@graph":[{"@type":"Article","@id":"https:\/\/www.carideal.com\/blog\/2016\/02\/12\/ds3-crossback\/#article","isPartOf":{"@id":"https:\/\/www.carideal.com\/blog\/2016\/02\/12\/ds3-crossback\/"},"author":{"name":"Nicolas SCHIAVON","@id":"https:\/\/www.carideal.com\/blog\/#\/schema\/person\/cd95dc7919660de90d31b366f85be1ec"},"headline":"La DS3 Crossback pour 2018","datePublished":"2016-02-12T14:41:20+00:00","dateModified":"2025-04-03T10:07:09+00:00","mainEntityOfPage":{"@id":"https:\/\/www.carideal.com\/blog\/2016\/02\/12\/ds3-crossback\/"},"wordCount":202,"commentCount":0,"publisher":{"@id":"https:\/\/www.carideal.com\/blog\/#organization"},"articleSection":["Actualit\u00e9 automobile","Actualit\u00e9 Constructeur automobile","Actualit\u00e9 DS","Crossover","Nouveaux mod\u00e8les","SUV","Type de v\u00e9hicule"],"inLanguage":"fr-FR","potentialAction":[{"@type":"CommentAction","name":"Comment","target":["https:\/\/www.carideal.com\/blog\/2016\/02\/12\/ds3-crossback\/#respond"]}]},{"@type":"WebPage","@id":"https:\/\/www.carideal.com\/blog\/2016\/02\/12\/ds3-crossback\/","url":"https:\/\/www.carideal.com\/blog\/2016\/02\/12\/ds3-crossback\/","name":"La DS3 Crossback pour 2018 - Blog auto Carid\u00e9al","isPartOf":{"@id":"https:\/\/www.carideal.com\/blog\/#website"},"datePublished":"2016-02-12T14:41:20+00:00","dateModified":"2025-04-03T10:07:09+00:00","description":"Le futur SUV urbain DS3 Crossback sera pr\u00e9sent\u00e9 au salon de paris en Octobre 2018 et propos\u00e9 \u00e0 la vente \u00e0 partir de 20 000 \u20ac. Il aura 5 portes.","breadcrumb":{"@id":"https:\/\/www.carideal.com\/blog\/2016\/02\/12\/ds3-crossback\/#breadcrumb"},"inLanguage":"fr-FR","potentialAction":[{"@type":"ReadAction","target":["https:\/\/www.carideal.com\/blog\/2016\/02\/12\/ds3-crossback\/"]}]},{"@type":"BreadcrumbList","@id":"https:\/\/www.carideal.com\/blog\/2016\/02\/12\/ds3-crossback\/#breadcrumb","itemListElement":[{"@type":"ListItem","position":1,"name":"Blog Carid\u00e9al","item":"https:\/\/www.carideal.com\/blog\/"},{"@type":"ListItem","position":2,"name":"Actualit\u00e9 automobile","item":"https:\/\/www.carideal.com\/blog\/actualites-auto\/"},{"@type":"ListItem","position":3,"name":"La DS3 Crossback pour 2018"}]},{"@type":"WebSite","@id":"https:\/\/www.carideal.com\/blog\/#website","url":"https:\/\/www.carideal.com\/blog\/","name":"Blog auto Carid\u00e9al","description":"Actualit\u00e9 auto par des passionn\u00e9s","publisher":{"@id":"https:\/\/www.carideal.com\/blog\/#organization"},"potentialAction":[{"@type":"SearchAction","target":{"@type":"EntryPoint","urlTemplate":"https:\/\/www.carideal.com\/blog\/?s={search_term_string}"},"query-input":{"@type":"PropertyValueSpecification","valueRequired":true,"valueName":"search_term_string"}}],"inLanguage":"fr-FR"},{"@type":"Organization","@id":"https:\/\/www.carideal.com\/blog\/#organization","name":"Carideal","url":"https:\/\/www.carideal.com\/blog\/","logo":{"@type":"ImageObject","inLanguage":"fr-FR","@id":"https:\/\/www.carideal.com\/blog\/#\/schema\/logo\/image\/","url":"http:\/\/www.carideal.com\/blog\/wp-content\/uploads\/2016\/03\/logo-carideal-mandataire-automobile.png","contentUrl":"http:\/\/www.carideal.com\/blog\/wp-content\/uploads\/2016\/03\/logo-carideal-mandataire-automobile.png","width":300,"height":300,"caption":"Carideal"},"image":{"@id":"https:\/\/www.carideal.com\/blog\/#\/schema\/logo\/image\/"},"sameAs":["https:\/\/www.facebook.com\/Carideal.mandataire.automobile","https:\/\/x.com\/caridealauto","https:\/\/www.instagram.com\/carideal1\/","https:\/\/www.linkedin.com\/company\/carideal.com","https:\/\/fr.pinterest.com\/schiavonsas\/","https:\/\/www.youtube.com\/user\/caridealsas"]},{"@type":"Person","@id":"https:\/\/www.carideal.com\/blog\/#\/schema\/person\/cd95dc7919660de90d31b366f85be1ec","name":"Nicolas SCHIAVON","image":{"@type":"ImageObject","inLanguage":"fr-FR","@id":"https:\/\/www.carideal.com\/blog\/#\/schema\/person\/image\/","url":"https:\/\/secure.gravatar.com\/avatar\/c17e55009e671d92cc7f5dc837dc418a?s=96&r=g","contentUrl":"https:\/\/secure.gravatar.com\/avatar\/c17e55009e671d92cc7f5dc837dc418a?s=96&r=g","caption":"Nicolas SCHIAVON"},"description":"Nicolas Schiavon est tomb\u00e9 tout petit dans la marmite automobile. Ayant eu un garage de marque automobile, mandataire automobile de la premi\u00e8re heure d\u00e8s 1999. Nicolas a cr\u00e9\u00e9 ces premiers sites de vente de voiture et blog automobile d\u00e8s 1994. Carideal est n\u00e9 le 15 d\u00e9cembre 2000 de la volont\u00e9 de vendre des voitures d'occasions en ligne puis des voitures neuves. Il a pu essayer beaucoup de voitures tr\u00e8s diff\u00e9rentes et ayant eu personnellement quelques belles autos, Subaru Impreza, Mitsubishi Lancer Evo 7, Porsche 911, Ferrari Testarrossa, Audi RS3, RS4 et j'en passe...","sameAs":["http:\/\/www.carideal.com","https:\/\/www.facebook.com\/nicolas.schiavon.39","https:\/\/www.instagram.com\/carideal1\/","https:\/\/www.linkedin.com\/in\/nschiavon\/","https:\/\/x.com\/caridealauto","https:\/\/www.youtube.com\/user\/caridealsas\/"],"url":"https:\/\/www.carideal.com\/blog\/author\/nschiavon\/"}]}},"uagb_featured_image_src":{"full":false,"thumbnail":false,"medium":false,"medium_large":false,"large":false,"1536x1536":false,"2048x2048":false,"wppr-widget":false},"uagb_author_info":{"display_name":"Nicolas SCHIAVON","author_link":"https:\/\/www.carideal.com\/blog\/author\/nschiavon\/"},"uagb_comment_info":0,"uagb_excerpt":"Le DS3 Crossback va \u00eare commercialis\u00e9 en Octobre 2018 Toute l'histoire de DS automobile a commenc\u00e9 avec DS3. On le sait puisqu'on en a d\u00e9j\u00e0 parl\u00e9 ici, la DS3 2016&nbsp;a \u00e9t\u00e9 relyft\u00e9 cette ann\u00e9e et elle sera toute nouvelle en 2018 et pr\u00e9sent\u00e9e au Mondial de l'auto pour l'occasion. La DS3 Crossback&nbsp;sera en vente \u00e0\u2026","_links":{"self":[{"href":"https:\/\/www.carideal.com\/blog\/wp-json\/wp\/v2\/posts\/9428"}],"collection":[{"href":"https:\/\/www.carideal.com\/blog\/wp-json\/wp\/v2\/posts"}],"about":[{"href":"https:\/\/www.carideal.com\/blog\/wp-json\/wp\/v2\/types\/post"}],"author":[{"embeddable":true,"href":"https:\/\/www.carideal.com\/blog\/wp-json\/wp\/v2\/users\/3"}],"replies":[{"embeddable":true,"href":"https:\/\/www.carideal.com\/blog\/wp-json\/wp\/v2\/comments?post=9428"}],"version-history":[{"count":1,"href":"https:\/\/www.carideal.com\/blog\/wp-json\/wp\/v2\/posts\/9428\/revisions"}],"predecessor-version":[{"id":28193,"href":"https:\/\/www.carideal.com\/blog\/wp-json\/wp\/v2\/posts\/9428\/revisions\/28193"}],"wp:attachment":[{"href":"https:\/\/www.carideal.com\/blog\/wp-json\/wp\/v2\/media?parent=9428"}],"wp:term":[{"taxonomy":"category","embeddable":true,"href":"https:\/\/www.carideal.com\/blog\/wp-json\/wp\/v2\/categories?post=9428"},{"taxonomy":"post_tag","embeddable":true,"href":"https:\/\/www.carideal.com\/blog\/wp-json\/wp\/v2\/tags?post=9428"}],"curies":[{"name":"wp","href":"https:\/\/api.w.org\/{rel}","templated":true}]}}