{"id":9406,"date":"2016-02-11T16:54:00","date_gmt":"2016-02-11T15:54:00","guid":{"rendered":"http:\/\/www.carideal.com\/blog\/?p=9406"},"modified":"2016-11-04T13:23:31","modified_gmt":"2016-11-04T12:23:31","slug":"audi-q7-e-tron-2016","status":"publish","type":"post","link":"https:\/\/www.carideal.com\/blog\/2016\/02\/11\/audi-q7-e-tron-2016\/","title":{"rendered":"Audi Q7 e-tron plug-in hybrid SUV 2016"},"content":{"rendered":"<h1>Audi Q7 e-tron plug-in hybrid SUV 2016 rechargeable<\/h1>\n<figure id=\"attachment_13093\" aria-describedby=\"caption-attachment-13093\" style=\"width: 630px\" class=\"wp-caption aligncenter\"><a href=\"http:\/\/www.carideal.com\/blog\/wp-content\/uploads\/2016\/02\/Audi-Q7-e-tron-plug-in-hybrid-SUV-2016.jpg\"><img loading=\"lazy\" decoding=\"async\" class=\"wp-image-13093\" title=\"Audi Q7 e-tron plug-in Hybrid SUV 2016\" src=\"http:\/\/www.carideal.com\/blog\/wp-content\/uploads\/2016\/02\/Audi-Q7-e-tron-plug-in-hybrid-SUV-2016.jpg\" alt=\"Audi Q7 e-tron plug-in Hybrid SUV 2016\" width=\"640\" height=\"426\" srcset=\"https:\/\/www.carideal.com\/blog\/wp-content\/uploads\/2016\/02\/Audi-Q7-e-tron-plug-in-hybrid-SUV-2016.jpg 1013w, https:\/\/www.carideal.com\/blog\/wp-content\/uploads\/2016\/02\/Audi-Q7-e-tron-plug-in-hybrid-SUV-2016-300x200.jpg 300w, https:\/\/www.carideal.com\/blog\/wp-content\/uploads\/2016\/02\/Audi-Q7-e-tron-plug-in-hybrid-SUV-2016-768x512.jpg 768w\" sizes=\"(max-width: 640px) 100vw, 640px\" \/><\/a><figcaption id=\"caption-attachment-13093\" class=\"wp-caption-text\">Audi Q7 e-tron plug-in Hybrid SUV 2016<\/figcaption><\/figure>\n<p>Cette Audi Q7 e-tron plug-in Hybrid SUV 2016 est hybride rechargeable et elle sera commercialis\u00e9e ce printemps en France. Audi vient d'officialiser son prix \u00e0 partir de 80500 \u20ac pour le march\u00e9 allemand. Le Prix de l'Audi Q7 e-tron se calque donc sur le prix de son concurrent le <a href=\"http:\/\/www.carideal.com\/blog\/2015\/05\/05\/nouveau-volvo-xc-90\/\">Volvo <span style=\"text-decoration: underline;\">XC90 T8 Twin engine<\/span><\/a> qui lui commence \u00e0 partir de 80 000 \u20ac. L'Audi Q7 e-tron sera motoris\u00e9 par un moteur v6 diesel 3.0 TDI de 258 ch, pour un couple de 600 Nm. La puissance cumul\u00e9 sera de 373 ch pour un couple maximum de 700 Nm !<\/p>\n<p>&nbsp;<\/p>\n<figure id=\"attachment_9407\" aria-describedby=\"caption-attachment-9407\" style=\"width: 290px\" class=\"wp-caption alignleft\"><a href=\"http:\/\/www.carideal.com\/blog\/wp-content\/uploads\/2016\/02\/Audi-Q7-e-tron.jpg\"><img loading=\"lazy\" decoding=\"async\" class=\"wp-image-9407 size-medium\" title=\"Audi Q7 e-tron 2016\" src=\"http:\/\/www.carideal.com\/blog\/wp-content\/uploads\/2016\/02\/Audi-Q7-e-tron-300x225.jpg\" alt=\"Audi Q7 e-tron 2016\" width=\"300\" height=\"225\" srcset=\"https:\/\/www.carideal.com\/blog\/wp-content\/uploads\/2016\/02\/Audi-Q7-e-tron-300x225.jpg 300w, https:\/\/www.carideal.com\/blog\/wp-content\/uploads\/2016\/02\/Audi-Q7-e-tron-624x468.jpg 624w, https:\/\/www.carideal.com\/blog\/wp-content\/uploads\/2016\/02\/Audi-Q7-e-tron.jpg 800w\" sizes=\"(max-width: 300px) 100vw, 300px\" \/><\/a><figcaption id=\"caption-attachment-9407\" class=\"wp-caption-text\">Audi Q7 e-tron 2016<\/figcaption><\/figure>\n<p>Audi annonce des performances de 0 \u00e0 100 km\/h en 6 secondes pour une vitesse maximale de 225 km\/h.<\/p>\n<p>&nbsp;<\/p>\n<p>Le nouveau Audi Q7 e-tron plug-in hybride est silencieux et confortable, mais vous aurez du mal \u00e0 atteindre les chiffres de consommation\u00a0revendiqu\u00e9s<\/p>\n<blockquote>\n<h2>Si on devait conclure en premier on dirait :<\/h2>\n<p>Tranquille, confortable et extr\u00eamement relaxant \u00e0\u00a0conduire, l'Audi Q7 e-tron fait tout ce que vous pourriez demander d'un SUV premium. Il est capable de vous sortir des consommations\u00a0que vous ne sauriez jamais associer \u00e0 une voiture de cette taille, mais en r\u00e9alit\u00e9, ces chiffres\u00a0sont difficiles \u00e0 atteindre dans le monde r\u00e9el de la conduite automobile. C'est autour de 14.000 \u20ac de plus qu'un Q7 diesel normal, - et vous devrez\u00a0vous passer de la troisi\u00e8me rang\u00e9e de si\u00e8ges. Mais l'Audi Q7 e-tron Audi Q7 e-tron plug-in hybrid 2016 est certainement en dessus du panier quand il s'agit de SUV plug-in hybrides.<\/p><\/blockquote>\n<figure id=\"attachment_13094\" aria-describedby=\"caption-attachment-13094\" style=\"width: 630px\" class=\"wp-caption aligncenter\"><a href=\"http:\/\/www.carideal.com\/blog\/wp-content\/uploads\/2016\/02\/Audi-Q7-e-tron-plug-in-hybrid-SUV-2016-2.jpg\"><img loading=\"lazy\" decoding=\"async\" class=\"wp-image-13094\" title=\"Audi Q7 e-tron plug-in hybrid SUV 2016\" src=\"http:\/\/www.carideal.com\/blog\/wp-content\/uploads\/2016\/02\/Audi-Q7-e-tron-plug-in-hybrid-SUV-2016-2.jpg\" alt=\"Audi Q7 e-tron plug-in hybrid SUV 2016\" width=\"640\" height=\"426\" srcset=\"https:\/\/www.carideal.com\/blog\/wp-content\/uploads\/2016\/02\/Audi-Q7-e-tron-plug-in-hybrid-SUV-2016-2.jpg 1013w, https:\/\/www.carideal.com\/blog\/wp-content\/uploads\/2016\/02\/Audi-Q7-e-tron-plug-in-hybrid-SUV-2016-2-300x200.jpg 300w, https:\/\/www.carideal.com\/blog\/wp-content\/uploads\/2016\/02\/Audi-Q7-e-tron-plug-in-hybrid-SUV-2016-2-768x512.jpg 768w\" sizes=\"(max-width: 640px) 100vw, 640px\" \/><\/a><figcaption id=\"caption-attachment-13094\" class=\"wp-caption-text\">Audi Q7 e-tron plug-in hybrid SUV 2016<\/figcaption><\/figure>\n<p>Compte tenu de la tendance actuelle pour les SUV \u00a0et l'app\u00e9tit croissant des acheteurs pour les hybrides plug-in, le nouvel Audi Q7 e-tron pourrait arriver au bon moment.<\/p>\n<p>C'est le premier SUV d'Audi \u00e0 obtenir le traitement e-tron, avec l'accouplement d'un moteur diesel V6 de 3.0 litres de 254 ch\u00a0avec un puissant moteur \u00e9lectrique de 94kW (130 ch) et une bo\u00eete de vitesses automatique \u00e0 huit rapports. C'est un groupe motopropulseur qui produit une puissance importante\u00a0et tr\u00e8s impressionnante, les chiffres les plus impressionants sont ceux annonc\u00e9s de \u00a01.8 L\/100 km et 48 g \/ km de CO2. MDR. Au-del\u00e0 de ces chiffres bidons, on retiendra qu'Audi reprend \u00e0 son compte la <a href=\"http:\/\/www.carideal.com\/blog\/2011\/02\/20\/peugeot-3008-hybrid4\/\">technologie Hybrid4<\/a> de Peugeot Citroen.<\/p>\n<p>Mais l'\u00e9conomie n'a pas \u00e9t\u00e9 maximis\u00e9e aux d\u00e9pens de la performance, car la production totale de 368 ch\u00a0et de 700 Nm de couple permet \u00e0 l'e-tron de couvrir le 0 \u00e0 100 km\/h\u00a0en seulement 6,2 secondes. C'est plus rapide qu'une <a href=\"http:\/\/www.carideal.com\/blog\/2012\/04\/26\/volkswagen-golf-gti-cabriolet\/\">Golf GTI<\/a>, mais dans une voiture qui p\u00e8se presque deux fois plus.<\/p>\n<figure id=\"attachment_13096\" aria-describedby=\"caption-attachment-13096\" style=\"width: 630px\" class=\"wp-caption aligncenter\"><a href=\"http:\/\/www.carideal.com\/blog\/wp-content\/uploads\/2016\/02\/Audi-Q7-e-tron-plug-in-hybrid-SUV-2016-4.jpg\"><img loading=\"lazy\" decoding=\"async\" class=\"wp-image-13096\" title=\"Audi Q7 e-tron plug-in hybrid SUV 2016\" src=\"http:\/\/www.carideal.com\/blog\/wp-content\/uploads\/2016\/02\/Audi-Q7-e-tron-plug-in-hybrid-SUV-2016-4.jpg\" alt=\"Audi Q7 e-tron plug-in hybrid SUV 2016\" width=\"640\" height=\"426\" srcset=\"https:\/\/www.carideal.com\/blog\/wp-content\/uploads\/2016\/02\/Audi-Q7-e-tron-plug-in-hybrid-SUV-2016-4.jpg 1013w, https:\/\/www.carideal.com\/blog\/wp-content\/uploads\/2016\/02\/Audi-Q7-e-tron-plug-in-hybrid-SUV-2016-4-300x200.jpg 300w, https:\/\/www.carideal.com\/blog\/wp-content\/uploads\/2016\/02\/Audi-Q7-e-tron-plug-in-hybrid-SUV-2016-4-768x512.jpg 768w\" sizes=\"(max-width: 640px) 100vw, 640px\" \/><\/a><figcaption id=\"caption-attachment-13096\" class=\"wp-caption-text\">Audi Q7 e-tron plug-in hybrid SUV 2016<\/figcaption><\/figure>\n<p>\u2022 <a href=\"http:\/\/www.carideal.com\/blog\/2013\/07\/23\/les-suv-ont-le-vent-en-poupe\/\">Meilleur 4x4 et\u00a0SUV<\/a><\/p>\n<p>In\u00e9vitablement, alors, vous vous attendez \u00e0 ce qu'il y ait un\u00a0loup,\u00a0mais ce n'est pas aussi majeur que vous le pensez. Atteindre 1.8 L\/100 km semble ambitieux, \u00a0lors de notre exp\u00e9rience, apr\u00e8s avoir conduit plus de 67\u00a0kilom\u00e8tres avec les batteries compl\u00e8tement charg\u00e9es, nous sommes revenus juste \u00e0 un timide 4.03 litres aux 100 km. Cela dit, vous ferez bien de comparer ces chiffres avec ceux de la <a href=\"http:\/\/www.carideal.com\/blog\/2015\/05\/05\/nouveau-volvo-xc-90\/\">Volvo XC90 T8<\/a> ou <a href=\"http:\/\/www.carideal.com\/blog\/2013\/11\/24\/bmw-x5-edrive\/\">BMW X5 xDrive40e<\/a>,\u00a0les deux sont aliment\u00e9s par un petit moteur 2.0 litres essence turbo assoiff\u00e9 plut\u00f4t qu'un V6 diesel.<\/p>\n<figure id=\"attachment_13097\" aria-describedby=\"caption-attachment-13097\" style=\"width: 630px\" class=\"wp-caption aligncenter\"><a href=\"http:\/\/www.carideal.com\/blog\/wp-content\/uploads\/2016\/02\/Audi-Q7-e-tron-plug-in-hybrid-SUV-2016-5.jpg\"><img loading=\"lazy\" decoding=\"async\" class=\"wp-image-13097\" title=\"Audi Q7 e-tron plug-in hybrid SUV 2016\" src=\"http:\/\/www.carideal.com\/blog\/wp-content\/uploads\/2016\/02\/Audi-Q7-e-tron-plug-in-hybrid-SUV-2016-5.jpg\" alt=\"Audi Q7 e-tron plug-in hybrid SUV 2016\" width=\"640\" height=\"426\" srcset=\"https:\/\/www.carideal.com\/blog\/wp-content\/uploads\/2016\/02\/Audi-Q7-e-tron-plug-in-hybrid-SUV-2016-5.jpg 1013w, https:\/\/www.carideal.com\/blog\/wp-content\/uploads\/2016\/02\/Audi-Q7-e-tron-plug-in-hybrid-SUV-2016-5-300x200.jpg 300w, https:\/\/www.carideal.com\/blog\/wp-content\/uploads\/2016\/02\/Audi-Q7-e-tron-plug-in-hybrid-SUV-2016-5-768x512.jpg 768w\" sizes=\"(max-width: 640px) 100vw, 640px\" \/><\/a><figcaption id=\"caption-attachment-13097\" class=\"wp-caption-text\">Audi Q7 e-tron plug-in hybrid SUV 2016<\/figcaption><\/figure>\n<p>Comme c'est le cas avec tous les hybrides plug-in, un acc\u00e8s r\u00e9gulier \u00e0 un point de charge pour reconstituer la charge des batteries est essentiel si vous chasser l'\u00e9conomie ultime. Si vous ne le faite pas\u00a0votre consommation mixte retombera \u00e0 7.84 l\/100 km d\u00e8s que les batteries seront vides, la m\u00eame chose qu'un Q7\u00a0diesel normal.\u00a0Audi revendique une autonomie\u00a0enti\u00e8rement \u00e9lectrique de 55 kilom\u00e8tres.<\/p>\n<figure id=\"attachment_13098\" aria-describedby=\"caption-attachment-13098\" style=\"width: 630px\" class=\"wp-caption aligncenter\"><a href=\"http:\/\/www.carideal.com\/blog\/wp-content\/uploads\/2016\/02\/Audi-Q7-e-tron-plug-in-hybrid-SUV-2016-6.jpg\"><img loading=\"lazy\" decoding=\"async\" class=\"wp-image-13098\" title=\"Audi Q7 e-tron plug-in hybrid SUV 2016\" src=\"http:\/\/www.carideal.com\/blog\/wp-content\/uploads\/2016\/02\/Audi-Q7-e-tron-plug-in-hybrid-SUV-2016-6.jpg\" alt=\"Audi Q7 e-tron plug-in hybrid SUV 2016\" width=\"640\" height=\"426\" srcset=\"https:\/\/www.carideal.com\/blog\/wp-content\/uploads\/2016\/02\/Audi-Q7-e-tron-plug-in-hybrid-SUV-2016-6.jpg 1013w, https:\/\/www.carideal.com\/blog\/wp-content\/uploads\/2016\/02\/Audi-Q7-e-tron-plug-in-hybrid-SUV-2016-6-300x200.jpg 300w, https:\/\/www.carideal.com\/blog\/wp-content\/uploads\/2016\/02\/Audi-Q7-e-tron-plug-in-hybrid-SUV-2016-6-768x512.jpg 768w\" sizes=\"(max-width: 640px) 100vw, 640px\" \/><\/a><figcaption id=\"caption-attachment-13098\" class=\"wp-caption-text\">Audi Q7 e-tron plug-in hybrid SUV 2016<\/figcaption><\/figure>\n<p>Un Q7 standard est r\u00e9put\u00e9 pour son raffinement et sa sophistication, et la partie \u00e9lectrique e-tron \u00e9lectrique est b\u00e2ti\u00a0sur ces points forts. Une l\u00e9g\u00e8re pression de l'acc\u00e9l\u00e9rateur vous verra glisser loin dans un silence \u00e9trange, avec ceux \u00e0 bord parfaitement\u00a0prot\u00e9g\u00e9s du monde ext\u00e9rieur. Le Q7, comme toujours, a l'un des plus beaux int\u00e9rieurs de la marque Audi.<\/p>\n<h2>Vid\u00e9o Audi Q7 e-tron plug-in hybrid SUV 2016<\/h2>\n<p><iframe loading=\"lazy\" src=\"https:\/\/www.youtube.com\/embed\/EAuLB9He8rs\" width=\"560\" height=\"315\" frameborder=\"0\" allowfullscreen=\"allowfullscreen\"><\/iframe><\/p>\n<p>Appuyez sur le bouton ON, et le moteur V6 d\u00e9marre. Mais il est tr\u00e8s bien encapsul\u00e9\u00a0et est seulement d\u00e9tectable par un murmure lointain sous le capot. \u00c9tant donn\u00e9 la mani\u00e8re calme et cultiv\u00e9e dans laquelle vous pouvez flotter dans le mode tout \u00e9lectrique\u00a0pur, Le Q7 e-tron change rapidement de ton lorsque vous plantez votre pied droit au plancher zt qu'il vous prend par surprise. Le V6 puissant\u00a0et lin\u00e9aire et le moteur \u00e9lectrique travaillent ensemble tr\u00e8s efficacement.<\/p>\n<figure id=\"attachment_13099\" aria-describedby=\"caption-attachment-13099\" style=\"width: 630px\" class=\"wp-caption aligncenter\"><a href=\"http:\/\/www.carideal.com\/blog\/wp-content\/uploads\/2016\/02\/Audi-Q7-e-tron-plug-in-hybrid-SUV-2016-7.jpg\"><img loading=\"lazy\" decoding=\"async\" class=\"wp-image-13099\" title=\"Audi Q7 e-tron plug-in hybrid SUV 2016\" src=\"http:\/\/www.carideal.com\/blog\/wp-content\/uploads\/2016\/02\/Audi-Q7-e-tron-plug-in-hybrid-SUV-2016-7.jpg\" alt=\"Audi Q7 e-tron plug-in hybrid SUV 2016\" width=\"640\" height=\"426\" srcset=\"https:\/\/www.carideal.com\/blog\/wp-content\/uploads\/2016\/02\/Audi-Q7-e-tron-plug-in-hybrid-SUV-2016-7.jpg 1013w, https:\/\/www.carideal.com\/blog\/wp-content\/uploads\/2016\/02\/Audi-Q7-e-tron-plug-in-hybrid-SUV-2016-7-300x200.jpg 300w, https:\/\/www.carideal.com\/blog\/wp-content\/uploads\/2016\/02\/Audi-Q7-e-tron-plug-in-hybrid-SUV-2016-7-768x512.jpg 768w\" sizes=\"(max-width: 640px) 100vw, 640px\" \/><\/a><figcaption id=\"caption-attachment-13099\" class=\"wp-caption-text\">Audi Q7 e-tron plug-in hybrid SUV 2016<\/figcaption><\/figure>\n<p>L'inconv\u00e9nient majeur des batteries encombrantes impose au\u00a0Q7 e-tron d'\u00eatre un strict cinq places, alors que la voiture standard obtient sept si\u00e8ges. La capacit\u00e9 du coffre\u00a0diminue \u00e9galement de 770 litres \u00e0 650 litres mais c'est encore assez spacieux pour avaler la totalit\u00e9 des bagages d'une famille.<\/p>\n<figure id=\"attachment_13100\" aria-describedby=\"caption-attachment-13100\" style=\"width: 630px\" class=\"wp-caption aligncenter\"><a href=\"http:\/\/www.carideal.com\/blog\/wp-content\/uploads\/2016\/02\/Audi-Q7-e-tron-plug-in-hybrid-SUV-2016-8.jpg\"><img loading=\"lazy\" decoding=\"async\" class=\"wp-image-13100\" title=\"Audi Q7 e-tron plug-in Hybrid SUV 2016\" src=\"http:\/\/www.carideal.com\/blog\/wp-content\/uploads\/2016\/02\/Audi-Q7-e-tron-plug-in-hybrid-SUV-2016-8.jpg\" alt=\"Audi Q7 e-tron plug-in hybrid SUV 2016\" width=\"640\" height=\"426\" srcset=\"https:\/\/www.carideal.com\/blog\/wp-content\/uploads\/2016\/02\/Audi-Q7-e-tron-plug-in-hybrid-SUV-2016-8.jpg 1013w, https:\/\/www.carideal.com\/blog\/wp-content\/uploads\/2016\/02\/Audi-Q7-e-tron-plug-in-hybrid-SUV-2016-8-300x200.jpg 300w, https:\/\/www.carideal.com\/blog\/wp-content\/uploads\/2016\/02\/Audi-Q7-e-tron-plug-in-hybrid-SUV-2016-8-768x512.jpg 768w\" sizes=\"(max-width: 640px) 100vw, 640px\" \/><\/a><figcaption id=\"caption-attachment-13100\" class=\"wp-caption-text\">Audi Q7 e-tron plug-in hybrid SUV 2016<\/figcaption><\/figure>\n<h2>Prix et options<\/h2>\n<p>Il est facile de se laisser emporter avec la longue liste d'options, et on peut vite en rajouter pour plus de 20,000 \u20ac, d'ailleurs c'est quand m\u00eame sournois \u00e0 ce prix. \u00a0Mais si il fallait une qui vaut le coup de mettre la main au portefeuille, c'est bien l'option de la adaptative air suspension, pour 2500 \u20ac. Le Q7 e-tron est une voiture tr\u00e8s lourde et la configuration avec ces suspensions fait un excellent travail pour absorber les bosses et les orni\u00e8res, permettant au\u00a0SUV de 2,5 tonnes de flotter confortablement et silencieusement.<\/p>\n<h2>Caract\u00e9ristiques techniques :<\/h2>\n<p>Mod\u00e8le: Audi Q7 e-tron 3.0 TDI<br \/>\nPrix:\u00a080 000 \u20ac<br \/>\nMoteur: 3.0 litres V6 diesel et un moteur \u00e9lectrique de 94 kW<br \/>\nPuissance \/ couple : 368 ch\u00a0\/ 700Nm<br \/>\nTransmission: Automatique \u00e0 8\u00a0rapports, quatre roues motrices<br \/>\n0-100 km\/h : 6.2 secondes<br \/>\nVitesse maximum:\u00a0230 km\/h<br \/>\nConsommations\u00a0\/ CO2 : 1.8 L\/100km\u00a0\/ 48 g \/ km<\/p>\n","protected":false},"excerpt":{"rendered":"<p>Audi Q7 e-tron plug-in hybrid SUV 2016 rechargeable Cette Audi Q7 e-tron plug-in Hybrid SUV 2016 est hybride rechargeable et elle sera commercialis\u00e9e ce printemps en France. Audi vient d&rsquo;officialiser son prix \u00e0 partir de 80500 \u20ac pour le march\u00e9 allemand. Le Prix de l&rsquo;Audi Q7 e-tron se calque donc sur le prix de son &#8230; <a title=\"Audi Q7 e-tron plug-in hybrid SUV 2016\" class=\"read-more\" href=\"https:\/\/www.carideal.com\/blog\/2016\/02\/11\/audi-q7-e-tron-2016\/\" aria-label=\"En savoir plus sur Audi Q7 e-tron plug-in hybrid SUV 2016\">Lire plus<\/a><\/p>\n","protected":false},"author":3,"featured_media":13095,"comment_status":"open","ping_status":"open","sticky":false,"template":"","format":"standard","meta":{"_uag_custom_page_level_css":"","_themeisle_gutenberg_block_has_review":false,"footnotes":""},"categories":[5978,21,5944,6010,5080,5974,6089],"tags":[],"class_list":["post-9406","post","type-post","status-publish","format-standard","has-post-thumbnail","hentry","category-audi","category-actualites-auto","category-constructeur","category-suv","category-technologie-2","category-type-de-vehicule","category-hybride"],"wppr_data":[],"yoast_head":"<!-- This site is optimized with the Yoast SEO plugin v24.8.1 - https:\/\/yoast.com\/wordpress\/plugins\/seo\/ -->\n<title>Audi Q7 e-tron plug-in hybrid SUV 2016 - Blog auto Carid\u00e9al<\/title>\n<meta name=\"description\" content=\"Audi Q7 e-tron plug-in Hybrid 2016, l&#039;hybride rechargeable du plus gros des SUV de la marque Audi propose 373 ch et la bagatelle de 700 Nm de couple.\" \/>\n<meta name=\"robots\" content=\"index, follow, max-snippet:-1, max-image-preview:large, max-video-preview:-1\" \/>\n<link rel=\"canonical\" href=\"https:\/\/www.carideal.com\/blog\/2016\/02\/11\/audi-q7-e-tron-2016\/\" \/>\n<meta property=\"og:locale\" content=\"fr_FR\" \/>\n<meta property=\"og:type\" content=\"article\" \/>\n<meta property=\"og:title\" content=\"Audi Q7 e-tron plug-in hybrid SUV 2016 - Blog auto Carid\u00e9al\" \/>\n<meta property=\"og:description\" content=\"Audi Q7 e-tron plug-in Hybrid 2016, l&#039;hybride rechargeable du plus gros des SUV de la marque Audi propose 373 ch et la bagatelle de 700 Nm de couple.\" \/>\n<meta property=\"og:url\" content=\"https:\/\/www.carideal.com\/blog\/2016\/02\/11\/audi-q7-e-tron-2016\/\" \/>\n<meta property=\"og:site_name\" content=\"Blog auto Carid\u00e9al\" \/>\n<meta property=\"article:publisher\" content=\"https:\/\/www.facebook.com\/Carideal.mandataire.automobile\" \/>\n<meta property=\"article:author\" content=\"https:\/\/www.facebook.com\/nicolas.schiavon.39\" \/>\n<meta property=\"article:published_time\" content=\"2016-02-11T15:54:00+00:00\" \/>\n<meta property=\"article:modified_time\" content=\"2016-11-04T12:23:31+00:00\" \/>\n<meta property=\"og:image\" content=\"https:\/\/www.carideal.com\/blog\/wp-content\/uploads\/2016\/02\/Audi-Q7-e-tron-plug-in-hybrid-SUV-2016-3.jpg\" \/>\n\t<meta property=\"og:image:width\" content=\"1013\" \/>\n\t<meta property=\"og:image:height\" content=\"675\" \/>\n\t<meta property=\"og:image:type\" content=\"image\/jpeg\" \/>\n<meta name=\"author\" content=\"Nicolas SCHIAVON\" \/>\n<meta name=\"twitter:card\" content=\"summary_large_image\" \/>\n<meta name=\"twitter:creator\" content=\"@caridealauto\" \/>\n<meta name=\"twitter:site\" content=\"@caridealauto\" \/>\n<meta name=\"twitter:label1\" content=\"\u00c9crit par\" \/>\n\t<meta name=\"twitter:data1\" content=\"Nicolas SCHIAVON\" \/>\n\t<meta name=\"twitter:label2\" content=\"Dur\u00e9e de lecture estim\u00e9e\" \/>\n\t<meta name=\"twitter:data2\" content=\"5 minutes\" \/>\n<script type=\"application\/ld+json\" class=\"yoast-schema-graph\">{\"@context\":\"https:\/\/schema.org\",\"@graph\":[{\"@type\":\"Article\",\"@id\":\"https:\/\/www.carideal.com\/blog\/2016\/02\/11\/audi-q7-e-tron-2016\/#article\",\"isPartOf\":{\"@id\":\"https:\/\/www.carideal.com\/blog\/2016\/02\/11\/audi-q7-e-tron-2016\/\"},\"author\":{\"name\":\"Nicolas SCHIAVON\",\"@id\":\"https:\/\/www.carideal.com\/blog\/#\/schema\/person\/cd95dc7919660de90d31b366f85be1ec\"},\"headline\":\"Audi Q7 e-tron plug-in hybrid SUV 2016\",\"datePublished\":\"2016-02-11T15:54:00+00:00\",\"dateModified\":\"2016-11-04T12:23:31+00:00\",\"mainEntityOfPage\":{\"@id\":\"https:\/\/www.carideal.com\/blog\/2016\/02\/11\/audi-q7-e-tron-2016\/\"},\"wordCount\":1031,\"commentCount\":0,\"publisher\":{\"@id\":\"https:\/\/www.carideal.com\/blog\/#organization\"},\"image\":{\"@id\":\"https:\/\/www.carideal.com\/blog\/2016\/02\/11\/audi-q7-e-tron-2016\/#primaryimage\"},\"thumbnailUrl\":\"https:\/\/www.carideal.com\/blog\/wp-content\/uploads\/2016\/02\/Audi-Q7-e-tron-plug-in-hybrid-SUV-2016-3.jpg\",\"articleSection\":[\"Actualit\u00e9 Audi\",\"Actualit\u00e9 automobile\",\"Actualit\u00e9 Constructeur automobile\",\"SUV\",\"Technologie Automobile\",\"Type de v\u00e9hicule\",\"Voiture Hybride\"],\"inLanguage\":\"fr-FR\",\"potentialAction\":[{\"@type\":\"CommentAction\",\"name\":\"Comment\",\"target\":[\"https:\/\/www.carideal.com\/blog\/2016\/02\/11\/audi-q7-e-tron-2016\/#respond\"]}]},{\"@type\":\"WebPage\",\"@id\":\"https:\/\/www.carideal.com\/blog\/2016\/02\/11\/audi-q7-e-tron-2016\/\",\"url\":\"https:\/\/www.carideal.com\/blog\/2016\/02\/11\/audi-q7-e-tron-2016\/\",\"name\":\"Audi Q7 e-tron plug-in hybrid SUV 2016 - Blog auto Carid\u00e9al\",\"isPartOf\":{\"@id\":\"https:\/\/www.carideal.com\/blog\/#website\"},\"primaryImageOfPage\":{\"@id\":\"https:\/\/www.carideal.com\/blog\/2016\/02\/11\/audi-q7-e-tron-2016\/#primaryimage\"},\"image\":{\"@id\":\"https:\/\/www.carideal.com\/blog\/2016\/02\/11\/audi-q7-e-tron-2016\/#primaryimage\"},\"thumbnailUrl\":\"https:\/\/www.carideal.com\/blog\/wp-content\/uploads\/2016\/02\/Audi-Q7-e-tron-plug-in-hybrid-SUV-2016-3.jpg\",\"datePublished\":\"2016-02-11T15:54:00+00:00\",\"dateModified\":\"2016-11-04T12:23:31+00:00\",\"description\":\"Audi Q7 e-tron plug-in Hybrid 2016, l'hybride rechargeable du plus gros des SUV de la marque Audi propose 373 ch et la bagatelle de 700 Nm de couple.\",\"breadcrumb\":{\"@id\":\"https:\/\/www.carideal.com\/blog\/2016\/02\/11\/audi-q7-e-tron-2016\/#breadcrumb\"},\"inLanguage\":\"fr-FR\",\"potentialAction\":[{\"@type\":\"ReadAction\",\"target\":[\"https:\/\/www.carideal.com\/blog\/2016\/02\/11\/audi-q7-e-tron-2016\/\"]}]},{\"@type\":\"ImageObject\",\"inLanguage\":\"fr-FR\",\"@id\":\"https:\/\/www.carideal.com\/blog\/2016\/02\/11\/audi-q7-e-tron-2016\/#primaryimage\",\"url\":\"https:\/\/www.carideal.com\/blog\/wp-content\/uploads\/2016\/02\/Audi-Q7-e-tron-plug-in-hybrid-SUV-2016-3.jpg\",\"contentUrl\":\"https:\/\/www.carideal.com\/blog\/wp-content\/uploads\/2016\/02\/Audi-Q7-e-tron-plug-in-hybrid-SUV-2016-3.jpg\",\"width\":1013,\"height\":675,\"caption\":\"Audi Q7 e-tron plug-in hybrid SUV 2016\"},{\"@type\":\"BreadcrumbList\",\"@id\":\"https:\/\/www.carideal.com\/blog\/2016\/02\/11\/audi-q7-e-tron-2016\/#breadcrumb\",\"itemListElement\":[{\"@type\":\"ListItem\",\"position\":1,\"name\":\"Blog Carid\u00e9al\",\"item\":\"https:\/\/www.carideal.com\/blog\/\"},{\"@type\":\"ListItem\",\"position\":2,\"name\":\"Actualit\u00e9 automobile\",\"item\":\"https:\/\/www.carideal.com\/blog\/actualites-auto\/\"},{\"@type\":\"ListItem\",\"position\":3,\"name\":\"Audi Q7 e-tron plug-in hybrid SUV 2016\"}]},{\"@type\":\"WebSite\",\"@id\":\"https:\/\/www.carideal.com\/blog\/#website\",\"url\":\"https:\/\/www.carideal.com\/blog\/\",\"name\":\"Blog auto Carid\u00e9al\",\"description\":\"Actualit\u00e9 auto par des passionn\u00e9s\",\"publisher\":{\"@id\":\"https:\/\/www.carideal.com\/blog\/#organization\"},\"potentialAction\":[{\"@type\":\"SearchAction\",\"target\":{\"@type\":\"EntryPoint\",\"urlTemplate\":\"https:\/\/www.carideal.com\/blog\/?s={search_term_string}\"},\"query-input\":{\"@type\":\"PropertyValueSpecification\",\"valueRequired\":true,\"valueName\":\"search_term_string\"}}],\"inLanguage\":\"fr-FR\"},{\"@type\":\"Organization\",\"@id\":\"https:\/\/www.carideal.com\/blog\/#organization\",\"name\":\"Carideal\",\"url\":\"https:\/\/www.carideal.com\/blog\/\",\"logo\":{\"@type\":\"ImageObject\",\"inLanguage\":\"fr-FR\",\"@id\":\"https:\/\/www.carideal.com\/blog\/#\/schema\/logo\/image\/\",\"url\":\"http:\/\/www.carideal.com\/blog\/wp-content\/uploads\/2016\/03\/logo-carideal-mandataire-automobile.png\",\"contentUrl\":\"http:\/\/www.carideal.com\/blog\/wp-content\/uploads\/2016\/03\/logo-carideal-mandataire-automobile.png\",\"width\":300,\"height\":300,\"caption\":\"Carideal\"},\"image\":{\"@id\":\"https:\/\/www.carideal.com\/blog\/#\/schema\/logo\/image\/\"},\"sameAs\":[\"https:\/\/www.facebook.com\/Carideal.mandataire.automobile\",\"https:\/\/x.com\/caridealauto\",\"https:\/\/www.instagram.com\/carideal1\/\",\"https:\/\/www.linkedin.com\/company\/carideal.com\",\"https:\/\/fr.pinterest.com\/schiavonsas\/\",\"https:\/\/www.youtube.com\/user\/caridealsas\"]},{\"@type\":\"Person\",\"@id\":\"https:\/\/www.carideal.com\/blog\/#\/schema\/person\/cd95dc7919660de90d31b366f85be1ec\",\"name\":\"Nicolas SCHIAVON\",\"image\":{\"@type\":\"ImageObject\",\"inLanguage\":\"fr-FR\",\"@id\":\"https:\/\/www.carideal.com\/blog\/#\/schema\/person\/image\/\",\"url\":\"https:\/\/secure.gravatar.com\/avatar\/c17e55009e671d92cc7f5dc837dc418a?s=96&r=g\",\"contentUrl\":\"https:\/\/secure.gravatar.com\/avatar\/c17e55009e671d92cc7f5dc837dc418a?s=96&r=g\",\"caption\":\"Nicolas SCHIAVON\"},\"description\":\"Nicolas Schiavon est tomb\u00e9 tout petit dans la marmite automobile. Ayant eu un garage de marque automobile, mandataire automobile de la premi\u00e8re heure d\u00e8s 1999. Nicolas a cr\u00e9\u00e9 ces premiers sites de vente de voiture et blog automobile d\u00e8s 1994. Carideal est n\u00e9 le 15 d\u00e9cembre 2000 de la volont\u00e9 de vendre des voitures d'occasions en ligne puis des voitures neuves. Il a pu essayer beaucoup de voitures tr\u00e8s diff\u00e9rentes et ayant eu personnellement quelques belles autos, Subaru Impreza, Mitsubishi Lancer Evo 7, Porsche 911, Ferrari Testarrossa, Audi RS3, RS4 et j'en passe...\",\"sameAs\":[\"http:\/\/www.carideal.com\",\"https:\/\/www.facebook.com\/nicolas.schiavon.39\",\"https:\/\/www.instagram.com\/carideal1\/\",\"https:\/\/www.linkedin.com\/in\/nschiavon\/\",\"https:\/\/x.com\/caridealauto\",\"https:\/\/www.youtube.com\/user\/caridealsas\/\"],\"url\":\"https:\/\/www.carideal.com\/blog\/author\/nschiavon\/\"}]}<\/script>\n<!-- \/ Yoast SEO plugin. -->","yoast_head_json":{"title":"Audi Q7 e-tron plug-in hybrid SUV 2016 - Blog auto Carid\u00e9al","description":"Audi Q7 e-tron plug-in Hybrid 2016, l'hybride rechargeable du plus gros des SUV de la marque Audi propose 373 ch et la bagatelle de 700 Nm de couple.","robots":{"index":"index","follow":"follow","max-snippet":"max-snippet:-1","max-image-preview":"max-image-preview:large","max-video-preview":"max-video-preview:-1"},"canonical":"https:\/\/www.carideal.com\/blog\/2016\/02\/11\/audi-q7-e-tron-2016\/","og_locale":"fr_FR","og_type":"article","og_title":"Audi Q7 e-tron plug-in hybrid SUV 2016 - Blog auto Carid\u00e9al","og_description":"Audi Q7 e-tron plug-in Hybrid 2016, l'hybride rechargeable du plus gros des SUV de la marque Audi propose 373 ch et la bagatelle de 700 Nm de couple.","og_url":"https:\/\/www.carideal.com\/blog\/2016\/02\/11\/audi-q7-e-tron-2016\/","og_site_name":"Blog auto Carid\u00e9al","article_publisher":"https:\/\/www.facebook.com\/Carideal.mandataire.automobile","article_author":"https:\/\/www.facebook.com\/nicolas.schiavon.39","article_published_time":"2016-02-11T15:54:00+00:00","article_modified_time":"2016-11-04T12:23:31+00:00","og_image":[{"width":1013,"height":675,"url":"https:\/\/www.carideal.com\/blog\/wp-content\/uploads\/2016\/02\/Audi-Q7-e-tron-plug-in-hybrid-SUV-2016-3.jpg","type":"image\/jpeg"}],"author":"Nicolas SCHIAVON","twitter_card":"summary_large_image","twitter_creator":"@caridealauto","twitter_site":"@caridealauto","twitter_misc":{"\u00c9crit par":"Nicolas SCHIAVON","Dur\u00e9e de lecture estim\u00e9e":"5 minutes"},"schema":{"@context":"https:\/\/schema.org","@graph":[{"@type":"Article","@id":"https:\/\/www.carideal.com\/blog\/2016\/02\/11\/audi-q7-e-tron-2016\/#article","isPartOf":{"@id":"https:\/\/www.carideal.com\/blog\/2016\/02\/11\/audi-q7-e-tron-2016\/"},"author":{"name":"Nicolas SCHIAVON","@id":"https:\/\/www.carideal.com\/blog\/#\/schema\/person\/cd95dc7919660de90d31b366f85be1ec"},"headline":"Audi Q7 e-tron plug-in hybrid SUV 2016","datePublished":"2016-02-11T15:54:00+00:00","dateModified":"2016-11-04T12:23:31+00:00","mainEntityOfPage":{"@id":"https:\/\/www.carideal.com\/blog\/2016\/02\/11\/audi-q7-e-tron-2016\/"},"wordCount":1031,"commentCount":0,"publisher":{"@id":"https:\/\/www.carideal.com\/blog\/#organization"},"image":{"@id":"https:\/\/www.carideal.com\/blog\/2016\/02\/11\/audi-q7-e-tron-2016\/#primaryimage"},"thumbnailUrl":"https:\/\/www.carideal.com\/blog\/wp-content\/uploads\/2016\/02\/Audi-Q7-e-tron-plug-in-hybrid-SUV-2016-3.jpg","articleSection":["Actualit\u00e9 Audi","Actualit\u00e9 automobile","Actualit\u00e9 Constructeur automobile","SUV","Technologie Automobile","Type de v\u00e9hicule","Voiture Hybride"],"inLanguage":"fr-FR","potentialAction":[{"@type":"CommentAction","name":"Comment","target":["https:\/\/www.carideal.com\/blog\/2016\/02\/11\/audi-q7-e-tron-2016\/#respond"]}]},{"@type":"WebPage","@id":"https:\/\/www.carideal.com\/blog\/2016\/02\/11\/audi-q7-e-tron-2016\/","url":"https:\/\/www.carideal.com\/blog\/2016\/02\/11\/audi-q7-e-tron-2016\/","name":"Audi Q7 e-tron plug-in hybrid SUV 2016 - Blog auto Carid\u00e9al","isPartOf":{"@id":"https:\/\/www.carideal.com\/blog\/#website"},"primaryImageOfPage":{"@id":"https:\/\/www.carideal.com\/blog\/2016\/02\/11\/audi-q7-e-tron-2016\/#primaryimage"},"image":{"@id":"https:\/\/www.carideal.com\/blog\/2016\/02\/11\/audi-q7-e-tron-2016\/#primaryimage"},"thumbnailUrl":"https:\/\/www.carideal.com\/blog\/wp-content\/uploads\/2016\/02\/Audi-Q7-e-tron-plug-in-hybrid-SUV-2016-3.jpg","datePublished":"2016-02-11T15:54:00+00:00","dateModified":"2016-11-04T12:23:31+00:00","description":"Audi Q7 e-tron plug-in Hybrid 2016, l'hybride rechargeable du plus gros des SUV de la marque Audi propose 373 ch et la bagatelle de 700 Nm de couple.","breadcrumb":{"@id":"https:\/\/www.carideal.com\/blog\/2016\/02\/11\/audi-q7-e-tron-2016\/#breadcrumb"},"inLanguage":"fr-FR","potentialAction":[{"@type":"ReadAction","target":["https:\/\/www.carideal.com\/blog\/2016\/02\/11\/audi-q7-e-tron-2016\/"]}]},{"@type":"ImageObject","inLanguage":"fr-FR","@id":"https:\/\/www.carideal.com\/blog\/2016\/02\/11\/audi-q7-e-tron-2016\/#primaryimage","url":"https:\/\/www.carideal.com\/blog\/wp-content\/uploads\/2016\/02\/Audi-Q7-e-tron-plug-in-hybrid-SUV-2016-3.jpg","contentUrl":"https:\/\/www.carideal.com\/blog\/wp-content\/uploads\/2016\/02\/Audi-Q7-e-tron-plug-in-hybrid-SUV-2016-3.jpg","width":1013,"height":675,"caption":"Audi Q7 e-tron plug-in hybrid SUV 2016"},{"@type":"BreadcrumbList","@id":"https:\/\/www.carideal.com\/blog\/2016\/02\/11\/audi-q7-e-tron-2016\/#breadcrumb","itemListElement":[{"@type":"ListItem","position":1,"name":"Blog Carid\u00e9al","item":"https:\/\/www.carideal.com\/blog\/"},{"@type":"ListItem","position":2,"name":"Actualit\u00e9 automobile","item":"https:\/\/www.carideal.com\/blog\/actualites-auto\/"},{"@type":"ListItem","position":3,"name":"Audi Q7 e-tron plug-in hybrid SUV 2016"}]},{"@type":"WebSite","@id":"https:\/\/www.carideal.com\/blog\/#website","url":"https:\/\/www.carideal.com\/blog\/","name":"Blog auto Carid\u00e9al","description":"Actualit\u00e9 auto par des passionn\u00e9s","publisher":{"@id":"https:\/\/www.carideal.com\/blog\/#organization"},"potentialAction":[{"@type":"SearchAction","target":{"@type":"EntryPoint","urlTemplate":"https:\/\/www.carideal.com\/blog\/?s={search_term_string}"},"query-input":{"@type":"PropertyValueSpecification","valueRequired":true,"valueName":"search_term_string"}}],"inLanguage":"fr-FR"},{"@type":"Organization","@id":"https:\/\/www.carideal.com\/blog\/#organization","name":"Carideal","url":"https:\/\/www.carideal.com\/blog\/","logo":{"@type":"ImageObject","inLanguage":"fr-FR","@id":"https:\/\/www.carideal.com\/blog\/#\/schema\/logo\/image\/","url":"http:\/\/www.carideal.com\/blog\/wp-content\/uploads\/2016\/03\/logo-carideal-mandataire-automobile.png","contentUrl":"http:\/\/www.carideal.com\/blog\/wp-content\/uploads\/2016\/03\/logo-carideal-mandataire-automobile.png","width":300,"height":300,"caption":"Carideal"},"image":{"@id":"https:\/\/www.carideal.com\/blog\/#\/schema\/logo\/image\/"},"sameAs":["https:\/\/www.facebook.com\/Carideal.mandataire.automobile","https:\/\/x.com\/caridealauto","https:\/\/www.instagram.com\/carideal1\/","https:\/\/www.linkedin.com\/company\/carideal.com","https:\/\/fr.pinterest.com\/schiavonsas\/","https:\/\/www.youtube.com\/user\/caridealsas"]},{"@type":"Person","@id":"https:\/\/www.carideal.com\/blog\/#\/schema\/person\/cd95dc7919660de90d31b366f85be1ec","name":"Nicolas SCHIAVON","image":{"@type":"ImageObject","inLanguage":"fr-FR","@id":"https:\/\/www.carideal.com\/blog\/#\/schema\/person\/image\/","url":"https:\/\/secure.gravatar.com\/avatar\/c17e55009e671d92cc7f5dc837dc418a?s=96&r=g","contentUrl":"https:\/\/secure.gravatar.com\/avatar\/c17e55009e671d92cc7f5dc837dc418a?s=96&r=g","caption":"Nicolas SCHIAVON"},"description":"Nicolas Schiavon est tomb\u00e9 tout petit dans la marmite automobile. Ayant eu un garage de marque automobile, mandataire automobile de la premi\u00e8re heure d\u00e8s 1999. Nicolas a cr\u00e9\u00e9 ces premiers sites de vente de voiture et blog automobile d\u00e8s 1994. Carideal est n\u00e9 le 15 d\u00e9cembre 2000 de la volont\u00e9 de vendre des voitures d'occasions en ligne puis des voitures neuves. Il a pu essayer beaucoup de voitures tr\u00e8s diff\u00e9rentes et ayant eu personnellement quelques belles autos, Subaru Impreza, Mitsubishi Lancer Evo 7, Porsche 911, Ferrari Testarrossa, Audi RS3, RS4 et j'en passe...","sameAs":["http:\/\/www.carideal.com","https:\/\/www.facebook.com\/nicolas.schiavon.39","https:\/\/www.instagram.com\/carideal1\/","https:\/\/www.linkedin.com\/in\/nschiavon\/","https:\/\/x.com\/caridealauto","https:\/\/www.youtube.com\/user\/caridealsas\/"],"url":"https:\/\/www.carideal.com\/blog\/author\/nschiavon\/"}]}},"uagb_featured_image_src":{"full":["https:\/\/www.carideal.com\/blog\/wp-content\/uploads\/2016\/02\/Audi-Q7-e-tron-plug-in-hybrid-SUV-2016-3.jpg",1013,675,false],"thumbnail":["https:\/\/www.carideal.com\/blog\/wp-content\/uploads\/2016\/02\/Audi-Q7-e-tron-plug-in-hybrid-SUV-2016-3-150x150.jpg",150,150,true],"medium":["https:\/\/www.carideal.com\/blog\/wp-content\/uploads\/2016\/02\/Audi-Q7-e-tron-plug-in-hybrid-SUV-2016-3-300x200.jpg",300,200,true],"medium_large":["https:\/\/www.carideal.com\/blog\/wp-content\/uploads\/2016\/02\/Audi-Q7-e-tron-plug-in-hybrid-SUV-2016-3-768x512.jpg",768,512,true],"large":["https:\/\/www.carideal.com\/blog\/wp-content\/uploads\/2016\/02\/Audi-Q7-e-tron-plug-in-hybrid-SUV-2016-3.jpg",1013,675,false],"1536x1536":["https:\/\/www.carideal.com\/blog\/wp-content\/uploads\/2016\/02\/Audi-Q7-e-tron-plug-in-hybrid-SUV-2016-3.jpg",1013,675,false],"2048x2048":["https:\/\/www.carideal.com\/blog\/wp-content\/uploads\/2016\/02\/Audi-Q7-e-tron-plug-in-hybrid-SUV-2016-3.jpg",1013,675,false],"wppr-widget":["https:\/\/www.carideal.com\/blog\/wp-content\/uploads\/2016\/02\/Audi-Q7-e-tron-plug-in-hybrid-SUV-2016-3.jpg",50,33,false]},"uagb_author_info":{"display_name":"Nicolas SCHIAVON","author_link":"https:\/\/www.carideal.com\/blog\/author\/nschiavon\/"},"uagb_comment_info":0,"uagb_excerpt":"Audi Q7 e-tron plug-in hybrid SUV 2016 rechargeable Cette Audi Q7 e-tron plug-in Hybrid SUV 2016 est hybride rechargeable et elle sera commercialis\u00e9e ce printemps en France. Audi vient d'officialiser son prix \u00e0 partir de 80500 \u20ac pour le march\u00e9 allemand. Le Prix de l'Audi Q7 e-tron se calque donc sur le prix de son\u2026","_links":{"self":[{"href":"https:\/\/www.carideal.com\/blog\/wp-json\/wp\/v2\/posts\/9406"}],"collection":[{"href":"https:\/\/www.carideal.com\/blog\/wp-json\/wp\/v2\/posts"}],"about":[{"href":"https:\/\/www.carideal.com\/blog\/wp-json\/wp\/v2\/types\/post"}],"author":[{"embeddable":true,"href":"https:\/\/www.carideal.com\/blog\/wp-json\/wp\/v2\/users\/3"}],"replies":[{"embeddable":true,"href":"https:\/\/www.carideal.com\/blog\/wp-json\/wp\/v2\/comments?post=9406"}],"version-history":[{"count":0,"href":"https:\/\/www.carideal.com\/blog\/wp-json\/wp\/v2\/posts\/9406\/revisions"}],"wp:featuredmedia":[{"embeddable":true,"href":"https:\/\/www.carideal.com\/blog\/wp-json\/wp\/v2\/media\/13095"}],"wp:attachment":[{"href":"https:\/\/www.carideal.com\/blog\/wp-json\/wp\/v2\/media?parent=9406"}],"wp:term":[{"taxonomy":"category","embeddable":true,"href":"https:\/\/www.carideal.com\/blog\/wp-json\/wp\/v2\/categories?post=9406"},{"taxonomy":"post_tag","embeddable":true,"href":"https:\/\/www.carideal.com\/blog\/wp-json\/wp\/v2\/tags?post=9406"}],"curies":[{"name":"wp","href":"https:\/\/api.w.org\/{rel}","templated":true}]}}