{"id":940,"date":"2011-04-08T17:00:00","date_gmt":"2011-04-08T17:00:00","guid":{"rendered":"http:\/\/carideal.com\/blog\/?p=940"},"modified":"2019-05-10T11:51:56","modified_gmt":"2019-05-10T09:51:56","slug":"nouvelle-audi-rs3-5-cylindres-340-ch","status":"publish","type":"post","link":"https:\/\/www.carideal.com\/blog\/2011\/04\/08\/nouvelle-audi-rs3-5-cylindres-340-ch\/","title":{"rendered":"Nouvelle Audi RS3 2011 5 cylindres 340 ch"},"content":{"rendered":"<h2>Nouvelle Audi RS3 2011 5 cylindres 340 ch<\/h2>\n<p>Le son, le bruit de son 5 cylindres, voil\u00e0 ce qui marque cette nouvelle g\u00e9n\u00e9ration de RS3 avec son bouton sport...<\/p>\n<p>L\u2019<strong>Audi RS3 2011<\/strong> va prendre son moteur \u00e0 la\u00a0<a href=\"http:\/\/www.carideal.com\/blog\/2012\/03\/10\/audi-tt-rs-plus\/\">TT-RS<\/a>, le cinq cylindres turbo de 340 ch, pour devenir sans doute la voiture la plus puissante de sa cat\u00e9gorie. <a href=\"http:\/\/www.carideal.com\/blog\/marque-de-voiture-actualites-essais\/audi\/\">Audi<\/a> annonce une acc\u00e9l\u00e9ration de 0 \u00e0 100 km\/h en 4.6 sec pour une Vitesse maxi limit\u00e9e \u00e0 250 km\/h.<\/p>\n<p>Ce qui saute tout de suite \u00e0 la figure c'est la souplesse du moteur, sa docilit\u00e9, son \u00e9lasticit\u00e9, en ville il accepte tout, c'est gr\u00e2ce \u00e0 son couple de 450 Nm de 1600 \u00e0 5300 tr\/min. La boite de vitesse \u00e0 double embrayage et \u00e0 sept rapports distribue la puissance \u00e0 une transmission \u00e0 quatre roues motrices non permanentes bas\u00e9 sur un viscocoupleur Haldex. Ca pousse fort\u00a0! 4.6 sec de 0 \u00e0 100 km\/h, le bouton sport ouvre le\"son\" \u00e0 l'\u00e9chappement, l'ESP est d\u00e9connectable et on reconna\u00eetrait presque le bruit caract\u00e9ristique des Audi Quattro de Walter Rohrl et Mich\u00e8le Mouton, un r\u00e9gal.<\/p>\n<p>La voiture est dynamique mais pas trop \"d\u00e9monstrative\", les jantes de 19 font bien leur boulot, les freins mordent et sont endurant, le ch\u00e2ssis est rabaiss\u00e9, mais la voiture souffre du m\u00eame mal que les versions pr\u00e9c\u00e9dentes, elle a tendance \u00e0 tirer tout droit dans les virages, certainement du \u00e0 la conjonction, du poids du moteur en porte \u00e0 faux avant et \u00e0 la transmission Haldex \u00e0 4 roues motrices non permanentes.<br \/>\nCette Audi RS3 2011 est \"bonne\" mais elle le fait payer ch\u00e8re !! 55400 \u20ac et encore \u00e0 ce prix l\u00e0 il faudra rajouter les si\u00e8ges baquets et le GPS, c'est mesquin.<\/p>\n<p><object style=\"height: 390px; width: 640px;\" width=\"300\" height=\"150\"><param name=\"movie\" value=\"http:\/\/www.youtube.com\/v\/jQmnc1PM2oA?version=3\" \/><param name=\"allowFullScreen\" value=\"true\" \/><param name=\"allowScriptAccess\" value=\"always\" \/><embed src=\"http:\/\/www.youtube.com\/v\/jQmnc1PM2oA?version=3\" type=\"application\/x-shockwave-flash\" allowfullscreen=\"allowfullscreen\" allowscriptaccess=\"always\" width=\"640\" height=\"390\" \/><\/object><\/p>\n","protected":false},"excerpt":{"rendered":"<p>Nouvelle Audi RS3 2011 5 cylindres 340 ch Le son, le bruit de son 5 cylindres, voil\u00e0 ce qui marque cette nouvelle g\u00e9n\u00e9ration de RS3 avec son bouton sport&#8230; L\u2019Audi RS3 2011 va prendre son moteur \u00e0 la\u00a0TT-RS, le cinq cylindres turbo de 340 ch, pour devenir sans doute la voiture la plus puissante de &#8230; <a title=\"Nouvelle Audi RS3 2011 5 cylindres 340 ch\" class=\"read-more\" href=\"https:\/\/www.carideal.com\/blog\/2011\/04\/08\/nouvelle-audi-rs3-5-cylindres-340-ch\/\" aria-label=\"En savoir plus sur Nouvelle Audi RS3 2011 5 cylindres 340 ch\">Lire plus<\/a><\/p>\n","protected":false},"author":3,"featured_media":19306,"comment_status":"open","ping_status":"open","sticky":false,"template":"","format":"standard","meta":{"_uag_custom_page_level_css":"","_themeisle_gutenberg_block_has_review":false,"footnotes":""},"categories":[5978,5998],"tags":[],"class_list":["post-940","post","type-post","status-publish","format-standard","has-post-thumbnail","hentry","category-audi","category-sportive"],"wppr_data":{"cwp_meta_box_check":"No"},"yoast_head":"<!-- This site is optimized with the Yoast SEO plugin v24.8.1 - https:\/\/yoast.com\/wordpress\/plugins\/seo\/ -->\n<title>Nouvelle Audi RS3 2011 5 cylindres 340 ch - Blog auto Carid\u00e9al<\/title>\n<meta name=\"description\" content=\"Nouvelle Audi RS3 2011 \u00e9quip\u00e9 du moteur 5 cylindres de 340 ch de la TTS.\" \/>\n<meta name=\"robots\" content=\"index, follow, max-snippet:-1, max-image-preview:large, max-video-preview:-1\" \/>\n<link rel=\"canonical\" href=\"https:\/\/www.carideal.com\/blog\/2011\/04\/08\/nouvelle-audi-rs3-5-cylindres-340-ch\/\" \/>\n<meta property=\"og:locale\" content=\"fr_FR\" \/>\n<meta property=\"og:type\" content=\"article\" \/>\n<meta property=\"og:title\" content=\"Nouvelle Audi RS3 2011 5 cylindres 340 ch - Blog auto Carid\u00e9al\" \/>\n<meta property=\"og:description\" content=\"Nouvelle Audi RS3 2011 \u00e9quip\u00e9 du moteur 5 cylindres de 340 ch de la TTS.\" \/>\n<meta property=\"og:url\" content=\"https:\/\/www.carideal.com\/blog\/2011\/04\/08\/nouvelle-audi-rs3-5-cylindres-340-ch\/\" \/>\n<meta property=\"og:site_name\" content=\"Blog auto Carid\u00e9al\" \/>\n<meta property=\"article:publisher\" content=\"https:\/\/www.facebook.com\/Carideal.mandataire.automobile\" \/>\n<meta property=\"article:author\" content=\"https:\/\/www.facebook.com\/nicolas.schiavon.39\" \/>\n<meta property=\"article:published_time\" content=\"2011-04-08T17:00:00+00:00\" \/>\n<meta property=\"article:modified_time\" content=\"2019-05-10T09:51:56+00:00\" \/>\n<meta property=\"og:image\" content=\"https:\/\/www.carideal.com\/blog\/wp-content\/uploads\/2011\/04\/audi-rs3-2011-1_achat-carideal-mandataire-auto_m.jpg\" \/>\n\t<meta property=\"og:image:width\" content=\"448\" \/>\n\t<meta property=\"og:image:height\" content=\"251\" \/>\n\t<meta property=\"og:image:type\" content=\"image\/jpeg\" \/>\n<meta name=\"author\" content=\"Nicolas SCHIAVON\" \/>\n<meta name=\"twitter:card\" content=\"summary_large_image\" \/>\n<meta name=\"twitter:creator\" content=\"@caridealauto\" \/>\n<meta name=\"twitter:site\" content=\"@caridealauto\" \/>\n<meta name=\"twitter:label1\" content=\"\u00c9crit par\" \/>\n\t<meta name=\"twitter:data1\" content=\"Nicolas SCHIAVON\" \/>\n\t<meta name=\"twitter:label2\" content=\"Dur\u00e9e de lecture estim\u00e9e\" \/>\n\t<meta name=\"twitter:data2\" content=\"1 minute\" \/>\n<script type=\"application\/ld+json\" class=\"yoast-schema-graph\">{\"@context\":\"https:\/\/schema.org\",\"@graph\":[{\"@type\":\"Article\",\"@id\":\"https:\/\/www.carideal.com\/blog\/2011\/04\/08\/nouvelle-audi-rs3-5-cylindres-340-ch\/#article\",\"isPartOf\":{\"@id\":\"https:\/\/www.carideal.com\/blog\/2011\/04\/08\/nouvelle-audi-rs3-5-cylindres-340-ch\/\"},\"author\":{\"name\":\"Nicolas SCHIAVON\",\"@id\":\"https:\/\/www.carideal.com\/blog\/#\/schema\/person\/cd95dc7919660de90d31b366f85be1ec\"},\"headline\":\"Nouvelle Audi RS3 2011 5 cylindres 340 ch\",\"datePublished\":\"2011-04-08T17:00:00+00:00\",\"dateModified\":\"2019-05-10T09:51:56+00:00\",\"mainEntityOfPage\":{\"@id\":\"https:\/\/www.carideal.com\/blog\/2011\/04\/08\/nouvelle-audi-rs3-5-cylindres-340-ch\/\"},\"wordCount\":275,\"commentCount\":1,\"publisher\":{\"@id\":\"https:\/\/www.carideal.com\/blog\/#organization\"},\"image\":{\"@id\":\"https:\/\/www.carideal.com\/blog\/2011\/04\/08\/nouvelle-audi-rs3-5-cylindres-340-ch\/#primaryimage\"},\"thumbnailUrl\":\"https:\/\/www.carideal.com\/blog\/wp-content\/uploads\/2011\/04\/audi-rs3-2011-1_achat-carideal-mandataire-auto_m.jpg\",\"articleSection\":[\"Actualit\u00e9 Audi\",\"Sportive\"],\"inLanguage\":\"fr-FR\",\"potentialAction\":[{\"@type\":\"CommentAction\",\"name\":\"Comment\",\"target\":[\"https:\/\/www.carideal.com\/blog\/2011\/04\/08\/nouvelle-audi-rs3-5-cylindres-340-ch\/#respond\"]}]},{\"@type\":\"WebPage\",\"@id\":\"https:\/\/www.carideal.com\/blog\/2011\/04\/08\/nouvelle-audi-rs3-5-cylindres-340-ch\/\",\"url\":\"https:\/\/www.carideal.com\/blog\/2011\/04\/08\/nouvelle-audi-rs3-5-cylindres-340-ch\/\",\"name\":\"Nouvelle Audi RS3 2011 5 cylindres 340 ch - Blog auto Carid\u00e9al\",\"isPartOf\":{\"@id\":\"https:\/\/www.carideal.com\/blog\/#website\"},\"primaryImageOfPage\":{\"@id\":\"https:\/\/www.carideal.com\/blog\/2011\/04\/08\/nouvelle-audi-rs3-5-cylindres-340-ch\/#primaryimage\"},\"image\":{\"@id\":\"https:\/\/www.carideal.com\/blog\/2011\/04\/08\/nouvelle-audi-rs3-5-cylindres-340-ch\/#primaryimage\"},\"thumbnailUrl\":\"https:\/\/www.carideal.com\/blog\/wp-content\/uploads\/2011\/04\/audi-rs3-2011-1_achat-carideal-mandataire-auto_m.jpg\",\"datePublished\":\"2011-04-08T17:00:00+00:00\",\"dateModified\":\"2019-05-10T09:51:56+00:00\",\"description\":\"Nouvelle Audi RS3 2011 \u00e9quip\u00e9 du moteur 5 cylindres de 340 ch de la TTS.\",\"breadcrumb\":{\"@id\":\"https:\/\/www.carideal.com\/blog\/2011\/04\/08\/nouvelle-audi-rs3-5-cylindres-340-ch\/#breadcrumb\"},\"inLanguage\":\"fr-FR\",\"potentialAction\":[{\"@type\":\"ReadAction\",\"target\":[\"https:\/\/www.carideal.com\/blog\/2011\/04\/08\/nouvelle-audi-rs3-5-cylindres-340-ch\/\"]}]},{\"@type\":\"ImageObject\",\"inLanguage\":\"fr-FR\",\"@id\":\"https:\/\/www.carideal.com\/blog\/2011\/04\/08\/nouvelle-audi-rs3-5-cylindres-340-ch\/#primaryimage\",\"url\":\"https:\/\/www.carideal.com\/blog\/wp-content\/uploads\/2011\/04\/audi-rs3-2011-1_achat-carideal-mandataire-auto_m.jpg\",\"contentUrl\":\"https:\/\/www.carideal.com\/blog\/wp-content\/uploads\/2011\/04\/audi-rs3-2011-1_achat-carideal-mandataire-auto_m.jpg\",\"width\":448,\"height\":251,\"caption\":\"Nouvelle Audi RS3 2011 5 cylindres 340 ch\"},{\"@type\":\"BreadcrumbList\",\"@id\":\"https:\/\/www.carideal.com\/blog\/2011\/04\/08\/nouvelle-audi-rs3-5-cylindres-340-ch\/#breadcrumb\",\"itemListElement\":[{\"@type\":\"ListItem\",\"position\":1,\"name\":\"Blog Carid\u00e9al\",\"item\":\"https:\/\/www.carideal.com\/blog\/\"},{\"@type\":\"ListItem\",\"position\":2,\"name\":\"Actualit\u00e9 constructeur automobile\",\"item\":\"https:\/\/www.carideal.com\/blog\/constructeur\/\"},{\"@type\":\"ListItem\",\"position\":3,\"name\":\"Actualit\u00e9 Audi\",\"item\":\"https:\/\/www.carideal.com\/blog\/constructeur\/audi\/\"},{\"@type\":\"ListItem\",\"position\":4,\"name\":\"Nouvelle Audi RS3 2011 5 cylindres 340 ch\"}]},{\"@type\":\"WebSite\",\"@id\":\"https:\/\/www.carideal.com\/blog\/#website\",\"url\":\"https:\/\/www.carideal.com\/blog\/\",\"name\":\"Blog auto Carid\u00e9al\",\"description\":\"Actualit\u00e9 auto par des passionn\u00e9s\",\"publisher\":{\"@id\":\"https:\/\/www.carideal.com\/blog\/#organization\"},\"potentialAction\":[{\"@type\":\"SearchAction\",\"target\":{\"@type\":\"EntryPoint\",\"urlTemplate\":\"https:\/\/www.carideal.com\/blog\/?s={search_term_string}\"},\"query-input\":{\"@type\":\"PropertyValueSpecification\",\"valueRequired\":true,\"valueName\":\"search_term_string\"}}],\"inLanguage\":\"fr-FR\"},{\"@type\":\"Organization\",\"@id\":\"https:\/\/www.carideal.com\/blog\/#organization\",\"name\":\"Carideal\",\"url\":\"https:\/\/www.carideal.com\/blog\/\",\"logo\":{\"@type\":\"ImageObject\",\"inLanguage\":\"fr-FR\",\"@id\":\"https:\/\/www.carideal.com\/blog\/#\/schema\/logo\/image\/\",\"url\":\"http:\/\/www.carideal.com\/blog\/wp-content\/uploads\/2016\/03\/logo-carideal-mandataire-automobile.png\",\"contentUrl\":\"http:\/\/www.carideal.com\/blog\/wp-content\/uploads\/2016\/03\/logo-carideal-mandataire-automobile.png\",\"width\":300,\"height\":300,\"caption\":\"Carideal\"},\"image\":{\"@id\":\"https:\/\/www.carideal.com\/blog\/#\/schema\/logo\/image\/\"},\"sameAs\":[\"https:\/\/www.facebook.com\/Carideal.mandataire.automobile\",\"https:\/\/x.com\/caridealauto\",\"https:\/\/www.instagram.com\/carideal1\/\",\"https:\/\/www.linkedin.com\/company\/carideal.com\",\"https:\/\/fr.pinterest.com\/schiavonsas\/\",\"https:\/\/www.youtube.com\/user\/caridealsas\"]},{\"@type\":\"Person\",\"@id\":\"https:\/\/www.carideal.com\/blog\/#\/schema\/person\/cd95dc7919660de90d31b366f85be1ec\",\"name\":\"Nicolas SCHIAVON\",\"image\":{\"@type\":\"ImageObject\",\"inLanguage\":\"fr-FR\",\"@id\":\"https:\/\/www.carideal.com\/blog\/#\/schema\/person\/image\/\",\"url\":\"https:\/\/secure.gravatar.com\/avatar\/c17e55009e671d92cc7f5dc837dc418a?s=96&r=g\",\"contentUrl\":\"https:\/\/secure.gravatar.com\/avatar\/c17e55009e671d92cc7f5dc837dc418a?s=96&r=g\",\"caption\":\"Nicolas SCHIAVON\"},\"description\":\"Nicolas Schiavon est tomb\u00e9 tout petit dans la marmite automobile. Ayant eu un garage de marque automobile, mandataire automobile de la premi\u00e8re heure d\u00e8s 1999. Nicolas a cr\u00e9\u00e9 ces premiers sites de vente de voiture et blog automobile d\u00e8s 1994. Carideal est n\u00e9 le 15 d\u00e9cembre 2000 de la volont\u00e9 de vendre des voitures d'occasions en ligne puis des voitures neuves. Il a pu essayer beaucoup de voitures tr\u00e8s diff\u00e9rentes et ayant eu personnellement quelques belles autos, Subaru Impreza, Mitsubishi Lancer Evo 7, Porsche 911, Ferrari Testarrossa, Audi RS3, RS4 et j'en passe...\",\"sameAs\":[\"http:\/\/www.carideal.com\",\"https:\/\/www.facebook.com\/nicolas.schiavon.39\",\"https:\/\/www.instagram.com\/carideal1\/\",\"https:\/\/www.linkedin.com\/in\/nschiavon\/\",\"https:\/\/x.com\/caridealauto\",\"https:\/\/www.youtube.com\/user\/caridealsas\/\"],\"url\":\"https:\/\/www.carideal.com\/blog\/author\/nschiavon\/\"}]}<\/script>\n<!-- \/ Yoast SEO plugin. -->","yoast_head_json":{"title":"Nouvelle Audi RS3 2011 5 cylindres 340 ch - Blog auto Carid\u00e9al","description":"Nouvelle Audi RS3 2011 \u00e9quip\u00e9 du moteur 5 cylindres de 340 ch de la TTS.","robots":{"index":"index","follow":"follow","max-snippet":"max-snippet:-1","max-image-preview":"max-image-preview:large","max-video-preview":"max-video-preview:-1"},"canonical":"https:\/\/www.carideal.com\/blog\/2011\/04\/08\/nouvelle-audi-rs3-5-cylindres-340-ch\/","og_locale":"fr_FR","og_type":"article","og_title":"Nouvelle Audi RS3 2011 5 cylindres 340 ch - Blog auto Carid\u00e9al","og_description":"Nouvelle Audi RS3 2011 \u00e9quip\u00e9 du moteur 5 cylindres de 340 ch de la TTS.","og_url":"https:\/\/www.carideal.com\/blog\/2011\/04\/08\/nouvelle-audi-rs3-5-cylindres-340-ch\/","og_site_name":"Blog auto Carid\u00e9al","article_publisher":"https:\/\/www.facebook.com\/Carideal.mandataire.automobile","article_author":"https:\/\/www.facebook.com\/nicolas.schiavon.39","article_published_time":"2011-04-08T17:00:00+00:00","article_modified_time":"2019-05-10T09:51:56+00:00","og_image":[{"width":448,"height":251,"url":"https:\/\/www.carideal.com\/blog\/wp-content\/uploads\/2011\/04\/audi-rs3-2011-1_achat-carideal-mandataire-auto_m.jpg","type":"image\/jpeg"}],"author":"Nicolas SCHIAVON","twitter_card":"summary_large_image","twitter_creator":"@caridealauto","twitter_site":"@caridealauto","twitter_misc":{"\u00c9crit par":"Nicolas SCHIAVON","Dur\u00e9e de lecture estim\u00e9e":"1 minute"},"schema":{"@context":"https:\/\/schema.org","@graph":[{"@type":"Article","@id":"https:\/\/www.carideal.com\/blog\/2011\/04\/08\/nouvelle-audi-rs3-5-cylindres-340-ch\/#article","isPartOf":{"@id":"https:\/\/www.carideal.com\/blog\/2011\/04\/08\/nouvelle-audi-rs3-5-cylindres-340-ch\/"},"author":{"name":"Nicolas SCHIAVON","@id":"https:\/\/www.carideal.com\/blog\/#\/schema\/person\/cd95dc7919660de90d31b366f85be1ec"},"headline":"Nouvelle Audi RS3 2011 5 cylindres 340 ch","datePublished":"2011-04-08T17:00:00+00:00","dateModified":"2019-05-10T09:51:56+00:00","mainEntityOfPage":{"@id":"https:\/\/www.carideal.com\/blog\/2011\/04\/08\/nouvelle-audi-rs3-5-cylindres-340-ch\/"},"wordCount":275,"commentCount":1,"publisher":{"@id":"https:\/\/www.carideal.com\/blog\/#organization"},"image":{"@id":"https:\/\/www.carideal.com\/blog\/2011\/04\/08\/nouvelle-audi-rs3-5-cylindres-340-ch\/#primaryimage"},"thumbnailUrl":"https:\/\/www.carideal.com\/blog\/wp-content\/uploads\/2011\/04\/audi-rs3-2011-1_achat-carideal-mandataire-auto_m.jpg","articleSection":["Actualit\u00e9 Audi","Sportive"],"inLanguage":"fr-FR","potentialAction":[{"@type":"CommentAction","name":"Comment","target":["https:\/\/www.carideal.com\/blog\/2011\/04\/08\/nouvelle-audi-rs3-5-cylindres-340-ch\/#respond"]}]},{"@type":"WebPage","@id":"https:\/\/www.carideal.com\/blog\/2011\/04\/08\/nouvelle-audi-rs3-5-cylindres-340-ch\/","url":"https:\/\/www.carideal.com\/blog\/2011\/04\/08\/nouvelle-audi-rs3-5-cylindres-340-ch\/","name":"Nouvelle Audi RS3 2011 5 cylindres 340 ch - Blog auto Carid\u00e9al","isPartOf":{"@id":"https:\/\/www.carideal.com\/blog\/#website"},"primaryImageOfPage":{"@id":"https:\/\/www.carideal.com\/blog\/2011\/04\/08\/nouvelle-audi-rs3-5-cylindres-340-ch\/#primaryimage"},"image":{"@id":"https:\/\/www.carideal.com\/blog\/2011\/04\/08\/nouvelle-audi-rs3-5-cylindres-340-ch\/#primaryimage"},"thumbnailUrl":"https:\/\/www.carideal.com\/blog\/wp-content\/uploads\/2011\/04\/audi-rs3-2011-1_achat-carideal-mandataire-auto_m.jpg","datePublished":"2011-04-08T17:00:00+00:00","dateModified":"2019-05-10T09:51:56+00:00","description":"Nouvelle Audi RS3 2011 \u00e9quip\u00e9 du moteur 5 cylindres de 340 ch de la TTS.","breadcrumb":{"@id":"https:\/\/www.carideal.com\/blog\/2011\/04\/08\/nouvelle-audi-rs3-5-cylindres-340-ch\/#breadcrumb"},"inLanguage":"fr-FR","potentialAction":[{"@type":"ReadAction","target":["https:\/\/www.carideal.com\/blog\/2011\/04\/08\/nouvelle-audi-rs3-5-cylindres-340-ch\/"]}]},{"@type":"ImageObject","inLanguage":"fr-FR","@id":"https:\/\/www.carideal.com\/blog\/2011\/04\/08\/nouvelle-audi-rs3-5-cylindres-340-ch\/#primaryimage","url":"https:\/\/www.carideal.com\/blog\/wp-content\/uploads\/2011\/04\/audi-rs3-2011-1_achat-carideal-mandataire-auto_m.jpg","contentUrl":"https:\/\/www.carideal.com\/blog\/wp-content\/uploads\/2011\/04\/audi-rs3-2011-1_achat-carideal-mandataire-auto_m.jpg","width":448,"height":251,"caption":"Nouvelle Audi RS3 2011 5 cylindres 340 ch"},{"@type":"BreadcrumbList","@id":"https:\/\/www.carideal.com\/blog\/2011\/04\/08\/nouvelle-audi-rs3-5-cylindres-340-ch\/#breadcrumb","itemListElement":[{"@type":"ListItem","position":1,"name":"Blog Carid\u00e9al","item":"https:\/\/www.carideal.com\/blog\/"},{"@type":"ListItem","position":2,"name":"Actualit\u00e9 constructeur automobile","item":"https:\/\/www.carideal.com\/blog\/constructeur\/"},{"@type":"ListItem","position":3,"name":"Actualit\u00e9 Audi","item":"https:\/\/www.carideal.com\/blog\/constructeur\/audi\/"},{"@type":"ListItem","position":4,"name":"Nouvelle Audi RS3 2011 5 cylindres 340 ch"}]},{"@type":"WebSite","@id":"https:\/\/www.carideal.com\/blog\/#website","url":"https:\/\/www.carideal.com\/blog\/","name":"Blog auto Carid\u00e9al","description":"Actualit\u00e9 auto par des passionn\u00e9s","publisher":{"@id":"https:\/\/www.carideal.com\/blog\/#organization"},"potentialAction":[{"@type":"SearchAction","target":{"@type":"EntryPoint","urlTemplate":"https:\/\/www.carideal.com\/blog\/?s={search_term_string}"},"query-input":{"@type":"PropertyValueSpecification","valueRequired":true,"valueName":"search_term_string"}}],"inLanguage":"fr-FR"},{"@type":"Organization","@id":"https:\/\/www.carideal.com\/blog\/#organization","name":"Carideal","url":"https:\/\/www.carideal.com\/blog\/","logo":{"@type":"ImageObject","inLanguage":"fr-FR","@id":"https:\/\/www.carideal.com\/blog\/#\/schema\/logo\/image\/","url":"http:\/\/www.carideal.com\/blog\/wp-content\/uploads\/2016\/03\/logo-carideal-mandataire-automobile.png","contentUrl":"http:\/\/www.carideal.com\/blog\/wp-content\/uploads\/2016\/03\/logo-carideal-mandataire-automobile.png","width":300,"height":300,"caption":"Carideal"},"image":{"@id":"https:\/\/www.carideal.com\/blog\/#\/schema\/logo\/image\/"},"sameAs":["https:\/\/www.facebook.com\/Carideal.mandataire.automobile","https:\/\/x.com\/caridealauto","https:\/\/www.instagram.com\/carideal1\/","https:\/\/www.linkedin.com\/company\/carideal.com","https:\/\/fr.pinterest.com\/schiavonsas\/","https:\/\/www.youtube.com\/user\/caridealsas"]},{"@type":"Person","@id":"https:\/\/www.carideal.com\/blog\/#\/schema\/person\/cd95dc7919660de90d31b366f85be1ec","name":"Nicolas SCHIAVON","image":{"@type":"ImageObject","inLanguage":"fr-FR","@id":"https:\/\/www.carideal.com\/blog\/#\/schema\/person\/image\/","url":"https:\/\/secure.gravatar.com\/avatar\/c17e55009e671d92cc7f5dc837dc418a?s=96&r=g","contentUrl":"https:\/\/secure.gravatar.com\/avatar\/c17e55009e671d92cc7f5dc837dc418a?s=96&r=g","caption":"Nicolas SCHIAVON"},"description":"Nicolas Schiavon est tomb\u00e9 tout petit dans la marmite automobile. Ayant eu un garage de marque automobile, mandataire automobile de la premi\u00e8re heure d\u00e8s 1999. Nicolas a cr\u00e9\u00e9 ces premiers sites de vente de voiture et blog automobile d\u00e8s 1994. Carideal est n\u00e9 le 15 d\u00e9cembre 2000 de la volont\u00e9 de vendre des voitures d'occasions en ligne puis des voitures neuves. Il a pu essayer beaucoup de voitures tr\u00e8s diff\u00e9rentes et ayant eu personnellement quelques belles autos, Subaru Impreza, Mitsubishi Lancer Evo 7, Porsche 911, Ferrari Testarrossa, Audi RS3, RS4 et j'en passe...","sameAs":["http:\/\/www.carideal.com","https:\/\/www.facebook.com\/nicolas.schiavon.39","https:\/\/www.instagram.com\/carideal1\/","https:\/\/www.linkedin.com\/in\/nschiavon\/","https:\/\/x.com\/caridealauto","https:\/\/www.youtube.com\/user\/caridealsas\/"],"url":"https:\/\/www.carideal.com\/blog\/author\/nschiavon\/"}]}},"uagb_featured_image_src":{"full":["https:\/\/www.carideal.com\/blog\/wp-content\/uploads\/2011\/04\/audi-rs3-2011-1_achat-carideal-mandataire-auto_m.jpg",448,251,false],"thumbnail":["https:\/\/www.carideal.com\/blog\/wp-content\/uploads\/2011\/04\/audi-rs3-2011-1_achat-carideal-mandataire-auto_m-150x150.jpg",150,150,true],"medium":["https:\/\/www.carideal.com\/blog\/wp-content\/uploads\/2011\/04\/audi-rs3-2011-1_achat-carideal-mandataire-auto_m-300x168.jpg",300,168,true],"medium_large":["https:\/\/www.carideal.com\/blog\/wp-content\/uploads\/2011\/04\/audi-rs3-2011-1_achat-carideal-mandataire-auto_m.jpg",448,251,false],"large":["https:\/\/www.carideal.com\/blog\/wp-content\/uploads\/2011\/04\/audi-rs3-2011-1_achat-carideal-mandataire-auto_m.jpg",448,251,false],"1536x1536":["https:\/\/www.carideal.com\/blog\/wp-content\/uploads\/2011\/04\/audi-rs3-2011-1_achat-carideal-mandataire-auto_m.jpg",448,251,false],"2048x2048":["https:\/\/www.carideal.com\/blog\/wp-content\/uploads\/2011\/04\/audi-rs3-2011-1_achat-carideal-mandataire-auto_m.jpg",448,251,false],"wppr-widget":["https:\/\/www.carideal.com\/blog\/wp-content\/uploads\/2011\/04\/audi-rs3-2011-1_achat-carideal-mandataire-auto_m-50x28.jpg",50,28,true]},"uagb_author_info":{"display_name":"Nicolas SCHIAVON","author_link":"https:\/\/www.carideal.com\/blog\/author\/nschiavon\/"},"uagb_comment_info":1,"uagb_excerpt":"Nouvelle Audi RS3 2011 5 cylindres 340 ch Le son, le bruit de son 5 cylindres, voil\u00e0 ce qui marque cette nouvelle g\u00e9n\u00e9ration de RS3 avec son bouton sport... L\u2019Audi RS3 2011 va prendre son moteur \u00e0 la\u00a0TT-RS, le cinq cylindres turbo de 340 ch, pour devenir sans doute la voiture la plus puissante de\u2026","_links":{"self":[{"href":"https:\/\/www.carideal.com\/blog\/wp-json\/wp\/v2\/posts\/940"}],"collection":[{"href":"https:\/\/www.carideal.com\/blog\/wp-json\/wp\/v2\/posts"}],"about":[{"href":"https:\/\/www.carideal.com\/blog\/wp-json\/wp\/v2\/types\/post"}],"author":[{"embeddable":true,"href":"https:\/\/www.carideal.com\/blog\/wp-json\/wp\/v2\/users\/3"}],"replies":[{"embeddable":true,"href":"https:\/\/www.carideal.com\/blog\/wp-json\/wp\/v2\/comments?post=940"}],"version-history":[{"count":0,"href":"https:\/\/www.carideal.com\/blog\/wp-json\/wp\/v2\/posts\/940\/revisions"}],"wp:featuredmedia":[{"embeddable":true,"href":"https:\/\/www.carideal.com\/blog\/wp-json\/wp\/v2\/media\/19306"}],"wp:attachment":[{"href":"https:\/\/www.carideal.com\/blog\/wp-json\/wp\/v2\/media?parent=940"}],"wp:term":[{"taxonomy":"category","embeddable":true,"href":"https:\/\/www.carideal.com\/blog\/wp-json\/wp\/v2\/categories?post=940"},{"taxonomy":"post_tag","embeddable":true,"href":"https:\/\/www.carideal.com\/blog\/wp-json\/wp\/v2\/tags?post=940"}],"curies":[{"name":"wp","href":"https:\/\/api.w.org\/{rel}","templated":true}]}}