{"id":935,"date":"2011-03-31T22:19:00","date_gmt":"2011-03-31T22:19:00","guid":{"rendered":"http:\/\/carideal.com\/blog\/?p=935"},"modified":"2020-03-07T16:51:36","modified_gmt":"2020-03-07T15:51:36","slug":"premiere-ford-electrique-la-focus","status":"publish","type":"post","link":"https:\/\/www.carideal.com\/blog\/2011\/03\/31\/premiere-ford-electrique-la-focus\/","title":{"rendered":"Premi\u00e8re Ford \u00e9lectrique : la Focus"},"content":{"rendered":"<figure style=\"width: 438px\" class=\"wp-caption alignnone\"><img loading=\"lazy\" decoding=\"async\" title=\"Premi\u00e8re Ford \u00e9lectrique\" src=\"\/blog\/public\/.Ford-Focus-Electrique-2011-achat-carideal-mandataire_m.jpg\" alt=\"Premi\u00e8re Ford \u00e9lectrique\" width=\"448\" height=\"224\" \/><figcaption class=\"wp-caption-text\">Premi\u00e8re Ford \u00e9lectrique<\/figcaption><\/figure>\n<h1>Premi\u00e8re Ford \u00e9lectrique : C'est la Focus<\/h1>\n<p>C'est la premi\u00e8re <span style=\"text-decoration: underline;\"><span style=\"color: #0000ff;\">Ford \u00e9lectrique<\/span><\/span>. Elle est reconnaissable \u00e0 sa calandre sp\u00e9cifique des restes d'Aston Martin ex propri\u00e9t\u00e9 de Ford. La voiture resterait identique au model \u00e0 moteur thermique de la gamme sans la trappe \u00e0 carburant. Elle sera \u00e9quip\u00e9 par un \u00e9lectromoteur de 123 ch avec un couple de 246 Nm, de valeur \u00e9quivalente \u00e0 celui d'un moteur diesel de 105 ch.<br \/>\nSa batterie au Lithium Ion d'une capacit\u00e9 de 23 kwh se rechargera en 3 heures sur le 240 V. On contr\u00f4lera la charge de la batterie \u00e0 distance via son smartphone.<br \/>\nFord n'annonce aucune performance ni autonomie juste sa vitesse de pointe 136 km\/h.<\/p>\n<p>Ford Nous pr\u00e9sente sa premi\u00e8re <span style=\"text-decoration: underline; color: #0000ff;\"><a style=\"color: #0000ff; text-decoration: underline;\" href=\"http:\/\/www.carideal.com\/blog\/2011\/02\/09\/ford-focus-electrique\/\">voiture \u00e9lectrique<\/a><\/span><\/p>\n","protected":false},"excerpt":{"rendered":"<p>Premi\u00e8re Ford \u00e9lectrique : C&rsquo;est la Focus C&rsquo;est la premi\u00e8re Ford \u00e9lectrique. Elle est reconnaissable \u00e0 sa calandre sp\u00e9cifique des restes d&rsquo;Aston Martin ex propri\u00e9t\u00e9 de Ford. La voiture resterait identique au model \u00e0 moteur thermique de la gamme sans la trappe \u00e0 carburant. Elle sera \u00e9quip\u00e9 par un \u00e9lectromoteur de 123 ch avec un &#8230; <a title=\"Premi\u00e8re Ford \u00e9lectrique : la Focus\" class=\"read-more\" href=\"https:\/\/www.carideal.com\/blog\/2011\/03\/31\/premiere-ford-electrique-la-focus\/\" aria-label=\"En savoir plus sur Premi\u00e8re Ford \u00e9lectrique : la Focus\">Lire plus<\/a><\/p>\n","protected":false},"author":1,"featured_media":0,"comment_status":"open","ping_status":"open","sticky":false,"template":"","format":"standard","meta":{"_uag_custom_page_level_css":"","_themeisle_gutenberg_block_has_review":false,"footnotes":""},"categories":[5944,5968,6,10,5080,5970],"tags":[],"class_list":["post-935","post","type-post","status-publish","format-standard","hentry","category-constructeur","category-ford","category-ecologie","category-marche-automobile-voiture-neuve-occasion-4x4-suv","category-technologie-2","category-electrique-technologie-2"],"wppr_data":[],"yoast_head":"<!-- This site is optimized with the Yoast SEO plugin v24.8.1 - https:\/\/yoast.com\/wordpress\/plugins\/seo\/ -->\n<title>Premi\u00e8re Ford \u00e9lectrique : la Focus - Blog auto Carid\u00e9al<\/title>\n<meta name=\"description\" content=\"La Ford Focus est la premi\u00e8re Ford \u00e9lectrique. elle est motoris\u00e9e par un \u00e9lectromoteur de 123 ch proposant le m\u00eame couple que la version Diesel.\" \/>\n<meta name=\"robots\" content=\"index, follow, max-snippet:-1, max-image-preview:large, max-video-preview:-1\" \/>\n<link rel=\"canonical\" href=\"https:\/\/www.carideal.com\/blog\/2011\/03\/31\/premiere-ford-electrique-la-focus\/\" \/>\n<meta property=\"og:locale\" content=\"fr_FR\" \/>\n<meta property=\"og:type\" content=\"article\" \/>\n<meta property=\"og:title\" content=\"Premi\u00e8re Ford \u00e9lectrique : la Focus - Blog auto Carid\u00e9al\" \/>\n<meta property=\"og:description\" content=\"La Ford Focus est la premi\u00e8re Ford \u00e9lectrique. elle est motoris\u00e9e par un \u00e9lectromoteur de 123 ch proposant le m\u00eame couple que la version Diesel.\" \/>\n<meta property=\"og:url\" content=\"https:\/\/www.carideal.com\/blog\/2011\/03\/31\/premiere-ford-electrique-la-focus\/\" \/>\n<meta property=\"og:site_name\" content=\"Blog auto Carid\u00e9al\" \/>\n<meta property=\"article:publisher\" content=\"https:\/\/www.facebook.com\/Carideal.mandataire.automobile\" \/>\n<meta property=\"article:author\" content=\"https:\/\/www.facebook.com\/Carideal.mandataire.automobile\/\" \/>\n<meta property=\"article:published_time\" content=\"2011-03-31T22:19:00+00:00\" \/>\n<meta property=\"article:modified_time\" content=\"2020-03-07T15:51:36+00:00\" \/>\n<meta property=\"og:image\" content=\"https:\/\/www.carideal.com\/blog\/wp-content\/uploads\/2016\/03\/logo-carideal-mandataire-automobile.png\" \/>\n\t<meta property=\"og:image:width\" content=\"300\" \/>\n\t<meta property=\"og:image:height\" content=\"300\" \/>\n\t<meta property=\"og:image:type\" content=\"image\/png\" \/>\n<meta name=\"author\" content=\"N.S Carideal\" \/>\n<meta name=\"twitter:card\" content=\"summary_large_image\" \/>\n<meta name=\"twitter:creator\" content=\"@caridealauto\" \/>\n<meta name=\"twitter:site\" content=\"@caridealauto\" \/>\n<meta name=\"twitter:label1\" content=\"\u00c9crit par\" \/>\n\t<meta name=\"twitter:data1\" content=\"N.S Carideal\" \/>\n\t<meta name=\"twitter:label2\" content=\"Dur\u00e9e de lecture estim\u00e9e\" \/>\n\t<meta name=\"twitter:data2\" content=\"1 minute\" \/>\n<script type=\"application\/ld+json\" class=\"yoast-schema-graph\">{\"@context\":\"https:\/\/schema.org\",\"@graph\":[{\"@type\":\"Article\",\"@id\":\"https:\/\/www.carideal.com\/blog\/2011\/03\/31\/premiere-ford-electrique-la-focus\/#article\",\"isPartOf\":{\"@id\":\"https:\/\/www.carideal.com\/blog\/2011\/03\/31\/premiere-ford-electrique-la-focus\/\"},\"author\":{\"name\":\"N.S Carideal\",\"@id\":\"https:\/\/www.carideal.com\/blog\/#\/schema\/person\/985c7e757d1042d647f21bfaf8d41ebc\"},\"headline\":\"Premi\u00e8re Ford \u00e9lectrique : la Focus\",\"datePublished\":\"2011-03-31T22:19:00+00:00\",\"dateModified\":\"2020-03-07T15:51:36+00:00\",\"mainEntityOfPage\":{\"@id\":\"https:\/\/www.carideal.com\/blog\/2011\/03\/31\/premiere-ford-electrique-la-focus\/\"},\"wordCount\":132,\"commentCount\":0,\"publisher\":{\"@id\":\"https:\/\/www.carideal.com\/blog\/#organization\"},\"articleSection\":[\"Actualit\u00e9 Constructeur automobile\",\"Actualit\u00e9 Ford\",\"Ecologie\",\"March\u00e9 automobile\",\"Technologie Automobile\",\"Voiture \u00e9lectrique\"],\"inLanguage\":\"fr-FR\",\"potentialAction\":[{\"@type\":\"CommentAction\",\"name\":\"Comment\",\"target\":[\"https:\/\/www.carideal.com\/blog\/2011\/03\/31\/premiere-ford-electrique-la-focus\/#respond\"]}]},{\"@type\":\"WebPage\",\"@id\":\"https:\/\/www.carideal.com\/blog\/2011\/03\/31\/premiere-ford-electrique-la-focus\/\",\"url\":\"https:\/\/www.carideal.com\/blog\/2011\/03\/31\/premiere-ford-electrique-la-focus\/\",\"name\":\"Premi\u00e8re Ford \u00e9lectrique : la Focus - Blog auto Carid\u00e9al\",\"isPartOf\":{\"@id\":\"https:\/\/www.carideal.com\/blog\/#website\"},\"datePublished\":\"2011-03-31T22:19:00+00:00\",\"dateModified\":\"2020-03-07T15:51:36+00:00\",\"description\":\"La Ford Focus est la premi\u00e8re Ford \u00e9lectrique. elle est motoris\u00e9e par un \u00e9lectromoteur de 123 ch proposant le m\u00eame couple que la version Diesel.\",\"breadcrumb\":{\"@id\":\"https:\/\/www.carideal.com\/blog\/2011\/03\/31\/premiere-ford-electrique-la-focus\/#breadcrumb\"},\"inLanguage\":\"fr-FR\",\"potentialAction\":[{\"@type\":\"ReadAction\",\"target\":[\"https:\/\/www.carideal.com\/blog\/2011\/03\/31\/premiere-ford-electrique-la-focus\/\"]}]},{\"@type\":\"BreadcrumbList\",\"@id\":\"https:\/\/www.carideal.com\/blog\/2011\/03\/31\/premiere-ford-electrique-la-focus\/#breadcrumb\",\"itemListElement\":[{\"@type\":\"ListItem\",\"position\":1,\"name\":\"Blog Carid\u00e9al\",\"item\":\"https:\/\/www.carideal.com\/blog\/\"},{\"@type\":\"ListItem\",\"position\":2,\"name\":\"Actualit\u00e9 constructeur automobile\",\"item\":\"https:\/\/www.carideal.com\/blog\/constructeur\/\"},{\"@type\":\"ListItem\",\"position\":3,\"name\":\"Actualit\u00e9 Ford\",\"item\":\"https:\/\/www.carideal.com\/blog\/constructeur\/ford\/\"},{\"@type\":\"ListItem\",\"position\":4,\"name\":\"Premi\u00e8re Ford \u00e9lectrique : la Focus\"}]},{\"@type\":\"WebSite\",\"@id\":\"https:\/\/www.carideal.com\/blog\/#website\",\"url\":\"https:\/\/www.carideal.com\/blog\/\",\"name\":\"Blog auto Carid\u00e9al\",\"description\":\"Actualit\u00e9 auto par des passionn\u00e9s\",\"publisher\":{\"@id\":\"https:\/\/www.carideal.com\/blog\/#organization\"},\"potentialAction\":[{\"@type\":\"SearchAction\",\"target\":{\"@type\":\"EntryPoint\",\"urlTemplate\":\"https:\/\/www.carideal.com\/blog\/?s={search_term_string}\"},\"query-input\":{\"@type\":\"PropertyValueSpecification\",\"valueRequired\":true,\"valueName\":\"search_term_string\"}}],\"inLanguage\":\"fr-FR\"},{\"@type\":\"Organization\",\"@id\":\"https:\/\/www.carideal.com\/blog\/#organization\",\"name\":\"Carideal\",\"url\":\"https:\/\/www.carideal.com\/blog\/\",\"logo\":{\"@type\":\"ImageObject\",\"inLanguage\":\"fr-FR\",\"@id\":\"https:\/\/www.carideal.com\/blog\/#\/schema\/logo\/image\/\",\"url\":\"http:\/\/www.carideal.com\/blog\/wp-content\/uploads\/2016\/03\/logo-carideal-mandataire-automobile.png\",\"contentUrl\":\"http:\/\/www.carideal.com\/blog\/wp-content\/uploads\/2016\/03\/logo-carideal-mandataire-automobile.png\",\"width\":300,\"height\":300,\"caption\":\"Carideal\"},\"image\":{\"@id\":\"https:\/\/www.carideal.com\/blog\/#\/schema\/logo\/image\/\"},\"sameAs\":[\"https:\/\/www.facebook.com\/Carideal.mandataire.automobile\",\"https:\/\/x.com\/caridealauto\",\"https:\/\/www.instagram.com\/carideal1\/\",\"https:\/\/www.linkedin.com\/company\/carideal.com\",\"https:\/\/fr.pinterest.com\/schiavonsas\/\",\"https:\/\/www.youtube.com\/user\/caridealsas\"]},{\"@type\":\"Person\",\"@id\":\"https:\/\/www.carideal.com\/blog\/#\/schema\/person\/985c7e757d1042d647f21bfaf8d41ebc\",\"name\":\"N.S Carideal\",\"image\":{\"@type\":\"ImageObject\",\"inLanguage\":\"fr-FR\",\"@id\":\"https:\/\/www.carideal.com\/blog\/#\/schema\/person\/image\/\",\"url\":\"https:\/\/secure.gravatar.com\/avatar\/edb7ccdf1a4e3d14aef967760d354d0e?s=96&r=g\",\"contentUrl\":\"https:\/\/secure.gravatar.com\/avatar\/edb7ccdf1a4e3d14aef967760d354d0e?s=96&r=g\",\"caption\":\"N.S Carideal\"},\"description\":\"Depuis tout petit fan d'automobile. Il est question d'essayer et de comparer toutes ces voitures qui nous ont fait r\u00e9ver, avant que celles-ci ne devient uniquement des voitures de collection.\",\"sameAs\":[\"http:\/\/www.carideal.com\/blog\",\"https:\/\/www.facebook.com\/Carideal.mandataire.automobile\/\",\"https:\/\/www.linkedin.com\/in\/nschiavon\/\",\"https:\/\/www.youtube.com\/user\/caridealsas\/\"],\"url\":\"https:\/\/www.carideal.com\/blog\/author\/admin_carideal\/\"}]}<\/script>\n<!-- \/ Yoast SEO plugin. -->","yoast_head_json":{"title":"Premi\u00e8re Ford \u00e9lectrique : la Focus - Blog auto Carid\u00e9al","description":"La Ford Focus est la premi\u00e8re Ford \u00e9lectrique. elle est motoris\u00e9e par un \u00e9lectromoteur de 123 ch proposant le m\u00eame couple que la version Diesel.","robots":{"index":"index","follow":"follow","max-snippet":"max-snippet:-1","max-image-preview":"max-image-preview:large","max-video-preview":"max-video-preview:-1"},"canonical":"https:\/\/www.carideal.com\/blog\/2011\/03\/31\/premiere-ford-electrique-la-focus\/","og_locale":"fr_FR","og_type":"article","og_title":"Premi\u00e8re Ford \u00e9lectrique : la Focus - Blog auto Carid\u00e9al","og_description":"La Ford Focus est la premi\u00e8re Ford \u00e9lectrique. elle est motoris\u00e9e par un \u00e9lectromoteur de 123 ch proposant le m\u00eame couple que la version Diesel.","og_url":"https:\/\/www.carideal.com\/blog\/2011\/03\/31\/premiere-ford-electrique-la-focus\/","og_site_name":"Blog auto Carid\u00e9al","article_publisher":"https:\/\/www.facebook.com\/Carideal.mandataire.automobile","article_author":"https:\/\/www.facebook.com\/Carideal.mandataire.automobile\/","article_published_time":"2011-03-31T22:19:00+00:00","article_modified_time":"2020-03-07T15:51:36+00:00","og_image":[{"width":300,"height":300,"url":"https:\/\/www.carideal.com\/blog\/wp-content\/uploads\/2016\/03\/logo-carideal-mandataire-automobile.png","type":"image\/png"}],"author":"N.S Carideal","twitter_card":"summary_large_image","twitter_creator":"@caridealauto","twitter_site":"@caridealauto","twitter_misc":{"\u00c9crit par":"N.S Carideal","Dur\u00e9e de lecture estim\u00e9e":"1 minute"},"schema":{"@context":"https:\/\/schema.org","@graph":[{"@type":"Article","@id":"https:\/\/www.carideal.com\/blog\/2011\/03\/31\/premiere-ford-electrique-la-focus\/#article","isPartOf":{"@id":"https:\/\/www.carideal.com\/blog\/2011\/03\/31\/premiere-ford-electrique-la-focus\/"},"author":{"name":"N.S Carideal","@id":"https:\/\/www.carideal.com\/blog\/#\/schema\/person\/985c7e757d1042d647f21bfaf8d41ebc"},"headline":"Premi\u00e8re Ford \u00e9lectrique : la Focus","datePublished":"2011-03-31T22:19:00+00:00","dateModified":"2020-03-07T15:51:36+00:00","mainEntityOfPage":{"@id":"https:\/\/www.carideal.com\/blog\/2011\/03\/31\/premiere-ford-electrique-la-focus\/"},"wordCount":132,"commentCount":0,"publisher":{"@id":"https:\/\/www.carideal.com\/blog\/#organization"},"articleSection":["Actualit\u00e9 Constructeur automobile","Actualit\u00e9 Ford","Ecologie","March\u00e9 automobile","Technologie Automobile","Voiture \u00e9lectrique"],"inLanguage":"fr-FR","potentialAction":[{"@type":"CommentAction","name":"Comment","target":["https:\/\/www.carideal.com\/blog\/2011\/03\/31\/premiere-ford-electrique-la-focus\/#respond"]}]},{"@type":"WebPage","@id":"https:\/\/www.carideal.com\/blog\/2011\/03\/31\/premiere-ford-electrique-la-focus\/","url":"https:\/\/www.carideal.com\/blog\/2011\/03\/31\/premiere-ford-electrique-la-focus\/","name":"Premi\u00e8re Ford \u00e9lectrique : la Focus - Blog auto Carid\u00e9al","isPartOf":{"@id":"https:\/\/www.carideal.com\/blog\/#website"},"datePublished":"2011-03-31T22:19:00+00:00","dateModified":"2020-03-07T15:51:36+00:00","description":"La Ford Focus est la premi\u00e8re Ford \u00e9lectrique. elle est motoris\u00e9e par un \u00e9lectromoteur de 123 ch proposant le m\u00eame couple que la version Diesel.","breadcrumb":{"@id":"https:\/\/www.carideal.com\/blog\/2011\/03\/31\/premiere-ford-electrique-la-focus\/#breadcrumb"},"inLanguage":"fr-FR","potentialAction":[{"@type":"ReadAction","target":["https:\/\/www.carideal.com\/blog\/2011\/03\/31\/premiere-ford-electrique-la-focus\/"]}]},{"@type":"BreadcrumbList","@id":"https:\/\/www.carideal.com\/blog\/2011\/03\/31\/premiere-ford-electrique-la-focus\/#breadcrumb","itemListElement":[{"@type":"ListItem","position":1,"name":"Blog Carid\u00e9al","item":"https:\/\/www.carideal.com\/blog\/"},{"@type":"ListItem","position":2,"name":"Actualit\u00e9 constructeur automobile","item":"https:\/\/www.carideal.com\/blog\/constructeur\/"},{"@type":"ListItem","position":3,"name":"Actualit\u00e9 Ford","item":"https:\/\/www.carideal.com\/blog\/constructeur\/ford\/"},{"@type":"ListItem","position":4,"name":"Premi\u00e8re Ford \u00e9lectrique : la Focus"}]},{"@type":"WebSite","@id":"https:\/\/www.carideal.com\/blog\/#website","url":"https:\/\/www.carideal.com\/blog\/","name":"Blog auto Carid\u00e9al","description":"Actualit\u00e9 auto par des passionn\u00e9s","publisher":{"@id":"https:\/\/www.carideal.com\/blog\/#organization"},"potentialAction":[{"@type":"SearchAction","target":{"@type":"EntryPoint","urlTemplate":"https:\/\/www.carideal.com\/blog\/?s={search_term_string}"},"query-input":{"@type":"PropertyValueSpecification","valueRequired":true,"valueName":"search_term_string"}}],"inLanguage":"fr-FR"},{"@type":"Organization","@id":"https:\/\/www.carideal.com\/blog\/#organization","name":"Carideal","url":"https:\/\/www.carideal.com\/blog\/","logo":{"@type":"ImageObject","inLanguage":"fr-FR","@id":"https:\/\/www.carideal.com\/blog\/#\/schema\/logo\/image\/","url":"http:\/\/www.carideal.com\/blog\/wp-content\/uploads\/2016\/03\/logo-carideal-mandataire-automobile.png","contentUrl":"http:\/\/www.carideal.com\/blog\/wp-content\/uploads\/2016\/03\/logo-carideal-mandataire-automobile.png","width":300,"height":300,"caption":"Carideal"},"image":{"@id":"https:\/\/www.carideal.com\/blog\/#\/schema\/logo\/image\/"},"sameAs":["https:\/\/www.facebook.com\/Carideal.mandataire.automobile","https:\/\/x.com\/caridealauto","https:\/\/www.instagram.com\/carideal1\/","https:\/\/www.linkedin.com\/company\/carideal.com","https:\/\/fr.pinterest.com\/schiavonsas\/","https:\/\/www.youtube.com\/user\/caridealsas"]},{"@type":"Person","@id":"https:\/\/www.carideal.com\/blog\/#\/schema\/person\/985c7e757d1042d647f21bfaf8d41ebc","name":"N.S Carideal","image":{"@type":"ImageObject","inLanguage":"fr-FR","@id":"https:\/\/www.carideal.com\/blog\/#\/schema\/person\/image\/","url":"https:\/\/secure.gravatar.com\/avatar\/edb7ccdf1a4e3d14aef967760d354d0e?s=96&r=g","contentUrl":"https:\/\/secure.gravatar.com\/avatar\/edb7ccdf1a4e3d14aef967760d354d0e?s=96&r=g","caption":"N.S Carideal"},"description":"Depuis tout petit fan d'automobile. Il est question d'essayer et de comparer toutes ces voitures qui nous ont fait r\u00e9ver, avant que celles-ci ne devient uniquement des voitures de collection.","sameAs":["http:\/\/www.carideal.com\/blog","https:\/\/www.facebook.com\/Carideal.mandataire.automobile\/","https:\/\/www.linkedin.com\/in\/nschiavon\/","https:\/\/www.youtube.com\/user\/caridealsas\/"],"url":"https:\/\/www.carideal.com\/blog\/author\/admin_carideal\/"}]}},"uagb_featured_image_src":{"full":false,"thumbnail":false,"medium":false,"medium_large":false,"large":false,"1536x1536":false,"2048x2048":false,"wppr-widget":false},"uagb_author_info":{"display_name":"N.S Carideal","author_link":"https:\/\/www.carideal.com\/blog\/author\/admin_carideal\/"},"uagb_comment_info":0,"uagb_excerpt":"Premi\u00e8re Ford \u00e9lectrique : C'est la Focus C'est la premi\u00e8re Ford \u00e9lectrique. Elle est reconnaissable \u00e0 sa calandre sp\u00e9cifique des restes d'Aston Martin ex propri\u00e9t\u00e9 de Ford. La voiture resterait identique au model \u00e0 moteur thermique de la gamme sans la trappe \u00e0 carburant. Elle sera \u00e9quip\u00e9 par un \u00e9lectromoteur de 123 ch avec un\u2026","_links":{"self":[{"href":"https:\/\/www.carideal.com\/blog\/wp-json\/wp\/v2\/posts\/935"}],"collection":[{"href":"https:\/\/www.carideal.com\/blog\/wp-json\/wp\/v2\/posts"}],"about":[{"href":"https:\/\/www.carideal.com\/blog\/wp-json\/wp\/v2\/types\/post"}],"author":[{"embeddable":true,"href":"https:\/\/www.carideal.com\/blog\/wp-json\/wp\/v2\/users\/1"}],"replies":[{"embeddable":true,"href":"https:\/\/www.carideal.com\/blog\/wp-json\/wp\/v2\/comments?post=935"}],"version-history":[{"count":0,"href":"https:\/\/www.carideal.com\/blog\/wp-json\/wp\/v2\/posts\/935\/revisions"}],"wp:attachment":[{"href":"https:\/\/www.carideal.com\/blog\/wp-json\/wp\/v2\/media?parent=935"}],"wp:term":[{"taxonomy":"category","embeddable":true,"href":"https:\/\/www.carideal.com\/blog\/wp-json\/wp\/v2\/categories?post=935"},{"taxonomy":"post_tag","embeddable":true,"href":"https:\/\/www.carideal.com\/blog\/wp-json\/wp\/v2\/tags?post=935"}],"curies":[{"name":"wp","href":"https:\/\/api.w.org\/{rel}","templated":true}]}}