{"id":9314,"date":"2016-02-01T09:22:12","date_gmt":"2016-02-01T08:22:12","guid":{"rendered":"http:\/\/www.carideal.com\/blog\/?p=9314"},"modified":"2020-03-07T16:40:22","modified_gmt":"2020-03-07T15:40:22","slug":"voiture-electrique-citroen-peugeot-au-quebec","status":"publish","type":"post","link":"https:\/\/www.carideal.com\/blog\/2016\/02\/01\/voiture-electrique-citroen-peugeot-au-quebec\/","title":{"rendered":"Voiture \u00e9lectrique Citroen Peugeot au Quebec"},"content":{"rendered":"<h1>Voiture \u00e9lectrique Citroen Peugeot PSA investit au Qu\u00e9bec<\/h1>\n<figure id=\"attachment_9315\" aria-describedby=\"caption-attachment-9315\" style=\"width: 242px\" class=\"wp-caption alignleft\"><a href=\"http:\/\/www.carideal.com\/blog\/wp-content\/uploads\/2016\/02\/voiture-electrique-peugeot-citroen-quebec.jpg\"><img loading=\"lazy\" decoding=\"async\" class=\"wp-image-9315 size-medium\" title=\"Voiture \u00e9lectrique Citroen Peugeot PSA au Quebec\" src=\"http:\/\/www.carideal.com\/blog\/wp-content\/uploads\/2016\/02\/voiture-electrique-peugeot-citroen-quebec-252x300.jpg\" alt=\"Voiture \u00e9lectrique Citroen Peugeot PSA au Quebec\" width=\"252\" height=\"300\" srcset=\"https:\/\/www.carideal.com\/blog\/wp-content\/uploads\/2016\/02\/voiture-electrique-peugeot-citroen-quebec-252x300.jpg 252w, https:\/\/www.carideal.com\/blog\/wp-content\/uploads\/2016\/02\/voiture-electrique-peugeot-citroen-quebec.jpg 504w\" sizes=\"(max-width: 252px) 100vw, 252px\" \/><\/a><figcaption id=\"caption-attachment-9315\" class=\"wp-caption-text\">Voiture \u00e9lectrique Citroen Peugeot PSA au Quebec<\/figcaption><\/figure>\n<p>Lors du Forum \u00e9conomique mondial 2016 de Davos, premier ministre du Qu\u00e9bec, Philippe Couillard, a annonc\u00e9 que CAD 16 millions en financement du gouvernement serait mis \u00e0 disposition pour soutenir une initiative de recherche et de d\u00e9veloppement innovants, en partenariat avec PSA Peugeot <span style=\"text-decoration: underline;\">Citroen<\/span>, Exagon Motors, Investissement Qu\u00e9bec et Hydro-Qu\u00e9bec filiale IndusTech, de partager une expertise dans le domaine de la haute performance des composants de <span style=\"text-decoration: underline;\"><a href=\"http:\/\/www.carideal.com\/blog\/2014\/05\/30\/vehicules-electriques\/\">v\u00e9hicules \u00e9lectriques<\/a><\/span>. Il \u00e9tait accompagn\u00e9 de M. Jacques Daoust, ministre de l'Economie, de l'Innovation et de l'Exportation du Qu\u00e9bec, et l'honorable Navdeep Bains, ministre de l'Innovation du Canada, de la science et de d\u00e9veloppement \u00e9conomiques.<br \/>\nQU\u00c9BEC et PSA <span style=\"text-decoration: underline;\">Peugeot<\/span> Citroen<br \/>\nLa contribution du gouvernement Canadien sera compos\u00e9 d'une participation\u00a0de 10 millions de Dollars Canadien et d'un pr\u00eat de 6 millions de dollars Canadien. Hydro-Qu\u00e9bec participera aussi \u00e0 la hauteur de\u00a04 millions de dollars\u00a0pour le projet, en plus des services offerts par sa filiale TM4 pour aider \u00e0 la mise au point d'un moteur \u00e9lectrique.<\/p>\n<p>\"Mon gouvernement a l'intention de faire du Qu\u00e9bec un porte-\u00e9tendard de la campagne d'\u00e9lectrification\u00a0des transports\u00bb, a d\u00e9clar\u00e9 le premier ministre du Qu\u00e9bec, M. Philippe Couillard. \u00abNotre engagement envers le projet annonc\u00e9 aujourd'hui et de notre Plan d'action 2015-2020 \u00c9lectrification des transports sont un autre jalon dans la volont\u00e9 de d\u00e9velopper le secteur de la voiture \u00e9lectrique, et ils vous aideront \u00e0 r\u00e9pandre une culture de l'innovation \u00e0 travers le Qu\u00e9bec.\"<\/p>\n<h2>Une \u00e9tude de faisabilit\u00e9 sur la voiture \u00e9lectrique Citroen Peugeot au Qu\u00e9bec<\/h2>\n<p>La coentreprise r\u00e9sultant r\u00e9unira <span style=\"text-decoration: underline;\"><a href=\"http:\/\/www.carideal.com\/blog\/2015\/09\/17\/psa-va-developper-ses-futures-voitures-electriques-en-2020-avec-dongfeng\/\">PSA<\/a><\/span> Peugeot Citroen, PME fran\u00e7aise Exagon Motors, Investissement Qu\u00e9bec et filiale d'Hydro-Qu\u00e9bec IndusTech. Sa premi\u00e8re mission sera de mener une \u00e9tude de faisabilit\u00e9 pour environ 30,8 millions de dollars. Dans une premi\u00e8re phase, l'\u00e9tude pourrait conduire \u00e0 la mise au point de composants pour les v\u00e9hicules \u00e9lectriques \u00e0 haute performance.<\/p>\n<p>\"Le gouvernement du Canada est d\u00e9termin\u00e9 \u00e0 promouvoir l'innovation au sein de l'\u00e9conomie canadienne et enti\u00e8rement affirmer son r\u00f4le de d\u00e9fenseur des nouveaux investissements, les exportations et la croissance\", a d\u00e9clar\u00e9 l'honnorable Navdeep Bains. \"Le soutien financier apport\u00e9 \u00e0 la coentreprise form\u00e9e par PSA Peugeot Citroen, Exagon Motors, Investissement Qu\u00e9bec et Hydro-Qu\u00e9bec est un puissant exemple de notre d\u00e9termination \u00e0 soutenir les entreprises qui se concentrent sur l'innovation et la collaboration.\"<\/p>\n<h2>D\u00e9velopper la vente de voiture \u00e9lectrique Citroen Peugeot<\/h2>\n<p>PSA Peugeot Citroen apportera son expertise dans l'int\u00e9gration des composants de <span style=\"text-decoration: underline;\"><a href=\"http:\/\/www.carideal.com\/blog\/2010\/12\/16\/citroen-survolt-voiture-de-sport-electrique\/\">voiture\u00a0\u00e9lectrique Citroen Peugeot<\/a><\/span>, dont il deviendrait le principal client pour la distribution mondiale. \"L'entente avec Investissement Qu\u00e9bec, Exagon Motors et Hydro-Qu\u00e9bec d\u00e9montre que nous avons la souplesse n\u00e9cessaire pour saisir toutes les opportunit\u00e9s disponibles pour stimuler notre avance technologique\u00bb, a d\u00e9clar\u00e9 Carlos Tavares, Pr\u00e9sident du Directoire de PSA pour la voiture \u00e9lectrique Citroen Peugeot. \"Le partenariat souligne \u00e9galement notre int\u00e9r\u00eat dans le d\u00e9veloppement de pi\u00e8ces pour hybride haute performance et les v\u00e9hicules \u00e9lectriques.\"<\/p>\n<p>Exagon Motors, un pionnier dans de haute performance des groupes motopropulseurs \u00e9lectriques, con\u00e7oit, fabrique et v\u00e9hicules \u00e9lectriques peaufine pour les courses automobiles, et d\u00e9veloppe des plates-formes technologiques innovantes pour diff\u00e9rents fabricants de mat\u00e9riel. \u00abJe suis vraiment impatient de ce partenariat unique, qui nous permettra d'offrir une technologie qui r\u00e9pond \u00e0 la fois la performance et des crit\u00e8res environnementaux, sans prendre le plaisir et l'excitation de la conduite\", a d\u00e9clar\u00e9 Luc Marchetti, Pr\u00e9sident de Exagon Motors. \"Cette incroyable aventure, qui a d\u00e9marr\u00e9 ici \u00e0 Exagon, prend forme gr\u00e2ce \u00e0 l'engagement sans faille des partenaires, en particulier PSA Peugeot Citroen et Investissement Qu\u00e9bec, qui a \u00e9t\u00e9 un v\u00e9ritable catalyseur pour le projet.\"<\/p>\n<p>\"Lorsque nous avons rencontr\u00e9 Exagon Motors et PSA Peugeot Citroen, nous avons vu instantan\u00e9ment la connexion naturelle entre leur projet et les opportunit\u00e9s disponibles au Qu\u00e9bec pour y arriver\u00bb, a d\u00e9clar\u00e9 Pierre Gabriel C\u00f4t\u00e9, pr\u00e9sident et chef de la direction d'Investissement Qu\u00e9bec. \u00abNous avons \u00e9t\u00e9 en mesure de tirer parti d'un certain nombre d'atouts pour obtenir ce projet remarquable en place et fonctionne, y compris notre propre source d'\u00e9nergie propre et renouvelable, notre base de fabrication existant pour l'industrie du transport et, en particulier, notre expertise de pointe de l'industrie a\u00e9rospatiale.<\/p>\n<p>\u00abHydro-Qu\u00e9bec est heureuse de soutenir un projet du monde r\u00e9el dans le domaine du transport \u00e9lectrique, qui est une priorit\u00e9 pour notre entreprise\u00bb, a d\u00e9clar\u00e9 Eric Martel, pr\u00e9sident et chef de la direction d'Hydro-Qu\u00e9bec. \u00abNous jouons un r\u00f4le tr\u00e8s actif dans le secteur avec, par exemple, le circuit \u00e9lectrique, notre r\u00e9seau de recharge publique pour les v\u00e9hicules \u00e9lectriques, et nos technologies de pointe d\u00e9velopp\u00e9es \u00e0 l'Institut de recherche d'Hydro-Qu\u00e9bec. Le fait qu'un grand constructeur comme PSA Peugeot Citroen prend un int\u00e9r\u00eat dans les produits TM4 est un gage de leur qualit\u00e9 et de la r\u00e9putation enviable au niveau international \".<\/p>\n","protected":false},"excerpt":{"rendered":"<p>Voiture \u00e9lectrique Citroen Peugeot PSA investit au Qu\u00e9bec Lors du Forum \u00e9conomique mondial 2016 de Davos, premier ministre du Qu\u00e9bec, Philippe Couillard, a annonc\u00e9 que CAD 16 millions en financement du gouvernement serait mis \u00e0 disposition pour soutenir une initiative de recherche et de d\u00e9veloppement innovants, en partenariat avec PSA Peugeot Citroen, Exagon Motors, Investissement &#8230; <a title=\"Voiture \u00e9lectrique Citroen Peugeot au Quebec\" class=\"read-more\" href=\"https:\/\/www.carideal.com\/blog\/2016\/02\/01\/voiture-electrique-citroen-peugeot-au-quebec\/\" aria-label=\"En savoir plus sur Voiture \u00e9lectrique Citroen Peugeot au Quebec\">Lire plus<\/a><\/p>\n","protected":false},"author":3,"featured_media":0,"comment_status":"open","ping_status":"open","sticky":false,"template":"","format":"standard","meta":{"_uag_custom_page_level_css":"","_themeisle_gutenberg_block_has_review":false,"footnotes":""},"categories":[5,5944,3,5946,9,6,6041,5080,5970],"tags":[35],"class_list":["post-9314","post","type-post","status-publish","format-standard","hentry","category-citroen","category-constructeur","category-actualites-financieres","category-peugeot","category-divers","category-ecologie","category-nouvelles-technologies","category-technologie-2","category-electrique-technologie-2","tag-psa"],"wppr_data":[],"yoast_head":"<!-- This site is optimized with the Yoast SEO plugin v24.8.1 - https:\/\/yoast.com\/wordpress\/plugins\/seo\/ -->\n<title>Voiture \u00e9lectrique Citroen Peugeot au Quebec - Blog auto Carid\u00e9al<\/title>\n<meta name=\"description\" content=\"Voiture \u00e9lectrique Citroen Peugeot PSA investit au Qu\u00e9bec pour la recherche et le d\u00e9velloppement sur les composants haute performance de voiture \u00e9lectrique\" \/>\n<meta name=\"robots\" content=\"index, follow, max-snippet:-1, max-image-preview:large, max-video-preview:-1\" \/>\n<link rel=\"canonical\" href=\"https:\/\/www.carideal.com\/blog\/2016\/02\/01\/voiture-electrique-citroen-peugeot-au-quebec\/\" \/>\n<meta property=\"og:locale\" content=\"fr_FR\" \/>\n<meta property=\"og:type\" content=\"article\" \/>\n<meta property=\"og:title\" content=\"Voiture \u00e9lectrique Citroen Peugeot au Quebec - Blog auto Carid\u00e9al\" \/>\n<meta property=\"og:description\" content=\"Voiture \u00e9lectrique Citroen Peugeot PSA investit au Qu\u00e9bec pour la recherche et le d\u00e9velloppement sur les composants haute performance de voiture \u00e9lectrique\" \/>\n<meta property=\"og:url\" content=\"https:\/\/www.carideal.com\/blog\/2016\/02\/01\/voiture-electrique-citroen-peugeot-au-quebec\/\" \/>\n<meta property=\"og:site_name\" content=\"Blog auto Carid\u00e9al\" \/>\n<meta property=\"article:publisher\" content=\"https:\/\/www.facebook.com\/Carideal.mandataire.automobile\" \/>\n<meta property=\"article:author\" content=\"https:\/\/www.facebook.com\/nicolas.schiavon.39\" \/>\n<meta property=\"article:published_time\" content=\"2016-02-01T08:22:12+00:00\" \/>\n<meta property=\"article:modified_time\" content=\"2020-03-07T15:40:22+00:00\" \/>\n<meta property=\"og:image\" content=\"http:\/\/www.carideal.com\/blog\/wp-content\/uploads\/2016\/02\/voiture-electrique-peugeot-citroen-quebec-252x300.jpg\" \/>\n<meta name=\"author\" content=\"Nicolas SCHIAVON\" \/>\n<meta name=\"twitter:card\" content=\"summary_large_image\" \/>\n<meta name=\"twitter:creator\" content=\"@caridealauto\" \/>\n<meta name=\"twitter:site\" content=\"@caridealauto\" \/>\n<meta name=\"twitter:label1\" content=\"\u00c9crit par\" \/>\n\t<meta name=\"twitter:data1\" content=\"Nicolas SCHIAVON\" \/>\n\t<meta name=\"twitter:label2\" content=\"Dur\u00e9e de lecture estim\u00e9e\" \/>\n\t<meta name=\"twitter:data2\" content=\"4 minutes\" \/>\n<script type=\"application\/ld+json\" class=\"yoast-schema-graph\">{\"@context\":\"https:\/\/schema.org\",\"@graph\":[{\"@type\":\"Article\",\"@id\":\"https:\/\/www.carideal.com\/blog\/2016\/02\/01\/voiture-electrique-citroen-peugeot-au-quebec\/#article\",\"isPartOf\":{\"@id\":\"https:\/\/www.carideal.com\/blog\/2016\/02\/01\/voiture-electrique-citroen-peugeot-au-quebec\/\"},\"author\":{\"name\":\"Nicolas SCHIAVON\",\"@id\":\"https:\/\/www.carideal.com\/blog\/#\/schema\/person\/cd95dc7919660de90d31b366f85be1ec\"},\"headline\":\"Voiture \u00e9lectrique Citroen Peugeot au Quebec\",\"datePublished\":\"2016-02-01T08:22:12+00:00\",\"dateModified\":\"2020-03-07T15:40:22+00:00\",\"mainEntityOfPage\":{\"@id\":\"https:\/\/www.carideal.com\/blog\/2016\/02\/01\/voiture-electrique-citroen-peugeot-au-quebec\/\"},\"wordCount\":862,\"commentCount\":0,\"publisher\":{\"@id\":\"https:\/\/www.carideal.com\/blog\/#organization\"},\"image\":{\"@id\":\"https:\/\/www.carideal.com\/blog\/2016\/02\/01\/voiture-electrique-citroen-peugeot-au-quebec\/#primaryimage\"},\"thumbnailUrl\":\"http:\/\/www.carideal.com\/blog\/wp-content\/uploads\/2016\/02\/voiture-electrique-peugeot-citroen-quebec-252x300.jpg\",\"keywords\":[\"PSA\"],\"articleSection\":[\"Actualit\u00e9 Citroen\",\"Actualit\u00e9 Constructeur automobile\",\"Actualit\u00e9 Financi\u00e8re\",\"Actualit\u00e9 Peugeot\",\"Divers\",\"Ecologie\",\"Nouvelles Technologies automobile\",\"Technologie Automobile\",\"Voiture \u00e9lectrique\"],\"inLanguage\":\"fr-FR\",\"potentialAction\":[{\"@type\":\"CommentAction\",\"name\":\"Comment\",\"target\":[\"https:\/\/www.carideal.com\/blog\/2016\/02\/01\/voiture-electrique-citroen-peugeot-au-quebec\/#respond\"]}]},{\"@type\":\"WebPage\",\"@id\":\"https:\/\/www.carideal.com\/blog\/2016\/02\/01\/voiture-electrique-citroen-peugeot-au-quebec\/\",\"url\":\"https:\/\/www.carideal.com\/blog\/2016\/02\/01\/voiture-electrique-citroen-peugeot-au-quebec\/\",\"name\":\"Voiture \u00e9lectrique Citroen Peugeot au Quebec - Blog auto Carid\u00e9al\",\"isPartOf\":{\"@id\":\"https:\/\/www.carideal.com\/blog\/#website\"},\"primaryImageOfPage\":{\"@id\":\"https:\/\/www.carideal.com\/blog\/2016\/02\/01\/voiture-electrique-citroen-peugeot-au-quebec\/#primaryimage\"},\"image\":{\"@id\":\"https:\/\/www.carideal.com\/blog\/2016\/02\/01\/voiture-electrique-citroen-peugeot-au-quebec\/#primaryimage\"},\"thumbnailUrl\":\"http:\/\/www.carideal.com\/blog\/wp-content\/uploads\/2016\/02\/voiture-electrique-peugeot-citroen-quebec-252x300.jpg\",\"datePublished\":\"2016-02-01T08:22:12+00:00\",\"dateModified\":\"2020-03-07T15:40:22+00:00\",\"description\":\"Voiture \u00e9lectrique Citroen Peugeot PSA investit au Qu\u00e9bec pour la recherche et le d\u00e9velloppement sur les composants haute performance de voiture \u00e9lectrique\",\"breadcrumb\":{\"@id\":\"https:\/\/www.carideal.com\/blog\/2016\/02\/01\/voiture-electrique-citroen-peugeot-au-quebec\/#breadcrumb\"},\"inLanguage\":\"fr-FR\",\"potentialAction\":[{\"@type\":\"ReadAction\",\"target\":[\"https:\/\/www.carideal.com\/blog\/2016\/02\/01\/voiture-electrique-citroen-peugeot-au-quebec\/\"]}]},{\"@type\":\"ImageObject\",\"inLanguage\":\"fr-FR\",\"@id\":\"https:\/\/www.carideal.com\/blog\/2016\/02\/01\/voiture-electrique-citroen-peugeot-au-quebec\/#primaryimage\",\"url\":\"http:\/\/www.carideal.com\/blog\/wp-content\/uploads\/2016\/02\/voiture-electrique-peugeot-citroen-quebec-252x300.jpg\",\"contentUrl\":\"http:\/\/www.carideal.com\/blog\/wp-content\/uploads\/2016\/02\/voiture-electrique-peugeot-citroen-quebec-252x300.jpg\"},{\"@type\":\"BreadcrumbList\",\"@id\":\"https:\/\/www.carideal.com\/blog\/2016\/02\/01\/voiture-electrique-citroen-peugeot-au-quebec\/#breadcrumb\",\"itemListElement\":[{\"@type\":\"ListItem\",\"position\":1,\"name\":\"Blog Carid\u00e9al\",\"item\":\"https:\/\/www.carideal.com\/blog\/\"},{\"@type\":\"ListItem\",\"position\":2,\"name\":\"Actualit\u00e9 constructeur automobile\",\"item\":\"https:\/\/www.carideal.com\/blog\/constructeur\/\"},{\"@type\":\"ListItem\",\"position\":3,\"name\":\"Actualit\u00e9 Citroen\",\"item\":\"https:\/\/www.carideal.com\/blog\/constructeur\/citroen\/\"},{\"@type\":\"ListItem\",\"position\":4,\"name\":\"Voiture \u00e9lectrique Citroen Peugeot au Quebec\"}]},{\"@type\":\"WebSite\",\"@id\":\"https:\/\/www.carideal.com\/blog\/#website\",\"url\":\"https:\/\/www.carideal.com\/blog\/\",\"name\":\"Blog auto Carid\u00e9al\",\"description\":\"Actualit\u00e9 auto par des passionn\u00e9s\",\"publisher\":{\"@id\":\"https:\/\/www.carideal.com\/blog\/#organization\"},\"potentialAction\":[{\"@type\":\"SearchAction\",\"target\":{\"@type\":\"EntryPoint\",\"urlTemplate\":\"https:\/\/www.carideal.com\/blog\/?s={search_term_string}\"},\"query-input\":{\"@type\":\"PropertyValueSpecification\",\"valueRequired\":true,\"valueName\":\"search_term_string\"}}],\"inLanguage\":\"fr-FR\"},{\"@type\":\"Organization\",\"@id\":\"https:\/\/www.carideal.com\/blog\/#organization\",\"name\":\"Carideal\",\"url\":\"https:\/\/www.carideal.com\/blog\/\",\"logo\":{\"@type\":\"ImageObject\",\"inLanguage\":\"fr-FR\",\"@id\":\"https:\/\/www.carideal.com\/blog\/#\/schema\/logo\/image\/\",\"url\":\"http:\/\/www.carideal.com\/blog\/wp-content\/uploads\/2016\/03\/logo-carideal-mandataire-automobile.png\",\"contentUrl\":\"http:\/\/www.carideal.com\/blog\/wp-content\/uploads\/2016\/03\/logo-carideal-mandataire-automobile.png\",\"width\":300,\"height\":300,\"caption\":\"Carideal\"},\"image\":{\"@id\":\"https:\/\/www.carideal.com\/blog\/#\/schema\/logo\/image\/\"},\"sameAs\":[\"https:\/\/www.facebook.com\/Carideal.mandataire.automobile\",\"https:\/\/x.com\/caridealauto\",\"https:\/\/www.instagram.com\/carideal1\/\",\"https:\/\/www.linkedin.com\/company\/carideal.com\",\"https:\/\/fr.pinterest.com\/schiavonsas\/\",\"https:\/\/www.youtube.com\/user\/caridealsas\"]},{\"@type\":\"Person\",\"@id\":\"https:\/\/www.carideal.com\/blog\/#\/schema\/person\/cd95dc7919660de90d31b366f85be1ec\",\"name\":\"Nicolas SCHIAVON\",\"image\":{\"@type\":\"ImageObject\",\"inLanguage\":\"fr-FR\",\"@id\":\"https:\/\/www.carideal.com\/blog\/#\/schema\/person\/image\/\",\"url\":\"https:\/\/secure.gravatar.com\/avatar\/c17e55009e671d92cc7f5dc837dc418a?s=96&r=g\",\"contentUrl\":\"https:\/\/secure.gravatar.com\/avatar\/c17e55009e671d92cc7f5dc837dc418a?s=96&r=g\",\"caption\":\"Nicolas SCHIAVON\"},\"description\":\"Nicolas Schiavon est tomb\u00e9 tout petit dans la marmite automobile. Ayant eu un garage de marque automobile, mandataire automobile de la premi\u00e8re heure d\u00e8s 1999. Nicolas a cr\u00e9\u00e9 ces premiers sites de vente de voiture et blog automobile d\u00e8s 1994. Carideal est n\u00e9 le 15 d\u00e9cembre 2000 de la volont\u00e9 de vendre des voitures d'occasions en ligne puis des voitures neuves. Il a pu essayer beaucoup de voitures tr\u00e8s diff\u00e9rentes et ayant eu personnellement quelques belles autos, Subaru Impreza, Mitsubishi Lancer Evo 7, Porsche 911, Ferrari Testarrossa, Audi RS3, RS4 et j'en passe...\",\"sameAs\":[\"http:\/\/www.carideal.com\",\"https:\/\/www.facebook.com\/nicolas.schiavon.39\",\"https:\/\/www.instagram.com\/carideal1\/\",\"https:\/\/www.linkedin.com\/in\/nschiavon\/\",\"https:\/\/x.com\/caridealauto\",\"https:\/\/www.youtube.com\/user\/caridealsas\/\"],\"url\":\"https:\/\/www.carideal.com\/blog\/author\/nschiavon\/\"}]}<\/script>\n<!-- \/ Yoast SEO plugin. -->","yoast_head_json":{"title":"Voiture \u00e9lectrique Citroen Peugeot au Quebec - Blog auto Carid\u00e9al","description":"Voiture \u00e9lectrique Citroen Peugeot PSA investit au Qu\u00e9bec pour la recherche et le d\u00e9velloppement sur les composants haute performance de voiture \u00e9lectrique","robots":{"index":"index","follow":"follow","max-snippet":"max-snippet:-1","max-image-preview":"max-image-preview:large","max-video-preview":"max-video-preview:-1"},"canonical":"https:\/\/www.carideal.com\/blog\/2016\/02\/01\/voiture-electrique-citroen-peugeot-au-quebec\/","og_locale":"fr_FR","og_type":"article","og_title":"Voiture \u00e9lectrique Citroen Peugeot au Quebec - Blog auto Carid\u00e9al","og_description":"Voiture \u00e9lectrique Citroen Peugeot PSA investit au Qu\u00e9bec pour la recherche et le d\u00e9velloppement sur les composants haute performance de voiture \u00e9lectrique","og_url":"https:\/\/www.carideal.com\/blog\/2016\/02\/01\/voiture-electrique-citroen-peugeot-au-quebec\/","og_site_name":"Blog auto Carid\u00e9al","article_publisher":"https:\/\/www.facebook.com\/Carideal.mandataire.automobile","article_author":"https:\/\/www.facebook.com\/nicolas.schiavon.39","article_published_time":"2016-02-01T08:22:12+00:00","article_modified_time":"2020-03-07T15:40:22+00:00","og_image":[{"url":"http:\/\/www.carideal.com\/blog\/wp-content\/uploads\/2016\/02\/voiture-electrique-peugeot-citroen-quebec-252x300.jpg","type":"","width":"","height":""}],"author":"Nicolas SCHIAVON","twitter_card":"summary_large_image","twitter_creator":"@caridealauto","twitter_site":"@caridealauto","twitter_misc":{"\u00c9crit par":"Nicolas SCHIAVON","Dur\u00e9e de lecture estim\u00e9e":"4 minutes"},"schema":{"@context":"https:\/\/schema.org","@graph":[{"@type":"Article","@id":"https:\/\/www.carideal.com\/blog\/2016\/02\/01\/voiture-electrique-citroen-peugeot-au-quebec\/#article","isPartOf":{"@id":"https:\/\/www.carideal.com\/blog\/2016\/02\/01\/voiture-electrique-citroen-peugeot-au-quebec\/"},"author":{"name":"Nicolas SCHIAVON","@id":"https:\/\/www.carideal.com\/blog\/#\/schema\/person\/cd95dc7919660de90d31b366f85be1ec"},"headline":"Voiture \u00e9lectrique Citroen Peugeot au Quebec","datePublished":"2016-02-01T08:22:12+00:00","dateModified":"2020-03-07T15:40:22+00:00","mainEntityOfPage":{"@id":"https:\/\/www.carideal.com\/blog\/2016\/02\/01\/voiture-electrique-citroen-peugeot-au-quebec\/"},"wordCount":862,"commentCount":0,"publisher":{"@id":"https:\/\/www.carideal.com\/blog\/#organization"},"image":{"@id":"https:\/\/www.carideal.com\/blog\/2016\/02\/01\/voiture-electrique-citroen-peugeot-au-quebec\/#primaryimage"},"thumbnailUrl":"http:\/\/www.carideal.com\/blog\/wp-content\/uploads\/2016\/02\/voiture-electrique-peugeot-citroen-quebec-252x300.jpg","keywords":["PSA"],"articleSection":["Actualit\u00e9 Citroen","Actualit\u00e9 Constructeur automobile","Actualit\u00e9 Financi\u00e8re","Actualit\u00e9 Peugeot","Divers","Ecologie","Nouvelles Technologies automobile","Technologie Automobile","Voiture \u00e9lectrique"],"inLanguage":"fr-FR","potentialAction":[{"@type":"CommentAction","name":"Comment","target":["https:\/\/www.carideal.com\/blog\/2016\/02\/01\/voiture-electrique-citroen-peugeot-au-quebec\/#respond"]}]},{"@type":"WebPage","@id":"https:\/\/www.carideal.com\/blog\/2016\/02\/01\/voiture-electrique-citroen-peugeot-au-quebec\/","url":"https:\/\/www.carideal.com\/blog\/2016\/02\/01\/voiture-electrique-citroen-peugeot-au-quebec\/","name":"Voiture \u00e9lectrique Citroen Peugeot au Quebec - Blog auto Carid\u00e9al","isPartOf":{"@id":"https:\/\/www.carideal.com\/blog\/#website"},"primaryImageOfPage":{"@id":"https:\/\/www.carideal.com\/blog\/2016\/02\/01\/voiture-electrique-citroen-peugeot-au-quebec\/#primaryimage"},"image":{"@id":"https:\/\/www.carideal.com\/blog\/2016\/02\/01\/voiture-electrique-citroen-peugeot-au-quebec\/#primaryimage"},"thumbnailUrl":"http:\/\/www.carideal.com\/blog\/wp-content\/uploads\/2016\/02\/voiture-electrique-peugeot-citroen-quebec-252x300.jpg","datePublished":"2016-02-01T08:22:12+00:00","dateModified":"2020-03-07T15:40:22+00:00","description":"Voiture \u00e9lectrique Citroen Peugeot PSA investit au Qu\u00e9bec pour la recherche et le d\u00e9velloppement sur les composants haute performance de voiture \u00e9lectrique","breadcrumb":{"@id":"https:\/\/www.carideal.com\/blog\/2016\/02\/01\/voiture-electrique-citroen-peugeot-au-quebec\/#breadcrumb"},"inLanguage":"fr-FR","potentialAction":[{"@type":"ReadAction","target":["https:\/\/www.carideal.com\/blog\/2016\/02\/01\/voiture-electrique-citroen-peugeot-au-quebec\/"]}]},{"@type":"ImageObject","inLanguage":"fr-FR","@id":"https:\/\/www.carideal.com\/blog\/2016\/02\/01\/voiture-electrique-citroen-peugeot-au-quebec\/#primaryimage","url":"http:\/\/www.carideal.com\/blog\/wp-content\/uploads\/2016\/02\/voiture-electrique-peugeot-citroen-quebec-252x300.jpg","contentUrl":"http:\/\/www.carideal.com\/blog\/wp-content\/uploads\/2016\/02\/voiture-electrique-peugeot-citroen-quebec-252x300.jpg"},{"@type":"BreadcrumbList","@id":"https:\/\/www.carideal.com\/blog\/2016\/02\/01\/voiture-electrique-citroen-peugeot-au-quebec\/#breadcrumb","itemListElement":[{"@type":"ListItem","position":1,"name":"Blog Carid\u00e9al","item":"https:\/\/www.carideal.com\/blog\/"},{"@type":"ListItem","position":2,"name":"Actualit\u00e9 constructeur automobile","item":"https:\/\/www.carideal.com\/blog\/constructeur\/"},{"@type":"ListItem","position":3,"name":"Actualit\u00e9 Citroen","item":"https:\/\/www.carideal.com\/blog\/constructeur\/citroen\/"},{"@type":"ListItem","position":4,"name":"Voiture \u00e9lectrique Citroen Peugeot au Quebec"}]},{"@type":"WebSite","@id":"https:\/\/www.carideal.com\/blog\/#website","url":"https:\/\/www.carideal.com\/blog\/","name":"Blog auto Carid\u00e9al","description":"Actualit\u00e9 auto par des passionn\u00e9s","publisher":{"@id":"https:\/\/www.carideal.com\/blog\/#organization"},"potentialAction":[{"@type":"SearchAction","target":{"@type":"EntryPoint","urlTemplate":"https:\/\/www.carideal.com\/blog\/?s={search_term_string}"},"query-input":{"@type":"PropertyValueSpecification","valueRequired":true,"valueName":"search_term_string"}}],"inLanguage":"fr-FR"},{"@type":"Organization","@id":"https:\/\/www.carideal.com\/blog\/#organization","name":"Carideal","url":"https:\/\/www.carideal.com\/blog\/","logo":{"@type":"ImageObject","inLanguage":"fr-FR","@id":"https:\/\/www.carideal.com\/blog\/#\/schema\/logo\/image\/","url":"http:\/\/www.carideal.com\/blog\/wp-content\/uploads\/2016\/03\/logo-carideal-mandataire-automobile.png","contentUrl":"http:\/\/www.carideal.com\/blog\/wp-content\/uploads\/2016\/03\/logo-carideal-mandataire-automobile.png","width":300,"height":300,"caption":"Carideal"},"image":{"@id":"https:\/\/www.carideal.com\/blog\/#\/schema\/logo\/image\/"},"sameAs":["https:\/\/www.facebook.com\/Carideal.mandataire.automobile","https:\/\/x.com\/caridealauto","https:\/\/www.instagram.com\/carideal1\/","https:\/\/www.linkedin.com\/company\/carideal.com","https:\/\/fr.pinterest.com\/schiavonsas\/","https:\/\/www.youtube.com\/user\/caridealsas"]},{"@type":"Person","@id":"https:\/\/www.carideal.com\/blog\/#\/schema\/person\/cd95dc7919660de90d31b366f85be1ec","name":"Nicolas SCHIAVON","image":{"@type":"ImageObject","inLanguage":"fr-FR","@id":"https:\/\/www.carideal.com\/blog\/#\/schema\/person\/image\/","url":"https:\/\/secure.gravatar.com\/avatar\/c17e55009e671d92cc7f5dc837dc418a?s=96&r=g","contentUrl":"https:\/\/secure.gravatar.com\/avatar\/c17e55009e671d92cc7f5dc837dc418a?s=96&r=g","caption":"Nicolas SCHIAVON"},"description":"Nicolas Schiavon est tomb\u00e9 tout petit dans la marmite automobile. Ayant eu un garage de marque automobile, mandataire automobile de la premi\u00e8re heure d\u00e8s 1999. Nicolas a cr\u00e9\u00e9 ces premiers sites de vente de voiture et blog automobile d\u00e8s 1994. Carideal est n\u00e9 le 15 d\u00e9cembre 2000 de la volont\u00e9 de vendre des voitures d'occasions en ligne puis des voitures neuves. Il a pu essayer beaucoup de voitures tr\u00e8s diff\u00e9rentes et ayant eu personnellement quelques belles autos, Subaru Impreza, Mitsubishi Lancer Evo 7, Porsche 911, Ferrari Testarrossa, Audi RS3, RS4 et j'en passe...","sameAs":["http:\/\/www.carideal.com","https:\/\/www.facebook.com\/nicolas.schiavon.39","https:\/\/www.instagram.com\/carideal1\/","https:\/\/www.linkedin.com\/in\/nschiavon\/","https:\/\/x.com\/caridealauto","https:\/\/www.youtube.com\/user\/caridealsas\/"],"url":"https:\/\/www.carideal.com\/blog\/author\/nschiavon\/"}]}},"uagb_featured_image_src":{"full":false,"thumbnail":false,"medium":false,"medium_large":false,"large":false,"1536x1536":false,"2048x2048":false,"wppr-widget":false},"uagb_author_info":{"display_name":"Nicolas SCHIAVON","author_link":"https:\/\/www.carideal.com\/blog\/author\/nschiavon\/"},"uagb_comment_info":0,"uagb_excerpt":"Voiture \u00e9lectrique Citroen Peugeot PSA investit au Qu\u00e9bec Lors du Forum \u00e9conomique mondial 2016 de Davos, premier ministre du Qu\u00e9bec, Philippe Couillard, a annonc\u00e9 que CAD 16 millions en financement du gouvernement serait mis \u00e0 disposition pour soutenir une initiative de recherche et de d\u00e9veloppement innovants, en partenariat avec PSA Peugeot Citroen, Exagon Motors, Investissement\u2026","_links":{"self":[{"href":"https:\/\/www.carideal.com\/blog\/wp-json\/wp\/v2\/posts\/9314"}],"collection":[{"href":"https:\/\/www.carideal.com\/blog\/wp-json\/wp\/v2\/posts"}],"about":[{"href":"https:\/\/www.carideal.com\/blog\/wp-json\/wp\/v2\/types\/post"}],"author":[{"embeddable":true,"href":"https:\/\/www.carideal.com\/blog\/wp-json\/wp\/v2\/users\/3"}],"replies":[{"embeddable":true,"href":"https:\/\/www.carideal.com\/blog\/wp-json\/wp\/v2\/comments?post=9314"}],"version-history":[{"count":0,"href":"https:\/\/www.carideal.com\/blog\/wp-json\/wp\/v2\/posts\/9314\/revisions"}],"wp:attachment":[{"href":"https:\/\/www.carideal.com\/blog\/wp-json\/wp\/v2\/media?parent=9314"}],"wp:term":[{"taxonomy":"category","embeddable":true,"href":"https:\/\/www.carideal.com\/blog\/wp-json\/wp\/v2\/categories?post=9314"},{"taxonomy":"post_tag","embeddable":true,"href":"https:\/\/www.carideal.com\/blog\/wp-json\/wp\/v2\/tags?post=9314"}],"curies":[{"name":"wp","href":"https:\/\/api.w.org\/{rel}","templated":true}]}}