{"id":9202,"date":"2016-01-22T10:24:26","date_gmt":"2016-01-22T09:24:26","guid":{"rendered":"http:\/\/www.carideal.com\/blog\/?p=9202"},"modified":"2020-03-09T06:19:51","modified_gmt":"2020-03-09T05:19:51","slug":"nouvelle-ds3-2016","status":"publish","type":"post","link":"https:\/\/www.carideal.com\/blog\/2016\/01\/22\/nouvelle-ds3-2016\/","title":{"rendered":"Nouvelle DS3 2016 : pr\u00e9sentation"},"content":{"rendered":"<h1>La Nouvelle DS3 2016<\/h1>\n<figure id=\"attachment_9203\" aria-describedby=\"caption-attachment-9203\" style=\"width: 290px\" class=\"wp-caption alignleft\"><a href=\"http:\/\/www.carideal.com\/blog\/wp-content\/uploads\/2016\/01\/ds3-restylee-mars-2016-carideal.jpg\"><img loading=\"lazy\" decoding=\"async\" class=\"wp-image-9203 size-medium\" title=\"DS3 Restyl\u00e9e 2016\" src=\"http:\/\/www.carideal.com\/blog\/wp-content\/uploads\/2016\/01\/ds3-restylee-mars-2016-carideal-300x141.jpg\" alt=\"DS3 Restyl\u00e9e 2016\" width=\"300\" height=\"141\" \/><\/a><figcaption id=\"caption-attachment-9203\" class=\"wp-caption-text\">DS3 Restyl\u00e9e 2016<\/figcaption><\/figure>\n<p>La <span style=\"text-decoration: underline;\">DS3<\/span> a d\u00e9j\u00e0 subi un l\u00e9ger\u00a0restylage il y a deux ans, c'est le moment d'enlever le logo Citroen et d'agopter la calandre DS Wings. La pr\u00e9sentation a eu lieu au louvre le 19 Janvier, et la nouvelle DS3 sera commercialis\u00e9e au mois de mars \u00e0 partir du salon de Gen\u00e8ve. La rempla\u00e7ante de la DS3 Racing se nomme DS 3 Performance et sa commercialisation interviendra en Avril.<\/p>\n<h2>Pr\u00e9sentation de la nouvelle DS3 2016 \u00e0 la pyramide du Louvre janvier 2016<\/h2>\n<figure id=\"attachment_9204\" aria-describedby=\"caption-attachment-9204\" style=\"width: 290px\" class=\"wp-caption alignleft\"><a href=\"http:\/\/www.carideal.com\/blog\/wp-content\/uploads\/2016\/01\/ds3-restylee-mars-2016-carideal-2.jpg\"><img loading=\"lazy\" decoding=\"async\" class=\"wp-image-9204 size-medium\" title=\"Nouvelle DS3 2016\" src=\"http:\/\/www.carideal.com\/blog\/wp-content\/uploads\/2016\/01\/ds3-restylee-mars-2016-carideal-2-300x211.jpg\" alt=\"Nouvelle DS3 2016\" width=\"300\" height=\"211\" srcset=\"https:\/\/www.carideal.com\/blog\/wp-content\/uploads\/2016\/01\/ds3-restylee-mars-2016-carideal-2-300x211.jpg 300w, https:\/\/www.carideal.com\/blog\/wp-content\/uploads\/2016\/01\/ds3-restylee-mars-2016-carideal-2-624x439.jpg 624w, https:\/\/www.carideal.com\/blog\/wp-content\/uploads\/2016\/01\/ds3-restylee-mars-2016-carideal-2.jpg 853w\" sizes=\"(max-width: 300px) 100vw, 300px\" \/><\/a><figcaption id=\"caption-attachment-9204\" class=\"wp-caption-text\">Nouvelle DS3 2016<\/figcaption><\/figure>\n<p>Le constructeur <a href=\"http:\/\/www.carideal.com\/blog\/marque-de-voiture-actualites-essais\/ds\/\">DS automobiles<\/a> a vu les choses en grand et a convoqu\u00e9 tout le gratin \u00e0 la pyramide du louvre pour la pr\u00e9sentation de la belle petite premium. Yves Bonnefont le patron de la marque DS a pr\u00e9sent\u00e9 le deuxi\u00e8me\u00a0restylage de la DS 3, qui date de mars 2010 et qui a d\u00e9j\u00e0 \u00e9t\u00e9 <span style=\"text-decoration: underline;\">relift\u00e9\u00a0en juin 2014<\/span>.<\/p>\n<p>&nbsp;<\/p>\n<p>Il est vrai que pour une voiture navigant dans le secteur du premium et haut de gamme, 6 ans c'est long, et cette DS3 aurait d\u00e9j\u00e0 du \u00eatre remplac\u00e9e. D'un autre cot\u00e9 la marque DS s'est seulement \u00e9mancip\u00e9 de <span style=\"text-decoration: underline;\">Citroen<\/span> il y \u00a0quelques mois, et elle doit jouer avec les imp\u00e9ratifs du groupe PSA.<\/p>\n<figure id=\"attachment_9205\" aria-describedby=\"caption-attachment-9205\" style=\"width: 290px\" class=\"wp-caption alignleft\"><a href=\"http:\/\/www.carideal.com\/blog\/wp-content\/uploads\/2016\/01\/ds3-restylee-mars-2016-carideal-3.jpg\"><img loading=\"lazy\" decoding=\"async\" class=\"wp-image-9205 size-medium\" title=\"Nouvelle DS3 2016\" src=\"http:\/\/www.carideal.com\/blog\/wp-content\/uploads\/2016\/01\/ds3-restylee-mars-2016-carideal-3-300x213.jpg\" alt=\"Nouvelle DS3 2016\" width=\"300\" height=\"213\" srcset=\"https:\/\/www.carideal.com\/blog\/wp-content\/uploads\/2016\/01\/ds3-restylee-mars-2016-carideal-3-300x213.jpg 300w, https:\/\/www.carideal.com\/blog\/wp-content\/uploads\/2016\/01\/ds3-restylee-mars-2016-carideal-3-624x443.jpg 624w, https:\/\/www.carideal.com\/blog\/wp-content\/uploads\/2016\/01\/ds3-restylee-mars-2016-carideal-3.jpg 846w\" sizes=\"(max-width: 300px) 100vw, 300px\" \/><\/a><figcaption id=\"caption-attachment-9205\" class=\"wp-caption-text\">Nouvelle DS3 2016<\/figcaption><\/figure>\n<p>La marque doit alors se forger une iddentit\u00e9, une image et se s\u00e9parer des codes et logo ou tout ce qui la rattache avec Citroen. On en passe alors par la phase restylage, avec la <a href=\"http:\/\/www.carideal.com\/blog\/marque-de-voiture-actualites-essais\/ds\/ds5\/\">DS5<\/a> au printemps 2015 auquel a suivi celui de la DS4 \u00e0 l'automne 2015, il ne restait donc plus qu'\u00e0 la pionni\u00e8re DS3 qui a lanc\u00e9 la marque, \u00e0 s'y coller. Juste pour info, la citadine premium a r\u00e9alis\u00e9 plus de 50 % des ventes en 2015, 16175 DS3 vendus sur un total de 30 257 DS en progression de 1,6%.<\/p>\n<figure id=\"attachment_9208\" aria-describedby=\"caption-attachment-9208\" style=\"width: 290px\" class=\"wp-caption alignleft\"><a href=\"http:\/\/www.carideal.com\/blog\/wp-content\/uploads\/2016\/01\/ds3-restylee-mars-2016-carideal-4.jpg\"><img loading=\"lazy\" decoding=\"async\" class=\"size-medium wp-image-9208\" src=\"http:\/\/www.carideal.com\/blog\/wp-content\/uploads\/2016\/01\/ds3-restylee-mars-2016-carideal-4-300x150.jpg\" alt=\"Nouvelle DS3 2016\" width=\"300\" height=\"150\" srcset=\"https:\/\/www.carideal.com\/blog\/wp-content\/uploads\/2016\/01\/ds3-restylee-mars-2016-carideal-4-300x150.jpg 300w, https:\/\/www.carideal.com\/blog\/wp-content\/uploads\/2016\/01\/ds3-restylee-mars-2016-carideal-4.jpg 1024w, https:\/\/www.carideal.com\/blog\/wp-content\/uploads\/2016\/01\/ds3-restylee-mars-2016-carideal-4-624x312.jpg 624w\" sizes=\"(max-width: 300px) 100vw, 300px\" \/><\/a><figcaption id=\"caption-attachment-9208\" class=\"wp-caption-text\">Nouvelle DS3 2016<\/figcaption><\/figure>\n<p>Pour cette deuxi\u00e8me op\u00e9ration de lifting, les modifications de la nouvelles DS3 2016 sont l\u00e9g\u00e8res et concernent principalement la calandre. En juin 2014, Citroen avait d\u00e9j\u00e0 retouch\u00e9 son physique en lui redessinant les feux. La DS3 2014 acaient adopt\u00e9 pour son haut de gamme une nouvelle signature lumineuse avec des optiques avant LED et Xenon et \u00e0 l'arri\u00e8re des feux 3D.<\/p>\n<p>On se souvient des Projecteur DS LED Vision sur la version restyl\u00e9e de juin 2014<\/p>\n<p>Entretemps, la DS 3\u00a0a \u00e9volu\u00e9e et s'est \u00e9quip\u00e9e avec les nouveaux moteurs essence Puretech 110 et diesel\u00a0BlueHDi, elle a profit\u00e9 de l'arriv\u00e9 de nouveaux \u00e9quipements \u00a0comme l'\u00e9cran tactile, l'Active city brake, le Mirror Screen, et la cam\u00e9ra de recul.<\/p>\n<figure id=\"attachment_9210\" aria-describedby=\"caption-attachment-9210\" style=\"width: 290px\" class=\"wp-caption alignleft\"><a href=\"http:\/\/www.carideal.com\/blog\/wp-content\/uploads\/2016\/01\/ds3-performance-2016-carideal.jpg\"><img loading=\"lazy\" decoding=\"async\" class=\"wp-image-9210 size-medium\" title=\"Nouvelle DS3 2016\" src=\"http:\/\/www.carideal.com\/blog\/wp-content\/uploads\/2016\/01\/ds3-performance-2016-carideal-300x174.jpg\" alt=\"Nouvelle DS3 2016\" width=\"300\" height=\"174\" srcset=\"https:\/\/www.carideal.com\/blog\/wp-content\/uploads\/2016\/01\/ds3-performance-2016-carideal-300x174.jpg 300w, https:\/\/www.carideal.com\/blog\/wp-content\/uploads\/2016\/01\/ds3-performance-2016-carideal.jpg 1024w, https:\/\/www.carideal.com\/blog\/wp-content\/uploads\/2016\/01\/ds3-performance-2016-carideal-624x361.jpg 624w\" sizes=\"(max-width: 300px) 100vw, 300px\" \/><\/a><figcaption id=\"caption-attachment-9210\" class=\"wp-caption-text\">Nouvelle DS3 2016 Performance en remplacement de la DS3 Racing<\/figcaption><\/figure>\n<p>Dans un premier temps, DS Automobiles a donc commenc\u00e9 par lui adjoindre la nouvelle calandre DS Wing et \u00e0 enlever les logo Citroen comme elle l'avait d\u00e9j\u00e0 fait sur ses DS4 et DS5.<\/p>\n<p>On remarque que cette calandre a l\u00e9g\u00e8rement \u00e9volu\u00e9e depuis celles de ses grandes soeurs en adoptant un profil\u00a0\u00ab Double Wings \u00bb, lors de sa pr\u00e9sentation ce Mardi 19 \u00a0Janvier \u00e0 Paris.<\/p>\n<p>On peut dire que la calandre de la nouvelle DS3 2016 adopte la calandre DS double Wing inspir\u00e9e par le <span style=\"text-decoration: underline;\"><a href=\"http:\/\/www.carideal.com\/blog\/2014\/09\/26\/ds-divine-la-future-ds4\/\">concept-car DS Divine<\/a><\/span> pr\u00e9sent\u00e9e au salon Mondial de l'auto \u00e0 Paris.\u00a0Le concept-car DS Divine annon\u00e7ait le nouveau style DS.<\/p>\n<h2>La nouvelle DS3 2016 s'inspire de DS Divine en adoptant la calandre \"Double Wings\"<\/h2>\n<p>On retrouve sur cette calandre et ce pare-choc avant une lamme chrom\u00e9e qui non seulement passe au dessous des optiques avant, mais qui au bas de la calandre, joint les deux anti-brouillards qui sont aussi redessin\u00e9s. On peut vraisemblablement penser que l'on va retrouver cette calandre sur les futurs mod\u00e8les de la marque DS, dont le futur <span style=\"text-decoration: underline;\"><a href=\"http:\/\/www.carideal.com\/blog\/2015\/02\/28\/ds-confirme-larrive-dun-petit-suv-la-ds3-x\/\">SUV compact<\/a><\/span> attendu fin 2017 (projet X74).<\/p>\n<h2>La nouvelle DS3 2016 exacerbe l'art du d\u00e9tail<\/h2>\n<p>Ce sont les d\u00e9tails, ces tout petits rien qui font les grandes choses, une nouvelle couleur rouge Rouge Aden pour la carrosserie et Brun Topaz pour le toit, de nouvelles selleries tissu Dinamica Noir Basalte et de cuir nappa Brun Trinitario, et des nouveaux d\u00e9cors int\u00e9rieurs Brun Topaze etc\u2026. La nouvelle DS3 2016 en profite pour mettre \u00e0 jour ses \u00e9quipements technologiques :\u00a0aide au d\u00e9marrage en c\u00f4te ou des radars de recul avant ET\u00a0arri\u00e8re.<\/p>\n<h2>Nouvelles motorisations pour la DS3 2016 Le moteur 1.2 Puretech 130 disponible<\/h2>\n<p>La DS3 2016 est toujours disponible avec les moteurs essence 1.2 Puretech 82 en bo\u00eete manuelle et robotis\u00e9e ETG ainsi que le 1.2 Puretech 110 en bo\u00eete manuelle et automatique EAT6 et le puissant 1.6 THP 165.<\/p>\n<p>On note l'apparition, enfin, de l'excellent moteur essence <span style=\"text-decoration: underline;\"><a href=\"http:\/\/www.carideal.com\/blog\/2015\/06\/18\/les-moteurs-puretech-turbo-de-citroen-peugeot-meilleurs-moteurs-du-monde\/\">Puretech 130<\/a><\/span> ch accoupl\u00e9 \u00e0 une boite manuelle 6 vitesses. Pour ce qi est des moteurs diesel, rien de nouveau, les 1.6 BlueHDi de 100 et 120 ch \u00e9quip\u00e9 de l'excellent <span style=\"text-decoration: underline;\"><a href=\"http:\/\/www.carideal.com\/blog\/2013\/09\/16\/psa-blue-hdi-diesel-euro-6\/\">syst\u00e8me PSA de catalysation SCR<\/a><\/span> sont toujours disponibles.<\/p>\n<h2>Adieu DS3 Racing, bienvenue\u00a0\u00e0 la nouvelle DS3 2016 Performance<\/h2>\n<figure id=\"attachment_9213\" aria-describedby=\"caption-attachment-9213\" style=\"width: 290px\" class=\"wp-caption alignleft\"><a href=\"http:\/\/www.carideal.com\/blog\/wp-content\/uploads\/2016\/01\/ds3-performance-2016-carideal-2.jpg\"><img loading=\"lazy\" decoding=\"async\" class=\"wp-image-9213 size-medium\" title=\"Nouvelle DS3 2016 Performance\" src=\"http:\/\/www.carideal.com\/blog\/wp-content\/uploads\/2016\/01\/ds3-performance-2016-carideal-2-300x150.jpg\" alt=\"Nouvelle DS3 2016 Performance\" width=\"300\" height=\"150\" srcset=\"https:\/\/www.carideal.com\/blog\/wp-content\/uploads\/2016\/01\/ds3-performance-2016-carideal-2-300x150.jpg 300w, https:\/\/www.carideal.com\/blog\/wp-content\/uploads\/2016\/01\/ds3-performance-2016-carideal-2.jpg 1024w, https:\/\/www.carideal.com\/blog\/wp-content\/uploads\/2016\/01\/ds3-performance-2016-carideal-2-624x312.jpg 624w\" sizes=\"(max-width: 300px) 100vw, 300px\" \/><\/a><figcaption id=\"caption-attachment-9213\" class=\"wp-caption-text\">Nouvelle DS3 2016 Performance<\/figcaption><\/figure>\n<p>La DS3 Racing, la puissante de la gamme avec ses 202 ch, a disparue du catalogue en juin 2015. Elle sera re-baptis\u00e9e DS Performance et int\u00e9grera le catalogue en Avril et proposera 208 ch avec son moteur 1.6 THP en version euro 6 Racing. Elle reprend le nom de l'\u00e9curie de Formula E ce n'est pas un hazard. Les 6 cheveaux suppl\u00e9mentaires s'accompagnent d'une augmentation de couple qui passe de 275 \u00e0 300 Nm.<\/p>\n<p>Nouvelle DS3 Performance Black Special.\u00a0La nouvelle DS3 2016 Performance sera disponible au choix\u00a0en berline et en <span style=\"text-decoration: underline;\">cabrio<\/span>\u00a0et proposera deux niveaux de finition. Le niveau \u00ab Black Special \u00bb, met en avant son esprit sportif avec une carrosserie\u00a0Noir mat et un toit Gold Brillant sur la berline, ainsi que des baguettes lat\u00e9rales style\u00a0carbone. On trouvera sur la planche de bord un bandeau et une embase de levier de vitesses couleur Gold.<\/p>\n<p>La nouvelle DS3 2016 sera disponible chez les concessionnaires au mois de mars mais la DS3 restyl\u00e9e est d\u00e9j\u00e0\u00a0disponible \u00e0 la commande depuis le\u00a0mercredi 20 janvier, mise \u00e0 jour en cours de nos tarif DS3.\u00a0Obtenez la meilleure <span style=\"text-decoration: underline;\"><a href=\"http:\/\/www.carideal.com\/blog\/2016\/01\/15\/vendez-votre-voiture\/\">offre de reprise<\/a><\/span> pour votre voiture<\/p>\n","protected":false},"excerpt":{"rendered":"<p>La Nouvelle DS3 2016 La DS3 a d\u00e9j\u00e0 subi un l\u00e9ger\u00a0restylage il y a deux ans, c&rsquo;est le moment d&rsquo;enlever le logo Citroen et d&rsquo;agopter la calandre DS Wings. La pr\u00e9sentation a eu lieu au louvre le 19 Janvier, et la nouvelle DS3 sera commercialis\u00e9e au mois de mars \u00e0 partir du salon de Gen\u00e8ve. &#8230; <a title=\"Nouvelle DS3 2016 : pr\u00e9sentation\" class=\"read-more\" href=\"https:\/\/www.carideal.com\/blog\/2016\/01\/22\/nouvelle-ds3-2016\/\" aria-label=\"En savoir plus sur Nouvelle DS3 2016 : pr\u00e9sentation\">Lire plus<\/a><\/p>\n","protected":false},"author":3,"featured_media":9203,"comment_status":"open","ping_status":"open","sticky":false,"template":"","format":"standard","meta":{"_uag_custom_page_level_css":"","_themeisle_gutenberg_block_has_review":false,"footnotes":""},"categories":[21,5944,6001,6012,5974],"tags":[3689],"class_list":["post-9202","post","type-post","status-publish","format-standard","has-post-thumbnail","hentry","category-actualites-auto","category-constructeur","category-ds","category-berlines","category-type-de-vehicule","tag-bluehdi"],"wppr_data":{"cwp_meta_box_check":"No"},"yoast_head":"<!-- This site is optimized with the Yoast SEO plugin v24.8.1 - https:\/\/yoast.com\/wordpress\/plugins\/seo\/ -->\n<title>Nouvelle DS3 2016 : pr\u00e9sentation - Blog auto Carid\u00e9al<\/title>\n<meta name=\"description\" content=\"Pr\u00e9sentation de la Nouvelle DS3 2016, nouvelle calandre double Wing DS, abandon des logos Citroen nouveaux \u00e9quipements et nouveau moteur Puretech 130.\" \/>\n<meta name=\"robots\" content=\"index, follow, max-snippet:-1, max-image-preview:large, max-video-preview:-1\" \/>\n<link rel=\"canonical\" href=\"https:\/\/www.carideal.com\/blog\/2016\/01\/22\/nouvelle-ds3-2016\/\" \/>\n<meta property=\"og:locale\" content=\"fr_FR\" \/>\n<meta property=\"og:type\" content=\"article\" \/>\n<meta property=\"og:title\" content=\"Nouvelle DS3 2016 : pr\u00e9sentation - Blog auto Carid\u00e9al\" \/>\n<meta property=\"og:description\" content=\"Pr\u00e9sentation de la Nouvelle DS3 2016, nouvelle calandre double Wing DS, abandon des logos Citroen nouveaux \u00e9quipements et nouveau moteur Puretech 130.\" \/>\n<meta property=\"og:url\" content=\"https:\/\/www.carideal.com\/blog\/2016\/01\/22\/nouvelle-ds3-2016\/\" \/>\n<meta property=\"og:site_name\" content=\"Blog auto Carid\u00e9al\" \/>\n<meta property=\"article:publisher\" content=\"https:\/\/www.facebook.com\/Carideal.mandataire.automobile\" \/>\n<meta property=\"article:author\" content=\"https:\/\/www.facebook.com\/nicolas.schiavon.39\" \/>\n<meta property=\"article:published_time\" content=\"2016-01-22T09:24:26+00:00\" \/>\n<meta property=\"article:modified_time\" content=\"2020-03-09T05:19:51+00:00\" \/>\n<meta property=\"og:image\" content=\"https:\/\/www.carideal.com\/blog\/wp-content\/uploads\/2016\/01\/ds3-restylee-mars-2016-carideal-e1490624733726.jpg\" \/>\n\t<meta property=\"og:image:width\" content=\"800\" \/>\n\t<meta property=\"og:image:height\" content=\"375\" \/>\n\t<meta property=\"og:image:type\" content=\"image\/jpeg\" \/>\n<meta name=\"author\" content=\"Nicolas SCHIAVON\" \/>\n<meta name=\"twitter:card\" content=\"summary_large_image\" \/>\n<meta name=\"twitter:creator\" content=\"@caridealauto\" \/>\n<meta name=\"twitter:site\" content=\"@caridealauto\" \/>\n<meta name=\"twitter:label1\" content=\"\u00c9crit par\" \/>\n\t<meta name=\"twitter:data1\" content=\"Nicolas SCHIAVON\" \/>\n\t<meta name=\"twitter:label2\" content=\"Dur\u00e9e de lecture estim\u00e9e\" \/>\n\t<meta name=\"twitter:data2\" content=\"5 minutes\" \/>\n<script type=\"application\/ld+json\" class=\"yoast-schema-graph\">{\"@context\":\"https:\/\/schema.org\",\"@graph\":[{\"@type\":\"Article\",\"@id\":\"https:\/\/www.carideal.com\/blog\/2016\/01\/22\/nouvelle-ds3-2016\/#article\",\"isPartOf\":{\"@id\":\"https:\/\/www.carideal.com\/blog\/2016\/01\/22\/nouvelle-ds3-2016\/\"},\"author\":{\"name\":\"Nicolas SCHIAVON\",\"@id\":\"https:\/\/www.carideal.com\/blog\/#\/schema\/person\/cd95dc7919660de90d31b366f85be1ec\"},\"headline\":\"Nouvelle DS3 2016 : pr\u00e9sentation\",\"datePublished\":\"2016-01-22T09:24:26+00:00\",\"dateModified\":\"2020-03-09T05:19:51+00:00\",\"mainEntityOfPage\":{\"@id\":\"https:\/\/www.carideal.com\/blog\/2016\/01\/22\/nouvelle-ds3-2016\/\"},\"wordCount\":1030,\"commentCount\":1,\"publisher\":{\"@id\":\"https:\/\/www.carideal.com\/blog\/#organization\"},\"image\":{\"@id\":\"https:\/\/www.carideal.com\/blog\/2016\/01\/22\/nouvelle-ds3-2016\/#primaryimage\"},\"thumbnailUrl\":\"https:\/\/www.carideal.com\/blog\/wp-content\/uploads\/2016\/01\/ds3-restylee-mars-2016-carideal-e1490624733726.jpg\",\"keywords\":[\"BlueHDI\"],\"articleSection\":[\"Actualit\u00e9 automobile\",\"Actualit\u00e9 Constructeur automobile\",\"Actualit\u00e9 DS\",\"Berlines\",\"Type de v\u00e9hicule\"],\"inLanguage\":\"fr-FR\",\"potentialAction\":[{\"@type\":\"CommentAction\",\"name\":\"Comment\",\"target\":[\"https:\/\/www.carideal.com\/blog\/2016\/01\/22\/nouvelle-ds3-2016\/#respond\"]}]},{\"@type\":\"WebPage\",\"@id\":\"https:\/\/www.carideal.com\/blog\/2016\/01\/22\/nouvelle-ds3-2016\/\",\"url\":\"https:\/\/www.carideal.com\/blog\/2016\/01\/22\/nouvelle-ds3-2016\/\",\"name\":\"Nouvelle DS3 2016 : pr\u00e9sentation - Blog auto Carid\u00e9al\",\"isPartOf\":{\"@id\":\"https:\/\/www.carideal.com\/blog\/#website\"},\"primaryImageOfPage\":{\"@id\":\"https:\/\/www.carideal.com\/blog\/2016\/01\/22\/nouvelle-ds3-2016\/#primaryimage\"},\"image\":{\"@id\":\"https:\/\/www.carideal.com\/blog\/2016\/01\/22\/nouvelle-ds3-2016\/#primaryimage\"},\"thumbnailUrl\":\"https:\/\/www.carideal.com\/blog\/wp-content\/uploads\/2016\/01\/ds3-restylee-mars-2016-carideal-e1490624733726.jpg\",\"datePublished\":\"2016-01-22T09:24:26+00:00\",\"dateModified\":\"2020-03-09T05:19:51+00:00\",\"description\":\"Pr\u00e9sentation de la Nouvelle DS3 2016, nouvelle calandre double Wing DS, abandon des logos Citroen nouveaux \u00e9quipements et nouveau moteur Puretech 130.\",\"breadcrumb\":{\"@id\":\"https:\/\/www.carideal.com\/blog\/2016\/01\/22\/nouvelle-ds3-2016\/#breadcrumb\"},\"inLanguage\":\"fr-FR\",\"potentialAction\":[{\"@type\":\"ReadAction\",\"target\":[\"https:\/\/www.carideal.com\/blog\/2016\/01\/22\/nouvelle-ds3-2016\/\"]}]},{\"@type\":\"ImageObject\",\"inLanguage\":\"fr-FR\",\"@id\":\"https:\/\/www.carideal.com\/blog\/2016\/01\/22\/nouvelle-ds3-2016\/#primaryimage\",\"url\":\"https:\/\/www.carideal.com\/blog\/wp-content\/uploads\/2016\/01\/ds3-restylee-mars-2016-carideal-e1490624733726.jpg\",\"contentUrl\":\"https:\/\/www.carideal.com\/blog\/wp-content\/uploads\/2016\/01\/ds3-restylee-mars-2016-carideal-e1490624733726.jpg\",\"width\":800,\"height\":375,\"caption\":\"DS3 Restyl\u00e9e 2016\"},{\"@type\":\"BreadcrumbList\",\"@id\":\"https:\/\/www.carideal.com\/blog\/2016\/01\/22\/nouvelle-ds3-2016\/#breadcrumb\",\"itemListElement\":[{\"@type\":\"ListItem\",\"position\":1,\"name\":\"Blog Carid\u00e9al\",\"item\":\"https:\/\/www.carideal.com\/blog\/\"},{\"@type\":\"ListItem\",\"position\":2,\"name\":\"Actualit\u00e9 constructeur automobile\",\"item\":\"https:\/\/www.carideal.com\/blog\/constructeur\/\"},{\"@type\":\"ListItem\",\"position\":3,\"name\":\"Actualit\u00e9 DS\",\"item\":\"https:\/\/www.carideal.com\/blog\/constructeur\/ds\/\"},{\"@type\":\"ListItem\",\"position\":4,\"name\":\"Nouvelle DS3 2016 : pr\u00e9sentation\"}]},{\"@type\":\"WebSite\",\"@id\":\"https:\/\/www.carideal.com\/blog\/#website\",\"url\":\"https:\/\/www.carideal.com\/blog\/\",\"name\":\"Blog auto Carid\u00e9al\",\"description\":\"Actualit\u00e9 auto par des passionn\u00e9s\",\"publisher\":{\"@id\":\"https:\/\/www.carideal.com\/blog\/#organization\"},\"potentialAction\":[{\"@type\":\"SearchAction\",\"target\":{\"@type\":\"EntryPoint\",\"urlTemplate\":\"https:\/\/www.carideal.com\/blog\/?s={search_term_string}\"},\"query-input\":{\"@type\":\"PropertyValueSpecification\",\"valueRequired\":true,\"valueName\":\"search_term_string\"}}],\"inLanguage\":\"fr-FR\"},{\"@type\":\"Organization\",\"@id\":\"https:\/\/www.carideal.com\/blog\/#organization\",\"name\":\"Carideal\",\"url\":\"https:\/\/www.carideal.com\/blog\/\",\"logo\":{\"@type\":\"ImageObject\",\"inLanguage\":\"fr-FR\",\"@id\":\"https:\/\/www.carideal.com\/blog\/#\/schema\/logo\/image\/\",\"url\":\"http:\/\/www.carideal.com\/blog\/wp-content\/uploads\/2016\/03\/logo-carideal-mandataire-automobile.png\",\"contentUrl\":\"http:\/\/www.carideal.com\/blog\/wp-content\/uploads\/2016\/03\/logo-carideal-mandataire-automobile.png\",\"width\":300,\"height\":300,\"caption\":\"Carideal\"},\"image\":{\"@id\":\"https:\/\/www.carideal.com\/blog\/#\/schema\/logo\/image\/\"},\"sameAs\":[\"https:\/\/www.facebook.com\/Carideal.mandataire.automobile\",\"https:\/\/x.com\/caridealauto\",\"https:\/\/www.instagram.com\/carideal1\/\",\"https:\/\/www.linkedin.com\/company\/carideal.com\",\"https:\/\/fr.pinterest.com\/schiavonsas\/\",\"https:\/\/www.youtube.com\/user\/caridealsas\"]},{\"@type\":\"Person\",\"@id\":\"https:\/\/www.carideal.com\/blog\/#\/schema\/person\/cd95dc7919660de90d31b366f85be1ec\",\"name\":\"Nicolas SCHIAVON\",\"image\":{\"@type\":\"ImageObject\",\"inLanguage\":\"fr-FR\",\"@id\":\"https:\/\/www.carideal.com\/blog\/#\/schema\/person\/image\/\",\"url\":\"https:\/\/secure.gravatar.com\/avatar\/c17e55009e671d92cc7f5dc837dc418a?s=96&r=g\",\"contentUrl\":\"https:\/\/secure.gravatar.com\/avatar\/c17e55009e671d92cc7f5dc837dc418a?s=96&r=g\",\"caption\":\"Nicolas SCHIAVON\"},\"description\":\"Nicolas Schiavon est tomb\u00e9 tout petit dans la marmite automobile. Ayant eu un garage de marque automobile, mandataire automobile de la premi\u00e8re heure d\u00e8s 1999. Nicolas a cr\u00e9\u00e9 ces premiers sites de vente de voiture et blog automobile d\u00e8s 1994. Carideal est n\u00e9 le 15 d\u00e9cembre 2000 de la volont\u00e9 de vendre des voitures d'occasions en ligne puis des voitures neuves. Il a pu essayer beaucoup de voitures tr\u00e8s diff\u00e9rentes et ayant eu personnellement quelques belles autos, Subaru Impreza, Mitsubishi Lancer Evo 7, Porsche 911, Ferrari Testarrossa, Audi RS3, RS4 et j'en passe...\",\"sameAs\":[\"http:\/\/www.carideal.com\",\"https:\/\/www.facebook.com\/nicolas.schiavon.39\",\"https:\/\/www.instagram.com\/carideal1\/\",\"https:\/\/www.linkedin.com\/in\/nschiavon\/\",\"https:\/\/x.com\/caridealauto\",\"https:\/\/www.youtube.com\/user\/caridealsas\/\"],\"url\":\"https:\/\/www.carideal.com\/blog\/author\/nschiavon\/\"}]}<\/script>\n<!-- \/ Yoast SEO plugin. -->","yoast_head_json":{"title":"Nouvelle DS3 2016 : pr\u00e9sentation - Blog auto Carid\u00e9al","description":"Pr\u00e9sentation de la Nouvelle DS3 2016, nouvelle calandre double Wing DS, abandon des logos Citroen nouveaux \u00e9quipements et nouveau moteur Puretech 130.","robots":{"index":"index","follow":"follow","max-snippet":"max-snippet:-1","max-image-preview":"max-image-preview:large","max-video-preview":"max-video-preview:-1"},"canonical":"https:\/\/www.carideal.com\/blog\/2016\/01\/22\/nouvelle-ds3-2016\/","og_locale":"fr_FR","og_type":"article","og_title":"Nouvelle DS3 2016 : pr\u00e9sentation - Blog auto Carid\u00e9al","og_description":"Pr\u00e9sentation de la Nouvelle DS3 2016, nouvelle calandre double Wing DS, abandon des logos Citroen nouveaux \u00e9quipements et nouveau moteur Puretech 130.","og_url":"https:\/\/www.carideal.com\/blog\/2016\/01\/22\/nouvelle-ds3-2016\/","og_site_name":"Blog auto Carid\u00e9al","article_publisher":"https:\/\/www.facebook.com\/Carideal.mandataire.automobile","article_author":"https:\/\/www.facebook.com\/nicolas.schiavon.39","article_published_time":"2016-01-22T09:24:26+00:00","article_modified_time":"2020-03-09T05:19:51+00:00","og_image":[{"width":800,"height":375,"url":"https:\/\/www.carideal.com\/blog\/wp-content\/uploads\/2016\/01\/ds3-restylee-mars-2016-carideal-e1490624733726.jpg","type":"image\/jpeg"}],"author":"Nicolas SCHIAVON","twitter_card":"summary_large_image","twitter_creator":"@caridealauto","twitter_site":"@caridealauto","twitter_misc":{"\u00c9crit par":"Nicolas SCHIAVON","Dur\u00e9e de lecture estim\u00e9e":"5 minutes"},"schema":{"@context":"https:\/\/schema.org","@graph":[{"@type":"Article","@id":"https:\/\/www.carideal.com\/blog\/2016\/01\/22\/nouvelle-ds3-2016\/#article","isPartOf":{"@id":"https:\/\/www.carideal.com\/blog\/2016\/01\/22\/nouvelle-ds3-2016\/"},"author":{"name":"Nicolas SCHIAVON","@id":"https:\/\/www.carideal.com\/blog\/#\/schema\/person\/cd95dc7919660de90d31b366f85be1ec"},"headline":"Nouvelle DS3 2016 : pr\u00e9sentation","datePublished":"2016-01-22T09:24:26+00:00","dateModified":"2020-03-09T05:19:51+00:00","mainEntityOfPage":{"@id":"https:\/\/www.carideal.com\/blog\/2016\/01\/22\/nouvelle-ds3-2016\/"},"wordCount":1030,"commentCount":1,"publisher":{"@id":"https:\/\/www.carideal.com\/blog\/#organization"},"image":{"@id":"https:\/\/www.carideal.com\/blog\/2016\/01\/22\/nouvelle-ds3-2016\/#primaryimage"},"thumbnailUrl":"https:\/\/www.carideal.com\/blog\/wp-content\/uploads\/2016\/01\/ds3-restylee-mars-2016-carideal-e1490624733726.jpg","keywords":["BlueHDI"],"articleSection":["Actualit\u00e9 automobile","Actualit\u00e9 Constructeur automobile","Actualit\u00e9 DS","Berlines","Type de v\u00e9hicule"],"inLanguage":"fr-FR","potentialAction":[{"@type":"CommentAction","name":"Comment","target":["https:\/\/www.carideal.com\/blog\/2016\/01\/22\/nouvelle-ds3-2016\/#respond"]}]},{"@type":"WebPage","@id":"https:\/\/www.carideal.com\/blog\/2016\/01\/22\/nouvelle-ds3-2016\/","url":"https:\/\/www.carideal.com\/blog\/2016\/01\/22\/nouvelle-ds3-2016\/","name":"Nouvelle DS3 2016 : pr\u00e9sentation - Blog auto Carid\u00e9al","isPartOf":{"@id":"https:\/\/www.carideal.com\/blog\/#website"},"primaryImageOfPage":{"@id":"https:\/\/www.carideal.com\/blog\/2016\/01\/22\/nouvelle-ds3-2016\/#primaryimage"},"image":{"@id":"https:\/\/www.carideal.com\/blog\/2016\/01\/22\/nouvelle-ds3-2016\/#primaryimage"},"thumbnailUrl":"https:\/\/www.carideal.com\/blog\/wp-content\/uploads\/2016\/01\/ds3-restylee-mars-2016-carideal-e1490624733726.jpg","datePublished":"2016-01-22T09:24:26+00:00","dateModified":"2020-03-09T05:19:51+00:00","description":"Pr\u00e9sentation de la Nouvelle DS3 2016, nouvelle calandre double Wing DS, abandon des logos Citroen nouveaux \u00e9quipements et nouveau moteur Puretech 130.","breadcrumb":{"@id":"https:\/\/www.carideal.com\/blog\/2016\/01\/22\/nouvelle-ds3-2016\/#breadcrumb"},"inLanguage":"fr-FR","potentialAction":[{"@type":"ReadAction","target":["https:\/\/www.carideal.com\/blog\/2016\/01\/22\/nouvelle-ds3-2016\/"]}]},{"@type":"ImageObject","inLanguage":"fr-FR","@id":"https:\/\/www.carideal.com\/blog\/2016\/01\/22\/nouvelle-ds3-2016\/#primaryimage","url":"https:\/\/www.carideal.com\/blog\/wp-content\/uploads\/2016\/01\/ds3-restylee-mars-2016-carideal-e1490624733726.jpg","contentUrl":"https:\/\/www.carideal.com\/blog\/wp-content\/uploads\/2016\/01\/ds3-restylee-mars-2016-carideal-e1490624733726.jpg","width":800,"height":375,"caption":"DS3 Restyl\u00e9e 2016"},{"@type":"BreadcrumbList","@id":"https:\/\/www.carideal.com\/blog\/2016\/01\/22\/nouvelle-ds3-2016\/#breadcrumb","itemListElement":[{"@type":"ListItem","position":1,"name":"Blog Carid\u00e9al","item":"https:\/\/www.carideal.com\/blog\/"},{"@type":"ListItem","position":2,"name":"Actualit\u00e9 constructeur automobile","item":"https:\/\/www.carideal.com\/blog\/constructeur\/"},{"@type":"ListItem","position":3,"name":"Actualit\u00e9 DS","item":"https:\/\/www.carideal.com\/blog\/constructeur\/ds\/"},{"@type":"ListItem","position":4,"name":"Nouvelle DS3 2016 : pr\u00e9sentation"}]},{"@type":"WebSite","@id":"https:\/\/www.carideal.com\/blog\/#website","url":"https:\/\/www.carideal.com\/blog\/","name":"Blog auto Carid\u00e9al","description":"Actualit\u00e9 auto par des passionn\u00e9s","publisher":{"@id":"https:\/\/www.carideal.com\/blog\/#organization"},"potentialAction":[{"@type":"SearchAction","target":{"@type":"EntryPoint","urlTemplate":"https:\/\/www.carideal.com\/blog\/?s={search_term_string}"},"query-input":{"@type":"PropertyValueSpecification","valueRequired":true,"valueName":"search_term_string"}}],"inLanguage":"fr-FR"},{"@type":"Organization","@id":"https:\/\/www.carideal.com\/blog\/#organization","name":"Carideal","url":"https:\/\/www.carideal.com\/blog\/","logo":{"@type":"ImageObject","inLanguage":"fr-FR","@id":"https:\/\/www.carideal.com\/blog\/#\/schema\/logo\/image\/","url":"http:\/\/www.carideal.com\/blog\/wp-content\/uploads\/2016\/03\/logo-carideal-mandataire-automobile.png","contentUrl":"http:\/\/www.carideal.com\/blog\/wp-content\/uploads\/2016\/03\/logo-carideal-mandataire-automobile.png","width":300,"height":300,"caption":"Carideal"},"image":{"@id":"https:\/\/www.carideal.com\/blog\/#\/schema\/logo\/image\/"},"sameAs":["https:\/\/www.facebook.com\/Carideal.mandataire.automobile","https:\/\/x.com\/caridealauto","https:\/\/www.instagram.com\/carideal1\/","https:\/\/www.linkedin.com\/company\/carideal.com","https:\/\/fr.pinterest.com\/schiavonsas\/","https:\/\/www.youtube.com\/user\/caridealsas"]},{"@type":"Person","@id":"https:\/\/www.carideal.com\/blog\/#\/schema\/person\/cd95dc7919660de90d31b366f85be1ec","name":"Nicolas SCHIAVON","image":{"@type":"ImageObject","inLanguage":"fr-FR","@id":"https:\/\/www.carideal.com\/blog\/#\/schema\/person\/image\/","url":"https:\/\/secure.gravatar.com\/avatar\/c17e55009e671d92cc7f5dc837dc418a?s=96&r=g","contentUrl":"https:\/\/secure.gravatar.com\/avatar\/c17e55009e671d92cc7f5dc837dc418a?s=96&r=g","caption":"Nicolas SCHIAVON"},"description":"Nicolas Schiavon est tomb\u00e9 tout petit dans la marmite automobile. Ayant eu un garage de marque automobile, mandataire automobile de la premi\u00e8re heure d\u00e8s 1999. Nicolas a cr\u00e9\u00e9 ces premiers sites de vente de voiture et blog automobile d\u00e8s 1994. Carideal est n\u00e9 le 15 d\u00e9cembre 2000 de la volont\u00e9 de vendre des voitures d'occasions en ligne puis des voitures neuves. Il a pu essayer beaucoup de voitures tr\u00e8s diff\u00e9rentes et ayant eu personnellement quelques belles autos, Subaru Impreza, Mitsubishi Lancer Evo 7, Porsche 911, Ferrari Testarrossa, Audi RS3, RS4 et j'en passe...","sameAs":["http:\/\/www.carideal.com","https:\/\/www.facebook.com\/nicolas.schiavon.39","https:\/\/www.instagram.com\/carideal1\/","https:\/\/www.linkedin.com\/in\/nschiavon\/","https:\/\/x.com\/caridealauto","https:\/\/www.youtube.com\/user\/caridealsas\/"],"url":"https:\/\/www.carideal.com\/blog\/author\/nschiavon\/"}]}},"uagb_featured_image_src":{"full":["https:\/\/www.carideal.com\/blog\/wp-content\/uploads\/2016\/01\/ds3-restylee-mars-2016-carideal-e1490624733726.jpg",800,375,false],"thumbnail":["https:\/\/www.carideal.com\/blog\/wp-content\/uploads\/2016\/01\/ds3-restylee-mars-2016-carideal-150x150.jpg",150,150,true],"medium":["https:\/\/www.carideal.com\/blog\/wp-content\/uploads\/2016\/01\/ds3-restylee-mars-2016-carideal-300x141.jpg",300,141,true],"medium_large":["https:\/\/www.carideal.com\/blog\/wp-content\/uploads\/2016\/01\/ds3-restylee-mars-2016-carideal-e1490624733726.jpg",768,360,false],"large":["https:\/\/www.carideal.com\/blog\/wp-content\/uploads\/2016\/01\/ds3-restylee-mars-2016-carideal-1024x480.jpg",1024,480,true],"1536x1536":["https:\/\/www.carideal.com\/blog\/wp-content\/uploads\/2016\/01\/ds3-restylee-mars-2016-carideal-e1490624733726.jpg",800,375,false],"2048x2048":["https:\/\/www.carideal.com\/blog\/wp-content\/uploads\/2016\/01\/ds3-restylee-mars-2016-carideal-e1490624733726.jpg",800,375,false],"wppr-widget":["https:\/\/www.carideal.com\/blog\/wp-content\/uploads\/2016\/01\/ds3-restylee-mars-2016-carideal-e1490624733726.jpg",50,23,false]},"uagb_author_info":{"display_name":"Nicolas SCHIAVON","author_link":"https:\/\/www.carideal.com\/blog\/author\/nschiavon\/"},"uagb_comment_info":1,"uagb_excerpt":"La Nouvelle DS3 2016 La DS3 a d\u00e9j\u00e0 subi un l\u00e9ger\u00a0restylage il y a deux ans, c'est le moment d'enlever le logo Citroen et d'agopter la calandre DS Wings. La pr\u00e9sentation a eu lieu au louvre le 19 Janvier, et la nouvelle DS3 sera commercialis\u00e9e au mois de mars \u00e0 partir du salon de Gen\u00e8ve.\u2026","_links":{"self":[{"href":"https:\/\/www.carideal.com\/blog\/wp-json\/wp\/v2\/posts\/9202"}],"collection":[{"href":"https:\/\/www.carideal.com\/blog\/wp-json\/wp\/v2\/posts"}],"about":[{"href":"https:\/\/www.carideal.com\/blog\/wp-json\/wp\/v2\/types\/post"}],"author":[{"embeddable":true,"href":"https:\/\/www.carideal.com\/blog\/wp-json\/wp\/v2\/users\/3"}],"replies":[{"embeddable":true,"href":"https:\/\/www.carideal.com\/blog\/wp-json\/wp\/v2\/comments?post=9202"}],"version-history":[{"count":0,"href":"https:\/\/www.carideal.com\/blog\/wp-json\/wp\/v2\/posts\/9202\/revisions"}],"wp:featuredmedia":[{"embeddable":true,"href":"https:\/\/www.carideal.com\/blog\/wp-json\/wp\/v2\/media\/9203"}],"wp:attachment":[{"href":"https:\/\/www.carideal.com\/blog\/wp-json\/wp\/v2\/media?parent=9202"}],"wp:term":[{"taxonomy":"category","embeddable":true,"href":"https:\/\/www.carideal.com\/blog\/wp-json\/wp\/v2\/categories?post=9202"},{"taxonomy":"post_tag","embeddable":true,"href":"https:\/\/www.carideal.com\/blog\/wp-json\/wp\/v2\/tags?post=9202"}],"curies":[{"name":"wp","href":"https:\/\/api.w.org\/{rel}","templated":true}]}}