{"id":905,"date":"2011-03-04T21:59:00","date_gmt":"2011-03-04T21:59:00","guid":{"rendered":"http:\/\/carideal.com\/blog\/?p=905"},"modified":"2020-03-07T18:04:48","modified_gmt":"2020-03-07T17:04:48","slug":"porsche-panamera-s-hybride","status":"publish","type":"post","link":"https:\/\/www.carideal.com\/blog\/2011\/03\/04\/porsche-panamera-s-hybride\/","title":{"rendered":"Porsche Panamera S Hybride"},"content":{"rendered":"<\/p>\n<blockquote>\n<p>La grande Porsche Panam\u00e9ra est la derni\u00e8re \u00e0 passer \u00e0 l'hybride.<\/p>\n<\/blockquote>\n<p>Les technologies entre le Cayenne le la Panamera sont les m\u00eame, un moteur V6 3 litres \u00e0 essence de 333 ch associ\u00e9 \u00e0 un petit <a href=\"\/blog\/index.php?tag\/moteur%20%C3%A9lectrique\">moteur \u00e9lectrique<\/a> de 47 ch. Transmission automatique Tiptronic S \u00e0 8 rapports transmet la puissance aux roues. La puissance totale de 380 ch permet \u00e0 la Porsche Panamera Hybride de passer de 0 \u00e0 100 km\/h en 6 secondes et d'atteindre 270 km\/h.<br \/>\n<img decoding=\"async\" src=\"\/blog\/public\/.Porsche_Panamera_S-Hybrid_carideal_m.jpg\" alt=\"Porsche Panamera Hybride\" title=\"Porsche Panamera Hybride, mar. 2011\" \/><\/p>\n<blockquote>\n<p>Le principe de fonctionnement de la Porsche Panamera Hybride<\/p>\n<\/blockquote>\n<p>Les performances de la versions Hybride sont similaires \u00e0 la version normale. Par contre les consommation semblent divis\u00e9es par deux, seulement 6.8 L\/100 km pour seulement 159 g\/km. Deux ou trois artifice permettent d'obtenir ces chiffres, pneus \u00e0 faible r\u00e9sistance au roulement, et un mode Cruise, qui permet de couper le moteur essence afin d'\u00e9conomiser du carburant, sauf en acc\u00e9l\u00e9ration. La voiture est capable de rouler seulement 2 km en mode \u00e9lectrique et \u00e0 moins de 85 km\/h.<br \/>\n<a href=\"\/blog\/index.php?post\/2011\/02\/24\/Porsche-Cajun\">\/ Porsche Cajun <\/a><br \/>\n<a href=\"\/blog\/index.php?post\/2010\/09\/24\/Voitures-hybrides-l-escroquerie\">\/ Voitures hybrides l'escroquerie<\/a><br \/>\n<a href=\"\/blog\/index.php?post\/2010\/06\/22\/Porsche-Cayenne-2-plus-ecolo-mais-toujours-Porsche\">\/ Porsche Cayenne hybride<\/a><\/p>\n","protected":false},"excerpt":{"rendered":"<p>La grande Porsche Panam\u00e9ra est la derni\u00e8re \u00e0 passer \u00e0 l&rsquo;hybride. Les technologies entre le Cayenne le la Panamera sont les m\u00eame, un moteur V6 3 litres \u00e0 essence de 333 ch associ\u00e9 \u00e0 un petit moteur \u00e9lectrique de 47 ch. Transmission automatique Tiptronic S \u00e0 8 rapports transmet la puissance aux roues. La puissance &#8230; <a title=\"Porsche Panamera S Hybride\" class=\"read-more\" href=\"https:\/\/www.carideal.com\/blog\/2011\/03\/04\/porsche-panamera-s-hybride\/\" aria-label=\"En savoir plus sur Porsche Panamera S Hybride\">Lire plus<\/a><\/p>\n","protected":false},"author":1,"featured_media":0,"comment_status":"open","ping_status":"open","sticky":false,"template":"","format":"standard","meta":{"_uag_custom_page_level_css":"","_themeisle_gutenberg_block_has_review":false,"footnotes":""},"categories":[10],"tags":[120,730],"class_list":["post-905","post","type-post","status-publish","format-standard","hentry","category-marche-automobile-voiture-neuve-occasion-4x4-suv","tag-cayenne","tag-panamera"],"wppr_data":[],"yoast_head":"<!-- This site is optimized with the Yoast SEO plugin v24.8.1 - https:\/\/yoast.com\/wordpress\/plugins\/seo\/ -->\n<title>Porsche Panamera S Hybride - Blog auto Carid\u00e9al<\/title>\n<meta name=\"robots\" content=\"index, follow, max-snippet:-1, max-image-preview:large, max-video-preview:-1\" \/>\n<link rel=\"canonical\" href=\"https:\/\/www.carideal.com\/blog\/2011\/03\/04\/porsche-panamera-s-hybride\/\" \/>\n<meta property=\"og:locale\" content=\"fr_FR\" \/>\n<meta property=\"og:type\" content=\"article\" \/>\n<meta property=\"og:title\" content=\"Porsche Panamera S Hybride - Blog auto Carid\u00e9al\" \/>\n<meta property=\"og:description\" content=\"La grande Porsche Panam\u00e9ra est la derni\u00e8re \u00e0 passer \u00e0 l&#039;hybride. Les technologies entre le Cayenne le la Panamera sont les m\u00eame, un moteur V6 3 litres \u00e0 essence de 333 ch associ\u00e9 \u00e0 un petit moteur \u00e9lectrique de 47 ch. Transmission automatique Tiptronic S \u00e0 8 rapports transmet la puissance aux roues. La puissance ... Lire plus\" \/>\n<meta property=\"og:url\" content=\"https:\/\/www.carideal.com\/blog\/2011\/03\/04\/porsche-panamera-s-hybride\/\" \/>\n<meta property=\"og:site_name\" content=\"Blog auto Carid\u00e9al\" \/>\n<meta property=\"article:publisher\" content=\"https:\/\/www.facebook.com\/Carideal.mandataire.automobile\" \/>\n<meta property=\"article:author\" content=\"https:\/\/www.facebook.com\/Carideal.mandataire.automobile\/\" \/>\n<meta property=\"article:published_time\" content=\"2011-03-04T21:59:00+00:00\" \/>\n<meta property=\"article:modified_time\" content=\"2020-03-07T17:04:48+00:00\" \/>\n<meta property=\"og:image\" content=\"https:\/\/www.carideal.com\/blog\/wp-content\/uploads\/2016\/03\/logo-carideal-mandataire-automobile.png\" \/>\n\t<meta property=\"og:image:width\" content=\"300\" \/>\n\t<meta property=\"og:image:height\" content=\"300\" \/>\n\t<meta property=\"og:image:type\" content=\"image\/png\" \/>\n<meta name=\"author\" content=\"N.S Carideal\" \/>\n<meta name=\"twitter:card\" content=\"summary_large_image\" \/>\n<meta name=\"twitter:creator\" content=\"@caridealauto\" \/>\n<meta name=\"twitter:site\" content=\"@caridealauto\" \/>\n<meta name=\"twitter:label1\" content=\"\u00c9crit par\" \/>\n\t<meta name=\"twitter:data1\" content=\"N.S Carideal\" \/>\n\t<meta name=\"twitter:label2\" content=\"Dur\u00e9e de lecture estim\u00e9e\" \/>\n\t<meta name=\"twitter:data2\" content=\"1 minute\" \/>\n<script type=\"application\/ld+json\" class=\"yoast-schema-graph\">{\"@context\":\"https:\/\/schema.org\",\"@graph\":[{\"@type\":\"Article\",\"@id\":\"https:\/\/www.carideal.com\/blog\/2011\/03\/04\/porsche-panamera-s-hybride\/#article\",\"isPartOf\":{\"@id\":\"https:\/\/www.carideal.com\/blog\/2011\/03\/04\/porsche-panamera-s-hybride\/\"},\"author\":{\"name\":\"N.S Carideal\",\"@id\":\"https:\/\/www.carideal.com\/blog\/#\/schema\/person\/985c7e757d1042d647f21bfaf8d41ebc\"},\"headline\":\"Porsche Panamera S Hybride\",\"datePublished\":\"2011-03-04T21:59:00+00:00\",\"dateModified\":\"2020-03-07T17:04:48+00:00\",\"mainEntityOfPage\":{\"@id\":\"https:\/\/www.carideal.com\/blog\/2011\/03\/04\/porsche-panamera-s-hybride\/\"},\"wordCount\":167,\"commentCount\":0,\"publisher\":{\"@id\":\"https:\/\/www.carideal.com\/blog\/#organization\"},\"keywords\":[\"Cayenne\",\"Panamera\"],\"articleSection\":[\"March\u00e9 automobile\"],\"inLanguage\":\"fr-FR\",\"potentialAction\":[{\"@type\":\"CommentAction\",\"name\":\"Comment\",\"target\":[\"https:\/\/www.carideal.com\/blog\/2011\/03\/04\/porsche-panamera-s-hybride\/#respond\"]}]},{\"@type\":\"WebPage\",\"@id\":\"https:\/\/www.carideal.com\/blog\/2011\/03\/04\/porsche-panamera-s-hybride\/\",\"url\":\"https:\/\/www.carideal.com\/blog\/2011\/03\/04\/porsche-panamera-s-hybride\/\",\"name\":\"Porsche Panamera S Hybride - Blog auto Carid\u00e9al\",\"isPartOf\":{\"@id\":\"https:\/\/www.carideal.com\/blog\/#website\"},\"datePublished\":\"2011-03-04T21:59:00+00:00\",\"dateModified\":\"2020-03-07T17:04:48+00:00\",\"breadcrumb\":{\"@id\":\"https:\/\/www.carideal.com\/blog\/2011\/03\/04\/porsche-panamera-s-hybride\/#breadcrumb\"},\"inLanguage\":\"fr-FR\",\"potentialAction\":[{\"@type\":\"ReadAction\",\"target\":[\"https:\/\/www.carideal.com\/blog\/2011\/03\/04\/porsche-panamera-s-hybride\/\"]}]},{\"@type\":\"BreadcrumbList\",\"@id\":\"https:\/\/www.carideal.com\/blog\/2011\/03\/04\/porsche-panamera-s-hybride\/#breadcrumb\",\"itemListElement\":[{\"@type\":\"ListItem\",\"position\":1,\"name\":\"Blog Carid\u00e9al\",\"item\":\"https:\/\/www.carideal.com\/blog\/\"},{\"@type\":\"ListItem\",\"position\":2,\"name\":\"March\u00e9 automobile\",\"item\":\"https:\/\/www.carideal.com\/blog\/marche-automobile-voiture-neuve-occasion-4x4-suv\/\"},{\"@type\":\"ListItem\",\"position\":3,\"name\":\"Porsche Panamera S Hybride\"}]},{\"@type\":\"WebSite\",\"@id\":\"https:\/\/www.carideal.com\/blog\/#website\",\"url\":\"https:\/\/www.carideal.com\/blog\/\",\"name\":\"Blog auto Carid\u00e9al\",\"description\":\"Actualit\u00e9 auto par des passionn\u00e9s\",\"publisher\":{\"@id\":\"https:\/\/www.carideal.com\/blog\/#organization\"},\"potentialAction\":[{\"@type\":\"SearchAction\",\"target\":{\"@type\":\"EntryPoint\",\"urlTemplate\":\"https:\/\/www.carideal.com\/blog\/?s={search_term_string}\"},\"query-input\":{\"@type\":\"PropertyValueSpecification\",\"valueRequired\":true,\"valueName\":\"search_term_string\"}}],\"inLanguage\":\"fr-FR\"},{\"@type\":\"Organization\",\"@id\":\"https:\/\/www.carideal.com\/blog\/#organization\",\"name\":\"Carideal\",\"url\":\"https:\/\/www.carideal.com\/blog\/\",\"logo\":{\"@type\":\"ImageObject\",\"inLanguage\":\"fr-FR\",\"@id\":\"https:\/\/www.carideal.com\/blog\/#\/schema\/logo\/image\/\",\"url\":\"http:\/\/www.carideal.com\/blog\/wp-content\/uploads\/2016\/03\/logo-carideal-mandataire-automobile.png\",\"contentUrl\":\"http:\/\/www.carideal.com\/blog\/wp-content\/uploads\/2016\/03\/logo-carideal-mandataire-automobile.png\",\"width\":300,\"height\":300,\"caption\":\"Carideal\"},\"image\":{\"@id\":\"https:\/\/www.carideal.com\/blog\/#\/schema\/logo\/image\/\"},\"sameAs\":[\"https:\/\/www.facebook.com\/Carideal.mandataire.automobile\",\"https:\/\/x.com\/caridealauto\",\"https:\/\/www.instagram.com\/carideal1\/\",\"https:\/\/www.linkedin.com\/company\/carideal.com\",\"https:\/\/fr.pinterest.com\/schiavonsas\/\",\"https:\/\/www.youtube.com\/user\/caridealsas\"]},{\"@type\":\"Person\",\"@id\":\"https:\/\/www.carideal.com\/blog\/#\/schema\/person\/985c7e757d1042d647f21bfaf8d41ebc\",\"name\":\"N.S Carideal\",\"image\":{\"@type\":\"ImageObject\",\"inLanguage\":\"fr-FR\",\"@id\":\"https:\/\/www.carideal.com\/blog\/#\/schema\/person\/image\/\",\"url\":\"https:\/\/secure.gravatar.com\/avatar\/edb7ccdf1a4e3d14aef967760d354d0e?s=96&r=g\",\"contentUrl\":\"https:\/\/secure.gravatar.com\/avatar\/edb7ccdf1a4e3d14aef967760d354d0e?s=96&r=g\",\"caption\":\"N.S Carideal\"},\"description\":\"Depuis tout petit fan d'automobile. Il est question d'essayer et de comparer toutes ces voitures qui nous ont fait r\u00e9ver, avant que celles-ci ne devient uniquement des voitures de collection.\",\"sameAs\":[\"http:\/\/www.carideal.com\/blog\",\"https:\/\/www.facebook.com\/Carideal.mandataire.automobile\/\",\"https:\/\/www.linkedin.com\/in\/nschiavon\/\",\"https:\/\/www.youtube.com\/user\/caridealsas\/\"],\"url\":\"https:\/\/www.carideal.com\/blog\/author\/admin_carideal\/\"}]}<\/script>\n<!-- \/ Yoast SEO plugin. -->","yoast_head_json":{"title":"Porsche Panamera S Hybride - Blog auto Carid\u00e9al","robots":{"index":"index","follow":"follow","max-snippet":"max-snippet:-1","max-image-preview":"max-image-preview:large","max-video-preview":"max-video-preview:-1"},"canonical":"https:\/\/www.carideal.com\/blog\/2011\/03\/04\/porsche-panamera-s-hybride\/","og_locale":"fr_FR","og_type":"article","og_title":"Porsche Panamera S Hybride - Blog auto Carid\u00e9al","og_description":"La grande Porsche Panam\u00e9ra est la derni\u00e8re \u00e0 passer \u00e0 l'hybride. Les technologies entre le Cayenne le la Panamera sont les m\u00eame, un moteur V6 3 litres \u00e0 essence de 333 ch associ\u00e9 \u00e0 un petit moteur \u00e9lectrique de 47 ch. Transmission automatique Tiptronic S \u00e0 8 rapports transmet la puissance aux roues. La puissance ... Lire plus","og_url":"https:\/\/www.carideal.com\/blog\/2011\/03\/04\/porsche-panamera-s-hybride\/","og_site_name":"Blog auto Carid\u00e9al","article_publisher":"https:\/\/www.facebook.com\/Carideal.mandataire.automobile","article_author":"https:\/\/www.facebook.com\/Carideal.mandataire.automobile\/","article_published_time":"2011-03-04T21:59:00+00:00","article_modified_time":"2020-03-07T17:04:48+00:00","og_image":[{"width":300,"height":300,"url":"https:\/\/www.carideal.com\/blog\/wp-content\/uploads\/2016\/03\/logo-carideal-mandataire-automobile.png","type":"image\/png"}],"author":"N.S Carideal","twitter_card":"summary_large_image","twitter_creator":"@caridealauto","twitter_site":"@caridealauto","twitter_misc":{"\u00c9crit par":"N.S Carideal","Dur\u00e9e de lecture estim\u00e9e":"1 minute"},"schema":{"@context":"https:\/\/schema.org","@graph":[{"@type":"Article","@id":"https:\/\/www.carideal.com\/blog\/2011\/03\/04\/porsche-panamera-s-hybride\/#article","isPartOf":{"@id":"https:\/\/www.carideal.com\/blog\/2011\/03\/04\/porsche-panamera-s-hybride\/"},"author":{"name":"N.S Carideal","@id":"https:\/\/www.carideal.com\/blog\/#\/schema\/person\/985c7e757d1042d647f21bfaf8d41ebc"},"headline":"Porsche Panamera S Hybride","datePublished":"2011-03-04T21:59:00+00:00","dateModified":"2020-03-07T17:04:48+00:00","mainEntityOfPage":{"@id":"https:\/\/www.carideal.com\/blog\/2011\/03\/04\/porsche-panamera-s-hybride\/"},"wordCount":167,"commentCount":0,"publisher":{"@id":"https:\/\/www.carideal.com\/blog\/#organization"},"keywords":["Cayenne","Panamera"],"articleSection":["March\u00e9 automobile"],"inLanguage":"fr-FR","potentialAction":[{"@type":"CommentAction","name":"Comment","target":["https:\/\/www.carideal.com\/blog\/2011\/03\/04\/porsche-panamera-s-hybride\/#respond"]}]},{"@type":"WebPage","@id":"https:\/\/www.carideal.com\/blog\/2011\/03\/04\/porsche-panamera-s-hybride\/","url":"https:\/\/www.carideal.com\/blog\/2011\/03\/04\/porsche-panamera-s-hybride\/","name":"Porsche Panamera S Hybride - Blog auto Carid\u00e9al","isPartOf":{"@id":"https:\/\/www.carideal.com\/blog\/#website"},"datePublished":"2011-03-04T21:59:00+00:00","dateModified":"2020-03-07T17:04:48+00:00","breadcrumb":{"@id":"https:\/\/www.carideal.com\/blog\/2011\/03\/04\/porsche-panamera-s-hybride\/#breadcrumb"},"inLanguage":"fr-FR","potentialAction":[{"@type":"ReadAction","target":["https:\/\/www.carideal.com\/blog\/2011\/03\/04\/porsche-panamera-s-hybride\/"]}]},{"@type":"BreadcrumbList","@id":"https:\/\/www.carideal.com\/blog\/2011\/03\/04\/porsche-panamera-s-hybride\/#breadcrumb","itemListElement":[{"@type":"ListItem","position":1,"name":"Blog Carid\u00e9al","item":"https:\/\/www.carideal.com\/blog\/"},{"@type":"ListItem","position":2,"name":"March\u00e9 automobile","item":"https:\/\/www.carideal.com\/blog\/marche-automobile-voiture-neuve-occasion-4x4-suv\/"},{"@type":"ListItem","position":3,"name":"Porsche Panamera S Hybride"}]},{"@type":"WebSite","@id":"https:\/\/www.carideal.com\/blog\/#website","url":"https:\/\/www.carideal.com\/blog\/","name":"Blog auto Carid\u00e9al","description":"Actualit\u00e9 auto par des passionn\u00e9s","publisher":{"@id":"https:\/\/www.carideal.com\/blog\/#organization"},"potentialAction":[{"@type":"SearchAction","target":{"@type":"EntryPoint","urlTemplate":"https:\/\/www.carideal.com\/blog\/?s={search_term_string}"},"query-input":{"@type":"PropertyValueSpecification","valueRequired":true,"valueName":"search_term_string"}}],"inLanguage":"fr-FR"},{"@type":"Organization","@id":"https:\/\/www.carideal.com\/blog\/#organization","name":"Carideal","url":"https:\/\/www.carideal.com\/blog\/","logo":{"@type":"ImageObject","inLanguage":"fr-FR","@id":"https:\/\/www.carideal.com\/blog\/#\/schema\/logo\/image\/","url":"http:\/\/www.carideal.com\/blog\/wp-content\/uploads\/2016\/03\/logo-carideal-mandataire-automobile.png","contentUrl":"http:\/\/www.carideal.com\/blog\/wp-content\/uploads\/2016\/03\/logo-carideal-mandataire-automobile.png","width":300,"height":300,"caption":"Carideal"},"image":{"@id":"https:\/\/www.carideal.com\/blog\/#\/schema\/logo\/image\/"},"sameAs":["https:\/\/www.facebook.com\/Carideal.mandataire.automobile","https:\/\/x.com\/caridealauto","https:\/\/www.instagram.com\/carideal1\/","https:\/\/www.linkedin.com\/company\/carideal.com","https:\/\/fr.pinterest.com\/schiavonsas\/","https:\/\/www.youtube.com\/user\/caridealsas"]},{"@type":"Person","@id":"https:\/\/www.carideal.com\/blog\/#\/schema\/person\/985c7e757d1042d647f21bfaf8d41ebc","name":"N.S Carideal","image":{"@type":"ImageObject","inLanguage":"fr-FR","@id":"https:\/\/www.carideal.com\/blog\/#\/schema\/person\/image\/","url":"https:\/\/secure.gravatar.com\/avatar\/edb7ccdf1a4e3d14aef967760d354d0e?s=96&r=g","contentUrl":"https:\/\/secure.gravatar.com\/avatar\/edb7ccdf1a4e3d14aef967760d354d0e?s=96&r=g","caption":"N.S Carideal"},"description":"Depuis tout petit fan d'automobile. Il est question d'essayer et de comparer toutes ces voitures qui nous ont fait r\u00e9ver, avant que celles-ci ne devient uniquement des voitures de collection.","sameAs":["http:\/\/www.carideal.com\/blog","https:\/\/www.facebook.com\/Carideal.mandataire.automobile\/","https:\/\/www.linkedin.com\/in\/nschiavon\/","https:\/\/www.youtube.com\/user\/caridealsas\/"],"url":"https:\/\/www.carideal.com\/blog\/author\/admin_carideal\/"}]}},"uagb_featured_image_src":{"full":false,"thumbnail":false,"medium":false,"medium_large":false,"large":false,"1536x1536":false,"2048x2048":false,"wppr-widget":false},"uagb_author_info":{"display_name":"N.S Carideal","author_link":"https:\/\/www.carideal.com\/blog\/author\/admin_carideal\/"},"uagb_comment_info":0,"uagb_excerpt":"La grande Porsche Panam\u00e9ra est la derni\u00e8re \u00e0 passer \u00e0 l'hybride. Les technologies entre le Cayenne le la Panamera sont les m\u00eame, un moteur V6 3 litres \u00e0 essence de 333 ch associ\u00e9 \u00e0 un petit moteur \u00e9lectrique de 47 ch. Transmission automatique Tiptronic S \u00e0 8 rapports transmet la puissance aux roues. La puissance\u2026","_links":{"self":[{"href":"https:\/\/www.carideal.com\/blog\/wp-json\/wp\/v2\/posts\/905"}],"collection":[{"href":"https:\/\/www.carideal.com\/blog\/wp-json\/wp\/v2\/posts"}],"about":[{"href":"https:\/\/www.carideal.com\/blog\/wp-json\/wp\/v2\/types\/post"}],"author":[{"embeddable":true,"href":"https:\/\/www.carideal.com\/blog\/wp-json\/wp\/v2\/users\/1"}],"replies":[{"embeddable":true,"href":"https:\/\/www.carideal.com\/blog\/wp-json\/wp\/v2\/comments?post=905"}],"version-history":[{"count":0,"href":"https:\/\/www.carideal.com\/blog\/wp-json\/wp\/v2\/posts\/905\/revisions"}],"wp:attachment":[{"href":"https:\/\/www.carideal.com\/blog\/wp-json\/wp\/v2\/media?parent=905"}],"wp:term":[{"taxonomy":"category","embeddable":true,"href":"https:\/\/www.carideal.com\/blog\/wp-json\/wp\/v2\/categories?post=905"},{"taxonomy":"post_tag","embeddable":true,"href":"https:\/\/www.carideal.com\/blog\/wp-json\/wp\/v2\/tags?post=905"}],"curies":[{"name":"wp","href":"https:\/\/api.w.org\/{rel}","templated":true}]}}