{"id":904,"date":"2011-03-04T21:06:00","date_gmt":"2011-03-04T21:06:00","guid":{"rendered":"http:\/\/carideal.com\/blog\/?p=904"},"modified":"2020-04-14T10:13:59","modified_gmt":"2020-04-14T08:13:59","slug":"concept-car-mini-rocketman","status":"publish","type":"post","link":"https:\/\/www.carideal.com\/blog\/2011\/03\/04\/concept-car-mini-rocketman\/","title":{"rendered":"Concept Car Mini Rocketman"},"content":{"rendered":"<p><img decoding=\"async\" src=\"\/blog\/public\/.Mini_rocketman_concept_achat_carideal_mandataire_auto_m.jpg\" alt=\"Concept Car Mini Rocketman\" title=\"Concept Car Mini Rocketman, mar. 2011\" \/><\/p>\n<blockquote>\n<p>Mini pr\u00e9sente \u00e0 <a href=\"\/blog\/index.php?tag\/Gen%C3%A8ve\">Gen\u00e8ve<\/a> son concept car Rocketman<\/p>\n<\/blockquote>\n<p>Depuis son lancement la Mini Nouvelle mouture, ne cesse de grandir et de prendre du volume, \u00e0 l'instar du break  Countryman de 4.10 m. La Mini originale mesurait elle 3.05 m ce qui faisait son charme.<br \/>\nLe Projet Rocketman de Mini plus courte de 28 cm, \u00e0 3.42 m sera commercialis\u00e9 courant 2013. Pour se format, la place est forc\u00e9ment tr\u00e8s r\u00e9duite et le volume du coffre va s'en ressentir. Mini confirme la pr\u00e9sence de tiroirs de rangement coulissant sous la banquette arri\u00e8re, permettant d'y loger un snowboard !<br \/>\nLa voiture devrait \u00eatre \u00e9quip\u00e9e d'un moteur diesel trois cylindres ne consommant que 3L au 100 km. ce moteur devrait aussi \u00e9quiper les <a href=\"\/blog\/index.php?tag\/BMW\">BMW<\/a> <a href=\"\/blog\/index.php?tag\/s%C3%A9rie%201\">s\u00e9rie 1<\/a> et <a href=\"\/blog\/index.php?tag\/s%C3%A9rie%203\">s\u00e9rie 3<\/a><\/p>\n<p>\/ Les Mini de 2011<br \/>\n\/ BMW<br \/>\n<a href=\"\/blog\/index.php?post\/2011\/02\/07\/BMW-et-PSA-Peugeot-Citroen-fonde-une-joint-venture-pour-develloper-les-technologies-hybrides\">\/ BMW et PSA fondent une joint venture pour l'hybride<\/a><\/p>\n","protected":false},"excerpt":{"rendered":"<p>Mini pr\u00e9sente \u00e0 Gen\u00e8ve son concept car Rocketman Depuis son lancement la Mini Nouvelle mouture, ne cesse de grandir et de prendre du volume, \u00e0 l&rsquo;instar du break Countryman de 4.10 m. La Mini originale mesurait elle 3.05 m ce qui faisait son charme. Le Projet Rocketman de Mini plus courte de 28 cm, \u00e0 &#8230; <a title=\"Concept Car Mini Rocketman\" class=\"read-more\" href=\"https:\/\/www.carideal.com\/blog\/2011\/03\/04\/concept-car-mini-rocketman\/\" aria-label=\"En savoir plus sur Concept Car Mini Rocketman\">Lire plus<\/a><\/p>\n","protected":false},"author":1,"featured_media":0,"comment_status":"open","ping_status":"open","sticky":false,"template":"","format":"standard","meta":{"_uag_custom_page_level_css":"","_themeisle_gutenberg_block_has_review":false,"footnotes":""},"categories":[10],"tags":[],"class_list":["post-904","post","type-post","status-publish","format-standard","hentry","category-marche-automobile-voiture-neuve-occasion-4x4-suv"],"wppr_data":[],"yoast_head":"<!-- This site is optimized with the Yoast SEO plugin v24.8.1 - https:\/\/yoast.com\/wordpress\/plugins\/seo\/ -->\n<title>Concept Car Mini Rocketman - Blog auto Carid\u00e9al<\/title>\n<meta name=\"robots\" content=\"index, follow, max-snippet:-1, max-image-preview:large, max-video-preview:-1\" \/>\n<link rel=\"canonical\" href=\"https:\/\/www.carideal.com\/blog\/2011\/03\/04\/concept-car-mini-rocketman\/\" \/>\n<meta property=\"og:locale\" content=\"fr_FR\" \/>\n<meta property=\"og:type\" content=\"article\" \/>\n<meta property=\"og:title\" content=\"Concept Car Mini Rocketman - Blog auto Carid\u00e9al\" \/>\n<meta property=\"og:description\" content=\"Mini pr\u00e9sente \u00e0 Gen\u00e8ve son concept car Rocketman Depuis son lancement la Mini Nouvelle mouture, ne cesse de grandir et de prendre du volume, \u00e0 l&#039;instar du break Countryman de 4.10 m. La Mini originale mesurait elle 3.05 m ce qui faisait son charme. Le Projet Rocketman de Mini plus courte de 28 cm, \u00e0 ... Lire plus\" \/>\n<meta property=\"og:url\" content=\"https:\/\/www.carideal.com\/blog\/2011\/03\/04\/concept-car-mini-rocketman\/\" \/>\n<meta property=\"og:site_name\" content=\"Blog auto Carid\u00e9al\" \/>\n<meta property=\"article:publisher\" content=\"https:\/\/www.facebook.com\/Carideal.mandataire.automobile\" \/>\n<meta property=\"article:author\" content=\"https:\/\/www.facebook.com\/Carideal.mandataire.automobile\/\" \/>\n<meta property=\"article:published_time\" content=\"2011-03-04T21:06:00+00:00\" \/>\n<meta property=\"article:modified_time\" content=\"2020-04-14T08:13:59+00:00\" \/>\n<meta property=\"og:image\" content=\"https:\/\/www.carideal.com\/blog\/wp-content\/uploads\/2016\/03\/logo-carideal-mandataire-automobile.png\" \/>\n\t<meta property=\"og:image:width\" content=\"300\" \/>\n\t<meta property=\"og:image:height\" content=\"300\" \/>\n\t<meta property=\"og:image:type\" content=\"image\/png\" \/>\n<meta name=\"author\" content=\"N.S Carideal\" \/>\n<meta name=\"twitter:card\" content=\"summary_large_image\" \/>\n<meta name=\"twitter:creator\" content=\"@caridealauto\" \/>\n<meta name=\"twitter:site\" content=\"@caridealauto\" \/>\n<meta name=\"twitter:label1\" content=\"\u00c9crit par\" \/>\n\t<meta name=\"twitter:data1\" content=\"N.S Carideal\" \/>\n\t<meta name=\"twitter:label2\" content=\"Dur\u00e9e de lecture estim\u00e9e\" \/>\n\t<meta name=\"twitter:data2\" content=\"1 minute\" \/>\n<script type=\"application\/ld+json\" class=\"yoast-schema-graph\">{\"@context\":\"https:\/\/schema.org\",\"@graph\":[{\"@type\":\"Article\",\"@id\":\"https:\/\/www.carideal.com\/blog\/2011\/03\/04\/concept-car-mini-rocketman\/#article\",\"isPartOf\":{\"@id\":\"https:\/\/www.carideal.com\/blog\/2011\/03\/04\/concept-car-mini-rocketman\/\"},\"author\":{\"name\":\"N.S Carideal\",\"@id\":\"https:\/\/www.carideal.com\/blog\/#\/schema\/person\/985c7e757d1042d647f21bfaf8d41ebc\"},\"headline\":\"Concept Car Mini Rocketman\",\"datePublished\":\"2011-03-04T21:06:00+00:00\",\"dateModified\":\"2020-04-14T08:13:59+00:00\",\"mainEntityOfPage\":{\"@id\":\"https:\/\/www.carideal.com\/blog\/2011\/03\/04\/concept-car-mini-rocketman\/\"},\"wordCount\":141,\"commentCount\":0,\"publisher\":{\"@id\":\"https:\/\/www.carideal.com\/blog\/#organization\"},\"articleSection\":[\"March\u00e9 automobile\"],\"inLanguage\":\"fr-FR\",\"potentialAction\":[{\"@type\":\"CommentAction\",\"name\":\"Comment\",\"target\":[\"https:\/\/www.carideal.com\/blog\/2011\/03\/04\/concept-car-mini-rocketman\/#respond\"]}]},{\"@type\":\"WebPage\",\"@id\":\"https:\/\/www.carideal.com\/blog\/2011\/03\/04\/concept-car-mini-rocketman\/\",\"url\":\"https:\/\/www.carideal.com\/blog\/2011\/03\/04\/concept-car-mini-rocketman\/\",\"name\":\"Concept Car Mini Rocketman - Blog auto Carid\u00e9al\",\"isPartOf\":{\"@id\":\"https:\/\/www.carideal.com\/blog\/#website\"},\"datePublished\":\"2011-03-04T21:06:00+00:00\",\"dateModified\":\"2020-04-14T08:13:59+00:00\",\"breadcrumb\":{\"@id\":\"https:\/\/www.carideal.com\/blog\/2011\/03\/04\/concept-car-mini-rocketman\/#breadcrumb\"},\"inLanguage\":\"fr-FR\",\"potentialAction\":[{\"@type\":\"ReadAction\",\"target\":[\"https:\/\/www.carideal.com\/blog\/2011\/03\/04\/concept-car-mini-rocketman\/\"]}]},{\"@type\":\"BreadcrumbList\",\"@id\":\"https:\/\/www.carideal.com\/blog\/2011\/03\/04\/concept-car-mini-rocketman\/#breadcrumb\",\"itemListElement\":[{\"@type\":\"ListItem\",\"position\":1,\"name\":\"Blog Carid\u00e9al\",\"item\":\"https:\/\/www.carideal.com\/blog\/\"},{\"@type\":\"ListItem\",\"position\":2,\"name\":\"March\u00e9 automobile\",\"item\":\"https:\/\/www.carideal.com\/blog\/marche-automobile-voiture-neuve-occasion-4x4-suv\/\"},{\"@type\":\"ListItem\",\"position\":3,\"name\":\"Concept Car Mini Rocketman\"}]},{\"@type\":\"WebSite\",\"@id\":\"https:\/\/www.carideal.com\/blog\/#website\",\"url\":\"https:\/\/www.carideal.com\/blog\/\",\"name\":\"Blog auto Carid\u00e9al\",\"description\":\"Actualit\u00e9 auto par des passionn\u00e9s\",\"publisher\":{\"@id\":\"https:\/\/www.carideal.com\/blog\/#organization\"},\"potentialAction\":[{\"@type\":\"SearchAction\",\"target\":{\"@type\":\"EntryPoint\",\"urlTemplate\":\"https:\/\/www.carideal.com\/blog\/?s={search_term_string}\"},\"query-input\":{\"@type\":\"PropertyValueSpecification\",\"valueRequired\":true,\"valueName\":\"search_term_string\"}}],\"inLanguage\":\"fr-FR\"},{\"@type\":\"Organization\",\"@id\":\"https:\/\/www.carideal.com\/blog\/#organization\",\"name\":\"Carideal\",\"url\":\"https:\/\/www.carideal.com\/blog\/\",\"logo\":{\"@type\":\"ImageObject\",\"inLanguage\":\"fr-FR\",\"@id\":\"https:\/\/www.carideal.com\/blog\/#\/schema\/logo\/image\/\",\"url\":\"http:\/\/www.carideal.com\/blog\/wp-content\/uploads\/2016\/03\/logo-carideal-mandataire-automobile.png\",\"contentUrl\":\"http:\/\/www.carideal.com\/blog\/wp-content\/uploads\/2016\/03\/logo-carideal-mandataire-automobile.png\",\"width\":300,\"height\":300,\"caption\":\"Carideal\"},\"image\":{\"@id\":\"https:\/\/www.carideal.com\/blog\/#\/schema\/logo\/image\/\"},\"sameAs\":[\"https:\/\/www.facebook.com\/Carideal.mandataire.automobile\",\"https:\/\/x.com\/caridealauto\",\"https:\/\/www.instagram.com\/carideal1\/\",\"https:\/\/www.linkedin.com\/company\/carideal.com\",\"https:\/\/fr.pinterest.com\/schiavonsas\/\",\"https:\/\/www.youtube.com\/user\/caridealsas\"]},{\"@type\":\"Person\",\"@id\":\"https:\/\/www.carideal.com\/blog\/#\/schema\/person\/985c7e757d1042d647f21bfaf8d41ebc\",\"name\":\"N.S Carideal\",\"image\":{\"@type\":\"ImageObject\",\"inLanguage\":\"fr-FR\",\"@id\":\"https:\/\/www.carideal.com\/blog\/#\/schema\/person\/image\/\",\"url\":\"https:\/\/secure.gravatar.com\/avatar\/edb7ccdf1a4e3d14aef967760d354d0e?s=96&r=g\",\"contentUrl\":\"https:\/\/secure.gravatar.com\/avatar\/edb7ccdf1a4e3d14aef967760d354d0e?s=96&r=g\",\"caption\":\"N.S Carideal\"},\"description\":\"Depuis tout petit fan d'automobile. Il est question d'essayer et de comparer toutes ces voitures qui nous ont fait r\u00e9ver, avant que celles-ci ne devient uniquement des voitures de collection.\",\"sameAs\":[\"http:\/\/www.carideal.com\/blog\",\"https:\/\/www.facebook.com\/Carideal.mandataire.automobile\/\",\"https:\/\/www.linkedin.com\/in\/nschiavon\/\",\"https:\/\/www.youtube.com\/user\/caridealsas\/\"],\"url\":\"https:\/\/www.carideal.com\/blog\/author\/admin_carideal\/\"}]}<\/script>\n<!-- \/ Yoast SEO plugin. -->","yoast_head_json":{"title":"Concept Car Mini Rocketman - Blog auto Carid\u00e9al","robots":{"index":"index","follow":"follow","max-snippet":"max-snippet:-1","max-image-preview":"max-image-preview:large","max-video-preview":"max-video-preview:-1"},"canonical":"https:\/\/www.carideal.com\/blog\/2011\/03\/04\/concept-car-mini-rocketman\/","og_locale":"fr_FR","og_type":"article","og_title":"Concept Car Mini Rocketman - Blog auto Carid\u00e9al","og_description":"Mini pr\u00e9sente \u00e0 Gen\u00e8ve son concept car Rocketman Depuis son lancement la Mini Nouvelle mouture, ne cesse de grandir et de prendre du volume, \u00e0 l'instar du break Countryman de 4.10 m. La Mini originale mesurait elle 3.05 m ce qui faisait son charme. Le Projet Rocketman de Mini plus courte de 28 cm, \u00e0 ... Lire plus","og_url":"https:\/\/www.carideal.com\/blog\/2011\/03\/04\/concept-car-mini-rocketman\/","og_site_name":"Blog auto Carid\u00e9al","article_publisher":"https:\/\/www.facebook.com\/Carideal.mandataire.automobile","article_author":"https:\/\/www.facebook.com\/Carideal.mandataire.automobile\/","article_published_time":"2011-03-04T21:06:00+00:00","article_modified_time":"2020-04-14T08:13:59+00:00","og_image":[{"width":300,"height":300,"url":"https:\/\/www.carideal.com\/blog\/wp-content\/uploads\/2016\/03\/logo-carideal-mandataire-automobile.png","type":"image\/png"}],"author":"N.S Carideal","twitter_card":"summary_large_image","twitter_creator":"@caridealauto","twitter_site":"@caridealauto","twitter_misc":{"\u00c9crit par":"N.S Carideal","Dur\u00e9e de lecture estim\u00e9e":"1 minute"},"schema":{"@context":"https:\/\/schema.org","@graph":[{"@type":"Article","@id":"https:\/\/www.carideal.com\/blog\/2011\/03\/04\/concept-car-mini-rocketman\/#article","isPartOf":{"@id":"https:\/\/www.carideal.com\/blog\/2011\/03\/04\/concept-car-mini-rocketman\/"},"author":{"name":"N.S Carideal","@id":"https:\/\/www.carideal.com\/blog\/#\/schema\/person\/985c7e757d1042d647f21bfaf8d41ebc"},"headline":"Concept Car Mini Rocketman","datePublished":"2011-03-04T21:06:00+00:00","dateModified":"2020-04-14T08:13:59+00:00","mainEntityOfPage":{"@id":"https:\/\/www.carideal.com\/blog\/2011\/03\/04\/concept-car-mini-rocketman\/"},"wordCount":141,"commentCount":0,"publisher":{"@id":"https:\/\/www.carideal.com\/blog\/#organization"},"articleSection":["March\u00e9 automobile"],"inLanguage":"fr-FR","potentialAction":[{"@type":"CommentAction","name":"Comment","target":["https:\/\/www.carideal.com\/blog\/2011\/03\/04\/concept-car-mini-rocketman\/#respond"]}]},{"@type":"WebPage","@id":"https:\/\/www.carideal.com\/blog\/2011\/03\/04\/concept-car-mini-rocketman\/","url":"https:\/\/www.carideal.com\/blog\/2011\/03\/04\/concept-car-mini-rocketman\/","name":"Concept Car Mini Rocketman - Blog auto Carid\u00e9al","isPartOf":{"@id":"https:\/\/www.carideal.com\/blog\/#website"},"datePublished":"2011-03-04T21:06:00+00:00","dateModified":"2020-04-14T08:13:59+00:00","breadcrumb":{"@id":"https:\/\/www.carideal.com\/blog\/2011\/03\/04\/concept-car-mini-rocketman\/#breadcrumb"},"inLanguage":"fr-FR","potentialAction":[{"@type":"ReadAction","target":["https:\/\/www.carideal.com\/blog\/2011\/03\/04\/concept-car-mini-rocketman\/"]}]},{"@type":"BreadcrumbList","@id":"https:\/\/www.carideal.com\/blog\/2011\/03\/04\/concept-car-mini-rocketman\/#breadcrumb","itemListElement":[{"@type":"ListItem","position":1,"name":"Blog Carid\u00e9al","item":"https:\/\/www.carideal.com\/blog\/"},{"@type":"ListItem","position":2,"name":"March\u00e9 automobile","item":"https:\/\/www.carideal.com\/blog\/marche-automobile-voiture-neuve-occasion-4x4-suv\/"},{"@type":"ListItem","position":3,"name":"Concept Car Mini Rocketman"}]},{"@type":"WebSite","@id":"https:\/\/www.carideal.com\/blog\/#website","url":"https:\/\/www.carideal.com\/blog\/","name":"Blog auto Carid\u00e9al","description":"Actualit\u00e9 auto par des passionn\u00e9s","publisher":{"@id":"https:\/\/www.carideal.com\/blog\/#organization"},"potentialAction":[{"@type":"SearchAction","target":{"@type":"EntryPoint","urlTemplate":"https:\/\/www.carideal.com\/blog\/?s={search_term_string}"},"query-input":{"@type":"PropertyValueSpecification","valueRequired":true,"valueName":"search_term_string"}}],"inLanguage":"fr-FR"},{"@type":"Organization","@id":"https:\/\/www.carideal.com\/blog\/#organization","name":"Carideal","url":"https:\/\/www.carideal.com\/blog\/","logo":{"@type":"ImageObject","inLanguage":"fr-FR","@id":"https:\/\/www.carideal.com\/blog\/#\/schema\/logo\/image\/","url":"http:\/\/www.carideal.com\/blog\/wp-content\/uploads\/2016\/03\/logo-carideal-mandataire-automobile.png","contentUrl":"http:\/\/www.carideal.com\/blog\/wp-content\/uploads\/2016\/03\/logo-carideal-mandataire-automobile.png","width":300,"height":300,"caption":"Carideal"},"image":{"@id":"https:\/\/www.carideal.com\/blog\/#\/schema\/logo\/image\/"},"sameAs":["https:\/\/www.facebook.com\/Carideal.mandataire.automobile","https:\/\/x.com\/caridealauto","https:\/\/www.instagram.com\/carideal1\/","https:\/\/www.linkedin.com\/company\/carideal.com","https:\/\/fr.pinterest.com\/schiavonsas\/","https:\/\/www.youtube.com\/user\/caridealsas"]},{"@type":"Person","@id":"https:\/\/www.carideal.com\/blog\/#\/schema\/person\/985c7e757d1042d647f21bfaf8d41ebc","name":"N.S Carideal","image":{"@type":"ImageObject","inLanguage":"fr-FR","@id":"https:\/\/www.carideal.com\/blog\/#\/schema\/person\/image\/","url":"https:\/\/secure.gravatar.com\/avatar\/edb7ccdf1a4e3d14aef967760d354d0e?s=96&r=g","contentUrl":"https:\/\/secure.gravatar.com\/avatar\/edb7ccdf1a4e3d14aef967760d354d0e?s=96&r=g","caption":"N.S Carideal"},"description":"Depuis tout petit fan d'automobile. Il est question d'essayer et de comparer toutes ces voitures qui nous ont fait r\u00e9ver, avant que celles-ci ne devient uniquement des voitures de collection.","sameAs":["http:\/\/www.carideal.com\/blog","https:\/\/www.facebook.com\/Carideal.mandataire.automobile\/","https:\/\/www.linkedin.com\/in\/nschiavon\/","https:\/\/www.youtube.com\/user\/caridealsas\/"],"url":"https:\/\/www.carideal.com\/blog\/author\/admin_carideal\/"}]}},"uagb_featured_image_src":{"full":false,"thumbnail":false,"medium":false,"medium_large":false,"large":false,"1536x1536":false,"2048x2048":false,"wppr-widget":false},"uagb_author_info":{"display_name":"N.S Carideal","author_link":"https:\/\/www.carideal.com\/blog\/author\/admin_carideal\/"},"uagb_comment_info":0,"uagb_excerpt":"Mini pr\u00e9sente \u00e0 Gen\u00e8ve son concept car Rocketman Depuis son lancement la Mini Nouvelle mouture, ne cesse de grandir et de prendre du volume, \u00e0 l'instar du break Countryman de 4.10 m. La Mini originale mesurait elle 3.05 m ce qui faisait son charme. Le Projet Rocketman de Mini plus courte de 28 cm, \u00e0\u2026","_links":{"self":[{"href":"https:\/\/www.carideal.com\/blog\/wp-json\/wp\/v2\/posts\/904"}],"collection":[{"href":"https:\/\/www.carideal.com\/blog\/wp-json\/wp\/v2\/posts"}],"about":[{"href":"https:\/\/www.carideal.com\/blog\/wp-json\/wp\/v2\/types\/post"}],"author":[{"embeddable":true,"href":"https:\/\/www.carideal.com\/blog\/wp-json\/wp\/v2\/users\/1"}],"replies":[{"embeddable":true,"href":"https:\/\/www.carideal.com\/blog\/wp-json\/wp\/v2\/comments?post=904"}],"version-history":[{"count":0,"href":"https:\/\/www.carideal.com\/blog\/wp-json\/wp\/v2\/posts\/904\/revisions"}],"wp:attachment":[{"href":"https:\/\/www.carideal.com\/blog\/wp-json\/wp\/v2\/media?parent=904"}],"wp:term":[{"taxonomy":"category","embeddable":true,"href":"https:\/\/www.carideal.com\/blog\/wp-json\/wp\/v2\/categories?post=904"},{"taxonomy":"post_tag","embeddable":true,"href":"https:\/\/www.carideal.com\/blog\/wp-json\/wp\/v2\/tags?post=904"}],"curies":[{"name":"wp","href":"https:\/\/api.w.org\/{rel}","templated":true}]}}