{"id":901,"date":"2011-02-28T12:36:00","date_gmt":"2011-02-28T12:36:00","guid":{"rendered":"http:\/\/carideal.com\/blog\/?p=901"},"modified":"2020-04-14T10:13:56","modified_gmt":"2020-04-14T08:13:56","slug":"nouvelle-bmw-650i-cabriolet","status":"publish","type":"post","link":"https:\/\/www.carideal.com\/blog\/2011\/02\/28\/nouvelle-bmw-650i-cabriolet\/","title":{"rendered":"Nouvelle BMW 650i cabriolet"},"content":{"rendered":"<p><img decoding=\"async\" src=\"\/blog\/public\/.bmw_650_cabriolet_carideal_achat_mandataire_m.jpg\" alt=\"bmw 650i cabriolet\" title=\"bmw 650i cabriolet, f\u00e9v. 2011\" \/><\/p>\n<blockquote>\n<p>19 secondes seulement pour ouvrir la capote de toile, jusqu'en roulant \u00e0 40 km\/h pour la <a href=\"\/blog\/index.php?tag\/BMW%20650i%20Cabriolet\">BMW 650i Cabriolet<\/a><\/p>\n<\/blockquote>\n<p>La nouvelle BMW s\u00e9rie 6 sera d'abord commercialis\u00e9e dans sa version cabriolet d\u00e8s le 24 Mars, puis en coup\u00e9 \u00e0 l'automne seulement. Toute la technologie avanc\u00e9 de BMW se trouve dans cette voiture...\u00e0 quatre roues directrices. La voiture sera \u00e9quip\u00e9e de l'alerte de franchissement de ligne, la d\u00e9tection d'angle mort, la lecture des panneaux de limitation de vitesse et a retravaill\u00e9 les \u00e9missions de CO2.<br \/>\nLa s\u00e9rie 6 ne propose mas de motorisation diesel pour le moment il faudra se contenter d'un six cylindres 3L turbo de 320 ch consommant seulement <strong>7.9 l\/100 km<\/strong> !! <strong>C'est 0.3 L\/100 km de moins qu'une Clio RS !!<\/strong>pour 117 ch et 640 kg de moins, c'est pour dire la technologie que BMW a mis dans son cabriolet. Le 650 i lui consomme un peu plus....son V8 biturbo et injection directe, propulsant d\u00e9j\u00e0 le X6, d\u00e9veloppe 407 ch.\n<\/p>\n<blockquote>\n<p>Belle prestation pour les places arri\u00e8res du cabriolet BMW 650i<\/p>\n<\/blockquote>\n<p>Ce cabriolet est tellement bien insonoris\u00e9 qu'on entend moins le moteur que dans le X6 . L'option Adaptative Drive \u00e0 4000 \u20ac permet de jouer sur les suspensions, alors que le bouton sport permettra de r\u00e8gler la gestion des passages de rapports de boite, le durcissement de la direction et de modifier le \"glouglou\" du V8. Le silence \u00e0 bord est impressionnant.\n<\/p>\n<blockquote>\n<p>belle finition du levier de la boite automatique \u00e0 8 rapports<\/p>\n<\/blockquote>\n<p>\n<\/p>\n<blockquote>\n<p>bel arri\u00e8re de la BMW 650 i cabriolet<\/p>\n<\/blockquote>\n<p>\n\/ Les BMW de 2011<br \/>\n<a href=\"\/blog\/index.php?post\/2011\/01\/17\/Les-Mercedes-de-2011\">\/ Les Mercedes de 2011<\/a><\/p>\n","protected":false},"excerpt":{"rendered":"<p>19 secondes seulement pour ouvrir la capote de toile, jusqu&rsquo;en roulant \u00e0 40 km\/h pour la BMW 650i Cabriolet La nouvelle BMW s\u00e9rie 6 sera d&rsquo;abord commercialis\u00e9e dans sa version cabriolet d\u00e8s le 24 Mars, puis en coup\u00e9 \u00e0 l&rsquo;automne seulement. Toute la technologie avanc\u00e9 de BMW se trouve dans cette voiture&#8230;\u00e0 quatre roues directrices. &#8230; <a title=\"Nouvelle BMW 650i cabriolet\" class=\"read-more\" href=\"https:\/\/www.carideal.com\/blog\/2011\/02\/28\/nouvelle-bmw-650i-cabriolet\/\" aria-label=\"En savoir plus sur Nouvelle BMW 650i cabriolet\">Lire plus<\/a><\/p>\n","protected":false},"author":1,"featured_media":0,"comment_status":"open","ping_status":"open","sticky":false,"template":"","format":"standard","meta":{"_uag_custom_page_level_css":"","_themeisle_gutenberg_block_has_review":false,"footnotes":""},"categories":[10],"tags":[570],"class_list":["post-901","post","type-post","status-publish","format-standard","hentry","category-marche-automobile-voiture-neuve-occasion-4x4-suv","tag-v8"],"wppr_data":[],"yoast_head":"<!-- This site is optimized with the Yoast SEO plugin v24.8.1 - https:\/\/yoast.com\/wordpress\/plugins\/seo\/ -->\n<title>Nouvelle BMW 650i cabriolet - Blog auto Carid\u00e9al<\/title>\n<meta name=\"robots\" content=\"index, follow, max-snippet:-1, max-image-preview:large, max-video-preview:-1\" \/>\n<link rel=\"canonical\" href=\"https:\/\/www.carideal.com\/blog\/2011\/02\/28\/nouvelle-bmw-650i-cabriolet\/\" \/>\n<meta property=\"og:locale\" content=\"fr_FR\" \/>\n<meta property=\"og:type\" content=\"article\" \/>\n<meta property=\"og:title\" content=\"Nouvelle BMW 650i cabriolet - Blog auto Carid\u00e9al\" \/>\n<meta property=\"og:description\" content=\"19 secondes seulement pour ouvrir la capote de toile, jusqu&#039;en roulant \u00e0 40 km\/h pour la BMW 650i Cabriolet La nouvelle BMW s\u00e9rie 6 sera d&#039;abord commercialis\u00e9e dans sa version cabriolet d\u00e8s le 24 Mars, puis en coup\u00e9 \u00e0 l&#039;automne seulement. Toute la technologie avanc\u00e9 de BMW se trouve dans cette voiture...\u00e0 quatre roues directrices. ... Lire plus\" \/>\n<meta property=\"og:url\" content=\"https:\/\/www.carideal.com\/blog\/2011\/02\/28\/nouvelle-bmw-650i-cabriolet\/\" \/>\n<meta property=\"og:site_name\" content=\"Blog auto Carid\u00e9al\" \/>\n<meta property=\"article:publisher\" content=\"https:\/\/www.facebook.com\/Carideal.mandataire.automobile\" \/>\n<meta property=\"article:author\" content=\"https:\/\/www.facebook.com\/Carideal.mandataire.automobile\/\" \/>\n<meta property=\"article:published_time\" content=\"2011-02-28T12:36:00+00:00\" \/>\n<meta property=\"article:modified_time\" content=\"2020-04-14T08:13:56+00:00\" \/>\n<meta property=\"og:image\" content=\"https:\/\/www.carideal.com\/blog\/wp-content\/uploads\/2016\/03\/logo-carideal-mandataire-automobile.png\" \/>\n\t<meta property=\"og:image:width\" content=\"300\" \/>\n\t<meta property=\"og:image:height\" content=\"300\" \/>\n\t<meta property=\"og:image:type\" content=\"image\/png\" \/>\n<meta name=\"author\" content=\"N.S Carideal\" \/>\n<meta name=\"twitter:card\" content=\"summary_large_image\" \/>\n<meta name=\"twitter:creator\" content=\"@caridealauto\" \/>\n<meta name=\"twitter:site\" content=\"@caridealauto\" \/>\n<meta name=\"twitter:label1\" content=\"\u00c9crit par\" \/>\n\t<meta name=\"twitter:data1\" content=\"N.S Carideal\" \/>\n\t<meta name=\"twitter:label2\" content=\"Dur\u00e9e de lecture estim\u00e9e\" \/>\n\t<meta name=\"twitter:data2\" content=\"1 minute\" \/>\n<script type=\"application\/ld+json\" class=\"yoast-schema-graph\">{\"@context\":\"https:\/\/schema.org\",\"@graph\":[{\"@type\":\"Article\",\"@id\":\"https:\/\/www.carideal.com\/blog\/2011\/02\/28\/nouvelle-bmw-650i-cabriolet\/#article\",\"isPartOf\":{\"@id\":\"https:\/\/www.carideal.com\/blog\/2011\/02\/28\/nouvelle-bmw-650i-cabriolet\/\"},\"author\":{\"name\":\"N.S Carideal\",\"@id\":\"https:\/\/www.carideal.com\/blog\/#\/schema\/person\/985c7e757d1042d647f21bfaf8d41ebc\"},\"headline\":\"Nouvelle BMW 650i cabriolet\",\"datePublished\":\"2011-02-28T12:36:00+00:00\",\"dateModified\":\"2020-04-14T08:13:56+00:00\",\"mainEntityOfPage\":{\"@id\":\"https:\/\/www.carideal.com\/blog\/2011\/02\/28\/nouvelle-bmw-650i-cabriolet\/\"},\"wordCount\":254,\"commentCount\":0,\"publisher\":{\"@id\":\"https:\/\/www.carideal.com\/blog\/#organization\"},\"keywords\":[\"Moteur V8\"],\"articleSection\":[\"March\u00e9 automobile\"],\"inLanguage\":\"fr-FR\",\"potentialAction\":[{\"@type\":\"CommentAction\",\"name\":\"Comment\",\"target\":[\"https:\/\/www.carideal.com\/blog\/2011\/02\/28\/nouvelle-bmw-650i-cabriolet\/#respond\"]}]},{\"@type\":\"WebPage\",\"@id\":\"https:\/\/www.carideal.com\/blog\/2011\/02\/28\/nouvelle-bmw-650i-cabriolet\/\",\"url\":\"https:\/\/www.carideal.com\/blog\/2011\/02\/28\/nouvelle-bmw-650i-cabriolet\/\",\"name\":\"Nouvelle BMW 650i cabriolet - Blog auto Carid\u00e9al\",\"isPartOf\":{\"@id\":\"https:\/\/www.carideal.com\/blog\/#website\"},\"datePublished\":\"2011-02-28T12:36:00+00:00\",\"dateModified\":\"2020-04-14T08:13:56+00:00\",\"breadcrumb\":{\"@id\":\"https:\/\/www.carideal.com\/blog\/2011\/02\/28\/nouvelle-bmw-650i-cabriolet\/#breadcrumb\"},\"inLanguage\":\"fr-FR\",\"potentialAction\":[{\"@type\":\"ReadAction\",\"target\":[\"https:\/\/www.carideal.com\/blog\/2011\/02\/28\/nouvelle-bmw-650i-cabriolet\/\"]}]},{\"@type\":\"BreadcrumbList\",\"@id\":\"https:\/\/www.carideal.com\/blog\/2011\/02\/28\/nouvelle-bmw-650i-cabriolet\/#breadcrumb\",\"itemListElement\":[{\"@type\":\"ListItem\",\"position\":1,\"name\":\"Blog Carid\u00e9al\",\"item\":\"https:\/\/www.carideal.com\/blog\/\"},{\"@type\":\"ListItem\",\"position\":2,\"name\":\"March\u00e9 automobile\",\"item\":\"https:\/\/www.carideal.com\/blog\/marche-automobile-voiture-neuve-occasion-4x4-suv\/\"},{\"@type\":\"ListItem\",\"position\":3,\"name\":\"Nouvelle BMW 650i cabriolet\"}]},{\"@type\":\"WebSite\",\"@id\":\"https:\/\/www.carideal.com\/blog\/#website\",\"url\":\"https:\/\/www.carideal.com\/blog\/\",\"name\":\"Blog auto Carid\u00e9al\",\"description\":\"Actualit\u00e9 auto par des passionn\u00e9s\",\"publisher\":{\"@id\":\"https:\/\/www.carideal.com\/blog\/#organization\"},\"potentialAction\":[{\"@type\":\"SearchAction\",\"target\":{\"@type\":\"EntryPoint\",\"urlTemplate\":\"https:\/\/www.carideal.com\/blog\/?s={search_term_string}\"},\"query-input\":{\"@type\":\"PropertyValueSpecification\",\"valueRequired\":true,\"valueName\":\"search_term_string\"}}],\"inLanguage\":\"fr-FR\"},{\"@type\":\"Organization\",\"@id\":\"https:\/\/www.carideal.com\/blog\/#organization\",\"name\":\"Carideal\",\"url\":\"https:\/\/www.carideal.com\/blog\/\",\"logo\":{\"@type\":\"ImageObject\",\"inLanguage\":\"fr-FR\",\"@id\":\"https:\/\/www.carideal.com\/blog\/#\/schema\/logo\/image\/\",\"url\":\"http:\/\/www.carideal.com\/blog\/wp-content\/uploads\/2016\/03\/logo-carideal-mandataire-automobile.png\",\"contentUrl\":\"http:\/\/www.carideal.com\/blog\/wp-content\/uploads\/2016\/03\/logo-carideal-mandataire-automobile.png\",\"width\":300,\"height\":300,\"caption\":\"Carideal\"},\"image\":{\"@id\":\"https:\/\/www.carideal.com\/blog\/#\/schema\/logo\/image\/\"},\"sameAs\":[\"https:\/\/www.facebook.com\/Carideal.mandataire.automobile\",\"https:\/\/x.com\/caridealauto\",\"https:\/\/www.instagram.com\/carideal1\/\",\"https:\/\/www.linkedin.com\/company\/carideal.com\",\"https:\/\/fr.pinterest.com\/schiavonsas\/\",\"https:\/\/www.youtube.com\/user\/caridealsas\"]},{\"@type\":\"Person\",\"@id\":\"https:\/\/www.carideal.com\/blog\/#\/schema\/person\/985c7e757d1042d647f21bfaf8d41ebc\",\"name\":\"N.S Carideal\",\"image\":{\"@type\":\"ImageObject\",\"inLanguage\":\"fr-FR\",\"@id\":\"https:\/\/www.carideal.com\/blog\/#\/schema\/person\/image\/\",\"url\":\"https:\/\/secure.gravatar.com\/avatar\/edb7ccdf1a4e3d14aef967760d354d0e?s=96&r=g\",\"contentUrl\":\"https:\/\/secure.gravatar.com\/avatar\/edb7ccdf1a4e3d14aef967760d354d0e?s=96&r=g\",\"caption\":\"N.S Carideal\"},\"description\":\"Depuis tout petit fan d'automobile. Il est question d'essayer et de comparer toutes ces voitures qui nous ont fait r\u00e9ver, avant que celles-ci ne devient uniquement des voitures de collection.\",\"sameAs\":[\"http:\/\/www.carideal.com\/blog\",\"https:\/\/www.facebook.com\/Carideal.mandataire.automobile\/\",\"https:\/\/www.linkedin.com\/in\/nschiavon\/\",\"https:\/\/www.youtube.com\/user\/caridealsas\/\"],\"url\":\"https:\/\/www.carideal.com\/blog\/author\/admin_carideal\/\"}]}<\/script>\n<!-- \/ Yoast SEO plugin. -->","yoast_head_json":{"title":"Nouvelle BMW 650i cabriolet - Blog auto Carid\u00e9al","robots":{"index":"index","follow":"follow","max-snippet":"max-snippet:-1","max-image-preview":"max-image-preview:large","max-video-preview":"max-video-preview:-1"},"canonical":"https:\/\/www.carideal.com\/blog\/2011\/02\/28\/nouvelle-bmw-650i-cabriolet\/","og_locale":"fr_FR","og_type":"article","og_title":"Nouvelle BMW 650i cabriolet - Blog auto Carid\u00e9al","og_description":"19 secondes seulement pour ouvrir la capote de toile, jusqu'en roulant \u00e0 40 km\/h pour la BMW 650i Cabriolet La nouvelle BMW s\u00e9rie 6 sera d'abord commercialis\u00e9e dans sa version cabriolet d\u00e8s le 24 Mars, puis en coup\u00e9 \u00e0 l'automne seulement. Toute la technologie avanc\u00e9 de BMW se trouve dans cette voiture...\u00e0 quatre roues directrices. ... Lire plus","og_url":"https:\/\/www.carideal.com\/blog\/2011\/02\/28\/nouvelle-bmw-650i-cabriolet\/","og_site_name":"Blog auto Carid\u00e9al","article_publisher":"https:\/\/www.facebook.com\/Carideal.mandataire.automobile","article_author":"https:\/\/www.facebook.com\/Carideal.mandataire.automobile\/","article_published_time":"2011-02-28T12:36:00+00:00","article_modified_time":"2020-04-14T08:13:56+00:00","og_image":[{"width":300,"height":300,"url":"https:\/\/www.carideal.com\/blog\/wp-content\/uploads\/2016\/03\/logo-carideal-mandataire-automobile.png","type":"image\/png"}],"author":"N.S Carideal","twitter_card":"summary_large_image","twitter_creator":"@caridealauto","twitter_site":"@caridealauto","twitter_misc":{"\u00c9crit par":"N.S Carideal","Dur\u00e9e de lecture estim\u00e9e":"1 minute"},"schema":{"@context":"https:\/\/schema.org","@graph":[{"@type":"Article","@id":"https:\/\/www.carideal.com\/blog\/2011\/02\/28\/nouvelle-bmw-650i-cabriolet\/#article","isPartOf":{"@id":"https:\/\/www.carideal.com\/blog\/2011\/02\/28\/nouvelle-bmw-650i-cabriolet\/"},"author":{"name":"N.S Carideal","@id":"https:\/\/www.carideal.com\/blog\/#\/schema\/person\/985c7e757d1042d647f21bfaf8d41ebc"},"headline":"Nouvelle BMW 650i cabriolet","datePublished":"2011-02-28T12:36:00+00:00","dateModified":"2020-04-14T08:13:56+00:00","mainEntityOfPage":{"@id":"https:\/\/www.carideal.com\/blog\/2011\/02\/28\/nouvelle-bmw-650i-cabriolet\/"},"wordCount":254,"commentCount":0,"publisher":{"@id":"https:\/\/www.carideal.com\/blog\/#organization"},"keywords":["Moteur V8"],"articleSection":["March\u00e9 automobile"],"inLanguage":"fr-FR","potentialAction":[{"@type":"CommentAction","name":"Comment","target":["https:\/\/www.carideal.com\/blog\/2011\/02\/28\/nouvelle-bmw-650i-cabriolet\/#respond"]}]},{"@type":"WebPage","@id":"https:\/\/www.carideal.com\/blog\/2011\/02\/28\/nouvelle-bmw-650i-cabriolet\/","url":"https:\/\/www.carideal.com\/blog\/2011\/02\/28\/nouvelle-bmw-650i-cabriolet\/","name":"Nouvelle BMW 650i cabriolet - Blog auto Carid\u00e9al","isPartOf":{"@id":"https:\/\/www.carideal.com\/blog\/#website"},"datePublished":"2011-02-28T12:36:00+00:00","dateModified":"2020-04-14T08:13:56+00:00","breadcrumb":{"@id":"https:\/\/www.carideal.com\/blog\/2011\/02\/28\/nouvelle-bmw-650i-cabriolet\/#breadcrumb"},"inLanguage":"fr-FR","potentialAction":[{"@type":"ReadAction","target":["https:\/\/www.carideal.com\/blog\/2011\/02\/28\/nouvelle-bmw-650i-cabriolet\/"]}]},{"@type":"BreadcrumbList","@id":"https:\/\/www.carideal.com\/blog\/2011\/02\/28\/nouvelle-bmw-650i-cabriolet\/#breadcrumb","itemListElement":[{"@type":"ListItem","position":1,"name":"Blog Carid\u00e9al","item":"https:\/\/www.carideal.com\/blog\/"},{"@type":"ListItem","position":2,"name":"March\u00e9 automobile","item":"https:\/\/www.carideal.com\/blog\/marche-automobile-voiture-neuve-occasion-4x4-suv\/"},{"@type":"ListItem","position":3,"name":"Nouvelle BMW 650i cabriolet"}]},{"@type":"WebSite","@id":"https:\/\/www.carideal.com\/blog\/#website","url":"https:\/\/www.carideal.com\/blog\/","name":"Blog auto Carid\u00e9al","description":"Actualit\u00e9 auto par des passionn\u00e9s","publisher":{"@id":"https:\/\/www.carideal.com\/blog\/#organization"},"potentialAction":[{"@type":"SearchAction","target":{"@type":"EntryPoint","urlTemplate":"https:\/\/www.carideal.com\/blog\/?s={search_term_string}"},"query-input":{"@type":"PropertyValueSpecification","valueRequired":true,"valueName":"search_term_string"}}],"inLanguage":"fr-FR"},{"@type":"Organization","@id":"https:\/\/www.carideal.com\/blog\/#organization","name":"Carideal","url":"https:\/\/www.carideal.com\/blog\/","logo":{"@type":"ImageObject","inLanguage":"fr-FR","@id":"https:\/\/www.carideal.com\/blog\/#\/schema\/logo\/image\/","url":"http:\/\/www.carideal.com\/blog\/wp-content\/uploads\/2016\/03\/logo-carideal-mandataire-automobile.png","contentUrl":"http:\/\/www.carideal.com\/blog\/wp-content\/uploads\/2016\/03\/logo-carideal-mandataire-automobile.png","width":300,"height":300,"caption":"Carideal"},"image":{"@id":"https:\/\/www.carideal.com\/blog\/#\/schema\/logo\/image\/"},"sameAs":["https:\/\/www.facebook.com\/Carideal.mandataire.automobile","https:\/\/x.com\/caridealauto","https:\/\/www.instagram.com\/carideal1\/","https:\/\/www.linkedin.com\/company\/carideal.com","https:\/\/fr.pinterest.com\/schiavonsas\/","https:\/\/www.youtube.com\/user\/caridealsas"]},{"@type":"Person","@id":"https:\/\/www.carideal.com\/blog\/#\/schema\/person\/985c7e757d1042d647f21bfaf8d41ebc","name":"N.S Carideal","image":{"@type":"ImageObject","inLanguage":"fr-FR","@id":"https:\/\/www.carideal.com\/blog\/#\/schema\/person\/image\/","url":"https:\/\/secure.gravatar.com\/avatar\/edb7ccdf1a4e3d14aef967760d354d0e?s=96&r=g","contentUrl":"https:\/\/secure.gravatar.com\/avatar\/edb7ccdf1a4e3d14aef967760d354d0e?s=96&r=g","caption":"N.S Carideal"},"description":"Depuis tout petit fan d'automobile. Il est question d'essayer et de comparer toutes ces voitures qui nous ont fait r\u00e9ver, avant que celles-ci ne devient uniquement des voitures de collection.","sameAs":["http:\/\/www.carideal.com\/blog","https:\/\/www.facebook.com\/Carideal.mandataire.automobile\/","https:\/\/www.linkedin.com\/in\/nschiavon\/","https:\/\/www.youtube.com\/user\/caridealsas\/"],"url":"https:\/\/www.carideal.com\/blog\/author\/admin_carideal\/"}]}},"uagb_featured_image_src":{"full":false,"thumbnail":false,"medium":false,"medium_large":false,"large":false,"1536x1536":false,"2048x2048":false,"wppr-widget":false},"uagb_author_info":{"display_name":"N.S Carideal","author_link":"https:\/\/www.carideal.com\/blog\/author\/admin_carideal\/"},"uagb_comment_info":0,"uagb_excerpt":"19 secondes seulement pour ouvrir la capote de toile, jusqu'en roulant \u00e0 40 km\/h pour la BMW 650i Cabriolet La nouvelle BMW s\u00e9rie 6 sera d'abord commercialis\u00e9e dans sa version cabriolet d\u00e8s le 24 Mars, puis en coup\u00e9 \u00e0 l'automne seulement. Toute la technologie avanc\u00e9 de BMW se trouve dans cette voiture...\u00e0 quatre roues directrices.\u2026","_links":{"self":[{"href":"https:\/\/www.carideal.com\/blog\/wp-json\/wp\/v2\/posts\/901"}],"collection":[{"href":"https:\/\/www.carideal.com\/blog\/wp-json\/wp\/v2\/posts"}],"about":[{"href":"https:\/\/www.carideal.com\/blog\/wp-json\/wp\/v2\/types\/post"}],"author":[{"embeddable":true,"href":"https:\/\/www.carideal.com\/blog\/wp-json\/wp\/v2\/users\/1"}],"replies":[{"embeddable":true,"href":"https:\/\/www.carideal.com\/blog\/wp-json\/wp\/v2\/comments?post=901"}],"version-history":[{"count":0,"href":"https:\/\/www.carideal.com\/blog\/wp-json\/wp\/v2\/posts\/901\/revisions"}],"wp:attachment":[{"href":"https:\/\/www.carideal.com\/blog\/wp-json\/wp\/v2\/media?parent=901"}],"wp:term":[{"taxonomy":"category","embeddable":true,"href":"https:\/\/www.carideal.com\/blog\/wp-json\/wp\/v2\/categories?post=901"},{"taxonomy":"post_tag","embeddable":true,"href":"https:\/\/www.carideal.com\/blog\/wp-json\/wp\/v2\/tags?post=901"}],"curies":[{"name":"wp","href":"https:\/\/api.w.org\/{rel}","templated":true}]}}