{"id":897,"date":"2011-02-26T12:35:00","date_gmt":"2011-02-26T12:35:00","guid":{"rendered":"http:\/\/carideal.com\/blog\/?p=897"},"modified":"2023-08-30T19:09:53","modified_gmt":"2023-08-30T17:09:53","slug":"la-citroen-ds4-en-pre-commande-sur-internet","status":"publish","type":"post","link":"https:\/\/www.carideal.com\/blog\/2011\/02\/26\/la-citroen-ds4-en-pre-commande-sur-internet\/","title":{"rendered":"Citro\u00ebn DS4 en pr\u00e9commande sur internet"},"content":{"rendered":"\n<h2 class=\"wp-block-heading\">Saisissez l'opportunit\u00e9 : Devenez l'un des premiers propri\u00e9taires de la Citro\u00ebn DS4 en avant-premi\u00e8re exclusive<\/h2>\n\n\n\n<p>La Citro\u00ebn DS4 en pr\u00e9vente officielle \u00e0 partir du 28\/02\/2011.<\/p>\n\n\n\n<p><a href=\"http:\/\/www.carideal.com\/blog\/marque-de-voiture-actualites-essais\/citroen\/\">Citro\u00ebn<\/a> mettra en pr\u00e9-r\u00e9servation sur son site internet d\u00e9di\u00e9 \u00e0 la <a href=\"http:\/\/www.carideal.com\/blog\/2011\/06\/14\/la-citroen-ds4-remporte-le-prix-du-design-de-l-allemand-auto-bild\/\">DS4<\/a> <span style=\"text-decoration: underline;\">www.citroen.fr<\/span>\u00a0500 DS4, dont 375 pour la France. Le but s'est d'en faire la promotion. La \"plus belle voiture de l'ann\u00e9e\" ne sera pas vendu \"on line\" sera officiellement vendu par un distributeur de la marque apr\u00e8s que le prospect ait laiss\u00e9e ses coordonn\u00e9es.<\/p>\n\n\n\n<p>Il n'y aura pas d'int\u00e9r\u00eat \u00e0 le faire, pas de remise, pas de promo, pas d'\u00e9quipement sp\u00e9cifique, juste le plaisir d'\u00eatre servis en premier...avant l'\u00e9t\u00e9. Dans quelques mois, Carideal mandataire DS4 vous proposera l'achat Citro\u00ebn DS4 \u00e0 <a href=\"http:\/\/www.carideal.com\/blog\/carideal-mandataire-auto-france\/\">prix mandataire<\/a>.<\/p>\n\n\n\n<p>Retrouvez nos actualit\u00e9s auto avec les Citro\u00ebn de 2011\u00a0et la Citro\u00ebn DS4.<\/p>\n\n\n\n<h2 class=\"wp-block-heading\">Avant-premi\u00e8re exceptionnelle : 500 Citro\u00ebn DS4 disponibles en ligne<\/h2>\n\n\n\n<h3 class=\"wp-block-heading\">La nouvelle tendance des ventes en avant-premi\u00e8re<\/h3>\n\n\n\n<p>La vente en avant-premi\u00e8re de s\u00e9ries limit\u00e9es a connu un v\u00e9ritable succ\u00e8s avec la <a href=\"http:\/\/www.carideal.com\/blog\/2016\/01\/22\/nouvelle-ds3-2016\/\">DS3<\/a> et la <a href=\"http:\/\/www.carideal.com\/blog\/2010\/02\/19\/eurosport-vient-d-elire-la-plus-voiture-de-lannee-2009\/\">RCZ<\/a>, il \u00e9tait donc in\u00e9vitable que ce concept s'applique \u00e9galement \u00e0 la Citro\u00ebn DS4. Pouvez-vous imaginer \u00eatre l'un des premiers \u00e0 poss\u00e9der cette voiture avant m\u00eame sa sortie officielle ? Continuez \u00e0 lire, car cela pourrait devenir r\u00e9alit\u00e9 tr\u00e8s bient\u00f4t.<\/p>\n\n\n\n<h3 class=\"wp-block-heading\">Une offre exclusive pour la France, l'Allemagne et la Suisse<\/h3>\n\n\n\n<p>L'op\u00e9ration d'avant-premi\u00e8re de la Citro\u00ebn DS4 d\u00e9bute le 28 f\u00e9vrier et co\u00efncide avec l'ouverture du salon de Gen\u00e8ve. Cette offre unique est valable pour les r\u00e9sidents de la France, de l'Allemagne et de la Suisse, et se terminera lorsque les 500 exemplaires seront vendus. Mais qu'est-ce qui rend ces mod\u00e8les si sp\u00e9ciaux et comment les r\u00e9server en ligne ? Vous le d\u00e9couvrirez dans le prochain chapitre.<\/p>\n\n\n\n<h3 class=\"wp-block-heading\">Les d\u00e9tails all\u00e9chants des 500 mod\u00e8les exclusifs<\/h3>\n\n\n\n<p>Ces 500 Citro\u00ebn DS4 se d\u00e9clinent en 5 finitions et 2 motorisations, offrant des choix vari\u00e9s pour les heureux futurs propri\u00e9taires. Chaque version met l'accent sur le raffinement, l'\u00e9l\u00e9gance et le dynamisme de la DS4. Avec un int\u00e9rieur en cuir et des \u00e9quipements haut de gamme, difficile de ne pas \u00eatre s\u00e9duit. Alors, comment faire pour r\u00e9server l'un de ces mod\u00e8les en ligne ? La r\u00e9ponse vous attend dans le chapitre suivant.<\/p>\n\n\n\n<h3 class=\"wp-block-heading\">Comment r\u00e9server en ligne et devenir l'un des premiers propri\u00e9taires de la Citro\u00ebn DS4<\/h3>\n\n\n\n<p>Pour r\u00e9server l'une des 500 Citro\u00ebn DS4, il suffit de se rendre sur l'espace interactif du site d\u00e9di\u00e9 \u00e0 cette op\u00e9ration. Chaque internaute pourra y d\u00e9couvrir et choisir parmi les cinq d\u00e9finitions propos\u00e9es, puis effectuer la confirmation en point de vente dans l'un des pays concern\u00e9s. Une fois cette \u00e9tape franchie, les heureux propri\u00e9taires auront le privil\u00e8ge d'\u00eatre parmi les premiers \u00e0 profiter de la DS4 et de ses sensations de conduite in\u00e9gal\u00e9es. Toutefois, il y a une date limite \u00e0 conna\u00eetre. Laquelle ? La r\u00e9ponse se trouve dans le chapitre final.<\/p>\n\n\n\n<h3 class=\"wp-block-heading\">La fin de l'op\u00e9ration et la suite pour la Citro\u00ebn DS4<\/h3>\n\n\n\n<p>Apr\u00e8s cette phase de lancement, l'\u00e9t\u00e9 2011 marque la commercialisation de la gamme compl\u00e8te de la Citro\u00ebn DS4 en Europe. Alors, ne manquez pas cette opportunit\u00e9 en or et faites partie des privil\u00e9gi\u00e9s qui pourront rouler \u00e0 bord de la DS4 avant m\u00eame sa sortie officielle. Ne tardez pas, car cette offre est limit\u00e9e et pourrait dispara\u00eetre tr\u00e8s rapidement. Pourrez-vous \u00eatre l'un des heureux \u00e9lus ? La suite est entre vos mains.<\/p>\n","protected":false},"excerpt":{"rendered":"<p>Saisissez l&rsquo;opportunit\u00e9 : Devenez l&rsquo;un des premiers propri\u00e9taires de la Citro\u00ebn DS4 en avant-premi\u00e8re exclusive La Citro\u00ebn DS4 en pr\u00e9vente officielle \u00e0 partir du 28\/02\/2011. Citro\u00ebn mettra en pr\u00e9-r\u00e9servation sur son site internet d\u00e9di\u00e9 \u00e0 la DS4 www.citroen.fr\u00a0500 DS4, dont 375 pour la France. Le but s&rsquo;est d&rsquo;en faire la promotion. La \u00ab\u00a0plus belle voiture &#8230; <a title=\"Citro\u00ebn DS4 en pr\u00e9commande sur internet\" class=\"read-more\" href=\"https:\/\/www.carideal.com\/blog\/2011\/02\/26\/la-citroen-ds4-en-pre-commande-sur-internet\/\" aria-label=\"En savoir plus sur Citro\u00ebn DS4 en pr\u00e9commande sur internet\">Lire plus<\/a><\/p>\n","protected":false},"author":1,"featured_media":27138,"comment_status":"open","ping_status":"open","sticky":false,"template":"","format":"standard","meta":{"_uag_custom_page_level_css":"","_themeisle_gutenberg_block_has_review":false,"footnotes":""},"categories":[5,5944,6001,10],"tags":[],"class_list":["post-897","post","type-post","status-publish","format-standard","has-post-thumbnail","hentry","category-citroen","category-constructeur","category-ds","category-marche-automobile-voiture-neuve-occasion-4x4-suv"],"wppr_data":{"cwp_meta_box_check":"No"},"yoast_head":"<!-- This site is optimized with the Yoast SEO plugin v24.8.1 - https:\/\/yoast.com\/wordpress\/plugins\/seo\/ -->\n<title>Citro\u00ebn DS4 en pr\u00e9commande sur internet - Blog auto Carid\u00e9al<\/title>\n<meta name=\"description\" content=\"Citro\u00ebn mettra en pr\u00e9-r\u00e9servation sur son site internet d\u00e9di\u00e9 \u00e0 la DS4 www.citroen.fr\u00a0500 DS4, dont 375 pour la France.\" \/>\n<meta name=\"robots\" content=\"index, follow, max-snippet:-1, max-image-preview:large, max-video-preview:-1\" \/>\n<link rel=\"canonical\" href=\"https:\/\/www.carideal.com\/blog\/2011\/02\/26\/la-citroen-ds4-en-pre-commande-sur-internet\/\" \/>\n<meta property=\"og:locale\" content=\"fr_FR\" \/>\n<meta property=\"og:type\" content=\"article\" \/>\n<meta property=\"og:title\" content=\"Citro\u00ebn DS4 en pr\u00e9commande sur internet - Blog auto Carid\u00e9al\" \/>\n<meta property=\"og:description\" content=\"Citro\u00ebn mettra en pr\u00e9-r\u00e9servation sur son site internet d\u00e9di\u00e9 \u00e0 la DS4 www.citroen.fr\u00a0500 DS4, dont 375 pour la France.\" \/>\n<meta property=\"og:url\" content=\"https:\/\/www.carideal.com\/blog\/2011\/02\/26\/la-citroen-ds4-en-pre-commande-sur-internet\/\" \/>\n<meta property=\"og:site_name\" content=\"Blog auto Carid\u00e9al\" \/>\n<meta property=\"article:publisher\" content=\"https:\/\/www.facebook.com\/Carideal.mandataire.automobile\" \/>\n<meta property=\"article:author\" content=\"https:\/\/www.facebook.com\/Carideal.mandataire.automobile\/\" \/>\n<meta property=\"article:published_time\" content=\"2011-02-26T12:35:00+00:00\" \/>\n<meta property=\"article:modified_time\" content=\"2023-08-30T17:09:53+00:00\" \/>\n<meta property=\"og:image\" content=\"https:\/\/www.carideal.com\/blog\/wp-content\/uploads\/2011\/02\/citroen-ds4-carideal-achat-mandataire-auto_m.jpg\" \/>\n\t<meta property=\"og:image:width\" content=\"448\" \/>\n\t<meta property=\"og:image:height\" content=\"299\" \/>\n\t<meta property=\"og:image:type\" content=\"image\/jpeg\" \/>\n<meta name=\"author\" content=\"N.S Carideal\" \/>\n<meta name=\"twitter:card\" content=\"summary_large_image\" \/>\n<meta name=\"twitter:creator\" content=\"@caridealauto\" \/>\n<meta name=\"twitter:site\" content=\"@caridealauto\" \/>\n<meta name=\"twitter:label1\" content=\"\u00c9crit par\" \/>\n\t<meta name=\"twitter:data1\" content=\"N.S Carideal\" \/>\n\t<meta name=\"twitter:label2\" content=\"Dur\u00e9e de lecture estim\u00e9e\" \/>\n\t<meta name=\"twitter:data2\" content=\"3 minutes\" \/>\n<script type=\"application\/ld+json\" class=\"yoast-schema-graph\">{\"@context\":\"https:\/\/schema.org\",\"@graph\":[{\"@type\":\"Article\",\"@id\":\"https:\/\/www.carideal.com\/blog\/2011\/02\/26\/la-citroen-ds4-en-pre-commande-sur-internet\/#article\",\"isPartOf\":{\"@id\":\"https:\/\/www.carideal.com\/blog\/2011\/02\/26\/la-citroen-ds4-en-pre-commande-sur-internet\/\"},\"author\":{\"name\":\"N.S Carideal\",\"@id\":\"https:\/\/www.carideal.com\/blog\/#\/schema\/person\/985c7e757d1042d647f21bfaf8d41ebc\"},\"headline\":\"Citro\u00ebn DS4 en pr\u00e9commande sur internet\",\"datePublished\":\"2011-02-26T12:35:00+00:00\",\"dateModified\":\"2023-08-30T17:09:53+00:00\",\"mainEntityOfPage\":{\"@id\":\"https:\/\/www.carideal.com\/blog\/2011\/02\/26\/la-citroen-ds4-en-pre-commande-sur-internet\/\"},\"wordCount\":624,\"commentCount\":1,\"publisher\":{\"@id\":\"https:\/\/www.carideal.com\/blog\/#organization\"},\"image\":{\"@id\":\"https:\/\/www.carideal.com\/blog\/2011\/02\/26\/la-citroen-ds4-en-pre-commande-sur-internet\/#primaryimage\"},\"thumbnailUrl\":\"https:\/\/www.carideal.com\/blog\/wp-content\/uploads\/2011\/02\/citroen-ds4-carideal-achat-mandataire-auto_m.jpg\",\"articleSection\":[\"Actualit\u00e9 Citroen\",\"Actualit\u00e9 Constructeur automobile\",\"Actualit\u00e9 DS\",\"March\u00e9 automobile\"],\"inLanguage\":\"fr-FR\",\"potentialAction\":[{\"@type\":\"CommentAction\",\"name\":\"Comment\",\"target\":[\"https:\/\/www.carideal.com\/blog\/2011\/02\/26\/la-citroen-ds4-en-pre-commande-sur-internet\/#respond\"]}]},{\"@type\":\"WebPage\",\"@id\":\"https:\/\/www.carideal.com\/blog\/2011\/02\/26\/la-citroen-ds4-en-pre-commande-sur-internet\/\",\"url\":\"https:\/\/www.carideal.com\/blog\/2011\/02\/26\/la-citroen-ds4-en-pre-commande-sur-internet\/\",\"name\":\"Citro\u00ebn DS4 en pr\u00e9commande sur internet - Blog auto Carid\u00e9al\",\"isPartOf\":{\"@id\":\"https:\/\/www.carideal.com\/blog\/#website\"},\"primaryImageOfPage\":{\"@id\":\"https:\/\/www.carideal.com\/blog\/2011\/02\/26\/la-citroen-ds4-en-pre-commande-sur-internet\/#primaryimage\"},\"image\":{\"@id\":\"https:\/\/www.carideal.com\/blog\/2011\/02\/26\/la-citroen-ds4-en-pre-commande-sur-internet\/#primaryimage\"},\"thumbnailUrl\":\"https:\/\/www.carideal.com\/blog\/wp-content\/uploads\/2011\/02\/citroen-ds4-carideal-achat-mandataire-auto_m.jpg\",\"datePublished\":\"2011-02-26T12:35:00+00:00\",\"dateModified\":\"2023-08-30T17:09:53+00:00\",\"description\":\"Citro\u00ebn mettra en pr\u00e9-r\u00e9servation sur son site internet d\u00e9di\u00e9 \u00e0 la DS4 www.citroen.fr\u00a0500 DS4, dont 375 pour la France.\",\"breadcrumb\":{\"@id\":\"https:\/\/www.carideal.com\/blog\/2011\/02\/26\/la-citroen-ds4-en-pre-commande-sur-internet\/#breadcrumb\"},\"inLanguage\":\"fr-FR\",\"potentialAction\":[{\"@type\":\"ReadAction\",\"target\":[\"https:\/\/www.carideal.com\/blog\/2011\/02\/26\/la-citroen-ds4-en-pre-commande-sur-internet\/\"]}]},{\"@type\":\"ImageObject\",\"inLanguage\":\"fr-FR\",\"@id\":\"https:\/\/www.carideal.com\/blog\/2011\/02\/26\/la-citroen-ds4-en-pre-commande-sur-internet\/#primaryimage\",\"url\":\"https:\/\/www.carideal.com\/blog\/wp-content\/uploads\/2011\/02\/citroen-ds4-carideal-achat-mandataire-auto_m.jpg\",\"contentUrl\":\"https:\/\/www.carideal.com\/blog\/wp-content\/uploads\/2011\/02\/citroen-ds4-carideal-achat-mandataire-auto_m.jpg\",\"width\":448,\"height\":299,\"caption\":\"Citro\u00ebn DS4 en pr\u00e9commande sur internet\"},{\"@type\":\"BreadcrumbList\",\"@id\":\"https:\/\/www.carideal.com\/blog\/2011\/02\/26\/la-citroen-ds4-en-pre-commande-sur-internet\/#breadcrumb\",\"itemListElement\":[{\"@type\":\"ListItem\",\"position\":1,\"name\":\"Blog Carid\u00e9al\",\"item\":\"https:\/\/www.carideal.com\/blog\/\"},{\"@type\":\"ListItem\",\"position\":2,\"name\":\"March\u00e9 automobile\",\"item\":\"https:\/\/www.carideal.com\/blog\/marche-automobile-voiture-neuve-occasion-4x4-suv\/\"},{\"@type\":\"ListItem\",\"position\":3,\"name\":\"Citro\u00ebn DS4 en pr\u00e9commande sur internet\"}]},{\"@type\":\"WebSite\",\"@id\":\"https:\/\/www.carideal.com\/blog\/#website\",\"url\":\"https:\/\/www.carideal.com\/blog\/\",\"name\":\"Blog auto Carid\u00e9al\",\"description\":\"Actualit\u00e9 auto par des passionn\u00e9s\",\"publisher\":{\"@id\":\"https:\/\/www.carideal.com\/blog\/#organization\"},\"potentialAction\":[{\"@type\":\"SearchAction\",\"target\":{\"@type\":\"EntryPoint\",\"urlTemplate\":\"https:\/\/www.carideal.com\/blog\/?s={search_term_string}\"},\"query-input\":{\"@type\":\"PropertyValueSpecification\",\"valueRequired\":true,\"valueName\":\"search_term_string\"}}],\"inLanguage\":\"fr-FR\"},{\"@type\":\"Organization\",\"@id\":\"https:\/\/www.carideal.com\/blog\/#organization\",\"name\":\"Carideal\",\"url\":\"https:\/\/www.carideal.com\/blog\/\",\"logo\":{\"@type\":\"ImageObject\",\"inLanguage\":\"fr-FR\",\"@id\":\"https:\/\/www.carideal.com\/blog\/#\/schema\/logo\/image\/\",\"url\":\"http:\/\/www.carideal.com\/blog\/wp-content\/uploads\/2016\/03\/logo-carideal-mandataire-automobile.png\",\"contentUrl\":\"http:\/\/www.carideal.com\/blog\/wp-content\/uploads\/2016\/03\/logo-carideal-mandataire-automobile.png\",\"width\":300,\"height\":300,\"caption\":\"Carideal\"},\"image\":{\"@id\":\"https:\/\/www.carideal.com\/blog\/#\/schema\/logo\/image\/\"},\"sameAs\":[\"https:\/\/www.facebook.com\/Carideal.mandataire.automobile\",\"https:\/\/x.com\/caridealauto\",\"https:\/\/www.instagram.com\/carideal1\/\",\"https:\/\/www.linkedin.com\/company\/carideal.com\",\"https:\/\/fr.pinterest.com\/schiavonsas\/\",\"https:\/\/www.youtube.com\/user\/caridealsas\"]},{\"@type\":\"Person\",\"@id\":\"https:\/\/www.carideal.com\/blog\/#\/schema\/person\/985c7e757d1042d647f21bfaf8d41ebc\",\"name\":\"N.S Carideal\",\"image\":{\"@type\":\"ImageObject\",\"inLanguage\":\"fr-FR\",\"@id\":\"https:\/\/www.carideal.com\/blog\/#\/schema\/person\/image\/\",\"url\":\"https:\/\/secure.gravatar.com\/avatar\/edb7ccdf1a4e3d14aef967760d354d0e?s=96&r=g\",\"contentUrl\":\"https:\/\/secure.gravatar.com\/avatar\/edb7ccdf1a4e3d14aef967760d354d0e?s=96&r=g\",\"caption\":\"N.S Carideal\"},\"description\":\"Depuis tout petit fan d'automobile. Il est question d'essayer et de comparer toutes ces voitures qui nous ont fait r\u00e9ver, avant que celles-ci ne devient uniquement des voitures de collection.\",\"sameAs\":[\"http:\/\/www.carideal.com\/blog\",\"https:\/\/www.facebook.com\/Carideal.mandataire.automobile\/\",\"https:\/\/www.linkedin.com\/in\/nschiavon\/\",\"https:\/\/www.youtube.com\/user\/caridealsas\/\"],\"url\":\"https:\/\/www.carideal.com\/blog\/author\/admin_carideal\/\"}]}<\/script>\n<!-- \/ Yoast SEO plugin. -->","yoast_head_json":{"title":"Citro\u00ebn DS4 en pr\u00e9commande sur internet - Blog auto Carid\u00e9al","description":"Citro\u00ebn mettra en pr\u00e9-r\u00e9servation sur son site internet d\u00e9di\u00e9 \u00e0 la DS4 www.citroen.fr\u00a0500 DS4, dont 375 pour la France.","robots":{"index":"index","follow":"follow","max-snippet":"max-snippet:-1","max-image-preview":"max-image-preview:large","max-video-preview":"max-video-preview:-1"},"canonical":"https:\/\/www.carideal.com\/blog\/2011\/02\/26\/la-citroen-ds4-en-pre-commande-sur-internet\/","og_locale":"fr_FR","og_type":"article","og_title":"Citro\u00ebn DS4 en pr\u00e9commande sur internet - Blog auto Carid\u00e9al","og_description":"Citro\u00ebn mettra en pr\u00e9-r\u00e9servation sur son site internet d\u00e9di\u00e9 \u00e0 la DS4 www.citroen.fr\u00a0500 DS4, dont 375 pour la France.","og_url":"https:\/\/www.carideal.com\/blog\/2011\/02\/26\/la-citroen-ds4-en-pre-commande-sur-internet\/","og_site_name":"Blog auto Carid\u00e9al","article_publisher":"https:\/\/www.facebook.com\/Carideal.mandataire.automobile","article_author":"https:\/\/www.facebook.com\/Carideal.mandataire.automobile\/","article_published_time":"2011-02-26T12:35:00+00:00","article_modified_time":"2023-08-30T17:09:53+00:00","og_image":[{"width":448,"height":299,"url":"https:\/\/www.carideal.com\/blog\/wp-content\/uploads\/2011\/02\/citroen-ds4-carideal-achat-mandataire-auto_m.jpg","type":"image\/jpeg"}],"author":"N.S Carideal","twitter_card":"summary_large_image","twitter_creator":"@caridealauto","twitter_site":"@caridealauto","twitter_misc":{"\u00c9crit par":"N.S Carideal","Dur\u00e9e de lecture estim\u00e9e":"3 minutes"},"schema":{"@context":"https:\/\/schema.org","@graph":[{"@type":"Article","@id":"https:\/\/www.carideal.com\/blog\/2011\/02\/26\/la-citroen-ds4-en-pre-commande-sur-internet\/#article","isPartOf":{"@id":"https:\/\/www.carideal.com\/blog\/2011\/02\/26\/la-citroen-ds4-en-pre-commande-sur-internet\/"},"author":{"name":"N.S Carideal","@id":"https:\/\/www.carideal.com\/blog\/#\/schema\/person\/985c7e757d1042d647f21bfaf8d41ebc"},"headline":"Citro\u00ebn DS4 en pr\u00e9commande sur internet","datePublished":"2011-02-26T12:35:00+00:00","dateModified":"2023-08-30T17:09:53+00:00","mainEntityOfPage":{"@id":"https:\/\/www.carideal.com\/blog\/2011\/02\/26\/la-citroen-ds4-en-pre-commande-sur-internet\/"},"wordCount":624,"commentCount":1,"publisher":{"@id":"https:\/\/www.carideal.com\/blog\/#organization"},"image":{"@id":"https:\/\/www.carideal.com\/blog\/2011\/02\/26\/la-citroen-ds4-en-pre-commande-sur-internet\/#primaryimage"},"thumbnailUrl":"https:\/\/www.carideal.com\/blog\/wp-content\/uploads\/2011\/02\/citroen-ds4-carideal-achat-mandataire-auto_m.jpg","articleSection":["Actualit\u00e9 Citroen","Actualit\u00e9 Constructeur automobile","Actualit\u00e9 DS","March\u00e9 automobile"],"inLanguage":"fr-FR","potentialAction":[{"@type":"CommentAction","name":"Comment","target":["https:\/\/www.carideal.com\/blog\/2011\/02\/26\/la-citroen-ds4-en-pre-commande-sur-internet\/#respond"]}]},{"@type":"WebPage","@id":"https:\/\/www.carideal.com\/blog\/2011\/02\/26\/la-citroen-ds4-en-pre-commande-sur-internet\/","url":"https:\/\/www.carideal.com\/blog\/2011\/02\/26\/la-citroen-ds4-en-pre-commande-sur-internet\/","name":"Citro\u00ebn DS4 en pr\u00e9commande sur internet - Blog auto Carid\u00e9al","isPartOf":{"@id":"https:\/\/www.carideal.com\/blog\/#website"},"primaryImageOfPage":{"@id":"https:\/\/www.carideal.com\/blog\/2011\/02\/26\/la-citroen-ds4-en-pre-commande-sur-internet\/#primaryimage"},"image":{"@id":"https:\/\/www.carideal.com\/blog\/2011\/02\/26\/la-citroen-ds4-en-pre-commande-sur-internet\/#primaryimage"},"thumbnailUrl":"https:\/\/www.carideal.com\/blog\/wp-content\/uploads\/2011\/02\/citroen-ds4-carideal-achat-mandataire-auto_m.jpg","datePublished":"2011-02-26T12:35:00+00:00","dateModified":"2023-08-30T17:09:53+00:00","description":"Citro\u00ebn mettra en pr\u00e9-r\u00e9servation sur son site internet d\u00e9di\u00e9 \u00e0 la DS4 www.citroen.fr\u00a0500 DS4, dont 375 pour la France.","breadcrumb":{"@id":"https:\/\/www.carideal.com\/blog\/2011\/02\/26\/la-citroen-ds4-en-pre-commande-sur-internet\/#breadcrumb"},"inLanguage":"fr-FR","potentialAction":[{"@type":"ReadAction","target":["https:\/\/www.carideal.com\/blog\/2011\/02\/26\/la-citroen-ds4-en-pre-commande-sur-internet\/"]}]},{"@type":"ImageObject","inLanguage":"fr-FR","@id":"https:\/\/www.carideal.com\/blog\/2011\/02\/26\/la-citroen-ds4-en-pre-commande-sur-internet\/#primaryimage","url":"https:\/\/www.carideal.com\/blog\/wp-content\/uploads\/2011\/02\/citroen-ds4-carideal-achat-mandataire-auto_m.jpg","contentUrl":"https:\/\/www.carideal.com\/blog\/wp-content\/uploads\/2011\/02\/citroen-ds4-carideal-achat-mandataire-auto_m.jpg","width":448,"height":299,"caption":"Citro\u00ebn DS4 en pr\u00e9commande sur internet"},{"@type":"BreadcrumbList","@id":"https:\/\/www.carideal.com\/blog\/2011\/02\/26\/la-citroen-ds4-en-pre-commande-sur-internet\/#breadcrumb","itemListElement":[{"@type":"ListItem","position":1,"name":"Blog Carid\u00e9al","item":"https:\/\/www.carideal.com\/blog\/"},{"@type":"ListItem","position":2,"name":"March\u00e9 automobile","item":"https:\/\/www.carideal.com\/blog\/marche-automobile-voiture-neuve-occasion-4x4-suv\/"},{"@type":"ListItem","position":3,"name":"Citro\u00ebn DS4 en pr\u00e9commande sur internet"}]},{"@type":"WebSite","@id":"https:\/\/www.carideal.com\/blog\/#website","url":"https:\/\/www.carideal.com\/blog\/","name":"Blog auto Carid\u00e9al","description":"Actualit\u00e9 auto par des passionn\u00e9s","publisher":{"@id":"https:\/\/www.carideal.com\/blog\/#organization"},"potentialAction":[{"@type":"SearchAction","target":{"@type":"EntryPoint","urlTemplate":"https:\/\/www.carideal.com\/blog\/?s={search_term_string}"},"query-input":{"@type":"PropertyValueSpecification","valueRequired":true,"valueName":"search_term_string"}}],"inLanguage":"fr-FR"},{"@type":"Organization","@id":"https:\/\/www.carideal.com\/blog\/#organization","name":"Carideal","url":"https:\/\/www.carideal.com\/blog\/","logo":{"@type":"ImageObject","inLanguage":"fr-FR","@id":"https:\/\/www.carideal.com\/blog\/#\/schema\/logo\/image\/","url":"http:\/\/www.carideal.com\/blog\/wp-content\/uploads\/2016\/03\/logo-carideal-mandataire-automobile.png","contentUrl":"http:\/\/www.carideal.com\/blog\/wp-content\/uploads\/2016\/03\/logo-carideal-mandataire-automobile.png","width":300,"height":300,"caption":"Carideal"},"image":{"@id":"https:\/\/www.carideal.com\/blog\/#\/schema\/logo\/image\/"},"sameAs":["https:\/\/www.facebook.com\/Carideal.mandataire.automobile","https:\/\/x.com\/caridealauto","https:\/\/www.instagram.com\/carideal1\/","https:\/\/www.linkedin.com\/company\/carideal.com","https:\/\/fr.pinterest.com\/schiavonsas\/","https:\/\/www.youtube.com\/user\/caridealsas"]},{"@type":"Person","@id":"https:\/\/www.carideal.com\/blog\/#\/schema\/person\/985c7e757d1042d647f21bfaf8d41ebc","name":"N.S Carideal","image":{"@type":"ImageObject","inLanguage":"fr-FR","@id":"https:\/\/www.carideal.com\/blog\/#\/schema\/person\/image\/","url":"https:\/\/secure.gravatar.com\/avatar\/edb7ccdf1a4e3d14aef967760d354d0e?s=96&r=g","contentUrl":"https:\/\/secure.gravatar.com\/avatar\/edb7ccdf1a4e3d14aef967760d354d0e?s=96&r=g","caption":"N.S Carideal"},"description":"Depuis tout petit fan d'automobile. Il est question d'essayer et de comparer toutes ces voitures qui nous ont fait r\u00e9ver, avant que celles-ci ne devient uniquement des voitures de collection.","sameAs":["http:\/\/www.carideal.com\/blog","https:\/\/www.facebook.com\/Carideal.mandataire.automobile\/","https:\/\/www.linkedin.com\/in\/nschiavon\/","https:\/\/www.youtube.com\/user\/caridealsas\/"],"url":"https:\/\/www.carideal.com\/blog\/author\/admin_carideal\/"}]}},"uagb_featured_image_src":{"full":["https:\/\/www.carideal.com\/blog\/wp-content\/uploads\/2011\/02\/citroen-ds4-carideal-achat-mandataire-auto_m.jpg",448,299,false],"thumbnail":["https:\/\/www.carideal.com\/blog\/wp-content\/uploads\/2011\/02\/citroen-ds4-carideal-achat-mandataire-auto_m-150x150.jpg",150,150,true],"medium":["https:\/\/www.carideal.com\/blog\/wp-content\/uploads\/2011\/02\/citroen-ds4-carideal-achat-mandataire-auto_m-300x200.jpg",300,200,true],"medium_large":["https:\/\/www.carideal.com\/blog\/wp-content\/uploads\/2011\/02\/citroen-ds4-carideal-achat-mandataire-auto_m.jpg",448,299,false],"large":["https:\/\/www.carideal.com\/blog\/wp-content\/uploads\/2011\/02\/citroen-ds4-carideal-achat-mandataire-auto_m.jpg",448,299,false],"1536x1536":["https:\/\/www.carideal.com\/blog\/wp-content\/uploads\/2011\/02\/citroen-ds4-carideal-achat-mandataire-auto_m.jpg",448,299,false],"2048x2048":["https:\/\/www.carideal.com\/blog\/wp-content\/uploads\/2011\/02\/citroen-ds4-carideal-achat-mandataire-auto_m.jpg",448,299,false],"wppr-widget":["https:\/\/www.carideal.com\/blog\/wp-content\/uploads\/2011\/02\/citroen-ds4-carideal-achat-mandataire-auto_m-50x33.jpg",50,33,true]},"uagb_author_info":{"display_name":"N.S Carideal","author_link":"https:\/\/www.carideal.com\/blog\/author\/admin_carideal\/"},"uagb_comment_info":1,"uagb_excerpt":"Saisissez l'opportunit\u00e9 : Devenez l'un des premiers propri\u00e9taires de la Citro\u00ebn DS4 en avant-premi\u00e8re exclusive La Citro\u00ebn DS4 en pr\u00e9vente officielle \u00e0 partir du 28\/02\/2011. Citro\u00ebn mettra en pr\u00e9-r\u00e9servation sur son site internet d\u00e9di\u00e9 \u00e0 la DS4 www.citroen.fr\u00a0500 DS4, dont 375 pour la France. Le but s'est d'en faire la promotion. La \"plus belle voiture\u2026","_links":{"self":[{"href":"https:\/\/www.carideal.com\/blog\/wp-json\/wp\/v2\/posts\/897"}],"collection":[{"href":"https:\/\/www.carideal.com\/blog\/wp-json\/wp\/v2\/posts"}],"about":[{"href":"https:\/\/www.carideal.com\/blog\/wp-json\/wp\/v2\/types\/post"}],"author":[{"embeddable":true,"href":"https:\/\/www.carideal.com\/blog\/wp-json\/wp\/v2\/users\/1"}],"replies":[{"embeddable":true,"href":"https:\/\/www.carideal.com\/blog\/wp-json\/wp\/v2\/comments?post=897"}],"version-history":[{"count":0,"href":"https:\/\/www.carideal.com\/blog\/wp-json\/wp\/v2\/posts\/897\/revisions"}],"wp:featuredmedia":[{"embeddable":true,"href":"https:\/\/www.carideal.com\/blog\/wp-json\/wp\/v2\/media\/27138"}],"wp:attachment":[{"href":"https:\/\/www.carideal.com\/blog\/wp-json\/wp\/v2\/media?parent=897"}],"wp:term":[{"taxonomy":"category","embeddable":true,"href":"https:\/\/www.carideal.com\/blog\/wp-json\/wp\/v2\/categories?post=897"},{"taxonomy":"post_tag","embeddable":true,"href":"https:\/\/www.carideal.com\/blog\/wp-json\/wp\/v2\/tags?post=897"}],"curies":[{"name":"wp","href":"https:\/\/api.w.org\/{rel}","templated":true}]}}