{"id":896,"date":"2011-02-25T08:53:00","date_gmt":"2011-02-25T08:53:00","guid":{"rendered":"http:\/\/carideal.com\/blog\/?p=896"},"modified":"2020-03-07T16:52:57","modified_gmt":"2020-03-07T15:52:57","slug":"range-rover-evoque-lancement-cet-ete","status":"publish","type":"post","link":"https:\/\/www.carideal.com\/blog\/2011\/02\/25\/range-rover-evoque-lancement-cet-ete\/","title":{"rendered":"Land Rover Range Rover Evoque lancement cet \u00e9t\u00e9"},"content":{"rendered":"<h1><strong>Le petit SUV premium Evoque de Range Rover sera commercialis\u00e9 cet \u00e9t\u00e9 \u00e0 partir de 35000 \u20ac<\/strong><\/h1>\n<p><a href=\"http:\/\/www.carideal.com\/blog\/marque-de-voiture-actualites-essais\/land-rover\/\">Land Rover<\/a> nous pr\u00e9voit deux lignes diff\u00e9rentes, 3 et 5 portes avec un moteur diesel sans malus et ...2 roues motrices..c'est nouveau pour la marque r\u00e9f\u00e9rence en 4x4 ! Un lancement du Range Rover Evoque en fanfare pour \u00e9craser la concurrence. 2 et 4 roues motrices, 2 carrosseries et tout un choix de motorisations essences et diesel pour un positionnement prix \u00e9lev\u00e9. Voil\u00e0 de quoi faire saliver les <a href=\"http:\/\/www.carideal.com\/blog\/2011\/05\/24\/les-francais-n-ont-pas-confiance-dans-les-prix-affiches-par-les-concessionnaires\/\">concessionnaires<\/a> et remplir les portefeuilles de commande.<br \/>\nJusqu'\u00e0 pr\u00e9sent seul le <a href=\"http:\/\/www.carideal.com\/blog\/2012\/09\/05\/nouveau-land-rover-freelander-2013-en-video\/\">Freelander<\/a>, repr\u00e9sentait la marque dans ce segment des <a href=\"http:\/\/www.carideal.com\/blog\/2008\/03\/25\/guide-d-achat-des-suv-compact-diesel\/\">SUV compact<\/a>, et il faut bien avouer qu'il n'\u00e9tait plus \u00e0 la page face \u00e0 une concurrence germanique par exemple tr\u00e8s agressive, avec des v\u00e9hicules modernes et respectueux de l'environnement.<\/p>\n<ul>\n<li>Toutes les offres de Land Rover<\/li>\n<\/ul>\n<p>Range Rover se positionne avec deux carrosseries : 3P qui q re\u00e7u un excellent acceuil lors du dernier Mondial de Paris et en 5P.<br \/>\nl'Evoque sera disponible en 2 roues motrices ce qui est une premi\u00e8re pour LA marque 4x4, son diesel eD4 de 150 ch et 130 g de CO2 et 135 g pour la version 5P, et aussi en 4x4 avec le TD4 de 150 ch et SD4 de 190 ch.<br \/>\nUne version essence sera aussi disponible \u00e9quip\u00e9e d'un 2.0 turbo de 240 ch, le Si4 et uniquement en 4x4<\/p>\n<h2>Lancement du Land Rover Range Rover Evoque\u00a0 : disponible en 3 et 5 portes<\/h2>\n<p>Le Land Rover Evoque fut la vedette du Mondial de Paris en 3 portes puis en 5 portes \u00e0 Los Angeles. L'Evoque sera le plus mod\u00e8le de la gamme avec 4.32m et 3 cm de plus en 5 portes. Il sera \u00e9quip\u00e9 d'un moteur essence avec turbo de 240 ch et de deux diesels de 150 ch et de 190 ch. Disponibles en versions \u00e0 deux et \u00e0 quatre roues motrices, l'Evoque proposera une version limit\u00e9e \u00e0 130g de CO2\/km<\/p>\n","protected":false},"excerpt":{"rendered":"<p>Le petit SUV premium Evoque de Range Rover sera commercialis\u00e9 cet \u00e9t\u00e9 \u00e0 partir de 35000 \u20ac Land Rover nous pr\u00e9voit deux lignes diff\u00e9rentes, 3 et 5 portes avec un moteur diesel sans malus et &#8230;2 roues motrices..c&rsquo;est nouveau pour la marque r\u00e9f\u00e9rence en 4&#215;4 ! Un lancement du Range Rover Evoque en fanfare pour &#8230; <a title=\"Land Rover Range Rover Evoque lancement cet \u00e9t\u00e9\" class=\"read-more\" href=\"https:\/\/www.carideal.com\/blog\/2011\/02\/25\/range-rover-evoque-lancement-cet-ete\/\" aria-label=\"En savoir plus sur Land Rover Range Rover Evoque lancement cet \u00e9t\u00e9\">Lire plus<\/a><\/p>\n","protected":false},"author":1,"featured_media":17993,"comment_status":"open","ping_status":"open","sticky":false,"template":"","format":"standard","meta":{"_uag_custom_page_level_css":"","_themeisle_gutenberg_block_has_review":false,"footnotes":""},"categories":[5944,6095,6031,6010,5974],"tags":[6207],"class_list":["post-896","post","type-post","status-publish","format-standard","has-post-thumbnail","hentry","category-constructeur","category-land-rover","category-range-rover","category-suv","category-type-de-vehicule","tag-suv-urbain"],"wppr_data":{"cwp_meta_box_check":"No"},"yoast_head":"<!-- This site is optimized with the Yoast SEO plugin v24.8.1 - https:\/\/yoast.com\/wordpress\/plugins\/seo\/ -->\n<title>Land Rover Range Rover Evoque lancement cet \u00e9t\u00e9 - Blog auto Carid\u00e9al<\/title>\n<meta name=\"description\" content=\"Le lancement du Land Rover Range Rover Evoque aura lieu cet \u00e9t\u00e9 apr\u00e8s avoir \u00e9t\u00e9 la vedette du Mondial de Paris en 3 portes puis en 5 portes \u00e0 Los Angeles\" \/>\n<meta name=\"robots\" content=\"index, follow, max-snippet:-1, max-image-preview:large, max-video-preview:-1\" \/>\n<link rel=\"canonical\" href=\"https:\/\/www.carideal.com\/blog\/2011\/02\/25\/range-rover-evoque-lancement-cet-ete\/\" \/>\n<meta property=\"og:locale\" content=\"fr_FR\" \/>\n<meta property=\"og:type\" content=\"article\" \/>\n<meta property=\"og:title\" content=\"Land Rover Range Rover Evoque lancement cet \u00e9t\u00e9 - Blog auto Carid\u00e9al\" \/>\n<meta property=\"og:description\" content=\"Le lancement du Land Rover Range Rover Evoque aura lieu cet \u00e9t\u00e9 apr\u00e8s avoir \u00e9t\u00e9 la vedette du Mondial de Paris en 3 portes puis en 5 portes \u00e0 Los Angeles\" \/>\n<meta property=\"og:url\" content=\"https:\/\/www.carideal.com\/blog\/2011\/02\/25\/range-rover-evoque-lancement-cet-ete\/\" \/>\n<meta property=\"og:site_name\" content=\"Blog auto Carid\u00e9al\" \/>\n<meta property=\"article:publisher\" content=\"https:\/\/www.facebook.com\/Carideal.mandataire.automobile\" \/>\n<meta property=\"article:author\" content=\"https:\/\/www.facebook.com\/Carideal.mandataire.automobile\/\" \/>\n<meta property=\"article:published_time\" content=\"2011-02-25T08:53:00+00:00\" \/>\n<meta property=\"article:modified_time\" content=\"2020-03-07T15:52:57+00:00\" \/>\n<meta property=\"og:image\" content=\"https:\/\/www.carideal.com\/blog\/wp-content\/uploads\/2011\/02\/range-rover-evoque_achat_carideal_mandataire_m.jpg\" \/>\n\t<meta property=\"og:image:width\" content=\"448\" \/>\n\t<meta property=\"og:image:height\" content=\"298\" \/>\n\t<meta property=\"og:image:type\" content=\"image\/jpeg\" \/>\n<meta name=\"author\" content=\"N.S Carideal\" \/>\n<meta name=\"twitter:card\" content=\"summary_large_image\" \/>\n<meta name=\"twitter:creator\" content=\"@caridealauto\" \/>\n<meta name=\"twitter:site\" content=\"@caridealauto\" \/>\n<meta name=\"twitter:label1\" content=\"\u00c9crit par\" \/>\n\t<meta name=\"twitter:data1\" content=\"N.S Carideal\" \/>\n\t<meta name=\"twitter:label2\" content=\"Dur\u00e9e de lecture estim\u00e9e\" \/>\n\t<meta name=\"twitter:data2\" content=\"2 minutes\" \/>\n<script type=\"application\/ld+json\" class=\"yoast-schema-graph\">{\"@context\":\"https:\/\/schema.org\",\"@graph\":[{\"@type\":\"Article\",\"@id\":\"https:\/\/www.carideal.com\/blog\/2011\/02\/25\/range-rover-evoque-lancement-cet-ete\/#article\",\"isPartOf\":{\"@id\":\"https:\/\/www.carideal.com\/blog\/2011\/02\/25\/range-rover-evoque-lancement-cet-ete\/\"},\"author\":{\"name\":\"N.S Carideal\",\"@id\":\"https:\/\/www.carideal.com\/blog\/#\/schema\/person\/985c7e757d1042d647f21bfaf8d41ebc\"},\"headline\":\"Land Rover Range Rover Evoque lancement cet \u00e9t\u00e9\",\"datePublished\":\"2011-02-25T08:53:00+00:00\",\"dateModified\":\"2020-03-07T15:52:57+00:00\",\"mainEntityOfPage\":{\"@id\":\"https:\/\/www.carideal.com\/blog\/2011\/02\/25\/range-rover-evoque-lancement-cet-ete\/\"},\"wordCount\":315,\"commentCount\":0,\"publisher\":{\"@id\":\"https:\/\/www.carideal.com\/blog\/#organization\"},\"image\":{\"@id\":\"https:\/\/www.carideal.com\/blog\/2011\/02\/25\/range-rover-evoque-lancement-cet-ete\/#primaryimage\"},\"thumbnailUrl\":\"https:\/\/www.carideal.com\/blog\/wp-content\/uploads\/2011\/02\/range-rover-evoque_achat_carideal_mandataire_m.jpg\",\"keywords\":[\"Suv Urbain\"],\"articleSection\":[\"Actualit\u00e9 Constructeur automobile\",\"Actualit\u00e9 Land Rover\",\"Actualit\u00e9 Range Rover\",\"SUV\",\"Type de v\u00e9hicule\"],\"inLanguage\":\"fr-FR\",\"potentialAction\":[{\"@type\":\"CommentAction\",\"name\":\"Comment\",\"target\":[\"https:\/\/www.carideal.com\/blog\/2011\/02\/25\/range-rover-evoque-lancement-cet-ete\/#respond\"]}]},{\"@type\":\"WebPage\",\"@id\":\"https:\/\/www.carideal.com\/blog\/2011\/02\/25\/range-rover-evoque-lancement-cet-ete\/\",\"url\":\"https:\/\/www.carideal.com\/blog\/2011\/02\/25\/range-rover-evoque-lancement-cet-ete\/\",\"name\":\"Land Rover Range Rover Evoque lancement cet \u00e9t\u00e9 - Blog auto Carid\u00e9al\",\"isPartOf\":{\"@id\":\"https:\/\/www.carideal.com\/blog\/#website\"},\"primaryImageOfPage\":{\"@id\":\"https:\/\/www.carideal.com\/blog\/2011\/02\/25\/range-rover-evoque-lancement-cet-ete\/#primaryimage\"},\"image\":{\"@id\":\"https:\/\/www.carideal.com\/blog\/2011\/02\/25\/range-rover-evoque-lancement-cet-ete\/#primaryimage\"},\"thumbnailUrl\":\"https:\/\/www.carideal.com\/blog\/wp-content\/uploads\/2011\/02\/range-rover-evoque_achat_carideal_mandataire_m.jpg\",\"datePublished\":\"2011-02-25T08:53:00+00:00\",\"dateModified\":\"2020-03-07T15:52:57+00:00\",\"description\":\"Le lancement du Land Rover Range Rover Evoque aura lieu cet \u00e9t\u00e9 apr\u00e8s avoir \u00e9t\u00e9 la vedette du Mondial de Paris en 3 portes puis en 5 portes \u00e0 Los Angeles\",\"breadcrumb\":{\"@id\":\"https:\/\/www.carideal.com\/blog\/2011\/02\/25\/range-rover-evoque-lancement-cet-ete\/#breadcrumb\"},\"inLanguage\":\"fr-FR\",\"potentialAction\":[{\"@type\":\"ReadAction\",\"target\":[\"https:\/\/www.carideal.com\/blog\/2011\/02\/25\/range-rover-evoque-lancement-cet-ete\/\"]}]},{\"@type\":\"ImageObject\",\"inLanguage\":\"fr-FR\",\"@id\":\"https:\/\/www.carideal.com\/blog\/2011\/02\/25\/range-rover-evoque-lancement-cet-ete\/#primaryimage\",\"url\":\"https:\/\/www.carideal.com\/blog\/wp-content\/uploads\/2011\/02\/range-rover-evoque_achat_carideal_mandataire_m.jpg\",\"contentUrl\":\"https:\/\/www.carideal.com\/blog\/wp-content\/uploads\/2011\/02\/range-rover-evoque_achat_carideal_mandataire_m.jpg\",\"width\":448,\"height\":298,\"caption\":\"Les Land Rover de 2011 Le Land Rover Evoque sera disponible en 3 et 5 portes Le Land Rover Evoque fut la vedette du Mondial de Paris en portes puis en 5 portes \u00e0 Los Angeles. L'Evoque sera le plus mod\u00e8le de la gamme avec 4.32m et 3 cm de plus en 5 portes. Il sera \u00e9quip\u00e9 d'un moteur essence avec turbo de 240 ch et de deux diesels de 150 ch et de 190 ch. Disponibles en versions \u00e0 deux et \u00e0 quatre roues motrices, l'Evoque proposera une version limit\u00e9e \u00e0 130g de CO2\/km\"},{\"@type\":\"BreadcrumbList\",\"@id\":\"https:\/\/www.carideal.com\/blog\/2011\/02\/25\/range-rover-evoque-lancement-cet-ete\/#breadcrumb\",\"itemListElement\":[{\"@type\":\"ListItem\",\"position\":1,\"name\":\"Blog Carid\u00e9al\",\"item\":\"https:\/\/www.carideal.com\/blog\/\"},{\"@type\":\"ListItem\",\"position\":2,\"name\":\"Actualit\u00e9 constructeur automobile\",\"item\":\"https:\/\/www.carideal.com\/blog\/constructeur\/\"},{\"@type\":\"ListItem\",\"position\":3,\"name\":\"Actualit\u00e9 Land Rover\",\"item\":\"https:\/\/www.carideal.com\/blog\/constructeur\/land-rover\/\"},{\"@type\":\"ListItem\",\"position\":4,\"name\":\"Land Rover Range Rover Evoque lancement cet \u00e9t\u00e9\"}]},{\"@type\":\"WebSite\",\"@id\":\"https:\/\/www.carideal.com\/blog\/#website\",\"url\":\"https:\/\/www.carideal.com\/blog\/\",\"name\":\"Blog auto Carid\u00e9al\",\"description\":\"Actualit\u00e9 auto par des passionn\u00e9s\",\"publisher\":{\"@id\":\"https:\/\/www.carideal.com\/blog\/#organization\"},\"potentialAction\":[{\"@type\":\"SearchAction\",\"target\":{\"@type\":\"EntryPoint\",\"urlTemplate\":\"https:\/\/www.carideal.com\/blog\/?s={search_term_string}\"},\"query-input\":{\"@type\":\"PropertyValueSpecification\",\"valueRequired\":true,\"valueName\":\"search_term_string\"}}],\"inLanguage\":\"fr-FR\"},{\"@type\":\"Organization\",\"@id\":\"https:\/\/www.carideal.com\/blog\/#organization\",\"name\":\"Carideal\",\"url\":\"https:\/\/www.carideal.com\/blog\/\",\"logo\":{\"@type\":\"ImageObject\",\"inLanguage\":\"fr-FR\",\"@id\":\"https:\/\/www.carideal.com\/blog\/#\/schema\/logo\/image\/\",\"url\":\"http:\/\/www.carideal.com\/blog\/wp-content\/uploads\/2016\/03\/logo-carideal-mandataire-automobile.png\",\"contentUrl\":\"http:\/\/www.carideal.com\/blog\/wp-content\/uploads\/2016\/03\/logo-carideal-mandataire-automobile.png\",\"width\":300,\"height\":300,\"caption\":\"Carideal\"},\"image\":{\"@id\":\"https:\/\/www.carideal.com\/blog\/#\/schema\/logo\/image\/\"},\"sameAs\":[\"https:\/\/www.facebook.com\/Carideal.mandataire.automobile\",\"https:\/\/x.com\/caridealauto\",\"https:\/\/www.instagram.com\/carideal1\/\",\"https:\/\/www.linkedin.com\/company\/carideal.com\",\"https:\/\/fr.pinterest.com\/schiavonsas\/\",\"https:\/\/www.youtube.com\/user\/caridealsas\"]},{\"@type\":\"Person\",\"@id\":\"https:\/\/www.carideal.com\/blog\/#\/schema\/person\/985c7e757d1042d647f21bfaf8d41ebc\",\"name\":\"N.S Carideal\",\"image\":{\"@type\":\"ImageObject\",\"inLanguage\":\"fr-FR\",\"@id\":\"https:\/\/www.carideal.com\/blog\/#\/schema\/person\/image\/\",\"url\":\"https:\/\/secure.gravatar.com\/avatar\/edb7ccdf1a4e3d14aef967760d354d0e?s=96&r=g\",\"contentUrl\":\"https:\/\/secure.gravatar.com\/avatar\/edb7ccdf1a4e3d14aef967760d354d0e?s=96&r=g\",\"caption\":\"N.S Carideal\"},\"description\":\"Depuis tout petit fan d'automobile. Il est question d'essayer et de comparer toutes ces voitures qui nous ont fait r\u00e9ver, avant que celles-ci ne devient uniquement des voitures de collection.\",\"sameAs\":[\"http:\/\/www.carideal.com\/blog\",\"https:\/\/www.facebook.com\/Carideal.mandataire.automobile\/\",\"https:\/\/www.linkedin.com\/in\/nschiavon\/\",\"https:\/\/www.youtube.com\/user\/caridealsas\/\"],\"url\":\"https:\/\/www.carideal.com\/blog\/author\/admin_carideal\/\"}]}<\/script>\n<!-- \/ Yoast SEO plugin. -->","yoast_head_json":{"title":"Land Rover Range Rover Evoque lancement cet \u00e9t\u00e9 - Blog auto Carid\u00e9al","description":"Le lancement du Land Rover Range Rover Evoque aura lieu cet \u00e9t\u00e9 apr\u00e8s avoir \u00e9t\u00e9 la vedette du Mondial de Paris en 3 portes puis en 5 portes \u00e0 Los Angeles","robots":{"index":"index","follow":"follow","max-snippet":"max-snippet:-1","max-image-preview":"max-image-preview:large","max-video-preview":"max-video-preview:-1"},"canonical":"https:\/\/www.carideal.com\/blog\/2011\/02\/25\/range-rover-evoque-lancement-cet-ete\/","og_locale":"fr_FR","og_type":"article","og_title":"Land Rover Range Rover Evoque lancement cet \u00e9t\u00e9 - Blog auto Carid\u00e9al","og_description":"Le lancement du Land Rover Range Rover Evoque aura lieu cet \u00e9t\u00e9 apr\u00e8s avoir \u00e9t\u00e9 la vedette du Mondial de Paris en 3 portes puis en 5 portes \u00e0 Los Angeles","og_url":"https:\/\/www.carideal.com\/blog\/2011\/02\/25\/range-rover-evoque-lancement-cet-ete\/","og_site_name":"Blog auto Carid\u00e9al","article_publisher":"https:\/\/www.facebook.com\/Carideal.mandataire.automobile","article_author":"https:\/\/www.facebook.com\/Carideal.mandataire.automobile\/","article_published_time":"2011-02-25T08:53:00+00:00","article_modified_time":"2020-03-07T15:52:57+00:00","og_image":[{"width":448,"height":298,"url":"https:\/\/www.carideal.com\/blog\/wp-content\/uploads\/2011\/02\/range-rover-evoque_achat_carideal_mandataire_m.jpg","type":"image\/jpeg"}],"author":"N.S Carideal","twitter_card":"summary_large_image","twitter_creator":"@caridealauto","twitter_site":"@caridealauto","twitter_misc":{"\u00c9crit par":"N.S Carideal","Dur\u00e9e de lecture estim\u00e9e":"2 minutes"},"schema":{"@context":"https:\/\/schema.org","@graph":[{"@type":"Article","@id":"https:\/\/www.carideal.com\/blog\/2011\/02\/25\/range-rover-evoque-lancement-cet-ete\/#article","isPartOf":{"@id":"https:\/\/www.carideal.com\/blog\/2011\/02\/25\/range-rover-evoque-lancement-cet-ete\/"},"author":{"name":"N.S Carideal","@id":"https:\/\/www.carideal.com\/blog\/#\/schema\/person\/985c7e757d1042d647f21bfaf8d41ebc"},"headline":"Land Rover Range Rover Evoque lancement cet \u00e9t\u00e9","datePublished":"2011-02-25T08:53:00+00:00","dateModified":"2020-03-07T15:52:57+00:00","mainEntityOfPage":{"@id":"https:\/\/www.carideal.com\/blog\/2011\/02\/25\/range-rover-evoque-lancement-cet-ete\/"},"wordCount":315,"commentCount":0,"publisher":{"@id":"https:\/\/www.carideal.com\/blog\/#organization"},"image":{"@id":"https:\/\/www.carideal.com\/blog\/2011\/02\/25\/range-rover-evoque-lancement-cet-ete\/#primaryimage"},"thumbnailUrl":"https:\/\/www.carideal.com\/blog\/wp-content\/uploads\/2011\/02\/range-rover-evoque_achat_carideal_mandataire_m.jpg","keywords":["Suv Urbain"],"articleSection":["Actualit\u00e9 Constructeur automobile","Actualit\u00e9 Land Rover","Actualit\u00e9 Range Rover","SUV","Type de v\u00e9hicule"],"inLanguage":"fr-FR","potentialAction":[{"@type":"CommentAction","name":"Comment","target":["https:\/\/www.carideal.com\/blog\/2011\/02\/25\/range-rover-evoque-lancement-cet-ete\/#respond"]}]},{"@type":"WebPage","@id":"https:\/\/www.carideal.com\/blog\/2011\/02\/25\/range-rover-evoque-lancement-cet-ete\/","url":"https:\/\/www.carideal.com\/blog\/2011\/02\/25\/range-rover-evoque-lancement-cet-ete\/","name":"Land Rover Range Rover Evoque lancement cet \u00e9t\u00e9 - Blog auto Carid\u00e9al","isPartOf":{"@id":"https:\/\/www.carideal.com\/blog\/#website"},"primaryImageOfPage":{"@id":"https:\/\/www.carideal.com\/blog\/2011\/02\/25\/range-rover-evoque-lancement-cet-ete\/#primaryimage"},"image":{"@id":"https:\/\/www.carideal.com\/blog\/2011\/02\/25\/range-rover-evoque-lancement-cet-ete\/#primaryimage"},"thumbnailUrl":"https:\/\/www.carideal.com\/blog\/wp-content\/uploads\/2011\/02\/range-rover-evoque_achat_carideal_mandataire_m.jpg","datePublished":"2011-02-25T08:53:00+00:00","dateModified":"2020-03-07T15:52:57+00:00","description":"Le lancement du Land Rover Range Rover Evoque aura lieu cet \u00e9t\u00e9 apr\u00e8s avoir \u00e9t\u00e9 la vedette du Mondial de Paris en 3 portes puis en 5 portes \u00e0 Los Angeles","breadcrumb":{"@id":"https:\/\/www.carideal.com\/blog\/2011\/02\/25\/range-rover-evoque-lancement-cet-ete\/#breadcrumb"},"inLanguage":"fr-FR","potentialAction":[{"@type":"ReadAction","target":["https:\/\/www.carideal.com\/blog\/2011\/02\/25\/range-rover-evoque-lancement-cet-ete\/"]}]},{"@type":"ImageObject","inLanguage":"fr-FR","@id":"https:\/\/www.carideal.com\/blog\/2011\/02\/25\/range-rover-evoque-lancement-cet-ete\/#primaryimage","url":"https:\/\/www.carideal.com\/blog\/wp-content\/uploads\/2011\/02\/range-rover-evoque_achat_carideal_mandataire_m.jpg","contentUrl":"https:\/\/www.carideal.com\/blog\/wp-content\/uploads\/2011\/02\/range-rover-evoque_achat_carideal_mandataire_m.jpg","width":448,"height":298,"caption":"Les Land Rover de 2011 Le Land Rover Evoque sera disponible en 3 et 5 portes Le Land Rover Evoque fut la vedette du Mondial de Paris en portes puis en 5 portes \u00e0 Los Angeles. L'Evoque sera le plus mod\u00e8le de la gamme avec 4.32m et 3 cm de plus en 5 portes. Il sera \u00e9quip\u00e9 d'un moteur essence avec turbo de 240 ch et de deux diesels de 150 ch et de 190 ch. Disponibles en versions \u00e0 deux et \u00e0 quatre roues motrices, l'Evoque proposera une version limit\u00e9e \u00e0 130g de CO2\/km"},{"@type":"BreadcrumbList","@id":"https:\/\/www.carideal.com\/blog\/2011\/02\/25\/range-rover-evoque-lancement-cet-ete\/#breadcrumb","itemListElement":[{"@type":"ListItem","position":1,"name":"Blog Carid\u00e9al","item":"https:\/\/www.carideal.com\/blog\/"},{"@type":"ListItem","position":2,"name":"Actualit\u00e9 constructeur automobile","item":"https:\/\/www.carideal.com\/blog\/constructeur\/"},{"@type":"ListItem","position":3,"name":"Actualit\u00e9 Land Rover","item":"https:\/\/www.carideal.com\/blog\/constructeur\/land-rover\/"},{"@type":"ListItem","position":4,"name":"Land Rover Range Rover Evoque lancement cet \u00e9t\u00e9"}]},{"@type":"WebSite","@id":"https:\/\/www.carideal.com\/blog\/#website","url":"https:\/\/www.carideal.com\/blog\/","name":"Blog auto Carid\u00e9al","description":"Actualit\u00e9 auto par des passionn\u00e9s","publisher":{"@id":"https:\/\/www.carideal.com\/blog\/#organization"},"potentialAction":[{"@type":"SearchAction","target":{"@type":"EntryPoint","urlTemplate":"https:\/\/www.carideal.com\/blog\/?s={search_term_string}"},"query-input":{"@type":"PropertyValueSpecification","valueRequired":true,"valueName":"search_term_string"}}],"inLanguage":"fr-FR"},{"@type":"Organization","@id":"https:\/\/www.carideal.com\/blog\/#organization","name":"Carideal","url":"https:\/\/www.carideal.com\/blog\/","logo":{"@type":"ImageObject","inLanguage":"fr-FR","@id":"https:\/\/www.carideal.com\/blog\/#\/schema\/logo\/image\/","url":"http:\/\/www.carideal.com\/blog\/wp-content\/uploads\/2016\/03\/logo-carideal-mandataire-automobile.png","contentUrl":"http:\/\/www.carideal.com\/blog\/wp-content\/uploads\/2016\/03\/logo-carideal-mandataire-automobile.png","width":300,"height":300,"caption":"Carideal"},"image":{"@id":"https:\/\/www.carideal.com\/blog\/#\/schema\/logo\/image\/"},"sameAs":["https:\/\/www.facebook.com\/Carideal.mandataire.automobile","https:\/\/x.com\/caridealauto","https:\/\/www.instagram.com\/carideal1\/","https:\/\/www.linkedin.com\/company\/carideal.com","https:\/\/fr.pinterest.com\/schiavonsas\/","https:\/\/www.youtube.com\/user\/caridealsas"]},{"@type":"Person","@id":"https:\/\/www.carideal.com\/blog\/#\/schema\/person\/985c7e757d1042d647f21bfaf8d41ebc","name":"N.S Carideal","image":{"@type":"ImageObject","inLanguage":"fr-FR","@id":"https:\/\/www.carideal.com\/blog\/#\/schema\/person\/image\/","url":"https:\/\/secure.gravatar.com\/avatar\/edb7ccdf1a4e3d14aef967760d354d0e?s=96&r=g","contentUrl":"https:\/\/secure.gravatar.com\/avatar\/edb7ccdf1a4e3d14aef967760d354d0e?s=96&r=g","caption":"N.S Carideal"},"description":"Depuis tout petit fan d'automobile. Il est question d'essayer et de comparer toutes ces voitures qui nous ont fait r\u00e9ver, avant que celles-ci ne devient uniquement des voitures de collection.","sameAs":["http:\/\/www.carideal.com\/blog","https:\/\/www.facebook.com\/Carideal.mandataire.automobile\/","https:\/\/www.linkedin.com\/in\/nschiavon\/","https:\/\/www.youtube.com\/user\/caridealsas\/"],"url":"https:\/\/www.carideal.com\/blog\/author\/admin_carideal\/"}]}},"uagb_featured_image_src":{"full":["https:\/\/www.carideal.com\/blog\/wp-content\/uploads\/2011\/02\/range-rover-evoque_achat_carideal_mandataire_m.jpg",448,298,false],"thumbnail":["https:\/\/www.carideal.com\/blog\/wp-content\/uploads\/2011\/02\/range-rover-evoque_achat_carideal_mandataire_m-150x150.jpg",150,150,true],"medium":["https:\/\/www.carideal.com\/blog\/wp-content\/uploads\/2011\/02\/range-rover-evoque_achat_carideal_mandataire_m-300x200.jpg",300,200,true],"medium_large":["https:\/\/www.carideal.com\/blog\/wp-content\/uploads\/2011\/02\/range-rover-evoque_achat_carideal_mandataire_m.jpg",448,298,false],"large":["https:\/\/www.carideal.com\/blog\/wp-content\/uploads\/2011\/02\/range-rover-evoque_achat_carideal_mandataire_m.jpg",448,298,false],"1536x1536":["https:\/\/www.carideal.com\/blog\/wp-content\/uploads\/2011\/02\/range-rover-evoque_achat_carideal_mandataire_m.jpg",448,298,false],"2048x2048":["https:\/\/www.carideal.com\/blog\/wp-content\/uploads\/2011\/02\/range-rover-evoque_achat_carideal_mandataire_m.jpg",448,298,false],"wppr-widget":["https:\/\/www.carideal.com\/blog\/wp-content\/uploads\/2011\/02\/range-rover-evoque_achat_carideal_mandataire_m-50x33.jpg",50,33,true]},"uagb_author_info":{"display_name":"N.S Carideal","author_link":"https:\/\/www.carideal.com\/blog\/author\/admin_carideal\/"},"uagb_comment_info":0,"uagb_excerpt":"Le petit SUV premium Evoque de Range Rover sera commercialis\u00e9 cet \u00e9t\u00e9 \u00e0 partir de 35000 \u20ac Land Rover nous pr\u00e9voit deux lignes diff\u00e9rentes, 3 et 5 portes avec un moteur diesel sans malus et ...2 roues motrices..c'est nouveau pour la marque r\u00e9f\u00e9rence en 4x4 ! Un lancement du Range Rover Evoque en fanfare pour\u2026","_links":{"self":[{"href":"https:\/\/www.carideal.com\/blog\/wp-json\/wp\/v2\/posts\/896"}],"collection":[{"href":"https:\/\/www.carideal.com\/blog\/wp-json\/wp\/v2\/posts"}],"about":[{"href":"https:\/\/www.carideal.com\/blog\/wp-json\/wp\/v2\/types\/post"}],"author":[{"embeddable":true,"href":"https:\/\/www.carideal.com\/blog\/wp-json\/wp\/v2\/users\/1"}],"replies":[{"embeddable":true,"href":"https:\/\/www.carideal.com\/blog\/wp-json\/wp\/v2\/comments?post=896"}],"version-history":[{"count":0,"href":"https:\/\/www.carideal.com\/blog\/wp-json\/wp\/v2\/posts\/896\/revisions"}],"wp:featuredmedia":[{"embeddable":true,"href":"https:\/\/www.carideal.com\/blog\/wp-json\/wp\/v2\/media\/17993"}],"wp:attachment":[{"href":"https:\/\/www.carideal.com\/blog\/wp-json\/wp\/v2\/media?parent=896"}],"wp:term":[{"taxonomy":"category","embeddable":true,"href":"https:\/\/www.carideal.com\/blog\/wp-json\/wp\/v2\/categories?post=896"},{"taxonomy":"post_tag","embeddable":true,"href":"https:\/\/www.carideal.com\/blog\/wp-json\/wp\/v2\/tags?post=896"}],"curies":[{"name":"wp","href":"https:\/\/api.w.org\/{rel}","templated":true}]}}