{"id":891,"date":"2011-02-22T22:42:00","date_gmt":"2011-02-22T22:42:00","guid":{"rendered":"http:\/\/carideal.com\/blog\/?p=891"},"modified":"2020-03-07T18:04:26","modified_gmt":"2020-03-07T17:04:26","slug":"renault-latitude-2-0-dci-150","status":"publish","type":"post","link":"https:\/\/www.carideal.com\/blog\/2011\/02\/22\/renault-latitude-2-0-dci-150\/","title":{"rendered":"Renault Latitude 2.0 dci 150"},"content":{"rendered":"<\/p>\n<blockquote>\n<p>Apais\u00e9, c'est l'\u00e9tat dans lequel se trouve un conducteur apr\u00e8s un voyage en Latitude<\/p>\n<\/blockquote>\n<p>Sur la version <a href=\"\/blog\/index.php?tag\/initiale\">initiale<\/a>, la climatisation \u00e9quilibre les ions positifs et n\u00e9gatifs pour cr\u00e9er une ambiance relaxante dans l'habitacle. Le si\u00e8ge conducteur \u00e0 triple r\u00e9glage lombaire masse d\u00e9licatement le dos. pourtant, pas besoin de grimper en finition haute \u00e0 38000 \u20ac pour se sentir berc\u00e9 par le nouveau haut de gamme Renault. Ainsi, d\u00e8s le niveau <a href=\"\/blog\/index.php?tag\/Business\">Business<\/a>, l'\u00e9quipement est complet&nbsp;: climatisation, phares et essuie vitres automatique, carte main libre et GPS TOM TOM sont livr\u00e9s de s\u00e9rie.\n<\/p>\n<blockquote>\n<p>Renault Latitude<\/p>\n<\/blockquote>\n<p>C'est ensuite le caract\u00e8re de l'auto qui est en jeu. Doux silencieux et d\u00e9livrant sa puissance de mani\u00e8re progressive, le dci 150 ravit toujours par sa plage d'utilisation tr\u00e8s \u00e9tendue. Les suspensions, souples, n'autorisent pas le m\u00eame dynamisme qu'une <a href=\"\/blog\/index.php?tag\/Laguna\">Laguna<\/a> en virage, mais soigne davantage les vert\u00e8bres des passagers.<br \/>\nLa boite automatique n'est disponible qu'en version 2.0 DCI 175 ch. Raffin\u00e9e par son confort, la Latitude manque toutefois de standing pour rivaliser avec les sp\u00e9cialistes de la cat\u00e9gorie. La qualit\u00e9 des mat\u00e9riaux semble meilleurs que dans une simple Laguna. Le dessin de la planche de bord, vieillot, rappelle plut\u00f4t la <a href=\"\/blog\/index.php?tag\/Safrane\">Safrane<\/a>. Quant aux \u00e9quipements technologiques de la version Initiale, ils souffrent de petits d\u00e9fauts. Ils souffrent de petits d\u00e9fauts. Le syst\u00e8me audio Bose n'\u00e9tonne pas par sa qualit\u00e9.\n<\/p>\n<blockquote>\n<p>L'int\u00e9rieur de la Renault Latitude<\/p>\n<\/blockquote>\n<p>La navigation GPS Carminat est plus esth\u00e9tique et rapide que le mod\u00e8le TOM TOM, mais int\u00e8gre une nouvelle fonction d'alerte de radar pour le moins fantaisiste, le syst\u00e8me pr\u00e9vient inutilement des cabines pr\u00e9sentes dans l'autre sens, oublie d'en signaler, ou indique des limitations erron\u00e9es, modifi\u00e9es il y a plusieurs ann\u00e9es !\n<\/p>\n<blockquote>\n<p>Sellerie cuir de la latitude<\/p>\n<\/blockquote>\n<p>La Renault Latitude vit elle avec son temps ?<br \/>\nMoins de 140 g de CO2\/km, un \u00e9quipement complet, et une aptitude certaine au longs trajets la Renault Latitude apparait taill\u00e9e pour les flottes d'entreprises, rassur\u00e9es par la garantie de 3 ans.\n<\/p>\n<blockquote>\n<p>Renault Latitude rempla\u00e7ante du haut de gamme Renault<\/p>\n<\/blockquote>\n<p>\n<a href=\"\/blog\/index.php?post\/2011\/02\/06\/Renault-Latitude-le-r%C3%A9alisme\">\/ Renault Latitude<\/a><br \/>\n<a href=\"\/blog\/index.php?post\/2011\/02\/05\/Renault-Laguna-III-%3A-la-mauvaise-r%C3%A9putation\">\/ Renault Laguna la mauvaise r\u00e9putation<\/a><br \/>\n\/ Achat de Renault Latitude<\/p>\n","protected":false},"excerpt":{"rendered":"<p>Apais\u00e9, c&rsquo;est l&rsquo;\u00e9tat dans lequel se trouve un conducteur apr\u00e8s un voyage en Latitude Sur la version initiale, la climatisation \u00e9quilibre les ions positifs et n\u00e9gatifs pour cr\u00e9er une ambiance relaxante dans l&rsquo;habitacle. Le si\u00e8ge conducteur \u00e0 triple r\u00e9glage lombaire masse d\u00e9licatement le dos. pourtant, pas besoin de grimper en finition haute \u00e0 38000 \u20ac &#8230; <a title=\"Renault Latitude 2.0 dci 150\" class=\"read-more\" href=\"https:\/\/www.carideal.com\/blog\/2011\/02\/22\/renault-latitude-2-0-dci-150\/\" aria-label=\"En savoir plus sur Renault Latitude 2.0 dci 150\">Lire plus<\/a><\/p>\n","protected":false},"author":1,"featured_media":0,"comment_status":"open","ping_status":"open","sticky":false,"template":"","format":"standard","meta":{"_uag_custom_page_level_css":"","_themeisle_gutenberg_block_has_review":false,"footnotes":""},"categories":[10],"tags":[],"class_list":["post-891","post","type-post","status-publish","format-standard","hentry","category-marche-automobile-voiture-neuve-occasion-4x4-suv"],"wppr_data":[],"yoast_head":"<!-- This site is optimized with the Yoast SEO plugin v24.8.1 - https:\/\/yoast.com\/wordpress\/plugins\/seo\/ -->\n<title>Renault Latitude 2.0 dci 150 - Blog auto Carid\u00e9al<\/title>\n<meta name=\"robots\" content=\"index, follow, max-snippet:-1, max-image-preview:large, max-video-preview:-1\" \/>\n<link rel=\"canonical\" href=\"https:\/\/www.carideal.com\/blog\/2011\/02\/22\/renault-latitude-2-0-dci-150\/\" \/>\n<meta property=\"og:locale\" content=\"fr_FR\" \/>\n<meta property=\"og:type\" content=\"article\" \/>\n<meta property=\"og:title\" content=\"Renault Latitude 2.0 dci 150 - Blog auto Carid\u00e9al\" \/>\n<meta property=\"og:description\" content=\"Apais\u00e9, c&#039;est l&#039;\u00e9tat dans lequel se trouve un conducteur apr\u00e8s un voyage en Latitude Sur la version initiale, la climatisation \u00e9quilibre les ions positifs et n\u00e9gatifs pour cr\u00e9er une ambiance relaxante dans l&#039;habitacle. Le si\u00e8ge conducteur \u00e0 triple r\u00e9glage lombaire masse d\u00e9licatement le dos. pourtant, pas besoin de grimper en finition haute \u00e0 38000 \u20ac ... Lire plus\" \/>\n<meta property=\"og:url\" content=\"https:\/\/www.carideal.com\/blog\/2011\/02\/22\/renault-latitude-2-0-dci-150\/\" \/>\n<meta property=\"og:site_name\" content=\"Blog auto Carid\u00e9al\" \/>\n<meta property=\"article:publisher\" content=\"https:\/\/www.facebook.com\/Carideal.mandataire.automobile\" \/>\n<meta property=\"article:author\" content=\"https:\/\/www.facebook.com\/Carideal.mandataire.automobile\/\" \/>\n<meta property=\"article:published_time\" content=\"2011-02-22T22:42:00+00:00\" \/>\n<meta property=\"article:modified_time\" content=\"2020-03-07T17:04:26+00:00\" \/>\n<meta property=\"og:image\" content=\"https:\/\/www.carideal.com\/blog\/wp-content\/uploads\/2016\/03\/logo-carideal-mandataire-automobile.png\" \/>\n\t<meta property=\"og:image:width\" content=\"300\" \/>\n\t<meta property=\"og:image:height\" content=\"300\" \/>\n\t<meta property=\"og:image:type\" content=\"image\/png\" \/>\n<meta name=\"author\" content=\"N.S Carideal\" \/>\n<meta name=\"twitter:card\" content=\"summary_large_image\" \/>\n<meta name=\"twitter:creator\" content=\"@caridealauto\" \/>\n<meta name=\"twitter:site\" content=\"@caridealauto\" \/>\n<meta name=\"twitter:label1\" content=\"\u00c9crit par\" \/>\n\t<meta name=\"twitter:data1\" content=\"N.S Carideal\" \/>\n\t<meta name=\"twitter:label2\" content=\"Dur\u00e9e de lecture estim\u00e9e\" \/>\n\t<meta name=\"twitter:data2\" content=\"2 minutes\" \/>\n<script type=\"application\/ld+json\" class=\"yoast-schema-graph\">{\"@context\":\"https:\/\/schema.org\",\"@graph\":[{\"@type\":\"Article\",\"@id\":\"https:\/\/www.carideal.com\/blog\/2011\/02\/22\/renault-latitude-2-0-dci-150\/#article\",\"isPartOf\":{\"@id\":\"https:\/\/www.carideal.com\/blog\/2011\/02\/22\/renault-latitude-2-0-dci-150\/\"},\"author\":{\"name\":\"N.S Carideal\",\"@id\":\"https:\/\/www.carideal.com\/blog\/#\/schema\/person\/985c7e757d1042d647f21bfaf8d41ebc\"},\"headline\":\"Renault Latitude 2.0 dci 150\",\"datePublished\":\"2011-02-22T22:42:00+00:00\",\"dateModified\":\"2020-03-07T17:04:26+00:00\",\"mainEntityOfPage\":{\"@id\":\"https:\/\/www.carideal.com\/blog\/2011\/02\/22\/renault-latitude-2-0-dci-150\/\"},\"wordCount\":376,\"commentCount\":0,\"publisher\":{\"@id\":\"https:\/\/www.carideal.com\/blog\/#organization\"},\"articleSection\":[\"March\u00e9 automobile\"],\"inLanguage\":\"fr-FR\",\"potentialAction\":[{\"@type\":\"CommentAction\",\"name\":\"Comment\",\"target\":[\"https:\/\/www.carideal.com\/blog\/2011\/02\/22\/renault-latitude-2-0-dci-150\/#respond\"]}]},{\"@type\":\"WebPage\",\"@id\":\"https:\/\/www.carideal.com\/blog\/2011\/02\/22\/renault-latitude-2-0-dci-150\/\",\"url\":\"https:\/\/www.carideal.com\/blog\/2011\/02\/22\/renault-latitude-2-0-dci-150\/\",\"name\":\"Renault Latitude 2.0 dci 150 - Blog auto Carid\u00e9al\",\"isPartOf\":{\"@id\":\"https:\/\/www.carideal.com\/blog\/#website\"},\"datePublished\":\"2011-02-22T22:42:00+00:00\",\"dateModified\":\"2020-03-07T17:04:26+00:00\",\"breadcrumb\":{\"@id\":\"https:\/\/www.carideal.com\/blog\/2011\/02\/22\/renault-latitude-2-0-dci-150\/#breadcrumb\"},\"inLanguage\":\"fr-FR\",\"potentialAction\":[{\"@type\":\"ReadAction\",\"target\":[\"https:\/\/www.carideal.com\/blog\/2011\/02\/22\/renault-latitude-2-0-dci-150\/\"]}]},{\"@type\":\"BreadcrumbList\",\"@id\":\"https:\/\/www.carideal.com\/blog\/2011\/02\/22\/renault-latitude-2-0-dci-150\/#breadcrumb\",\"itemListElement\":[{\"@type\":\"ListItem\",\"position\":1,\"name\":\"Blog Carid\u00e9al\",\"item\":\"https:\/\/www.carideal.com\/blog\/\"},{\"@type\":\"ListItem\",\"position\":2,\"name\":\"March\u00e9 automobile\",\"item\":\"https:\/\/www.carideal.com\/blog\/marche-automobile-voiture-neuve-occasion-4x4-suv\/\"},{\"@type\":\"ListItem\",\"position\":3,\"name\":\"Renault Latitude 2.0 dci 150\"}]},{\"@type\":\"WebSite\",\"@id\":\"https:\/\/www.carideal.com\/blog\/#website\",\"url\":\"https:\/\/www.carideal.com\/blog\/\",\"name\":\"Blog auto Carid\u00e9al\",\"description\":\"Actualit\u00e9 auto par des passionn\u00e9s\",\"publisher\":{\"@id\":\"https:\/\/www.carideal.com\/blog\/#organization\"},\"potentialAction\":[{\"@type\":\"SearchAction\",\"target\":{\"@type\":\"EntryPoint\",\"urlTemplate\":\"https:\/\/www.carideal.com\/blog\/?s={search_term_string}\"},\"query-input\":{\"@type\":\"PropertyValueSpecification\",\"valueRequired\":true,\"valueName\":\"search_term_string\"}}],\"inLanguage\":\"fr-FR\"},{\"@type\":\"Organization\",\"@id\":\"https:\/\/www.carideal.com\/blog\/#organization\",\"name\":\"Carideal\",\"url\":\"https:\/\/www.carideal.com\/blog\/\",\"logo\":{\"@type\":\"ImageObject\",\"inLanguage\":\"fr-FR\",\"@id\":\"https:\/\/www.carideal.com\/blog\/#\/schema\/logo\/image\/\",\"url\":\"http:\/\/www.carideal.com\/blog\/wp-content\/uploads\/2016\/03\/logo-carideal-mandataire-automobile.png\",\"contentUrl\":\"http:\/\/www.carideal.com\/blog\/wp-content\/uploads\/2016\/03\/logo-carideal-mandataire-automobile.png\",\"width\":300,\"height\":300,\"caption\":\"Carideal\"},\"image\":{\"@id\":\"https:\/\/www.carideal.com\/blog\/#\/schema\/logo\/image\/\"},\"sameAs\":[\"https:\/\/www.facebook.com\/Carideal.mandataire.automobile\",\"https:\/\/x.com\/caridealauto\",\"https:\/\/www.instagram.com\/carideal1\/\",\"https:\/\/www.linkedin.com\/company\/carideal.com\",\"https:\/\/fr.pinterest.com\/schiavonsas\/\",\"https:\/\/www.youtube.com\/user\/caridealsas\"]},{\"@type\":\"Person\",\"@id\":\"https:\/\/www.carideal.com\/blog\/#\/schema\/person\/985c7e757d1042d647f21bfaf8d41ebc\",\"name\":\"N.S Carideal\",\"image\":{\"@type\":\"ImageObject\",\"inLanguage\":\"fr-FR\",\"@id\":\"https:\/\/www.carideal.com\/blog\/#\/schema\/person\/image\/\",\"url\":\"https:\/\/secure.gravatar.com\/avatar\/edb7ccdf1a4e3d14aef967760d354d0e?s=96&r=g\",\"contentUrl\":\"https:\/\/secure.gravatar.com\/avatar\/edb7ccdf1a4e3d14aef967760d354d0e?s=96&r=g\",\"caption\":\"N.S Carideal\"},\"description\":\"Depuis tout petit fan d'automobile. Il est question d'essayer et de comparer toutes ces voitures qui nous ont fait r\u00e9ver, avant que celles-ci ne devient uniquement des voitures de collection.\",\"sameAs\":[\"http:\/\/www.carideal.com\/blog\",\"https:\/\/www.facebook.com\/Carideal.mandataire.automobile\/\",\"https:\/\/www.linkedin.com\/in\/nschiavon\/\",\"https:\/\/www.youtube.com\/user\/caridealsas\/\"],\"url\":\"https:\/\/www.carideal.com\/blog\/author\/admin_carideal\/\"}]}<\/script>\n<!-- \/ Yoast SEO plugin. -->","yoast_head_json":{"title":"Renault Latitude 2.0 dci 150 - Blog auto Carid\u00e9al","robots":{"index":"index","follow":"follow","max-snippet":"max-snippet:-1","max-image-preview":"max-image-preview:large","max-video-preview":"max-video-preview:-1"},"canonical":"https:\/\/www.carideal.com\/blog\/2011\/02\/22\/renault-latitude-2-0-dci-150\/","og_locale":"fr_FR","og_type":"article","og_title":"Renault Latitude 2.0 dci 150 - Blog auto Carid\u00e9al","og_description":"Apais\u00e9, c'est l'\u00e9tat dans lequel se trouve un conducteur apr\u00e8s un voyage en Latitude Sur la version initiale, la climatisation \u00e9quilibre les ions positifs et n\u00e9gatifs pour cr\u00e9er une ambiance relaxante dans l'habitacle. Le si\u00e8ge conducteur \u00e0 triple r\u00e9glage lombaire masse d\u00e9licatement le dos. pourtant, pas besoin de grimper en finition haute \u00e0 38000 \u20ac ... Lire plus","og_url":"https:\/\/www.carideal.com\/blog\/2011\/02\/22\/renault-latitude-2-0-dci-150\/","og_site_name":"Blog auto Carid\u00e9al","article_publisher":"https:\/\/www.facebook.com\/Carideal.mandataire.automobile","article_author":"https:\/\/www.facebook.com\/Carideal.mandataire.automobile\/","article_published_time":"2011-02-22T22:42:00+00:00","article_modified_time":"2020-03-07T17:04:26+00:00","og_image":[{"width":300,"height":300,"url":"https:\/\/www.carideal.com\/blog\/wp-content\/uploads\/2016\/03\/logo-carideal-mandataire-automobile.png","type":"image\/png"}],"author":"N.S Carideal","twitter_card":"summary_large_image","twitter_creator":"@caridealauto","twitter_site":"@caridealauto","twitter_misc":{"\u00c9crit par":"N.S Carideal","Dur\u00e9e de lecture estim\u00e9e":"2 minutes"},"schema":{"@context":"https:\/\/schema.org","@graph":[{"@type":"Article","@id":"https:\/\/www.carideal.com\/blog\/2011\/02\/22\/renault-latitude-2-0-dci-150\/#article","isPartOf":{"@id":"https:\/\/www.carideal.com\/blog\/2011\/02\/22\/renault-latitude-2-0-dci-150\/"},"author":{"name":"N.S Carideal","@id":"https:\/\/www.carideal.com\/blog\/#\/schema\/person\/985c7e757d1042d647f21bfaf8d41ebc"},"headline":"Renault Latitude 2.0 dci 150","datePublished":"2011-02-22T22:42:00+00:00","dateModified":"2020-03-07T17:04:26+00:00","mainEntityOfPage":{"@id":"https:\/\/www.carideal.com\/blog\/2011\/02\/22\/renault-latitude-2-0-dci-150\/"},"wordCount":376,"commentCount":0,"publisher":{"@id":"https:\/\/www.carideal.com\/blog\/#organization"},"articleSection":["March\u00e9 automobile"],"inLanguage":"fr-FR","potentialAction":[{"@type":"CommentAction","name":"Comment","target":["https:\/\/www.carideal.com\/blog\/2011\/02\/22\/renault-latitude-2-0-dci-150\/#respond"]}]},{"@type":"WebPage","@id":"https:\/\/www.carideal.com\/blog\/2011\/02\/22\/renault-latitude-2-0-dci-150\/","url":"https:\/\/www.carideal.com\/blog\/2011\/02\/22\/renault-latitude-2-0-dci-150\/","name":"Renault Latitude 2.0 dci 150 - Blog auto Carid\u00e9al","isPartOf":{"@id":"https:\/\/www.carideal.com\/blog\/#website"},"datePublished":"2011-02-22T22:42:00+00:00","dateModified":"2020-03-07T17:04:26+00:00","breadcrumb":{"@id":"https:\/\/www.carideal.com\/blog\/2011\/02\/22\/renault-latitude-2-0-dci-150\/#breadcrumb"},"inLanguage":"fr-FR","potentialAction":[{"@type":"ReadAction","target":["https:\/\/www.carideal.com\/blog\/2011\/02\/22\/renault-latitude-2-0-dci-150\/"]}]},{"@type":"BreadcrumbList","@id":"https:\/\/www.carideal.com\/blog\/2011\/02\/22\/renault-latitude-2-0-dci-150\/#breadcrumb","itemListElement":[{"@type":"ListItem","position":1,"name":"Blog Carid\u00e9al","item":"https:\/\/www.carideal.com\/blog\/"},{"@type":"ListItem","position":2,"name":"March\u00e9 automobile","item":"https:\/\/www.carideal.com\/blog\/marche-automobile-voiture-neuve-occasion-4x4-suv\/"},{"@type":"ListItem","position":3,"name":"Renault Latitude 2.0 dci 150"}]},{"@type":"WebSite","@id":"https:\/\/www.carideal.com\/blog\/#website","url":"https:\/\/www.carideal.com\/blog\/","name":"Blog auto Carid\u00e9al","description":"Actualit\u00e9 auto par des passionn\u00e9s","publisher":{"@id":"https:\/\/www.carideal.com\/blog\/#organization"},"potentialAction":[{"@type":"SearchAction","target":{"@type":"EntryPoint","urlTemplate":"https:\/\/www.carideal.com\/blog\/?s={search_term_string}"},"query-input":{"@type":"PropertyValueSpecification","valueRequired":true,"valueName":"search_term_string"}}],"inLanguage":"fr-FR"},{"@type":"Organization","@id":"https:\/\/www.carideal.com\/blog\/#organization","name":"Carideal","url":"https:\/\/www.carideal.com\/blog\/","logo":{"@type":"ImageObject","inLanguage":"fr-FR","@id":"https:\/\/www.carideal.com\/blog\/#\/schema\/logo\/image\/","url":"http:\/\/www.carideal.com\/blog\/wp-content\/uploads\/2016\/03\/logo-carideal-mandataire-automobile.png","contentUrl":"http:\/\/www.carideal.com\/blog\/wp-content\/uploads\/2016\/03\/logo-carideal-mandataire-automobile.png","width":300,"height":300,"caption":"Carideal"},"image":{"@id":"https:\/\/www.carideal.com\/blog\/#\/schema\/logo\/image\/"},"sameAs":["https:\/\/www.facebook.com\/Carideal.mandataire.automobile","https:\/\/x.com\/caridealauto","https:\/\/www.instagram.com\/carideal1\/","https:\/\/www.linkedin.com\/company\/carideal.com","https:\/\/fr.pinterest.com\/schiavonsas\/","https:\/\/www.youtube.com\/user\/caridealsas"]},{"@type":"Person","@id":"https:\/\/www.carideal.com\/blog\/#\/schema\/person\/985c7e757d1042d647f21bfaf8d41ebc","name":"N.S Carideal","image":{"@type":"ImageObject","inLanguage":"fr-FR","@id":"https:\/\/www.carideal.com\/blog\/#\/schema\/person\/image\/","url":"https:\/\/secure.gravatar.com\/avatar\/edb7ccdf1a4e3d14aef967760d354d0e?s=96&r=g","contentUrl":"https:\/\/secure.gravatar.com\/avatar\/edb7ccdf1a4e3d14aef967760d354d0e?s=96&r=g","caption":"N.S Carideal"},"description":"Depuis tout petit fan d'automobile. Il est question d'essayer et de comparer toutes ces voitures qui nous ont fait r\u00e9ver, avant que celles-ci ne devient uniquement des voitures de collection.","sameAs":["http:\/\/www.carideal.com\/blog","https:\/\/www.facebook.com\/Carideal.mandataire.automobile\/","https:\/\/www.linkedin.com\/in\/nschiavon\/","https:\/\/www.youtube.com\/user\/caridealsas\/"],"url":"https:\/\/www.carideal.com\/blog\/author\/admin_carideal\/"}]}},"uagb_featured_image_src":{"full":false,"thumbnail":false,"medium":false,"medium_large":false,"large":false,"1536x1536":false,"2048x2048":false,"wppr-widget":false},"uagb_author_info":{"display_name":"N.S Carideal","author_link":"https:\/\/www.carideal.com\/blog\/author\/admin_carideal\/"},"uagb_comment_info":0,"uagb_excerpt":"Apais\u00e9, c'est l'\u00e9tat dans lequel se trouve un conducteur apr\u00e8s un voyage en Latitude Sur la version initiale, la climatisation \u00e9quilibre les ions positifs et n\u00e9gatifs pour cr\u00e9er une ambiance relaxante dans l'habitacle. Le si\u00e8ge conducteur \u00e0 triple r\u00e9glage lombaire masse d\u00e9licatement le dos. pourtant, pas besoin de grimper en finition haute \u00e0 38000 \u20ac\u2026","_links":{"self":[{"href":"https:\/\/www.carideal.com\/blog\/wp-json\/wp\/v2\/posts\/891"}],"collection":[{"href":"https:\/\/www.carideal.com\/blog\/wp-json\/wp\/v2\/posts"}],"about":[{"href":"https:\/\/www.carideal.com\/blog\/wp-json\/wp\/v2\/types\/post"}],"author":[{"embeddable":true,"href":"https:\/\/www.carideal.com\/blog\/wp-json\/wp\/v2\/users\/1"}],"replies":[{"embeddable":true,"href":"https:\/\/www.carideal.com\/blog\/wp-json\/wp\/v2\/comments?post=891"}],"version-history":[{"count":0,"href":"https:\/\/www.carideal.com\/blog\/wp-json\/wp\/v2\/posts\/891\/revisions"}],"wp:attachment":[{"href":"https:\/\/www.carideal.com\/blog\/wp-json\/wp\/v2\/media?parent=891"}],"wp:term":[{"taxonomy":"category","embeddable":true,"href":"https:\/\/www.carideal.com\/blog\/wp-json\/wp\/v2\/categories?post=891"},{"taxonomy":"post_tag","embeddable":true,"href":"https:\/\/www.carideal.com\/blog\/wp-json\/wp\/v2\/tags?post=891"}],"curies":[{"name":"wp","href":"https:\/\/api.w.org\/{rel}","templated":true}]}}