{"id":8901,"date":"2015-12-31T10:53:15","date_gmt":"2015-12-31T09:53:15","guid":{"rendered":"http:\/\/www.carideal.com\/blog\/?p=8901"},"modified":"2021-07-21T11:59:54","modified_gmt":"2021-07-21T09:59:54","slug":"video-koenigsegg-les-meilleures-avec-le-bruit","status":"publish","type":"post","link":"https:\/\/www.carideal.com\/blog\/2015\/12\/31\/video-koenigsegg-les-meilleures-avec-le-bruit\/","title":{"rendered":"Vid\u00e9o Koenigsegg les meilleures avec le bruit"},"content":{"rendered":"\n<h1 class=\"wp-block-heading\">La meilleure Vid\u00e9o\u00a0Koenigsegg et le bruit\u00a0des mod\u00e8les de Koenigsegg \u00e0 ce jour.<\/h1>\n\n\n\n<div class=\"wp-block-image\"><figure class=\"aligncenter size-full\"><a href=\"http:\/\/www.carideal.com\/blog\/wp-content\/uploads\/2015\/12\/koenigsegg-agera-one-carideal.jpg\"><img loading=\"lazy\" decoding=\"async\" width=\"653\" height=\"352\" src=\"http:\/\/www.carideal.com\/blog\/wp-content\/uploads\/2015\/12\/koenigsegg-agera-one-carideal.jpg\" alt=\"La meilleure Vid\u00e9o Koenigsegg et le bruit des mod\u00e8les de Koenigsegg \u00e0 ce jour.\" class=\"wp-image-8902\" srcset=\"https:\/\/www.carideal.com\/blog\/wp-content\/uploads\/2015\/12\/koenigsegg-agera-one-carideal.jpg 653w, https:\/\/www.carideal.com\/blog\/wp-content\/uploads\/2015\/12\/koenigsegg-agera-one-carideal-300x162.jpg 300w, https:\/\/www.carideal.com\/blog\/wp-content\/uploads\/2015\/12\/koenigsegg-agera-one-carideal-624x336.jpg 624w\" sizes=\"(max-width: 653px) 100vw, 653px\" \/><\/a><figcaption>La meilleure Vid\u00e9o Koenigsegg et le bruit des mod\u00e8les de Koenigsegg \u00e0 ce jour.<\/figcaption><\/figure><\/div>\n\n\n\n<p>Dans cette vid\u00e9o Koenigsegg on retrouvera les One : 1 megacar ; Agera R, Agera S, les diff\u00e9rentes Agera et on reviendra sur les anciens mod\u00e8les de Koenigsegg : CCXR, CCX, CCR, CC8S et de nombreuses \u00e9ditions limit\u00e9es le long du chemin.<\/p>\n\n\n\n<ul class=\"wp-block-list\"><li><a href=\"http:\/\/www.carideal.com\/blog\/2021\/07\/21\/comment-le-moteur-20-litres-sans-arbre-a-cames-de-koenigsegg-produit-600-chevaux\/\">Comment le moteur 3 cylindre 2L sans arbre \u00e0 came de Koenigsegg produit 600 ch<\/a><\/li><\/ul>\n\n\n\n<p>Depuis des ann\u00e9es, depuis qu'il est pass\u00e9 constructeur, le su\u00e9dois Koenigsegg s'est rendu en cr\u00e9ant des&nbsp;voitures hypersportives de luxe pour \"exploser\" la concurrence et battre des records\u2026<\/p>\n\n\n\n<h2 class=\"wp-block-heading\">KOENIGSEGG AGERA ONE:1 1160CH POUR 1340KG<\/h2>\n\n\n\n<p>Christian Koenigsegg voulait du lourd, et celle-ci s'apelle l\u2019Agera One et pour exploser la concurrence elle d\u00e9veloppe 1340&nbsp;ch pour un poids de seulement 1340kg ! soit 1cv pour 1 kg !!!<\/p>\n\n\n\n<p>La Koenigsegg Agera one:1 &nbsp;fait mieux que l' Ag\u00e9ra R d\u00e9tentrice de plusieurs records homologu\u00e9s au Guiness<\/p>\n\n\n\n<h2 class=\"wp-block-heading\">VIDEO KOENIGSEGG AGERA ONE:1 440 KM\/H DE VITESSE DE POINTE<\/h2>\n\n\n\n<p>L\u2019Agera est \u00e9quip\u00e9e&nbsp;d'un moteur V8 de 5l suraliment\u00e9 par deux gros turbos , la <span style=\"text-decoration: underline;\"><a href=\"http:\/\/www.carideal.com\/blog\/2015\/06\/20\/koenigseggs-one-explose-le-record-du-0-300-0-kmh-en-video\/\">Koenigsegg<\/a><\/span> est capable d\u2019atteindre la vitesse record de 440km\/h soit plus que la <span style=\"text-decoration: underline;\"><a href=\"http:\/\/www.carideal.com\/blog\/2009\/12\/10\/mr-bean-essaye-la-bugatti-veyron-et-la-maclaren-f1\/\">Bugatti Veyron<\/a><\/span> (c'\u00e9tait l'objectif de Christian Koenigsegg) ou de la Hennessey Venom GT. dance cette vid\u00e9o vous v\u00e9rez la Koenigsegg Agera R VS Bugatti Veyron Super Sport, vous \u00e9couterez le bruit de la Koenigsegg CCXR.<\/p>\n\n\n\n<div class=\"wp-block-image\"><figure class=\"aligncenter size-full\"><a href=\"http:\/\/www.carideal.com\/blog\/wp-content\/uploads\/2015\/12\/Koenigsegg-Agera-One-1-interieur-cockpit.jpg\"><img loading=\"lazy\" decoding=\"async\" width=\"660\" height=\"438\" src=\"http:\/\/www.carideal.com\/blog\/wp-content\/uploads\/2015\/12\/Koenigsegg-Agera-One-1-interieur-cockpit.jpg\" alt=\"Int\u00e9rieur Koenigsegg Agera One\" class=\"wp-image-8903\" srcset=\"https:\/\/www.carideal.com\/blog\/wp-content\/uploads\/2015\/12\/Koenigsegg-Agera-One-1-interieur-cockpit.jpg 660w, https:\/\/www.carideal.com\/blog\/wp-content\/uploads\/2015\/12\/Koenigsegg-Agera-One-1-interieur-cockpit-300x199.jpg 300w, https:\/\/www.carideal.com\/blog\/wp-content\/uploads\/2015\/12\/Koenigsegg-Agera-One-1-interieur-cockpit-624x414.jpg 624w\" sizes=\"(max-width: 660px) 100vw, 660px\" \/><\/a><figcaption>Int\u00e9rieur Koenigsegg Agera One<\/figcaption><\/figure><\/div>\n\n\n\n<p>Il n'y a pas assez de superlatif pour cette Hypercar, elle pose le 0 \u00e0 400 km\/h en \u00e0 peine 20 secondes !!! Et le freinage est \u00e0 la hauteur : il ne lui faut pas plus de 10 secondes pour s\u2019arr\u00eater !! Bien entendu le constructeur a largement modifier la voiture et son a\u00e9rodynamisme pour arriver \u00e0 ce niveau de performance. Les ailerons sont tous actifs et g\u00e9r\u00e9s par l\u2019ordinateur de bord afin de modifier la tra\u00een\u00e9e a\u00e9rodynamique en fonction de la vitesse, et incliner les ailerons au freinage. Ferrari a d'ailleurs repris ce syst\u00e8me sur <span style=\"text-decoration: underline;\"><a href=\"http:\/\/www.carideal.com\/blog\/2013\/08\/01\/ferrari-laferrari\/\">LaFerrari<\/a><\/span>, et l'<span style=\"text-decoration: underline;\"><a href=\"http:\/\/www.carideal.com\/blog\/2015\/09\/13\/voici-la-machine-a-battre-la-bugatti-veyron\/\">Ultima Evolution<\/a><\/span>.&nbsp;Le ch\u00e2ssis a lui \u00e9t\u00e9 all\u00e9g\u00e9 pour peser 20% de moins que celui de l\u2019Agera R soit 71 kg seullement !!<\/p>\n\n\n\n<p>Les <span style=\"text-decoration: underline;\"><a href=\"https:\/\/www.youtube.com\/user\/caridealsas\">Vid\u00e9os<\/a><\/span> et le contenu a \u00e9t\u00e9 tourn\u00e9&nbsp;pour la chaine YouTube Shmee150 un petit peu partout dans le monde, et assembl\u00e9 dans cette vid\u00e9o Koenigsegg pour c\u00e9l\u00e9brer, une des plus grandes hypercar au monde, fruit de la cr\u00e9ation du g\u00e9nial Christian von Koenigsegg.<\/p>\n\n\n\n<h2 class=\"wp-block-heading\">Vid\u00e9o Koenigsegg les plus beaux bruit de voiture et son de moteurs<\/h2>\n\n\n\n<p><iframe loading=\"lazy\" src=\"https:\/\/www.youtube.com\/embed\/znkZyQLW5Nc\" width=\"560\" height=\"315\" frameborder=\"0\" allowfullscreen=\"allowfullscreen\"><\/iframe><\/p>\n","protected":false},"excerpt":{"rendered":"<p>La meilleure Vid\u00e9o\u00a0Koenigsegg et le bruit\u00a0des mod\u00e8les de Koenigsegg \u00e0 ce jour. Dans cette vid\u00e9o Koenigsegg on retrouvera les One : 1 megacar ; Agera R, Agera S, les diff\u00e9rentes Agera et on reviendra sur les anciens mod\u00e8les de Koenigsegg : CCXR, CCX, CCR, CC8S et de nombreuses \u00e9ditions limit\u00e9es le long du chemin. Comment &#8230; <a title=\"Vid\u00e9o Koenigsegg les meilleures avec le bruit\" class=\"read-more\" href=\"https:\/\/www.carideal.com\/blog\/2015\/12\/31\/video-koenigsegg-les-meilleures-avec-le-bruit\/\" aria-label=\"En savoir plus sur Vid\u00e9o Koenigsegg les meilleures avec le bruit\">Lire plus<\/a><\/p>\n","protected":false},"author":3,"featured_media":8902,"comment_status":"open","ping_status":"open","sticky":false,"template":"","format":"standard","meta":{"_uag_custom_page_level_css":"","_themeisle_gutenberg_block_has_review":false,"footnotes":""},"categories":[5944,6034,6000,5974,18],"tags":[6168,6184],"class_list":["post-8901","post","type-post","status-publish","format-standard","has-post-thumbnail","hentry","category-constructeur","category-koenigsegg","category-supercar","category-type-de-vehicule","category-videos","tag-bruit-de-voiture","tag-meilleur-voiture"],"wppr_data":{"cwp_meta_box_check":"No"},"yoast_head":"<!-- This site is optimized with the Yoast SEO plugin v24.8.1 - https:\/\/yoast.com\/wordpress\/plugins\/seo\/ -->\n<title>Vid\u00e9o Koenigsegg les meilleures avec le bruit - Blog auto Carid\u00e9al<\/title>\n<meta name=\"description\" content=\"Video Koenigsegg One:1 les meilleures images et le bruit des hypercars du constructeur su\u00e9dois, Agera one:1, Agera R, et le son d\u00e9moniaque du V8\" \/>\n<meta name=\"robots\" content=\"index, follow, max-snippet:-1, max-image-preview:large, max-video-preview:-1\" \/>\n<link rel=\"canonical\" href=\"https:\/\/www.carideal.com\/blog\/2015\/12\/31\/video-koenigsegg-les-meilleures-avec-le-bruit\/\" \/>\n<meta property=\"og:locale\" content=\"fr_FR\" \/>\n<meta property=\"og:type\" content=\"article\" \/>\n<meta property=\"og:title\" content=\"Vid\u00e9o Koenigsegg les meilleures avec le bruit - Blog auto Carid\u00e9al\" \/>\n<meta property=\"og:description\" content=\"Video Koenigsegg One:1 les meilleures images et le bruit des hypercars du constructeur su\u00e9dois, Agera one:1, Agera R, et le son d\u00e9moniaque du V8\" \/>\n<meta property=\"og:url\" content=\"https:\/\/www.carideal.com\/blog\/2015\/12\/31\/video-koenigsegg-les-meilleures-avec-le-bruit\/\" \/>\n<meta property=\"og:site_name\" content=\"Blog auto Carid\u00e9al\" \/>\n<meta property=\"article:publisher\" content=\"https:\/\/www.facebook.com\/Carideal.mandataire.automobile\" \/>\n<meta property=\"article:author\" content=\"https:\/\/www.facebook.com\/nicolas.schiavon.39\" \/>\n<meta property=\"article:published_time\" content=\"2015-12-31T09:53:15+00:00\" \/>\n<meta property=\"article:modified_time\" content=\"2021-07-21T09:59:54+00:00\" \/>\n<meta property=\"og:image\" content=\"https:\/\/www.carideal.com\/blog\/wp-content\/uploads\/2015\/12\/koenigsegg-agera-one-carideal.jpg\" \/>\n\t<meta property=\"og:image:width\" content=\"653\" \/>\n\t<meta property=\"og:image:height\" content=\"352\" \/>\n\t<meta property=\"og:image:type\" content=\"image\/jpeg\" \/>\n<meta name=\"author\" content=\"Nicolas SCHIAVON\" \/>\n<meta name=\"twitter:card\" content=\"summary_large_image\" \/>\n<meta name=\"twitter:creator\" content=\"@caridealauto\" \/>\n<meta name=\"twitter:site\" content=\"@caridealauto\" \/>\n<meta name=\"twitter:label1\" content=\"\u00c9crit par\" \/>\n\t<meta name=\"twitter:data1\" content=\"Nicolas SCHIAVON\" \/>\n\t<meta name=\"twitter:label2\" content=\"Dur\u00e9e de lecture estim\u00e9e\" \/>\n\t<meta name=\"twitter:data2\" content=\"3 minutes\" \/>\n<script type=\"application\/ld+json\" class=\"yoast-schema-graph\">{\"@context\":\"https:\/\/schema.org\",\"@graph\":[{\"@type\":\"Article\",\"@id\":\"https:\/\/www.carideal.com\/blog\/2015\/12\/31\/video-koenigsegg-les-meilleures-avec-le-bruit\/#article\",\"isPartOf\":{\"@id\":\"https:\/\/www.carideal.com\/blog\/2015\/12\/31\/video-koenigsegg-les-meilleures-avec-le-bruit\/\"},\"author\":{\"name\":\"Nicolas SCHIAVON\",\"@id\":\"https:\/\/www.carideal.com\/blog\/#\/schema\/person\/cd95dc7919660de90d31b366f85be1ec\"},\"headline\":\"Vid\u00e9o Koenigsegg les meilleures avec le bruit\",\"datePublished\":\"2015-12-31T09:53:15+00:00\",\"dateModified\":\"2021-07-21T09:59:54+00:00\",\"mainEntityOfPage\":{\"@id\":\"https:\/\/www.carideal.com\/blog\/2015\/12\/31\/video-koenigsegg-les-meilleures-avec-le-bruit\/\"},\"wordCount\":456,\"commentCount\":0,\"publisher\":{\"@id\":\"https:\/\/www.carideal.com\/blog\/#organization\"},\"image\":{\"@id\":\"https:\/\/www.carideal.com\/blog\/2015\/12\/31\/video-koenigsegg-les-meilleures-avec-le-bruit\/#primaryimage\"},\"thumbnailUrl\":\"https:\/\/www.carideal.com\/blog\/wp-content\/uploads\/2015\/12\/koenigsegg-agera-one-carideal.jpg\",\"keywords\":[\"Bruit de voiture son de voiture\",\"Meilleure voiture\"],\"articleSection\":[\"Actualit\u00e9 Constructeur automobile\",\"Actualit\u00e9 Koenigsegg\",\"Supercar\",\"Type de v\u00e9hicule\",\"Vid\u00e9o voiture : vid\u00e9o automobile\"],\"inLanguage\":\"fr-FR\",\"potentialAction\":[{\"@type\":\"CommentAction\",\"name\":\"Comment\",\"target\":[\"https:\/\/www.carideal.com\/blog\/2015\/12\/31\/video-koenigsegg-les-meilleures-avec-le-bruit\/#respond\"]}]},{\"@type\":\"WebPage\",\"@id\":\"https:\/\/www.carideal.com\/blog\/2015\/12\/31\/video-koenigsegg-les-meilleures-avec-le-bruit\/\",\"url\":\"https:\/\/www.carideal.com\/blog\/2015\/12\/31\/video-koenigsegg-les-meilleures-avec-le-bruit\/\",\"name\":\"Vid\u00e9o Koenigsegg les meilleures avec le bruit - Blog auto Carid\u00e9al\",\"isPartOf\":{\"@id\":\"https:\/\/www.carideal.com\/blog\/#website\"},\"primaryImageOfPage\":{\"@id\":\"https:\/\/www.carideal.com\/blog\/2015\/12\/31\/video-koenigsegg-les-meilleures-avec-le-bruit\/#primaryimage\"},\"image\":{\"@id\":\"https:\/\/www.carideal.com\/blog\/2015\/12\/31\/video-koenigsegg-les-meilleures-avec-le-bruit\/#primaryimage\"},\"thumbnailUrl\":\"https:\/\/www.carideal.com\/blog\/wp-content\/uploads\/2015\/12\/koenigsegg-agera-one-carideal.jpg\",\"datePublished\":\"2015-12-31T09:53:15+00:00\",\"dateModified\":\"2021-07-21T09:59:54+00:00\",\"description\":\"Video Koenigsegg One:1 les meilleures images et le bruit des hypercars du constructeur su\u00e9dois, Agera one:1, Agera R, et le son d\u00e9moniaque du V8\",\"breadcrumb\":{\"@id\":\"https:\/\/www.carideal.com\/blog\/2015\/12\/31\/video-koenigsegg-les-meilleures-avec-le-bruit\/#breadcrumb\"},\"inLanguage\":\"fr-FR\",\"potentialAction\":[{\"@type\":\"ReadAction\",\"target\":[\"https:\/\/www.carideal.com\/blog\/2015\/12\/31\/video-koenigsegg-les-meilleures-avec-le-bruit\/\"]}]},{\"@type\":\"ImageObject\",\"inLanguage\":\"fr-FR\",\"@id\":\"https:\/\/www.carideal.com\/blog\/2015\/12\/31\/video-koenigsegg-les-meilleures-avec-le-bruit\/#primaryimage\",\"url\":\"https:\/\/www.carideal.com\/blog\/wp-content\/uploads\/2015\/12\/koenigsegg-agera-one-carideal.jpg\",\"contentUrl\":\"https:\/\/www.carideal.com\/blog\/wp-content\/uploads\/2015\/12\/koenigsegg-agera-one-carideal.jpg\",\"width\":653,\"height\":352,\"caption\":\"La meilleure Vid\u00e9o Koenigsegg et le bruit des mod\u00e8les de Koenigsegg \u00e0 ce jour.\"},{\"@type\":\"BreadcrumbList\",\"@id\":\"https:\/\/www.carideal.com\/blog\/2015\/12\/31\/video-koenigsegg-les-meilleures-avec-le-bruit\/#breadcrumb\",\"itemListElement\":[{\"@type\":\"ListItem\",\"position\":1,\"name\":\"Blog Carid\u00e9al\",\"item\":\"https:\/\/www.carideal.com\/blog\/\"},{\"@type\":\"ListItem\",\"position\":2,\"name\":\"Actualit\u00e9 constructeur automobile\",\"item\":\"https:\/\/www.carideal.com\/blog\/constructeur\/\"},{\"@type\":\"ListItem\",\"position\":3,\"name\":\"Vid\u00e9o Koenigsegg les meilleures avec le bruit\"}]},{\"@type\":\"WebSite\",\"@id\":\"https:\/\/www.carideal.com\/blog\/#website\",\"url\":\"https:\/\/www.carideal.com\/blog\/\",\"name\":\"Blog auto Carid\u00e9al\",\"description\":\"Actualit\u00e9 auto par des passionn\u00e9s\",\"publisher\":{\"@id\":\"https:\/\/www.carideal.com\/blog\/#organization\"},\"potentialAction\":[{\"@type\":\"SearchAction\",\"target\":{\"@type\":\"EntryPoint\",\"urlTemplate\":\"https:\/\/www.carideal.com\/blog\/?s={search_term_string}\"},\"query-input\":{\"@type\":\"PropertyValueSpecification\",\"valueRequired\":true,\"valueName\":\"search_term_string\"}}],\"inLanguage\":\"fr-FR\"},{\"@type\":\"Organization\",\"@id\":\"https:\/\/www.carideal.com\/blog\/#organization\",\"name\":\"Carideal\",\"url\":\"https:\/\/www.carideal.com\/blog\/\",\"logo\":{\"@type\":\"ImageObject\",\"inLanguage\":\"fr-FR\",\"@id\":\"https:\/\/www.carideal.com\/blog\/#\/schema\/logo\/image\/\",\"url\":\"http:\/\/www.carideal.com\/blog\/wp-content\/uploads\/2016\/03\/logo-carideal-mandataire-automobile.png\",\"contentUrl\":\"http:\/\/www.carideal.com\/blog\/wp-content\/uploads\/2016\/03\/logo-carideal-mandataire-automobile.png\",\"width\":300,\"height\":300,\"caption\":\"Carideal\"},\"image\":{\"@id\":\"https:\/\/www.carideal.com\/blog\/#\/schema\/logo\/image\/\"},\"sameAs\":[\"https:\/\/www.facebook.com\/Carideal.mandataire.automobile\",\"https:\/\/x.com\/caridealauto\",\"https:\/\/www.instagram.com\/carideal1\/\",\"https:\/\/www.linkedin.com\/company\/carideal.com\",\"https:\/\/fr.pinterest.com\/schiavonsas\/\",\"https:\/\/www.youtube.com\/user\/caridealsas\"]},{\"@type\":\"Person\",\"@id\":\"https:\/\/www.carideal.com\/blog\/#\/schema\/person\/cd95dc7919660de90d31b366f85be1ec\",\"name\":\"Nicolas SCHIAVON\",\"image\":{\"@type\":\"ImageObject\",\"inLanguage\":\"fr-FR\",\"@id\":\"https:\/\/www.carideal.com\/blog\/#\/schema\/person\/image\/\",\"url\":\"https:\/\/secure.gravatar.com\/avatar\/c17e55009e671d92cc7f5dc837dc418a?s=96&r=g\",\"contentUrl\":\"https:\/\/secure.gravatar.com\/avatar\/c17e55009e671d92cc7f5dc837dc418a?s=96&r=g\",\"caption\":\"Nicolas SCHIAVON\"},\"description\":\"Nicolas Schiavon est tomb\u00e9 tout petit dans la marmite automobile. Ayant eu un garage de marque automobile, mandataire automobile de la premi\u00e8re heure d\u00e8s 1999. Nicolas a cr\u00e9\u00e9 ces premiers sites de vente de voiture et blog automobile d\u00e8s 1994. Carideal est n\u00e9 le 15 d\u00e9cembre 2000 de la volont\u00e9 de vendre des voitures d'occasions en ligne puis des voitures neuves. Il a pu essayer beaucoup de voitures tr\u00e8s diff\u00e9rentes et ayant eu personnellement quelques belles autos, Subaru Impreza, Mitsubishi Lancer Evo 7, Porsche 911, Ferrari Testarrossa, Audi RS3, RS4 et j'en passe...\",\"sameAs\":[\"http:\/\/www.carideal.com\",\"https:\/\/www.facebook.com\/nicolas.schiavon.39\",\"https:\/\/www.instagram.com\/carideal1\/\",\"https:\/\/www.linkedin.com\/in\/nschiavon\/\",\"https:\/\/x.com\/caridealauto\",\"https:\/\/www.youtube.com\/user\/caridealsas\/\"],\"url\":\"https:\/\/www.carideal.com\/blog\/author\/nschiavon\/\"}]}<\/script>\n<!-- \/ Yoast SEO plugin. -->","yoast_head_json":{"title":"Vid\u00e9o Koenigsegg les meilleures avec le bruit - Blog auto Carid\u00e9al","description":"Video Koenigsegg One:1 les meilleures images et le bruit des hypercars du constructeur su\u00e9dois, Agera one:1, Agera R, et le son d\u00e9moniaque du V8","robots":{"index":"index","follow":"follow","max-snippet":"max-snippet:-1","max-image-preview":"max-image-preview:large","max-video-preview":"max-video-preview:-1"},"canonical":"https:\/\/www.carideal.com\/blog\/2015\/12\/31\/video-koenigsegg-les-meilleures-avec-le-bruit\/","og_locale":"fr_FR","og_type":"article","og_title":"Vid\u00e9o Koenigsegg les meilleures avec le bruit - Blog auto Carid\u00e9al","og_description":"Video Koenigsegg One:1 les meilleures images et le bruit des hypercars du constructeur su\u00e9dois, Agera one:1, Agera R, et le son d\u00e9moniaque du V8","og_url":"https:\/\/www.carideal.com\/blog\/2015\/12\/31\/video-koenigsegg-les-meilleures-avec-le-bruit\/","og_site_name":"Blog auto Carid\u00e9al","article_publisher":"https:\/\/www.facebook.com\/Carideal.mandataire.automobile","article_author":"https:\/\/www.facebook.com\/nicolas.schiavon.39","article_published_time":"2015-12-31T09:53:15+00:00","article_modified_time":"2021-07-21T09:59:54+00:00","og_image":[{"width":653,"height":352,"url":"https:\/\/www.carideal.com\/blog\/wp-content\/uploads\/2015\/12\/koenigsegg-agera-one-carideal.jpg","type":"image\/jpeg"}],"author":"Nicolas SCHIAVON","twitter_card":"summary_large_image","twitter_creator":"@caridealauto","twitter_site":"@caridealauto","twitter_misc":{"\u00c9crit par":"Nicolas SCHIAVON","Dur\u00e9e de lecture estim\u00e9e":"3 minutes"},"schema":{"@context":"https:\/\/schema.org","@graph":[{"@type":"Article","@id":"https:\/\/www.carideal.com\/blog\/2015\/12\/31\/video-koenigsegg-les-meilleures-avec-le-bruit\/#article","isPartOf":{"@id":"https:\/\/www.carideal.com\/blog\/2015\/12\/31\/video-koenigsegg-les-meilleures-avec-le-bruit\/"},"author":{"name":"Nicolas SCHIAVON","@id":"https:\/\/www.carideal.com\/blog\/#\/schema\/person\/cd95dc7919660de90d31b366f85be1ec"},"headline":"Vid\u00e9o Koenigsegg les meilleures avec le bruit","datePublished":"2015-12-31T09:53:15+00:00","dateModified":"2021-07-21T09:59:54+00:00","mainEntityOfPage":{"@id":"https:\/\/www.carideal.com\/blog\/2015\/12\/31\/video-koenigsegg-les-meilleures-avec-le-bruit\/"},"wordCount":456,"commentCount":0,"publisher":{"@id":"https:\/\/www.carideal.com\/blog\/#organization"},"image":{"@id":"https:\/\/www.carideal.com\/blog\/2015\/12\/31\/video-koenigsegg-les-meilleures-avec-le-bruit\/#primaryimage"},"thumbnailUrl":"https:\/\/www.carideal.com\/blog\/wp-content\/uploads\/2015\/12\/koenigsegg-agera-one-carideal.jpg","keywords":["Bruit de voiture son de voiture","Meilleure voiture"],"articleSection":["Actualit\u00e9 Constructeur automobile","Actualit\u00e9 Koenigsegg","Supercar","Type de v\u00e9hicule","Vid\u00e9o voiture : vid\u00e9o automobile"],"inLanguage":"fr-FR","potentialAction":[{"@type":"CommentAction","name":"Comment","target":["https:\/\/www.carideal.com\/blog\/2015\/12\/31\/video-koenigsegg-les-meilleures-avec-le-bruit\/#respond"]}]},{"@type":"WebPage","@id":"https:\/\/www.carideal.com\/blog\/2015\/12\/31\/video-koenigsegg-les-meilleures-avec-le-bruit\/","url":"https:\/\/www.carideal.com\/blog\/2015\/12\/31\/video-koenigsegg-les-meilleures-avec-le-bruit\/","name":"Vid\u00e9o Koenigsegg les meilleures avec le bruit - Blog auto Carid\u00e9al","isPartOf":{"@id":"https:\/\/www.carideal.com\/blog\/#website"},"primaryImageOfPage":{"@id":"https:\/\/www.carideal.com\/blog\/2015\/12\/31\/video-koenigsegg-les-meilleures-avec-le-bruit\/#primaryimage"},"image":{"@id":"https:\/\/www.carideal.com\/blog\/2015\/12\/31\/video-koenigsegg-les-meilleures-avec-le-bruit\/#primaryimage"},"thumbnailUrl":"https:\/\/www.carideal.com\/blog\/wp-content\/uploads\/2015\/12\/koenigsegg-agera-one-carideal.jpg","datePublished":"2015-12-31T09:53:15+00:00","dateModified":"2021-07-21T09:59:54+00:00","description":"Video Koenigsegg One:1 les meilleures images et le bruit des hypercars du constructeur su\u00e9dois, Agera one:1, Agera R, et le son d\u00e9moniaque du V8","breadcrumb":{"@id":"https:\/\/www.carideal.com\/blog\/2015\/12\/31\/video-koenigsegg-les-meilleures-avec-le-bruit\/#breadcrumb"},"inLanguage":"fr-FR","potentialAction":[{"@type":"ReadAction","target":["https:\/\/www.carideal.com\/blog\/2015\/12\/31\/video-koenigsegg-les-meilleures-avec-le-bruit\/"]}]},{"@type":"ImageObject","inLanguage":"fr-FR","@id":"https:\/\/www.carideal.com\/blog\/2015\/12\/31\/video-koenigsegg-les-meilleures-avec-le-bruit\/#primaryimage","url":"https:\/\/www.carideal.com\/blog\/wp-content\/uploads\/2015\/12\/koenigsegg-agera-one-carideal.jpg","contentUrl":"https:\/\/www.carideal.com\/blog\/wp-content\/uploads\/2015\/12\/koenigsegg-agera-one-carideal.jpg","width":653,"height":352,"caption":"La meilleure Vid\u00e9o Koenigsegg et le bruit des mod\u00e8les de Koenigsegg \u00e0 ce jour."},{"@type":"BreadcrumbList","@id":"https:\/\/www.carideal.com\/blog\/2015\/12\/31\/video-koenigsegg-les-meilleures-avec-le-bruit\/#breadcrumb","itemListElement":[{"@type":"ListItem","position":1,"name":"Blog Carid\u00e9al","item":"https:\/\/www.carideal.com\/blog\/"},{"@type":"ListItem","position":2,"name":"Actualit\u00e9 constructeur automobile","item":"https:\/\/www.carideal.com\/blog\/constructeur\/"},{"@type":"ListItem","position":3,"name":"Vid\u00e9o Koenigsegg les meilleures avec le bruit"}]},{"@type":"WebSite","@id":"https:\/\/www.carideal.com\/blog\/#website","url":"https:\/\/www.carideal.com\/blog\/","name":"Blog auto Carid\u00e9al","description":"Actualit\u00e9 auto par des passionn\u00e9s","publisher":{"@id":"https:\/\/www.carideal.com\/blog\/#organization"},"potentialAction":[{"@type":"SearchAction","target":{"@type":"EntryPoint","urlTemplate":"https:\/\/www.carideal.com\/blog\/?s={search_term_string}"},"query-input":{"@type":"PropertyValueSpecification","valueRequired":true,"valueName":"search_term_string"}}],"inLanguage":"fr-FR"},{"@type":"Organization","@id":"https:\/\/www.carideal.com\/blog\/#organization","name":"Carideal","url":"https:\/\/www.carideal.com\/blog\/","logo":{"@type":"ImageObject","inLanguage":"fr-FR","@id":"https:\/\/www.carideal.com\/blog\/#\/schema\/logo\/image\/","url":"http:\/\/www.carideal.com\/blog\/wp-content\/uploads\/2016\/03\/logo-carideal-mandataire-automobile.png","contentUrl":"http:\/\/www.carideal.com\/blog\/wp-content\/uploads\/2016\/03\/logo-carideal-mandataire-automobile.png","width":300,"height":300,"caption":"Carideal"},"image":{"@id":"https:\/\/www.carideal.com\/blog\/#\/schema\/logo\/image\/"},"sameAs":["https:\/\/www.facebook.com\/Carideal.mandataire.automobile","https:\/\/x.com\/caridealauto","https:\/\/www.instagram.com\/carideal1\/","https:\/\/www.linkedin.com\/company\/carideal.com","https:\/\/fr.pinterest.com\/schiavonsas\/","https:\/\/www.youtube.com\/user\/caridealsas"]},{"@type":"Person","@id":"https:\/\/www.carideal.com\/blog\/#\/schema\/person\/cd95dc7919660de90d31b366f85be1ec","name":"Nicolas SCHIAVON","image":{"@type":"ImageObject","inLanguage":"fr-FR","@id":"https:\/\/www.carideal.com\/blog\/#\/schema\/person\/image\/","url":"https:\/\/secure.gravatar.com\/avatar\/c17e55009e671d92cc7f5dc837dc418a?s=96&r=g","contentUrl":"https:\/\/secure.gravatar.com\/avatar\/c17e55009e671d92cc7f5dc837dc418a?s=96&r=g","caption":"Nicolas SCHIAVON"},"description":"Nicolas Schiavon est tomb\u00e9 tout petit dans la marmite automobile. Ayant eu un garage de marque automobile, mandataire automobile de la premi\u00e8re heure d\u00e8s 1999. Nicolas a cr\u00e9\u00e9 ces premiers sites de vente de voiture et blog automobile d\u00e8s 1994. Carideal est n\u00e9 le 15 d\u00e9cembre 2000 de la volont\u00e9 de vendre des voitures d'occasions en ligne puis des voitures neuves. Il a pu essayer beaucoup de voitures tr\u00e8s diff\u00e9rentes et ayant eu personnellement quelques belles autos, Subaru Impreza, Mitsubishi Lancer Evo 7, Porsche 911, Ferrari Testarrossa, Audi RS3, RS4 et j'en passe...","sameAs":["http:\/\/www.carideal.com","https:\/\/www.facebook.com\/nicolas.schiavon.39","https:\/\/www.instagram.com\/carideal1\/","https:\/\/www.linkedin.com\/in\/nschiavon\/","https:\/\/x.com\/caridealauto","https:\/\/www.youtube.com\/user\/caridealsas\/"],"url":"https:\/\/www.carideal.com\/blog\/author\/nschiavon\/"}]}},"uagb_featured_image_src":{"full":["https:\/\/www.carideal.com\/blog\/wp-content\/uploads\/2015\/12\/koenigsegg-agera-one-carideal.jpg",653,352,false],"thumbnail":["https:\/\/www.carideal.com\/blog\/wp-content\/uploads\/2015\/12\/koenigsegg-agera-one-carideal-150x150.jpg",150,150,true],"medium":["https:\/\/www.carideal.com\/blog\/wp-content\/uploads\/2015\/12\/koenigsegg-agera-one-carideal-300x162.jpg",300,162,true],"medium_large":["https:\/\/www.carideal.com\/blog\/wp-content\/uploads\/2015\/12\/koenigsegg-agera-one-carideal.jpg",653,352,false],"large":["https:\/\/www.carideal.com\/blog\/wp-content\/uploads\/2015\/12\/koenigsegg-agera-one-carideal.jpg",653,352,false],"1536x1536":["https:\/\/www.carideal.com\/blog\/wp-content\/uploads\/2015\/12\/koenigsegg-agera-one-carideal.jpg",653,352,false],"2048x2048":["https:\/\/www.carideal.com\/blog\/wp-content\/uploads\/2015\/12\/koenigsegg-agera-one-carideal.jpg",653,352,false],"wppr-widget":["https:\/\/www.carideal.com\/blog\/wp-content\/uploads\/2015\/12\/koenigsegg-agera-one-carideal.jpg",50,27,false]},"uagb_author_info":{"display_name":"Nicolas SCHIAVON","author_link":"https:\/\/www.carideal.com\/blog\/author\/nschiavon\/"},"uagb_comment_info":0,"uagb_excerpt":"La meilleure Vid\u00e9o\u00a0Koenigsegg et le bruit\u00a0des mod\u00e8les de Koenigsegg \u00e0 ce jour. Dans cette vid\u00e9o Koenigsegg on retrouvera les One : 1 megacar ; Agera R, Agera S, les diff\u00e9rentes Agera et on reviendra sur les anciens mod\u00e8les de Koenigsegg : CCXR, CCX, CCR, CC8S et de nombreuses \u00e9ditions limit\u00e9es le long du chemin. Comment\u2026","_links":{"self":[{"href":"https:\/\/www.carideal.com\/blog\/wp-json\/wp\/v2\/posts\/8901"}],"collection":[{"href":"https:\/\/www.carideal.com\/blog\/wp-json\/wp\/v2\/posts"}],"about":[{"href":"https:\/\/www.carideal.com\/blog\/wp-json\/wp\/v2\/types\/post"}],"author":[{"embeddable":true,"href":"https:\/\/www.carideal.com\/blog\/wp-json\/wp\/v2\/users\/3"}],"replies":[{"embeddable":true,"href":"https:\/\/www.carideal.com\/blog\/wp-json\/wp\/v2\/comments?post=8901"}],"version-history":[{"count":0,"href":"https:\/\/www.carideal.com\/blog\/wp-json\/wp\/v2\/posts\/8901\/revisions"}],"wp:featuredmedia":[{"embeddable":true,"href":"https:\/\/www.carideal.com\/blog\/wp-json\/wp\/v2\/media\/8902"}],"wp:attachment":[{"href":"https:\/\/www.carideal.com\/blog\/wp-json\/wp\/v2\/media?parent=8901"}],"wp:term":[{"taxonomy":"category","embeddable":true,"href":"https:\/\/www.carideal.com\/blog\/wp-json\/wp\/v2\/categories?post=8901"},{"taxonomy":"post_tag","embeddable":true,"href":"https:\/\/www.carideal.com\/blog\/wp-json\/wp\/v2\/tags?post=8901"}],"curies":[{"name":"wp","href":"https:\/\/api.w.org\/{rel}","templated":true}]}}