{"id":890,"date":"2011-02-22T21:03:00","date_gmt":"2011-02-22T21:03:00","guid":{"rendered":"http:\/\/carideal.com\/blog\/?p=890"},"modified":"2023-04-14T16:01:08","modified_gmt":"2023-04-14T14:01:08","slug":"voiture-sans-permis-chambery-savoie","status":"publish","type":"post","link":"https:\/\/www.carideal.com\/blog\/2011\/02\/22\/voiture-sans-permis-chambery-savoie\/","title":{"rendered":"Voiture sans permis \u00e0 Chamb\u00e9ry Savoie"},"content":{"rendered":"\n<h2 class=\"wp-block-heading\">Voiture sans permis \u00e0 Chambery Savoie<\/h2>\n\n\n\n<p>14000 <strong>voitures sans permis <a href=\"http:\/\/www.carideal.com\/blog\/voiture-neuve-region\/\">neuves<\/a><\/strong> ont \u00e9t\u00e9 vendu en 2010 en France et plusieurs marques se disputent le march\u00e9.<br>Aixam est une marque fran\u00e7aise et aussi la plus importante en Europe, d'autres existent aussi comme <strong>B\u00e9lier<\/strong> et Microcar. Bien que le march\u00e9 de la voiture sans permis soit petit, il est en train de bouger et de nouveaux acteurs s'y int\u00e9ressent dont Carideal \u00e0&nbsp;<a href=\"http:\/\/www.carideal.com\/blog\/carideal-mandataire-auto-france\/chambery\/\">Chamb\u00e9ry<\/a>.<\/p>\n\n\n<div class=\"wp-block-image\">\n<figure class=\"aligncenter\"><img loading=\"lazy\" decoding=\"async\" width=\"448\" height=\"336\" src=\"http:\/\/www.carideal.com\/blog\/wp-content\/uploads\/2011\/02\/voiture-sans-permis-chambery.jpg\" alt=\"Voiture sans permis \u00e0 Chamb\u00e9ry\" class=\"wp-image-20764\" srcset=\"https:\/\/www.carideal.com\/blog\/wp-content\/uploads\/2011\/02\/voiture-sans-permis-chambery.jpg 448w, https:\/\/www.carideal.com\/blog\/wp-content\/uploads\/2011\/02\/voiture-sans-permis-chambery-300x225.jpg 300w, https:\/\/www.carideal.com\/blog\/wp-content\/uploads\/2011\/02\/voiture-sans-permis-chambery-50x38.jpg 50w, https:\/\/www.carideal.com\/blog\/wp-content\/uploads\/2011\/02\/voiture-sans-permis-chambery-110x83.jpg 110w, https:\/\/www.carideal.com\/blog\/wp-content\/uploads\/2011\/02\/voiture-sans-permis-chambery-420x315.jpg 420w\" sizes=\"(max-width: 448px) 100vw, 448px\" \/><\/figure><\/div>\n\n\n<p>Voiture sans permis \u00e0 Chamb\u00e9ryLe <span style=\"text-decoration: underline;\"><a href=\"http:\/\/www.carideal.com\/blog\/2011\/01\/03\/la-voiture-sans-permis-attire-de-plus-en-plus-de-client\/\">succ\u00e8s de ces voitures sans permis<\/a><\/span> provient de plusieurs facteurs, dont la recrudescence des annulations de permis de conduire.<br>Les journalistes se penchent de plus en plus sur ces voitures, la presse \u00e9crite, M6 turbo, France 3 etc.Trouvez votre voiture sans permis \u00e0 Chamb\u00e9ry de la marque <span style=\"text-decoration: underline;\">Belier<\/span><\/p>\n\n\n\n<h2 class=\"wp-block-heading\">Voici quelques exemples de vid\u00e9os reportages sur les voitures sans permis&nbsp;:<\/h2>\n\n\n\n<p><iframe loading=\"lazy\" title=\"YouTube video player\" src=\"http:\/\/www.youtube.com\/embed\/ieu3QUWem70\" width=\"480\" height=\"390\" frameborder=\"0\" allowfullscreen=\"allowfullscreen\"><\/iframe><\/p>\n\n\n\n<p><iframe loading=\"lazy\" title=\"YouTube video player\" src=\"http:\/\/www.youtube.com\/embed\/F4TZGeBhDJw\" width=\"480\" height=\"390\" frameborder=\"0\" allowfullscreen=\"allowfullscreen\"><\/iframe><\/p>\n\n\n\n<h2 class=\"wp-block-heading\">Plus de Choix pour l'achat de voiture sans permis<\/h2>\n\n\n<div class=\"wp-block-image\">\n<figure class=\"aligncenter\"><img decoding=\"async\" src=\"http:\/\/www.carideal.com\/images_actualite\/bellierjadeclassiccarideal-1297806689.jpg\" alt=\"Les nouvelles voitures sans permis copient les voitures \u00e0 succ\u00e8s\"\/><figcaption class=\"wp-element-caption\">Les nouvelles voitures sans permis copient les voitures \u00e0 succ\u00e8s<\/figcaption><\/figure><\/div>\n\n\n<p><span style=\"text-decoration: underline;\">Achat voiture sans permis<\/span><\/p>\n\n\n<div class=\"wp-block-image\">\n<figure class=\"aligncenter\"><img decoding=\"async\" src=\"http:\/\/www.carideal.com\/images_actualite\/belliervoituressanspermisdockerelectriqueachatcaridealmandataire-1297806788.jpg\" alt=\"V\u00e9hicule utilitaire camionette de livraison sans permis\"\/><figcaption class=\"wp-element-caption\">V\u00e9hicule utilitaire camionette de livraison sans permis<\/figcaption><\/figure><\/div>\n\n\n<p>Comme on peut le voire sur ces photos, les gammes de voiture sans permis s'\u00e9toffent et on peut croiser maintenant dans les rues \u00e9troites de nos villes, comme \u00e0 Chamb\u00e9ry Lyon etc. des camionnettes utilitaires sans permis. Il y a une demande pour ces petits utilitaires sans permis qui viennent remplacer l'ancien triporteur Vespa.<\/p>\n\n\n\n<h2 class=\"wp-block-heading\">Achat voiture sans permis \u00e0 Chamb\u00e9ry<\/h2>\n\n\n\n<p>La voiture sans permis est compl\u00e8tement d'actualit\u00e9. Elle est la solution pour bon nombre de clients&nbsp;qui ont&nbsp;besoin de mobilit\u00e9&nbsp;car il leur est&nbsp;n\u00e9cessaire de garder&nbsp;leur travail, de faire&nbsp;leurs courses etc. Cette voiturette <a href=\"http:\/\/www.carideal.com\/blog\/2023\/04\/12\/les-raisons-denvisager-lachat-dune-voiture-sans-permis\/\">peut aussi \u00eatre une solution<\/a> pour la mobilit\u00e9 en ville, avec ses faibles dimensions, elle se gare n'importe o\u00f9 et ne consomme que 3L aux 100 km pour une \u00e9mission de CO2 de 78 \u00e0 83 g\/km suivant les marques.<\/p>\n\n\n\n<p><iframe loading=\"lazy\" title=\"YouTube video player\" src=\"http:\/\/www.youtube.com\/embed\/F4TZGeBhDJw\" width=\"480\" height=\"390\" frameborder=\"0\" allowfullscreen=\"allowfullscreen\"><\/iframe><\/p>\n\n\n\n<p>\u00c0 Chamb\u00e9ry comme ailleurs, le succ\u00e8s de ces microcars ne se d\u00e9ment pas et m\u00eame aupr\u00e8s des jeunes. Et cela est surprenant : d'o\u00f9 vient ce succ\u00e8s ? Certains jeunes pr\u00e9f\u00e8rent en effet rouler avec une voiture sans permis plut\u00f4t que de poss\u00e9der une mobylette ou un scooter. Ils y trouvent l'avantage d'y \u00eatre \u00e0 l'abris prot\u00e9g\u00e9s des intemp\u00e9ries. Les filles sont adeptes, car le port du casque les d\u00e9coiffe. \ud83d\ude09<\/p>\n\n\n\n<p>Leurs parents ne voient pas cela d'un mauvais \u0153il non plus puisque leurs ch\u00e9rubins sont prot\u00e9g\u00e9s par un ch\u00e2ssis et une carrosserie certes en plastique, mais pr\u00e9sente quand m\u00eame. Il n'y a pas de risque de chute. Quand il s'agit de s\u00e9curit\u00e9, les parents sont pr\u00eats \u00e0 investir beaucoup dans la voiture sans permis.<\/p>\n","protected":false},"excerpt":{"rendered":"<p>Voiture sans permis \u00e0 Chambery Savoie 14000 voitures sans permis neuves ont \u00e9t\u00e9 vendu en 2010 en France et plusieurs marques se disputent le march\u00e9.Aixam est une marque fran\u00e7aise et aussi la plus importante en Europe, d&rsquo;autres existent aussi comme B\u00e9lier et Microcar. Bien que le march\u00e9 de la voiture sans permis soit petit, il &#8230; <a title=\"Voiture sans permis \u00e0 Chamb\u00e9ry Savoie\" class=\"read-more\" href=\"https:\/\/www.carideal.com\/blog\/2011\/02\/22\/voiture-sans-permis-chambery-savoie\/\" aria-label=\"En savoir plus sur Voiture sans permis \u00e0 Chamb\u00e9ry Savoie\">Lire plus<\/a><\/p>\n","protected":false},"author":1,"featured_media":20764,"comment_status":"open","ping_status":"open","sticky":false,"template":"","format":"standard","meta":{"_uag_custom_page_level_css":"","_themeisle_gutenberg_block_has_review":false,"footnotes":""},"categories":[6022,6029],"tags":[],"class_list":["post-890","post","type-post","status-publish","format-standard","has-post-thumbnail","hentry","category-microcar","category-voiture-sans-permis"],"wppr_data":{"cwp_meta_box_check":"No"},"yoast_head":"<!-- This site is optimized with the Yoast SEO plugin v24.8.1 - https:\/\/yoast.com\/wordpress\/plugins\/seo\/ -->\n<title>Voiture sans permis \u00e0 Chamb\u00e9ry Savoie - Blog auto Carid\u00e9al<\/title>\n<meta name=\"description\" content=\"Voiture sans permis \u00e0 Chamb\u00e9ry essai pr\u00e9sentation prix achat vente et reprise. Des milliers de voitures sans permis se vendent chaque ann\u00e9e\" \/>\n<meta name=\"robots\" content=\"index, follow, max-snippet:-1, max-image-preview:large, max-video-preview:-1\" \/>\n<link rel=\"canonical\" href=\"https:\/\/www.carideal.com\/blog\/2011\/02\/22\/voiture-sans-permis-chambery-savoie\/\" \/>\n<meta property=\"og:locale\" content=\"fr_FR\" \/>\n<meta property=\"og:type\" content=\"article\" \/>\n<meta property=\"og:title\" content=\"Voiture sans permis \u00e0 Chamb\u00e9ry Savoie - Blog auto Carid\u00e9al\" \/>\n<meta property=\"og:description\" content=\"Voiture sans permis \u00e0 Chamb\u00e9ry essai pr\u00e9sentation prix achat vente et reprise. Des milliers de voitures sans permis se vendent chaque ann\u00e9e\" \/>\n<meta property=\"og:url\" content=\"https:\/\/www.carideal.com\/blog\/2011\/02\/22\/voiture-sans-permis-chambery-savoie\/\" \/>\n<meta property=\"og:site_name\" content=\"Blog auto Carid\u00e9al\" \/>\n<meta property=\"article:publisher\" content=\"https:\/\/www.facebook.com\/Carideal.mandataire.automobile\" \/>\n<meta property=\"article:author\" content=\"https:\/\/www.facebook.com\/Carideal.mandataire.automobile\/\" \/>\n<meta property=\"article:published_time\" content=\"2011-02-22T21:03:00+00:00\" \/>\n<meta property=\"article:modified_time\" content=\"2023-04-14T14:01:08+00:00\" \/>\n<meta property=\"og:image\" content=\"https:\/\/www.carideal.com\/blog\/wp-content\/uploads\/2011\/02\/voiture-sans-permis-chambery.jpg\" \/>\n\t<meta property=\"og:image:width\" content=\"448\" \/>\n\t<meta property=\"og:image:height\" content=\"336\" \/>\n\t<meta property=\"og:image:type\" content=\"image\/jpeg\" \/>\n<meta name=\"author\" content=\"N.S Carideal\" \/>\n<meta name=\"twitter:card\" content=\"summary_large_image\" \/>\n<meta name=\"twitter:creator\" content=\"@caridealauto\" \/>\n<meta name=\"twitter:site\" content=\"@caridealauto\" \/>\n<meta name=\"twitter:label1\" content=\"\u00c9crit par\" \/>\n\t<meta name=\"twitter:data1\" content=\"N.S Carideal\" \/>\n\t<meta name=\"twitter:label2\" content=\"Dur\u00e9e de lecture estim\u00e9e\" \/>\n\t<meta name=\"twitter:data2\" content=\"3 minutes\" \/>\n<script type=\"application\/ld+json\" class=\"yoast-schema-graph\">{\"@context\":\"https:\/\/schema.org\",\"@graph\":[{\"@type\":\"Article\",\"@id\":\"https:\/\/www.carideal.com\/blog\/2011\/02\/22\/voiture-sans-permis-chambery-savoie\/#article\",\"isPartOf\":{\"@id\":\"https:\/\/www.carideal.com\/blog\/2011\/02\/22\/voiture-sans-permis-chambery-savoie\/\"},\"author\":{\"name\":\"N.S Carideal\",\"@id\":\"https:\/\/www.carideal.com\/blog\/#\/schema\/person\/985c7e757d1042d647f21bfaf8d41ebc\"},\"headline\":\"Voiture sans permis \u00e0 Chamb\u00e9ry Savoie\",\"datePublished\":\"2011-02-22T21:03:00+00:00\",\"dateModified\":\"2023-04-14T14:01:08+00:00\",\"mainEntityOfPage\":{\"@id\":\"https:\/\/www.carideal.com\/blog\/2011\/02\/22\/voiture-sans-permis-chambery-savoie\/\"},\"wordCount\":461,\"commentCount\":0,\"publisher\":{\"@id\":\"https:\/\/www.carideal.com\/blog\/#organization\"},\"image\":{\"@id\":\"https:\/\/www.carideal.com\/blog\/2011\/02\/22\/voiture-sans-permis-chambery-savoie\/#primaryimage\"},\"thumbnailUrl\":\"https:\/\/www.carideal.com\/blog\/wp-content\/uploads\/2011\/02\/voiture-sans-permis-chambery.jpg\",\"articleSection\":[\"Microcar\",\"Voiture sans permis\"],\"inLanguage\":\"fr-FR\",\"potentialAction\":[{\"@type\":\"CommentAction\",\"name\":\"Comment\",\"target\":[\"https:\/\/www.carideal.com\/blog\/2011\/02\/22\/voiture-sans-permis-chambery-savoie\/#respond\"]}]},{\"@type\":\"WebPage\",\"@id\":\"https:\/\/www.carideal.com\/blog\/2011\/02\/22\/voiture-sans-permis-chambery-savoie\/\",\"url\":\"https:\/\/www.carideal.com\/blog\/2011\/02\/22\/voiture-sans-permis-chambery-savoie\/\",\"name\":\"Voiture sans permis \u00e0 Chamb\u00e9ry Savoie - Blog auto Carid\u00e9al\",\"isPartOf\":{\"@id\":\"https:\/\/www.carideal.com\/blog\/#website\"},\"primaryImageOfPage\":{\"@id\":\"https:\/\/www.carideal.com\/blog\/2011\/02\/22\/voiture-sans-permis-chambery-savoie\/#primaryimage\"},\"image\":{\"@id\":\"https:\/\/www.carideal.com\/blog\/2011\/02\/22\/voiture-sans-permis-chambery-savoie\/#primaryimage\"},\"thumbnailUrl\":\"https:\/\/www.carideal.com\/blog\/wp-content\/uploads\/2011\/02\/voiture-sans-permis-chambery.jpg\",\"datePublished\":\"2011-02-22T21:03:00+00:00\",\"dateModified\":\"2023-04-14T14:01:08+00:00\",\"description\":\"Voiture sans permis \u00e0 Chamb\u00e9ry essai pr\u00e9sentation prix achat vente et reprise. Des milliers de voitures sans permis se vendent chaque ann\u00e9e\",\"breadcrumb\":{\"@id\":\"https:\/\/www.carideal.com\/blog\/2011\/02\/22\/voiture-sans-permis-chambery-savoie\/#breadcrumb\"},\"inLanguage\":\"fr-FR\",\"potentialAction\":[{\"@type\":\"ReadAction\",\"target\":[\"https:\/\/www.carideal.com\/blog\/2011\/02\/22\/voiture-sans-permis-chambery-savoie\/\"]}]},{\"@type\":\"ImageObject\",\"inLanguage\":\"fr-FR\",\"@id\":\"https:\/\/www.carideal.com\/blog\/2011\/02\/22\/voiture-sans-permis-chambery-savoie\/#primaryimage\",\"url\":\"https:\/\/www.carideal.com\/blog\/wp-content\/uploads\/2011\/02\/voiture-sans-permis-chambery.jpg\",\"contentUrl\":\"https:\/\/www.carideal.com\/blog\/wp-content\/uploads\/2011\/02\/voiture-sans-permis-chambery.jpg\",\"width\":448,\"height\":336,\"caption\":\"Voiture sans permis \u00e0 Chamb\u00e9ry\"},{\"@type\":\"BreadcrumbList\",\"@id\":\"https:\/\/www.carideal.com\/blog\/2011\/02\/22\/voiture-sans-permis-chambery-savoie\/#breadcrumb\",\"itemListElement\":[{\"@type\":\"ListItem\",\"position\":1,\"name\":\"Blog Carid\u00e9al\",\"item\":\"https:\/\/www.carideal.com\/blog\/\"},{\"@type\":\"ListItem\",\"position\":2,\"name\":\"Type de v\u00e9hicule\",\"item\":\"https:\/\/www.carideal.com\/blog\/type-de-vehicule\/\"},{\"@type\":\"ListItem\",\"position\":3,\"name\":\"Microcar\",\"item\":\"https:\/\/www.carideal.com\/blog\/type-de-vehicule\/microcar\/\"},{\"@type\":\"ListItem\",\"position\":4,\"name\":\"Voiture sans permis \u00e0 Chamb\u00e9ry Savoie\"}]},{\"@type\":\"WebSite\",\"@id\":\"https:\/\/www.carideal.com\/blog\/#website\",\"url\":\"https:\/\/www.carideal.com\/blog\/\",\"name\":\"Blog auto Carid\u00e9al\",\"description\":\"Actualit\u00e9 auto par des passionn\u00e9s\",\"publisher\":{\"@id\":\"https:\/\/www.carideal.com\/blog\/#organization\"},\"potentialAction\":[{\"@type\":\"SearchAction\",\"target\":{\"@type\":\"EntryPoint\",\"urlTemplate\":\"https:\/\/www.carideal.com\/blog\/?s={search_term_string}\"},\"query-input\":{\"@type\":\"PropertyValueSpecification\",\"valueRequired\":true,\"valueName\":\"search_term_string\"}}],\"inLanguage\":\"fr-FR\"},{\"@type\":\"Organization\",\"@id\":\"https:\/\/www.carideal.com\/blog\/#organization\",\"name\":\"Carideal\",\"url\":\"https:\/\/www.carideal.com\/blog\/\",\"logo\":{\"@type\":\"ImageObject\",\"inLanguage\":\"fr-FR\",\"@id\":\"https:\/\/www.carideal.com\/blog\/#\/schema\/logo\/image\/\",\"url\":\"http:\/\/www.carideal.com\/blog\/wp-content\/uploads\/2016\/03\/logo-carideal-mandataire-automobile.png\",\"contentUrl\":\"http:\/\/www.carideal.com\/blog\/wp-content\/uploads\/2016\/03\/logo-carideal-mandataire-automobile.png\",\"width\":300,\"height\":300,\"caption\":\"Carideal\"},\"image\":{\"@id\":\"https:\/\/www.carideal.com\/blog\/#\/schema\/logo\/image\/\"},\"sameAs\":[\"https:\/\/www.facebook.com\/Carideal.mandataire.automobile\",\"https:\/\/x.com\/caridealauto\",\"https:\/\/www.instagram.com\/carideal1\/\",\"https:\/\/www.linkedin.com\/company\/carideal.com\",\"https:\/\/fr.pinterest.com\/schiavonsas\/\",\"https:\/\/www.youtube.com\/user\/caridealsas\"]},{\"@type\":\"Person\",\"@id\":\"https:\/\/www.carideal.com\/blog\/#\/schema\/person\/985c7e757d1042d647f21bfaf8d41ebc\",\"name\":\"N.S Carideal\",\"image\":{\"@type\":\"ImageObject\",\"inLanguage\":\"fr-FR\",\"@id\":\"https:\/\/www.carideal.com\/blog\/#\/schema\/person\/image\/\",\"url\":\"https:\/\/secure.gravatar.com\/avatar\/edb7ccdf1a4e3d14aef967760d354d0e?s=96&r=g\",\"contentUrl\":\"https:\/\/secure.gravatar.com\/avatar\/edb7ccdf1a4e3d14aef967760d354d0e?s=96&r=g\",\"caption\":\"N.S Carideal\"},\"description\":\"Depuis tout petit fan d'automobile. Il est question d'essayer et de comparer toutes ces voitures qui nous ont fait r\u00e9ver, avant que celles-ci ne devient uniquement des voitures de collection.\",\"sameAs\":[\"http:\/\/www.carideal.com\/blog\",\"https:\/\/www.facebook.com\/Carideal.mandataire.automobile\/\",\"https:\/\/www.linkedin.com\/in\/nschiavon\/\",\"https:\/\/www.youtube.com\/user\/caridealsas\/\"],\"url\":\"https:\/\/www.carideal.com\/blog\/author\/admin_carideal\/\"}]}<\/script>\n<!-- \/ Yoast SEO plugin. -->","yoast_head_json":{"title":"Voiture sans permis \u00e0 Chamb\u00e9ry Savoie - Blog auto Carid\u00e9al","description":"Voiture sans permis \u00e0 Chamb\u00e9ry essai pr\u00e9sentation prix achat vente et reprise. Des milliers de voitures sans permis se vendent chaque ann\u00e9e","robots":{"index":"index","follow":"follow","max-snippet":"max-snippet:-1","max-image-preview":"max-image-preview:large","max-video-preview":"max-video-preview:-1"},"canonical":"https:\/\/www.carideal.com\/blog\/2011\/02\/22\/voiture-sans-permis-chambery-savoie\/","og_locale":"fr_FR","og_type":"article","og_title":"Voiture sans permis \u00e0 Chamb\u00e9ry Savoie - Blog auto Carid\u00e9al","og_description":"Voiture sans permis \u00e0 Chamb\u00e9ry essai pr\u00e9sentation prix achat vente et reprise. Des milliers de voitures sans permis se vendent chaque ann\u00e9e","og_url":"https:\/\/www.carideal.com\/blog\/2011\/02\/22\/voiture-sans-permis-chambery-savoie\/","og_site_name":"Blog auto Carid\u00e9al","article_publisher":"https:\/\/www.facebook.com\/Carideal.mandataire.automobile","article_author":"https:\/\/www.facebook.com\/Carideal.mandataire.automobile\/","article_published_time":"2011-02-22T21:03:00+00:00","article_modified_time":"2023-04-14T14:01:08+00:00","og_image":[{"width":448,"height":336,"url":"https:\/\/www.carideal.com\/blog\/wp-content\/uploads\/2011\/02\/voiture-sans-permis-chambery.jpg","type":"image\/jpeg"}],"author":"N.S Carideal","twitter_card":"summary_large_image","twitter_creator":"@caridealauto","twitter_site":"@caridealauto","twitter_misc":{"\u00c9crit par":"N.S Carideal","Dur\u00e9e de lecture estim\u00e9e":"3 minutes"},"schema":{"@context":"https:\/\/schema.org","@graph":[{"@type":"Article","@id":"https:\/\/www.carideal.com\/blog\/2011\/02\/22\/voiture-sans-permis-chambery-savoie\/#article","isPartOf":{"@id":"https:\/\/www.carideal.com\/blog\/2011\/02\/22\/voiture-sans-permis-chambery-savoie\/"},"author":{"name":"N.S Carideal","@id":"https:\/\/www.carideal.com\/blog\/#\/schema\/person\/985c7e757d1042d647f21bfaf8d41ebc"},"headline":"Voiture sans permis \u00e0 Chamb\u00e9ry Savoie","datePublished":"2011-02-22T21:03:00+00:00","dateModified":"2023-04-14T14:01:08+00:00","mainEntityOfPage":{"@id":"https:\/\/www.carideal.com\/blog\/2011\/02\/22\/voiture-sans-permis-chambery-savoie\/"},"wordCount":461,"commentCount":0,"publisher":{"@id":"https:\/\/www.carideal.com\/blog\/#organization"},"image":{"@id":"https:\/\/www.carideal.com\/blog\/2011\/02\/22\/voiture-sans-permis-chambery-savoie\/#primaryimage"},"thumbnailUrl":"https:\/\/www.carideal.com\/blog\/wp-content\/uploads\/2011\/02\/voiture-sans-permis-chambery.jpg","articleSection":["Microcar","Voiture sans permis"],"inLanguage":"fr-FR","potentialAction":[{"@type":"CommentAction","name":"Comment","target":["https:\/\/www.carideal.com\/blog\/2011\/02\/22\/voiture-sans-permis-chambery-savoie\/#respond"]}]},{"@type":"WebPage","@id":"https:\/\/www.carideal.com\/blog\/2011\/02\/22\/voiture-sans-permis-chambery-savoie\/","url":"https:\/\/www.carideal.com\/blog\/2011\/02\/22\/voiture-sans-permis-chambery-savoie\/","name":"Voiture sans permis \u00e0 Chamb\u00e9ry Savoie - Blog auto Carid\u00e9al","isPartOf":{"@id":"https:\/\/www.carideal.com\/blog\/#website"},"primaryImageOfPage":{"@id":"https:\/\/www.carideal.com\/blog\/2011\/02\/22\/voiture-sans-permis-chambery-savoie\/#primaryimage"},"image":{"@id":"https:\/\/www.carideal.com\/blog\/2011\/02\/22\/voiture-sans-permis-chambery-savoie\/#primaryimage"},"thumbnailUrl":"https:\/\/www.carideal.com\/blog\/wp-content\/uploads\/2011\/02\/voiture-sans-permis-chambery.jpg","datePublished":"2011-02-22T21:03:00+00:00","dateModified":"2023-04-14T14:01:08+00:00","description":"Voiture sans permis \u00e0 Chamb\u00e9ry essai pr\u00e9sentation prix achat vente et reprise. Des milliers de voitures sans permis se vendent chaque ann\u00e9e","breadcrumb":{"@id":"https:\/\/www.carideal.com\/blog\/2011\/02\/22\/voiture-sans-permis-chambery-savoie\/#breadcrumb"},"inLanguage":"fr-FR","potentialAction":[{"@type":"ReadAction","target":["https:\/\/www.carideal.com\/blog\/2011\/02\/22\/voiture-sans-permis-chambery-savoie\/"]}]},{"@type":"ImageObject","inLanguage":"fr-FR","@id":"https:\/\/www.carideal.com\/blog\/2011\/02\/22\/voiture-sans-permis-chambery-savoie\/#primaryimage","url":"https:\/\/www.carideal.com\/blog\/wp-content\/uploads\/2011\/02\/voiture-sans-permis-chambery.jpg","contentUrl":"https:\/\/www.carideal.com\/blog\/wp-content\/uploads\/2011\/02\/voiture-sans-permis-chambery.jpg","width":448,"height":336,"caption":"Voiture sans permis \u00e0 Chamb\u00e9ry"},{"@type":"BreadcrumbList","@id":"https:\/\/www.carideal.com\/blog\/2011\/02\/22\/voiture-sans-permis-chambery-savoie\/#breadcrumb","itemListElement":[{"@type":"ListItem","position":1,"name":"Blog Carid\u00e9al","item":"https:\/\/www.carideal.com\/blog\/"},{"@type":"ListItem","position":2,"name":"Type de v\u00e9hicule","item":"https:\/\/www.carideal.com\/blog\/type-de-vehicule\/"},{"@type":"ListItem","position":3,"name":"Microcar","item":"https:\/\/www.carideal.com\/blog\/type-de-vehicule\/microcar\/"},{"@type":"ListItem","position":4,"name":"Voiture sans permis \u00e0 Chamb\u00e9ry Savoie"}]},{"@type":"WebSite","@id":"https:\/\/www.carideal.com\/blog\/#website","url":"https:\/\/www.carideal.com\/blog\/","name":"Blog auto Carid\u00e9al","description":"Actualit\u00e9 auto par des passionn\u00e9s","publisher":{"@id":"https:\/\/www.carideal.com\/blog\/#organization"},"potentialAction":[{"@type":"SearchAction","target":{"@type":"EntryPoint","urlTemplate":"https:\/\/www.carideal.com\/blog\/?s={search_term_string}"},"query-input":{"@type":"PropertyValueSpecification","valueRequired":true,"valueName":"search_term_string"}}],"inLanguage":"fr-FR"},{"@type":"Organization","@id":"https:\/\/www.carideal.com\/blog\/#organization","name":"Carideal","url":"https:\/\/www.carideal.com\/blog\/","logo":{"@type":"ImageObject","inLanguage":"fr-FR","@id":"https:\/\/www.carideal.com\/blog\/#\/schema\/logo\/image\/","url":"http:\/\/www.carideal.com\/blog\/wp-content\/uploads\/2016\/03\/logo-carideal-mandataire-automobile.png","contentUrl":"http:\/\/www.carideal.com\/blog\/wp-content\/uploads\/2016\/03\/logo-carideal-mandataire-automobile.png","width":300,"height":300,"caption":"Carideal"},"image":{"@id":"https:\/\/www.carideal.com\/blog\/#\/schema\/logo\/image\/"},"sameAs":["https:\/\/www.facebook.com\/Carideal.mandataire.automobile","https:\/\/x.com\/caridealauto","https:\/\/www.instagram.com\/carideal1\/","https:\/\/www.linkedin.com\/company\/carideal.com","https:\/\/fr.pinterest.com\/schiavonsas\/","https:\/\/www.youtube.com\/user\/caridealsas"]},{"@type":"Person","@id":"https:\/\/www.carideal.com\/blog\/#\/schema\/person\/985c7e757d1042d647f21bfaf8d41ebc","name":"N.S Carideal","image":{"@type":"ImageObject","inLanguage":"fr-FR","@id":"https:\/\/www.carideal.com\/blog\/#\/schema\/person\/image\/","url":"https:\/\/secure.gravatar.com\/avatar\/edb7ccdf1a4e3d14aef967760d354d0e?s=96&r=g","contentUrl":"https:\/\/secure.gravatar.com\/avatar\/edb7ccdf1a4e3d14aef967760d354d0e?s=96&r=g","caption":"N.S Carideal"},"description":"Depuis tout petit fan d'automobile. Il est question d'essayer et de comparer toutes ces voitures qui nous ont fait r\u00e9ver, avant que celles-ci ne devient uniquement des voitures de collection.","sameAs":["http:\/\/www.carideal.com\/blog","https:\/\/www.facebook.com\/Carideal.mandataire.automobile\/","https:\/\/www.linkedin.com\/in\/nschiavon\/","https:\/\/www.youtube.com\/user\/caridealsas\/"],"url":"https:\/\/www.carideal.com\/blog\/author\/admin_carideal\/"}]}},"uagb_featured_image_src":{"full":["https:\/\/www.carideal.com\/blog\/wp-content\/uploads\/2011\/02\/voiture-sans-permis-chambery.jpg",448,336,false],"thumbnail":["https:\/\/www.carideal.com\/blog\/wp-content\/uploads\/2011\/02\/voiture-sans-permis-chambery-150x150.jpg",150,150,true],"medium":["https:\/\/www.carideal.com\/blog\/wp-content\/uploads\/2011\/02\/voiture-sans-permis-chambery-300x225.jpg",300,225,true],"medium_large":["https:\/\/www.carideal.com\/blog\/wp-content\/uploads\/2011\/02\/voiture-sans-permis-chambery.jpg",448,336,false],"large":["https:\/\/www.carideal.com\/blog\/wp-content\/uploads\/2011\/02\/voiture-sans-permis-chambery.jpg",448,336,false],"1536x1536":["https:\/\/www.carideal.com\/blog\/wp-content\/uploads\/2011\/02\/voiture-sans-permis-chambery.jpg",448,336,false],"2048x2048":["https:\/\/www.carideal.com\/blog\/wp-content\/uploads\/2011\/02\/voiture-sans-permis-chambery.jpg",448,336,false],"wppr-widget":["https:\/\/www.carideal.com\/blog\/wp-content\/uploads\/2011\/02\/voiture-sans-permis-chambery-50x38.jpg",50,38,true]},"uagb_author_info":{"display_name":"N.S Carideal","author_link":"https:\/\/www.carideal.com\/blog\/author\/admin_carideal\/"},"uagb_comment_info":0,"uagb_excerpt":"Voiture sans permis \u00e0 Chambery Savoie 14000 voitures sans permis neuves ont \u00e9t\u00e9 vendu en 2010 en France et plusieurs marques se disputent le march\u00e9.Aixam est une marque fran\u00e7aise et aussi la plus importante en Europe, d'autres existent aussi comme B\u00e9lier et Microcar. Bien que le march\u00e9 de la voiture sans permis soit petit, il\u2026","_links":{"self":[{"href":"https:\/\/www.carideal.com\/blog\/wp-json\/wp\/v2\/posts\/890"}],"collection":[{"href":"https:\/\/www.carideal.com\/blog\/wp-json\/wp\/v2\/posts"}],"about":[{"href":"https:\/\/www.carideal.com\/blog\/wp-json\/wp\/v2\/types\/post"}],"author":[{"embeddable":true,"href":"https:\/\/www.carideal.com\/blog\/wp-json\/wp\/v2\/users\/1"}],"replies":[{"embeddable":true,"href":"https:\/\/www.carideal.com\/blog\/wp-json\/wp\/v2\/comments?post=890"}],"version-history":[{"count":0,"href":"https:\/\/www.carideal.com\/blog\/wp-json\/wp\/v2\/posts\/890\/revisions"}],"wp:featuredmedia":[{"embeddable":true,"href":"https:\/\/www.carideal.com\/blog\/wp-json\/wp\/v2\/media\/20764"}],"wp:attachment":[{"href":"https:\/\/www.carideal.com\/blog\/wp-json\/wp\/v2\/media?parent=890"}],"wp:term":[{"taxonomy":"category","embeddable":true,"href":"https:\/\/www.carideal.com\/blog\/wp-json\/wp\/v2\/categories?post=890"},{"taxonomy":"post_tag","embeddable":true,"href":"https:\/\/www.carideal.com\/blog\/wp-json\/wp\/v2\/tags?post=890"}],"curies":[{"name":"wp","href":"https:\/\/api.w.org\/{rel}","templated":true}]}}