{"id":8896,"date":"2015-12-31T08:33:36","date_gmt":"2015-12-31T07:33:36","guid":{"rendered":"http:\/\/www.carideal.com\/blog\/?p=8896"},"modified":"2020-03-12T08:27:01","modified_gmt":"2020-03-12T07:27:01","slug":"prix-voiture-doccasion-le-meilleur-et-vite","status":"publish","type":"post","link":"https:\/\/www.carideal.com\/blog\/2015\/12\/31\/prix-voiture-doccasion-le-meilleur-et-vite\/","title":{"rendered":"Prix voiture d&rsquo;occasion le meilleur et vite !"},"content":{"rendered":"<h1>Vendre au bon prix voiture d'occasion<\/h1>\n<figure id=\"attachment_8898\" aria-describedby=\"caption-attachment-8898\" style=\"width: 290px\" class=\"wp-caption alignleft\"><a href=\"http:\/\/www.carideal.com\/blog\/wp-content\/uploads\/2015\/12\/verifications-mecaniques-voiture-occasion-carideal.jpg\"><img loading=\"lazy\" decoding=\"async\" class=\"wp-image-8898 size-medium\" title=\"Prix voiture d'occasion il passe par une bonne pr\u00e9paration\" src=\"http:\/\/www.carideal.com\/blog\/wp-content\/uploads\/2015\/12\/verifications-mecaniques-voiture-occasion-carideal-300x113.jpg\" alt=\"Prix voiture d'occasion il passe par une bonne pr\u00e9paration\" width=\"300\" height=\"113\" srcset=\"https:\/\/www.carideal.com\/blog\/wp-content\/uploads\/2015\/12\/verifications-mecaniques-voiture-occasion-carideal-300x113.jpg 300w, https:\/\/www.carideal.com\/blog\/wp-content\/uploads\/2015\/12\/verifications-mecaniques-voiture-occasion-carideal-624x234.jpg 624w, https:\/\/www.carideal.com\/blog\/wp-content\/uploads\/2015\/12\/verifications-mecaniques-voiture-occasion-carideal.jpg 920w\" sizes=\"(max-width: 300px) 100vw, 300px\" \/><\/a><figcaption id=\"caption-attachment-8898\" class=\"wp-caption-text\">Prix voiture d'occasion il passe par une bonne pr\u00e9paration<\/figcaption><\/figure>\n<p>Sur un march\u00e9 de voiture d'occasion\u00a0qui reprend quelques couleurs, il faut\u00a0continuer\u00a0\u00a0\u00e0\u00a0optimiser les\u00a0processus d'<span style=\"text-decoration: underline;\">achat de voiture d'occasion<\/span> pour que le <strong>PRIX VOITURE D'OCCASION<\/strong> soit le meilleur. Le levier principal ? Une politique de pr\u00e9paration quasi\u00a0industrielle adapt\u00e9e \u00e0 notre m\u00e9thode de vente par internet avec la logistique associ\u00e9e.<br \/>\nLa\u00a0voiture d'occasion se porte bien. C'est ce qui ressort de la r\u00e9cente \u00e9tude publi\u00e9e par Cetelem. Aujourd'hui, il se vend en France trois v\u00e9hicules d'occasion pour une voiture<br \/>\nneuve ; en 2009 le ratio \u00e9tait seulement de 2,3. Premi\u00e8re explication \u00e0 un tel ph\u00e9\u00adnom\u00e8ne, \u00ab trois automobilistes sur quatre poss\u00e9dant une voiture d'occasion d\u00e9clarent en avoir achet\u00e9 un par manque de moyens \u00bb, souligne l'organisme de cr\u00e9dit c\u00e9t\u00e9lem. Vous pourrez choisir une <span style=\"text-decoration: underline;\"><a href=\"http:\/\/www.carideal.com\/content\/7-extension-garantie\">extension de garantie automobile<\/a><\/span>.<\/p>\n<h2>Prix voiture d'occasion Valeur ou volume ?<\/h2>\n<p>En volume, le march\u00e9 de la <span style=\"text-decoration: underline;\">voiture d'occasion<\/span> repr\u00e9\u00adsente 5,4 millions d'unit\u00e9s contre 1,8 mil\u00adlion de VN. Une aubaine pour les pro\u00adfessionnels ? Oui et non. \u00ab Il faudrait plus parler en termes de valeur que de volume, nuance Thibaut Carpentier, directeur des voitures d'occasions\u00a0et des restitutions chez ALD le gestionnaire des parcs de voitures de soci\u00e9t\u00e9. Plus il y a de volume, moins les performances sont bonnes. \u00bb Le d\u00e9but de l'ann\u00e9e a \u00e9t\u00e9 un peu compliqu\u00e9 selon lui. \u00ab Certains acteurs ont mis sur le march\u00e9 un gros volume de v\u00e9hicules, ce qui a entra\u00een\u00e9 une Baisse\u00a0des marges de 2 % \u00bb, a-t-il observ\u00e9.<\/p>\n<h2>Prix voiture d'occasion : acheter des voitures de qualit\u00e9 !<\/h2>\n<p>D'autres acteurs relativisent cette surabondance ponctuelle qui, de surcro\u00eet, semble \u00eatre relative aux canaux\u00a0de distribution. \u00ab 2013 a \u00e9t\u00e9 assez similaire \u00e0 2012, constate Cyrille Moreau, directeur des op\u00e9rations chez un autre gestionnaire de flotte. Il n'y a pas assez de volume\u00a0sur le march\u00e9, surtout sur les v\u00e9hicules d'occasions de plus de 3\u00a0ans. \u00bb En premier lieu, le remarketing nous\u00a0avons mis en place un processus industriel pour r\u00e9duire le plus possible la phase entre la <span style=\"text-decoration: underline;\"><a href=\"http:\/\/www.carideal.com\/blog\/2015\/02\/16\/reprise-de-votre-voiture\/\">reprise de voiture<\/a><\/span> d'occasion\u00a0et la remise en vente du v\u00e9hicule d'occasion. Tous les acteurs de la cha\u00eene sont donc concern\u00e9s. Particuli\u00e8rement ceux du remarketing. Nous demandons syst\u00e9matiquement un \u00e9tat descriptif d\u00e9taill\u00e9 de la voiture d'occasion \u00e0 reprendre en cas de <span style=\"text-decoration: underline;\"><a href=\"http:\/\/www.carideal.com\/blog\/2015\/11\/06\/bien-acheter-sa-voiture-doccasion-avec-un-expert\/\">rachat de voiture d'occasion<\/a><\/span> ainsi que le suivi de l'entretien complet factures et carnet d'entretien. D'o\u00f9 la cr\u00e9ation ou le d\u00e9veloppement de nouveaux services. \u00a0M\u00eame pour un <span style=\"text-decoration: underline;\">rachat de voiture HS<\/span> nous appliquons la m\u00eame m\u00e9thode.<\/p>\n<h2>Un pedigree pr\u00e9cis pour vendre au bon prix sa voiture d'occasion<\/h2>\n<p>Cette demande de transparence ne s'est pas forc\u00e9ment\u00a0traduite par une augmentation des prix des transactions, il rassure l'acheteur potentiel, ainsi que le vendeur sur la qualit\u00e9 de la voiture d'occasion ? Prix voiture d'occasion : C'est l'inverse qui se produit, une voiture mal entretenu ou \u00e0 l'entretien incertain verra son prix chuter et ne se vendra pas au m\u00eame prix voiture d'occasion. Avec un pedigr\u00e9 plus pr\u00e9cis, les v\u00e9hicules partent \u00e0 leur juste valeur.\u00a0Cela est tr\u00e8s important puisque toutes nos voitures d'occasion b\u00e9n\u00e9ficient d'une <span style=\"text-decoration: underline;\"><a href=\"http:\/\/www.carideal.com\/blog\/2015\/06\/03\/garantie-voitures-doccasions\/\">garantie avec les plus hauts standarts<\/a><\/span>.<\/p>\n<p>Vous trouverez nos voitures d'occasions.<\/p>\n","protected":false},"excerpt":{"rendered":"<p>Vendre au bon prix voiture d&rsquo;occasion Sur un march\u00e9 de voiture d&rsquo;occasion\u00a0qui reprend quelques couleurs, il faut\u00a0continuer\u00a0\u00a0\u00e0\u00a0optimiser les\u00a0processus d&rsquo;achat de voiture d&rsquo;occasion pour que le PRIX VOITURE D&rsquo;OCCASION soit le meilleur. Le levier principal ? Une politique de pr\u00e9paration quasi\u00a0industrielle adapt\u00e9e \u00e0 notre m\u00e9thode de vente par internet avec la logistique associ\u00e9e. La\u00a0voiture d&rsquo;occasion se &#8230; <a title=\"Prix voiture d&rsquo;occasion le meilleur et vite !\" class=\"read-more\" href=\"https:\/\/www.carideal.com\/blog\/2015\/12\/31\/prix-voiture-doccasion-le-meilleur-et-vite\/\" aria-label=\"En savoir plus sur Prix voiture d&rsquo;occasion le meilleur et vite !\">Lire plus<\/a><\/p>\n","protected":false},"author":3,"featured_media":0,"comment_status":"open","ping_status":"open","sticky":false,"template":"","format":"standard","meta":{"_uag_custom_page_level_css":"","_themeisle_gutenberg_block_has_review":false,"footnotes":""},"categories":[3,6025,10],"tags":[5044,6184],"class_list":["post-8896","post","type-post","status-publish","format-standard","hentry","category-actualites-financieres","category-occasion-type-de-vehicule-type-de-vehicule","category-marche-automobile-voiture-neuve-occasion-4x4-suv","tag-guide-achat","tag-meilleur-voiture"],"wppr_data":{"cwp_meta_box_check":"No"},"yoast_head":"<!-- This site is optimized with the Yoast SEO plugin v24.8.1 - https:\/\/yoast.com\/wordpress\/plugins\/seo\/ -->\n<title>Prix voiture d&#039;occasion le meilleur et vite ! - Blog auto Carid\u00e9al<\/title>\n<meta name=\"description\" content=\"Le meilleur prix voiture d&#039;occasion passe par la qualit\u00e9 de l&#039;achat ou de la reprise de la voiture d&#039;occasion, puis de sa pr\u00e9paration de qualit\u00e9.\" \/>\n<meta name=\"robots\" content=\"index, follow, max-snippet:-1, max-image-preview:large, max-video-preview:-1\" \/>\n<link rel=\"canonical\" href=\"https:\/\/www.carideal.com\/blog\/2015\/12\/31\/prix-voiture-doccasion-le-meilleur-et-vite\/\" \/>\n<meta property=\"og:locale\" content=\"fr_FR\" \/>\n<meta property=\"og:type\" content=\"article\" \/>\n<meta property=\"og:title\" content=\"Prix voiture d&#039;occasion le meilleur et vite ! - Blog auto Carid\u00e9al\" \/>\n<meta property=\"og:description\" content=\"Le meilleur prix voiture d&#039;occasion passe par la qualit\u00e9 de l&#039;achat ou de la reprise de la voiture d&#039;occasion, puis de sa pr\u00e9paration de qualit\u00e9.\" \/>\n<meta property=\"og:url\" content=\"https:\/\/www.carideal.com\/blog\/2015\/12\/31\/prix-voiture-doccasion-le-meilleur-et-vite\/\" \/>\n<meta property=\"og:site_name\" content=\"Blog auto Carid\u00e9al\" \/>\n<meta property=\"article:publisher\" content=\"https:\/\/www.facebook.com\/Carideal.mandataire.automobile\" \/>\n<meta property=\"article:author\" content=\"https:\/\/www.facebook.com\/nicolas.schiavon.39\" \/>\n<meta property=\"article:published_time\" content=\"2015-12-31T07:33:36+00:00\" \/>\n<meta property=\"article:modified_time\" content=\"2020-03-12T07:27:01+00:00\" \/>\n<meta property=\"og:image\" content=\"http:\/\/www.carideal.com\/blog\/wp-content\/uploads\/2015\/12\/verifications-mecaniques-voiture-occasion-carideal-300x113.jpg\" \/>\n<meta name=\"author\" content=\"Nicolas SCHIAVON\" \/>\n<meta name=\"twitter:card\" content=\"summary_large_image\" \/>\n<meta name=\"twitter:creator\" content=\"@caridealauto\" \/>\n<meta name=\"twitter:site\" content=\"@caridealauto\" \/>\n<meta name=\"twitter:label1\" content=\"\u00c9crit par\" \/>\n\t<meta name=\"twitter:data1\" content=\"Nicolas SCHIAVON\" \/>\n\t<meta name=\"twitter:label2\" content=\"Dur\u00e9e de lecture estim\u00e9e\" \/>\n\t<meta name=\"twitter:data2\" content=\"3 minutes\" \/>\n<script type=\"application\/ld+json\" class=\"yoast-schema-graph\">{\"@context\":\"https:\/\/schema.org\",\"@graph\":[{\"@type\":\"Article\",\"@id\":\"https:\/\/www.carideal.com\/blog\/2015\/12\/31\/prix-voiture-doccasion-le-meilleur-et-vite\/#article\",\"isPartOf\":{\"@id\":\"https:\/\/www.carideal.com\/blog\/2015\/12\/31\/prix-voiture-doccasion-le-meilleur-et-vite\/\"},\"author\":{\"name\":\"Nicolas SCHIAVON\",\"@id\":\"https:\/\/www.carideal.com\/blog\/#\/schema\/person\/cd95dc7919660de90d31b366f85be1ec\"},\"headline\":\"Prix voiture d&rsquo;occasion le meilleur et vite !\",\"datePublished\":\"2015-12-31T07:33:36+00:00\",\"dateModified\":\"2020-03-12T07:27:01+00:00\",\"mainEntityOfPage\":{\"@id\":\"https:\/\/www.carideal.com\/blog\/2015\/12\/31\/prix-voiture-doccasion-le-meilleur-et-vite\/\"},\"wordCount\":563,\"commentCount\":0,\"publisher\":{\"@id\":\"https:\/\/www.carideal.com\/blog\/#organization\"},\"image\":{\"@id\":\"https:\/\/www.carideal.com\/blog\/2015\/12\/31\/prix-voiture-doccasion-le-meilleur-et-vite\/#primaryimage\"},\"thumbnailUrl\":\"http:\/\/www.carideal.com\/blog\/wp-content\/uploads\/2015\/12\/verifications-mecaniques-voiture-occasion-carideal-300x113.jpg\",\"keywords\":[\"Guide achat voiture\",\"Meilleure voiture\"],\"articleSection\":[\"Actualit\u00e9 Financi\u00e8re\",\"Essai Voiture Occasion\",\"March\u00e9 automobile\"],\"inLanguage\":\"fr-FR\",\"potentialAction\":[{\"@type\":\"CommentAction\",\"name\":\"Comment\",\"target\":[\"https:\/\/www.carideal.com\/blog\/2015\/12\/31\/prix-voiture-doccasion-le-meilleur-et-vite\/#respond\"]}]},{\"@type\":\"WebPage\",\"@id\":\"https:\/\/www.carideal.com\/blog\/2015\/12\/31\/prix-voiture-doccasion-le-meilleur-et-vite\/\",\"url\":\"https:\/\/www.carideal.com\/blog\/2015\/12\/31\/prix-voiture-doccasion-le-meilleur-et-vite\/\",\"name\":\"Prix voiture d'occasion le meilleur et vite ! - Blog auto Carid\u00e9al\",\"isPartOf\":{\"@id\":\"https:\/\/www.carideal.com\/blog\/#website\"},\"primaryImageOfPage\":{\"@id\":\"https:\/\/www.carideal.com\/blog\/2015\/12\/31\/prix-voiture-doccasion-le-meilleur-et-vite\/#primaryimage\"},\"image\":{\"@id\":\"https:\/\/www.carideal.com\/blog\/2015\/12\/31\/prix-voiture-doccasion-le-meilleur-et-vite\/#primaryimage\"},\"thumbnailUrl\":\"http:\/\/www.carideal.com\/blog\/wp-content\/uploads\/2015\/12\/verifications-mecaniques-voiture-occasion-carideal-300x113.jpg\",\"datePublished\":\"2015-12-31T07:33:36+00:00\",\"dateModified\":\"2020-03-12T07:27:01+00:00\",\"description\":\"Le meilleur prix voiture d'occasion passe par la qualit\u00e9 de l'achat ou de la reprise de la voiture d'occasion, puis de sa pr\u00e9paration de qualit\u00e9.\",\"breadcrumb\":{\"@id\":\"https:\/\/www.carideal.com\/blog\/2015\/12\/31\/prix-voiture-doccasion-le-meilleur-et-vite\/#breadcrumb\"},\"inLanguage\":\"fr-FR\",\"potentialAction\":[{\"@type\":\"ReadAction\",\"target\":[\"https:\/\/www.carideal.com\/blog\/2015\/12\/31\/prix-voiture-doccasion-le-meilleur-et-vite\/\"]}]},{\"@type\":\"ImageObject\",\"inLanguage\":\"fr-FR\",\"@id\":\"https:\/\/www.carideal.com\/blog\/2015\/12\/31\/prix-voiture-doccasion-le-meilleur-et-vite\/#primaryimage\",\"url\":\"http:\/\/www.carideal.com\/blog\/wp-content\/uploads\/2015\/12\/verifications-mecaniques-voiture-occasion-carideal-300x113.jpg\",\"contentUrl\":\"http:\/\/www.carideal.com\/blog\/wp-content\/uploads\/2015\/12\/verifications-mecaniques-voiture-occasion-carideal-300x113.jpg\"},{\"@type\":\"BreadcrumbList\",\"@id\":\"https:\/\/www.carideal.com\/blog\/2015\/12\/31\/prix-voiture-doccasion-le-meilleur-et-vite\/#breadcrumb\",\"itemListElement\":[{\"@type\":\"ListItem\",\"position\":1,\"name\":\"Blog Carid\u00e9al\",\"item\":\"https:\/\/www.carideal.com\/blog\/\"},{\"@type\":\"ListItem\",\"position\":2,\"name\":\"Actualit\u00e9 Financi\u00e8re\",\"item\":\"https:\/\/www.carideal.com\/blog\/actualites-financieres\/\"},{\"@type\":\"ListItem\",\"position\":3,\"name\":\"Prix voiture d&rsquo;occasion le meilleur et vite !\"}]},{\"@type\":\"WebSite\",\"@id\":\"https:\/\/www.carideal.com\/blog\/#website\",\"url\":\"https:\/\/www.carideal.com\/blog\/\",\"name\":\"Blog auto Carid\u00e9al\",\"description\":\"Actualit\u00e9 auto par des passionn\u00e9s\",\"publisher\":{\"@id\":\"https:\/\/www.carideal.com\/blog\/#organization\"},\"potentialAction\":[{\"@type\":\"SearchAction\",\"target\":{\"@type\":\"EntryPoint\",\"urlTemplate\":\"https:\/\/www.carideal.com\/blog\/?s={search_term_string}\"},\"query-input\":{\"@type\":\"PropertyValueSpecification\",\"valueRequired\":true,\"valueName\":\"search_term_string\"}}],\"inLanguage\":\"fr-FR\"},{\"@type\":\"Organization\",\"@id\":\"https:\/\/www.carideal.com\/blog\/#organization\",\"name\":\"Carideal\",\"url\":\"https:\/\/www.carideal.com\/blog\/\",\"logo\":{\"@type\":\"ImageObject\",\"inLanguage\":\"fr-FR\",\"@id\":\"https:\/\/www.carideal.com\/blog\/#\/schema\/logo\/image\/\",\"url\":\"http:\/\/www.carideal.com\/blog\/wp-content\/uploads\/2016\/03\/logo-carideal-mandataire-automobile.png\",\"contentUrl\":\"http:\/\/www.carideal.com\/blog\/wp-content\/uploads\/2016\/03\/logo-carideal-mandataire-automobile.png\",\"width\":300,\"height\":300,\"caption\":\"Carideal\"},\"image\":{\"@id\":\"https:\/\/www.carideal.com\/blog\/#\/schema\/logo\/image\/\"},\"sameAs\":[\"https:\/\/www.facebook.com\/Carideal.mandataire.automobile\",\"https:\/\/x.com\/caridealauto\",\"https:\/\/www.instagram.com\/carideal1\/\",\"https:\/\/www.linkedin.com\/company\/carideal.com\",\"https:\/\/fr.pinterest.com\/schiavonsas\/\",\"https:\/\/www.youtube.com\/user\/caridealsas\"]},{\"@type\":\"Person\",\"@id\":\"https:\/\/www.carideal.com\/blog\/#\/schema\/person\/cd95dc7919660de90d31b366f85be1ec\",\"name\":\"Nicolas SCHIAVON\",\"image\":{\"@type\":\"ImageObject\",\"inLanguage\":\"fr-FR\",\"@id\":\"https:\/\/www.carideal.com\/blog\/#\/schema\/person\/image\/\",\"url\":\"https:\/\/secure.gravatar.com\/avatar\/c17e55009e671d92cc7f5dc837dc418a?s=96&r=g\",\"contentUrl\":\"https:\/\/secure.gravatar.com\/avatar\/c17e55009e671d92cc7f5dc837dc418a?s=96&r=g\",\"caption\":\"Nicolas SCHIAVON\"},\"description\":\"Nicolas Schiavon est tomb\u00e9 tout petit dans la marmite automobile. Ayant eu un garage de marque automobile, mandataire automobile de la premi\u00e8re heure d\u00e8s 1999. Nicolas a cr\u00e9\u00e9 ces premiers sites de vente de voiture et blog automobile d\u00e8s 1994. Carideal est n\u00e9 le 15 d\u00e9cembre 2000 de la volont\u00e9 de vendre des voitures d'occasions en ligne puis des voitures neuves. Il a pu essayer beaucoup de voitures tr\u00e8s diff\u00e9rentes et ayant eu personnellement quelques belles autos, Subaru Impreza, Mitsubishi Lancer Evo 7, Porsche 911, Ferrari Testarrossa, Audi RS3, RS4 et j'en passe...\",\"sameAs\":[\"http:\/\/www.carideal.com\",\"https:\/\/www.facebook.com\/nicolas.schiavon.39\",\"https:\/\/www.instagram.com\/carideal1\/\",\"https:\/\/www.linkedin.com\/in\/nschiavon\/\",\"https:\/\/x.com\/caridealauto\",\"https:\/\/www.youtube.com\/user\/caridealsas\/\"],\"url\":\"https:\/\/www.carideal.com\/blog\/author\/nschiavon\/\"}]}<\/script>\n<!-- \/ Yoast SEO plugin. -->","yoast_head_json":{"title":"Prix voiture d'occasion le meilleur et vite ! - Blog auto Carid\u00e9al","description":"Le meilleur prix voiture d'occasion passe par la qualit\u00e9 de l'achat ou de la reprise de la voiture d'occasion, puis de sa pr\u00e9paration de qualit\u00e9.","robots":{"index":"index","follow":"follow","max-snippet":"max-snippet:-1","max-image-preview":"max-image-preview:large","max-video-preview":"max-video-preview:-1"},"canonical":"https:\/\/www.carideal.com\/blog\/2015\/12\/31\/prix-voiture-doccasion-le-meilleur-et-vite\/","og_locale":"fr_FR","og_type":"article","og_title":"Prix voiture d'occasion le meilleur et vite ! - Blog auto Carid\u00e9al","og_description":"Le meilleur prix voiture d'occasion passe par la qualit\u00e9 de l'achat ou de la reprise de la voiture d'occasion, puis de sa pr\u00e9paration de qualit\u00e9.","og_url":"https:\/\/www.carideal.com\/blog\/2015\/12\/31\/prix-voiture-doccasion-le-meilleur-et-vite\/","og_site_name":"Blog auto Carid\u00e9al","article_publisher":"https:\/\/www.facebook.com\/Carideal.mandataire.automobile","article_author":"https:\/\/www.facebook.com\/nicolas.schiavon.39","article_published_time":"2015-12-31T07:33:36+00:00","article_modified_time":"2020-03-12T07:27:01+00:00","og_image":[{"url":"http:\/\/www.carideal.com\/blog\/wp-content\/uploads\/2015\/12\/verifications-mecaniques-voiture-occasion-carideal-300x113.jpg","type":"","width":"","height":""}],"author":"Nicolas SCHIAVON","twitter_card":"summary_large_image","twitter_creator":"@caridealauto","twitter_site":"@caridealauto","twitter_misc":{"\u00c9crit par":"Nicolas SCHIAVON","Dur\u00e9e de lecture estim\u00e9e":"3 minutes"},"schema":{"@context":"https:\/\/schema.org","@graph":[{"@type":"Article","@id":"https:\/\/www.carideal.com\/blog\/2015\/12\/31\/prix-voiture-doccasion-le-meilleur-et-vite\/#article","isPartOf":{"@id":"https:\/\/www.carideal.com\/blog\/2015\/12\/31\/prix-voiture-doccasion-le-meilleur-et-vite\/"},"author":{"name":"Nicolas SCHIAVON","@id":"https:\/\/www.carideal.com\/blog\/#\/schema\/person\/cd95dc7919660de90d31b366f85be1ec"},"headline":"Prix voiture d&rsquo;occasion le meilleur et vite !","datePublished":"2015-12-31T07:33:36+00:00","dateModified":"2020-03-12T07:27:01+00:00","mainEntityOfPage":{"@id":"https:\/\/www.carideal.com\/blog\/2015\/12\/31\/prix-voiture-doccasion-le-meilleur-et-vite\/"},"wordCount":563,"commentCount":0,"publisher":{"@id":"https:\/\/www.carideal.com\/blog\/#organization"},"image":{"@id":"https:\/\/www.carideal.com\/blog\/2015\/12\/31\/prix-voiture-doccasion-le-meilleur-et-vite\/#primaryimage"},"thumbnailUrl":"http:\/\/www.carideal.com\/blog\/wp-content\/uploads\/2015\/12\/verifications-mecaniques-voiture-occasion-carideal-300x113.jpg","keywords":["Guide achat voiture","Meilleure voiture"],"articleSection":["Actualit\u00e9 Financi\u00e8re","Essai Voiture Occasion","March\u00e9 automobile"],"inLanguage":"fr-FR","potentialAction":[{"@type":"CommentAction","name":"Comment","target":["https:\/\/www.carideal.com\/blog\/2015\/12\/31\/prix-voiture-doccasion-le-meilleur-et-vite\/#respond"]}]},{"@type":"WebPage","@id":"https:\/\/www.carideal.com\/blog\/2015\/12\/31\/prix-voiture-doccasion-le-meilleur-et-vite\/","url":"https:\/\/www.carideal.com\/blog\/2015\/12\/31\/prix-voiture-doccasion-le-meilleur-et-vite\/","name":"Prix voiture d'occasion le meilleur et vite ! - Blog auto Carid\u00e9al","isPartOf":{"@id":"https:\/\/www.carideal.com\/blog\/#website"},"primaryImageOfPage":{"@id":"https:\/\/www.carideal.com\/blog\/2015\/12\/31\/prix-voiture-doccasion-le-meilleur-et-vite\/#primaryimage"},"image":{"@id":"https:\/\/www.carideal.com\/blog\/2015\/12\/31\/prix-voiture-doccasion-le-meilleur-et-vite\/#primaryimage"},"thumbnailUrl":"http:\/\/www.carideal.com\/blog\/wp-content\/uploads\/2015\/12\/verifications-mecaniques-voiture-occasion-carideal-300x113.jpg","datePublished":"2015-12-31T07:33:36+00:00","dateModified":"2020-03-12T07:27:01+00:00","description":"Le meilleur prix voiture d'occasion passe par la qualit\u00e9 de l'achat ou de la reprise de la voiture d'occasion, puis de sa pr\u00e9paration de qualit\u00e9.","breadcrumb":{"@id":"https:\/\/www.carideal.com\/blog\/2015\/12\/31\/prix-voiture-doccasion-le-meilleur-et-vite\/#breadcrumb"},"inLanguage":"fr-FR","potentialAction":[{"@type":"ReadAction","target":["https:\/\/www.carideal.com\/blog\/2015\/12\/31\/prix-voiture-doccasion-le-meilleur-et-vite\/"]}]},{"@type":"ImageObject","inLanguage":"fr-FR","@id":"https:\/\/www.carideal.com\/blog\/2015\/12\/31\/prix-voiture-doccasion-le-meilleur-et-vite\/#primaryimage","url":"http:\/\/www.carideal.com\/blog\/wp-content\/uploads\/2015\/12\/verifications-mecaniques-voiture-occasion-carideal-300x113.jpg","contentUrl":"http:\/\/www.carideal.com\/blog\/wp-content\/uploads\/2015\/12\/verifications-mecaniques-voiture-occasion-carideal-300x113.jpg"},{"@type":"BreadcrumbList","@id":"https:\/\/www.carideal.com\/blog\/2015\/12\/31\/prix-voiture-doccasion-le-meilleur-et-vite\/#breadcrumb","itemListElement":[{"@type":"ListItem","position":1,"name":"Blog Carid\u00e9al","item":"https:\/\/www.carideal.com\/blog\/"},{"@type":"ListItem","position":2,"name":"Actualit\u00e9 Financi\u00e8re","item":"https:\/\/www.carideal.com\/blog\/actualites-financieres\/"},{"@type":"ListItem","position":3,"name":"Prix voiture d&rsquo;occasion le meilleur et vite !"}]},{"@type":"WebSite","@id":"https:\/\/www.carideal.com\/blog\/#website","url":"https:\/\/www.carideal.com\/blog\/","name":"Blog auto Carid\u00e9al","description":"Actualit\u00e9 auto par des passionn\u00e9s","publisher":{"@id":"https:\/\/www.carideal.com\/blog\/#organization"},"potentialAction":[{"@type":"SearchAction","target":{"@type":"EntryPoint","urlTemplate":"https:\/\/www.carideal.com\/blog\/?s={search_term_string}"},"query-input":{"@type":"PropertyValueSpecification","valueRequired":true,"valueName":"search_term_string"}}],"inLanguage":"fr-FR"},{"@type":"Organization","@id":"https:\/\/www.carideal.com\/blog\/#organization","name":"Carideal","url":"https:\/\/www.carideal.com\/blog\/","logo":{"@type":"ImageObject","inLanguage":"fr-FR","@id":"https:\/\/www.carideal.com\/blog\/#\/schema\/logo\/image\/","url":"http:\/\/www.carideal.com\/blog\/wp-content\/uploads\/2016\/03\/logo-carideal-mandataire-automobile.png","contentUrl":"http:\/\/www.carideal.com\/blog\/wp-content\/uploads\/2016\/03\/logo-carideal-mandataire-automobile.png","width":300,"height":300,"caption":"Carideal"},"image":{"@id":"https:\/\/www.carideal.com\/blog\/#\/schema\/logo\/image\/"},"sameAs":["https:\/\/www.facebook.com\/Carideal.mandataire.automobile","https:\/\/x.com\/caridealauto","https:\/\/www.instagram.com\/carideal1\/","https:\/\/www.linkedin.com\/company\/carideal.com","https:\/\/fr.pinterest.com\/schiavonsas\/","https:\/\/www.youtube.com\/user\/caridealsas"]},{"@type":"Person","@id":"https:\/\/www.carideal.com\/blog\/#\/schema\/person\/cd95dc7919660de90d31b366f85be1ec","name":"Nicolas SCHIAVON","image":{"@type":"ImageObject","inLanguage":"fr-FR","@id":"https:\/\/www.carideal.com\/blog\/#\/schema\/person\/image\/","url":"https:\/\/secure.gravatar.com\/avatar\/c17e55009e671d92cc7f5dc837dc418a?s=96&r=g","contentUrl":"https:\/\/secure.gravatar.com\/avatar\/c17e55009e671d92cc7f5dc837dc418a?s=96&r=g","caption":"Nicolas SCHIAVON"},"description":"Nicolas Schiavon est tomb\u00e9 tout petit dans la marmite automobile. Ayant eu un garage de marque automobile, mandataire automobile de la premi\u00e8re heure d\u00e8s 1999. Nicolas a cr\u00e9\u00e9 ces premiers sites de vente de voiture et blog automobile d\u00e8s 1994. Carideal est n\u00e9 le 15 d\u00e9cembre 2000 de la volont\u00e9 de vendre des voitures d'occasions en ligne puis des voitures neuves. Il a pu essayer beaucoup de voitures tr\u00e8s diff\u00e9rentes et ayant eu personnellement quelques belles autos, Subaru Impreza, Mitsubishi Lancer Evo 7, Porsche 911, Ferrari Testarrossa, Audi RS3, RS4 et j'en passe...","sameAs":["http:\/\/www.carideal.com","https:\/\/www.facebook.com\/nicolas.schiavon.39","https:\/\/www.instagram.com\/carideal1\/","https:\/\/www.linkedin.com\/in\/nschiavon\/","https:\/\/x.com\/caridealauto","https:\/\/www.youtube.com\/user\/caridealsas\/"],"url":"https:\/\/www.carideal.com\/blog\/author\/nschiavon\/"}]}},"uagb_featured_image_src":{"full":false,"thumbnail":false,"medium":false,"medium_large":false,"large":false,"1536x1536":false,"2048x2048":false,"wppr-widget":false},"uagb_author_info":{"display_name":"Nicolas SCHIAVON","author_link":"https:\/\/www.carideal.com\/blog\/author\/nschiavon\/"},"uagb_comment_info":1,"uagb_excerpt":"Vendre au bon prix voiture d'occasion Sur un march\u00e9 de voiture d'occasion\u00a0qui reprend quelques couleurs, il faut\u00a0continuer\u00a0\u00a0\u00e0\u00a0optimiser les\u00a0processus d'achat de voiture d'occasion pour que le PRIX VOITURE D'OCCASION soit le meilleur. Le levier principal ? Une politique de pr\u00e9paration quasi\u00a0industrielle adapt\u00e9e \u00e0 notre m\u00e9thode de vente par internet avec la logistique associ\u00e9e. La\u00a0voiture d'occasion se\u2026","_links":{"self":[{"href":"https:\/\/www.carideal.com\/blog\/wp-json\/wp\/v2\/posts\/8896"}],"collection":[{"href":"https:\/\/www.carideal.com\/blog\/wp-json\/wp\/v2\/posts"}],"about":[{"href":"https:\/\/www.carideal.com\/blog\/wp-json\/wp\/v2\/types\/post"}],"author":[{"embeddable":true,"href":"https:\/\/www.carideal.com\/blog\/wp-json\/wp\/v2\/users\/3"}],"replies":[{"embeddable":true,"href":"https:\/\/www.carideal.com\/blog\/wp-json\/wp\/v2\/comments?post=8896"}],"version-history":[{"count":0,"href":"https:\/\/www.carideal.com\/blog\/wp-json\/wp\/v2\/posts\/8896\/revisions"}],"wp:attachment":[{"href":"https:\/\/www.carideal.com\/blog\/wp-json\/wp\/v2\/media?parent=8896"}],"wp:term":[{"taxonomy":"category","embeddable":true,"href":"https:\/\/www.carideal.com\/blog\/wp-json\/wp\/v2\/categories?post=8896"},{"taxonomy":"post_tag","embeddable":true,"href":"https:\/\/www.carideal.com\/blog\/wp-json\/wp\/v2\/tags?post=8896"}],"curies":[{"name":"wp","href":"https:\/\/api.w.org\/{rel}","templated":true}]}}