{"id":889,"date":"2011-02-22T08:23:00","date_gmt":"2011-02-22T08:23:00","guid":{"rendered":"http:\/\/carideal.com\/blog\/?p=889"},"modified":"2016-09-26T11:08:18","modified_gmt":"2016-09-26T09:08:18","slug":"top-gear-teste-la-bmw-m3-competition-pack-vs-audi-rs5","status":"publish","type":"post","link":"https:\/\/www.carideal.com\/blog\/2011\/02\/22\/top-gear-teste-la-bmw-m3-competition-pack-vs-audi-rs5\/","title":{"rendered":"BMW M3 comp\u00e9tition pack VS AUDI RS5"},"content":{"rendered":"<p><img decoding=\"async\" title=\"bmw m3 vs Audi RS5, f\u00e9v. 2011\" src=\"\/blog\/public\/.BMW-M3-vs-Audi-RS5-carideal_m.jpg\" alt=\"bmw m3 vs Audi RS5\" \/><\/p>\n<h1><strong>Test TopGear BMW M3 contre Audi RS5<\/strong><\/h1>\n<p>Top Gear s'int\u00e9resse l\u00e0 \u00e0 la derni\u00e8re nouveaut\u00e9 de BMW sur sa M3, son \"comp\u00e9tition pack\", plus grosses roues, suspensions pilot\u00e9es plus dures et nouveau logiciel de gestion de l'aide \u00e0 la conduite avec une caisse rabaiss\u00e9e...le jeux en vaut il la chandelle\u00a0? Malgr\u00e9 son V8 de 4.2L d'origine Lamborghini et d\u00e9veloppant 30 ch de plus avec 4 roues motrices, la RS5 est d\u00e9pass\u00e9e aussi bien sur sol sec que sur sol mouill\u00e9e !!<br \/>\nClairement, on le voit tr\u00e8s bien sur les images, l'Audi ne soutien pas le rythme de la M3 sur le sol sec, et \u00e0 notre grande surprise, ses quatre roues motrices ne peuvent rien m\u00eame sur le mouill\u00e9e contre l'\u00e9lectronique de la M3 comp\u00e9tition pack qui lui met 1 seconde sur le circuit !!<br \/>\nEt le plus surprenant\u00a0? C'est qu'une BMW M3 standard, c'est \u00e0 dire sans le comp\u00e9tition pack, met 1 sec de moins au tour !!<\/p>\n<p><object width=\"480\" height=\"270\"><param name=\"movie\" value=\"http:\/\/www.dailymotion.com\/swf\/video\/xh4sy7_tg16052_auto\" \/><param name=\"allowFullScreen\" value=\"true\" \/><param name=\"allowScriptAccess\" value=\"always\" \/><embed type=\"application\/x-shockwave-flash\" src=\"http:\/\/www.dailymotion.com\/swf\/video\/xh4sy7_tg16052_auto\" width=\"480\" height=\"270\" allowfullscreen=\"allowfullscreen\" allowscriptaccess=\"always\" \/><\/object><br \/>\n<b><a href=\"http:\/\/www.dailymotion.com\/video\/xh4sy7_tg16052_auto\" target=\"_blank\">TG16052<\/a><\/b><br \/>\n<i>envoy\u00e9 par <a href=\"http:\/\/www.dailymotion.com\/Veedubalmighty\" target=\"_blank\">Veedubalmighty<\/a>. - <a href=\"http:\/\/www.dailymotion.com\/fr\/channel\/auto\" target=\"_blank\">Courses et cascades spectaculaires en vid\u00e9o.<\/a><\/i><\/p>\n<p><a title=\"Audi RS5, efficacite au rendez-vous\" href=\"http:\/\/www.carideal.com\/blog\/2010\/06\/15\/audi-rs5-efficacite-au-rendez-vous\/\" target=\"_blank\">\/ Audi RS5<\/a><br \/>\n<a title=\"Les BMW de 2011\" href=\"http:\/\/www.carideal.com\/blog\/2011\/01\/09\/les-bmw-de-2011\/\" target=\"_blank\">\/ Les BMW de 2011<\/a><\/p>\n","protected":false},"excerpt":{"rendered":"<p>Test TopGear BMW M3 contre Audi RS5 Top Gear s&rsquo;int\u00e9resse l\u00e0 \u00e0 la derni\u00e8re nouveaut\u00e9 de BMW sur sa M3, son \u00ab\u00a0comp\u00e9tition pack\u00a0\u00bb, plus grosses roues, suspensions pilot\u00e9es plus dures et nouveau logiciel de gestion de l&rsquo;aide \u00e0 la conduite avec une caisse rabaiss\u00e9e&#8230;le jeux en vaut il la chandelle\u00a0? Malgr\u00e9 son V8 de 4.2L &#8230; <a title=\"BMW M3 comp\u00e9tition pack VS AUDI RS5\" class=\"read-more\" href=\"https:\/\/www.carideal.com\/blog\/2011\/02\/22\/top-gear-teste-la-bmw-m3-competition-pack-vs-audi-rs5\/\" aria-label=\"En savoir plus sur BMW M3 comp\u00e9tition pack VS AUDI RS5\">Lire plus<\/a><\/p>\n","protected":false},"author":1,"featured_media":0,"comment_status":"open","ping_status":"open","sticky":false,"template":"","format":"standard","meta":{"_uag_custom_page_level_css":"","_themeisle_gutenberg_block_has_review":false,"footnotes":""},"categories":[5978,5945,5944,6012,6011,5947,6169,10,5998,5974],"tags":[2593],"class_list":["post-889","post","type-post","status-publish","format-standard","hentry","category-audi","category-bmw","category-constructeur","category-berlines","category-audi-essai","category-essai","category-essais-bmw","category-marche-automobile-voiture-neuve-occasion-4x4-suv","category-sportive","category-type-de-vehicule","tag-top-gear"],"wppr_data":[],"yoast_head":"<!-- This site is optimized with the Yoast SEO plugin v24.8.1 - https:\/\/yoast.com\/wordpress\/plugins\/seo\/ -->\n<title>BMW M3 comp\u00e9tition pack VS AUDI RS5 - Blog auto Carid\u00e9al<\/title>\n<meta name=\"robots\" content=\"index, follow, max-snippet:-1, max-image-preview:large, max-video-preview:-1\" \/>\n<link rel=\"canonical\" href=\"https:\/\/www.carideal.com\/blog\/2011\/02\/22\/top-gear-teste-la-bmw-m3-competition-pack-vs-audi-rs5\/\" \/>\n<meta property=\"og:locale\" content=\"fr_FR\" \/>\n<meta property=\"og:type\" content=\"article\" \/>\n<meta property=\"og:title\" content=\"BMW M3 comp\u00e9tition pack VS AUDI RS5 - Blog auto Carid\u00e9al\" \/>\n<meta property=\"og:description\" content=\"Test TopGear BMW M3 contre Audi RS5 Top Gear s&#039;int\u00e9resse l\u00e0 \u00e0 la derni\u00e8re nouveaut\u00e9 de BMW sur sa M3, son &quot;comp\u00e9tition pack&quot;, plus grosses roues, suspensions pilot\u00e9es plus dures et nouveau logiciel de gestion de l&#039;aide \u00e0 la conduite avec une caisse rabaiss\u00e9e...le jeux en vaut il la chandelle\u00a0? Malgr\u00e9 son V8 de 4.2L ... Lire plus\" \/>\n<meta property=\"og:url\" content=\"https:\/\/www.carideal.com\/blog\/2011\/02\/22\/top-gear-teste-la-bmw-m3-competition-pack-vs-audi-rs5\/\" \/>\n<meta property=\"og:site_name\" content=\"Blog auto Carid\u00e9al\" \/>\n<meta property=\"article:publisher\" content=\"https:\/\/www.facebook.com\/Carideal.mandataire.automobile\" \/>\n<meta property=\"article:author\" content=\"https:\/\/www.facebook.com\/Carideal.mandataire.automobile\/\" \/>\n<meta property=\"article:published_time\" content=\"2011-02-22T08:23:00+00:00\" \/>\n<meta property=\"article:modified_time\" content=\"2016-09-26T09:08:18+00:00\" \/>\n<meta property=\"og:image\" content=\"https:\/\/www.carideal.com\/blog\/wp-content\/uploads\/2016\/03\/logo-carideal-mandataire-automobile.png\" \/>\n\t<meta property=\"og:image:width\" content=\"300\" \/>\n\t<meta property=\"og:image:height\" content=\"300\" \/>\n\t<meta property=\"og:image:type\" content=\"image\/png\" \/>\n<meta name=\"author\" content=\"N.S Carideal\" \/>\n<meta name=\"twitter:card\" content=\"summary_large_image\" \/>\n<meta name=\"twitter:creator\" content=\"@caridealauto\" \/>\n<meta name=\"twitter:site\" content=\"@caridealauto\" \/>\n<meta name=\"twitter:label1\" content=\"\u00c9crit par\" \/>\n\t<meta name=\"twitter:data1\" content=\"N.S Carideal\" \/>\n\t<meta name=\"twitter:label2\" content=\"Dur\u00e9e de lecture estim\u00e9e\" \/>\n\t<meta name=\"twitter:data2\" content=\"1 minute\" \/>\n<script type=\"application\/ld+json\" class=\"yoast-schema-graph\">{\"@context\":\"https:\/\/schema.org\",\"@graph\":[{\"@type\":\"Article\",\"@id\":\"https:\/\/www.carideal.com\/blog\/2011\/02\/22\/top-gear-teste-la-bmw-m3-competition-pack-vs-audi-rs5\/#article\",\"isPartOf\":{\"@id\":\"https:\/\/www.carideal.com\/blog\/2011\/02\/22\/top-gear-teste-la-bmw-m3-competition-pack-vs-audi-rs5\/\"},\"author\":{\"name\":\"N.S Carideal\",\"@id\":\"https:\/\/www.carideal.com\/blog\/#\/schema\/person\/985c7e757d1042d647f21bfaf8d41ebc\"},\"headline\":\"BMW M3 comp\u00e9tition pack VS AUDI RS5\",\"datePublished\":\"2011-02-22T08:23:00+00:00\",\"dateModified\":\"2016-09-26T09:08:18+00:00\",\"mainEntityOfPage\":{\"@id\":\"https:\/\/www.carideal.com\/blog\/2011\/02\/22\/top-gear-teste-la-bmw-m3-competition-pack-vs-audi-rs5\/\"},\"wordCount\":189,\"commentCount\":0,\"publisher\":{\"@id\":\"https:\/\/www.carideal.com\/blog\/#organization\"},\"keywords\":[\"Top Gear\"],\"articleSection\":[\"Actualit\u00e9 Audi\",\"Actualit\u00e9 BMW\",\"Actualit\u00e9 Constructeur automobile\",\"Berlines\",\"Essais Audi\",\"Essais automobile\",\"Essais BMW\",\"March\u00e9 automobile\",\"Sportive\",\"Type de v\u00e9hicule\"],\"inLanguage\":\"fr-FR\",\"potentialAction\":[{\"@type\":\"CommentAction\",\"name\":\"Comment\",\"target\":[\"https:\/\/www.carideal.com\/blog\/2011\/02\/22\/top-gear-teste-la-bmw-m3-competition-pack-vs-audi-rs5\/#respond\"]}]},{\"@type\":\"WebPage\",\"@id\":\"https:\/\/www.carideal.com\/blog\/2011\/02\/22\/top-gear-teste-la-bmw-m3-competition-pack-vs-audi-rs5\/\",\"url\":\"https:\/\/www.carideal.com\/blog\/2011\/02\/22\/top-gear-teste-la-bmw-m3-competition-pack-vs-audi-rs5\/\",\"name\":\"BMW M3 comp\u00e9tition pack VS AUDI RS5 - Blog auto Carid\u00e9al\",\"isPartOf\":{\"@id\":\"https:\/\/www.carideal.com\/blog\/#website\"},\"datePublished\":\"2011-02-22T08:23:00+00:00\",\"dateModified\":\"2016-09-26T09:08:18+00:00\",\"breadcrumb\":{\"@id\":\"https:\/\/www.carideal.com\/blog\/2011\/02\/22\/top-gear-teste-la-bmw-m3-competition-pack-vs-audi-rs5\/#breadcrumb\"},\"inLanguage\":\"fr-FR\",\"potentialAction\":[{\"@type\":\"ReadAction\",\"target\":[\"https:\/\/www.carideal.com\/blog\/2011\/02\/22\/top-gear-teste-la-bmw-m3-competition-pack-vs-audi-rs5\/\"]}]},{\"@type\":\"BreadcrumbList\",\"@id\":\"https:\/\/www.carideal.com\/blog\/2011\/02\/22\/top-gear-teste-la-bmw-m3-competition-pack-vs-audi-rs5\/#breadcrumb\",\"itemListElement\":[{\"@type\":\"ListItem\",\"position\":1,\"name\":\"Blog Carid\u00e9al\",\"item\":\"https:\/\/www.carideal.com\/blog\/\"},{\"@type\":\"ListItem\",\"position\":2,\"name\":\"March\u00e9 automobile\",\"item\":\"https:\/\/www.carideal.com\/blog\/marche-automobile-voiture-neuve-occasion-4x4-suv\/\"},{\"@type\":\"ListItem\",\"position\":3,\"name\":\"BMW M3 comp\u00e9tition pack VS AUDI RS5\"}]},{\"@type\":\"WebSite\",\"@id\":\"https:\/\/www.carideal.com\/blog\/#website\",\"url\":\"https:\/\/www.carideal.com\/blog\/\",\"name\":\"Blog auto Carid\u00e9al\",\"description\":\"Actualit\u00e9 auto par des passionn\u00e9s\",\"publisher\":{\"@id\":\"https:\/\/www.carideal.com\/blog\/#organization\"},\"potentialAction\":[{\"@type\":\"SearchAction\",\"target\":{\"@type\":\"EntryPoint\",\"urlTemplate\":\"https:\/\/www.carideal.com\/blog\/?s={search_term_string}\"},\"query-input\":{\"@type\":\"PropertyValueSpecification\",\"valueRequired\":true,\"valueName\":\"search_term_string\"}}],\"inLanguage\":\"fr-FR\"},{\"@type\":\"Organization\",\"@id\":\"https:\/\/www.carideal.com\/blog\/#organization\",\"name\":\"Carideal\",\"url\":\"https:\/\/www.carideal.com\/blog\/\",\"logo\":{\"@type\":\"ImageObject\",\"inLanguage\":\"fr-FR\",\"@id\":\"https:\/\/www.carideal.com\/blog\/#\/schema\/logo\/image\/\",\"url\":\"http:\/\/www.carideal.com\/blog\/wp-content\/uploads\/2016\/03\/logo-carideal-mandataire-automobile.png\",\"contentUrl\":\"http:\/\/www.carideal.com\/blog\/wp-content\/uploads\/2016\/03\/logo-carideal-mandataire-automobile.png\",\"width\":300,\"height\":300,\"caption\":\"Carideal\"},\"image\":{\"@id\":\"https:\/\/www.carideal.com\/blog\/#\/schema\/logo\/image\/\"},\"sameAs\":[\"https:\/\/www.facebook.com\/Carideal.mandataire.automobile\",\"https:\/\/x.com\/caridealauto\",\"https:\/\/www.instagram.com\/carideal1\/\",\"https:\/\/www.linkedin.com\/company\/carideal.com\",\"https:\/\/fr.pinterest.com\/schiavonsas\/\",\"https:\/\/www.youtube.com\/user\/caridealsas\"]},{\"@type\":\"Person\",\"@id\":\"https:\/\/www.carideal.com\/blog\/#\/schema\/person\/985c7e757d1042d647f21bfaf8d41ebc\",\"name\":\"N.S Carideal\",\"image\":{\"@type\":\"ImageObject\",\"inLanguage\":\"fr-FR\",\"@id\":\"https:\/\/www.carideal.com\/blog\/#\/schema\/person\/image\/\",\"url\":\"https:\/\/secure.gravatar.com\/avatar\/edb7ccdf1a4e3d14aef967760d354d0e?s=96&r=g\",\"contentUrl\":\"https:\/\/secure.gravatar.com\/avatar\/edb7ccdf1a4e3d14aef967760d354d0e?s=96&r=g\",\"caption\":\"N.S Carideal\"},\"description\":\"Depuis tout petit fan d'automobile. Il est question d'essayer et de comparer toutes ces voitures qui nous ont fait r\u00e9ver, avant que celles-ci ne devient uniquement des voitures de collection.\",\"sameAs\":[\"http:\/\/www.carideal.com\/blog\",\"https:\/\/www.facebook.com\/Carideal.mandataire.automobile\/\",\"https:\/\/www.linkedin.com\/in\/nschiavon\/\",\"https:\/\/www.youtube.com\/user\/caridealsas\/\"],\"url\":\"https:\/\/www.carideal.com\/blog\/author\/admin_carideal\/\"}]}<\/script>\n<!-- \/ Yoast SEO plugin. -->","yoast_head_json":{"title":"BMW M3 comp\u00e9tition pack VS AUDI RS5 - Blog auto Carid\u00e9al","robots":{"index":"index","follow":"follow","max-snippet":"max-snippet:-1","max-image-preview":"max-image-preview:large","max-video-preview":"max-video-preview:-1"},"canonical":"https:\/\/www.carideal.com\/blog\/2011\/02\/22\/top-gear-teste-la-bmw-m3-competition-pack-vs-audi-rs5\/","og_locale":"fr_FR","og_type":"article","og_title":"BMW M3 comp\u00e9tition pack VS AUDI RS5 - Blog auto Carid\u00e9al","og_description":"Test TopGear BMW M3 contre Audi RS5 Top Gear s'int\u00e9resse l\u00e0 \u00e0 la derni\u00e8re nouveaut\u00e9 de BMW sur sa M3, son \"comp\u00e9tition pack\", plus grosses roues, suspensions pilot\u00e9es plus dures et nouveau logiciel de gestion de l'aide \u00e0 la conduite avec une caisse rabaiss\u00e9e...le jeux en vaut il la chandelle\u00a0? Malgr\u00e9 son V8 de 4.2L ... Lire plus","og_url":"https:\/\/www.carideal.com\/blog\/2011\/02\/22\/top-gear-teste-la-bmw-m3-competition-pack-vs-audi-rs5\/","og_site_name":"Blog auto Carid\u00e9al","article_publisher":"https:\/\/www.facebook.com\/Carideal.mandataire.automobile","article_author":"https:\/\/www.facebook.com\/Carideal.mandataire.automobile\/","article_published_time":"2011-02-22T08:23:00+00:00","article_modified_time":"2016-09-26T09:08:18+00:00","og_image":[{"width":300,"height":300,"url":"https:\/\/www.carideal.com\/blog\/wp-content\/uploads\/2016\/03\/logo-carideal-mandataire-automobile.png","type":"image\/png"}],"author":"N.S Carideal","twitter_card":"summary_large_image","twitter_creator":"@caridealauto","twitter_site":"@caridealauto","twitter_misc":{"\u00c9crit par":"N.S Carideal","Dur\u00e9e de lecture estim\u00e9e":"1 minute"},"schema":{"@context":"https:\/\/schema.org","@graph":[{"@type":"Article","@id":"https:\/\/www.carideal.com\/blog\/2011\/02\/22\/top-gear-teste-la-bmw-m3-competition-pack-vs-audi-rs5\/#article","isPartOf":{"@id":"https:\/\/www.carideal.com\/blog\/2011\/02\/22\/top-gear-teste-la-bmw-m3-competition-pack-vs-audi-rs5\/"},"author":{"name":"N.S Carideal","@id":"https:\/\/www.carideal.com\/blog\/#\/schema\/person\/985c7e757d1042d647f21bfaf8d41ebc"},"headline":"BMW M3 comp\u00e9tition pack VS AUDI RS5","datePublished":"2011-02-22T08:23:00+00:00","dateModified":"2016-09-26T09:08:18+00:00","mainEntityOfPage":{"@id":"https:\/\/www.carideal.com\/blog\/2011\/02\/22\/top-gear-teste-la-bmw-m3-competition-pack-vs-audi-rs5\/"},"wordCount":189,"commentCount":0,"publisher":{"@id":"https:\/\/www.carideal.com\/blog\/#organization"},"keywords":["Top Gear"],"articleSection":["Actualit\u00e9 Audi","Actualit\u00e9 BMW","Actualit\u00e9 Constructeur automobile","Berlines","Essais Audi","Essais automobile","Essais BMW","March\u00e9 automobile","Sportive","Type de v\u00e9hicule"],"inLanguage":"fr-FR","potentialAction":[{"@type":"CommentAction","name":"Comment","target":["https:\/\/www.carideal.com\/blog\/2011\/02\/22\/top-gear-teste-la-bmw-m3-competition-pack-vs-audi-rs5\/#respond"]}]},{"@type":"WebPage","@id":"https:\/\/www.carideal.com\/blog\/2011\/02\/22\/top-gear-teste-la-bmw-m3-competition-pack-vs-audi-rs5\/","url":"https:\/\/www.carideal.com\/blog\/2011\/02\/22\/top-gear-teste-la-bmw-m3-competition-pack-vs-audi-rs5\/","name":"BMW M3 comp\u00e9tition pack VS AUDI RS5 - Blog auto Carid\u00e9al","isPartOf":{"@id":"https:\/\/www.carideal.com\/blog\/#website"},"datePublished":"2011-02-22T08:23:00+00:00","dateModified":"2016-09-26T09:08:18+00:00","breadcrumb":{"@id":"https:\/\/www.carideal.com\/blog\/2011\/02\/22\/top-gear-teste-la-bmw-m3-competition-pack-vs-audi-rs5\/#breadcrumb"},"inLanguage":"fr-FR","potentialAction":[{"@type":"ReadAction","target":["https:\/\/www.carideal.com\/blog\/2011\/02\/22\/top-gear-teste-la-bmw-m3-competition-pack-vs-audi-rs5\/"]}]},{"@type":"BreadcrumbList","@id":"https:\/\/www.carideal.com\/blog\/2011\/02\/22\/top-gear-teste-la-bmw-m3-competition-pack-vs-audi-rs5\/#breadcrumb","itemListElement":[{"@type":"ListItem","position":1,"name":"Blog Carid\u00e9al","item":"https:\/\/www.carideal.com\/blog\/"},{"@type":"ListItem","position":2,"name":"March\u00e9 automobile","item":"https:\/\/www.carideal.com\/blog\/marche-automobile-voiture-neuve-occasion-4x4-suv\/"},{"@type":"ListItem","position":3,"name":"BMW M3 comp\u00e9tition pack VS AUDI RS5"}]},{"@type":"WebSite","@id":"https:\/\/www.carideal.com\/blog\/#website","url":"https:\/\/www.carideal.com\/blog\/","name":"Blog auto Carid\u00e9al","description":"Actualit\u00e9 auto par des passionn\u00e9s","publisher":{"@id":"https:\/\/www.carideal.com\/blog\/#organization"},"potentialAction":[{"@type":"SearchAction","target":{"@type":"EntryPoint","urlTemplate":"https:\/\/www.carideal.com\/blog\/?s={search_term_string}"},"query-input":{"@type":"PropertyValueSpecification","valueRequired":true,"valueName":"search_term_string"}}],"inLanguage":"fr-FR"},{"@type":"Organization","@id":"https:\/\/www.carideal.com\/blog\/#organization","name":"Carideal","url":"https:\/\/www.carideal.com\/blog\/","logo":{"@type":"ImageObject","inLanguage":"fr-FR","@id":"https:\/\/www.carideal.com\/blog\/#\/schema\/logo\/image\/","url":"http:\/\/www.carideal.com\/blog\/wp-content\/uploads\/2016\/03\/logo-carideal-mandataire-automobile.png","contentUrl":"http:\/\/www.carideal.com\/blog\/wp-content\/uploads\/2016\/03\/logo-carideal-mandataire-automobile.png","width":300,"height":300,"caption":"Carideal"},"image":{"@id":"https:\/\/www.carideal.com\/blog\/#\/schema\/logo\/image\/"},"sameAs":["https:\/\/www.facebook.com\/Carideal.mandataire.automobile","https:\/\/x.com\/caridealauto","https:\/\/www.instagram.com\/carideal1\/","https:\/\/www.linkedin.com\/company\/carideal.com","https:\/\/fr.pinterest.com\/schiavonsas\/","https:\/\/www.youtube.com\/user\/caridealsas"]},{"@type":"Person","@id":"https:\/\/www.carideal.com\/blog\/#\/schema\/person\/985c7e757d1042d647f21bfaf8d41ebc","name":"N.S Carideal","image":{"@type":"ImageObject","inLanguage":"fr-FR","@id":"https:\/\/www.carideal.com\/blog\/#\/schema\/person\/image\/","url":"https:\/\/secure.gravatar.com\/avatar\/edb7ccdf1a4e3d14aef967760d354d0e?s=96&r=g","contentUrl":"https:\/\/secure.gravatar.com\/avatar\/edb7ccdf1a4e3d14aef967760d354d0e?s=96&r=g","caption":"N.S Carideal"},"description":"Depuis tout petit fan d'automobile. Il est question d'essayer et de comparer toutes ces voitures qui nous ont fait r\u00e9ver, avant que celles-ci ne devient uniquement des voitures de collection.","sameAs":["http:\/\/www.carideal.com\/blog","https:\/\/www.facebook.com\/Carideal.mandataire.automobile\/","https:\/\/www.linkedin.com\/in\/nschiavon\/","https:\/\/www.youtube.com\/user\/caridealsas\/"],"url":"https:\/\/www.carideal.com\/blog\/author\/admin_carideal\/"}]}},"uagb_featured_image_src":{"full":false,"thumbnail":false,"medium":false,"medium_large":false,"large":false,"1536x1536":false,"2048x2048":false,"wppr-widget":false},"uagb_author_info":{"display_name":"N.S Carideal","author_link":"https:\/\/www.carideal.com\/blog\/author\/admin_carideal\/"},"uagb_comment_info":0,"uagb_excerpt":"Test TopGear BMW M3 contre Audi RS5 Top Gear s'int\u00e9resse l\u00e0 \u00e0 la derni\u00e8re nouveaut\u00e9 de BMW sur sa M3, son \"comp\u00e9tition pack\", plus grosses roues, suspensions pilot\u00e9es plus dures et nouveau logiciel de gestion de l'aide \u00e0 la conduite avec une caisse rabaiss\u00e9e...le jeux en vaut il la chandelle\u00a0? Malgr\u00e9 son V8 de 4.2L\u2026","_links":{"self":[{"href":"https:\/\/www.carideal.com\/blog\/wp-json\/wp\/v2\/posts\/889"}],"collection":[{"href":"https:\/\/www.carideal.com\/blog\/wp-json\/wp\/v2\/posts"}],"about":[{"href":"https:\/\/www.carideal.com\/blog\/wp-json\/wp\/v2\/types\/post"}],"author":[{"embeddable":true,"href":"https:\/\/www.carideal.com\/blog\/wp-json\/wp\/v2\/users\/1"}],"replies":[{"embeddable":true,"href":"https:\/\/www.carideal.com\/blog\/wp-json\/wp\/v2\/comments?post=889"}],"version-history":[{"count":0,"href":"https:\/\/www.carideal.com\/blog\/wp-json\/wp\/v2\/posts\/889\/revisions"}],"wp:attachment":[{"href":"https:\/\/www.carideal.com\/blog\/wp-json\/wp\/v2\/media?parent=889"}],"wp:term":[{"taxonomy":"category","embeddable":true,"href":"https:\/\/www.carideal.com\/blog\/wp-json\/wp\/v2\/categories?post=889"},{"taxonomy":"post_tag","embeddable":true,"href":"https:\/\/www.carideal.com\/blog\/wp-json\/wp\/v2\/tags?post=889"}],"curies":[{"name":"wp","href":"https:\/\/api.w.org\/{rel}","templated":true}]}}