{"id":8886,"date":"2015-12-30T12:15:49","date_gmt":"2015-12-30T11:15:49","guid":{"rendered":"http:\/\/www.carideal.com\/blog\/?p=8886"},"modified":"2024-02-24T18:32:23","modified_gmt":"2024-02-24T17:32:23","slug":"essai-mercedes-classe-v-220-cdi","status":"publish","type":"post","link":"https:\/\/www.carideal.com\/blog\/2015\/12\/30\/essai-mercedes-classe-v-220-cdi\/","title":{"rendered":"Essai Mercedes Classe V 220 CDI"},"content":{"rendered":"\n<h1 class=\"wp-block-heading\" id=\"h-essai-mercedes-classe-v-220-cdi-diesel-163-ch\">Essai Mercedes Classe V 220 CDI Diesel 163 ch<\/h1>\n\n\n<div class=\"wp-block-image\">\n<figure class=\"alignleft\"><a href=\"http:\/\/www.carideal.com\/blog\/wp-content\/uploads\/2015\/12\/essai-mercedes-classe-v-carideal.jpg\"><img loading=\"lazy\" decoding=\"async\" width=\"300\" height=\"200\" src=\"http:\/\/www.carideal.com\/blog\/wp-content\/uploads\/2015\/12\/essai-mercedes-classe-v-carideal-300x200.jpg\" alt=\"Essai mercedes Classe V 2015\" class=\"wp-image-8887\" srcset=\"https:\/\/www.carideal.com\/blog\/wp-content\/uploads\/2015\/12\/essai-mercedes-classe-v-carideal-300x200.jpg 300w, https:\/\/www.carideal.com\/blog\/wp-content\/uploads\/2015\/12\/essai-mercedes-classe-v-carideal-624x415.jpg 624w, https:\/\/www.carideal.com\/blog\/wp-content\/uploads\/2015\/12\/essai-mercedes-classe-v-carideal.jpg 660w\" sizes=\"(max-width: 300px) 100vw, 300px\" \/><\/a><figcaption class=\"wp-element-caption\">Essai mercedes Classe V 2015<\/figcaption><\/figure><\/div>\n\n\n<p>Voil\u00e0 tout \u00e0 fait ce qu'il me faut pour loger les gosses, le mat\u00e9riel de ski et de plong\u00e9e, pour cet essai Mercedes Classe V : 5,14m, et jusqu'\u00e0 8 vraies places \u00e0 bord. Mais bon... on attache pas les chiens avec des sauciesses : luxe, espace et l'\u00c9toile ont un prix: 42 480 \u20ac \"minimum\", la version couret de 4.90 m coute juste un peu moins, faut pas se priver.<\/p>\n\n\n\n<p>Mlaheureusement le <span style=\"text-decoration: underline;\"><a href=\"http:\/\/www.carideal.com\/blog\/2013\/08\/08\/la-mort-du-marche-des-grands-monospaces\/\">march\u00e9 des grands monospaces<\/a><\/span> a du plomb dans l'aile : 14000 ventes seulement en France en 2013 soit -37%. C'est bien dommage, car\u00a0ils sont tr\u00e8s utiles, et j'ai du mal \u00e0 comprendre la d\u00e9safection des m\u00e9nages. Il sont m\u00eame parfois indispensables, avce des familles recompos\u00e9es, multi-enfants, qui pratiques des activit\u00e9s, comme avec le <span style=\"text-decoration: underline;\"><a href=\"http:\/\/www.carideal.com\/blog\/2014\/02\/28\/le-mercedes-viano-devient-classe-v-pour-plus-de-luxe\/\">Viano<\/a><\/span>, qui est devenu Classe V pour marquer le changement de g\u00e9n\u00e9ration et affirmer ainsi\u00a0son nouveau statut plus haut de gamme au sein des mod\u00e8les Mercedes. <\/p>\n\n\n\n<p>Le Mercedes Viano \u00e9tait lui, la version\u00a0combi du fourgon utilitaire Vito. Mercedes a choisi de faire l'inverse pour cette nouvelle g\u00e9n\u00e9ration, le Classe V est livr\u00e9 en premier, le Vito sortira ensuite avec une face avant diff\u00e9rente.<br>L'id\u00e9e reste la m\u00eame, la b\u00eate reste la m\u00eame, DR Jekyll &amp; Mister Hyde, qui vous transportera vous et votre petite famille dans le plus grand confort avec vos bagages. <\/p>\n\n\n\n<p>Le g\u00e9ant pourra vous rebouter pas ses dimmensions, 5,14m, de long, une caisse carr\u00e9e et un toit haut \u00e0 1.88 m, ce qui est moins que le <span style=\"text-decoration: underline;\">Volkswagen Multivan<\/span> \u00e0 1.97 m, ce qui vous permettra\u00a0d'entrer sans peur d'abimer votre toit\u00a0dans les parkings sou\u00adterrains, et il y en a de plus en plus dans les hypermarch\u00e9s. Si l'on veut le comparer \u00e0 d'autres grands monospaces, il sont tous rikiki \u00e0 cot\u00e9, un <span style=\"text-decoration: underline;\"><a href=\"http:\/\/www.carideal.com\/blog\/2015\/02\/08\/nouveau-renault-espace-2014\/\">Grand Espace<\/a><\/span> est 28 cm plus court, 8 cm plus bas pour info. <\/p>\n\n\n\n<p>Reste \u00e0 mouvoir la b\u00eate, et pour ce gabarit le 200 CDI de 136 ch n'est pas \u00e0 la f\u00eate : 13,8 s de 0 \u00e0 100 km\/h. Il vaut mieux chosir le le 220 CDI de 163 ch, 11,8 s. Mercedes a d'ailleurs retravaill\u00e9 ce moteur quatre-cylindres, avec un\u00a0turbo \u00e0 double \u00e9tage un Stop&amp;Start ce qui permet de ne payer qu'un malus de 900\u20ac au lieu de 4 000 \u20ac pour le\u00a0Viano, c'est d\u00e9j\u00e0 \u00e7a !<\/p>\n\n\n<div class=\"wp-block-image\">\n<figure class=\"alignleft\"><a href=\"http:\/\/www.carideal.com\/blog\/wp-content\/uploads\/2015\/12\/essai-mercedes-classe-v-2014-int\u00e9rieur-carideal-2.jpg\"><img loading=\"lazy\" decoding=\"async\" width=\"300\" height=\"200\" src=\"http:\/\/www.carideal.com\/blog\/wp-content\/uploads\/2015\/12\/essai-mercedes-classe-v-2014-int\u00e9rieur-carideal-2-300x200.jpg\" alt=\"Essai Mercedes Classe V\" class=\"wp-image-8888\" srcset=\"https:\/\/www.carideal.com\/blog\/wp-content\/uploads\/2015\/12\/essai-mercedes-classe-v-2014-int\u00e9rieur-carideal-2-300x200.jpg 300w, https:\/\/www.carideal.com\/blog\/wp-content\/uploads\/2015\/12\/essai-mercedes-classe-v-2014-int\u00e9rieur-carideal-2.jpg 420w\" sizes=\"(max-width: 300px) 100vw, 300px\" \/><\/a><figcaption class=\"wp-element-caption\">Essai Mercedes Classe V Sieges int\u00e9rieurs<\/figcaption><\/figure><\/div>\n\n\n<p>Question modularit\u00e9 le Mercedes Classe V fait tr\u00e8s fort : les quatre si\u00e8ges avants\u00a0coulissent sur des rails afin de moduler\u00a0l'espace arri\u00e8re, et il est possible de faire pivoter les fauteuils centraux dos \u00e0 la route afin de s'installer autour d'une table centrale repliable, pour jouer aux cartes ou installer une console pour les longs voyages (option \u00e0 802 \u20ac). <\/p>\n\n\n\n<p>Le Mercedes s'inspire de <span style=\"text-decoration: underline;\">Volkswagen<\/span> et propose le pack Couchette\u00a0\u00e0\u00a01 039 \u20ac, le Classe V se transforme en\u00a0chambre : si\u00e8ges se changent en\u00a0lit, et le vitrage est sur teint\u00e9. Dans tous les cas la surface de chargement est plane, m\u00eame en configuration deux places, on a apr\u00e9ci\u00e9 le confort si\u00e8ges \u00ab captain chairs \u00bb \u00e0 assise \u00e9paisse lors de l'essai Mercedes Classe V : ses si\u00e8ges arri\u00e8re ne s'es\u00adcamotent pas dans le plancher.<\/p>\n\n\n\n<h2 class=\"wp-block-heading\" id=\"h-essai-mercedes-classe-v-douillet-et-luxueux\">Essai Mercedes Classe V Douillet et luxueux<\/h2>\n\n\n\n<p>Pour avoir eu un <span style=\"text-decoration: underline;\">Viano 220 CDI<\/span> il y a quelques ann\u00e9es en arri\u00e8re, j'ai retrouv\u00e9 ce confort de transport douillet pour les hommes et les bagages. Il ne faut pas se tromper, le Classe V et son gabarit, ne propose pas une une conduite dyna\u00admique qui. <\/p>\n\n\n\n<p>Ses suspensions sont douces, et \u00e0 contrario, de mon Viano des ann\u00e9es 2007, le rou\u00adlis est ma\u00eetris\u00e9, la conduite n'a plus rien \u00e0 voir, l'\u00e9lectronique est pass\u00e9 par l\u00e0, on n'a plus peur des rond points, le buit n'a plus rien \u00e0 voir, (LOL) et son am\u00e9nagement int\u00e9rieur est digne d'un haut de gamme,\u00a0belle planche de bord, et les \u00e9quipements cam\u00e9ra de recul et pav\u00e9 tactile multim\u00e9dia sont de s\u00e9rie. D'origine il est livr\u00e9 en configuration six\u00a0places (2+2+2), En option il peut monter \u00e0\u00a0sept (2+ 3 +2) ou huit (2 + 3 + 3) et aurez toujours\u00a0au mini\u00admum 1 000 litres\u00a0de coffre.<\/p>\n\n\n<div class=\"wp-block-image\">\n<figure class=\"alignleft\"><a href=\"http:\/\/www.carideal.com\/blog\/wp-content\/uploads\/2015\/12\/essai-mercedes-classe-v-2014-int\u00e9rieur-carideal.jpg\"><img loading=\"lazy\" decoding=\"async\" width=\"300\" height=\"200\" src=\"http:\/\/www.carideal.com\/blog\/wp-content\/uploads\/2015\/12\/essai-mercedes-classe-v-2014-int\u00e9rieur-carideal-300x200.jpg\" alt=\"Essai Mercedes Classe V 220 CDI planche de Bord\" class=\"wp-image-8889\" srcset=\"https:\/\/www.carideal.com\/blog\/wp-content\/uploads\/2015\/12\/essai-mercedes-classe-v-2014-int\u00e9rieur-carideal-300x200.jpg 300w, https:\/\/www.carideal.com\/blog\/wp-content\/uploads\/2015\/12\/essai-mercedes-classe-v-2014-int\u00e9rieur-carideal.jpg 1024w, https:\/\/www.carideal.com\/blog\/wp-content\/uploads\/2015\/12\/essai-mercedes-classe-v-2014-int\u00e9rieur-carideal-624x416.jpg 624w\" sizes=\"(max-width: 300px) 100vw, 300px\" \/><\/a><figcaption class=\"wp-element-caption\">Essai Mercedes Classe V 220 CDI planche de Bord<\/figcaption><\/figure><\/div>\n\n\n<h2 class=\"wp-block-heading\" id=\"h-bilan-de-l-essai-mercedes-classe-v-220-cdi\">Bilan de l'essai Mercedes Classe V 220 CDI<\/h2>\n\n\n\n<p>Le Mercedes CIasse V est l'arme id\u00e9ale pour une famille nombreuse et ses activit\u00e9s : un moteur diesel puissant, beaucoup d'espace, de la modu\u00adlarit\u00e9, du confort, du luxe. Mais bon... comme je l'ai d\u00e9j\u00e0 dis l'\u00e9toile n'attache pas les chiens avec des saucisses, \ud83d\ude09 il faut casser la tirelire : 43525\u20ac en 220 CDI, avec des jantes acier et une seule porte arri\u00e8re coulissante.... <\/p>\n\n\n\n<p>C'est la mis\u00e8re \u00e0 ce prix l\u00e0. Ne vous inqui\u00e9tez pas son seul concurrent, mais qui ne propose lui que 4.89 m \u00e0 \u00e9quipement com\u00adparable, le Volks\u00adwagen Multivan TDI 140 est propos\u00e9 sensiblement au m\u00eame prix. Une version courte du Classe V vous couterait seulement 800 \u20ac de moins ... il faudrait \u00eatre fou pour l'acheter.<\/p>\n","protected":false},"excerpt":{"rendered":"<p>Essai Mercedes Classe V 220 CDI Diesel 163 ch Voil\u00e0 tout \u00e0 fait ce qu&rsquo;il me faut pour loger les gosses, le mat\u00e9riel de ski et de plong\u00e9e, pour cet essai Mercedes Classe V : 5,14m, et jusqu&rsquo;\u00e0 8 vraies places \u00e0 bord. Mais bon&#8230; on attache pas les chiens avec des sauciesses : luxe, &#8230; <a title=\"Essai Mercedes Classe V 220 CDI\" class=\"read-more\" href=\"https:\/\/www.carideal.com\/blog\/2015\/12\/30\/essai-mercedes-classe-v-220-cdi\/\" aria-label=\"En savoir plus sur Essai Mercedes Classe V 220 CDI\">Lire plus<\/a><\/p>\n","protected":false},"author":3,"featured_media":13270,"comment_status":"open","ping_status":"open","sticky":false,"template":"","format":"standard","meta":{"_uag_custom_page_level_css":"","_themeisle_gutenberg_block_has_review":false,"footnotes":""},"categories":[5944,5995,5947,5996,10,6023,5974],"tags":[],"class_list":["post-8886","post","type-post","status-publish","format-standard","has-post-thumbnail","hentry","category-constructeur","category-mercedes","category-essai","category-mercedes-essai","category-marche-automobile-voiture-neuve-occasion-4x4-suv","category-monospace","category-type-de-vehicule"],"wppr_data":{"cwp_meta_box_check":"No"},"yoast_head":"<!-- This site is optimized with the Yoast SEO plugin v24.8.1 - https:\/\/yoast.com\/wordpress\/plugins\/seo\/ -->\n<title>Essai Mercedes Classe V 220 CDI - Blog auto Carid\u00e9al<\/title>\n<meta name=\"description\" content=\"Essai Mercedes Classe V 220 CDI le plus grand des grands monospaces, du luxe, de la modularit\u00e9, du grand confort le hic ? le prix !\" \/>\n<meta name=\"robots\" content=\"index, follow, max-snippet:-1, max-image-preview:large, max-video-preview:-1\" \/>\n<link rel=\"canonical\" href=\"https:\/\/www.carideal.com\/blog\/2015\/12\/30\/essai-mercedes-classe-v-220-cdi\/\" \/>\n<meta property=\"og:locale\" content=\"fr_FR\" \/>\n<meta property=\"og:type\" content=\"article\" \/>\n<meta property=\"og:title\" content=\"Essai Mercedes Classe V 220 CDI - Blog auto Carid\u00e9al\" \/>\n<meta property=\"og:description\" content=\"Essai Mercedes Classe V 220 CDI le plus grand des grands monospaces, du luxe, de la modularit\u00e9, du grand confort le hic ? le prix !\" \/>\n<meta property=\"og:url\" content=\"https:\/\/www.carideal.com\/blog\/2015\/12\/30\/essai-mercedes-classe-v-220-cdi\/\" \/>\n<meta property=\"og:site_name\" content=\"Blog auto Carid\u00e9al\" \/>\n<meta property=\"article:publisher\" content=\"https:\/\/www.facebook.com\/Carideal.mandataire.automobile\" \/>\n<meta property=\"article:author\" content=\"https:\/\/www.facebook.com\/nicolas.schiavon.39\" \/>\n<meta property=\"article:published_time\" content=\"2015-12-30T11:15:49+00:00\" \/>\n<meta property=\"article:modified_time\" content=\"2024-02-24T17:32:23+00:00\" \/>\n<meta property=\"og:image\" content=\"https:\/\/www.carideal.com\/blog\/wp-content\/uploads\/2015\/12\/mercedes-classe-V-220-CDI.jpg\" \/>\n\t<meta property=\"og:image:width\" content=\"1024\" \/>\n\t<meta property=\"og:image:height\" content=\"683\" \/>\n\t<meta property=\"og:image:type\" content=\"image\/jpeg\" \/>\n<meta name=\"author\" content=\"Nicolas SCHIAVON\" \/>\n<meta name=\"twitter:card\" content=\"summary_large_image\" \/>\n<meta name=\"twitter:creator\" content=\"@caridealauto\" \/>\n<meta name=\"twitter:site\" content=\"@caridealauto\" \/>\n<meta name=\"twitter:label1\" content=\"\u00c9crit par\" \/>\n\t<meta name=\"twitter:data1\" content=\"Nicolas SCHIAVON\" \/>\n\t<meta name=\"twitter:label2\" content=\"Dur\u00e9e de lecture estim\u00e9e\" \/>\n\t<meta name=\"twitter:data2\" content=\"6 minutes\" \/>\n<script type=\"application\/ld+json\" class=\"yoast-schema-graph\">{\"@context\":\"https:\/\/schema.org\",\"@graph\":[{\"@type\":\"Article\",\"@id\":\"https:\/\/www.carideal.com\/blog\/2015\/12\/30\/essai-mercedes-classe-v-220-cdi\/#article\",\"isPartOf\":{\"@id\":\"https:\/\/www.carideal.com\/blog\/2015\/12\/30\/essai-mercedes-classe-v-220-cdi\/\"},\"author\":{\"name\":\"Nicolas SCHIAVON\",\"@id\":\"https:\/\/www.carideal.com\/blog\/#\/schema\/person\/cd95dc7919660de90d31b366f85be1ec\"},\"headline\":\"Essai Mercedes Classe V 220 CDI\",\"datePublished\":\"2015-12-30T11:15:49+00:00\",\"dateModified\":\"2024-02-24T17:32:23+00:00\",\"mainEntityOfPage\":{\"@id\":\"https:\/\/www.carideal.com\/blog\/2015\/12\/30\/essai-mercedes-classe-v-220-cdi\/\"},\"wordCount\":827,\"commentCount\":0,\"publisher\":{\"@id\":\"https:\/\/www.carideal.com\/blog\/#organization\"},\"image\":{\"@id\":\"https:\/\/www.carideal.com\/blog\/2015\/12\/30\/essai-mercedes-classe-v-220-cdi\/#primaryimage\"},\"thumbnailUrl\":\"https:\/\/www.carideal.com\/blog\/wp-content\/uploads\/2015\/12\/mercedes-classe-V-220-CDI.jpg\",\"articleSection\":[\"Actualit\u00e9 Constructeur automobile\",\"Actualit\u00e9 Mercedes\",\"Essais automobile\",\"Essais Mercedes\",\"March\u00e9 automobile\",\"Monospace\",\"Type de v\u00e9hicule\"],\"inLanguage\":\"fr-FR\",\"potentialAction\":[{\"@type\":\"CommentAction\",\"name\":\"Comment\",\"target\":[\"https:\/\/www.carideal.com\/blog\/2015\/12\/30\/essai-mercedes-classe-v-220-cdi\/#respond\"]}]},{\"@type\":\"WebPage\",\"@id\":\"https:\/\/www.carideal.com\/blog\/2015\/12\/30\/essai-mercedes-classe-v-220-cdi\/\",\"url\":\"https:\/\/www.carideal.com\/blog\/2015\/12\/30\/essai-mercedes-classe-v-220-cdi\/\",\"name\":\"Essai Mercedes Classe V 220 CDI - Blog auto Carid\u00e9al\",\"isPartOf\":{\"@id\":\"https:\/\/www.carideal.com\/blog\/#website\"},\"primaryImageOfPage\":{\"@id\":\"https:\/\/www.carideal.com\/blog\/2015\/12\/30\/essai-mercedes-classe-v-220-cdi\/#primaryimage\"},\"image\":{\"@id\":\"https:\/\/www.carideal.com\/blog\/2015\/12\/30\/essai-mercedes-classe-v-220-cdi\/#primaryimage\"},\"thumbnailUrl\":\"https:\/\/www.carideal.com\/blog\/wp-content\/uploads\/2015\/12\/mercedes-classe-V-220-CDI.jpg\",\"datePublished\":\"2015-12-30T11:15:49+00:00\",\"dateModified\":\"2024-02-24T17:32:23+00:00\",\"description\":\"Essai Mercedes Classe V 220 CDI le plus grand des grands monospaces, du luxe, de la modularit\u00e9, du grand confort le hic ? le prix !\",\"breadcrumb\":{\"@id\":\"https:\/\/www.carideal.com\/blog\/2015\/12\/30\/essai-mercedes-classe-v-220-cdi\/#breadcrumb\"},\"inLanguage\":\"fr-FR\",\"potentialAction\":[{\"@type\":\"ReadAction\",\"target\":[\"https:\/\/www.carideal.com\/blog\/2015\/12\/30\/essai-mercedes-classe-v-220-cdi\/\"]}]},{\"@type\":\"ImageObject\",\"inLanguage\":\"fr-FR\",\"@id\":\"https:\/\/www.carideal.com\/blog\/2015\/12\/30\/essai-mercedes-classe-v-220-cdi\/#primaryimage\",\"url\":\"https:\/\/www.carideal.com\/blog\/wp-content\/uploads\/2015\/12\/mercedes-classe-V-220-CDI.jpg\",\"contentUrl\":\"https:\/\/www.carideal.com\/blog\/wp-content\/uploads\/2015\/12\/mercedes-classe-V-220-CDI.jpg\",\"width\":1024,\"height\":683,\"caption\":\"Mercedes Classe V C220 CDI\"},{\"@type\":\"BreadcrumbList\",\"@id\":\"https:\/\/www.carideal.com\/blog\/2015\/12\/30\/essai-mercedes-classe-v-220-cdi\/#breadcrumb\",\"itemListElement\":[{\"@type\":\"ListItem\",\"position\":1,\"name\":\"Blog Carid\u00e9al\",\"item\":\"https:\/\/www.carideal.com\/blog\/\"},{\"@type\":\"ListItem\",\"position\":2,\"name\":\"March\u00e9 automobile\",\"item\":\"https:\/\/www.carideal.com\/blog\/marche-automobile-voiture-neuve-occasion-4x4-suv\/\"},{\"@type\":\"ListItem\",\"position\":3,\"name\":\"Essai Mercedes Classe V 220 CDI\"}]},{\"@type\":\"WebSite\",\"@id\":\"https:\/\/www.carideal.com\/blog\/#website\",\"url\":\"https:\/\/www.carideal.com\/blog\/\",\"name\":\"Blog auto Carid\u00e9al\",\"description\":\"Actualit\u00e9 auto par des passionn\u00e9s\",\"publisher\":{\"@id\":\"https:\/\/www.carideal.com\/blog\/#organization\"},\"potentialAction\":[{\"@type\":\"SearchAction\",\"target\":{\"@type\":\"EntryPoint\",\"urlTemplate\":\"https:\/\/www.carideal.com\/blog\/?s={search_term_string}\"},\"query-input\":{\"@type\":\"PropertyValueSpecification\",\"valueRequired\":true,\"valueName\":\"search_term_string\"}}],\"inLanguage\":\"fr-FR\"},{\"@type\":\"Organization\",\"@id\":\"https:\/\/www.carideal.com\/blog\/#organization\",\"name\":\"Carideal\",\"url\":\"https:\/\/www.carideal.com\/blog\/\",\"logo\":{\"@type\":\"ImageObject\",\"inLanguage\":\"fr-FR\",\"@id\":\"https:\/\/www.carideal.com\/blog\/#\/schema\/logo\/image\/\",\"url\":\"http:\/\/www.carideal.com\/blog\/wp-content\/uploads\/2016\/03\/logo-carideal-mandataire-automobile.png\",\"contentUrl\":\"http:\/\/www.carideal.com\/blog\/wp-content\/uploads\/2016\/03\/logo-carideal-mandataire-automobile.png\",\"width\":300,\"height\":300,\"caption\":\"Carideal\"},\"image\":{\"@id\":\"https:\/\/www.carideal.com\/blog\/#\/schema\/logo\/image\/\"},\"sameAs\":[\"https:\/\/www.facebook.com\/Carideal.mandataire.automobile\",\"https:\/\/x.com\/caridealauto\",\"https:\/\/www.instagram.com\/carideal1\/\",\"https:\/\/www.linkedin.com\/company\/carideal.com\",\"https:\/\/fr.pinterest.com\/schiavonsas\/\",\"https:\/\/www.youtube.com\/user\/caridealsas\"]},{\"@type\":\"Person\",\"@id\":\"https:\/\/www.carideal.com\/blog\/#\/schema\/person\/cd95dc7919660de90d31b366f85be1ec\",\"name\":\"Nicolas SCHIAVON\",\"image\":{\"@type\":\"ImageObject\",\"inLanguage\":\"fr-FR\",\"@id\":\"https:\/\/www.carideal.com\/blog\/#\/schema\/person\/image\/\",\"url\":\"https:\/\/secure.gravatar.com\/avatar\/c17e55009e671d92cc7f5dc837dc418a?s=96&r=g\",\"contentUrl\":\"https:\/\/secure.gravatar.com\/avatar\/c17e55009e671d92cc7f5dc837dc418a?s=96&r=g\",\"caption\":\"Nicolas SCHIAVON\"},\"description\":\"Nicolas Schiavon est tomb\u00e9 tout petit dans la marmite automobile. Ayant eu un garage de marque automobile, mandataire automobile de la premi\u00e8re heure d\u00e8s 1999. Nicolas a cr\u00e9\u00e9 ces premiers sites de vente de voiture et blog automobile d\u00e8s 1994. Carideal est n\u00e9 le 15 d\u00e9cembre 2000 de la volont\u00e9 de vendre des voitures d'occasions en ligne puis des voitures neuves. Il a pu essayer beaucoup de voitures tr\u00e8s diff\u00e9rentes et ayant eu personnellement quelques belles autos, Subaru Impreza, Mitsubishi Lancer Evo 7, Porsche 911, Ferrari Testarrossa, Audi RS3, RS4 et j'en passe...\",\"sameAs\":[\"http:\/\/www.carideal.com\",\"https:\/\/www.facebook.com\/nicolas.schiavon.39\",\"https:\/\/www.instagram.com\/carideal1\/\",\"https:\/\/www.linkedin.com\/in\/nschiavon\/\",\"https:\/\/x.com\/caridealauto\",\"https:\/\/www.youtube.com\/user\/caridealsas\/\"],\"url\":\"https:\/\/www.carideal.com\/blog\/author\/nschiavon\/\"}]}<\/script>\n<!-- \/ Yoast SEO plugin. -->","yoast_head_json":{"title":"Essai Mercedes Classe V 220 CDI - Blog auto Carid\u00e9al","description":"Essai Mercedes Classe V 220 CDI le plus grand des grands monospaces, du luxe, de la modularit\u00e9, du grand confort le hic ? le prix !","robots":{"index":"index","follow":"follow","max-snippet":"max-snippet:-1","max-image-preview":"max-image-preview:large","max-video-preview":"max-video-preview:-1"},"canonical":"https:\/\/www.carideal.com\/blog\/2015\/12\/30\/essai-mercedes-classe-v-220-cdi\/","og_locale":"fr_FR","og_type":"article","og_title":"Essai Mercedes Classe V 220 CDI - Blog auto Carid\u00e9al","og_description":"Essai Mercedes Classe V 220 CDI le plus grand des grands monospaces, du luxe, de la modularit\u00e9, du grand confort le hic ? le prix !","og_url":"https:\/\/www.carideal.com\/blog\/2015\/12\/30\/essai-mercedes-classe-v-220-cdi\/","og_site_name":"Blog auto Carid\u00e9al","article_publisher":"https:\/\/www.facebook.com\/Carideal.mandataire.automobile","article_author":"https:\/\/www.facebook.com\/nicolas.schiavon.39","article_published_time":"2015-12-30T11:15:49+00:00","article_modified_time":"2024-02-24T17:32:23+00:00","og_image":[{"width":1024,"height":683,"url":"https:\/\/www.carideal.com\/blog\/wp-content\/uploads\/2015\/12\/mercedes-classe-V-220-CDI.jpg","type":"image\/jpeg"}],"author":"Nicolas SCHIAVON","twitter_card":"summary_large_image","twitter_creator":"@caridealauto","twitter_site":"@caridealauto","twitter_misc":{"\u00c9crit par":"Nicolas SCHIAVON","Dur\u00e9e de lecture estim\u00e9e":"6 minutes"},"schema":{"@context":"https:\/\/schema.org","@graph":[{"@type":"Article","@id":"https:\/\/www.carideal.com\/blog\/2015\/12\/30\/essai-mercedes-classe-v-220-cdi\/#article","isPartOf":{"@id":"https:\/\/www.carideal.com\/blog\/2015\/12\/30\/essai-mercedes-classe-v-220-cdi\/"},"author":{"name":"Nicolas SCHIAVON","@id":"https:\/\/www.carideal.com\/blog\/#\/schema\/person\/cd95dc7919660de90d31b366f85be1ec"},"headline":"Essai Mercedes Classe V 220 CDI","datePublished":"2015-12-30T11:15:49+00:00","dateModified":"2024-02-24T17:32:23+00:00","mainEntityOfPage":{"@id":"https:\/\/www.carideal.com\/blog\/2015\/12\/30\/essai-mercedes-classe-v-220-cdi\/"},"wordCount":827,"commentCount":0,"publisher":{"@id":"https:\/\/www.carideal.com\/blog\/#organization"},"image":{"@id":"https:\/\/www.carideal.com\/blog\/2015\/12\/30\/essai-mercedes-classe-v-220-cdi\/#primaryimage"},"thumbnailUrl":"https:\/\/www.carideal.com\/blog\/wp-content\/uploads\/2015\/12\/mercedes-classe-V-220-CDI.jpg","articleSection":["Actualit\u00e9 Constructeur automobile","Actualit\u00e9 Mercedes","Essais automobile","Essais Mercedes","March\u00e9 automobile","Monospace","Type de v\u00e9hicule"],"inLanguage":"fr-FR","potentialAction":[{"@type":"CommentAction","name":"Comment","target":["https:\/\/www.carideal.com\/blog\/2015\/12\/30\/essai-mercedes-classe-v-220-cdi\/#respond"]}]},{"@type":"WebPage","@id":"https:\/\/www.carideal.com\/blog\/2015\/12\/30\/essai-mercedes-classe-v-220-cdi\/","url":"https:\/\/www.carideal.com\/blog\/2015\/12\/30\/essai-mercedes-classe-v-220-cdi\/","name":"Essai Mercedes Classe V 220 CDI - Blog auto Carid\u00e9al","isPartOf":{"@id":"https:\/\/www.carideal.com\/blog\/#website"},"primaryImageOfPage":{"@id":"https:\/\/www.carideal.com\/blog\/2015\/12\/30\/essai-mercedes-classe-v-220-cdi\/#primaryimage"},"image":{"@id":"https:\/\/www.carideal.com\/blog\/2015\/12\/30\/essai-mercedes-classe-v-220-cdi\/#primaryimage"},"thumbnailUrl":"https:\/\/www.carideal.com\/blog\/wp-content\/uploads\/2015\/12\/mercedes-classe-V-220-CDI.jpg","datePublished":"2015-12-30T11:15:49+00:00","dateModified":"2024-02-24T17:32:23+00:00","description":"Essai Mercedes Classe V 220 CDI le plus grand des grands monospaces, du luxe, de la modularit\u00e9, du grand confort le hic ? le prix !","breadcrumb":{"@id":"https:\/\/www.carideal.com\/blog\/2015\/12\/30\/essai-mercedes-classe-v-220-cdi\/#breadcrumb"},"inLanguage":"fr-FR","potentialAction":[{"@type":"ReadAction","target":["https:\/\/www.carideal.com\/blog\/2015\/12\/30\/essai-mercedes-classe-v-220-cdi\/"]}]},{"@type":"ImageObject","inLanguage":"fr-FR","@id":"https:\/\/www.carideal.com\/blog\/2015\/12\/30\/essai-mercedes-classe-v-220-cdi\/#primaryimage","url":"https:\/\/www.carideal.com\/blog\/wp-content\/uploads\/2015\/12\/mercedes-classe-V-220-CDI.jpg","contentUrl":"https:\/\/www.carideal.com\/blog\/wp-content\/uploads\/2015\/12\/mercedes-classe-V-220-CDI.jpg","width":1024,"height":683,"caption":"Mercedes Classe V C220 CDI"},{"@type":"BreadcrumbList","@id":"https:\/\/www.carideal.com\/blog\/2015\/12\/30\/essai-mercedes-classe-v-220-cdi\/#breadcrumb","itemListElement":[{"@type":"ListItem","position":1,"name":"Blog Carid\u00e9al","item":"https:\/\/www.carideal.com\/blog\/"},{"@type":"ListItem","position":2,"name":"March\u00e9 automobile","item":"https:\/\/www.carideal.com\/blog\/marche-automobile-voiture-neuve-occasion-4x4-suv\/"},{"@type":"ListItem","position":3,"name":"Essai Mercedes Classe V 220 CDI"}]},{"@type":"WebSite","@id":"https:\/\/www.carideal.com\/blog\/#website","url":"https:\/\/www.carideal.com\/blog\/","name":"Blog auto Carid\u00e9al","description":"Actualit\u00e9 auto par des passionn\u00e9s","publisher":{"@id":"https:\/\/www.carideal.com\/blog\/#organization"},"potentialAction":[{"@type":"SearchAction","target":{"@type":"EntryPoint","urlTemplate":"https:\/\/www.carideal.com\/blog\/?s={search_term_string}"},"query-input":{"@type":"PropertyValueSpecification","valueRequired":true,"valueName":"search_term_string"}}],"inLanguage":"fr-FR"},{"@type":"Organization","@id":"https:\/\/www.carideal.com\/blog\/#organization","name":"Carideal","url":"https:\/\/www.carideal.com\/blog\/","logo":{"@type":"ImageObject","inLanguage":"fr-FR","@id":"https:\/\/www.carideal.com\/blog\/#\/schema\/logo\/image\/","url":"http:\/\/www.carideal.com\/blog\/wp-content\/uploads\/2016\/03\/logo-carideal-mandataire-automobile.png","contentUrl":"http:\/\/www.carideal.com\/blog\/wp-content\/uploads\/2016\/03\/logo-carideal-mandataire-automobile.png","width":300,"height":300,"caption":"Carideal"},"image":{"@id":"https:\/\/www.carideal.com\/blog\/#\/schema\/logo\/image\/"},"sameAs":["https:\/\/www.facebook.com\/Carideal.mandataire.automobile","https:\/\/x.com\/caridealauto","https:\/\/www.instagram.com\/carideal1\/","https:\/\/www.linkedin.com\/company\/carideal.com","https:\/\/fr.pinterest.com\/schiavonsas\/","https:\/\/www.youtube.com\/user\/caridealsas"]},{"@type":"Person","@id":"https:\/\/www.carideal.com\/blog\/#\/schema\/person\/cd95dc7919660de90d31b366f85be1ec","name":"Nicolas SCHIAVON","image":{"@type":"ImageObject","inLanguage":"fr-FR","@id":"https:\/\/www.carideal.com\/blog\/#\/schema\/person\/image\/","url":"https:\/\/secure.gravatar.com\/avatar\/c17e55009e671d92cc7f5dc837dc418a?s=96&r=g","contentUrl":"https:\/\/secure.gravatar.com\/avatar\/c17e55009e671d92cc7f5dc837dc418a?s=96&r=g","caption":"Nicolas SCHIAVON"},"description":"Nicolas Schiavon est tomb\u00e9 tout petit dans la marmite automobile. Ayant eu un garage de marque automobile, mandataire automobile de la premi\u00e8re heure d\u00e8s 1999. Nicolas a cr\u00e9\u00e9 ces premiers sites de vente de voiture et blog automobile d\u00e8s 1994. Carideal est n\u00e9 le 15 d\u00e9cembre 2000 de la volont\u00e9 de vendre des voitures d'occasions en ligne puis des voitures neuves. Il a pu essayer beaucoup de voitures tr\u00e8s diff\u00e9rentes et ayant eu personnellement quelques belles autos, Subaru Impreza, Mitsubishi Lancer Evo 7, Porsche 911, Ferrari Testarrossa, Audi RS3, RS4 et j'en passe...","sameAs":["http:\/\/www.carideal.com","https:\/\/www.facebook.com\/nicolas.schiavon.39","https:\/\/www.instagram.com\/carideal1\/","https:\/\/www.linkedin.com\/in\/nschiavon\/","https:\/\/x.com\/caridealauto","https:\/\/www.youtube.com\/user\/caridealsas\/"],"url":"https:\/\/www.carideal.com\/blog\/author\/nschiavon\/"}]}},"uagb_featured_image_src":{"full":["https:\/\/www.carideal.com\/blog\/wp-content\/uploads\/2015\/12\/mercedes-classe-V-220-CDI.jpg",1024,683,false],"thumbnail":["https:\/\/www.carideal.com\/blog\/wp-content\/uploads\/2015\/12\/mercedes-classe-V-220-CDI-150x150.jpg",150,150,true],"medium":["https:\/\/www.carideal.com\/blog\/wp-content\/uploads\/2015\/12\/mercedes-classe-V-220-CDI-300x200.jpg",300,200,true],"medium_large":["https:\/\/www.carideal.com\/blog\/wp-content\/uploads\/2015\/12\/mercedes-classe-V-220-CDI-768x512.jpg",768,512,true],"large":["https:\/\/www.carideal.com\/blog\/wp-content\/uploads\/2015\/12\/mercedes-classe-V-220-CDI-1024x683.jpg",1024,683,true],"1536x1536":["https:\/\/www.carideal.com\/blog\/wp-content\/uploads\/2015\/12\/mercedes-classe-V-220-CDI.jpg",1024,683,false],"2048x2048":["https:\/\/www.carideal.com\/blog\/wp-content\/uploads\/2015\/12\/mercedes-classe-V-220-CDI.jpg",1024,683,false],"wppr-widget":["https:\/\/www.carideal.com\/blog\/wp-content\/uploads\/2015\/12\/mercedes-classe-V-220-CDI.jpg",50,33,false]},"uagb_author_info":{"display_name":"Nicolas SCHIAVON","author_link":"https:\/\/www.carideal.com\/blog\/author\/nschiavon\/"},"uagb_comment_info":0,"uagb_excerpt":"Essai Mercedes Classe V 220 CDI Diesel 163 ch Voil\u00e0 tout \u00e0 fait ce qu'il me faut pour loger les gosses, le mat\u00e9riel de ski et de plong\u00e9e, pour cet essai Mercedes Classe V : 5,14m, et jusqu'\u00e0 8 vraies places \u00e0 bord. Mais bon... on attache pas les chiens avec des sauciesses : luxe,\u2026","_links":{"self":[{"href":"https:\/\/www.carideal.com\/blog\/wp-json\/wp\/v2\/posts\/8886"}],"collection":[{"href":"https:\/\/www.carideal.com\/blog\/wp-json\/wp\/v2\/posts"}],"about":[{"href":"https:\/\/www.carideal.com\/blog\/wp-json\/wp\/v2\/types\/post"}],"author":[{"embeddable":true,"href":"https:\/\/www.carideal.com\/blog\/wp-json\/wp\/v2\/users\/3"}],"replies":[{"embeddable":true,"href":"https:\/\/www.carideal.com\/blog\/wp-json\/wp\/v2\/comments?post=8886"}],"version-history":[{"count":0,"href":"https:\/\/www.carideal.com\/blog\/wp-json\/wp\/v2\/posts\/8886\/revisions"}],"wp:featuredmedia":[{"embeddable":true,"href":"https:\/\/www.carideal.com\/blog\/wp-json\/wp\/v2\/media\/13270"}],"wp:attachment":[{"href":"https:\/\/www.carideal.com\/blog\/wp-json\/wp\/v2\/media?parent=8886"}],"wp:term":[{"taxonomy":"category","embeddable":true,"href":"https:\/\/www.carideal.com\/blog\/wp-json\/wp\/v2\/categories?post=8886"},{"taxonomy":"post_tag","embeddable":true,"href":"https:\/\/www.carideal.com\/blog\/wp-json\/wp\/v2\/tags?post=8886"}],"curies":[{"name":"wp","href":"https:\/\/api.w.org\/{rel}","templated":true}]}}