{"id":8855,"date":"2014-04-29T15:35:42","date_gmt":"2014-04-29T13:35:42","guid":{"rendered":"http:\/\/www.carideal.com\/blog\/?p=8855"},"modified":"2020-03-09T06:19:46","modified_gmt":"2020-03-09T05:19:46","slug":"ds-suv-que-pour-la-chine","status":"publish","type":"post","link":"https:\/\/www.carideal.com\/blog\/2014\/04\/29\/ds-suv-que-pour-la-chine\/","title":{"rendered":"SUV DS que pour la Chine ?"},"content":{"rendered":"<h1>La marque\u00a0DS va avoir\u00a0un SUV\u00a0mais uniquement\u00a0pour la Chine ?<\/h1>\n<figure id=\"attachment_8856\" aria-describedby=\"caption-attachment-8856\" style=\"width: 290px\" class=\"wp-caption alignleft\"><a href=\"http:\/\/www.carideal.com\/blog\/wp-content\/uploads\/2015\/12\/ds-6wr-carideal.jpg\"><img loading=\"lazy\" decoding=\"async\" class=\"wp-image-8856 size-medium\" title=\"DS SUV DS 6WR\" src=\"http:\/\/www.carideal.com\/blog\/wp-content\/uploads\/2015\/12\/ds-6wr-carideal-300x169.jpg\" alt=\"DS SUV DS 6WR\" width=\"300\" height=\"169\" srcset=\"https:\/\/www.carideal.com\/blog\/wp-content\/uploads\/2015\/12\/ds-6wr-carideal-300x169.jpg 300w, https:\/\/www.carideal.com\/blog\/wp-content\/uploads\/2015\/12\/ds-6wr-carideal-624x351.jpg 624w, https:\/\/www.carideal.com\/blog\/wp-content\/uploads\/2015\/12\/ds-6wr-carideal.jpg 660w\" sizes=\"(max-width: 300px) 100vw, 300px\" \/><\/a><figcaption id=\"caption-attachment-8856\" class=\"wp-caption-text\">DS SUV DS 6WR<\/figcaption><\/figure>\n<p>On l'aura d\u00e9couvert l'ann\u00e9e derni\u00e8re au salon de Shangai avec le concept-car <span style=\"text-decoration: underline;\"><a href=\"http:\/\/www.carideal.com\/blog\/2013\/11\/21\/un-suv-chic-pour-la-gamme-ds-ds-x\/\">Wild Rubis<\/a><\/span> le SUV DS n'aura pris plus d'un\u00a0an pour passer le cap de l'industrialisation en\u00a0s\u00e9rie. Si <span style=\"text-decoration: underline;\">DS<\/span> a \u00e9t\u00e9 aussi rapide c'est que le march\u00e9 chinois est hyper dynamique et que ni Citroen ni DS ne velent louper une opportunit\u00e9 de remporter des parts de march\u00e9.<br \/>\nCe SUV\u00a0DS se nome 6WR, il se posi\u00adtionne au sommet de la gamme DS, c'est le chiffre 6 qui nous l'indique, et WR pour\u00a0Wild Rubis. Long de 4,55 m, haut de 1,61 m et large de 1,86 m, le DS 6WR vise\u00a0les <span style=\"text-decoration: underline;\">Audi Q5<\/span> (4,63 m) et <span style=\"text-decoration: underline;\">BMW X3<\/span> (4,65 m). Il reprend\u00a0d'ailleurs la forme\u00a0du hayon du Q5, (et du <span style=\"text-decoration: underline;\">Citroen C4 Picasso<\/span>)\u00a0qui englobe\u00a0largement les flancs. Une astuce de style qui apporte de la simplicit\u00e9 et de l'\u00e9l\u00e9gance.<\/p>\n<h2>Le SUV DS sur la base de DS5<\/h2>\n<p>Le SUV DS 6WR va partager sa plate\u00adforme technique avec la DS5 et sera fabriqu\u00e9 dans la m\u00eame usine de Shenzhen. Le SUV DS ne profitera\u00a0pas de la nouvelle plateforme EMP2 et de ses avanc\u00e9es technolo\u00adgiques ; structure all\u00e9g\u00e9e, cinq empat\u00adtements diff\u00e9rents, deux postes de conduite : haut ou bas, des nouveaux C4 Picasso et <span style=\"text-decoration: underline;\">Peugeot 308<\/span>. Par contre le constructeur a pr\u00e9vu de r\u00e9duire son co\u00fbt de d\u00e9ve\u00adloppement ce qui devrait g\u00e9n\u00e9\u00adrer des marges plus importantes li\u00e9es \u00e0 son positionnement pre\u00admium. PSA vise avec ce SUV DS 6WR, la rentabilit\u00e9 gr\u00e2ce \u00e0\u00a0une base amortie et une industrialisa\u00adtion simplifi\u00e9e.<\/p>\n<h2>Pas de nouveaux moteurs pour le SUV DS 6WR...<\/h2>\n<p>L'ensemble moteur de la DS 6WR seront des\u00a0quatre- cylindres essence 1.6 turbo que nous retrouverons en e-THP 160 et\u00a0THP 200. Les\u00a0deux sont accoupl\u00e9\u00a0la boite automatique \u00e0 6 rapports. Il n'y aura pas de transmis\u00adsion int\u00e9grale m\u00e9canique 4x4 au programme car la plateforme tech\u00adnique retenue de la DS5 n'a pas \u00e9t\u00e9 pr\u00e9vue\u00a0pour. Il n'y aura pas d'HYbrid 4 non plus, puisqu'il est motoris\u00e9 avec du diesel, et que le march\u00e9 chinois est principalement tourn\u00e9 vers l'essence. Par contre \u00e0 l'instar du <span style=\"text-decoration: underline;\">Citroen\u00a0Ber\u00adlingo<\/span> et de la <span style=\"text-decoration: underline;\">Peugeot 3008<\/span>, il sera \u00e9quip\u00e9 d'un <span style=\"text-decoration: underline;\"><a href=\"http:\/\/www.carideal.com\/blog\/2014\/02\/14\/on-a-teste-le-peugeot-2008-grip-control-sur-la-neige-surprenant\/\">Grip Control<\/a><\/span>, qui \u00a0per\u00admettra d'am\u00e9liorer la motricit\u00e9 sur sol glissant.<\/p>\n<h2>Porte vers l'Europe<\/h2>\n<p>Le SUV\u00a0DS 6WR devrait arriver dans les Showroom\u00a0DS chinois vers\u00a0l'automne. Elle viendra en renfort des DS5 et de la nouvelle\u00a0<span style=\"text-decoration: underline;\"><a href=\"http:\/\/www.carideal.com\/blog\/2013\/12\/20\/presentation-de-la-nouvelle-ds-5ls-pour-le-marche-chinois\/\">DS5 LS<\/a><\/span> (DS5 avec coffre). Citroen a annonc\u00e9 que la commercialisation du DS 6WR se fera \u00ab dans un premier temps, en Chine\u00bb, <span style=\"text-decoration: underline;\">Citro\u00ebn<\/span> se laisse donc le temps de tester le march\u00e9 avant de commercialiser son SUV Europe. On ne sait pas encore si il sera import\u00e9 de Chine, ou produit\u00a0en Europe ? De toutes les mani\u00e8res ce SUV devra imp\u00e9rativement \u00eatre \u00e9quip\u00e9 de moteurs diesel pour se vendre en Europe. Le Constructeur le fait d\u00e9j\u00e0 avec le <span style=\"text-decoration: underline;\">C4 AirCross<\/span> qui est construit\u00a0au Japon chez\u00a0<span style=\"text-decoration: underline;\">Mitsubishi<\/span> avec des moteurs HDi.<\/p>\n<p><strong>Part de march\u00e9 de Citroen en Chine<\/strong> : en 2013 Citroen a fabriqu\u00e9 282600 v\u00e9hicules ce qui represente 1.9% de part de march\u00e9.<\/p>\n<h2>Les futures concurrentes du SUV DS 6WR :<\/h2>\n<p>Audi, avec un concept car d\u00e9riv\u00e9 de la TT qui deviendrait une berline quattre places. Le <span style=\"text-decoration: underline;\"><a href=\"http:\/\/www.carideal.com\/blog\/2013\/12\/11\/suv-concept-car-lexus-lf-nx\/\">Lexus NX<\/a><\/span>, un SUV Compact \u00e0 partir de 36000 \u20ac, qui est un petit fr\u00e8re du RX, et qui veut concurrencer les <span style=\"text-decoration: underline;\">Audi Q5<\/span> et autre <span style=\"text-decoration: underline;\">BMW X3<\/span>. <span style=\"text-decoration: underline;\">Mercedes<\/span> pr\u00e9sente un concept-car, le MLS, qui veut concurrencer le <span style=\"text-decoration: underline;\"><a href=\"http:\/\/www.carideal.com\/blog\/2012\/03\/10\/bmw-x6\/\">BMW X6<\/a><\/span>.<\/p>\n","protected":false},"excerpt":{"rendered":"<p>La marque\u00a0DS va avoir\u00a0un SUV\u00a0mais uniquement\u00a0pour la Chine ? On l&rsquo;aura d\u00e9couvert l&rsquo;ann\u00e9e derni\u00e8re au salon de Shangai avec le concept-car Wild Rubis le SUV DS n&rsquo;aura pris plus d&rsquo;un\u00a0an pour passer le cap de l&rsquo;industrialisation en\u00a0s\u00e9rie. Si DS a \u00e9t\u00e9 aussi rapide c&rsquo;est que le march\u00e9 chinois est hyper dynamique et que ni Citroen &#8230; <a title=\"SUV DS que pour la Chine ?\" class=\"read-more\" href=\"https:\/\/www.carideal.com\/blog\/2014\/04\/29\/ds-suv-que-pour-la-chine\/\" aria-label=\"En savoir plus sur SUV DS que pour la Chine ?\">Lire plus<\/a><\/p>\n","protected":false},"author":3,"featured_media":0,"comment_status":"open","ping_status":"open","sticky":false,"template":"","format":"standard","meta":{"_uag_custom_page_level_css":"","_themeisle_gutenberg_block_has_review":false,"footnotes":""},"categories":[21,5,5944,6001,5975,6010,5974],"tags":[],"class_list":["post-8855","post","type-post","status-publish","format-standard","hentry","category-actualites-auto","category-citroen","category-constructeur","category-ds","category-concept-car","category-suv","category-type-de-vehicule"],"wppr_data":[],"yoast_head":"<!-- This site is optimized with the Yoast SEO plugin v24.8.1 - https:\/\/yoast.com\/wordpress\/plugins\/seo\/ -->\n<title>SUV DS que pour la Chine ? - Blog auto Carid\u00e9al<\/title>\n<meta name=\"description\" content=\"SUV DS le Nouveau crossover\u00a0\u00a0ne sera t il que pour la chine ? ou risque-t-on de le voir arriver sur le vieux continent mais il faudra des versions diesels\" \/>\n<meta name=\"robots\" content=\"index, follow, max-snippet:-1, max-image-preview:large, max-video-preview:-1\" \/>\n<link rel=\"canonical\" href=\"https:\/\/www.carideal.com\/blog\/2014\/04\/29\/ds-suv-que-pour-la-chine\/\" \/>\n<meta property=\"og:locale\" content=\"fr_FR\" \/>\n<meta property=\"og:type\" content=\"article\" \/>\n<meta property=\"og:title\" content=\"SUV DS que pour la Chine ? - Blog auto Carid\u00e9al\" \/>\n<meta property=\"og:description\" content=\"SUV DS le Nouveau crossover\u00a0\u00a0ne sera t il que pour la chine ? ou risque-t-on de le voir arriver sur le vieux continent mais il faudra des versions diesels\" \/>\n<meta property=\"og:url\" content=\"https:\/\/www.carideal.com\/blog\/2014\/04\/29\/ds-suv-que-pour-la-chine\/\" \/>\n<meta property=\"og:site_name\" content=\"Blog auto Carid\u00e9al\" \/>\n<meta property=\"article:publisher\" content=\"https:\/\/www.facebook.com\/Carideal.mandataire.automobile\" \/>\n<meta property=\"article:author\" content=\"https:\/\/www.facebook.com\/nicolas.schiavon.39\" \/>\n<meta property=\"article:published_time\" content=\"2014-04-29T13:35:42+00:00\" \/>\n<meta property=\"article:modified_time\" content=\"2020-03-09T05:19:46+00:00\" \/>\n<meta property=\"og:image\" content=\"http:\/\/www.carideal.com\/blog\/wp-content\/uploads\/2015\/12\/ds-6wr-carideal-300x169.jpg\" \/>\n<meta name=\"author\" content=\"Nicolas SCHIAVON\" \/>\n<meta name=\"twitter:card\" content=\"summary_large_image\" \/>\n<meta name=\"twitter:creator\" content=\"@caridealauto\" \/>\n<meta name=\"twitter:site\" content=\"@caridealauto\" \/>\n<meta name=\"twitter:label1\" content=\"\u00c9crit par\" \/>\n\t<meta name=\"twitter:data1\" content=\"Nicolas SCHIAVON\" \/>\n\t<meta name=\"twitter:label2\" content=\"Dur\u00e9e de lecture estim\u00e9e\" \/>\n\t<meta name=\"twitter:data2\" content=\"3 minutes\" \/>\n<script type=\"application\/ld+json\" class=\"yoast-schema-graph\">{\"@context\":\"https:\/\/schema.org\",\"@graph\":[{\"@type\":\"Article\",\"@id\":\"https:\/\/www.carideal.com\/blog\/2014\/04\/29\/ds-suv-que-pour-la-chine\/#article\",\"isPartOf\":{\"@id\":\"https:\/\/www.carideal.com\/blog\/2014\/04\/29\/ds-suv-que-pour-la-chine\/\"},\"author\":{\"name\":\"Nicolas SCHIAVON\",\"@id\":\"https:\/\/www.carideal.com\/blog\/#\/schema\/person\/cd95dc7919660de90d31b366f85be1ec\"},\"headline\":\"SUV DS que pour la Chine ?\",\"datePublished\":\"2014-04-29T13:35:42+00:00\",\"dateModified\":\"2020-03-09T05:19:46+00:00\",\"mainEntityOfPage\":{\"@id\":\"https:\/\/www.carideal.com\/blog\/2014\/04\/29\/ds-suv-que-pour-la-chine\/\"},\"wordCount\":619,\"commentCount\":0,\"publisher\":{\"@id\":\"https:\/\/www.carideal.com\/blog\/#organization\"},\"image\":{\"@id\":\"https:\/\/www.carideal.com\/blog\/2014\/04\/29\/ds-suv-que-pour-la-chine\/#primaryimage\"},\"thumbnailUrl\":\"http:\/\/www.carideal.com\/blog\/wp-content\/uploads\/2015\/12\/ds-6wr-carideal-300x169.jpg\",\"articleSection\":[\"Actualit\u00e9 automobile\",\"Actualit\u00e9 Citroen\",\"Actualit\u00e9 Constructeur automobile\",\"Actualit\u00e9 DS\",\"Concept car\",\"SUV\",\"Type de v\u00e9hicule\"],\"inLanguage\":\"fr-FR\",\"potentialAction\":[{\"@type\":\"CommentAction\",\"name\":\"Comment\",\"target\":[\"https:\/\/www.carideal.com\/blog\/2014\/04\/29\/ds-suv-que-pour-la-chine\/#respond\"]}]},{\"@type\":\"WebPage\",\"@id\":\"https:\/\/www.carideal.com\/blog\/2014\/04\/29\/ds-suv-que-pour-la-chine\/\",\"url\":\"https:\/\/www.carideal.com\/blog\/2014\/04\/29\/ds-suv-que-pour-la-chine\/\",\"name\":\"SUV DS que pour la Chine ? - Blog auto Carid\u00e9al\",\"isPartOf\":{\"@id\":\"https:\/\/www.carideal.com\/blog\/#website\"},\"primaryImageOfPage\":{\"@id\":\"https:\/\/www.carideal.com\/blog\/2014\/04\/29\/ds-suv-que-pour-la-chine\/#primaryimage\"},\"image\":{\"@id\":\"https:\/\/www.carideal.com\/blog\/2014\/04\/29\/ds-suv-que-pour-la-chine\/#primaryimage\"},\"thumbnailUrl\":\"http:\/\/www.carideal.com\/blog\/wp-content\/uploads\/2015\/12\/ds-6wr-carideal-300x169.jpg\",\"datePublished\":\"2014-04-29T13:35:42+00:00\",\"dateModified\":\"2020-03-09T05:19:46+00:00\",\"description\":\"SUV DS le Nouveau crossover\u00a0\u00a0ne sera t il que pour la chine ? ou risque-t-on de le voir arriver sur le vieux continent mais il faudra des versions diesels\",\"breadcrumb\":{\"@id\":\"https:\/\/www.carideal.com\/blog\/2014\/04\/29\/ds-suv-que-pour-la-chine\/#breadcrumb\"},\"inLanguage\":\"fr-FR\",\"potentialAction\":[{\"@type\":\"ReadAction\",\"target\":[\"https:\/\/www.carideal.com\/blog\/2014\/04\/29\/ds-suv-que-pour-la-chine\/\"]}]},{\"@type\":\"ImageObject\",\"inLanguage\":\"fr-FR\",\"@id\":\"https:\/\/www.carideal.com\/blog\/2014\/04\/29\/ds-suv-que-pour-la-chine\/#primaryimage\",\"url\":\"http:\/\/www.carideal.com\/blog\/wp-content\/uploads\/2015\/12\/ds-6wr-carideal-300x169.jpg\",\"contentUrl\":\"http:\/\/www.carideal.com\/blog\/wp-content\/uploads\/2015\/12\/ds-6wr-carideal-300x169.jpg\"},{\"@type\":\"BreadcrumbList\",\"@id\":\"https:\/\/www.carideal.com\/blog\/2014\/04\/29\/ds-suv-que-pour-la-chine\/#breadcrumb\",\"itemListElement\":[{\"@type\":\"ListItem\",\"position\":1,\"name\":\"Blog Carid\u00e9al\",\"item\":\"https:\/\/www.carideal.com\/blog\/\"},{\"@type\":\"ListItem\",\"position\":2,\"name\":\"Actualit\u00e9 constructeur automobile\",\"item\":\"https:\/\/www.carideal.com\/blog\/constructeur\/\"},{\"@type\":\"ListItem\",\"position\":3,\"name\":\"Actualit\u00e9 Citroen\",\"item\":\"https:\/\/www.carideal.com\/blog\/constructeur\/citroen\/\"},{\"@type\":\"ListItem\",\"position\":4,\"name\":\"SUV DS que pour la Chine ?\"}]},{\"@type\":\"WebSite\",\"@id\":\"https:\/\/www.carideal.com\/blog\/#website\",\"url\":\"https:\/\/www.carideal.com\/blog\/\",\"name\":\"Blog auto Carid\u00e9al\",\"description\":\"Actualit\u00e9 auto par des passionn\u00e9s\",\"publisher\":{\"@id\":\"https:\/\/www.carideal.com\/blog\/#organization\"},\"potentialAction\":[{\"@type\":\"SearchAction\",\"target\":{\"@type\":\"EntryPoint\",\"urlTemplate\":\"https:\/\/www.carideal.com\/blog\/?s={search_term_string}\"},\"query-input\":{\"@type\":\"PropertyValueSpecification\",\"valueRequired\":true,\"valueName\":\"search_term_string\"}}],\"inLanguage\":\"fr-FR\"},{\"@type\":\"Organization\",\"@id\":\"https:\/\/www.carideal.com\/blog\/#organization\",\"name\":\"Carideal\",\"url\":\"https:\/\/www.carideal.com\/blog\/\",\"logo\":{\"@type\":\"ImageObject\",\"inLanguage\":\"fr-FR\",\"@id\":\"https:\/\/www.carideal.com\/blog\/#\/schema\/logo\/image\/\",\"url\":\"http:\/\/www.carideal.com\/blog\/wp-content\/uploads\/2016\/03\/logo-carideal-mandataire-automobile.png\",\"contentUrl\":\"http:\/\/www.carideal.com\/blog\/wp-content\/uploads\/2016\/03\/logo-carideal-mandataire-automobile.png\",\"width\":300,\"height\":300,\"caption\":\"Carideal\"},\"image\":{\"@id\":\"https:\/\/www.carideal.com\/blog\/#\/schema\/logo\/image\/\"},\"sameAs\":[\"https:\/\/www.facebook.com\/Carideal.mandataire.automobile\",\"https:\/\/x.com\/caridealauto\",\"https:\/\/www.instagram.com\/carideal1\/\",\"https:\/\/www.linkedin.com\/company\/carideal.com\",\"https:\/\/fr.pinterest.com\/schiavonsas\/\",\"https:\/\/www.youtube.com\/user\/caridealsas\"]},{\"@type\":\"Person\",\"@id\":\"https:\/\/www.carideal.com\/blog\/#\/schema\/person\/cd95dc7919660de90d31b366f85be1ec\",\"name\":\"Nicolas SCHIAVON\",\"image\":{\"@type\":\"ImageObject\",\"inLanguage\":\"fr-FR\",\"@id\":\"https:\/\/www.carideal.com\/blog\/#\/schema\/person\/image\/\",\"url\":\"https:\/\/secure.gravatar.com\/avatar\/c17e55009e671d92cc7f5dc837dc418a?s=96&r=g\",\"contentUrl\":\"https:\/\/secure.gravatar.com\/avatar\/c17e55009e671d92cc7f5dc837dc418a?s=96&r=g\",\"caption\":\"Nicolas SCHIAVON\"},\"description\":\"Nicolas Schiavon est tomb\u00e9 tout petit dans la marmite automobile. Ayant eu un garage de marque automobile, mandataire automobile de la premi\u00e8re heure d\u00e8s 1999. Nicolas a cr\u00e9\u00e9 ces premiers sites de vente de voiture et blog automobile d\u00e8s 1994. Carideal est n\u00e9 le 15 d\u00e9cembre 2000 de la volont\u00e9 de vendre des voitures d'occasions en ligne puis des voitures neuves. Il a pu essayer beaucoup de voitures tr\u00e8s diff\u00e9rentes et ayant eu personnellement quelques belles autos, Subaru Impreza, Mitsubishi Lancer Evo 7, Porsche 911, Ferrari Testarrossa, Audi RS3, RS4 et j'en passe...\",\"sameAs\":[\"http:\/\/www.carideal.com\",\"https:\/\/www.facebook.com\/nicolas.schiavon.39\",\"https:\/\/www.instagram.com\/carideal1\/\",\"https:\/\/www.linkedin.com\/in\/nschiavon\/\",\"https:\/\/x.com\/caridealauto\",\"https:\/\/www.youtube.com\/user\/caridealsas\/\"],\"url\":\"https:\/\/www.carideal.com\/blog\/author\/nschiavon\/\"}]}<\/script>\n<!-- \/ Yoast SEO plugin. -->","yoast_head_json":{"title":"SUV DS que pour la Chine ? - Blog auto Carid\u00e9al","description":"SUV DS le Nouveau crossover\u00a0\u00a0ne sera t il que pour la chine ? ou risque-t-on de le voir arriver sur le vieux continent mais il faudra des versions diesels","robots":{"index":"index","follow":"follow","max-snippet":"max-snippet:-1","max-image-preview":"max-image-preview:large","max-video-preview":"max-video-preview:-1"},"canonical":"https:\/\/www.carideal.com\/blog\/2014\/04\/29\/ds-suv-que-pour-la-chine\/","og_locale":"fr_FR","og_type":"article","og_title":"SUV DS que pour la Chine ? - Blog auto Carid\u00e9al","og_description":"SUV DS le Nouveau crossover\u00a0\u00a0ne sera t il que pour la chine ? ou risque-t-on de le voir arriver sur le vieux continent mais il faudra des versions diesels","og_url":"https:\/\/www.carideal.com\/blog\/2014\/04\/29\/ds-suv-que-pour-la-chine\/","og_site_name":"Blog auto Carid\u00e9al","article_publisher":"https:\/\/www.facebook.com\/Carideal.mandataire.automobile","article_author":"https:\/\/www.facebook.com\/nicolas.schiavon.39","article_published_time":"2014-04-29T13:35:42+00:00","article_modified_time":"2020-03-09T05:19:46+00:00","og_image":[{"url":"http:\/\/www.carideal.com\/blog\/wp-content\/uploads\/2015\/12\/ds-6wr-carideal-300x169.jpg","type":"","width":"","height":""}],"author":"Nicolas SCHIAVON","twitter_card":"summary_large_image","twitter_creator":"@caridealauto","twitter_site":"@caridealauto","twitter_misc":{"\u00c9crit par":"Nicolas SCHIAVON","Dur\u00e9e de lecture estim\u00e9e":"3 minutes"},"schema":{"@context":"https:\/\/schema.org","@graph":[{"@type":"Article","@id":"https:\/\/www.carideal.com\/blog\/2014\/04\/29\/ds-suv-que-pour-la-chine\/#article","isPartOf":{"@id":"https:\/\/www.carideal.com\/blog\/2014\/04\/29\/ds-suv-que-pour-la-chine\/"},"author":{"name":"Nicolas SCHIAVON","@id":"https:\/\/www.carideal.com\/blog\/#\/schema\/person\/cd95dc7919660de90d31b366f85be1ec"},"headline":"SUV DS que pour la Chine ?","datePublished":"2014-04-29T13:35:42+00:00","dateModified":"2020-03-09T05:19:46+00:00","mainEntityOfPage":{"@id":"https:\/\/www.carideal.com\/blog\/2014\/04\/29\/ds-suv-que-pour-la-chine\/"},"wordCount":619,"commentCount":0,"publisher":{"@id":"https:\/\/www.carideal.com\/blog\/#organization"},"image":{"@id":"https:\/\/www.carideal.com\/blog\/2014\/04\/29\/ds-suv-que-pour-la-chine\/#primaryimage"},"thumbnailUrl":"http:\/\/www.carideal.com\/blog\/wp-content\/uploads\/2015\/12\/ds-6wr-carideal-300x169.jpg","articleSection":["Actualit\u00e9 automobile","Actualit\u00e9 Citroen","Actualit\u00e9 Constructeur automobile","Actualit\u00e9 DS","Concept car","SUV","Type de v\u00e9hicule"],"inLanguage":"fr-FR","potentialAction":[{"@type":"CommentAction","name":"Comment","target":["https:\/\/www.carideal.com\/blog\/2014\/04\/29\/ds-suv-que-pour-la-chine\/#respond"]}]},{"@type":"WebPage","@id":"https:\/\/www.carideal.com\/blog\/2014\/04\/29\/ds-suv-que-pour-la-chine\/","url":"https:\/\/www.carideal.com\/blog\/2014\/04\/29\/ds-suv-que-pour-la-chine\/","name":"SUV DS que pour la Chine ? - Blog auto Carid\u00e9al","isPartOf":{"@id":"https:\/\/www.carideal.com\/blog\/#website"},"primaryImageOfPage":{"@id":"https:\/\/www.carideal.com\/blog\/2014\/04\/29\/ds-suv-que-pour-la-chine\/#primaryimage"},"image":{"@id":"https:\/\/www.carideal.com\/blog\/2014\/04\/29\/ds-suv-que-pour-la-chine\/#primaryimage"},"thumbnailUrl":"http:\/\/www.carideal.com\/blog\/wp-content\/uploads\/2015\/12\/ds-6wr-carideal-300x169.jpg","datePublished":"2014-04-29T13:35:42+00:00","dateModified":"2020-03-09T05:19:46+00:00","description":"SUV DS le Nouveau crossover\u00a0\u00a0ne sera t il que pour la chine ? ou risque-t-on de le voir arriver sur le vieux continent mais il faudra des versions diesels","breadcrumb":{"@id":"https:\/\/www.carideal.com\/blog\/2014\/04\/29\/ds-suv-que-pour-la-chine\/#breadcrumb"},"inLanguage":"fr-FR","potentialAction":[{"@type":"ReadAction","target":["https:\/\/www.carideal.com\/blog\/2014\/04\/29\/ds-suv-que-pour-la-chine\/"]}]},{"@type":"ImageObject","inLanguage":"fr-FR","@id":"https:\/\/www.carideal.com\/blog\/2014\/04\/29\/ds-suv-que-pour-la-chine\/#primaryimage","url":"http:\/\/www.carideal.com\/blog\/wp-content\/uploads\/2015\/12\/ds-6wr-carideal-300x169.jpg","contentUrl":"http:\/\/www.carideal.com\/blog\/wp-content\/uploads\/2015\/12\/ds-6wr-carideal-300x169.jpg"},{"@type":"BreadcrumbList","@id":"https:\/\/www.carideal.com\/blog\/2014\/04\/29\/ds-suv-que-pour-la-chine\/#breadcrumb","itemListElement":[{"@type":"ListItem","position":1,"name":"Blog Carid\u00e9al","item":"https:\/\/www.carideal.com\/blog\/"},{"@type":"ListItem","position":2,"name":"Actualit\u00e9 constructeur automobile","item":"https:\/\/www.carideal.com\/blog\/constructeur\/"},{"@type":"ListItem","position":3,"name":"Actualit\u00e9 Citroen","item":"https:\/\/www.carideal.com\/blog\/constructeur\/citroen\/"},{"@type":"ListItem","position":4,"name":"SUV DS que pour la Chine ?"}]},{"@type":"WebSite","@id":"https:\/\/www.carideal.com\/blog\/#website","url":"https:\/\/www.carideal.com\/blog\/","name":"Blog auto Carid\u00e9al","description":"Actualit\u00e9 auto par des passionn\u00e9s","publisher":{"@id":"https:\/\/www.carideal.com\/blog\/#organization"},"potentialAction":[{"@type":"SearchAction","target":{"@type":"EntryPoint","urlTemplate":"https:\/\/www.carideal.com\/blog\/?s={search_term_string}"},"query-input":{"@type":"PropertyValueSpecification","valueRequired":true,"valueName":"search_term_string"}}],"inLanguage":"fr-FR"},{"@type":"Organization","@id":"https:\/\/www.carideal.com\/blog\/#organization","name":"Carideal","url":"https:\/\/www.carideal.com\/blog\/","logo":{"@type":"ImageObject","inLanguage":"fr-FR","@id":"https:\/\/www.carideal.com\/blog\/#\/schema\/logo\/image\/","url":"http:\/\/www.carideal.com\/blog\/wp-content\/uploads\/2016\/03\/logo-carideal-mandataire-automobile.png","contentUrl":"http:\/\/www.carideal.com\/blog\/wp-content\/uploads\/2016\/03\/logo-carideal-mandataire-automobile.png","width":300,"height":300,"caption":"Carideal"},"image":{"@id":"https:\/\/www.carideal.com\/blog\/#\/schema\/logo\/image\/"},"sameAs":["https:\/\/www.facebook.com\/Carideal.mandataire.automobile","https:\/\/x.com\/caridealauto","https:\/\/www.instagram.com\/carideal1\/","https:\/\/www.linkedin.com\/company\/carideal.com","https:\/\/fr.pinterest.com\/schiavonsas\/","https:\/\/www.youtube.com\/user\/caridealsas"]},{"@type":"Person","@id":"https:\/\/www.carideal.com\/blog\/#\/schema\/person\/cd95dc7919660de90d31b366f85be1ec","name":"Nicolas SCHIAVON","image":{"@type":"ImageObject","inLanguage":"fr-FR","@id":"https:\/\/www.carideal.com\/blog\/#\/schema\/person\/image\/","url":"https:\/\/secure.gravatar.com\/avatar\/c17e55009e671d92cc7f5dc837dc418a?s=96&r=g","contentUrl":"https:\/\/secure.gravatar.com\/avatar\/c17e55009e671d92cc7f5dc837dc418a?s=96&r=g","caption":"Nicolas SCHIAVON"},"description":"Nicolas Schiavon est tomb\u00e9 tout petit dans la marmite automobile. Ayant eu un garage de marque automobile, mandataire automobile de la premi\u00e8re heure d\u00e8s 1999. Nicolas a cr\u00e9\u00e9 ces premiers sites de vente de voiture et blog automobile d\u00e8s 1994. Carideal est n\u00e9 le 15 d\u00e9cembre 2000 de la volont\u00e9 de vendre des voitures d'occasions en ligne puis des voitures neuves. Il a pu essayer beaucoup de voitures tr\u00e8s diff\u00e9rentes et ayant eu personnellement quelques belles autos, Subaru Impreza, Mitsubishi Lancer Evo 7, Porsche 911, Ferrari Testarrossa, Audi RS3, RS4 et j'en passe...","sameAs":["http:\/\/www.carideal.com","https:\/\/www.facebook.com\/nicolas.schiavon.39","https:\/\/www.instagram.com\/carideal1\/","https:\/\/www.linkedin.com\/in\/nschiavon\/","https:\/\/x.com\/caridealauto","https:\/\/www.youtube.com\/user\/caridealsas\/"],"url":"https:\/\/www.carideal.com\/blog\/author\/nschiavon\/"}]}},"uagb_featured_image_src":{"full":false,"thumbnail":false,"medium":false,"medium_large":false,"large":false,"1536x1536":false,"2048x2048":false,"wppr-widget":false},"uagb_author_info":{"display_name":"Nicolas SCHIAVON","author_link":"https:\/\/www.carideal.com\/blog\/author\/nschiavon\/"},"uagb_comment_info":0,"uagb_excerpt":"La marque\u00a0DS va avoir\u00a0un SUV\u00a0mais uniquement\u00a0pour la Chine ? On l'aura d\u00e9couvert l'ann\u00e9e derni\u00e8re au salon de Shangai avec le concept-car Wild Rubis le SUV DS n'aura pris plus d'un\u00a0an pour passer le cap de l'industrialisation en\u00a0s\u00e9rie. Si DS a \u00e9t\u00e9 aussi rapide c'est que le march\u00e9 chinois est hyper dynamique et que ni Citroen\u2026","_links":{"self":[{"href":"https:\/\/www.carideal.com\/blog\/wp-json\/wp\/v2\/posts\/8855"}],"collection":[{"href":"https:\/\/www.carideal.com\/blog\/wp-json\/wp\/v2\/posts"}],"about":[{"href":"https:\/\/www.carideal.com\/blog\/wp-json\/wp\/v2\/types\/post"}],"author":[{"embeddable":true,"href":"https:\/\/www.carideal.com\/blog\/wp-json\/wp\/v2\/users\/3"}],"replies":[{"embeddable":true,"href":"https:\/\/www.carideal.com\/blog\/wp-json\/wp\/v2\/comments?post=8855"}],"version-history":[{"count":0,"href":"https:\/\/www.carideal.com\/blog\/wp-json\/wp\/v2\/posts\/8855\/revisions"}],"wp:attachment":[{"href":"https:\/\/www.carideal.com\/blog\/wp-json\/wp\/v2\/media?parent=8855"}],"wp:term":[{"taxonomy":"category","embeddable":true,"href":"https:\/\/www.carideal.com\/blog\/wp-json\/wp\/v2\/categories?post=8855"},{"taxonomy":"post_tag","embeddable":true,"href":"https:\/\/www.carideal.com\/blog\/wp-json\/wp\/v2\/tags?post=8855"}],"curies":[{"name":"wp","href":"https:\/\/api.w.org\/{rel}","templated":true}]}}