{"id":8803,"date":"2015-12-28T11:59:07","date_gmt":"2015-12-28T10:59:07","guid":{"rendered":"http:\/\/www.carideal.com\/blog\/?p=8803"},"modified":"2020-03-07T16:35:02","modified_gmt":"2020-03-07T15:35:02","slug":"8803","status":"publish","type":"post","link":"https:\/\/www.carideal.com\/blog\/2015\/12\/28\/8803\/","title":{"rendered":"Lotus F1 Team rachet\u00e9 par Renault"},"content":{"rendered":"<h1>Renault ach\u00e8te\u00a0Lotus F1 Team pour une livre symbolique.<\/h1>\n<figure id=\"attachment_8804\" aria-describedby=\"caption-attachment-8804\" style=\"width: 290px\" class=\"wp-caption alignleft\"><a href=\"http:\/\/www.carideal.com\/blog\/wp-content\/uploads\/2015\/12\/lotus-f1-renault-2015.jpg\"><img loading=\"lazy\" decoding=\"async\" class=\"wp-image-8804 size-medium\" title=\"Renault rach\u00e8te Lotus F1 Team\" src=\"http:\/\/www.carideal.com\/blog\/wp-content\/uploads\/2015\/12\/lotus-f1-renault-2015-300x158.jpg\" alt=\"Renault rach\u00e8te Lotus F1 Team\" width=\"300\" height=\"158\" srcset=\"https:\/\/www.carideal.com\/blog\/wp-content\/uploads\/2015\/12\/lotus-f1-renault-2015-300x158.jpg 300w, https:\/\/www.carideal.com\/blog\/wp-content\/uploads\/2015\/12\/lotus-f1-renault-2015.jpg 583w\" sizes=\"(max-width: 300px) 100vw, 300px\" \/><\/a><figcaption id=\"caption-attachment-8804\" class=\"wp-caption-text\">Renault rach\u00e8te Lotus F1 Team<\/figcaption><\/figure>\n<p>Renault vient de racheter 90 % de son ancienne \u00e9curie de <span style=\"text-decoration: underline; color: #000000;\"><a style=\"color: #000000; text-decoration: underline;\" href=\"http:\/\/www.carideal.com\/blog\/2014\/11\/18\/mercedes-parle-de-quitter-le-championnat-de-formule-1\/\">formule 1<\/a><\/span>,\u00a0Lotus F1 Team, \u00e0 Genii Capital. Le constructeur au losange retourne donc \u00e0 Enstone et veut participer d\u00e8s la saison 2016.<\/p>\n<p>Il n'\u00e9tait plus suffisant pour le PDG de <span style=\"text-decoration: underline; color: #000000;\">Renault<\/span> Carlos Ghosn d'\u00eatre le motoriste de l'\u00e9quipe Lotus, il a donc souhait\u00e9 que la marque Renault s'investisse plus et cela passait forc\u00e9ment par le rachat d'une \u00e9quipe, cela \u00e9vitait de tout reprendre \u00e0 z\u00e9ro. Et pourquoi\u00a0\u00a0Lotus ?<\/p>\n<h2>Une livre symbolique \u00e0 cause des dettes de l'\u00e9curie Lotus F1 Team.<\/h2>\n<p>Le fonds d\u2019investissement Genii Capital et sa filiale Gravity Motorsports ont conserv\u00e9 10% des parts de\u00a0Lotus F1 Team. Ce sont aussi eux qui ont liquid\u00e9 une dette de 98,2 millions de livres (133 millions d\u2019euros au taux de change actuel) que l\u2019\u00e9quipe Lotus avait contract\u00e9e aupr\u00e8s de son propri\u00e9taire Genii Capital.<\/p>\n<p><span style=\"text-decoration: underline;\"><span style=\"color: #000000;\"><a style=\"color: #000000; text-decoration: underline;\" href=\"http:\/\/www.carideal.com\/blog\/2014\/03\/02\/carlos-ghosn-parmis-les-13-patrons-les-mieux-payes-en-france\/\">Carlos Ghosn<\/a><\/span><\/span> a pr\u00e9sis\u00e9 que Renault d\u00e9voilera lors d'une soir\u00e9e pr\u00e9vue sp\u00e9cialement pour l'occasion, en f\u00e9vrier, le nom de sa nouvelle \u00e9quipe de Formule 1, et de tous les partenaires qui seront engag\u00e9s \u00e0 ses cot\u00e9s. Cette conf\u00e9rence de presse pr\u00e9cisera aussi\u00a0l\u2019organigramme avec le nom des pilotes et des ing\u00e9nieurs retenus.<\/p>\n","protected":false},"excerpt":{"rendered":"<p>Renault ach\u00e8te\u00a0Lotus F1 Team pour une livre symbolique. Renault vient de racheter 90 % de son ancienne \u00e9curie de formule 1,\u00a0Lotus F1 Team, \u00e0 Genii Capital. Le constructeur au losange retourne donc \u00e0 Enstone et veut participer d\u00e8s la saison 2016. Il n&rsquo;\u00e9tait plus suffisant pour le PDG de Renault Carlos Ghosn d&rsquo;\u00eatre le motoriste &#8230; <a title=\"Lotus F1 Team rachet\u00e9 par Renault\" class=\"read-more\" href=\"https:\/\/www.carideal.com\/blog\/2015\/12\/28\/8803\/\" aria-label=\"En savoir plus sur Lotus F1 Team rachet\u00e9 par Renault\">Lire plus<\/a><\/p>\n","protected":false},"author":3,"featured_media":0,"comment_status":"open","ping_status":"open","sticky":false,"template":"","format":"standard","meta":{"_uag_custom_page_level_css":"","_themeisle_gutenberg_block_has_review":false,"footnotes":""},"categories":[21,5944,3,5963,6006,16],"tags":[],"class_list":["post-8803","post","type-post","status-publish","format-standard","hentry","category-actualites-auto","category-constructeur","category-actualites-financieres","category-renault","category-formule-1","category-sport-auto"],"wppr_data":[],"yoast_head":"<!-- This site is optimized with the Yoast SEO plugin v24.8.1 - https:\/\/yoast.com\/wordpress\/plugins\/seo\/ -->\n<title>Lotus F1 Team rachet\u00e9 par Renault - Blog auto Carid\u00e9al<\/title>\n<meta name=\"description\" content=\"Lotus F1 Team Renault vient de racheter son ancienne \u00e9quipe de Formule 1 qu&#039;il avait c\u00e9d\u00e9 en 2009 \u00e0 un fond d&#039;investissement Luxembourgeois.\" \/>\n<meta name=\"robots\" content=\"index, follow, max-snippet:-1, max-image-preview:large, max-video-preview:-1\" \/>\n<link rel=\"canonical\" href=\"https:\/\/www.carideal.com\/blog\/2015\/12\/28\/8803\/\" \/>\n<meta property=\"og:locale\" content=\"fr_FR\" \/>\n<meta property=\"og:type\" content=\"article\" \/>\n<meta property=\"og:title\" content=\"Lotus F1 Team rachet\u00e9 par Renault - Blog auto Carid\u00e9al\" \/>\n<meta property=\"og:description\" content=\"Lotus F1 Team Renault vient de racheter son ancienne \u00e9quipe de Formule 1 qu&#039;il avait c\u00e9d\u00e9 en 2009 \u00e0 un fond d&#039;investissement Luxembourgeois.\" \/>\n<meta property=\"og:url\" content=\"https:\/\/www.carideal.com\/blog\/2015\/12\/28\/8803\/\" \/>\n<meta property=\"og:site_name\" content=\"Blog auto Carid\u00e9al\" \/>\n<meta property=\"article:publisher\" content=\"https:\/\/www.facebook.com\/Carideal.mandataire.automobile\" \/>\n<meta property=\"article:author\" content=\"https:\/\/www.facebook.com\/nicolas.schiavon.39\" \/>\n<meta property=\"article:published_time\" content=\"2015-12-28T10:59:07+00:00\" \/>\n<meta property=\"article:modified_time\" content=\"2020-03-07T15:35:02+00:00\" \/>\n<meta property=\"og:image\" content=\"http:\/\/www.carideal.com\/blog\/wp-content\/uploads\/2015\/12\/lotus-f1-renault-2015-300x158.jpg\" \/>\n<meta name=\"author\" content=\"Nicolas SCHIAVON\" \/>\n<meta name=\"twitter:card\" content=\"summary_large_image\" \/>\n<meta name=\"twitter:creator\" content=\"@caridealauto\" \/>\n<meta name=\"twitter:site\" content=\"@caridealauto\" \/>\n<meta name=\"twitter:label1\" content=\"\u00c9crit par\" \/>\n\t<meta name=\"twitter:data1\" content=\"Nicolas SCHIAVON\" \/>\n\t<meta name=\"twitter:label2\" content=\"Dur\u00e9e de lecture estim\u00e9e\" \/>\n\t<meta name=\"twitter:data2\" content=\"1 minute\" \/>\n<script type=\"application\/ld+json\" class=\"yoast-schema-graph\">{\"@context\":\"https:\/\/schema.org\",\"@graph\":[{\"@type\":\"Article\",\"@id\":\"https:\/\/www.carideal.com\/blog\/2015\/12\/28\/8803\/#article\",\"isPartOf\":{\"@id\":\"https:\/\/www.carideal.com\/blog\/2015\/12\/28\/8803\/\"},\"author\":{\"name\":\"Nicolas SCHIAVON\",\"@id\":\"https:\/\/www.carideal.com\/blog\/#\/schema\/person\/cd95dc7919660de90d31b366f85be1ec\"},\"headline\":\"Lotus F1 Team rachet\u00e9 par Renault\",\"datePublished\":\"2015-12-28T10:59:07+00:00\",\"dateModified\":\"2020-03-07T15:35:02+00:00\",\"mainEntityOfPage\":{\"@id\":\"https:\/\/www.carideal.com\/blog\/2015\/12\/28\/8803\/\"},\"wordCount\":237,\"commentCount\":0,\"publisher\":{\"@id\":\"https:\/\/www.carideal.com\/blog\/#organization\"},\"image\":{\"@id\":\"https:\/\/www.carideal.com\/blog\/2015\/12\/28\/8803\/#primaryimage\"},\"thumbnailUrl\":\"http:\/\/www.carideal.com\/blog\/wp-content\/uploads\/2015\/12\/lotus-f1-renault-2015-300x158.jpg\",\"articleSection\":[\"Actualit\u00e9 automobile\",\"Actualit\u00e9 Constructeur automobile\",\"Actualit\u00e9 Financi\u00e8re\",\"Actualit\u00e9 Renault\",\"Formule 1\",\"Sport Automobile\"],\"inLanguage\":\"fr-FR\",\"potentialAction\":[{\"@type\":\"CommentAction\",\"name\":\"Comment\",\"target\":[\"https:\/\/www.carideal.com\/blog\/2015\/12\/28\/8803\/#respond\"]}]},{\"@type\":\"WebPage\",\"@id\":\"https:\/\/www.carideal.com\/blog\/2015\/12\/28\/8803\/\",\"url\":\"https:\/\/www.carideal.com\/blog\/2015\/12\/28\/8803\/\",\"name\":\"Lotus F1 Team rachet\u00e9 par Renault - Blog auto Carid\u00e9al\",\"isPartOf\":{\"@id\":\"https:\/\/www.carideal.com\/blog\/#website\"},\"primaryImageOfPage\":{\"@id\":\"https:\/\/www.carideal.com\/blog\/2015\/12\/28\/8803\/#primaryimage\"},\"image\":{\"@id\":\"https:\/\/www.carideal.com\/blog\/2015\/12\/28\/8803\/#primaryimage\"},\"thumbnailUrl\":\"http:\/\/www.carideal.com\/blog\/wp-content\/uploads\/2015\/12\/lotus-f1-renault-2015-300x158.jpg\",\"datePublished\":\"2015-12-28T10:59:07+00:00\",\"dateModified\":\"2020-03-07T15:35:02+00:00\",\"description\":\"Lotus F1 Team Renault vient de racheter son ancienne \u00e9quipe de Formule 1 qu'il avait c\u00e9d\u00e9 en 2009 \u00e0 un fond d'investissement Luxembourgeois.\",\"breadcrumb\":{\"@id\":\"https:\/\/www.carideal.com\/blog\/2015\/12\/28\/8803\/#breadcrumb\"},\"inLanguage\":\"fr-FR\",\"potentialAction\":[{\"@type\":\"ReadAction\",\"target\":[\"https:\/\/www.carideal.com\/blog\/2015\/12\/28\/8803\/\"]}]},{\"@type\":\"ImageObject\",\"inLanguage\":\"fr-FR\",\"@id\":\"https:\/\/www.carideal.com\/blog\/2015\/12\/28\/8803\/#primaryimage\",\"url\":\"http:\/\/www.carideal.com\/blog\/wp-content\/uploads\/2015\/12\/lotus-f1-renault-2015-300x158.jpg\",\"contentUrl\":\"http:\/\/www.carideal.com\/blog\/wp-content\/uploads\/2015\/12\/lotus-f1-renault-2015-300x158.jpg\"},{\"@type\":\"BreadcrumbList\",\"@id\":\"https:\/\/www.carideal.com\/blog\/2015\/12\/28\/8803\/#breadcrumb\",\"itemListElement\":[{\"@type\":\"ListItem\",\"position\":1,\"name\":\"Blog Carid\u00e9al\",\"item\":\"https:\/\/www.carideal.com\/blog\/\"},{\"@type\":\"ListItem\",\"position\":2,\"name\":\"Actualit\u00e9 constructeur automobile\",\"item\":\"https:\/\/www.carideal.com\/blog\/constructeur\/\"},{\"@type\":\"ListItem\",\"position\":3,\"name\":\"Actualit\u00e9 Renault\",\"item\":\"https:\/\/www.carideal.com\/blog\/constructeur\/renault\/\"},{\"@type\":\"ListItem\",\"position\":4,\"name\":\"Lotus F1 Team rachet\u00e9 par Renault\"}]},{\"@type\":\"WebSite\",\"@id\":\"https:\/\/www.carideal.com\/blog\/#website\",\"url\":\"https:\/\/www.carideal.com\/blog\/\",\"name\":\"Blog auto Carid\u00e9al\",\"description\":\"Actualit\u00e9 auto par des passionn\u00e9s\",\"publisher\":{\"@id\":\"https:\/\/www.carideal.com\/blog\/#organization\"},\"potentialAction\":[{\"@type\":\"SearchAction\",\"target\":{\"@type\":\"EntryPoint\",\"urlTemplate\":\"https:\/\/www.carideal.com\/blog\/?s={search_term_string}\"},\"query-input\":{\"@type\":\"PropertyValueSpecification\",\"valueRequired\":true,\"valueName\":\"search_term_string\"}}],\"inLanguage\":\"fr-FR\"},{\"@type\":\"Organization\",\"@id\":\"https:\/\/www.carideal.com\/blog\/#organization\",\"name\":\"Carideal\",\"url\":\"https:\/\/www.carideal.com\/blog\/\",\"logo\":{\"@type\":\"ImageObject\",\"inLanguage\":\"fr-FR\",\"@id\":\"https:\/\/www.carideal.com\/blog\/#\/schema\/logo\/image\/\",\"url\":\"http:\/\/www.carideal.com\/blog\/wp-content\/uploads\/2016\/03\/logo-carideal-mandataire-automobile.png\",\"contentUrl\":\"http:\/\/www.carideal.com\/blog\/wp-content\/uploads\/2016\/03\/logo-carideal-mandataire-automobile.png\",\"width\":300,\"height\":300,\"caption\":\"Carideal\"},\"image\":{\"@id\":\"https:\/\/www.carideal.com\/blog\/#\/schema\/logo\/image\/\"},\"sameAs\":[\"https:\/\/www.facebook.com\/Carideal.mandataire.automobile\",\"https:\/\/x.com\/caridealauto\",\"https:\/\/www.instagram.com\/carideal1\/\",\"https:\/\/www.linkedin.com\/company\/carideal.com\",\"https:\/\/fr.pinterest.com\/schiavonsas\/\",\"https:\/\/www.youtube.com\/user\/caridealsas\"]},{\"@type\":\"Person\",\"@id\":\"https:\/\/www.carideal.com\/blog\/#\/schema\/person\/cd95dc7919660de90d31b366f85be1ec\",\"name\":\"Nicolas SCHIAVON\",\"image\":{\"@type\":\"ImageObject\",\"inLanguage\":\"fr-FR\",\"@id\":\"https:\/\/www.carideal.com\/blog\/#\/schema\/person\/image\/\",\"url\":\"https:\/\/secure.gravatar.com\/avatar\/c17e55009e671d92cc7f5dc837dc418a?s=96&r=g\",\"contentUrl\":\"https:\/\/secure.gravatar.com\/avatar\/c17e55009e671d92cc7f5dc837dc418a?s=96&r=g\",\"caption\":\"Nicolas SCHIAVON\"},\"description\":\"Nicolas Schiavon est tomb\u00e9 tout petit dans la marmite automobile. Ayant eu un garage de marque automobile, mandataire automobile de la premi\u00e8re heure d\u00e8s 1999. Nicolas a cr\u00e9\u00e9 ces premiers sites de vente de voiture et blog automobile d\u00e8s 1994. Carideal est n\u00e9 le 15 d\u00e9cembre 2000 de la volont\u00e9 de vendre des voitures d'occasions en ligne puis des voitures neuves. Il a pu essayer beaucoup de voitures tr\u00e8s diff\u00e9rentes et ayant eu personnellement quelques belles autos, Subaru Impreza, Mitsubishi Lancer Evo 7, Porsche 911, Ferrari Testarrossa, Audi RS3, RS4 et j'en passe...\",\"sameAs\":[\"http:\/\/www.carideal.com\",\"https:\/\/www.facebook.com\/nicolas.schiavon.39\",\"https:\/\/www.instagram.com\/carideal1\/\",\"https:\/\/www.linkedin.com\/in\/nschiavon\/\",\"https:\/\/x.com\/caridealauto\",\"https:\/\/www.youtube.com\/user\/caridealsas\/\"],\"url\":\"https:\/\/www.carideal.com\/blog\/author\/nschiavon\/\"}]}<\/script>\n<!-- \/ Yoast SEO plugin. -->","yoast_head_json":{"title":"Lotus F1 Team rachet\u00e9 par Renault - Blog auto Carid\u00e9al","description":"Lotus F1 Team Renault vient de racheter son ancienne \u00e9quipe de Formule 1 qu'il avait c\u00e9d\u00e9 en 2009 \u00e0 un fond d'investissement Luxembourgeois.","robots":{"index":"index","follow":"follow","max-snippet":"max-snippet:-1","max-image-preview":"max-image-preview:large","max-video-preview":"max-video-preview:-1"},"canonical":"https:\/\/www.carideal.com\/blog\/2015\/12\/28\/8803\/","og_locale":"fr_FR","og_type":"article","og_title":"Lotus F1 Team rachet\u00e9 par Renault - Blog auto Carid\u00e9al","og_description":"Lotus F1 Team Renault vient de racheter son ancienne \u00e9quipe de Formule 1 qu'il avait c\u00e9d\u00e9 en 2009 \u00e0 un fond d'investissement Luxembourgeois.","og_url":"https:\/\/www.carideal.com\/blog\/2015\/12\/28\/8803\/","og_site_name":"Blog auto Carid\u00e9al","article_publisher":"https:\/\/www.facebook.com\/Carideal.mandataire.automobile","article_author":"https:\/\/www.facebook.com\/nicolas.schiavon.39","article_published_time":"2015-12-28T10:59:07+00:00","article_modified_time":"2020-03-07T15:35:02+00:00","og_image":[{"url":"http:\/\/www.carideal.com\/blog\/wp-content\/uploads\/2015\/12\/lotus-f1-renault-2015-300x158.jpg","type":"","width":"","height":""}],"author":"Nicolas SCHIAVON","twitter_card":"summary_large_image","twitter_creator":"@caridealauto","twitter_site":"@caridealauto","twitter_misc":{"\u00c9crit par":"Nicolas SCHIAVON","Dur\u00e9e de lecture estim\u00e9e":"1 minute"},"schema":{"@context":"https:\/\/schema.org","@graph":[{"@type":"Article","@id":"https:\/\/www.carideal.com\/blog\/2015\/12\/28\/8803\/#article","isPartOf":{"@id":"https:\/\/www.carideal.com\/blog\/2015\/12\/28\/8803\/"},"author":{"name":"Nicolas SCHIAVON","@id":"https:\/\/www.carideal.com\/blog\/#\/schema\/person\/cd95dc7919660de90d31b366f85be1ec"},"headline":"Lotus F1 Team rachet\u00e9 par Renault","datePublished":"2015-12-28T10:59:07+00:00","dateModified":"2020-03-07T15:35:02+00:00","mainEntityOfPage":{"@id":"https:\/\/www.carideal.com\/blog\/2015\/12\/28\/8803\/"},"wordCount":237,"commentCount":0,"publisher":{"@id":"https:\/\/www.carideal.com\/blog\/#organization"},"image":{"@id":"https:\/\/www.carideal.com\/blog\/2015\/12\/28\/8803\/#primaryimage"},"thumbnailUrl":"http:\/\/www.carideal.com\/blog\/wp-content\/uploads\/2015\/12\/lotus-f1-renault-2015-300x158.jpg","articleSection":["Actualit\u00e9 automobile","Actualit\u00e9 Constructeur automobile","Actualit\u00e9 Financi\u00e8re","Actualit\u00e9 Renault","Formule 1","Sport Automobile"],"inLanguage":"fr-FR","potentialAction":[{"@type":"CommentAction","name":"Comment","target":["https:\/\/www.carideal.com\/blog\/2015\/12\/28\/8803\/#respond"]}]},{"@type":"WebPage","@id":"https:\/\/www.carideal.com\/blog\/2015\/12\/28\/8803\/","url":"https:\/\/www.carideal.com\/blog\/2015\/12\/28\/8803\/","name":"Lotus F1 Team rachet\u00e9 par Renault - Blog auto Carid\u00e9al","isPartOf":{"@id":"https:\/\/www.carideal.com\/blog\/#website"},"primaryImageOfPage":{"@id":"https:\/\/www.carideal.com\/blog\/2015\/12\/28\/8803\/#primaryimage"},"image":{"@id":"https:\/\/www.carideal.com\/blog\/2015\/12\/28\/8803\/#primaryimage"},"thumbnailUrl":"http:\/\/www.carideal.com\/blog\/wp-content\/uploads\/2015\/12\/lotus-f1-renault-2015-300x158.jpg","datePublished":"2015-12-28T10:59:07+00:00","dateModified":"2020-03-07T15:35:02+00:00","description":"Lotus F1 Team Renault vient de racheter son ancienne \u00e9quipe de Formule 1 qu'il avait c\u00e9d\u00e9 en 2009 \u00e0 un fond d'investissement Luxembourgeois.","breadcrumb":{"@id":"https:\/\/www.carideal.com\/blog\/2015\/12\/28\/8803\/#breadcrumb"},"inLanguage":"fr-FR","potentialAction":[{"@type":"ReadAction","target":["https:\/\/www.carideal.com\/blog\/2015\/12\/28\/8803\/"]}]},{"@type":"ImageObject","inLanguage":"fr-FR","@id":"https:\/\/www.carideal.com\/blog\/2015\/12\/28\/8803\/#primaryimage","url":"http:\/\/www.carideal.com\/blog\/wp-content\/uploads\/2015\/12\/lotus-f1-renault-2015-300x158.jpg","contentUrl":"http:\/\/www.carideal.com\/blog\/wp-content\/uploads\/2015\/12\/lotus-f1-renault-2015-300x158.jpg"},{"@type":"BreadcrumbList","@id":"https:\/\/www.carideal.com\/blog\/2015\/12\/28\/8803\/#breadcrumb","itemListElement":[{"@type":"ListItem","position":1,"name":"Blog Carid\u00e9al","item":"https:\/\/www.carideal.com\/blog\/"},{"@type":"ListItem","position":2,"name":"Actualit\u00e9 constructeur automobile","item":"https:\/\/www.carideal.com\/blog\/constructeur\/"},{"@type":"ListItem","position":3,"name":"Actualit\u00e9 Renault","item":"https:\/\/www.carideal.com\/blog\/constructeur\/renault\/"},{"@type":"ListItem","position":4,"name":"Lotus F1 Team rachet\u00e9 par Renault"}]},{"@type":"WebSite","@id":"https:\/\/www.carideal.com\/blog\/#website","url":"https:\/\/www.carideal.com\/blog\/","name":"Blog auto Carid\u00e9al","description":"Actualit\u00e9 auto par des passionn\u00e9s","publisher":{"@id":"https:\/\/www.carideal.com\/blog\/#organization"},"potentialAction":[{"@type":"SearchAction","target":{"@type":"EntryPoint","urlTemplate":"https:\/\/www.carideal.com\/blog\/?s={search_term_string}"},"query-input":{"@type":"PropertyValueSpecification","valueRequired":true,"valueName":"search_term_string"}}],"inLanguage":"fr-FR"},{"@type":"Organization","@id":"https:\/\/www.carideal.com\/blog\/#organization","name":"Carideal","url":"https:\/\/www.carideal.com\/blog\/","logo":{"@type":"ImageObject","inLanguage":"fr-FR","@id":"https:\/\/www.carideal.com\/blog\/#\/schema\/logo\/image\/","url":"http:\/\/www.carideal.com\/blog\/wp-content\/uploads\/2016\/03\/logo-carideal-mandataire-automobile.png","contentUrl":"http:\/\/www.carideal.com\/blog\/wp-content\/uploads\/2016\/03\/logo-carideal-mandataire-automobile.png","width":300,"height":300,"caption":"Carideal"},"image":{"@id":"https:\/\/www.carideal.com\/blog\/#\/schema\/logo\/image\/"},"sameAs":["https:\/\/www.facebook.com\/Carideal.mandataire.automobile","https:\/\/x.com\/caridealauto","https:\/\/www.instagram.com\/carideal1\/","https:\/\/www.linkedin.com\/company\/carideal.com","https:\/\/fr.pinterest.com\/schiavonsas\/","https:\/\/www.youtube.com\/user\/caridealsas"]},{"@type":"Person","@id":"https:\/\/www.carideal.com\/blog\/#\/schema\/person\/cd95dc7919660de90d31b366f85be1ec","name":"Nicolas SCHIAVON","image":{"@type":"ImageObject","inLanguage":"fr-FR","@id":"https:\/\/www.carideal.com\/blog\/#\/schema\/person\/image\/","url":"https:\/\/secure.gravatar.com\/avatar\/c17e55009e671d92cc7f5dc837dc418a?s=96&r=g","contentUrl":"https:\/\/secure.gravatar.com\/avatar\/c17e55009e671d92cc7f5dc837dc418a?s=96&r=g","caption":"Nicolas SCHIAVON"},"description":"Nicolas Schiavon est tomb\u00e9 tout petit dans la marmite automobile. Ayant eu un garage de marque automobile, mandataire automobile de la premi\u00e8re heure d\u00e8s 1999. Nicolas a cr\u00e9\u00e9 ces premiers sites de vente de voiture et blog automobile d\u00e8s 1994. Carideal est n\u00e9 le 15 d\u00e9cembre 2000 de la volont\u00e9 de vendre des voitures d'occasions en ligne puis des voitures neuves. Il a pu essayer beaucoup de voitures tr\u00e8s diff\u00e9rentes et ayant eu personnellement quelques belles autos, Subaru Impreza, Mitsubishi Lancer Evo 7, Porsche 911, Ferrari Testarrossa, Audi RS3, RS4 et j'en passe...","sameAs":["http:\/\/www.carideal.com","https:\/\/www.facebook.com\/nicolas.schiavon.39","https:\/\/www.instagram.com\/carideal1\/","https:\/\/www.linkedin.com\/in\/nschiavon\/","https:\/\/x.com\/caridealauto","https:\/\/www.youtube.com\/user\/caridealsas\/"],"url":"https:\/\/www.carideal.com\/blog\/author\/nschiavon\/"}]}},"uagb_featured_image_src":{"full":false,"thumbnail":false,"medium":false,"medium_large":false,"large":false,"1536x1536":false,"2048x2048":false,"wppr-widget":false},"uagb_author_info":{"display_name":"Nicolas SCHIAVON","author_link":"https:\/\/www.carideal.com\/blog\/author\/nschiavon\/"},"uagb_comment_info":0,"uagb_excerpt":"Renault ach\u00e8te\u00a0Lotus F1 Team pour une livre symbolique. Renault vient de racheter 90 % de son ancienne \u00e9curie de formule 1,\u00a0Lotus F1 Team, \u00e0 Genii Capital. Le constructeur au losange retourne donc \u00e0 Enstone et veut participer d\u00e8s la saison 2016. Il n'\u00e9tait plus suffisant pour le PDG de Renault Carlos Ghosn d'\u00eatre le motoriste\u2026","_links":{"self":[{"href":"https:\/\/www.carideal.com\/blog\/wp-json\/wp\/v2\/posts\/8803"}],"collection":[{"href":"https:\/\/www.carideal.com\/blog\/wp-json\/wp\/v2\/posts"}],"about":[{"href":"https:\/\/www.carideal.com\/blog\/wp-json\/wp\/v2\/types\/post"}],"author":[{"embeddable":true,"href":"https:\/\/www.carideal.com\/blog\/wp-json\/wp\/v2\/users\/3"}],"replies":[{"embeddable":true,"href":"https:\/\/www.carideal.com\/blog\/wp-json\/wp\/v2\/comments?post=8803"}],"version-history":[{"count":0,"href":"https:\/\/www.carideal.com\/blog\/wp-json\/wp\/v2\/posts\/8803\/revisions"}],"wp:attachment":[{"href":"https:\/\/www.carideal.com\/blog\/wp-json\/wp\/v2\/media?parent=8803"}],"wp:term":[{"taxonomy":"category","embeddable":true,"href":"https:\/\/www.carideal.com\/blog\/wp-json\/wp\/v2\/categories?post=8803"},{"taxonomy":"post_tag","embeddable":true,"href":"https:\/\/www.carideal.com\/blog\/wp-json\/wp\/v2\/tags?post=8803"}],"curies":[{"name":"wp","href":"https:\/\/api.w.org\/{rel}","templated":true}]}}