{"id":8799,"date":"2015-12-28T10:49:37","date_gmt":"2015-12-28T09:49:37","guid":{"rendered":"http:\/\/www.carideal.com\/blog\/?p=8799"},"modified":"2016-11-24T11:07:56","modified_gmt":"2016-11-24T10:07:56","slug":"mahindra-rachete-pininfarina","status":"publish","type":"post","link":"https:\/\/www.carideal.com\/blog\/2015\/12\/28\/mahindra-rachete-pininfarina\/","title":{"rendered":"Pininfarina rachet\u00e9 par Mahindra"},"content":{"rendered":"<h1>Mahindra\u00a0rach\u00e8te 76 % de Pininfarina\u00a0le carrossier des plus belles\u00a0Ferrari.<\/h1>\n<figure id=\"attachment_8800\" aria-describedby=\"caption-attachment-8800\" style=\"width: 290px\" class=\"wp-caption alignleft\"><a href=\"http:\/\/www.carideal.com\/blog\/wp-content\/uploads\/2015\/12\/Ferrari-212-Inter-PininFarina-Cabriolet.jpg\"><img loading=\"lazy\" decoding=\"async\" class=\"wp-image-8800 size-medium\" src=\"http:\/\/www.carideal.com\/blog\/wp-content\/uploads\/2015\/12\/Ferrari-212-Inter-PininFarina-Cabriolet-300x200.jpg\" alt=\"Les plus belles Ferrari de Pininfarina\" width=\"300\" height=\"200\" srcset=\"https:\/\/www.carideal.com\/blog\/wp-content\/uploads\/2015\/12\/Ferrari-212-Inter-PininFarina-Cabriolet-300x200.jpg 300w, https:\/\/www.carideal.com\/blog\/wp-content\/uploads\/2015\/12\/Ferrari-212-Inter-PininFarina-Cabriolet-624x416.jpg 624w, https:\/\/www.carideal.com\/blog\/wp-content\/uploads\/2015\/12\/Ferrari-212-Inter-PininFarina-Cabriolet.jpg 800w\" sizes=\"(max-width: 300px) 100vw, 300px\" \/><\/a><figcaption id=\"caption-attachment-8800\" class=\"wp-caption-text\">Les plus belles Ferrari du carrossier Italien dont cette 212 Inter cabriolet<\/figcaption><\/figure>\n<p>D\u00e9cid\u00e9ment les carrossiers italiens n'ont pas de chance, cela ,fait plusieurs ann\u00e9es que cela va mal et d'autant pour <span style=\"color: #000000;\">Pininfarina.<\/span><br \/>\n<span style=\"color: #000000;\"><a style=\"color: #000000; text-decoration: underline;\" href=\"http:\/\/www.carideal.com\/blog\/2013\/08\/01\/bertone-jet-2\/\">Bertone<\/a><\/span>, a fait faillite en 2014, Giugiaro Italdesign a \u00e9t\u00e9 repris par <span style=\"color: #000000;\">Volkswagen<\/span>. Et aujourd'hui c'est un des plus grand nom du design automobile de se faire reprendre. D'ailleurs c'est certainement pas un mal, il vaut mieux cela que de dispara\u00eetre. Apr\u00e8s de long mois de tractation, Pininfarina est officiellement repris par le groupe indien <a href=\"http:\/\/www.carideal.com\/blog\/marque-de-voiture-actualites-essais\/mahindra\/\"><span style=\"color: #000000;\">Mahindra<\/span><\/a> pour un montant de 168 millions d\u2019euros. Je suis pass\u00e9 \u00e0 cot\u00e9 de l'info, en ce d\u00e9but de mois de d\u00e9cembre...mais la n\u00e9gociation a \u00e9t\u00e9 longue entre ce groupe mythique, dont les actionnaires historiques, la famille, avaient du mal \u00e0 lacher les commandes. Il y a eu des hauts et des bas dans la n\u00e9gociation qui a dur\u00e9 un an. La partie n'a pas \u00e9t\u00e9 simples les banques cr\u00e9anci\u00e8res, et il y a 13 ! mettant la pression, elles d\u00e9tenaient les actions en hypoth\u00e8que. La famille Pininfarina va garder quelques titres symboliques.<\/p>\n<h2>Mahindra un nouveau souffle pour Pininfarina ?<\/h2>\n<p>Il faut se souvenir que Pininfarina perd de l'argent depuis onze ans, depuis que ni <span style=\"color: #000000;\">Ferrari<\/span> ni <span style=\"color: #000000;\">Peugeot<\/span> ne font\u00a0plus appel \u00e0 son bureau de style et que l'entreprise a souffert de\u00a0la disparition accidentelle d\u2019Andrea Pininfarina, le petit-fils du fondateur Battista, pendant\u00a0l\u2019\u00e9t\u00e9 2008.<\/p>\n<p>D'autres sauveurs potentiels avient \u00e9t\u00e9 pr\u00e9ssentis comme le fonds d'investissement britannique Cheyne Capital, l\u2019autre indien <span style=\"text-decoration: underline; color: #000000;\"><a style=\"color: #000000; text-decoration: underline;\" href=\"http:\/\/www.carideal.com\/blog\/2011\/07\/21\/tata-produit-des-land-rover-en-inde\/\">Tata<\/a><\/span>, le chinois BAIC ou le fran\u00e7ais <span style=\"text-decoration: underline; color: #000000;\"><a style=\"color: #000000; text-decoration: underline;\" href=\"http:\/\/www.carideal.com\/blog\/2011\/01\/17\/bollore-pose-la-premiere-pierre-de-son-usine-bretonne-de-batterie\/\">Bollor\u00e9<\/a><\/span> mais tous avient \u00e9t\u00e9 \u00e9cart\u00e9s pour diff\u00e9rentes raisons.<\/p>\n<p>Il est \u00e0 esp\u00e9rer que cet achat redonnera du souffle \u00e0 cet entreprise bas\u00e9 \u00e0\u00a0Cambiano, pr\u00e8s de Turin et lui permettra de conserver ses emplois.<\/p>\n","protected":false},"excerpt":{"rendered":"<p>Mahindra\u00a0rach\u00e8te 76 % de Pininfarina\u00a0le carrossier des plus belles\u00a0Ferrari. D\u00e9cid\u00e9ment les carrossiers italiens n&rsquo;ont pas de chance, cela ,fait plusieurs ann\u00e9es que cela va mal et d&rsquo;autant pour Pininfarina. Bertone, a fait faillite en 2014, Giugiaro Italdesign a \u00e9t\u00e9 repris par Volkswagen. Et aujourd&rsquo;hui c&rsquo;est un des plus grand nom du design automobile de se &#8230; <a title=\"Pininfarina rachet\u00e9 par Mahindra\" class=\"read-more\" href=\"https:\/\/www.carideal.com\/blog\/2015\/12\/28\/mahindra-rachete-pininfarina\/\" aria-label=\"En savoir plus sur Pininfarina rachet\u00e9 par Mahindra\">Lire plus<\/a><\/p>\n","protected":false},"author":3,"featured_media":8800,"comment_status":"open","ping_status":"open","sticky":false,"template":"","format":"standard","meta":{"_uag_custom_page_level_css":"","_themeisle_gutenberg_block_has_review":false,"footnotes":""},"categories":[21,5944,3,6003],"tags":[],"class_list":["post-8799","post","type-post","status-publish","format-standard","has-post-thumbnail","hentry","category-actualites-auto","category-constructeur","category-actualites-financieres","category-mahindra"],"wppr_data":{"cwp_meta_box_check":"No"},"yoast_head":"<!-- This site is optimized with the Yoast SEO plugin v24.8.1 - https:\/\/yoast.com\/wordpress\/plugins\/seo\/ -->\n<title>Pininfarina rachet\u00e9 par Mahindra - Blog auto Carid\u00e9al<\/title>\n<meta name=\"description\" content=\"Mahindra rach\u00e8te 76 % des part de Pininfarina pour 168 Million d&#039;euros, il n&#039;y a donc plus de carrossier ind\u00e9pendant en Italie.\" \/>\n<meta name=\"robots\" content=\"index, follow, max-snippet:-1, max-image-preview:large, max-video-preview:-1\" \/>\n<link rel=\"canonical\" href=\"https:\/\/www.carideal.com\/blog\/2015\/12\/28\/mahindra-rachete-pininfarina\/\" \/>\n<meta property=\"og:locale\" content=\"fr_FR\" \/>\n<meta property=\"og:type\" content=\"article\" \/>\n<meta property=\"og:title\" content=\"Pininfarina rachet\u00e9 par Mahindra - Blog auto Carid\u00e9al\" \/>\n<meta property=\"og:description\" content=\"Mahindra rach\u00e8te 76 % des part de Pininfarina pour 168 Million d&#039;euros, il n&#039;y a donc plus de carrossier ind\u00e9pendant en Italie.\" \/>\n<meta property=\"og:url\" content=\"https:\/\/www.carideal.com\/blog\/2015\/12\/28\/mahindra-rachete-pininfarina\/\" \/>\n<meta property=\"og:site_name\" content=\"Blog auto Carid\u00e9al\" \/>\n<meta property=\"article:publisher\" content=\"https:\/\/www.facebook.com\/Carideal.mandataire.automobile\" \/>\n<meta property=\"article:author\" content=\"https:\/\/www.facebook.com\/nicolas.schiavon.39\" \/>\n<meta property=\"article:published_time\" content=\"2015-12-28T09:49:37+00:00\" \/>\n<meta property=\"article:modified_time\" content=\"2016-11-24T10:07:56+00:00\" \/>\n<meta property=\"og:image\" content=\"https:\/\/www.carideal.com\/blog\/wp-content\/uploads\/2015\/12\/Ferrari-212-Inter-PininFarina-Cabriolet.jpg\" \/>\n\t<meta property=\"og:image:width\" content=\"800\" \/>\n\t<meta property=\"og:image:height\" content=\"533\" \/>\n\t<meta property=\"og:image:type\" content=\"image\/jpeg\" \/>\n<meta name=\"author\" content=\"Nicolas SCHIAVON\" \/>\n<meta name=\"twitter:card\" content=\"summary_large_image\" \/>\n<meta name=\"twitter:creator\" content=\"@caridealauto\" \/>\n<meta name=\"twitter:site\" content=\"@caridealauto\" \/>\n<meta name=\"twitter:label1\" content=\"\u00c9crit par\" \/>\n\t<meta name=\"twitter:data1\" content=\"Nicolas SCHIAVON\" \/>\n\t<meta name=\"twitter:label2\" content=\"Dur\u00e9e de lecture estim\u00e9e\" \/>\n\t<meta name=\"twitter:data2\" content=\"2 minutes\" \/>\n<script type=\"application\/ld+json\" class=\"yoast-schema-graph\">{\"@context\":\"https:\/\/schema.org\",\"@graph\":[{\"@type\":\"Article\",\"@id\":\"https:\/\/www.carideal.com\/blog\/2015\/12\/28\/mahindra-rachete-pininfarina\/#article\",\"isPartOf\":{\"@id\":\"https:\/\/www.carideal.com\/blog\/2015\/12\/28\/mahindra-rachete-pininfarina\/\"},\"author\":{\"name\":\"Nicolas SCHIAVON\",\"@id\":\"https:\/\/www.carideal.com\/blog\/#\/schema\/person\/cd95dc7919660de90d31b366f85be1ec\"},\"headline\":\"Pininfarina rachet\u00e9 par Mahindra\",\"datePublished\":\"2015-12-28T09:49:37+00:00\",\"dateModified\":\"2016-11-24T10:07:56+00:00\",\"mainEntityOfPage\":{\"@id\":\"https:\/\/www.carideal.com\/blog\/2015\/12\/28\/mahindra-rachete-pininfarina\/\"},\"wordCount\":323,\"commentCount\":0,\"publisher\":{\"@id\":\"https:\/\/www.carideal.com\/blog\/#organization\"},\"image\":{\"@id\":\"https:\/\/www.carideal.com\/blog\/2015\/12\/28\/mahindra-rachete-pininfarina\/#primaryimage\"},\"thumbnailUrl\":\"https:\/\/www.carideal.com\/blog\/wp-content\/uploads\/2015\/12\/Ferrari-212-Inter-PininFarina-Cabriolet.jpg\",\"articleSection\":[\"Actualit\u00e9 automobile\",\"Actualit\u00e9 Constructeur automobile\",\"Actualit\u00e9 Financi\u00e8re\",\"Actualit\u00e9 Mahindra\"],\"inLanguage\":\"fr-FR\",\"potentialAction\":[{\"@type\":\"CommentAction\",\"name\":\"Comment\",\"target\":[\"https:\/\/www.carideal.com\/blog\/2015\/12\/28\/mahindra-rachete-pininfarina\/#respond\"]}]},{\"@type\":\"WebPage\",\"@id\":\"https:\/\/www.carideal.com\/blog\/2015\/12\/28\/mahindra-rachete-pininfarina\/\",\"url\":\"https:\/\/www.carideal.com\/blog\/2015\/12\/28\/mahindra-rachete-pininfarina\/\",\"name\":\"Pininfarina rachet\u00e9 par Mahindra - Blog auto Carid\u00e9al\",\"isPartOf\":{\"@id\":\"https:\/\/www.carideal.com\/blog\/#website\"},\"primaryImageOfPage\":{\"@id\":\"https:\/\/www.carideal.com\/blog\/2015\/12\/28\/mahindra-rachete-pininfarina\/#primaryimage\"},\"image\":{\"@id\":\"https:\/\/www.carideal.com\/blog\/2015\/12\/28\/mahindra-rachete-pininfarina\/#primaryimage\"},\"thumbnailUrl\":\"https:\/\/www.carideal.com\/blog\/wp-content\/uploads\/2015\/12\/Ferrari-212-Inter-PininFarina-Cabriolet.jpg\",\"datePublished\":\"2015-12-28T09:49:37+00:00\",\"dateModified\":\"2016-11-24T10:07:56+00:00\",\"description\":\"Mahindra rach\u00e8te 76 % des part de Pininfarina pour 168 Million d'euros, il n'y a donc plus de carrossier ind\u00e9pendant en Italie.\",\"breadcrumb\":{\"@id\":\"https:\/\/www.carideal.com\/blog\/2015\/12\/28\/mahindra-rachete-pininfarina\/#breadcrumb\"},\"inLanguage\":\"fr-FR\",\"potentialAction\":[{\"@type\":\"ReadAction\",\"target\":[\"https:\/\/www.carideal.com\/blog\/2015\/12\/28\/mahindra-rachete-pininfarina\/\"]}]},{\"@type\":\"ImageObject\",\"inLanguage\":\"fr-FR\",\"@id\":\"https:\/\/www.carideal.com\/blog\/2015\/12\/28\/mahindra-rachete-pininfarina\/#primaryimage\",\"url\":\"https:\/\/www.carideal.com\/blog\/wp-content\/uploads\/2015\/12\/Ferrari-212-Inter-PininFarina-Cabriolet.jpg\",\"contentUrl\":\"https:\/\/www.carideal.com\/blog\/wp-content\/uploads\/2015\/12\/Ferrari-212-Inter-PininFarina-Cabriolet.jpg\",\"width\":800,\"height\":533,\"caption\":\"Les plus belles Ferrari de Pininfarina\"},{\"@type\":\"BreadcrumbList\",\"@id\":\"https:\/\/www.carideal.com\/blog\/2015\/12\/28\/mahindra-rachete-pininfarina\/#breadcrumb\",\"itemListElement\":[{\"@type\":\"ListItem\",\"position\":1,\"name\":\"Blog Carid\u00e9al\",\"item\":\"https:\/\/www.carideal.com\/blog\/\"},{\"@type\":\"ListItem\",\"position\":2,\"name\":\"Actualit\u00e9 constructeur automobile\",\"item\":\"https:\/\/www.carideal.com\/blog\/constructeur\/\"},{\"@type\":\"ListItem\",\"position\":3,\"name\":\"Actualit\u00e9 Mahindra\",\"item\":\"https:\/\/www.carideal.com\/blog\/constructeur\/mahindra\/\"},{\"@type\":\"ListItem\",\"position\":4,\"name\":\"Pininfarina rachet\u00e9 par Mahindra\"}]},{\"@type\":\"WebSite\",\"@id\":\"https:\/\/www.carideal.com\/blog\/#website\",\"url\":\"https:\/\/www.carideal.com\/blog\/\",\"name\":\"Blog auto Carid\u00e9al\",\"description\":\"Actualit\u00e9 auto par des passionn\u00e9s\",\"publisher\":{\"@id\":\"https:\/\/www.carideal.com\/blog\/#organization\"},\"potentialAction\":[{\"@type\":\"SearchAction\",\"target\":{\"@type\":\"EntryPoint\",\"urlTemplate\":\"https:\/\/www.carideal.com\/blog\/?s={search_term_string}\"},\"query-input\":{\"@type\":\"PropertyValueSpecification\",\"valueRequired\":true,\"valueName\":\"search_term_string\"}}],\"inLanguage\":\"fr-FR\"},{\"@type\":\"Organization\",\"@id\":\"https:\/\/www.carideal.com\/blog\/#organization\",\"name\":\"Carideal\",\"url\":\"https:\/\/www.carideal.com\/blog\/\",\"logo\":{\"@type\":\"ImageObject\",\"inLanguage\":\"fr-FR\",\"@id\":\"https:\/\/www.carideal.com\/blog\/#\/schema\/logo\/image\/\",\"url\":\"http:\/\/www.carideal.com\/blog\/wp-content\/uploads\/2016\/03\/logo-carideal-mandataire-automobile.png\",\"contentUrl\":\"http:\/\/www.carideal.com\/blog\/wp-content\/uploads\/2016\/03\/logo-carideal-mandataire-automobile.png\",\"width\":300,\"height\":300,\"caption\":\"Carideal\"},\"image\":{\"@id\":\"https:\/\/www.carideal.com\/blog\/#\/schema\/logo\/image\/\"},\"sameAs\":[\"https:\/\/www.facebook.com\/Carideal.mandataire.automobile\",\"https:\/\/x.com\/caridealauto\",\"https:\/\/www.instagram.com\/carideal1\/\",\"https:\/\/www.linkedin.com\/company\/carideal.com\",\"https:\/\/fr.pinterest.com\/schiavonsas\/\",\"https:\/\/www.youtube.com\/user\/caridealsas\"]},{\"@type\":\"Person\",\"@id\":\"https:\/\/www.carideal.com\/blog\/#\/schema\/person\/cd95dc7919660de90d31b366f85be1ec\",\"name\":\"Nicolas SCHIAVON\",\"image\":{\"@type\":\"ImageObject\",\"inLanguage\":\"fr-FR\",\"@id\":\"https:\/\/www.carideal.com\/blog\/#\/schema\/person\/image\/\",\"url\":\"https:\/\/secure.gravatar.com\/avatar\/c17e55009e671d92cc7f5dc837dc418a?s=96&r=g\",\"contentUrl\":\"https:\/\/secure.gravatar.com\/avatar\/c17e55009e671d92cc7f5dc837dc418a?s=96&r=g\",\"caption\":\"Nicolas SCHIAVON\"},\"description\":\"Nicolas Schiavon est tomb\u00e9 tout petit dans la marmite automobile. Ayant eu un garage de marque automobile, mandataire automobile de la premi\u00e8re heure d\u00e8s 1999. Nicolas a cr\u00e9\u00e9 ces premiers sites de vente de voiture et blog automobile d\u00e8s 1994. Carideal est n\u00e9 le 15 d\u00e9cembre 2000 de la volont\u00e9 de vendre des voitures d'occasions en ligne puis des voitures neuves. Il a pu essayer beaucoup de voitures tr\u00e8s diff\u00e9rentes et ayant eu personnellement quelques belles autos, Subaru Impreza, Mitsubishi Lancer Evo 7, Porsche 911, Ferrari Testarrossa, Audi RS3, RS4 et j'en passe...\",\"sameAs\":[\"http:\/\/www.carideal.com\",\"https:\/\/www.facebook.com\/nicolas.schiavon.39\",\"https:\/\/www.instagram.com\/carideal1\/\",\"https:\/\/www.linkedin.com\/in\/nschiavon\/\",\"https:\/\/x.com\/caridealauto\",\"https:\/\/www.youtube.com\/user\/caridealsas\/\"],\"url\":\"https:\/\/www.carideal.com\/blog\/author\/nschiavon\/\"}]}<\/script>\n<!-- \/ Yoast SEO plugin. -->","yoast_head_json":{"title":"Pininfarina rachet\u00e9 par Mahindra - Blog auto Carid\u00e9al","description":"Mahindra rach\u00e8te 76 % des part de Pininfarina pour 168 Million d'euros, il n'y a donc plus de carrossier ind\u00e9pendant en Italie.","robots":{"index":"index","follow":"follow","max-snippet":"max-snippet:-1","max-image-preview":"max-image-preview:large","max-video-preview":"max-video-preview:-1"},"canonical":"https:\/\/www.carideal.com\/blog\/2015\/12\/28\/mahindra-rachete-pininfarina\/","og_locale":"fr_FR","og_type":"article","og_title":"Pininfarina rachet\u00e9 par Mahindra - Blog auto Carid\u00e9al","og_description":"Mahindra rach\u00e8te 76 % des part de Pininfarina pour 168 Million d'euros, il n'y a donc plus de carrossier ind\u00e9pendant en Italie.","og_url":"https:\/\/www.carideal.com\/blog\/2015\/12\/28\/mahindra-rachete-pininfarina\/","og_site_name":"Blog auto Carid\u00e9al","article_publisher":"https:\/\/www.facebook.com\/Carideal.mandataire.automobile","article_author":"https:\/\/www.facebook.com\/nicolas.schiavon.39","article_published_time":"2015-12-28T09:49:37+00:00","article_modified_time":"2016-11-24T10:07:56+00:00","og_image":[{"width":800,"height":533,"url":"https:\/\/www.carideal.com\/blog\/wp-content\/uploads\/2015\/12\/Ferrari-212-Inter-PininFarina-Cabriolet.jpg","type":"image\/jpeg"}],"author":"Nicolas SCHIAVON","twitter_card":"summary_large_image","twitter_creator":"@caridealauto","twitter_site":"@caridealauto","twitter_misc":{"\u00c9crit par":"Nicolas SCHIAVON","Dur\u00e9e de lecture estim\u00e9e":"2 minutes"},"schema":{"@context":"https:\/\/schema.org","@graph":[{"@type":"Article","@id":"https:\/\/www.carideal.com\/blog\/2015\/12\/28\/mahindra-rachete-pininfarina\/#article","isPartOf":{"@id":"https:\/\/www.carideal.com\/blog\/2015\/12\/28\/mahindra-rachete-pininfarina\/"},"author":{"name":"Nicolas SCHIAVON","@id":"https:\/\/www.carideal.com\/blog\/#\/schema\/person\/cd95dc7919660de90d31b366f85be1ec"},"headline":"Pininfarina rachet\u00e9 par Mahindra","datePublished":"2015-12-28T09:49:37+00:00","dateModified":"2016-11-24T10:07:56+00:00","mainEntityOfPage":{"@id":"https:\/\/www.carideal.com\/blog\/2015\/12\/28\/mahindra-rachete-pininfarina\/"},"wordCount":323,"commentCount":0,"publisher":{"@id":"https:\/\/www.carideal.com\/blog\/#organization"},"image":{"@id":"https:\/\/www.carideal.com\/blog\/2015\/12\/28\/mahindra-rachete-pininfarina\/#primaryimage"},"thumbnailUrl":"https:\/\/www.carideal.com\/blog\/wp-content\/uploads\/2015\/12\/Ferrari-212-Inter-PininFarina-Cabriolet.jpg","articleSection":["Actualit\u00e9 automobile","Actualit\u00e9 Constructeur automobile","Actualit\u00e9 Financi\u00e8re","Actualit\u00e9 Mahindra"],"inLanguage":"fr-FR","potentialAction":[{"@type":"CommentAction","name":"Comment","target":["https:\/\/www.carideal.com\/blog\/2015\/12\/28\/mahindra-rachete-pininfarina\/#respond"]}]},{"@type":"WebPage","@id":"https:\/\/www.carideal.com\/blog\/2015\/12\/28\/mahindra-rachete-pininfarina\/","url":"https:\/\/www.carideal.com\/blog\/2015\/12\/28\/mahindra-rachete-pininfarina\/","name":"Pininfarina rachet\u00e9 par Mahindra - Blog auto Carid\u00e9al","isPartOf":{"@id":"https:\/\/www.carideal.com\/blog\/#website"},"primaryImageOfPage":{"@id":"https:\/\/www.carideal.com\/blog\/2015\/12\/28\/mahindra-rachete-pininfarina\/#primaryimage"},"image":{"@id":"https:\/\/www.carideal.com\/blog\/2015\/12\/28\/mahindra-rachete-pininfarina\/#primaryimage"},"thumbnailUrl":"https:\/\/www.carideal.com\/blog\/wp-content\/uploads\/2015\/12\/Ferrari-212-Inter-PininFarina-Cabriolet.jpg","datePublished":"2015-12-28T09:49:37+00:00","dateModified":"2016-11-24T10:07:56+00:00","description":"Mahindra rach\u00e8te 76 % des part de Pininfarina pour 168 Million d'euros, il n'y a donc plus de carrossier ind\u00e9pendant en Italie.","breadcrumb":{"@id":"https:\/\/www.carideal.com\/blog\/2015\/12\/28\/mahindra-rachete-pininfarina\/#breadcrumb"},"inLanguage":"fr-FR","potentialAction":[{"@type":"ReadAction","target":["https:\/\/www.carideal.com\/blog\/2015\/12\/28\/mahindra-rachete-pininfarina\/"]}]},{"@type":"ImageObject","inLanguage":"fr-FR","@id":"https:\/\/www.carideal.com\/blog\/2015\/12\/28\/mahindra-rachete-pininfarina\/#primaryimage","url":"https:\/\/www.carideal.com\/blog\/wp-content\/uploads\/2015\/12\/Ferrari-212-Inter-PininFarina-Cabriolet.jpg","contentUrl":"https:\/\/www.carideal.com\/blog\/wp-content\/uploads\/2015\/12\/Ferrari-212-Inter-PininFarina-Cabriolet.jpg","width":800,"height":533,"caption":"Les plus belles Ferrari de Pininfarina"},{"@type":"BreadcrumbList","@id":"https:\/\/www.carideal.com\/blog\/2015\/12\/28\/mahindra-rachete-pininfarina\/#breadcrumb","itemListElement":[{"@type":"ListItem","position":1,"name":"Blog Carid\u00e9al","item":"https:\/\/www.carideal.com\/blog\/"},{"@type":"ListItem","position":2,"name":"Actualit\u00e9 constructeur automobile","item":"https:\/\/www.carideal.com\/blog\/constructeur\/"},{"@type":"ListItem","position":3,"name":"Actualit\u00e9 Mahindra","item":"https:\/\/www.carideal.com\/blog\/constructeur\/mahindra\/"},{"@type":"ListItem","position":4,"name":"Pininfarina rachet\u00e9 par Mahindra"}]},{"@type":"WebSite","@id":"https:\/\/www.carideal.com\/blog\/#website","url":"https:\/\/www.carideal.com\/blog\/","name":"Blog auto Carid\u00e9al","description":"Actualit\u00e9 auto par des passionn\u00e9s","publisher":{"@id":"https:\/\/www.carideal.com\/blog\/#organization"},"potentialAction":[{"@type":"SearchAction","target":{"@type":"EntryPoint","urlTemplate":"https:\/\/www.carideal.com\/blog\/?s={search_term_string}"},"query-input":{"@type":"PropertyValueSpecification","valueRequired":true,"valueName":"search_term_string"}}],"inLanguage":"fr-FR"},{"@type":"Organization","@id":"https:\/\/www.carideal.com\/blog\/#organization","name":"Carideal","url":"https:\/\/www.carideal.com\/blog\/","logo":{"@type":"ImageObject","inLanguage":"fr-FR","@id":"https:\/\/www.carideal.com\/blog\/#\/schema\/logo\/image\/","url":"http:\/\/www.carideal.com\/blog\/wp-content\/uploads\/2016\/03\/logo-carideal-mandataire-automobile.png","contentUrl":"http:\/\/www.carideal.com\/blog\/wp-content\/uploads\/2016\/03\/logo-carideal-mandataire-automobile.png","width":300,"height":300,"caption":"Carideal"},"image":{"@id":"https:\/\/www.carideal.com\/blog\/#\/schema\/logo\/image\/"},"sameAs":["https:\/\/www.facebook.com\/Carideal.mandataire.automobile","https:\/\/x.com\/caridealauto","https:\/\/www.instagram.com\/carideal1\/","https:\/\/www.linkedin.com\/company\/carideal.com","https:\/\/fr.pinterest.com\/schiavonsas\/","https:\/\/www.youtube.com\/user\/caridealsas"]},{"@type":"Person","@id":"https:\/\/www.carideal.com\/blog\/#\/schema\/person\/cd95dc7919660de90d31b366f85be1ec","name":"Nicolas SCHIAVON","image":{"@type":"ImageObject","inLanguage":"fr-FR","@id":"https:\/\/www.carideal.com\/blog\/#\/schema\/person\/image\/","url":"https:\/\/secure.gravatar.com\/avatar\/c17e55009e671d92cc7f5dc837dc418a?s=96&r=g","contentUrl":"https:\/\/secure.gravatar.com\/avatar\/c17e55009e671d92cc7f5dc837dc418a?s=96&r=g","caption":"Nicolas SCHIAVON"},"description":"Nicolas Schiavon est tomb\u00e9 tout petit dans la marmite automobile. Ayant eu un garage de marque automobile, mandataire automobile de la premi\u00e8re heure d\u00e8s 1999. Nicolas a cr\u00e9\u00e9 ces premiers sites de vente de voiture et blog automobile d\u00e8s 1994. Carideal est n\u00e9 le 15 d\u00e9cembre 2000 de la volont\u00e9 de vendre des voitures d'occasions en ligne puis des voitures neuves. Il a pu essayer beaucoup de voitures tr\u00e8s diff\u00e9rentes et ayant eu personnellement quelques belles autos, Subaru Impreza, Mitsubishi Lancer Evo 7, Porsche 911, Ferrari Testarrossa, Audi RS3, RS4 et j'en passe...","sameAs":["http:\/\/www.carideal.com","https:\/\/www.facebook.com\/nicolas.schiavon.39","https:\/\/www.instagram.com\/carideal1\/","https:\/\/www.linkedin.com\/in\/nschiavon\/","https:\/\/x.com\/caridealauto","https:\/\/www.youtube.com\/user\/caridealsas\/"],"url":"https:\/\/www.carideal.com\/blog\/author\/nschiavon\/"}]}},"uagb_featured_image_src":{"full":["https:\/\/www.carideal.com\/blog\/wp-content\/uploads\/2015\/12\/Ferrari-212-Inter-PininFarina-Cabriolet.jpg",800,533,false],"thumbnail":["https:\/\/www.carideal.com\/blog\/wp-content\/uploads\/2015\/12\/Ferrari-212-Inter-PininFarina-Cabriolet-150x150.jpg",150,150,true],"medium":["https:\/\/www.carideal.com\/blog\/wp-content\/uploads\/2015\/12\/Ferrari-212-Inter-PininFarina-Cabriolet-300x200.jpg",300,200,true],"medium_large":["https:\/\/www.carideal.com\/blog\/wp-content\/uploads\/2015\/12\/Ferrari-212-Inter-PininFarina-Cabriolet.jpg",768,512,false],"large":["https:\/\/www.carideal.com\/blog\/wp-content\/uploads\/2015\/12\/Ferrari-212-Inter-PininFarina-Cabriolet.jpg",800,533,false],"1536x1536":["https:\/\/www.carideal.com\/blog\/wp-content\/uploads\/2015\/12\/Ferrari-212-Inter-PininFarina-Cabriolet.jpg",800,533,false],"2048x2048":["https:\/\/www.carideal.com\/blog\/wp-content\/uploads\/2015\/12\/Ferrari-212-Inter-PininFarina-Cabriolet.jpg",800,533,false],"wppr-widget":["https:\/\/www.carideal.com\/blog\/wp-content\/uploads\/2015\/12\/Ferrari-212-Inter-PininFarina-Cabriolet.jpg",50,33,false]},"uagb_author_info":{"display_name":"Nicolas SCHIAVON","author_link":"https:\/\/www.carideal.com\/blog\/author\/nschiavon\/"},"uagb_comment_info":0,"uagb_excerpt":"Mahindra\u00a0rach\u00e8te 76 % de Pininfarina\u00a0le carrossier des plus belles\u00a0Ferrari. D\u00e9cid\u00e9ment les carrossiers italiens n'ont pas de chance, cela ,fait plusieurs ann\u00e9es que cela va mal et d'autant pour Pininfarina. Bertone, a fait faillite en 2014, Giugiaro Italdesign a \u00e9t\u00e9 repris par Volkswagen. Et aujourd'hui c'est un des plus grand nom du design automobile de se\u2026","_links":{"self":[{"href":"https:\/\/www.carideal.com\/blog\/wp-json\/wp\/v2\/posts\/8799"}],"collection":[{"href":"https:\/\/www.carideal.com\/blog\/wp-json\/wp\/v2\/posts"}],"about":[{"href":"https:\/\/www.carideal.com\/blog\/wp-json\/wp\/v2\/types\/post"}],"author":[{"embeddable":true,"href":"https:\/\/www.carideal.com\/blog\/wp-json\/wp\/v2\/users\/3"}],"replies":[{"embeddable":true,"href":"https:\/\/www.carideal.com\/blog\/wp-json\/wp\/v2\/comments?post=8799"}],"version-history":[{"count":0,"href":"https:\/\/www.carideal.com\/blog\/wp-json\/wp\/v2\/posts\/8799\/revisions"}],"wp:featuredmedia":[{"embeddable":true,"href":"https:\/\/www.carideal.com\/blog\/wp-json\/wp\/v2\/media\/8800"}],"wp:attachment":[{"href":"https:\/\/www.carideal.com\/blog\/wp-json\/wp\/v2\/media?parent=8799"}],"wp:term":[{"taxonomy":"category","embeddable":true,"href":"https:\/\/www.carideal.com\/blog\/wp-json\/wp\/v2\/categories?post=8799"},{"taxonomy":"post_tag","embeddable":true,"href":"https:\/\/www.carideal.com\/blog\/wp-json\/wp\/v2\/tags?post=8799"}],"curies":[{"name":"wp","href":"https:\/\/api.w.org\/{rel}","templated":true}]}}