{"id":879,"date":"2011-02-06T21:17:00","date_gmt":"2011-02-06T21:17:00","guid":{"rendered":"http:\/\/carideal.com\/blog\/?p=879"},"modified":"2020-03-07T18:04:23","modified_gmt":"2020-03-07T17:04:23","slug":"renault-latitude-le-realisme","status":"publish","type":"post","link":"https:\/\/www.carideal.com\/blog\/2011\/02\/06\/renault-latitude-le-realisme\/","title":{"rendered":"Renault Latitude le r\u00e9alisme"},"content":{"rendered":"<\/p>\n<blockquote>\n<p>La renault Latitude est le clone de la Samsung SM5.<\/p>\n<\/blockquote>\n<p>En Europe, les constructeurs g\u00e9n\u00e9ralistes ont perdu la bataille des berlines haut de gamme, cat\u00e9gorie devenue chasse gard\u00e9e des marques sp\u00e9cialis\u00e9es allemandes. Le triste destin des trois derni\u00e8res productions fran\u00e7aises en t\u00e9moigne. Renault ne s'en cache d'ailleurs pas&nbsp;: sans la SM5, jamais la Renault Latitude n'aurait vu le jour. Les temps ont chang\u00e9, l'\u00e9poque est r\u00e9volue o\u00f9 chaque Renault \u00e9tait con\u00e7ue en fonction des go\u00fbts des fran\u00e7ais. La cor\u00e9e devrait repr\u00e9senter \u00e0 elle seule 75% des ventes mondiales de la SM5 \/ latitude. Et la France 5% selon les estimations les plus optimistes. D\u00e8s lors, les Cor\u00e9ens ont forc\u00e9ment leur mot \u00e0 dire.\n<\/p>\n<blockquote>\n<p>Vue arri\u00e8re de la Renault Latitude<\/p>\n<\/blockquote>\n<p>Pour venir en europe, la latitude a raffermi ses suspensions, redessin\u00e9 sa planche de bord et sa calandre. Son ch\u00e2ssis repose en partie sur celui de la Laguna.<\/p>\n<blockquote>\n<p>Int\u00e9rieur Renault Latitude<\/p>\n<\/blockquote>\n<p><a href=\"\/blog\/index.php?post\/2011\/02\/05\/Renault-Laguna-III-%3A-la-mauvaise-r%C3%A9putation\">\/ Renault Laguna III la mauvaise r\u00e9putation<\/a><br \/>\n<a href=\"\/blog\/index.php?post\/2011\/01\/24\/Renault-Fluence-le-bide\">\/ Renault fluence le bide<\/a><\/p>\n","protected":false},"excerpt":{"rendered":"<p>La renault Latitude est le clone de la Samsung SM5. En Europe, les constructeurs g\u00e9n\u00e9ralistes ont perdu la bataille des berlines haut de gamme, cat\u00e9gorie devenue chasse gard\u00e9e des marques sp\u00e9cialis\u00e9es allemandes. Le triste destin des trois derni\u00e8res productions fran\u00e7aises en t\u00e9moigne. Renault ne s&rsquo;en cache d&rsquo;ailleurs pas&nbsp;: sans la SM5, jamais la Renault Latitude &#8230; <a title=\"Renault Latitude le r\u00e9alisme\" class=\"read-more\" href=\"https:\/\/www.carideal.com\/blog\/2011\/02\/06\/renault-latitude-le-realisme\/\" aria-label=\"En savoir plus sur Renault Latitude le r\u00e9alisme\">Lire plus<\/a><\/p>\n","protected":false},"author":1,"featured_media":0,"comment_status":"open","ping_status":"open","sticky":false,"template":"","format":"standard","meta":{"_uag_custom_page_level_css":"","_themeisle_gutenberg_block_has_review":false,"footnotes":""},"categories":[10],"tags":[],"class_list":["post-879","post","type-post","status-publish","format-standard","hentry","category-marche-automobile-voiture-neuve-occasion-4x4-suv"],"wppr_data":[],"yoast_head":"<!-- This site is optimized with the Yoast SEO plugin v24.8.1 - https:\/\/yoast.com\/wordpress\/plugins\/seo\/ -->\n<title>Renault Latitude le r\u00e9alisme - Blog auto Carid\u00e9al<\/title>\n<meta name=\"robots\" content=\"index, follow, max-snippet:-1, max-image-preview:large, max-video-preview:-1\" \/>\n<link rel=\"canonical\" href=\"https:\/\/www.carideal.com\/blog\/2011\/02\/06\/renault-latitude-le-realisme\/\" \/>\n<meta property=\"og:locale\" content=\"fr_FR\" \/>\n<meta property=\"og:type\" content=\"article\" \/>\n<meta property=\"og:title\" content=\"Renault Latitude le r\u00e9alisme - Blog auto Carid\u00e9al\" \/>\n<meta property=\"og:description\" content=\"La renault Latitude est le clone de la Samsung SM5. En Europe, les constructeurs g\u00e9n\u00e9ralistes ont perdu la bataille des berlines haut de gamme, cat\u00e9gorie devenue chasse gard\u00e9e des marques sp\u00e9cialis\u00e9es allemandes. Le triste destin des trois derni\u00e8res productions fran\u00e7aises en t\u00e9moigne. Renault ne s&#039;en cache d&#039;ailleurs pas&nbsp;: sans la SM5, jamais la Renault Latitude ... Lire plus\" \/>\n<meta property=\"og:url\" content=\"https:\/\/www.carideal.com\/blog\/2011\/02\/06\/renault-latitude-le-realisme\/\" \/>\n<meta property=\"og:site_name\" content=\"Blog auto Carid\u00e9al\" \/>\n<meta property=\"article:publisher\" content=\"https:\/\/www.facebook.com\/Carideal.mandataire.automobile\" \/>\n<meta property=\"article:author\" content=\"https:\/\/www.facebook.com\/Carideal.mandataire.automobile\/\" \/>\n<meta property=\"article:published_time\" content=\"2011-02-06T21:17:00+00:00\" \/>\n<meta property=\"article:modified_time\" content=\"2020-03-07T17:04:23+00:00\" \/>\n<meta property=\"og:image\" content=\"https:\/\/www.carideal.com\/blog\/wp-content\/uploads\/2016\/03\/logo-carideal-mandataire-automobile.png\" \/>\n\t<meta property=\"og:image:width\" content=\"300\" \/>\n\t<meta property=\"og:image:height\" content=\"300\" \/>\n\t<meta property=\"og:image:type\" content=\"image\/png\" \/>\n<meta name=\"author\" content=\"N.S Carideal\" \/>\n<meta name=\"twitter:card\" content=\"summary_large_image\" \/>\n<meta name=\"twitter:creator\" content=\"@caridealauto\" \/>\n<meta name=\"twitter:site\" content=\"@caridealauto\" \/>\n<meta name=\"twitter:label1\" content=\"\u00c9crit par\" \/>\n\t<meta name=\"twitter:data1\" content=\"N.S Carideal\" \/>\n\t<meta name=\"twitter:label2\" content=\"Dur\u00e9e de lecture estim\u00e9e\" \/>\n\t<meta name=\"twitter:data2\" content=\"1 minute\" \/>\n<script type=\"application\/ld+json\" class=\"yoast-schema-graph\">{\"@context\":\"https:\/\/schema.org\",\"@graph\":[{\"@type\":\"Article\",\"@id\":\"https:\/\/www.carideal.com\/blog\/2011\/02\/06\/renault-latitude-le-realisme\/#article\",\"isPartOf\":{\"@id\":\"https:\/\/www.carideal.com\/blog\/2011\/02\/06\/renault-latitude-le-realisme\/\"},\"author\":{\"name\":\"N.S Carideal\",\"@id\":\"https:\/\/www.carideal.com\/blog\/#\/schema\/person\/985c7e757d1042d647f21bfaf8d41ebc\"},\"headline\":\"Renault Latitude le r\u00e9alisme\",\"datePublished\":\"2011-02-06T21:17:00+00:00\",\"dateModified\":\"2020-03-07T17:04:23+00:00\",\"mainEntityOfPage\":{\"@id\":\"https:\/\/www.carideal.com\/blog\/2011\/02\/06\/renault-latitude-le-realisme\/\"},\"wordCount\":184,\"commentCount\":0,\"publisher\":{\"@id\":\"https:\/\/www.carideal.com\/blog\/#organization\"},\"articleSection\":[\"March\u00e9 automobile\"],\"inLanguage\":\"fr-FR\",\"potentialAction\":[{\"@type\":\"CommentAction\",\"name\":\"Comment\",\"target\":[\"https:\/\/www.carideal.com\/blog\/2011\/02\/06\/renault-latitude-le-realisme\/#respond\"]}]},{\"@type\":\"WebPage\",\"@id\":\"https:\/\/www.carideal.com\/blog\/2011\/02\/06\/renault-latitude-le-realisme\/\",\"url\":\"https:\/\/www.carideal.com\/blog\/2011\/02\/06\/renault-latitude-le-realisme\/\",\"name\":\"Renault Latitude le r\u00e9alisme - Blog auto Carid\u00e9al\",\"isPartOf\":{\"@id\":\"https:\/\/www.carideal.com\/blog\/#website\"},\"datePublished\":\"2011-02-06T21:17:00+00:00\",\"dateModified\":\"2020-03-07T17:04:23+00:00\",\"breadcrumb\":{\"@id\":\"https:\/\/www.carideal.com\/blog\/2011\/02\/06\/renault-latitude-le-realisme\/#breadcrumb\"},\"inLanguage\":\"fr-FR\",\"potentialAction\":[{\"@type\":\"ReadAction\",\"target\":[\"https:\/\/www.carideal.com\/blog\/2011\/02\/06\/renault-latitude-le-realisme\/\"]}]},{\"@type\":\"BreadcrumbList\",\"@id\":\"https:\/\/www.carideal.com\/blog\/2011\/02\/06\/renault-latitude-le-realisme\/#breadcrumb\",\"itemListElement\":[{\"@type\":\"ListItem\",\"position\":1,\"name\":\"Blog Carid\u00e9al\",\"item\":\"https:\/\/www.carideal.com\/blog\/\"},{\"@type\":\"ListItem\",\"position\":2,\"name\":\"March\u00e9 automobile\",\"item\":\"https:\/\/www.carideal.com\/blog\/marche-automobile-voiture-neuve-occasion-4x4-suv\/\"},{\"@type\":\"ListItem\",\"position\":3,\"name\":\"Renault Latitude le r\u00e9alisme\"}]},{\"@type\":\"WebSite\",\"@id\":\"https:\/\/www.carideal.com\/blog\/#website\",\"url\":\"https:\/\/www.carideal.com\/blog\/\",\"name\":\"Blog auto Carid\u00e9al\",\"description\":\"Actualit\u00e9 auto par des passionn\u00e9s\",\"publisher\":{\"@id\":\"https:\/\/www.carideal.com\/blog\/#organization\"},\"potentialAction\":[{\"@type\":\"SearchAction\",\"target\":{\"@type\":\"EntryPoint\",\"urlTemplate\":\"https:\/\/www.carideal.com\/blog\/?s={search_term_string}\"},\"query-input\":{\"@type\":\"PropertyValueSpecification\",\"valueRequired\":true,\"valueName\":\"search_term_string\"}}],\"inLanguage\":\"fr-FR\"},{\"@type\":\"Organization\",\"@id\":\"https:\/\/www.carideal.com\/blog\/#organization\",\"name\":\"Carideal\",\"url\":\"https:\/\/www.carideal.com\/blog\/\",\"logo\":{\"@type\":\"ImageObject\",\"inLanguage\":\"fr-FR\",\"@id\":\"https:\/\/www.carideal.com\/blog\/#\/schema\/logo\/image\/\",\"url\":\"http:\/\/www.carideal.com\/blog\/wp-content\/uploads\/2016\/03\/logo-carideal-mandataire-automobile.png\",\"contentUrl\":\"http:\/\/www.carideal.com\/blog\/wp-content\/uploads\/2016\/03\/logo-carideal-mandataire-automobile.png\",\"width\":300,\"height\":300,\"caption\":\"Carideal\"},\"image\":{\"@id\":\"https:\/\/www.carideal.com\/blog\/#\/schema\/logo\/image\/\"},\"sameAs\":[\"https:\/\/www.facebook.com\/Carideal.mandataire.automobile\",\"https:\/\/x.com\/caridealauto\",\"https:\/\/www.instagram.com\/carideal1\/\",\"https:\/\/www.linkedin.com\/company\/carideal.com\",\"https:\/\/fr.pinterest.com\/schiavonsas\/\",\"https:\/\/www.youtube.com\/user\/caridealsas\"]},{\"@type\":\"Person\",\"@id\":\"https:\/\/www.carideal.com\/blog\/#\/schema\/person\/985c7e757d1042d647f21bfaf8d41ebc\",\"name\":\"N.S Carideal\",\"image\":{\"@type\":\"ImageObject\",\"inLanguage\":\"fr-FR\",\"@id\":\"https:\/\/www.carideal.com\/blog\/#\/schema\/person\/image\/\",\"url\":\"https:\/\/secure.gravatar.com\/avatar\/edb7ccdf1a4e3d14aef967760d354d0e?s=96&r=g\",\"contentUrl\":\"https:\/\/secure.gravatar.com\/avatar\/edb7ccdf1a4e3d14aef967760d354d0e?s=96&r=g\",\"caption\":\"N.S Carideal\"},\"description\":\"Depuis tout petit fan d'automobile. Il est question d'essayer et de comparer toutes ces voitures qui nous ont fait r\u00e9ver, avant que celles-ci ne devient uniquement des voitures de collection.\",\"sameAs\":[\"http:\/\/www.carideal.com\/blog\",\"https:\/\/www.facebook.com\/Carideal.mandataire.automobile\/\",\"https:\/\/www.linkedin.com\/in\/nschiavon\/\",\"https:\/\/www.youtube.com\/user\/caridealsas\/\"],\"url\":\"https:\/\/www.carideal.com\/blog\/author\/admin_carideal\/\"}]}<\/script>\n<!-- \/ Yoast SEO plugin. -->","yoast_head_json":{"title":"Renault Latitude le r\u00e9alisme - Blog auto Carid\u00e9al","robots":{"index":"index","follow":"follow","max-snippet":"max-snippet:-1","max-image-preview":"max-image-preview:large","max-video-preview":"max-video-preview:-1"},"canonical":"https:\/\/www.carideal.com\/blog\/2011\/02\/06\/renault-latitude-le-realisme\/","og_locale":"fr_FR","og_type":"article","og_title":"Renault Latitude le r\u00e9alisme - Blog auto Carid\u00e9al","og_description":"La renault Latitude est le clone de la Samsung SM5. En Europe, les constructeurs g\u00e9n\u00e9ralistes ont perdu la bataille des berlines haut de gamme, cat\u00e9gorie devenue chasse gard\u00e9e des marques sp\u00e9cialis\u00e9es allemandes. Le triste destin des trois derni\u00e8res productions fran\u00e7aises en t\u00e9moigne. Renault ne s'en cache d'ailleurs pas&nbsp;: sans la SM5, jamais la Renault Latitude ... Lire plus","og_url":"https:\/\/www.carideal.com\/blog\/2011\/02\/06\/renault-latitude-le-realisme\/","og_site_name":"Blog auto Carid\u00e9al","article_publisher":"https:\/\/www.facebook.com\/Carideal.mandataire.automobile","article_author":"https:\/\/www.facebook.com\/Carideal.mandataire.automobile\/","article_published_time":"2011-02-06T21:17:00+00:00","article_modified_time":"2020-03-07T17:04:23+00:00","og_image":[{"width":300,"height":300,"url":"https:\/\/www.carideal.com\/blog\/wp-content\/uploads\/2016\/03\/logo-carideal-mandataire-automobile.png","type":"image\/png"}],"author":"N.S Carideal","twitter_card":"summary_large_image","twitter_creator":"@caridealauto","twitter_site":"@caridealauto","twitter_misc":{"\u00c9crit par":"N.S Carideal","Dur\u00e9e de lecture estim\u00e9e":"1 minute"},"schema":{"@context":"https:\/\/schema.org","@graph":[{"@type":"Article","@id":"https:\/\/www.carideal.com\/blog\/2011\/02\/06\/renault-latitude-le-realisme\/#article","isPartOf":{"@id":"https:\/\/www.carideal.com\/blog\/2011\/02\/06\/renault-latitude-le-realisme\/"},"author":{"name":"N.S Carideal","@id":"https:\/\/www.carideal.com\/blog\/#\/schema\/person\/985c7e757d1042d647f21bfaf8d41ebc"},"headline":"Renault Latitude le r\u00e9alisme","datePublished":"2011-02-06T21:17:00+00:00","dateModified":"2020-03-07T17:04:23+00:00","mainEntityOfPage":{"@id":"https:\/\/www.carideal.com\/blog\/2011\/02\/06\/renault-latitude-le-realisme\/"},"wordCount":184,"commentCount":0,"publisher":{"@id":"https:\/\/www.carideal.com\/blog\/#organization"},"articleSection":["March\u00e9 automobile"],"inLanguage":"fr-FR","potentialAction":[{"@type":"CommentAction","name":"Comment","target":["https:\/\/www.carideal.com\/blog\/2011\/02\/06\/renault-latitude-le-realisme\/#respond"]}]},{"@type":"WebPage","@id":"https:\/\/www.carideal.com\/blog\/2011\/02\/06\/renault-latitude-le-realisme\/","url":"https:\/\/www.carideal.com\/blog\/2011\/02\/06\/renault-latitude-le-realisme\/","name":"Renault Latitude le r\u00e9alisme - Blog auto Carid\u00e9al","isPartOf":{"@id":"https:\/\/www.carideal.com\/blog\/#website"},"datePublished":"2011-02-06T21:17:00+00:00","dateModified":"2020-03-07T17:04:23+00:00","breadcrumb":{"@id":"https:\/\/www.carideal.com\/blog\/2011\/02\/06\/renault-latitude-le-realisme\/#breadcrumb"},"inLanguage":"fr-FR","potentialAction":[{"@type":"ReadAction","target":["https:\/\/www.carideal.com\/blog\/2011\/02\/06\/renault-latitude-le-realisme\/"]}]},{"@type":"BreadcrumbList","@id":"https:\/\/www.carideal.com\/blog\/2011\/02\/06\/renault-latitude-le-realisme\/#breadcrumb","itemListElement":[{"@type":"ListItem","position":1,"name":"Blog Carid\u00e9al","item":"https:\/\/www.carideal.com\/blog\/"},{"@type":"ListItem","position":2,"name":"March\u00e9 automobile","item":"https:\/\/www.carideal.com\/blog\/marche-automobile-voiture-neuve-occasion-4x4-suv\/"},{"@type":"ListItem","position":3,"name":"Renault Latitude le r\u00e9alisme"}]},{"@type":"WebSite","@id":"https:\/\/www.carideal.com\/blog\/#website","url":"https:\/\/www.carideal.com\/blog\/","name":"Blog auto Carid\u00e9al","description":"Actualit\u00e9 auto par des passionn\u00e9s","publisher":{"@id":"https:\/\/www.carideal.com\/blog\/#organization"},"potentialAction":[{"@type":"SearchAction","target":{"@type":"EntryPoint","urlTemplate":"https:\/\/www.carideal.com\/blog\/?s={search_term_string}"},"query-input":{"@type":"PropertyValueSpecification","valueRequired":true,"valueName":"search_term_string"}}],"inLanguage":"fr-FR"},{"@type":"Organization","@id":"https:\/\/www.carideal.com\/blog\/#organization","name":"Carideal","url":"https:\/\/www.carideal.com\/blog\/","logo":{"@type":"ImageObject","inLanguage":"fr-FR","@id":"https:\/\/www.carideal.com\/blog\/#\/schema\/logo\/image\/","url":"http:\/\/www.carideal.com\/blog\/wp-content\/uploads\/2016\/03\/logo-carideal-mandataire-automobile.png","contentUrl":"http:\/\/www.carideal.com\/blog\/wp-content\/uploads\/2016\/03\/logo-carideal-mandataire-automobile.png","width":300,"height":300,"caption":"Carideal"},"image":{"@id":"https:\/\/www.carideal.com\/blog\/#\/schema\/logo\/image\/"},"sameAs":["https:\/\/www.facebook.com\/Carideal.mandataire.automobile","https:\/\/x.com\/caridealauto","https:\/\/www.instagram.com\/carideal1\/","https:\/\/www.linkedin.com\/company\/carideal.com","https:\/\/fr.pinterest.com\/schiavonsas\/","https:\/\/www.youtube.com\/user\/caridealsas"]},{"@type":"Person","@id":"https:\/\/www.carideal.com\/blog\/#\/schema\/person\/985c7e757d1042d647f21bfaf8d41ebc","name":"N.S Carideal","image":{"@type":"ImageObject","inLanguage":"fr-FR","@id":"https:\/\/www.carideal.com\/blog\/#\/schema\/person\/image\/","url":"https:\/\/secure.gravatar.com\/avatar\/edb7ccdf1a4e3d14aef967760d354d0e?s=96&r=g","contentUrl":"https:\/\/secure.gravatar.com\/avatar\/edb7ccdf1a4e3d14aef967760d354d0e?s=96&r=g","caption":"N.S Carideal"},"description":"Depuis tout petit fan d'automobile. Il est question d'essayer et de comparer toutes ces voitures qui nous ont fait r\u00e9ver, avant que celles-ci ne devient uniquement des voitures de collection.","sameAs":["http:\/\/www.carideal.com\/blog","https:\/\/www.facebook.com\/Carideal.mandataire.automobile\/","https:\/\/www.linkedin.com\/in\/nschiavon\/","https:\/\/www.youtube.com\/user\/caridealsas\/"],"url":"https:\/\/www.carideal.com\/blog\/author\/admin_carideal\/"}]}},"uagb_featured_image_src":{"full":false,"thumbnail":false,"medium":false,"medium_large":false,"large":false,"1536x1536":false,"2048x2048":false,"wppr-widget":false},"uagb_author_info":{"display_name":"N.S Carideal","author_link":"https:\/\/www.carideal.com\/blog\/author\/admin_carideal\/"},"uagb_comment_info":0,"uagb_excerpt":"La renault Latitude est le clone de la Samsung SM5. En Europe, les constructeurs g\u00e9n\u00e9ralistes ont perdu la bataille des berlines haut de gamme, cat\u00e9gorie devenue chasse gard\u00e9e des marques sp\u00e9cialis\u00e9es allemandes. Le triste destin des trois derni\u00e8res productions fran\u00e7aises en t\u00e9moigne. Renault ne s'en cache d'ailleurs pas&nbsp;: sans la SM5, jamais la Renault Latitude\u2026","_links":{"self":[{"href":"https:\/\/www.carideal.com\/blog\/wp-json\/wp\/v2\/posts\/879"}],"collection":[{"href":"https:\/\/www.carideal.com\/blog\/wp-json\/wp\/v2\/posts"}],"about":[{"href":"https:\/\/www.carideal.com\/blog\/wp-json\/wp\/v2\/types\/post"}],"author":[{"embeddable":true,"href":"https:\/\/www.carideal.com\/blog\/wp-json\/wp\/v2\/users\/1"}],"replies":[{"embeddable":true,"href":"https:\/\/www.carideal.com\/blog\/wp-json\/wp\/v2\/comments?post=879"}],"version-history":[{"count":0,"href":"https:\/\/www.carideal.com\/blog\/wp-json\/wp\/v2\/posts\/879\/revisions"}],"wp:attachment":[{"href":"https:\/\/www.carideal.com\/blog\/wp-json\/wp\/v2\/media?parent=879"}],"wp:term":[{"taxonomy":"category","embeddable":true,"href":"https:\/\/www.carideal.com\/blog\/wp-json\/wp\/v2\/categories?post=879"},{"taxonomy":"post_tag","embeddable":true,"href":"https:\/\/www.carideal.com\/blog\/wp-json\/wp\/v2\/tags?post=879"}],"curies":[{"name":"wp","href":"https:\/\/api.w.org\/{rel}","templated":true}]}}