{"id":877,"date":"2011-02-06T11:52:00","date_gmt":"2011-02-06T11:52:00","guid":{"rendered":"http:\/\/carideal.com\/blog\/?p=877"},"modified":"2020-01-23T16:14:20","modified_gmt":"2020-01-23T15:14:20","slug":"peugeot-308-d-occasion","status":"publish","type":"post","link":"https:\/\/www.carideal.com\/blog\/2011\/02\/06\/peugeot-308-d-occasion\/","title":{"rendered":"Avis sur la Peugeot 308 d&rsquo;occasion"},"content":{"rendered":"<h2>Avis sur la Peugeot 308 d'occasion de 2011<\/h2>\n<p><strong>On peut trouver des 308 d'occasion \u00e0 partir de 7500 \u20ac<\/strong><\/p>\n<figure id=\"attachment_20758\" aria-describedby=\"caption-attachment-20758\" style=\"width: 438px\" class=\"wp-caption alignnone\"><img loading=\"lazy\" decoding=\"async\" class=\"size-full wp-image-20758\" src=\"http:\/\/www.carideal.com\/blog\/wp-content\/uploads\/2011\/02\/peugeot_308_carideal_2_m.jpg\" alt=\"Avis sur la Peugeot 308 d'occasion\" width=\"448\" height=\"353\" srcset=\"https:\/\/www.carideal.com\/blog\/wp-content\/uploads\/2011\/02\/peugeot_308_carideal_2_m.jpg 448w, https:\/\/www.carideal.com\/blog\/wp-content\/uploads\/2011\/02\/peugeot_308_carideal_2_m-300x236.jpg 300w, https:\/\/www.carideal.com\/blog\/wp-content\/uploads\/2011\/02\/peugeot_308_carideal_2_m-50x39.jpg 50w, https:\/\/www.carideal.com\/blog\/wp-content\/uploads\/2011\/02\/peugeot_308_carideal_2_m-110x87.jpg 110w, https:\/\/www.carideal.com\/blog\/wp-content\/uploads\/2011\/02\/peugeot_308_carideal_2_m-420x331.jpg 420w\" sizes=\"(max-width: 448px) 100vw, 448px\" \/><figcaption id=\"caption-attachment-20758\" class=\"wp-caption-text\">Avis sur la Peugeot 308 d'occasion<\/figcaption><\/figure>\n<p>Arriv\u00e9e \u00e0 mi-carri\u00e8re, la <strong>Peugeot 308<\/strong> est d\u00e9sormais tr\u00e8s pr\u00e9sente sur le march\u00e9 de la <a href=\"http:\/\/www.carideal.com\/blog\/voitures-occasions\/\"><span style=\"text-decoration: underline;\">voiture d'occasion<\/span><\/a>. Si les avaries \u00e0 r\u00e9p\u00e9tition de son a\u00een\u00e9e ne sont plus d'actualit\u00e9, quelques probl\u00e8mes persistent n\u00e9anmoins.<\/p>\n<p>Toutefois le 1.6 hdi est en d\u00e9licatesse avec le turbo, manque de puissance, et la courroie est bruyante, entr\u00e9e d'humidit\u00e9 par la poulie du vilebrequin, courroie et galets \u00e0 remplacer. Jusqu'en septembre 2008, la casse de l'\u00e9cran thermique g\u00e9n\u00e8re des bruits et le mauvais serrage des goujons des fuites jusqu'en f\u00e9vrier 2009. D'ailleurs vous trouverez ici toutes les <span style=\"text-decoration: underline;\"><a href=\"http:\/\/www.carideal.com\/blog\/2011\/01\/06\/les-peugeot-de-2011\/\">Peugeot de 2011<\/a><\/span>.<\/p>\n<h2>308 Occasion son comportement routier<\/h2>\n<p>Le comportement routier de la 308 occasion est toujours le m\u00eame et avec son&nbsp;confort sont inchang\u00e9s sur la 308 d'occasion. Les liaisons au sol sont excellentes, on appr\u00e9cie le train avant incisif, sa stabilit\u00e9 parfaite et la filtration des suspensions tr\u00e8s efficace. Cette 308 d'occasion propose&nbsp;une tr\u00e8s bonne synth\u00e8se confort\/comportement, pour un usage familiale de tout les jours : elle figure Parmi les meilleurs de sa cat\u00e9gorie. L'achat d'une 308 occasion devrait vous combler.<\/p>\n<h2>308 occasion les moteurs disponibles<\/h2>\n<p>La motorisation la plus diffus\u00e9e, est le moteur diesel 1.6 HDi 112 ch qui lui contrairement \u00e0 sa cousine la <a href=\"http:\/\/www.carideal.com\/blog\/2011\/11\/21\/achat-voiture-occasion-citroen-nouvelle-c4-ii-essai-et-test\/\"><span style=\"text-decoration: underline;\">Citroen C4<\/span><\/a>, n'est pas encore \u00e9quip\u00e9 du syst\u00e8me de micro-hybridation PSA e-HDI avec son fabuleux <a href=\"http:\/\/www.carideal.com\/blog\/2007\/12\/10\/le-stop-and-start-de-psa-sera-t-il-bientot-obligatoire-sur-toute-les-voitures\/\">stop &amp; start<\/a>. &nbsp;Il faudra sans doute attendre le restylage de la 308 pour cela. Vous pouvez trouver aussi le moteur diesel HDI 90. Rare sont les motorisations essences disponibles en occasions, les Fran\u00e7ais ne veulent pas les acheter neuves, il n'y a donc pas de raison d'en trouver en occasion. De toute fa\u00e7on les \u00e9carts de consommation entre essence et diesel sont disuadant pour ceux qui ne regarde que leur porte-monnaie quand il s'agit de faire le plein.<\/p>\n<p>La 308 d'occasion se vend bien et est&nbsp;recherch\u00e9e. Il est s\u00fbr que le client sera satisfait de son achat de 308 occasion, \u00e0 conseiller. Le client qui d\u00e9sire plus de volume, entre autre pour ses loisirs pourra se tourner vers un <a href=\"http:\/\/www.carideal.com\/blog\/2012\/09\/30\/lachat-dun-loduspace-doccasion-au-bon-prix\/\"><span style=\"text-decoration: underline;\">ludospace<\/span><\/a>, comme un <span style=\"text-decoration: underline;\"><a href=\"http:\/\/www.carideal.com\/blog\/2011\/01\/29\/peugeot-partner-i-occasion\/\">Peugeot partner d'occasion<\/a><\/span><\/p>\n","protected":false},"excerpt":{"rendered":"<p>Avis sur la Peugeot 308 d&rsquo;occasion de 2011 On peut trouver des 308 d&rsquo;occasion \u00e0 partir de 7500 \u20ac Arriv\u00e9e \u00e0 mi-carri\u00e8re, la Peugeot 308 est d\u00e9sormais tr\u00e8s pr\u00e9sente sur le march\u00e9 de la voiture d&rsquo;occasion. Si les avaries \u00e0 r\u00e9p\u00e9tition de son a\u00een\u00e9e ne sont plus d&rsquo;actualit\u00e9, quelques probl\u00e8mes persistent n\u00e9anmoins. Toutefois le 1.6 &#8230; <a title=\"Avis sur la Peugeot 308 d&rsquo;occasion\" class=\"read-more\" href=\"https:\/\/www.carideal.com\/blog\/2011\/02\/06\/peugeot-308-d-occasion\/\" aria-label=\"En savoir plus sur Avis sur la Peugeot 308 d&rsquo;occasion\">Lire plus<\/a><\/p>\n","protected":false},"author":1,"featured_media":20758,"comment_status":"open","ping_status":"open","sticky":false,"template":"","format":"standard","meta":{"_uag_custom_page_level_css":"","_themeisle_gutenberg_block_has_review":false,"footnotes":""},"categories":[6012,6025,5948],"tags":[17183],"class_list":["post-877","post","type-post","status-publish","format-standard","has-post-thumbnail","hentry","category-berlines","category-occasion-type-de-vehicule-type-de-vehicule","category-peugeot-essai","tag-avis-voiture"],"wppr_data":{"cwp_meta_box_check":"No"},"yoast_head":"<!-- This site is optimized with the Yoast SEO plugin v24.8.1 - https:\/\/yoast.com\/wordpress\/plugins\/seo\/ -->\n<title>Avis sur la Peugeot 308 d&#039;occasion - Blog auto Carid\u00e9al<\/title>\n<meta name=\"description\" content=\"On peut trouver des 308 occasion \u00e0 partir de 7500 \u20ac Arriv\u00e9e \u00e0 mi-carri\u00e8re, la Peugeot 308 est d\u00e9sormais tr\u00e8s pr\u00e9sente sur le march\u00e9 de la voiture d&#039;occasion\" \/>\n<meta name=\"robots\" content=\"index, follow, max-snippet:-1, max-image-preview:large, max-video-preview:-1\" \/>\n<link rel=\"canonical\" href=\"https:\/\/www.carideal.com\/blog\/2011\/02\/06\/peugeot-308-d-occasion\/\" \/>\n<meta property=\"og:locale\" content=\"fr_FR\" \/>\n<meta property=\"og:type\" content=\"article\" \/>\n<meta property=\"og:title\" content=\"Avis sur la Peugeot 308 d&#039;occasion - Blog auto Carid\u00e9al\" \/>\n<meta property=\"og:description\" content=\"On peut trouver des 308 occasion \u00e0 partir de 7500 \u20ac Arriv\u00e9e \u00e0 mi-carri\u00e8re, la Peugeot 308 est d\u00e9sormais tr\u00e8s pr\u00e9sente sur le march\u00e9 de la voiture d&#039;occasion\" \/>\n<meta property=\"og:url\" content=\"https:\/\/www.carideal.com\/blog\/2011\/02\/06\/peugeot-308-d-occasion\/\" \/>\n<meta property=\"og:site_name\" content=\"Blog auto Carid\u00e9al\" \/>\n<meta property=\"article:publisher\" content=\"https:\/\/www.facebook.com\/Carideal.mandataire.automobile\" \/>\n<meta property=\"article:author\" content=\"https:\/\/www.facebook.com\/Carideal.mandataire.automobile\/\" \/>\n<meta property=\"article:published_time\" content=\"2011-02-06T11:52:00+00:00\" \/>\n<meta property=\"article:modified_time\" content=\"2020-01-23T15:14:20+00:00\" \/>\n<meta property=\"og:image\" content=\"https:\/\/www.carideal.com\/blog\/wp-content\/uploads\/2011\/02\/peugeot_308_carideal_2_m.jpg\" \/>\n\t<meta property=\"og:image:width\" content=\"448\" \/>\n\t<meta property=\"og:image:height\" content=\"353\" \/>\n\t<meta property=\"og:image:type\" content=\"image\/jpeg\" \/>\n<meta name=\"author\" content=\"N.S Carideal\" \/>\n<meta name=\"twitter:card\" content=\"summary_large_image\" \/>\n<meta name=\"twitter:creator\" content=\"@caridealauto\" \/>\n<meta name=\"twitter:site\" content=\"@caridealauto\" \/>\n<meta name=\"twitter:label1\" content=\"\u00c9crit par\" \/>\n\t<meta name=\"twitter:data1\" content=\"N.S Carideal\" \/>\n\t<meta name=\"twitter:label2\" content=\"Dur\u00e9e de lecture estim\u00e9e\" \/>\n\t<meta name=\"twitter:data2\" content=\"2 minutes\" \/>\n<script type=\"application\/ld+json\" class=\"yoast-schema-graph\">{\"@context\":\"https:\/\/schema.org\",\"@graph\":[{\"@type\":\"Article\",\"@id\":\"https:\/\/www.carideal.com\/blog\/2011\/02\/06\/peugeot-308-d-occasion\/#article\",\"isPartOf\":{\"@id\":\"https:\/\/www.carideal.com\/blog\/2011\/02\/06\/peugeot-308-d-occasion\/\"},\"author\":{\"name\":\"N.S Carideal\",\"@id\":\"https:\/\/www.carideal.com\/blog\/#\/schema\/person\/985c7e757d1042d647f21bfaf8d41ebc\"},\"headline\":\"Avis sur la Peugeot 308 d&rsquo;occasion\",\"datePublished\":\"2011-02-06T11:52:00+00:00\",\"dateModified\":\"2020-01-23T15:14:20+00:00\",\"mainEntityOfPage\":{\"@id\":\"https:\/\/www.carideal.com\/blog\/2011\/02\/06\/peugeot-308-d-occasion\/\"},\"wordCount\":385,\"commentCount\":0,\"publisher\":{\"@id\":\"https:\/\/www.carideal.com\/blog\/#organization\"},\"image\":{\"@id\":\"https:\/\/www.carideal.com\/blog\/2011\/02\/06\/peugeot-308-d-occasion\/#primaryimage\"},\"thumbnailUrl\":\"https:\/\/www.carideal.com\/blog\/wp-content\/uploads\/2011\/02\/peugeot_308_carideal_2_m.jpg\",\"keywords\":[\"Avis voiture - Notes -\"],\"articleSection\":[\"Berlines\",\"Essai Voiture Occasion\",\"Essais Peugeot\"],\"inLanguage\":\"fr-FR\",\"potentialAction\":[{\"@type\":\"CommentAction\",\"name\":\"Comment\",\"target\":[\"https:\/\/www.carideal.com\/blog\/2011\/02\/06\/peugeot-308-d-occasion\/#respond\"]}]},{\"@type\":\"WebPage\",\"@id\":\"https:\/\/www.carideal.com\/blog\/2011\/02\/06\/peugeot-308-d-occasion\/\",\"url\":\"https:\/\/www.carideal.com\/blog\/2011\/02\/06\/peugeot-308-d-occasion\/\",\"name\":\"Avis sur la Peugeot 308 d'occasion - Blog auto Carid\u00e9al\",\"isPartOf\":{\"@id\":\"https:\/\/www.carideal.com\/blog\/#website\"},\"primaryImageOfPage\":{\"@id\":\"https:\/\/www.carideal.com\/blog\/2011\/02\/06\/peugeot-308-d-occasion\/#primaryimage\"},\"image\":{\"@id\":\"https:\/\/www.carideal.com\/blog\/2011\/02\/06\/peugeot-308-d-occasion\/#primaryimage\"},\"thumbnailUrl\":\"https:\/\/www.carideal.com\/blog\/wp-content\/uploads\/2011\/02\/peugeot_308_carideal_2_m.jpg\",\"datePublished\":\"2011-02-06T11:52:00+00:00\",\"dateModified\":\"2020-01-23T15:14:20+00:00\",\"description\":\"On peut trouver des 308 occasion \u00e0 partir de 7500 \u20ac Arriv\u00e9e \u00e0 mi-carri\u00e8re, la Peugeot 308 est d\u00e9sormais tr\u00e8s pr\u00e9sente sur le march\u00e9 de la voiture d'occasion\",\"breadcrumb\":{\"@id\":\"https:\/\/www.carideal.com\/blog\/2011\/02\/06\/peugeot-308-d-occasion\/#breadcrumb\"},\"inLanguage\":\"fr-FR\",\"potentialAction\":[{\"@type\":\"ReadAction\",\"target\":[\"https:\/\/www.carideal.com\/blog\/2011\/02\/06\/peugeot-308-d-occasion\/\"]}]},{\"@type\":\"ImageObject\",\"inLanguage\":\"fr-FR\",\"@id\":\"https:\/\/www.carideal.com\/blog\/2011\/02\/06\/peugeot-308-d-occasion\/#primaryimage\",\"url\":\"https:\/\/www.carideal.com\/blog\/wp-content\/uploads\/2011\/02\/peugeot_308_carideal_2_m.jpg\",\"contentUrl\":\"https:\/\/www.carideal.com\/blog\/wp-content\/uploads\/2011\/02\/peugeot_308_carideal_2_m.jpg\",\"width\":448,\"height\":353,\"caption\":\"Avis sur la Peugeot 308 d'occasion\"},{\"@type\":\"BreadcrumbList\",\"@id\":\"https:\/\/www.carideal.com\/blog\/2011\/02\/06\/peugeot-308-d-occasion\/#breadcrumb\",\"itemListElement\":[{\"@type\":\"ListItem\",\"position\":1,\"name\":\"Blog Carid\u00e9al\",\"item\":\"https:\/\/www.carideal.com\/blog\/\"},{\"@type\":\"ListItem\",\"position\":2,\"name\":\"Type de v\u00e9hicule\",\"item\":\"https:\/\/www.carideal.com\/blog\/type-de-vehicule\/\"},{\"@type\":\"ListItem\",\"position\":3,\"name\":\"Essai Voiture Occasion\",\"item\":\"https:\/\/www.carideal.com\/blog\/type-de-vehicule\/occasion-type-de-vehicule-type-de-vehicule\/\"},{\"@type\":\"ListItem\",\"position\":4,\"name\":\"Avis sur la Peugeot 308 d&rsquo;occasion\"}]},{\"@type\":\"WebSite\",\"@id\":\"https:\/\/www.carideal.com\/blog\/#website\",\"url\":\"https:\/\/www.carideal.com\/blog\/\",\"name\":\"Blog auto Carid\u00e9al\",\"description\":\"Actualit\u00e9 auto par des passionn\u00e9s\",\"publisher\":{\"@id\":\"https:\/\/www.carideal.com\/blog\/#organization\"},\"potentialAction\":[{\"@type\":\"SearchAction\",\"target\":{\"@type\":\"EntryPoint\",\"urlTemplate\":\"https:\/\/www.carideal.com\/blog\/?s={search_term_string}\"},\"query-input\":{\"@type\":\"PropertyValueSpecification\",\"valueRequired\":true,\"valueName\":\"search_term_string\"}}],\"inLanguage\":\"fr-FR\"},{\"@type\":\"Organization\",\"@id\":\"https:\/\/www.carideal.com\/blog\/#organization\",\"name\":\"Carideal\",\"url\":\"https:\/\/www.carideal.com\/blog\/\",\"logo\":{\"@type\":\"ImageObject\",\"inLanguage\":\"fr-FR\",\"@id\":\"https:\/\/www.carideal.com\/blog\/#\/schema\/logo\/image\/\",\"url\":\"http:\/\/www.carideal.com\/blog\/wp-content\/uploads\/2016\/03\/logo-carideal-mandataire-automobile.png\",\"contentUrl\":\"http:\/\/www.carideal.com\/blog\/wp-content\/uploads\/2016\/03\/logo-carideal-mandataire-automobile.png\",\"width\":300,\"height\":300,\"caption\":\"Carideal\"},\"image\":{\"@id\":\"https:\/\/www.carideal.com\/blog\/#\/schema\/logo\/image\/\"},\"sameAs\":[\"https:\/\/www.facebook.com\/Carideal.mandataire.automobile\",\"https:\/\/x.com\/caridealauto\",\"https:\/\/www.instagram.com\/carideal1\/\",\"https:\/\/www.linkedin.com\/company\/carideal.com\",\"https:\/\/fr.pinterest.com\/schiavonsas\/\",\"https:\/\/www.youtube.com\/user\/caridealsas\"]},{\"@type\":\"Person\",\"@id\":\"https:\/\/www.carideal.com\/blog\/#\/schema\/person\/985c7e757d1042d647f21bfaf8d41ebc\",\"name\":\"N.S Carideal\",\"image\":{\"@type\":\"ImageObject\",\"inLanguage\":\"fr-FR\",\"@id\":\"https:\/\/www.carideal.com\/blog\/#\/schema\/person\/image\/\",\"url\":\"https:\/\/secure.gravatar.com\/avatar\/edb7ccdf1a4e3d14aef967760d354d0e?s=96&r=g\",\"contentUrl\":\"https:\/\/secure.gravatar.com\/avatar\/edb7ccdf1a4e3d14aef967760d354d0e?s=96&r=g\",\"caption\":\"N.S Carideal\"},\"description\":\"Depuis tout petit fan d'automobile. Il est question d'essayer et de comparer toutes ces voitures qui nous ont fait r\u00e9ver, avant que celles-ci ne devient uniquement des voitures de collection.\",\"sameAs\":[\"http:\/\/www.carideal.com\/blog\",\"https:\/\/www.facebook.com\/Carideal.mandataire.automobile\/\",\"https:\/\/www.linkedin.com\/in\/nschiavon\/\",\"https:\/\/www.youtube.com\/user\/caridealsas\/\"],\"url\":\"https:\/\/www.carideal.com\/blog\/author\/admin_carideal\/\"}]}<\/script>\n<!-- \/ Yoast SEO plugin. -->","yoast_head_json":{"title":"Avis sur la Peugeot 308 d'occasion - Blog auto Carid\u00e9al","description":"On peut trouver des 308 occasion \u00e0 partir de 7500 \u20ac Arriv\u00e9e \u00e0 mi-carri\u00e8re, la Peugeot 308 est d\u00e9sormais tr\u00e8s pr\u00e9sente sur le march\u00e9 de la voiture d'occasion","robots":{"index":"index","follow":"follow","max-snippet":"max-snippet:-1","max-image-preview":"max-image-preview:large","max-video-preview":"max-video-preview:-1"},"canonical":"https:\/\/www.carideal.com\/blog\/2011\/02\/06\/peugeot-308-d-occasion\/","og_locale":"fr_FR","og_type":"article","og_title":"Avis sur la Peugeot 308 d'occasion - Blog auto Carid\u00e9al","og_description":"On peut trouver des 308 occasion \u00e0 partir de 7500 \u20ac Arriv\u00e9e \u00e0 mi-carri\u00e8re, la Peugeot 308 est d\u00e9sormais tr\u00e8s pr\u00e9sente sur le march\u00e9 de la voiture d'occasion","og_url":"https:\/\/www.carideal.com\/blog\/2011\/02\/06\/peugeot-308-d-occasion\/","og_site_name":"Blog auto Carid\u00e9al","article_publisher":"https:\/\/www.facebook.com\/Carideal.mandataire.automobile","article_author":"https:\/\/www.facebook.com\/Carideal.mandataire.automobile\/","article_published_time":"2011-02-06T11:52:00+00:00","article_modified_time":"2020-01-23T15:14:20+00:00","og_image":[{"width":448,"height":353,"url":"https:\/\/www.carideal.com\/blog\/wp-content\/uploads\/2011\/02\/peugeot_308_carideal_2_m.jpg","type":"image\/jpeg"}],"author":"N.S Carideal","twitter_card":"summary_large_image","twitter_creator":"@caridealauto","twitter_site":"@caridealauto","twitter_misc":{"\u00c9crit par":"N.S Carideal","Dur\u00e9e de lecture estim\u00e9e":"2 minutes"},"schema":{"@context":"https:\/\/schema.org","@graph":[{"@type":"Article","@id":"https:\/\/www.carideal.com\/blog\/2011\/02\/06\/peugeot-308-d-occasion\/#article","isPartOf":{"@id":"https:\/\/www.carideal.com\/blog\/2011\/02\/06\/peugeot-308-d-occasion\/"},"author":{"name":"N.S Carideal","@id":"https:\/\/www.carideal.com\/blog\/#\/schema\/person\/985c7e757d1042d647f21bfaf8d41ebc"},"headline":"Avis sur la Peugeot 308 d&rsquo;occasion","datePublished":"2011-02-06T11:52:00+00:00","dateModified":"2020-01-23T15:14:20+00:00","mainEntityOfPage":{"@id":"https:\/\/www.carideal.com\/blog\/2011\/02\/06\/peugeot-308-d-occasion\/"},"wordCount":385,"commentCount":0,"publisher":{"@id":"https:\/\/www.carideal.com\/blog\/#organization"},"image":{"@id":"https:\/\/www.carideal.com\/blog\/2011\/02\/06\/peugeot-308-d-occasion\/#primaryimage"},"thumbnailUrl":"https:\/\/www.carideal.com\/blog\/wp-content\/uploads\/2011\/02\/peugeot_308_carideal_2_m.jpg","keywords":["Avis voiture - Notes -"],"articleSection":["Berlines","Essai Voiture Occasion","Essais Peugeot"],"inLanguage":"fr-FR","potentialAction":[{"@type":"CommentAction","name":"Comment","target":["https:\/\/www.carideal.com\/blog\/2011\/02\/06\/peugeot-308-d-occasion\/#respond"]}]},{"@type":"WebPage","@id":"https:\/\/www.carideal.com\/blog\/2011\/02\/06\/peugeot-308-d-occasion\/","url":"https:\/\/www.carideal.com\/blog\/2011\/02\/06\/peugeot-308-d-occasion\/","name":"Avis sur la Peugeot 308 d'occasion - Blog auto Carid\u00e9al","isPartOf":{"@id":"https:\/\/www.carideal.com\/blog\/#website"},"primaryImageOfPage":{"@id":"https:\/\/www.carideal.com\/blog\/2011\/02\/06\/peugeot-308-d-occasion\/#primaryimage"},"image":{"@id":"https:\/\/www.carideal.com\/blog\/2011\/02\/06\/peugeot-308-d-occasion\/#primaryimage"},"thumbnailUrl":"https:\/\/www.carideal.com\/blog\/wp-content\/uploads\/2011\/02\/peugeot_308_carideal_2_m.jpg","datePublished":"2011-02-06T11:52:00+00:00","dateModified":"2020-01-23T15:14:20+00:00","description":"On peut trouver des 308 occasion \u00e0 partir de 7500 \u20ac Arriv\u00e9e \u00e0 mi-carri\u00e8re, la Peugeot 308 est d\u00e9sormais tr\u00e8s pr\u00e9sente sur le march\u00e9 de la voiture d'occasion","breadcrumb":{"@id":"https:\/\/www.carideal.com\/blog\/2011\/02\/06\/peugeot-308-d-occasion\/#breadcrumb"},"inLanguage":"fr-FR","potentialAction":[{"@type":"ReadAction","target":["https:\/\/www.carideal.com\/blog\/2011\/02\/06\/peugeot-308-d-occasion\/"]}]},{"@type":"ImageObject","inLanguage":"fr-FR","@id":"https:\/\/www.carideal.com\/blog\/2011\/02\/06\/peugeot-308-d-occasion\/#primaryimage","url":"https:\/\/www.carideal.com\/blog\/wp-content\/uploads\/2011\/02\/peugeot_308_carideal_2_m.jpg","contentUrl":"https:\/\/www.carideal.com\/blog\/wp-content\/uploads\/2011\/02\/peugeot_308_carideal_2_m.jpg","width":448,"height":353,"caption":"Avis sur la Peugeot 308 d'occasion"},{"@type":"BreadcrumbList","@id":"https:\/\/www.carideal.com\/blog\/2011\/02\/06\/peugeot-308-d-occasion\/#breadcrumb","itemListElement":[{"@type":"ListItem","position":1,"name":"Blog Carid\u00e9al","item":"https:\/\/www.carideal.com\/blog\/"},{"@type":"ListItem","position":2,"name":"Type de v\u00e9hicule","item":"https:\/\/www.carideal.com\/blog\/type-de-vehicule\/"},{"@type":"ListItem","position":3,"name":"Essai Voiture Occasion","item":"https:\/\/www.carideal.com\/blog\/type-de-vehicule\/occasion-type-de-vehicule-type-de-vehicule\/"},{"@type":"ListItem","position":4,"name":"Avis sur la Peugeot 308 d&rsquo;occasion"}]},{"@type":"WebSite","@id":"https:\/\/www.carideal.com\/blog\/#website","url":"https:\/\/www.carideal.com\/blog\/","name":"Blog auto Carid\u00e9al","description":"Actualit\u00e9 auto par des passionn\u00e9s","publisher":{"@id":"https:\/\/www.carideal.com\/blog\/#organization"},"potentialAction":[{"@type":"SearchAction","target":{"@type":"EntryPoint","urlTemplate":"https:\/\/www.carideal.com\/blog\/?s={search_term_string}"},"query-input":{"@type":"PropertyValueSpecification","valueRequired":true,"valueName":"search_term_string"}}],"inLanguage":"fr-FR"},{"@type":"Organization","@id":"https:\/\/www.carideal.com\/blog\/#organization","name":"Carideal","url":"https:\/\/www.carideal.com\/blog\/","logo":{"@type":"ImageObject","inLanguage":"fr-FR","@id":"https:\/\/www.carideal.com\/blog\/#\/schema\/logo\/image\/","url":"http:\/\/www.carideal.com\/blog\/wp-content\/uploads\/2016\/03\/logo-carideal-mandataire-automobile.png","contentUrl":"http:\/\/www.carideal.com\/blog\/wp-content\/uploads\/2016\/03\/logo-carideal-mandataire-automobile.png","width":300,"height":300,"caption":"Carideal"},"image":{"@id":"https:\/\/www.carideal.com\/blog\/#\/schema\/logo\/image\/"},"sameAs":["https:\/\/www.facebook.com\/Carideal.mandataire.automobile","https:\/\/x.com\/caridealauto","https:\/\/www.instagram.com\/carideal1\/","https:\/\/www.linkedin.com\/company\/carideal.com","https:\/\/fr.pinterest.com\/schiavonsas\/","https:\/\/www.youtube.com\/user\/caridealsas"]},{"@type":"Person","@id":"https:\/\/www.carideal.com\/blog\/#\/schema\/person\/985c7e757d1042d647f21bfaf8d41ebc","name":"N.S Carideal","image":{"@type":"ImageObject","inLanguage":"fr-FR","@id":"https:\/\/www.carideal.com\/blog\/#\/schema\/person\/image\/","url":"https:\/\/secure.gravatar.com\/avatar\/edb7ccdf1a4e3d14aef967760d354d0e?s=96&r=g","contentUrl":"https:\/\/secure.gravatar.com\/avatar\/edb7ccdf1a4e3d14aef967760d354d0e?s=96&r=g","caption":"N.S Carideal"},"description":"Depuis tout petit fan d'automobile. Il est question d'essayer et de comparer toutes ces voitures qui nous ont fait r\u00e9ver, avant que celles-ci ne devient uniquement des voitures de collection.","sameAs":["http:\/\/www.carideal.com\/blog","https:\/\/www.facebook.com\/Carideal.mandataire.automobile\/","https:\/\/www.linkedin.com\/in\/nschiavon\/","https:\/\/www.youtube.com\/user\/caridealsas\/"],"url":"https:\/\/www.carideal.com\/blog\/author\/admin_carideal\/"}]}},"uagb_featured_image_src":{"full":["https:\/\/www.carideal.com\/blog\/wp-content\/uploads\/2011\/02\/peugeot_308_carideal_2_m.jpg",448,353,false],"thumbnail":["https:\/\/www.carideal.com\/blog\/wp-content\/uploads\/2011\/02\/peugeot_308_carideal_2_m-150x150.jpg",150,150,true],"medium":["https:\/\/www.carideal.com\/blog\/wp-content\/uploads\/2011\/02\/peugeot_308_carideal_2_m-300x236.jpg",300,236,true],"medium_large":["https:\/\/www.carideal.com\/blog\/wp-content\/uploads\/2011\/02\/peugeot_308_carideal_2_m.jpg",448,353,false],"large":["https:\/\/www.carideal.com\/blog\/wp-content\/uploads\/2011\/02\/peugeot_308_carideal_2_m.jpg",448,353,false],"1536x1536":["https:\/\/www.carideal.com\/blog\/wp-content\/uploads\/2011\/02\/peugeot_308_carideal_2_m.jpg",448,353,false],"2048x2048":["https:\/\/www.carideal.com\/blog\/wp-content\/uploads\/2011\/02\/peugeot_308_carideal_2_m.jpg",448,353,false],"wppr-widget":["https:\/\/www.carideal.com\/blog\/wp-content\/uploads\/2011\/02\/peugeot_308_carideal_2_m-50x39.jpg",50,39,true]},"uagb_author_info":{"display_name":"N.S Carideal","author_link":"https:\/\/www.carideal.com\/blog\/author\/admin_carideal\/"},"uagb_comment_info":0,"uagb_excerpt":"Avis sur la Peugeot 308 d'occasion de 2011 On peut trouver des 308 d'occasion \u00e0 partir de 7500 \u20ac Arriv\u00e9e \u00e0 mi-carri\u00e8re, la Peugeot 308 est d\u00e9sormais tr\u00e8s pr\u00e9sente sur le march\u00e9 de la voiture d'occasion. Si les avaries \u00e0 r\u00e9p\u00e9tition de son a\u00een\u00e9e ne sont plus d'actualit\u00e9, quelques probl\u00e8mes persistent n\u00e9anmoins. Toutefois le 1.6\u2026","_links":{"self":[{"href":"https:\/\/www.carideal.com\/blog\/wp-json\/wp\/v2\/posts\/877"}],"collection":[{"href":"https:\/\/www.carideal.com\/blog\/wp-json\/wp\/v2\/posts"}],"about":[{"href":"https:\/\/www.carideal.com\/blog\/wp-json\/wp\/v2\/types\/post"}],"author":[{"embeddable":true,"href":"https:\/\/www.carideal.com\/blog\/wp-json\/wp\/v2\/users\/1"}],"replies":[{"embeddable":true,"href":"https:\/\/www.carideal.com\/blog\/wp-json\/wp\/v2\/comments?post=877"}],"version-history":[{"count":0,"href":"https:\/\/www.carideal.com\/blog\/wp-json\/wp\/v2\/posts\/877\/revisions"}],"wp:featuredmedia":[{"embeddable":true,"href":"https:\/\/www.carideal.com\/blog\/wp-json\/wp\/v2\/media\/20758"}],"wp:attachment":[{"href":"https:\/\/www.carideal.com\/blog\/wp-json\/wp\/v2\/media?parent=877"}],"wp:term":[{"taxonomy":"category","embeddable":true,"href":"https:\/\/www.carideal.com\/blog\/wp-json\/wp\/v2\/categories?post=877"},{"taxonomy":"post_tag","embeddable":true,"href":"https:\/\/www.carideal.com\/blog\/wp-json\/wp\/v2\/tags?post=877"}],"curies":[{"name":"wp","href":"https:\/\/api.w.org\/{rel}","templated":true}]}}